{"id":92274,"date":"2022-09-27T08:38:12","date_gmt":"2022-09-27T11:38:12","guid":{"rendered":"https:\/\/redenoticiaz.com.br\/barretos-regiao\/sp\/2022\/09\/27\/a-prisao-de-eleitores-esta-proibida-no-brasil"},"modified":"2022-09-27T08:38:12","modified_gmt":"2022-09-27T11:38:12","slug":"a-prisao-de-eleitores-esta-proibida-no-brasil","status":"publish","type":"post","link":"https:\/\/redenoticiaz.com.br\/ribeiraopreto-regiao\/sp\/2022\/09\/27\/a-prisao-de-eleitores-esta-proibida-no-brasil","title":{"rendered":"A pris\u00e3o de eleitores est\u00e1 proibida no Brasil"},"content":{"rendered":"<p>Chegou a t\u00e3o aguardada semana das Elei\u00e7\u00f5es Gerais e agora <strong>nenhum eleitor poder\u00e1 ser preso no Brasil<\/strong>, com o objetivo de que exer\u00e7a a cidadania para votar. Por\u00e9m as exce\u00e7\u00f5es para que as pris\u00f5es aconte\u00e7am s\u00e3o quando a pessoa seja pega em flagrante ou condenado por crime inafian\u00e7\u00e1vel.<img decoding=\"async\" src=\"https:\/\/agenciabrasil.ebc.com.br\/ebc.png?id=1484468&amp;o=node\" \/><img decoding=\"async\" src=\"https:\/\/agenciabrasil.ebc.com.br\/ebc.gif?id=1484468&amp;o=node\" \/><\/p>\n<p>Al\u00e9m disso, a outra exce\u00e7\u00e3o \u00e9 se a pessoa impedir o salvo conduto (direito de transitar) de outro cidad\u00e3o, prejudicando assim o livre exerc\u00edcio do voto. Quem for pego praticando o delito poder\u00e1 ser preso pela autoridade policial.<\/p>\n<p>A regra e as exce\u00e7\u00f5es constam no Artigo 236 do C\u00f3digo Eleitoral (Lei 4.737\/1965). A l\u00f3gica do dispositivo, herdado de normas eleitorais antigas, \u00e9 impedir que alguma autoridade utilize seu poder de pris\u00e3o para interferir no resultado das elei\u00e7\u00f5es. O artigo \u00e9 o mesmo\u00a0que veda a <a href=\"https:\/\/agenciabrasil.ebc.com.br\/politica\/noticia\/2022-09\/nenhum-candidato-podera-ser-preso-partir-deste-sabado\" target=\"_blank\" rel=\"noopener\">pris\u00e3o de candidatos<\/a>, fiscais eleitorais, mes\u00e1rios e delegados de partidos nos 15 dias que antecedem o pleito.<\/p>\n<p>A veda\u00e7\u00e3o n\u00e3o se aplica a quem for pego cometendo crime, ou logo depois de comet\u00ea-lo. Isso inclui crimes eleitorais. No dia da vota\u00e7\u00e3o, por exemplo, poder\u00e1 ser detido quem desrespeitar algumas proibi\u00e7\u00f5es, como fazer propaganda de boca de urna, tentar arregimentar eleitores, usar equipamento de som na rua e promover com\u00edcios, entre outros.<\/p>\n<h3>Novidade na lei<\/h3>\n<p>Neste ano, o Tribunal Superior Eleitoral (TSE) decidiu proibir a presen\u00e7a de armas de fogo num raio de 100 metros de qualquer se\u00e7\u00e3o eleitoral. As poucas exce\u00e7\u00f5es incluem apenas agentes de seguran\u00e7a. A regra vale mesmo para quem possui permiss\u00e3o para o porte e vigora nas 48 horas que antecedem o pleito at\u00e9 as 24 horas que o sucedem.<\/p>\n<p>A pol\u00edcia tamb\u00e9m n\u00e3o est\u00e1 impedida de prender quem j\u00e1 tenha sido condenado por crime hediondo \u2013 por exemplo, tr\u00e1fico, homic\u00eddio qualificado, estupro, roubo a m\u00e3o armada, entre outros (Lei 8.072\/1990). A proibi\u00e7\u00e3o de pris\u00f5es tamb\u00e9m s\u00f3 atinge quem for eleitor, ou seja, quem tiver\u00a0gozo do direito pol\u00edtico de votar.<\/p>\n<p>No caso de qualquer pris\u00e3o, a partir desta\u00a0<span id=\"OBJ_PREFIX_DWT423_com_zimbra_date\" role=\"link\">ter<\/span>\u00e7a-feira (26)\u00a0a previs\u00e3o \u00e9 que o detido seja levado \u00e0 presen\u00e7a de um juiz para que seja verificada a legalidade do ato. Caso seja constatada alguma ilegalidade, o respons\u00e1vel pela pris\u00e3o pode ser responsabilizado. A pena prevista \u00e9 de quatro\u00a0anos de reclus\u00e3o.<\/p>\n<p><strong>LEIA TAMB\u00c9M<\/strong><\/p>\n<p><a href=\"https:\/\/redenoticiaz.com.br\/blog\/2022\/09\/26\/lula-sobe-na-lideranca-de-intencoes-de-voto-aponta-ipec\">Lula sobe na lideran\u00e7a de inten\u00e7\u00f5es de voto, aponta IPEC<\/a><\/p>\n","protected":false},"excerpt":{"rendered":"<p>Chegou a t\u00e3o aguardada semana das Elei\u00e7\u00f5es Gerais e agora nenhum eleitor poder\u00e1 ser preso no Brasil, com o objetivo de que exer\u00e7a a cidadania para votar. Por\u00e9m as exce\u00e7\u00f5es para que as pris\u00f5es aconte\u00e7am s\u00e3o quando a pessoa seja pega em flagrante ou condenado por crime inafian\u00e7\u00e1vel. Al\u00e9m disso, a outra exce\u00e7\u00e3o \u00e9 se &hellip;<\/p>\n","protected":false},"author":6,"featured_media":92275,"comment_status":"open","ping_status":"closed","sticky":false,"template":"","format":"standard","meta":{"footnotes":""},"categories":[9271,683,88],"tags":[70,20651,20652,20653,6279],"class_list":["post-92274","post","type-post","status-publish","format-standard","has-post-thumbnail","hentry","category-eleicoes","category-justica","category-policia","tag-brasil","tag-eleicoes-gerais","tag-prisao-de-eleitores","tag-prisoes-proibidas","tag-tribunal-superior-eleitoral"],"yoast_head":"<!-- This site is optimized with the Yoast SEO plugin v27.4 - https:\/\/yoast.com\/product\/yoast-seo-wordpress\/ -->\n<title>A pris\u00e3o de eleitores est\u00e1 proibida no Brasil - Ribeir\u00e3o Preto e Regi\u00e3o<\/title>\n<meta name=\"description\" content=\"Chegou a t\u00e3o aguardada semana das Elei\u00e7\u00f5es Gerais e agora nenhum eleitor poder\u00e1 ser preso no Brasil, com o objetivo de que exer\u00e7a\" \/>\n<meta name=\"robots\" content=\"index, follow, max-snippet:-1, max-image-preview:large, max-video-preview:-1\" \/>\n<link rel=\"canonical\" href=\"https:\/\/redenoticiaz.com.br\/ribeiraopreto-regiao\/sp\/2022\/09\/27\/a-prisao-de-eleitores-esta-proibida-no-brasil\" \/>\n<meta property=\"og:locale\" content=\"pt_BR\" \/>\n<meta property=\"og:type\" content=\"article\" \/>\n<meta property=\"og:title\" content=\"A pris\u00e3o de eleitores est\u00e1 proibida no Brasil - Ribeir\u00e3o Preto e Regi\u00e3o\" \/>\n<meta property=\"og:description\" content=\"Chegou a t\u00e3o aguardada semana das Elei\u00e7\u00f5es Gerais e agora nenhum eleitor poder\u00e1 ser preso no Brasil, com o objetivo de que exer\u00e7a\" \/>\n<meta property=\"og:url\" content=\"https:\/\/redenoticiaz.com.br\/ribeiraopreto-regiao\/sp\/2022\/09\/27\/a-prisao-de-eleitores-esta-proibida-no-brasil\" \/>\n<meta property=\"og:site_name\" content=\"Ribeir\u00e3o Preto e Regi\u00e3o\" \/>\n<meta property=\"article:publisher\" content=\"https:\/\/m.facebook.com\/redenoticiaz.barretos\" \/>\n<meta property=\"article:published_time\" content=\"2022-09-27T11:38:12+00:00\" \/>\n<meta property=\"og:image\" content=\"https:\/\/redenoticiaz.com.br\/ribeiraopreto-regiao\/wp-content\/uploads\/sites\/4\/2022\/02\/logo.jpg\" \/>\n\t<meta property=\"og:image:width\" content=\"400\" \/>\n\t<meta property=\"og:image:height\" content=\"250\" \/>\n\t<meta property=\"og:image:type\" content=\"image\/jpeg\" \/>\n<meta name=\"author\" content=\"Leonardo Francisco\" \/>\n<meta name=\"twitter:card\" content=\"summary_large_image\" \/>\n<meta name=\"twitter:creator\" content=\"@RN_barretos\" \/>\n<meta name=\"twitter:site\" content=\"@RN_barretos\" \/>\n<meta name=\"twitter:label1\" content=\"Escrito por\" \/>\n\t<meta name=\"twitter:data1\" content=\"Leonardo Francisco\" \/>\n\t<meta name=\"twitter:label2\" content=\"Est. tempo de leitura\" \/>\n\t<meta name=\"twitter:data2\" content=\"3 minutos\" \/>\n<script type=\"application\/ld+json\" class=\"yoast-schema-graph\">{\"@context\":\"https:\\\/\\\/schema.org\",\"@graph\":[{\"@type\":\"Article\",\"@id\":\"https:\\\/\\\/redenoticiaz.com.br\\\/ribeiraopreto-regiao\\\/sp\\\/2022\\\/09\\\/27\\\/a-prisao-de-eleitores-esta-proibida-no-brasil#article\",\"isPartOf\":{\"@id\":\"https:\\\/\\\/redenoticiaz.com.br\\\/ribeiraopreto-regiao\\\/sp\\\/2022\\\/09\\\/27\\\/a-prisao-de-eleitores-esta-proibida-no-brasil\"},\"author\":{\"name\":\"Leonardo Francisco\",\"@id\":\"https:\\\/\\\/redenoticiaz.com.br\\\/ribeiraopreto-regiao\\\/#\\\/schema\\\/person\\\/0f0b8a5bdafefe82841e07ae8d81ecb3\"},\"headline\":\"A pris\u00e3o de eleitores est\u00e1 proibida no Brasil\",\"datePublished\":\"2022-09-27T11:38:12+00:00\",\"mainEntityOfPage\":{\"@id\":\"https:\\\/\\\/redenoticiaz.com.br\\\/ribeiraopreto-regiao\\\/sp\\\/2022\\\/09\\\/27\\\/a-prisao-de-eleitores-esta-proibida-no-brasil\"},\"wordCount\":426,\"commentCount\":0,\"publisher\":{\"@id\":\"https:\\\/\\\/redenoticiaz.com.br\\\/ribeiraopreto-regiao\\\/#organization\"},\"image\":{\"@id\":\"https:\\\/\\\/redenoticiaz.com.br\\\/ribeiraopreto-regiao\\\/sp\\\/2022\\\/09\\\/27\\\/a-prisao-de-eleitores-esta-proibida-no-brasil#primaryimage\"},\"thumbnailUrl\":\"https:\\\/\\\/redenoticiaz.com.br\\\/ribeiraopreto-regiao\\\/wp-content\\\/uploads\\\/sites\\\/4\\\/2022\\\/09\\\/TSE.jpg?v=1664278629\",\"keywords\":[\"Brasil\",\"ELEI\u00c7\u00d5ES GERAIS\",\"PRIS\u00c3O DE ELEITORES\",\"PRIS\u00d5ES PROIBIDAS\",\"TRIBUNAL SUPERIOR ELEITORAL\"],\"articleSection\":[\"Elei\u00e7\u00f5es\",\"Justi\u00e7a\",\"Pol\u00edcia\"],\"inLanguage\":\"pt-BR\",\"potentialAction\":[{\"@type\":\"CommentAction\",\"name\":\"Comment\",\"target\":[\"https:\\\/\\\/redenoticiaz.com.br\\\/ribeiraopreto-regiao\\\/sp\\\/2022\\\/09\\\/27\\\/a-prisao-de-eleitores-esta-proibida-no-brasil#respond\"]}]},{\"@type\":\"WebPage\",\"@id\":\"https:\\\/\\\/redenoticiaz.com.br\\\/ribeiraopreto-regiao\\\/sp\\\/2022\\\/09\\\/27\\\/a-prisao-de-eleitores-esta-proibida-no-brasil\",\"url\":\"https:\\\/\\\/redenoticiaz.com.br\\\/ribeiraopreto-regiao\\\/sp\\\/2022\\\/09\\\/27\\\/a-prisao-de-eleitores-esta-proibida-no-brasil\",\"name\":\"A pris\u00e3o de eleitores est\u00e1 proibida no Brasil - Ribeir\u00e3o Preto e Regi\u00e3o\",\"isPartOf\":{\"@id\":\"https:\\\/\\\/redenoticiaz.com.br\\\/ribeiraopreto-regiao\\\/#website\"},\"primaryImageOfPage\":{\"@id\":\"https:\\\/\\\/redenoticiaz.com.br\\\/ribeiraopreto-regiao\\\/sp\\\/2022\\\/09\\\/27\\\/a-prisao-de-eleitores-esta-proibida-no-brasil#primaryimage\"},\"image\":{\"@id\":\"https:\\\/\\\/redenoticiaz.com.br\\\/ribeiraopreto-regiao\\\/sp\\\/2022\\\/09\\\/27\\\/a-prisao-de-eleitores-esta-proibida-no-brasil#primaryimage\"},\"thumbnailUrl\":\"https:\\\/\\\/redenoticiaz.com.br\\\/ribeiraopreto-regiao\\\/wp-content\\\/uploads\\\/sites\\\/4\\\/2022\\\/09\\\/TSE.jpg?v=1664278629\",\"datePublished\":\"2022-09-27T11:38:12+00:00\",\"description\":\"Chegou a t\u00e3o aguardada semana das Elei\u00e7\u00f5es Gerais e agora nenhum eleitor poder\u00e1 ser preso no Brasil, com o objetivo de que exer\u00e7a\",\"inLanguage\":\"pt-BR\",\"potentialAction\":[{\"@type\":\"ReadAction\",\"target\":[\"https:\\\/\\\/redenoticiaz.com.br\\\/ribeiraopreto-regiao\\\/sp\\\/2022\\\/09\\\/27\\\/a-prisao-de-eleitores-esta-proibida-no-brasil\"]}]},{\"@type\":\"ImageObject\",\"inLanguage\":\"pt-BR\",\"@id\":\"https:\\\/\\\/redenoticiaz.com.br\\\/ribeiraopreto-regiao\\\/sp\\\/2022\\\/09\\\/27\\\/a-prisao-de-eleitores-esta-proibida-no-brasil#primaryimage\",\"url\":\"https:\\\/\\\/redenoticiaz.com.br\\\/ribeiraopreto-regiao\\\/wp-content\\\/uploads\\\/sites\\\/4\\\/2022\\\/09\\\/TSE.jpg?v=1664278629\",\"contentUrl\":\"https:\\\/\\\/redenoticiaz.com.br\\\/ribeiraopreto-regiao\\\/wp-content\\\/uploads\\\/sites\\\/4\\\/2022\\\/09\\\/TSE.jpg?v=1664278629\",\"width\":1170,\"height\":700,\"caption\":\"Edif\u00edcio sede do Tribunal Superior Eleitoral (TSE). Cr\u00e9ditos: Ag\u00eancia Brasil\"},{\"@type\":\"WebSite\",\"@id\":\"https:\\\/\\\/redenoticiaz.com.br\\\/ribeiraopreto-regiao\\\/#website\",\"url\":\"https:\\\/\\\/redenoticiaz.com.br\\\/ribeiraopreto-regiao\\\/\",\"name\":\"Ribeir\u00e3o Preto e Regi\u00e3o\",\"description\":\"Rede NoticiaZ - Ribeir\u00e3o Preto e regi\u00e3o\",\"publisher\":{\"@id\":\"https:\\\/\\\/redenoticiaz.com.br\\\/ribeiraopreto-regiao\\\/#organization\"},\"potentialAction\":[{\"@type\":\"SearchAction\",\"target\":{\"@type\":\"EntryPoint\",\"urlTemplate\":\"https:\\\/\\\/redenoticiaz.com.br\\\/ribeiraopreto-regiao\\\/?s={search_term_string}\"},\"query-input\":{\"@type\":\"PropertyValueSpecification\",\"valueRequired\":true,\"valueName\":\"search_term_string\"}}],\"inLanguage\":\"pt-BR\"},{\"@type\":\"Organization\",\"@id\":\"https:\\\/\\\/redenoticiaz.com.br\\\/ribeiraopreto-regiao\\\/#organization\",\"name\":\"Ribeir\u00e3o Preto e Regi\u00e3o\",\"url\":\"https:\\\/\\\/redenoticiaz.com.br\\\/ribeiraopreto-regiao\\\/\",\"logo\":{\"@type\":\"ImageObject\",\"inLanguage\":\"pt-BR\",\"@id\":\"https:\\\/\\\/redenoticiaz.com.br\\\/ribeiraopreto-regiao\\\/#\\\/schema\\\/logo\\\/image\\\/\",\"url\":\"https:\\\/\\\/redenoticiaz.com.br\\\/barretos-regiao\\\/wp-content\\\/uploads\\\/sites\\\/4\\\/2022\\\/02\\\/logo.jpg\",\"contentUrl\":\"https:\\\/\\\/redenoticiaz.com.br\\\/barretos-regiao\\\/wp-content\\\/uploads\\\/sites\\\/4\\\/2022\\\/02\\\/logo.jpg\",\"width\":400,\"height\":250,\"caption\":\"Ribeir\u00e3o Preto e Regi\u00e3o\"},\"image\":{\"@id\":\"https:\\\/\\\/redenoticiaz.com.br\\\/ribeiraopreto-regiao\\\/#\\\/schema\\\/logo\\\/image\\\/\"},\"sameAs\":[\"https:\\\/\\\/m.facebook.com\\\/redenoticiaz.barretos\",\"https:\\\/\\\/x.com\\\/RN_barretos\",\"https:\\\/\\\/www.instagram.com\\\/redenoticiaz.barretos\\\/?igshid=YmMyMTA2M2Y\",\"https:\\\/\\\/www.linkedin.com\\\/company\\\/rede-noticiaz-barretos-e-regio\\\/\"]},{\"@type\":\"Person\",\"@id\":\"https:\\\/\\\/redenoticiaz.com.br\\\/ribeiraopreto-regiao\\\/#\\\/schema\\\/person\\\/0f0b8a5bdafefe82841e07ae8d81ecb3\",\"name\":\"Leonardo Francisco\",\"image\":{\"@type\":\"ImageObject\",\"inLanguage\":\"pt-BR\",\"@id\":\"https:\\\/\\\/secure.gravatar.com\\\/avatar\\\/a7358cb406a99b682ec6df1e77e31ae82e63601f6784e8a3df411d72b37864da?s=96&d=mm&r=g\",\"url\":\"https:\\\/\\\/secure.gravatar.com\\\/avatar\\\/a7358cb406a99b682ec6df1e77e31ae82e63601f6784e8a3df411d72b37864da?s=96&d=mm&r=g\",\"contentUrl\":\"https:\\\/\\\/secure.gravatar.com\\\/avatar\\\/a7358cb406a99b682ec6df1e77e31ae82e63601f6784e8a3df411d72b37864da?s=96&d=mm&r=g\",\"caption\":\"Leonardo Francisco\"},\"url\":\"https:\\\/\\\/redenoticiaz.com.br\\\/ribeiraopreto-regiao\\\/sp\\\/author\\\/leonardo-francisco\"}]}<\/script>\n<!-- \/ Yoast SEO plugin. -->","yoast_head_json":{"title":"A pris\u00e3o de eleitores est\u00e1 proibida no Brasil - Ribeir\u00e3o Preto e Regi\u00e3o","description":"Chegou a t\u00e3o aguardada semana das Elei\u00e7\u00f5es Gerais e agora nenhum eleitor poder\u00e1 ser preso no Brasil, com o objetivo de que exer\u00e7a","robots":{"index":"index","follow":"follow","max-snippet":"max-snippet:-1","max-image-preview":"max-image-preview:large","max-video-preview":"max-video-preview:-1"},"canonical":"https:\/\/redenoticiaz.com.br\/ribeiraopreto-regiao\/sp\/2022\/09\/27\/a-prisao-de-eleitores-esta-proibida-no-brasil","og_locale":"pt_BR","og_type":"article","og_title":"A pris\u00e3o de eleitores est\u00e1 proibida no Brasil - Ribeir\u00e3o Preto e Regi\u00e3o","og_description":"Chegou a t\u00e3o aguardada semana das Elei\u00e7\u00f5es Gerais e agora nenhum eleitor poder\u00e1 ser preso no Brasil, com o objetivo de que exer\u00e7a","og_url":"https:\/\/redenoticiaz.com.br\/ribeiraopreto-regiao\/sp\/2022\/09\/27\/a-prisao-de-eleitores-esta-proibida-no-brasil","og_site_name":"Ribeir\u00e3o Preto e Regi\u00e3o","article_publisher":"https:\/\/m.facebook.com\/redenoticiaz.barretos","article_published_time":"2022-09-27T11:38:12+00:00","og_image":[{"width":400,"height":250,"url":"https:\/\/redenoticiaz.com.br\/ribeiraopreto-regiao\/wp-content\/uploads\/sites\/4\/2022\/02\/logo.jpg","type":"image\/jpeg"}],"author":"Leonardo Francisco","twitter_card":"summary_large_image","twitter_creator":"@RN_barretos","twitter_site":"@RN_barretos","twitter_misc":{"Escrito por":"Leonardo Francisco","Est. tempo de leitura":"3 minutos"},"schema":{"@context":"https:\/\/schema.org","@graph":[{"@type":"Article","@id":"https:\/\/redenoticiaz.com.br\/ribeiraopreto-regiao\/sp\/2022\/09\/27\/a-prisao-de-eleitores-esta-proibida-no-brasil#article","isPartOf":{"@id":"https:\/\/redenoticiaz.com.br\/ribeiraopreto-regiao\/sp\/2022\/09\/27\/a-prisao-de-eleitores-esta-proibida-no-brasil"},"author":{"name":"Leonardo Francisco","@id":"https:\/\/redenoticiaz.com.br\/ribeiraopreto-regiao\/#\/schema\/person\/0f0b8a5bdafefe82841e07ae8d81ecb3"},"headline":"A pris\u00e3o de eleitores est\u00e1 proibida no Brasil","datePublished":"2022-09-27T11:38:12+00:00","mainEntityOfPage":{"@id":"https:\/\/redenoticiaz.com.br\/ribeiraopreto-regiao\/sp\/2022\/09\/27\/a-prisao-de-eleitores-esta-proibida-no-brasil"},"wordCount":426,"commentCount":0,"publisher":{"@id":"https:\/\/redenoticiaz.com.br\/ribeiraopreto-regiao\/#organization"},"image":{"@id":"https:\/\/redenoticiaz.com.br\/ribeiraopreto-regiao\/sp\/2022\/09\/27\/a-prisao-de-eleitores-esta-proibida-no-brasil#primaryimage"},"thumbnailUrl":"https:\/\/redenoticiaz.com.br\/ribeiraopreto-regiao\/wp-content\/uploads\/sites\/4\/2022\/09\/TSE.jpg?v=1664278629","keywords":["Brasil","ELEI\u00c7\u00d5ES GERAIS","PRIS\u00c3O DE ELEITORES","PRIS\u00d5ES PROIBIDAS","TRIBUNAL SUPERIOR ELEITORAL"],"articleSection":["Elei\u00e7\u00f5es","Justi\u00e7a","Pol\u00edcia"],"inLanguage":"pt-BR","potentialAction":[{"@type":"CommentAction","name":"Comment","target":["https:\/\/redenoticiaz.com.br\/ribeiraopreto-regiao\/sp\/2022\/09\/27\/a-prisao-de-eleitores-esta-proibida-no-brasil#respond"]}]},{"@type":"WebPage","@id":"https:\/\/redenoticiaz.com.br\/ribeiraopreto-regiao\/sp\/2022\/09\/27\/a-prisao-de-eleitores-esta-proibida-no-brasil","url":"https:\/\/redenoticiaz.com.br\/ribeiraopreto-regiao\/sp\/2022\/09\/27\/a-prisao-de-eleitores-esta-proibida-no-brasil","name":"A pris\u00e3o de eleitores est\u00e1 proibida no Brasil - Ribeir\u00e3o Preto e Regi\u00e3o","isPartOf":{"@id":"https:\/\/redenoticiaz.com.br\/ribeiraopreto-regiao\/#website"},"primaryImageOfPage":{"@id":"https:\/\/redenoticiaz.com.br\/ribeiraopreto-regiao\/sp\/2022\/09\/27\/a-prisao-de-eleitores-esta-proibida-no-brasil#primaryimage"},"image":{"@id":"https:\/\/redenoticiaz.com.br\/ribeiraopreto-regiao\/sp\/2022\/09\/27\/a-prisao-de-eleitores-esta-proibida-no-brasil#primaryimage"},"thumbnailUrl":"https:\/\/redenoticiaz.com.br\/ribeiraopreto-regiao\/wp-content\/uploads\/sites\/4\/2022\/09\/TSE.jpg?v=1664278629","datePublished":"2022-09-27T11:38:12+00:00","description":"Chegou a t\u00e3o aguardada semana das Elei\u00e7\u00f5es Gerais e agora nenhum eleitor poder\u00e1 ser preso no Brasil, com o objetivo de que exer\u00e7a","inLanguage":"pt-BR","potentialAction":[{"@type":"ReadAction","target":["https:\/\/redenoticiaz.com.br\/ribeiraopreto-regiao\/sp\/2022\/09\/27\/a-prisao-de-eleitores-esta-proibida-no-brasil"]}]},{"@type":"ImageObject","inLanguage":"pt-BR","@id":"https:\/\/redenoticiaz.com.br\/ribeiraopreto-regiao\/sp\/2022\/09\/27\/a-prisao-de-eleitores-esta-proibida-no-brasil#primaryimage","url":"https:\/\/redenoticiaz.com.br\/ribeiraopreto-regiao\/wp-content\/uploads\/sites\/4\/2022\/09\/TSE.jpg?v=1664278629","contentUrl":"https:\/\/redenoticiaz.com.br\/ribeiraopreto-regiao\/wp-content\/uploads\/sites\/4\/2022\/09\/TSE.jpg?v=1664278629","width":1170,"height":700,"caption":"Edif\u00edcio sede do Tribunal Superior Eleitoral (TSE). Cr\u00e9ditos: Ag\u00eancia Brasil"},{"@type":"WebSite","@id":"https:\/\/redenoticiaz.com.br\/ribeiraopreto-regiao\/#website","url":"https:\/\/redenoticiaz.com.br\/ribeiraopreto-regiao\/","name":"Ribeir\u00e3o Preto e Regi\u00e3o","description":"Rede NoticiaZ - Ribeir\u00e3o Preto e regi\u00e3o","publisher":{"@id":"https:\/\/redenoticiaz.com.br\/ribeiraopreto-regiao\/#organization"},"potentialAction":[{"@type":"SearchAction","target":{"@type":"EntryPoint","urlTemplate":"https:\/\/redenoticiaz.com.br\/ribeiraopreto-regiao\/?s={search_term_string}"},"query-input":{"@type":"PropertyValueSpecification","valueRequired":true,"valueName":"search_term_string"}}],"inLanguage":"pt-BR"},{"@type":"Organization","@id":"https:\/\/redenoticiaz.com.br\/ribeiraopreto-regiao\/#organization","name":"Ribeir\u00e3o Preto e Regi\u00e3o","url":"https:\/\/redenoticiaz.com.br\/ribeiraopreto-regiao\/","logo":{"@type":"ImageObject","inLanguage":"pt-BR","@id":"https:\/\/redenoticiaz.com.br\/ribeiraopreto-regiao\/#\/schema\/logo\/image\/","url":"https:\/\/redenoticiaz.com.br\/barretos-regiao\/wp-content\/uploads\/sites\/4\/2022\/02\/logo.jpg","contentUrl":"https:\/\/redenoticiaz.com.br\/barretos-regiao\/wp-content\/uploads\/sites\/4\/2022\/02\/logo.jpg","width":400,"height":250,"caption":"Ribeir\u00e3o Preto e Regi\u00e3o"},"image":{"@id":"https:\/\/redenoticiaz.com.br\/ribeiraopreto-regiao\/#\/schema\/logo\/image\/"},"sameAs":["https:\/\/m.facebook.com\/redenoticiaz.barretos","https:\/\/x.com\/RN_barretos","https:\/\/www.instagram.com\/redenoticiaz.barretos\/?igshid=YmMyMTA2M2Y","https:\/\/www.linkedin.com\/company\/rede-noticiaz-barretos-e-regio\/"]},{"@type":"Person","@id":"https:\/\/redenoticiaz.com.br\/ribeiraopreto-regiao\/#\/schema\/person\/0f0b8a5bdafefe82841e07ae8d81ecb3","name":"Leonardo Francisco","image":{"@type":"ImageObject","inLanguage":"pt-BR","@id":"https:\/\/secure.gravatar.com\/avatar\/a7358cb406a99b682ec6df1e77e31ae82e63601f6784e8a3df411d72b37864da?s=96&d=mm&r=g","url":"https:\/\/secure.gravatar.com\/avatar\/a7358cb406a99b682ec6df1e77e31ae82e63601f6784e8a3df411d72b37864da?s=96&d=mm&r=g","contentUrl":"https:\/\/secure.gravatar.com\/avatar\/a7358cb406a99b682ec6df1e77e31ae82e63601f6784e8a3df411d72b37864da?s=96&d=mm&r=g","caption":"Leonardo Francisco"},"url":"https:\/\/redenoticiaz.com.br\/ribeiraopreto-regiao\/sp\/author\/leonardo-francisco"}]}},"_links":{"self":[{"href":"https:\/\/redenoticiaz.com.br\/ribeiraopreto-regiao\/wp-json\/wp\/v2\/posts\/92274","targetHints":{"allow":["GET"]}}],"collection":[{"href":"https:\/\/redenoticiaz.com.br\/ribeiraopreto-regiao\/wp-json\/wp\/v2\/posts"}],"about":[{"href":"https:\/\/redenoticiaz.com.br\/ribeiraopreto-regiao\/wp-json\/wp\/v2\/types\/post"}],"author":[{"embeddable":true,"href":"https:\/\/redenoticiaz.com.br\/ribeiraopreto-regiao\/wp-json\/wp\/v2\/users\/6"}],"replies":[{"embeddable":true,"href":"https:\/\/redenoticiaz.com.br\/ribeiraopreto-regiao\/wp-json\/wp\/v2\/comments?post=92274"}],"version-history":[{"count":0,"href":"https:\/\/redenoticiaz.com.br\/ribeiraopreto-regiao\/wp-json\/wp\/v2\/posts\/92274\/revisions"}],"wp:featuredmedia":[{"embeddable":true,"href":"https:\/\/redenoticiaz.com.br\/ribeiraopreto-regiao\/wp-json\/wp\/v2\/media\/92275"}],"wp:attachment":[{"href":"https:\/\/redenoticiaz.com.br\/ribeiraopreto-regiao\/wp-json\/wp\/v2\/media?parent=92274"}],"wp:term":[{"taxonomy":"category","embeddable":true,"href":"https:\/\/redenoticiaz.com.br\/ribeiraopreto-regiao\/wp-json\/wp\/v2\/categories?post=92274"},{"taxonomy":"post_tag","embeddable":true,"href":"https:\/\/redenoticiaz.com.br\/ribeiraopreto-regiao\/wp-json\/wp\/v2\/tags?post=92274"}],"curies":[{"name":"wp","href":"https:\/\/api.w.org\/{rel}","templated":true}]}}