{"id":92359,"date":"2022-09-28T14:26:35","date_gmt":"2022-09-28T17:26:35","guid":{"rendered":"https:\/\/redenoticiaz.com.br\/barretos-regiao\/?p=92359"},"modified":"2022-09-28T14:26:35","modified_gmt":"2022-09-28T17:26:35","slug":"defensoria-solicita-continuidade-do-bom-prato-movel-ate-o-final-do-ano","status":"publish","type":"post","link":"https:\/\/redenoticiaz.com.br\/ribeiraopreto-regiao\/sp\/2022\/09\/28\/defensoria-solicita-continuidade-do-bom-prato-movel-ate-o-final-do-ano","title":{"rendered":"Defensoria solicita continuidade do Bom Prato M\u00f3vel at\u00e9 o final do ano"},"content":{"rendered":"<p>Em of\u00edcio enviado \u00e0 secretaria municipal de Assist\u00eancia Social, a Defensoria P\u00fablica inquiriu aumentar o tempo de funcionamento do Bom Prato M\u00f3vel.<\/p>\n<p>Segundo o defensor F\u00e1bio Esposto, o programa \u00e9 extraordin\u00e1rio, j\u00e1 que oferecer\u00e1, em bairros pobres da cidade, 300 refei\u00e7\u00f5es di\u00e1rias no per\u00edodo do almo\u00e7o, as quais ser\u00e3o vendidas a R$ 1, conforme divulgado pelo munic\u00edpio.<br \/>\n<em>\u2018Entretanto, seu funcionamento n\u00e3o poder\u00e1 se limitar ao per\u00edodo eleitoral, motivo pelo qual estou indagando sobre se \u00e9 poss\u00edvel que ocorra funcionamento cont\u00ednuo e quais bairros ser\u00e3o contemplados com as refei\u00e7\u00f5es vendidas a R$ 1 at\u00e9 o fim de 2022<\/em>\u2019, explicou Esposto.<\/p>\n<p>Bom Prato, oferece diariamente 1.800 refei\u00e7\u00f5es; s\u00e3o 1.500 no almo\u00e7o (R$ 1,00) e 300 no caf\u00e9 da manh\u00e3 (R$ 0,50). As refei\u00e7\u00f5es ser\u00e3o fornecidas de segunda-feira a sexta-feira, exceto feriados, a partir das 10h30.<\/p>\n<p>VEJA TAMB\u00c9M:\u00a0<a href=\"https:\/\/redenoticiaz.com.br\/barretos-regiao\/sp\/2022\/09\/07\/barretos-passa-a-contar-com-bom-prato-movel\">Barretos passa a contar com Bom Prato M\u00f3vel<\/a><\/p>\n","protected":false},"excerpt":{"rendered":"<p>Em of\u00edcio enviado \u00e0 secretaria municipal de Assist\u00eancia Social, a Defensoria P\u00fablica inquiriu aumentar o tempo de funcionamento do Bom Prato M\u00f3vel. Segundo o defensor F\u00e1bio Esposto, o programa \u00e9 extraordin\u00e1rio, j\u00e1 que oferecer\u00e1, em bairros pobres da cidade, 300 refei\u00e7\u00f5es di\u00e1rias no per\u00edodo do almo\u00e7o, as quais ser\u00e3o vendidas a R$ 1, conforme divulgado &hellip;<\/p>\n","protected":false},"author":15,"featured_media":92360,"comment_status":"open","ping_status":"closed","sticky":false,"template":"","format":"standard","meta":{"footnotes":""},"categories":[252],"tags":[3693,64,20693,20694],"class_list":["post-92359","post","type-post","status-publish","format-standard","has-post-thumbnail","hentry","category-acao-social","tag-atendimento","tag-barretos","tag-bom-prato-movel","tag-solicitacao"],"yoast_head":"<!-- This site is optimized with the Yoast SEO plugin v27.4 - https:\/\/yoast.com\/product\/yoast-seo-wordpress\/ -->\n<title>Defensoria solicita continuidade do Bom Prato M\u00f3vel at\u00e9 o final do ano - Ribeir\u00e3o Preto e Regi\u00e3o<\/title>\n<meta name=\"description\" content=\"Em of\u00edcio enviado \u00e0 secretaria municipal de Assist\u00eancia Social, a Defensoria P\u00fablica inquiriu aumentar o tempo de funcionamento...\" \/>\n<meta name=\"robots\" content=\"index, follow, max-snippet:-1, max-image-preview:large, max-video-preview:-1\" \/>\n<link rel=\"canonical\" href=\"https:\/\/redenoticiaz.com.br\/ribeiraopreto-regiao\/sp\/2022\/09\/28\/defensoria-solicita-continuidade-do-bom-prato-movel-ate-o-final-do-ano\" \/>\n<meta property=\"og:locale\" content=\"pt_BR\" \/>\n<meta property=\"og:type\" content=\"article\" \/>\n<meta property=\"og:title\" content=\"Defensoria solicita continuidade do Bom Prato M\u00f3vel at\u00e9 o final do ano - Ribeir\u00e3o Preto e Regi\u00e3o\" \/>\n<meta property=\"og:description\" content=\"Em of\u00edcio enviado \u00e0 secretaria municipal de Assist\u00eancia Social, a Defensoria P\u00fablica inquiriu aumentar o tempo de funcionamento...\" \/>\n<meta property=\"og:url\" content=\"https:\/\/redenoticiaz.com.br\/ribeiraopreto-regiao\/sp\/2022\/09\/28\/defensoria-solicita-continuidade-do-bom-prato-movel-ate-o-final-do-ano\" \/>\n<meta property=\"og:site_name\" content=\"Ribeir\u00e3o Preto e Regi\u00e3o\" \/>\n<meta property=\"article:publisher\" content=\"https:\/\/m.facebook.com\/redenoticiaz.barretos\" \/>\n<meta property=\"article:published_time\" content=\"2022-09-28T17:26:35+00:00\" \/>\n<meta property=\"og:image\" content=\"https:\/\/redenoticiaz.com.br\/ribeiraopreto-regiao\/wp-content\/uploads\/sites\/4\/2022\/09\/WhatsApp-Image-2022-09-03-at-11.52.55-300x225-1.jpeg\" \/>\n\t<meta property=\"og:image:width\" content=\"300\" \/>\n\t<meta property=\"og:image:height\" content=\"225\" \/>\n\t<meta property=\"og:image:type\" content=\"image\/jpeg\" \/>\n<meta name=\"twitter:card\" content=\"summary_large_image\" \/>\n<meta name=\"twitter:creator\" content=\"@RN_barretos\" \/>\n<meta name=\"twitter:site\" content=\"@RN_barretos\" \/>\n<meta name=\"twitter:label1\" content=\"Escrito por\" \/>\n\t<meta name=\"twitter:data1\" content=\"\" \/>\n\t<meta name=\"twitter:label2\" content=\"Est. tempo de leitura\" \/>\n\t<meta name=\"twitter:data2\" content=\"1 minuto\" \/>\n<script type=\"application\/ld+json\" class=\"yoast-schema-graph\">{\"@context\":\"https:\\\/\\\/schema.org\",\"@graph\":[{\"@type\":\"Article\",\"@id\":\"https:\\\/\\\/redenoticiaz.com.br\\\/ribeiraopreto-regiao\\\/sp\\\/2022\\\/09\\\/28\\\/defensoria-solicita-continuidade-do-bom-prato-movel-ate-o-final-do-ano#article\",\"isPartOf\":{\"@id\":\"https:\\\/\\\/redenoticiaz.com.br\\\/ribeiraopreto-regiao\\\/sp\\\/2022\\\/09\\\/28\\\/defensoria-solicita-continuidade-do-bom-prato-movel-ate-o-final-do-ano\"},\"author\":{\"name\":\"\",\"@id\":\"\"},\"headline\":\"Defensoria solicita continuidade do Bom Prato M\u00f3vel at\u00e9 o final do ano\",\"datePublished\":\"2022-09-28T17:26:35+00:00\",\"mainEntityOfPage\":{\"@id\":\"https:\\\/\\\/redenoticiaz.com.br\\\/ribeiraopreto-regiao\\\/sp\\\/2022\\\/09\\\/28\\\/defensoria-solicita-continuidade-do-bom-prato-movel-ate-o-final-do-ano\"},\"wordCount\":169,\"commentCount\":0,\"publisher\":{\"@id\":\"https:\\\/\\\/redenoticiaz.com.br\\\/ribeiraopreto-regiao\\\/#organization\"},\"image\":{\"@id\":\"https:\\\/\\\/redenoticiaz.com.br\\\/ribeiraopreto-regiao\\\/sp\\\/2022\\\/09\\\/28\\\/defensoria-solicita-continuidade-do-bom-prato-movel-ate-o-final-do-ano#primaryimage\"},\"thumbnailUrl\":\"https:\\\/\\\/redenoticiaz.com.br\\\/ribeiraopreto-regiao\\\/wp-content\\\/uploads\\\/sites\\\/4\\\/2022\\\/09\\\/WhatsApp-Image-2022-09-03-at-11.52.55-300x225-1.jpeg\",\"keywords\":[\"ATENDIMENTO\",\"BARRETOS\",\"BOM PRATO M\u00d3VEL\",\"SOLICITA\u00c7\u00c3O\"],\"articleSection\":[\"A\u00e7\u00e3o Social\"],\"inLanguage\":\"pt-BR\",\"potentialAction\":[{\"@type\":\"CommentAction\",\"name\":\"Comment\",\"target\":[\"https:\\\/\\\/redenoticiaz.com.br\\\/ribeiraopreto-regiao\\\/sp\\\/2022\\\/09\\\/28\\\/defensoria-solicita-continuidade-do-bom-prato-movel-ate-o-final-do-ano#respond\"]}]},{\"@type\":\"WebPage\",\"@id\":\"https:\\\/\\\/redenoticiaz.com.br\\\/ribeiraopreto-regiao\\\/sp\\\/2022\\\/09\\\/28\\\/defensoria-solicita-continuidade-do-bom-prato-movel-ate-o-final-do-ano\",\"url\":\"https:\\\/\\\/redenoticiaz.com.br\\\/ribeiraopreto-regiao\\\/sp\\\/2022\\\/09\\\/28\\\/defensoria-solicita-continuidade-do-bom-prato-movel-ate-o-final-do-ano\",\"name\":\"Defensoria solicita continuidade do Bom Prato M\u00f3vel at\u00e9 o final do ano - Ribeir\u00e3o Preto e Regi\u00e3o\",\"isPartOf\":{\"@id\":\"https:\\\/\\\/redenoticiaz.com.br\\\/ribeiraopreto-regiao\\\/#website\"},\"primaryImageOfPage\":{\"@id\":\"https:\\\/\\\/redenoticiaz.com.br\\\/ribeiraopreto-regiao\\\/sp\\\/2022\\\/09\\\/28\\\/defensoria-solicita-continuidade-do-bom-prato-movel-ate-o-final-do-ano#primaryimage\"},\"image\":{\"@id\":\"https:\\\/\\\/redenoticiaz.com.br\\\/ribeiraopreto-regiao\\\/sp\\\/2022\\\/09\\\/28\\\/defensoria-solicita-continuidade-do-bom-prato-movel-ate-o-final-do-ano#primaryimage\"},\"thumbnailUrl\":\"https:\\\/\\\/redenoticiaz.com.br\\\/ribeiraopreto-regiao\\\/wp-content\\\/uploads\\\/sites\\\/4\\\/2022\\\/09\\\/WhatsApp-Image-2022-09-03-at-11.52.55-300x225-1.jpeg\",\"datePublished\":\"2022-09-28T17:26:35+00:00\",\"description\":\"Em of\u00edcio enviado \u00e0 secretaria municipal de Assist\u00eancia Social, a Defensoria P\u00fablica inquiriu aumentar o tempo de funcionamento...\",\"inLanguage\":\"pt-BR\",\"potentialAction\":[{\"@type\":\"ReadAction\",\"target\":[\"https:\\\/\\\/redenoticiaz.com.br\\\/ribeiraopreto-regiao\\\/sp\\\/2022\\\/09\\\/28\\\/defensoria-solicita-continuidade-do-bom-prato-movel-ate-o-final-do-ano\"]}]},{\"@type\":\"ImageObject\",\"inLanguage\":\"pt-BR\",\"@id\":\"https:\\\/\\\/redenoticiaz.com.br\\\/ribeiraopreto-regiao\\\/sp\\\/2022\\\/09\\\/28\\\/defensoria-solicita-continuidade-do-bom-prato-movel-ate-o-final-do-ano#primaryimage\",\"url\":\"https:\\\/\\\/redenoticiaz.com.br\\\/ribeiraopreto-regiao\\\/wp-content\\\/uploads\\\/sites\\\/4\\\/2022\\\/09\\\/WhatsApp-Image-2022-09-03-at-11.52.55-300x225-1.jpeg\",\"contentUrl\":\"https:\\\/\\\/redenoticiaz.com.br\\\/ribeiraopreto-regiao\\\/wp-content\\\/uploads\\\/sites\\\/4\\\/2022\\\/09\\\/WhatsApp-Image-2022-09-03-at-11.52.55-300x225-1.jpeg\",\"width\":300,\"height\":225,\"caption\":\"Cr\u00e9dito: Reprodu\u00e7\u00e3o\"},{\"@type\":\"WebSite\",\"@id\":\"https:\\\/\\\/redenoticiaz.com.br\\\/ribeiraopreto-regiao\\\/#website\",\"url\":\"https:\\\/\\\/redenoticiaz.com.br\\\/ribeiraopreto-regiao\\\/\",\"name\":\"Ribeir\u00e3o Preto e Regi\u00e3o\",\"description\":\"Rede NoticiaZ - Ribeir\u00e3o Preto e regi\u00e3o\",\"publisher\":{\"@id\":\"https:\\\/\\\/redenoticiaz.com.br\\\/ribeiraopreto-regiao\\\/#organization\"},\"potentialAction\":[{\"@type\":\"SearchAction\",\"target\":{\"@type\":\"EntryPoint\",\"urlTemplate\":\"https:\\\/\\\/redenoticiaz.com.br\\\/ribeiraopreto-regiao\\\/?s={search_term_string}\"},\"query-input\":{\"@type\":\"PropertyValueSpecification\",\"valueRequired\":true,\"valueName\":\"search_term_string\"}}],\"inLanguage\":\"pt-BR\"},{\"@type\":\"Organization\",\"@id\":\"https:\\\/\\\/redenoticiaz.com.br\\\/ribeiraopreto-regiao\\\/#organization\",\"name\":\"Ribeir\u00e3o Preto e Regi\u00e3o\",\"url\":\"https:\\\/\\\/redenoticiaz.com.br\\\/ribeiraopreto-regiao\\\/\",\"logo\":{\"@type\":\"ImageObject\",\"inLanguage\":\"pt-BR\",\"@id\":\"https:\\\/\\\/redenoticiaz.com.br\\\/ribeiraopreto-regiao\\\/#\\\/schema\\\/logo\\\/image\\\/\",\"url\":\"https:\\\/\\\/redenoticiaz.com.br\\\/barretos-regiao\\\/wp-content\\\/uploads\\\/sites\\\/4\\\/2022\\\/02\\\/logo.jpg\",\"contentUrl\":\"https:\\\/\\\/redenoticiaz.com.br\\\/barretos-regiao\\\/wp-content\\\/uploads\\\/sites\\\/4\\\/2022\\\/02\\\/logo.jpg\",\"width\":400,\"height\":250,\"caption\":\"Ribeir\u00e3o Preto e Regi\u00e3o\"},\"image\":{\"@id\":\"https:\\\/\\\/redenoticiaz.com.br\\\/ribeiraopreto-regiao\\\/#\\\/schema\\\/logo\\\/image\\\/\"},\"sameAs\":[\"https:\\\/\\\/m.facebook.com\\\/redenoticiaz.barretos\",\"https:\\\/\\\/x.com\\\/RN_barretos\",\"https:\\\/\\\/www.instagram.com\\\/redenoticiaz.barretos\\\/?igshid=YmMyMTA2M2Y\",\"https:\\\/\\\/www.linkedin.com\\\/company\\\/rede-noticiaz-barretos-e-regio\\\/\"]},{\"@type\":\"Person\",\"@id\":\"\",\"url\":\"https:\\\/\\\/redenoticiaz.com.br\\\/ribeiraopreto-regiao\\\/sp\\\/author\"}]}<\/script>\n<!-- \/ Yoast SEO plugin. -->","yoast_head_json":{"title":"Defensoria solicita continuidade do Bom Prato M\u00f3vel at\u00e9 o final do ano - Ribeir\u00e3o Preto e Regi\u00e3o","description":"Em of\u00edcio enviado \u00e0 secretaria municipal de Assist\u00eancia Social, a Defensoria P\u00fablica inquiriu aumentar o tempo de funcionamento...","robots":{"index":"index","follow":"follow","max-snippet":"max-snippet:-1","max-image-preview":"max-image-preview:large","max-video-preview":"max-video-preview:-1"},"canonical":"https:\/\/redenoticiaz.com.br\/ribeiraopreto-regiao\/sp\/2022\/09\/28\/defensoria-solicita-continuidade-do-bom-prato-movel-ate-o-final-do-ano","og_locale":"pt_BR","og_type":"article","og_title":"Defensoria solicita continuidade do Bom Prato M\u00f3vel at\u00e9 o final do ano - Ribeir\u00e3o Preto e Regi\u00e3o","og_description":"Em of\u00edcio enviado \u00e0 secretaria municipal de Assist\u00eancia Social, a Defensoria P\u00fablica inquiriu aumentar o tempo de funcionamento...","og_url":"https:\/\/redenoticiaz.com.br\/ribeiraopreto-regiao\/sp\/2022\/09\/28\/defensoria-solicita-continuidade-do-bom-prato-movel-ate-o-final-do-ano","og_site_name":"Ribeir\u00e3o Preto e Regi\u00e3o","article_publisher":"https:\/\/m.facebook.com\/redenoticiaz.barretos","article_published_time":"2022-09-28T17:26:35+00:00","og_image":[{"width":300,"height":225,"url":"https:\/\/redenoticiaz.com.br\/ribeiraopreto-regiao\/wp-content\/uploads\/sites\/4\/2022\/09\/WhatsApp-Image-2022-09-03-at-11.52.55-300x225-1.jpeg","type":"image\/jpeg"}],"twitter_card":"summary_large_image","twitter_creator":"@RN_barretos","twitter_site":"@RN_barretos","twitter_misc":{"Escrito por":"","Est. tempo de leitura":"1 minuto"},"schema":{"@context":"https:\/\/schema.org","@graph":[{"@type":"Article","@id":"https:\/\/redenoticiaz.com.br\/ribeiraopreto-regiao\/sp\/2022\/09\/28\/defensoria-solicita-continuidade-do-bom-prato-movel-ate-o-final-do-ano#article","isPartOf":{"@id":"https:\/\/redenoticiaz.com.br\/ribeiraopreto-regiao\/sp\/2022\/09\/28\/defensoria-solicita-continuidade-do-bom-prato-movel-ate-o-final-do-ano"},"author":{"name":"","@id":""},"headline":"Defensoria solicita continuidade do Bom Prato M\u00f3vel at\u00e9 o final do ano","datePublished":"2022-09-28T17:26:35+00:00","mainEntityOfPage":{"@id":"https:\/\/redenoticiaz.com.br\/ribeiraopreto-regiao\/sp\/2022\/09\/28\/defensoria-solicita-continuidade-do-bom-prato-movel-ate-o-final-do-ano"},"wordCount":169,"commentCount":0,"publisher":{"@id":"https:\/\/redenoticiaz.com.br\/ribeiraopreto-regiao\/#organization"},"image":{"@id":"https:\/\/redenoticiaz.com.br\/ribeiraopreto-regiao\/sp\/2022\/09\/28\/defensoria-solicita-continuidade-do-bom-prato-movel-ate-o-final-do-ano#primaryimage"},"thumbnailUrl":"https:\/\/redenoticiaz.com.br\/ribeiraopreto-regiao\/wp-content\/uploads\/sites\/4\/2022\/09\/WhatsApp-Image-2022-09-03-at-11.52.55-300x225-1.jpeg","keywords":["ATENDIMENTO","BARRETOS","BOM PRATO M\u00d3VEL","SOLICITA\u00c7\u00c3O"],"articleSection":["A\u00e7\u00e3o Social"],"inLanguage":"pt-BR","potentialAction":[{"@type":"CommentAction","name":"Comment","target":["https:\/\/redenoticiaz.com.br\/ribeiraopreto-regiao\/sp\/2022\/09\/28\/defensoria-solicita-continuidade-do-bom-prato-movel-ate-o-final-do-ano#respond"]}]},{"@type":"WebPage","@id":"https:\/\/redenoticiaz.com.br\/ribeiraopreto-regiao\/sp\/2022\/09\/28\/defensoria-solicita-continuidade-do-bom-prato-movel-ate-o-final-do-ano","url":"https:\/\/redenoticiaz.com.br\/ribeiraopreto-regiao\/sp\/2022\/09\/28\/defensoria-solicita-continuidade-do-bom-prato-movel-ate-o-final-do-ano","name":"Defensoria solicita continuidade do Bom Prato M\u00f3vel at\u00e9 o final do ano - Ribeir\u00e3o Preto e Regi\u00e3o","isPartOf":{"@id":"https:\/\/redenoticiaz.com.br\/ribeiraopreto-regiao\/#website"},"primaryImageOfPage":{"@id":"https:\/\/redenoticiaz.com.br\/ribeiraopreto-regiao\/sp\/2022\/09\/28\/defensoria-solicita-continuidade-do-bom-prato-movel-ate-o-final-do-ano#primaryimage"},"image":{"@id":"https:\/\/redenoticiaz.com.br\/ribeiraopreto-regiao\/sp\/2022\/09\/28\/defensoria-solicita-continuidade-do-bom-prato-movel-ate-o-final-do-ano#primaryimage"},"thumbnailUrl":"https:\/\/redenoticiaz.com.br\/ribeiraopreto-regiao\/wp-content\/uploads\/sites\/4\/2022\/09\/WhatsApp-Image-2022-09-03-at-11.52.55-300x225-1.jpeg","datePublished":"2022-09-28T17:26:35+00:00","description":"Em of\u00edcio enviado \u00e0 secretaria municipal de Assist\u00eancia Social, a Defensoria P\u00fablica inquiriu aumentar o tempo de funcionamento...","inLanguage":"pt-BR","potentialAction":[{"@type":"ReadAction","target":["https:\/\/redenoticiaz.com.br\/ribeiraopreto-regiao\/sp\/2022\/09\/28\/defensoria-solicita-continuidade-do-bom-prato-movel-ate-o-final-do-ano"]}]},{"@type":"ImageObject","inLanguage":"pt-BR","@id":"https:\/\/redenoticiaz.com.br\/ribeiraopreto-regiao\/sp\/2022\/09\/28\/defensoria-solicita-continuidade-do-bom-prato-movel-ate-o-final-do-ano#primaryimage","url":"https:\/\/redenoticiaz.com.br\/ribeiraopreto-regiao\/wp-content\/uploads\/sites\/4\/2022\/09\/WhatsApp-Image-2022-09-03-at-11.52.55-300x225-1.jpeg","contentUrl":"https:\/\/redenoticiaz.com.br\/ribeiraopreto-regiao\/wp-content\/uploads\/sites\/4\/2022\/09\/WhatsApp-Image-2022-09-03-at-11.52.55-300x225-1.jpeg","width":300,"height":225,"caption":"Cr\u00e9dito: Reprodu\u00e7\u00e3o"},{"@type":"WebSite","@id":"https:\/\/redenoticiaz.com.br\/ribeiraopreto-regiao\/#website","url":"https:\/\/redenoticiaz.com.br\/ribeiraopreto-regiao\/","name":"Ribeir\u00e3o Preto e Regi\u00e3o","description":"Rede NoticiaZ - Ribeir\u00e3o Preto e regi\u00e3o","publisher":{"@id":"https:\/\/redenoticiaz.com.br\/ribeiraopreto-regiao\/#organization"},"potentialAction":[{"@type":"SearchAction","target":{"@type":"EntryPoint","urlTemplate":"https:\/\/redenoticiaz.com.br\/ribeiraopreto-regiao\/?s={search_term_string}"},"query-input":{"@type":"PropertyValueSpecification","valueRequired":true,"valueName":"search_term_string"}}],"inLanguage":"pt-BR"},{"@type":"Organization","@id":"https:\/\/redenoticiaz.com.br\/ribeiraopreto-regiao\/#organization","name":"Ribeir\u00e3o Preto e Regi\u00e3o","url":"https:\/\/redenoticiaz.com.br\/ribeiraopreto-regiao\/","logo":{"@type":"ImageObject","inLanguage":"pt-BR","@id":"https:\/\/redenoticiaz.com.br\/ribeiraopreto-regiao\/#\/schema\/logo\/image\/","url":"https:\/\/redenoticiaz.com.br\/barretos-regiao\/wp-content\/uploads\/sites\/4\/2022\/02\/logo.jpg","contentUrl":"https:\/\/redenoticiaz.com.br\/barretos-regiao\/wp-content\/uploads\/sites\/4\/2022\/02\/logo.jpg","width":400,"height":250,"caption":"Ribeir\u00e3o Preto e Regi\u00e3o"},"image":{"@id":"https:\/\/redenoticiaz.com.br\/ribeiraopreto-regiao\/#\/schema\/logo\/image\/"},"sameAs":["https:\/\/m.facebook.com\/redenoticiaz.barretos","https:\/\/x.com\/RN_barretos","https:\/\/www.instagram.com\/redenoticiaz.barretos\/?igshid=YmMyMTA2M2Y","https:\/\/www.linkedin.com\/company\/rede-noticiaz-barretos-e-regio\/"]},{"@type":"Person","@id":"","url":"https:\/\/redenoticiaz.com.br\/ribeiraopreto-regiao\/sp\/author"}]}},"_links":{"self":[{"href":"https:\/\/redenoticiaz.com.br\/ribeiraopreto-regiao\/wp-json\/wp\/v2\/posts\/92359","targetHints":{"allow":["GET"]}}],"collection":[{"href":"https:\/\/redenoticiaz.com.br\/ribeiraopreto-regiao\/wp-json\/wp\/v2\/posts"}],"about":[{"href":"https:\/\/redenoticiaz.com.br\/ribeiraopreto-regiao\/wp-json\/wp\/v2\/types\/post"}],"author":[{"embeddable":true,"href":"https:\/\/redenoticiaz.com.br\/ribeiraopreto-regiao\/wp-json\/wp\/v2\/users\/15"}],"replies":[{"embeddable":true,"href":"https:\/\/redenoticiaz.com.br\/ribeiraopreto-regiao\/wp-json\/wp\/v2\/comments?post=92359"}],"version-history":[{"count":1,"href":"https:\/\/redenoticiaz.com.br\/ribeiraopreto-regiao\/wp-json\/wp\/v2\/posts\/92359\/revisions"}],"predecessor-version":[{"id":92361,"href":"https:\/\/redenoticiaz.com.br\/ribeiraopreto-regiao\/wp-json\/wp\/v2\/posts\/92359\/revisions\/92361"}],"wp:featuredmedia":[{"embeddable":true,"href":"https:\/\/redenoticiaz.com.br\/ribeiraopreto-regiao\/wp-json\/wp\/v2\/media\/92360"}],"wp:attachment":[{"href":"https:\/\/redenoticiaz.com.br\/ribeiraopreto-regiao\/wp-json\/wp\/v2\/media?parent=92359"}],"wp:term":[{"taxonomy":"category","embeddable":true,"href":"https:\/\/redenoticiaz.com.br\/ribeiraopreto-regiao\/wp-json\/wp\/v2\/categories?post=92359"},{"taxonomy":"post_tag","embeddable":true,"href":"https:\/\/redenoticiaz.com.br\/ribeiraopreto-regiao\/wp-json\/wp\/v2\/tags?post=92359"}],"curies":[{"name":"wp","href":"https:\/\/api.w.org\/{rel}","templated":true}]}}