{"id":92480,"date":"2022-10-02T10:00:35","date_gmt":"2022-10-02T13:00:35","guid":{"rendered":"https:\/\/redenoticiaz.com.br\/barretos-regiao\/?p=92480"},"modified":"2022-09-29T17:35:56","modified_gmt":"2022-09-29T20:35:56","slug":"leituras-rapidas-colecao-de-textos-curtos-de-ficcao-e-nao-ficcao-de-autores-brasileiros","status":"publish","type":"post","link":"https:\/\/redenoticiaz.com.br\/ribeiraopreto-regiao\/sp\/2022\/10\/02\/leituras-rapidas-colecao-de-textos-curtos-de-ficcao-e-nao-ficcao-de-autores-brasileiros","title":{"rendered":"Leituras R\u00e1pidas: Cole\u00e7\u00e3o de textos curtos de fic\u00e7\u00e3o e n\u00e3o fic\u00e7\u00e3o de autores brasileiros"},"content":{"rendered":"<p dir=\"ltr\">A <a href=\"http:\/\/Amazon.com.br\">Amazon<\/a>\u00a0lan\u00e7a este m\u00eas a segunda temporada da cole\u00e7\u00e3o Leituras R\u00e1pidas, uma s\u00e9rie mensal de textos curtos in\u00e9ditos de fic\u00e7\u00e3o e n\u00e3o fic\u00e7\u00e3o por escritores brasileiros contempor\u00e2neos sobre astrologia, automobilismo, comportamento e psicologia, al\u00e9m dos temas que continuam, como romance, viagem e turismo, economia e finan\u00e7as, entretenimento e atualidades, e poesia.<\/p>\n<p dir=\"ltr\">Ser\u00e3o 22 autores nesta segunda temporada que ir\u00e3o mensalmente publicar novos contos, cr\u00f4nicas, ou poesias, abordando diversos temas.<\/p>\n<p dir=\"ltr\">Nomes como Maria Talism\u00e3, do canal Astroloucamente, Robson Hamuche, do Resili\u00eancia Humana, Andr\u00e9 Silva do Eu Vou Por A\u00ed, Telma Abrah\u00e3o, e Cassio Cortes se juntam ao grupo de autores que j\u00e1 contava com J\u00e9ssica Macedo, Nana Pauvolih, Tatiana Amaral, Grupo Luni5, Igor Marcondes, e outros.<\/p>\n<p dir=\"ltr\">Todas as obras estar\u00e3o dispon\u00edveis sem custo adicional para assinantes do Kindle Unlimited, que t\u00eam acesso a um cat\u00e1logo de mais de 2 milh\u00f5es de eBooks, e para assinantes Prime, que podem acessar centenas de eBooks e revistas digitais pelo Prime Reading.<\/p>\n<p dir=\"ltr\">Todas as obras da primeira temporada da cole\u00e7\u00e3o de eBooks Leituras R\u00e1pidas tamb\u00e9m est\u00e3o dispon\u00edveis em Kindle Unlimited e em Prime Reading. Para os demais consumidores, os eBooks da cole\u00e7\u00e3o Leituras R\u00e1pidas podem ser adquiridos individualmente por R$5,99.<\/p>\n<p dir=\"ltr\">A lista completa de autores participantes e os textos do m\u00eas j\u00e1 est\u00e3o dispon\u00edveis na p\u00e1gina <a href=\"https:\/\/www.amazon.com.br\/leiturasrapidas\" target=\"_blank\" rel=\"noopener noreferrer\">amazon.com.br\/leiturasrapidas<\/a>.<\/p>\n","protected":false},"excerpt":{"rendered":"<p>A Amazon\u00a0lan\u00e7a este m\u00eas a segunda temporada da cole\u00e7\u00e3o Leituras R\u00e1pidas, uma s\u00e9rie mensal de textos curtos in\u00e9ditos de fic\u00e7\u00e3o e n\u00e3o fic\u00e7\u00e3o por escritores brasileiros contempor\u00e2neos sobre astrologia, automobilismo, comportamento e psicologia, al\u00e9m dos temas que continuam, como romance, viagem e turismo, economia e finan\u00e7as, entretenimento e atualidades, e poesia. Ser\u00e3o 22 autores nesta &hellip;<\/p>\n","protected":false},"author":15,"featured_media":92481,"comment_status":"open","ping_status":"closed","sticky":false,"template":"","format":"standard","meta":{"footnotes":""},"categories":[469],"tags":[12579,20754,18593,20753],"class_list":["post-92480","post","type-post","status-publish","format-standard","has-post-thumbnail","hentry","category-cultura","tag-amazon","tag-ficcao","tag-livros","tag-textos-curtos"],"yoast_head":"<!-- This site is optimized with the Yoast SEO plugin v27.4 - https:\/\/yoast.com\/product\/yoast-seo-wordpress\/ -->\n<title>Leituras R\u00e1pidas: Cole\u00e7\u00e3o de textos curtos de fic\u00e7\u00e3o e n\u00e3o fic\u00e7\u00e3o de autores brasileiros - Ribeir\u00e3o Preto e Regi\u00e3o<\/title>\n<meta name=\"description\" content=\"A Amazon lan\u00e7a este m\u00eas a segunda temporada da cole\u00e7\u00e3o Leituras R\u00e1pidas, uma s\u00e9rie mensal de textos curtos in\u00e9ditos de fic\u00e7\u00e3o e n\u00e3o fic\u00e7\u00e3o\" \/>\n<meta name=\"robots\" content=\"index, follow, max-snippet:-1, max-image-preview:large, max-video-preview:-1\" \/>\n<link rel=\"canonical\" href=\"https:\/\/redenoticiaz.com.br\/ribeiraopreto-regiao\/sp\/2022\/10\/02\/leituras-rapidas-colecao-de-textos-curtos-de-ficcao-e-nao-ficcao-de-autores-brasileiros\" \/>\n<meta property=\"og:locale\" content=\"pt_BR\" \/>\n<meta property=\"og:type\" content=\"article\" \/>\n<meta property=\"og:title\" content=\"Leituras R\u00e1pidas: Cole\u00e7\u00e3o de textos curtos de fic\u00e7\u00e3o e n\u00e3o fic\u00e7\u00e3o de autores brasileiros - Ribeir\u00e3o Preto e Regi\u00e3o\" \/>\n<meta property=\"og:description\" content=\"A Amazon lan\u00e7a este m\u00eas a segunda temporada da cole\u00e7\u00e3o Leituras R\u00e1pidas, uma s\u00e9rie mensal de textos curtos in\u00e9ditos de fic\u00e7\u00e3o e n\u00e3o fic\u00e7\u00e3o\" \/>\n<meta property=\"og:url\" content=\"https:\/\/redenoticiaz.com.br\/ribeiraopreto-regiao\/sp\/2022\/10\/02\/leituras-rapidas-colecao-de-textos-curtos-de-ficcao-e-nao-ficcao-de-autores-brasileiros\" \/>\n<meta property=\"og:site_name\" content=\"Ribeir\u00e3o Preto e Regi\u00e3o\" \/>\n<meta property=\"article:publisher\" content=\"https:\/\/m.facebook.com\/redenoticiaz.barretos\" \/>\n<meta property=\"article:published_time\" content=\"2022-10-02T13:00:35+00:00\" \/>\n<meta property=\"og:image\" content=\"https:\/\/redenoticiaz.com.br\/ribeiraopreto-regiao\/wp-content\/uploads\/sites\/4\/2022\/09\/Leituras-Rapidas-Colecao-de-textos-curtos-de-ficcao-e-nao-ficcao-de-autores-brasileiros.png\" \/>\n\t<meta property=\"og:image:width\" content=\"940\" \/>\n\t<meta property=\"og:image:height\" content=\"788\" \/>\n\t<meta property=\"og:image:type\" content=\"image\/png\" \/>\n<meta name=\"twitter:card\" content=\"summary_large_image\" \/>\n<meta name=\"twitter:creator\" content=\"@RN_barretos\" \/>\n<meta name=\"twitter:site\" content=\"@RN_barretos\" \/>\n<meta name=\"twitter:label1\" content=\"Escrito por\" \/>\n\t<meta name=\"twitter:data1\" content=\"\" \/>\n\t<meta name=\"twitter:label2\" content=\"Est. tempo de leitura\" \/>\n\t<meta name=\"twitter:data2\" content=\"2 minutos\" \/>\n<script type=\"application\/ld+json\" class=\"yoast-schema-graph\">{\"@context\":\"https:\\\/\\\/schema.org\",\"@graph\":[{\"@type\":\"Article\",\"@id\":\"https:\\\/\\\/redenoticiaz.com.br\\\/ribeiraopreto-regiao\\\/sp\\\/2022\\\/10\\\/02\\\/leituras-rapidas-colecao-de-textos-curtos-de-ficcao-e-nao-ficcao-de-autores-brasileiros#article\",\"isPartOf\":{\"@id\":\"https:\\\/\\\/redenoticiaz.com.br\\\/ribeiraopreto-regiao\\\/sp\\\/2022\\\/10\\\/02\\\/leituras-rapidas-colecao-de-textos-curtos-de-ficcao-e-nao-ficcao-de-autores-brasileiros\"},\"author\":{\"name\":\"\",\"@id\":\"\"},\"headline\":\"Leituras R\u00e1pidas: Cole\u00e7\u00e3o de textos curtos de fic\u00e7\u00e3o e n\u00e3o fic\u00e7\u00e3o de autores brasileiros\",\"datePublished\":\"2022-10-02T13:00:35+00:00\",\"mainEntityOfPage\":{\"@id\":\"https:\\\/\\\/redenoticiaz.com.br\\\/ribeiraopreto-regiao\\\/sp\\\/2022\\\/10\\\/02\\\/leituras-rapidas-colecao-de-textos-curtos-de-ficcao-e-nao-ficcao-de-autores-brasileiros\"},\"wordCount\":267,\"commentCount\":0,\"publisher\":{\"@id\":\"https:\\\/\\\/redenoticiaz.com.br\\\/ribeiraopreto-regiao\\\/#organization\"},\"image\":{\"@id\":\"https:\\\/\\\/redenoticiaz.com.br\\\/ribeiraopreto-regiao\\\/sp\\\/2022\\\/10\\\/02\\\/leituras-rapidas-colecao-de-textos-curtos-de-ficcao-e-nao-ficcao-de-autores-brasileiros#primaryimage\"},\"thumbnailUrl\":\"https:\\\/\\\/redenoticiaz.com.br\\\/ribeiraopreto-regiao\\\/wp-content\\\/uploads\\\/sites\\\/4\\\/2022\\\/09\\\/Leituras-Rapidas-Colecao-de-textos-curtos-de-ficcao-e-nao-ficcao-de-autores-brasileiros.png\",\"keywords\":[\"AMAZON\",\"FIC\u00c7\u00c3O\",\"LIVROS\",\"TEXTOS CURTOS\"],\"articleSection\":[\"Cultura\"],\"inLanguage\":\"pt-BR\",\"potentialAction\":[{\"@type\":\"CommentAction\",\"name\":\"Comment\",\"target\":[\"https:\\\/\\\/redenoticiaz.com.br\\\/ribeiraopreto-regiao\\\/sp\\\/2022\\\/10\\\/02\\\/leituras-rapidas-colecao-de-textos-curtos-de-ficcao-e-nao-ficcao-de-autores-brasileiros#respond\"]}]},{\"@type\":\"WebPage\",\"@id\":\"https:\\\/\\\/redenoticiaz.com.br\\\/ribeiraopreto-regiao\\\/sp\\\/2022\\\/10\\\/02\\\/leituras-rapidas-colecao-de-textos-curtos-de-ficcao-e-nao-ficcao-de-autores-brasileiros\",\"url\":\"https:\\\/\\\/redenoticiaz.com.br\\\/ribeiraopreto-regiao\\\/sp\\\/2022\\\/10\\\/02\\\/leituras-rapidas-colecao-de-textos-curtos-de-ficcao-e-nao-ficcao-de-autores-brasileiros\",\"name\":\"Leituras R\u00e1pidas: Cole\u00e7\u00e3o de textos curtos de fic\u00e7\u00e3o e n\u00e3o fic\u00e7\u00e3o de autores brasileiros - Ribeir\u00e3o Preto e Regi\u00e3o\",\"isPartOf\":{\"@id\":\"https:\\\/\\\/redenoticiaz.com.br\\\/ribeiraopreto-regiao\\\/#website\"},\"primaryImageOfPage\":{\"@id\":\"https:\\\/\\\/redenoticiaz.com.br\\\/ribeiraopreto-regiao\\\/sp\\\/2022\\\/10\\\/02\\\/leituras-rapidas-colecao-de-textos-curtos-de-ficcao-e-nao-ficcao-de-autores-brasileiros#primaryimage\"},\"image\":{\"@id\":\"https:\\\/\\\/redenoticiaz.com.br\\\/ribeiraopreto-regiao\\\/sp\\\/2022\\\/10\\\/02\\\/leituras-rapidas-colecao-de-textos-curtos-de-ficcao-e-nao-ficcao-de-autores-brasileiros#primaryimage\"},\"thumbnailUrl\":\"https:\\\/\\\/redenoticiaz.com.br\\\/ribeiraopreto-regiao\\\/wp-content\\\/uploads\\\/sites\\\/4\\\/2022\\\/09\\\/Leituras-Rapidas-Colecao-de-textos-curtos-de-ficcao-e-nao-ficcao-de-autores-brasileiros.png\",\"datePublished\":\"2022-10-02T13:00:35+00:00\",\"description\":\"A Amazon lan\u00e7a este m\u00eas a segunda temporada da cole\u00e7\u00e3o Leituras R\u00e1pidas, uma s\u00e9rie mensal de textos curtos in\u00e9ditos de fic\u00e7\u00e3o e n\u00e3o fic\u00e7\u00e3o\",\"inLanguage\":\"pt-BR\",\"potentialAction\":[{\"@type\":\"ReadAction\",\"target\":[\"https:\\\/\\\/redenoticiaz.com.br\\\/ribeiraopreto-regiao\\\/sp\\\/2022\\\/10\\\/02\\\/leituras-rapidas-colecao-de-textos-curtos-de-ficcao-e-nao-ficcao-de-autores-brasileiros\"]}]},{\"@type\":\"ImageObject\",\"inLanguage\":\"pt-BR\",\"@id\":\"https:\\\/\\\/redenoticiaz.com.br\\\/ribeiraopreto-regiao\\\/sp\\\/2022\\\/10\\\/02\\\/leituras-rapidas-colecao-de-textos-curtos-de-ficcao-e-nao-ficcao-de-autores-brasileiros#primaryimage\",\"url\":\"https:\\\/\\\/redenoticiaz.com.br\\\/ribeiraopreto-regiao\\\/wp-content\\\/uploads\\\/sites\\\/4\\\/2022\\\/09\\\/Leituras-Rapidas-Colecao-de-textos-curtos-de-ficcao-e-nao-ficcao-de-autores-brasileiros.png\",\"contentUrl\":\"https:\\\/\\\/redenoticiaz.com.br\\\/ribeiraopreto-regiao\\\/wp-content\\\/uploads\\\/sites\\\/4\\\/2022\\\/09\\\/Leituras-Rapidas-Colecao-de-textos-curtos-de-ficcao-e-nao-ficcao-de-autores-brasileiros.png\",\"width\":940,\"height\":788,\"caption\":\"Cr\u00e9dito: Divulga\u00e7\u00e3o\\\/ Amazon\"},{\"@type\":\"WebSite\",\"@id\":\"https:\\\/\\\/redenoticiaz.com.br\\\/ribeiraopreto-regiao\\\/#website\",\"url\":\"https:\\\/\\\/redenoticiaz.com.br\\\/ribeiraopreto-regiao\\\/\",\"name\":\"Ribeir\u00e3o Preto e Regi\u00e3o\",\"description\":\"Rede NoticiaZ - Ribeir\u00e3o Preto e regi\u00e3o\",\"publisher\":{\"@id\":\"https:\\\/\\\/redenoticiaz.com.br\\\/ribeiraopreto-regiao\\\/#organization\"},\"potentialAction\":[{\"@type\":\"SearchAction\",\"target\":{\"@type\":\"EntryPoint\",\"urlTemplate\":\"https:\\\/\\\/redenoticiaz.com.br\\\/ribeiraopreto-regiao\\\/?s={search_term_string}\"},\"query-input\":{\"@type\":\"PropertyValueSpecification\",\"valueRequired\":true,\"valueName\":\"search_term_string\"}}],\"inLanguage\":\"pt-BR\"},{\"@type\":\"Organization\",\"@id\":\"https:\\\/\\\/redenoticiaz.com.br\\\/ribeiraopreto-regiao\\\/#organization\",\"name\":\"Ribeir\u00e3o Preto e Regi\u00e3o\",\"url\":\"https:\\\/\\\/redenoticiaz.com.br\\\/ribeiraopreto-regiao\\\/\",\"logo\":{\"@type\":\"ImageObject\",\"inLanguage\":\"pt-BR\",\"@id\":\"https:\\\/\\\/redenoticiaz.com.br\\\/ribeiraopreto-regiao\\\/#\\\/schema\\\/logo\\\/image\\\/\",\"url\":\"https:\\\/\\\/redenoticiaz.com.br\\\/barretos-regiao\\\/wp-content\\\/uploads\\\/sites\\\/4\\\/2022\\\/02\\\/logo.jpg\",\"contentUrl\":\"https:\\\/\\\/redenoticiaz.com.br\\\/barretos-regiao\\\/wp-content\\\/uploads\\\/sites\\\/4\\\/2022\\\/02\\\/logo.jpg\",\"width\":400,\"height\":250,\"caption\":\"Ribeir\u00e3o Preto e Regi\u00e3o\"},\"image\":{\"@id\":\"https:\\\/\\\/redenoticiaz.com.br\\\/ribeiraopreto-regiao\\\/#\\\/schema\\\/logo\\\/image\\\/\"},\"sameAs\":[\"https:\\\/\\\/m.facebook.com\\\/redenoticiaz.barretos\",\"https:\\\/\\\/x.com\\\/RN_barretos\",\"https:\\\/\\\/www.instagram.com\\\/redenoticiaz.barretos\\\/?igshid=YmMyMTA2M2Y\",\"https:\\\/\\\/www.linkedin.com\\\/company\\\/rede-noticiaz-barretos-e-regio\\\/\"]},{\"@type\":\"Person\",\"@id\":\"\",\"url\":\"https:\\\/\\\/redenoticiaz.com.br\\\/ribeiraopreto-regiao\\\/sp\\\/author\"}]}<\/script>\n<!-- \/ Yoast SEO plugin. -->","yoast_head_json":{"title":"Leituras R\u00e1pidas: Cole\u00e7\u00e3o de textos curtos de fic\u00e7\u00e3o e n\u00e3o fic\u00e7\u00e3o de autores brasileiros - Ribeir\u00e3o Preto e Regi\u00e3o","description":"A Amazon lan\u00e7a este m\u00eas a segunda temporada da cole\u00e7\u00e3o Leituras R\u00e1pidas, uma s\u00e9rie mensal de textos curtos in\u00e9ditos de fic\u00e7\u00e3o e n\u00e3o fic\u00e7\u00e3o","robots":{"index":"index","follow":"follow","max-snippet":"max-snippet:-1","max-image-preview":"max-image-preview:large","max-video-preview":"max-video-preview:-1"},"canonical":"https:\/\/redenoticiaz.com.br\/ribeiraopreto-regiao\/sp\/2022\/10\/02\/leituras-rapidas-colecao-de-textos-curtos-de-ficcao-e-nao-ficcao-de-autores-brasileiros","og_locale":"pt_BR","og_type":"article","og_title":"Leituras R\u00e1pidas: Cole\u00e7\u00e3o de textos curtos de fic\u00e7\u00e3o e n\u00e3o fic\u00e7\u00e3o de autores brasileiros - Ribeir\u00e3o Preto e Regi\u00e3o","og_description":"A Amazon lan\u00e7a este m\u00eas a segunda temporada da cole\u00e7\u00e3o Leituras R\u00e1pidas, uma s\u00e9rie mensal de textos curtos in\u00e9ditos de fic\u00e7\u00e3o e n\u00e3o fic\u00e7\u00e3o","og_url":"https:\/\/redenoticiaz.com.br\/ribeiraopreto-regiao\/sp\/2022\/10\/02\/leituras-rapidas-colecao-de-textos-curtos-de-ficcao-e-nao-ficcao-de-autores-brasileiros","og_site_name":"Ribeir\u00e3o Preto e Regi\u00e3o","article_publisher":"https:\/\/m.facebook.com\/redenoticiaz.barretos","article_published_time":"2022-10-02T13:00:35+00:00","og_image":[{"width":940,"height":788,"url":"https:\/\/redenoticiaz.com.br\/ribeiraopreto-regiao\/wp-content\/uploads\/sites\/4\/2022\/09\/Leituras-Rapidas-Colecao-de-textos-curtos-de-ficcao-e-nao-ficcao-de-autores-brasileiros.png","type":"image\/png"}],"twitter_card":"summary_large_image","twitter_creator":"@RN_barretos","twitter_site":"@RN_barretos","twitter_misc":{"Escrito por":"","Est. tempo de leitura":"2 minutos"},"schema":{"@context":"https:\/\/schema.org","@graph":[{"@type":"Article","@id":"https:\/\/redenoticiaz.com.br\/ribeiraopreto-regiao\/sp\/2022\/10\/02\/leituras-rapidas-colecao-de-textos-curtos-de-ficcao-e-nao-ficcao-de-autores-brasileiros#article","isPartOf":{"@id":"https:\/\/redenoticiaz.com.br\/ribeiraopreto-regiao\/sp\/2022\/10\/02\/leituras-rapidas-colecao-de-textos-curtos-de-ficcao-e-nao-ficcao-de-autores-brasileiros"},"author":{"name":"","@id":""},"headline":"Leituras R\u00e1pidas: Cole\u00e7\u00e3o de textos curtos de fic\u00e7\u00e3o e n\u00e3o fic\u00e7\u00e3o de autores brasileiros","datePublished":"2022-10-02T13:00:35+00:00","mainEntityOfPage":{"@id":"https:\/\/redenoticiaz.com.br\/ribeiraopreto-regiao\/sp\/2022\/10\/02\/leituras-rapidas-colecao-de-textos-curtos-de-ficcao-e-nao-ficcao-de-autores-brasileiros"},"wordCount":267,"commentCount":0,"publisher":{"@id":"https:\/\/redenoticiaz.com.br\/ribeiraopreto-regiao\/#organization"},"image":{"@id":"https:\/\/redenoticiaz.com.br\/ribeiraopreto-regiao\/sp\/2022\/10\/02\/leituras-rapidas-colecao-de-textos-curtos-de-ficcao-e-nao-ficcao-de-autores-brasileiros#primaryimage"},"thumbnailUrl":"https:\/\/redenoticiaz.com.br\/ribeiraopreto-regiao\/wp-content\/uploads\/sites\/4\/2022\/09\/Leituras-Rapidas-Colecao-de-textos-curtos-de-ficcao-e-nao-ficcao-de-autores-brasileiros.png","keywords":["AMAZON","FIC\u00c7\u00c3O","LIVROS","TEXTOS CURTOS"],"articleSection":["Cultura"],"inLanguage":"pt-BR","potentialAction":[{"@type":"CommentAction","name":"Comment","target":["https:\/\/redenoticiaz.com.br\/ribeiraopreto-regiao\/sp\/2022\/10\/02\/leituras-rapidas-colecao-de-textos-curtos-de-ficcao-e-nao-ficcao-de-autores-brasileiros#respond"]}]},{"@type":"WebPage","@id":"https:\/\/redenoticiaz.com.br\/ribeiraopreto-regiao\/sp\/2022\/10\/02\/leituras-rapidas-colecao-de-textos-curtos-de-ficcao-e-nao-ficcao-de-autores-brasileiros","url":"https:\/\/redenoticiaz.com.br\/ribeiraopreto-regiao\/sp\/2022\/10\/02\/leituras-rapidas-colecao-de-textos-curtos-de-ficcao-e-nao-ficcao-de-autores-brasileiros","name":"Leituras R\u00e1pidas: Cole\u00e7\u00e3o de textos curtos de fic\u00e7\u00e3o e n\u00e3o fic\u00e7\u00e3o de autores brasileiros - Ribeir\u00e3o Preto e Regi\u00e3o","isPartOf":{"@id":"https:\/\/redenoticiaz.com.br\/ribeiraopreto-regiao\/#website"},"primaryImageOfPage":{"@id":"https:\/\/redenoticiaz.com.br\/ribeiraopreto-regiao\/sp\/2022\/10\/02\/leituras-rapidas-colecao-de-textos-curtos-de-ficcao-e-nao-ficcao-de-autores-brasileiros#primaryimage"},"image":{"@id":"https:\/\/redenoticiaz.com.br\/ribeiraopreto-regiao\/sp\/2022\/10\/02\/leituras-rapidas-colecao-de-textos-curtos-de-ficcao-e-nao-ficcao-de-autores-brasileiros#primaryimage"},"thumbnailUrl":"https:\/\/redenoticiaz.com.br\/ribeiraopreto-regiao\/wp-content\/uploads\/sites\/4\/2022\/09\/Leituras-Rapidas-Colecao-de-textos-curtos-de-ficcao-e-nao-ficcao-de-autores-brasileiros.png","datePublished":"2022-10-02T13:00:35+00:00","description":"A Amazon lan\u00e7a este m\u00eas a segunda temporada da cole\u00e7\u00e3o Leituras R\u00e1pidas, uma s\u00e9rie mensal de textos curtos in\u00e9ditos de fic\u00e7\u00e3o e n\u00e3o fic\u00e7\u00e3o","inLanguage":"pt-BR","potentialAction":[{"@type":"ReadAction","target":["https:\/\/redenoticiaz.com.br\/ribeiraopreto-regiao\/sp\/2022\/10\/02\/leituras-rapidas-colecao-de-textos-curtos-de-ficcao-e-nao-ficcao-de-autores-brasileiros"]}]},{"@type":"ImageObject","inLanguage":"pt-BR","@id":"https:\/\/redenoticiaz.com.br\/ribeiraopreto-regiao\/sp\/2022\/10\/02\/leituras-rapidas-colecao-de-textos-curtos-de-ficcao-e-nao-ficcao-de-autores-brasileiros#primaryimage","url":"https:\/\/redenoticiaz.com.br\/ribeiraopreto-regiao\/wp-content\/uploads\/sites\/4\/2022\/09\/Leituras-Rapidas-Colecao-de-textos-curtos-de-ficcao-e-nao-ficcao-de-autores-brasileiros.png","contentUrl":"https:\/\/redenoticiaz.com.br\/ribeiraopreto-regiao\/wp-content\/uploads\/sites\/4\/2022\/09\/Leituras-Rapidas-Colecao-de-textos-curtos-de-ficcao-e-nao-ficcao-de-autores-brasileiros.png","width":940,"height":788,"caption":"Cr\u00e9dito: Divulga\u00e7\u00e3o\/ Amazon"},{"@type":"WebSite","@id":"https:\/\/redenoticiaz.com.br\/ribeiraopreto-regiao\/#website","url":"https:\/\/redenoticiaz.com.br\/ribeiraopreto-regiao\/","name":"Ribeir\u00e3o Preto e Regi\u00e3o","description":"Rede NoticiaZ - Ribeir\u00e3o Preto e regi\u00e3o","publisher":{"@id":"https:\/\/redenoticiaz.com.br\/ribeiraopreto-regiao\/#organization"},"potentialAction":[{"@type":"SearchAction","target":{"@type":"EntryPoint","urlTemplate":"https:\/\/redenoticiaz.com.br\/ribeiraopreto-regiao\/?s={search_term_string}"},"query-input":{"@type":"PropertyValueSpecification","valueRequired":true,"valueName":"search_term_string"}}],"inLanguage":"pt-BR"},{"@type":"Organization","@id":"https:\/\/redenoticiaz.com.br\/ribeiraopreto-regiao\/#organization","name":"Ribeir\u00e3o Preto e Regi\u00e3o","url":"https:\/\/redenoticiaz.com.br\/ribeiraopreto-regiao\/","logo":{"@type":"ImageObject","inLanguage":"pt-BR","@id":"https:\/\/redenoticiaz.com.br\/ribeiraopreto-regiao\/#\/schema\/logo\/image\/","url":"https:\/\/redenoticiaz.com.br\/barretos-regiao\/wp-content\/uploads\/sites\/4\/2022\/02\/logo.jpg","contentUrl":"https:\/\/redenoticiaz.com.br\/barretos-regiao\/wp-content\/uploads\/sites\/4\/2022\/02\/logo.jpg","width":400,"height":250,"caption":"Ribeir\u00e3o Preto e Regi\u00e3o"},"image":{"@id":"https:\/\/redenoticiaz.com.br\/ribeiraopreto-regiao\/#\/schema\/logo\/image\/"},"sameAs":["https:\/\/m.facebook.com\/redenoticiaz.barretos","https:\/\/x.com\/RN_barretos","https:\/\/www.instagram.com\/redenoticiaz.barretos\/?igshid=YmMyMTA2M2Y","https:\/\/www.linkedin.com\/company\/rede-noticiaz-barretos-e-regio\/"]},{"@type":"Person","@id":"","url":"https:\/\/redenoticiaz.com.br\/ribeiraopreto-regiao\/sp\/author"}]}},"_links":{"self":[{"href":"https:\/\/redenoticiaz.com.br\/ribeiraopreto-regiao\/wp-json\/wp\/v2\/posts\/92480","targetHints":{"allow":["GET"]}}],"collection":[{"href":"https:\/\/redenoticiaz.com.br\/ribeiraopreto-regiao\/wp-json\/wp\/v2\/posts"}],"about":[{"href":"https:\/\/redenoticiaz.com.br\/ribeiraopreto-regiao\/wp-json\/wp\/v2\/types\/post"}],"author":[{"embeddable":true,"href":"https:\/\/redenoticiaz.com.br\/ribeiraopreto-regiao\/wp-json\/wp\/v2\/users\/15"}],"replies":[{"embeddable":true,"href":"https:\/\/redenoticiaz.com.br\/ribeiraopreto-regiao\/wp-json\/wp\/v2\/comments?post=92480"}],"version-history":[{"count":1,"href":"https:\/\/redenoticiaz.com.br\/ribeiraopreto-regiao\/wp-json\/wp\/v2\/posts\/92480\/revisions"}],"predecessor-version":[{"id":92482,"href":"https:\/\/redenoticiaz.com.br\/ribeiraopreto-regiao\/wp-json\/wp\/v2\/posts\/92480\/revisions\/92482"}],"wp:featuredmedia":[{"embeddable":true,"href":"https:\/\/redenoticiaz.com.br\/ribeiraopreto-regiao\/wp-json\/wp\/v2\/media\/92481"}],"wp:attachment":[{"href":"https:\/\/redenoticiaz.com.br\/ribeiraopreto-regiao\/wp-json\/wp\/v2\/media?parent=92480"}],"wp:term":[{"taxonomy":"category","embeddable":true,"href":"https:\/\/redenoticiaz.com.br\/ribeiraopreto-regiao\/wp-json\/wp\/v2\/categories?post=92480"},{"taxonomy":"post_tag","embeddable":true,"href":"https:\/\/redenoticiaz.com.br\/ribeiraopreto-regiao\/wp-json\/wp\/v2\/tags?post=92480"}],"curies":[{"name":"wp","href":"https:\/\/api.w.org\/{rel}","templated":true}]}}