{"id":92605,"date":"2022-10-01T17:13:43","date_gmt":"2022-10-01T20:13:43","guid":{"rendered":"https:\/\/redenoticiaz.com.br\/barretos-regiao\/sp\/2022\/10\/01\/datafolha-haddad-tem-39-e-tarcisio-31-dos-votos-validos"},"modified":"2022-10-01T17:13:52","modified_gmt":"2022-10-01T20:13:52","slug":"datafolha-haddad-tem-39-e-tarcisio-31-dos-votos-validos","status":"publish","type":"post","link":"https:\/\/redenoticiaz.com.br\/ribeiraopreto-regiao\/sp\/2022\/10\/01\/datafolha-haddad-tem-39-e-tarcisio-31-dos-votos-validos","title":{"rendered":"Datafolha: Haddad tem 39% e Tarc\u00edsio 31% dos votos v\u00e1lidos"},"content":{"rendered":"<div class=\"mc-column content-text active-extra-styles \" data-block-type=\"unstyled\" data-block-weight=\"55\" data-block-id=\"3\">\n<p data-track-category=\"Link no Texto\" data-track-links=\"\">A nova pesquisa Datafolha, a \u00faltima antes da elei\u00e7\u00e3o deste domingo (1) coloca Fernando Haddad (PT) e Tarc\u00edsio de Freitas (Republicanos) em um segundo turno.<\/p>\n<p data-track-category=\"Link no Texto\" data-track-links=\"\">De acordo com a pesquisa encomendada pela Globo e pelo jornal &#8220;Folha de S.Paulo&#8221; mostra que Fernando Haddad foi mencionado por 39% dos entrevistados e Tarc\u00edsio de Freitas foi lembrado por 31%.<\/p>\n<p data-track-category=\"Link no Texto\" data-track-links=\"\">Ainda de acordo com os n\u00fameros divulgados, Rodrigo Garcia (PSDB) aparece em terceiro lugar com 23% dos votos v\u00e1lidos.<\/p>\n<p data-track-category=\"Link no Texto\" data-track-links=\"\">Sendo assim, o instituto excluiu da amostra os votos brancos, os nulos e os eleitores que se declaram indecisos.<\/p>\n<div class=\"mc-column content-text active-extra-styles \" data-block-type=\"unstyled\" data-block-weight=\"24\" data-block-id=\"7\">\n<p class=\"content-text__container \" data-track-category=\"Link no Texto\" data-track-links=\"\">A pesquisa foi feita nos dias 30 de setembro e 1\u00ba de outubro e registrada no Tribunal Regional Eleitoral com o n\u00famero SP-09987\/2022.<\/p>\n<h2 data-track-category=\"Link no Texto\">Outros candidatos<\/h2>\n<ul class=\"content-unordered-list\">\n<li>Carol Vigliar\u00a0(Unidade Popular): 2%<\/li>\n<li>Gabriel Colombo\u00a0(PCB): 1%<\/li>\n<li>Elvis Cezar\u00a0(PDT): 1%<\/li>\n<li>Vinicius Poit\u00a0(Novo): 1%<\/li>\n<li>Edson Dorta\u00a0(PCO): 1%<\/li>\n<li>Antonio Jorge\u00a0(Democracia Crist\u00e3): 1%<\/li>\n<li>Altino J\u00fanior\u00a0(PSTU): 1%<\/li>\n<\/ul>\n<\/div>\n<div class=\"mc-column content-text active-extra-styles \" data-block-type=\"unstyled\" data-block-weight=\"24\" data-block-id=\"7\">\n<p data-track-category=\"Link no Texto\" data-track-links=\"\"><strong>Leia mais<\/strong><\/p>\n<p data-track-category=\"Link no Texto\" data-track-links=\"\"><a href=\"https:\/\/redenoticiaz.com.br\/blog\/2022\/10\/01\/empresas-de-energia-se-prepararam-para-o-dia-da-eleicao-em-sao-paulo\">Empresas de energia se prepararam para o dia da elei\u00e7\u00e3o em S\u00e3o Paulo<\/a><\/p>\n<\/div>\n<div data-track-category=\"multicontent\" data-track-action=\"ultimo chunk conteudo\" data-track-noninteraction=\"false\" data-track-scroll=\"view\">\n<div class=\"mc-column\" data-block-type=\"backstage-embed-webstories\" data-block-id=\"8\">\n<div class=\"glb-story-player\"><\/div>\n<\/div>\n<\/div>\n<p data-track-category=\"Link no Texto\" data-track-links=\"\">\n<\/div>\n","protected":false},"excerpt":{"rendered":"<p>A nova pesquisa Datafolha, a \u00faltima antes da elei\u00e7\u00e3o deste domingo (1) coloca Fernando Haddad (PT) e Tarc\u00edsio de Freitas (Republicanos) em um segundo turno. De acordo com a pesquisa encomendada pela Globo e pelo jornal &#8220;Folha de S.Paulo&#8221; mostra que Fernando Haddad foi mencionado por 39% dos entrevistados e Tarc\u00edsio de Freitas foi lembrado &hellip;<\/p>\n","protected":false},"author":12,"featured_media":92606,"comment_status":"open","ping_status":"closed","sticky":false,"template":"","format":"standard","meta":{"footnotes":""},"categories":[9271],"tags":[7208,9272,20476],"class_list":["post-92605","post","type-post","status-publish","format-standard","has-post-thumbnail","hentry","category-eleicoes","tag-eleicoes","tag-fernando-haddad","tag-tarcisio-de-freitas"],"yoast_head":"<!-- This site is optimized with the Yoast SEO plugin v27.4 - https:\/\/yoast.com\/product\/yoast-seo-wordpress\/ -->\n<title>Datafolha: Haddad tem 39% e Tarc\u00edsio 31% dos votos v\u00e1lidos - Ribeir\u00e3o Preto e Regi\u00e3o<\/title>\n<meta name=\"description\" content=\"A nova pesquisa Datafolha, a \u00faltima antes da elei\u00e7\u00e3o deste domingo (1) coloca Fernando Haddad (PT) e Tarc\u00edsio de Freitas (Republicanos) em um segundo turno.\" \/>\n<meta name=\"robots\" content=\"index, follow, max-snippet:-1, max-image-preview:large, max-video-preview:-1\" \/>\n<link rel=\"canonical\" href=\"https:\/\/redenoticiaz.com.br\/ribeiraopreto-regiao\/sp\/2022\/10\/01\/datafolha-haddad-tem-39-e-tarcisio-31-dos-votos-validos\" \/>\n<meta property=\"og:locale\" content=\"pt_BR\" \/>\n<meta property=\"og:type\" content=\"article\" \/>\n<meta property=\"og:title\" content=\"Datafolha: Haddad tem 39% e Tarc\u00edsio 31% dos votos v\u00e1lidos - Ribeir\u00e3o Preto e Regi\u00e3o\" \/>\n<meta property=\"og:description\" content=\"A nova pesquisa Datafolha, a \u00faltima antes da elei\u00e7\u00e3o deste domingo (1) coloca Fernando Haddad (PT) e Tarc\u00edsio de Freitas (Republicanos) em um segundo turno.\" \/>\n<meta property=\"og:url\" content=\"https:\/\/redenoticiaz.com.br\/ribeiraopreto-regiao\/sp\/2022\/10\/01\/datafolha-haddad-tem-39-e-tarcisio-31-dos-votos-validos\" \/>\n<meta property=\"og:site_name\" content=\"Ribeir\u00e3o Preto e Regi\u00e3o\" \/>\n<meta property=\"article:publisher\" content=\"https:\/\/m.facebook.com\/redenoticiaz.barretos\" \/>\n<meta property=\"article:published_time\" content=\"2022-10-01T20:13:43+00:00\" \/>\n<meta property=\"article:modified_time\" content=\"2022-10-01T20:13:52+00:00\" \/>\n<meta property=\"og:image\" content=\"https:\/\/redenoticiaz.com.br\/ribeiraopreto-regiao\/wp-content\/uploads\/sites\/4\/2022\/10\/HADDAD-GARCIA-TARCISIO-PB.jpg?v=1664655178\" \/>\n\t<meta property=\"og:image:width\" content=\"1024\" \/>\n\t<meta property=\"og:image:height\" content=\"682\" \/>\n\t<meta property=\"og:image:type\" content=\"image\/jpeg\" \/>\n<meta name=\"author\" content=\"Gustavo Silva\" \/>\n<meta name=\"twitter:card\" content=\"summary_large_image\" \/>\n<meta name=\"twitter:creator\" content=\"@RN_barretos\" \/>\n<meta name=\"twitter:site\" content=\"@RN_barretos\" \/>\n<meta name=\"twitter:label1\" content=\"Escrito por\" \/>\n\t<meta name=\"twitter:data1\" content=\"Gustavo Silva\" \/>\n\t<meta name=\"twitter:label2\" content=\"Est. tempo de leitura\" \/>\n\t<meta name=\"twitter:data2\" content=\"1 minuto\" \/>\n<script type=\"application\/ld+json\" class=\"yoast-schema-graph\">{\"@context\":\"https:\\\/\\\/schema.org\",\"@graph\":[{\"@type\":\"Article\",\"@id\":\"https:\\\/\\\/redenoticiaz.com.br\\\/ribeiraopreto-regiao\\\/sp\\\/2022\\\/10\\\/01\\\/datafolha-haddad-tem-39-e-tarcisio-31-dos-votos-validos#article\",\"isPartOf\":{\"@id\":\"https:\\\/\\\/redenoticiaz.com.br\\\/ribeiraopreto-regiao\\\/sp\\\/2022\\\/10\\\/01\\\/datafolha-haddad-tem-39-e-tarcisio-31-dos-votos-validos\"},\"author\":{\"name\":\"Gustavo Silva\",\"@id\":\"https:\\\/\\\/redenoticiaz.com.br\\\/ribeiraopreto-regiao\\\/#\\\/schema\\\/person\\\/16057b37a3c0ee6b096d7f887c566e2e\"},\"headline\":\"Datafolha: Haddad tem 39% e Tarc\u00edsio 31% dos votos v\u00e1lidos\",\"datePublished\":\"2022-10-01T20:13:43+00:00\",\"dateModified\":\"2022-10-01T20:13:52+00:00\",\"mainEntityOfPage\":{\"@id\":\"https:\\\/\\\/redenoticiaz.com.br\\\/ribeiraopreto-regiao\\\/sp\\\/2022\\\/10\\\/01\\\/datafolha-haddad-tem-39-e-tarcisio-31-dos-votos-validos\"},\"wordCount\":172,\"commentCount\":0,\"publisher\":{\"@id\":\"https:\\\/\\\/redenoticiaz.com.br\\\/ribeiraopreto-regiao\\\/#organization\"},\"image\":{\"@id\":\"https:\\\/\\\/redenoticiaz.com.br\\\/ribeiraopreto-regiao\\\/sp\\\/2022\\\/10\\\/01\\\/datafolha-haddad-tem-39-e-tarcisio-31-dos-votos-validos#primaryimage\"},\"thumbnailUrl\":\"https:\\\/\\\/redenoticiaz.com.br\\\/ribeiraopreto-regiao\\\/wp-content\\\/uploads\\\/sites\\\/4\\\/2022\\\/10\\\/HADDAD-GARCIA-TARCISIO-PB.jpg?v=1664655178\",\"keywords\":[\"Elei\u00e7\u00f5es\",\"FERNANDO HADDAD\",\"TARC\u00cdSIO DE FREITAS\"],\"articleSection\":[\"Elei\u00e7\u00f5es\"],\"inLanguage\":\"pt-BR\",\"potentialAction\":[{\"@type\":\"CommentAction\",\"name\":\"Comment\",\"target\":[\"https:\\\/\\\/redenoticiaz.com.br\\\/ribeiraopreto-regiao\\\/sp\\\/2022\\\/10\\\/01\\\/datafolha-haddad-tem-39-e-tarcisio-31-dos-votos-validos#respond\"]}]},{\"@type\":\"WebPage\",\"@id\":\"https:\\\/\\\/redenoticiaz.com.br\\\/ribeiraopreto-regiao\\\/sp\\\/2022\\\/10\\\/01\\\/datafolha-haddad-tem-39-e-tarcisio-31-dos-votos-validos\",\"url\":\"https:\\\/\\\/redenoticiaz.com.br\\\/ribeiraopreto-regiao\\\/sp\\\/2022\\\/10\\\/01\\\/datafolha-haddad-tem-39-e-tarcisio-31-dos-votos-validos\",\"name\":\"Datafolha: Haddad tem 39% e Tarc\u00edsio 31% dos votos v\u00e1lidos - Ribeir\u00e3o Preto e Regi\u00e3o\",\"isPartOf\":{\"@id\":\"https:\\\/\\\/redenoticiaz.com.br\\\/ribeiraopreto-regiao\\\/#website\"},\"primaryImageOfPage\":{\"@id\":\"https:\\\/\\\/redenoticiaz.com.br\\\/ribeiraopreto-regiao\\\/sp\\\/2022\\\/10\\\/01\\\/datafolha-haddad-tem-39-e-tarcisio-31-dos-votos-validos#primaryimage\"},\"image\":{\"@id\":\"https:\\\/\\\/redenoticiaz.com.br\\\/ribeiraopreto-regiao\\\/sp\\\/2022\\\/10\\\/01\\\/datafolha-haddad-tem-39-e-tarcisio-31-dos-votos-validos#primaryimage\"},\"thumbnailUrl\":\"https:\\\/\\\/redenoticiaz.com.br\\\/ribeiraopreto-regiao\\\/wp-content\\\/uploads\\\/sites\\\/4\\\/2022\\\/10\\\/HADDAD-GARCIA-TARCISIO-PB.jpg?v=1664655178\",\"datePublished\":\"2022-10-01T20:13:43+00:00\",\"dateModified\":\"2022-10-01T20:13:52+00:00\",\"description\":\"A nova pesquisa Datafolha, a \u00faltima antes da elei\u00e7\u00e3o deste domingo (1) coloca Fernando Haddad (PT) e Tarc\u00edsio de Freitas (Republicanos) em um segundo turno.\",\"inLanguage\":\"pt-BR\",\"potentialAction\":[{\"@type\":\"ReadAction\",\"target\":[\"https:\\\/\\\/redenoticiaz.com.br\\\/ribeiraopreto-regiao\\\/sp\\\/2022\\\/10\\\/01\\\/datafolha-haddad-tem-39-e-tarcisio-31-dos-votos-validos\"]}]},{\"@type\":\"ImageObject\",\"inLanguage\":\"pt-BR\",\"@id\":\"https:\\\/\\\/redenoticiaz.com.br\\\/ribeiraopreto-regiao\\\/sp\\\/2022\\\/10\\\/01\\\/datafolha-haddad-tem-39-e-tarcisio-31-dos-votos-validos#primaryimage\",\"url\":\"https:\\\/\\\/redenoticiaz.com.br\\\/ribeiraopreto-regiao\\\/wp-content\\\/uploads\\\/sites\\\/4\\\/2022\\\/10\\\/HADDAD-GARCIA-TARCISIO-PB.jpg?v=1664655178\",\"contentUrl\":\"https:\\\/\\\/redenoticiaz.com.br\\\/ribeiraopreto-regiao\\\/wp-content\\\/uploads\\\/sites\\\/4\\\/2022\\\/10\\\/HADDAD-GARCIA-TARCISIO-PB.jpg?v=1664655178\",\"width\":1024,\"height\":682,\"caption\":\"Datafolha: Haddad tem 39% e Tarc\u00edsio 31% dos votos v\u00e1lidos\"},{\"@type\":\"WebSite\",\"@id\":\"https:\\\/\\\/redenoticiaz.com.br\\\/ribeiraopreto-regiao\\\/#website\",\"url\":\"https:\\\/\\\/redenoticiaz.com.br\\\/ribeiraopreto-regiao\\\/\",\"name\":\"Ribeir\u00e3o Preto e Regi\u00e3o\",\"description\":\"Rede NoticiaZ - Ribeir\u00e3o Preto e regi\u00e3o\",\"publisher\":{\"@id\":\"https:\\\/\\\/redenoticiaz.com.br\\\/ribeiraopreto-regiao\\\/#organization\"},\"potentialAction\":[{\"@type\":\"SearchAction\",\"target\":{\"@type\":\"EntryPoint\",\"urlTemplate\":\"https:\\\/\\\/redenoticiaz.com.br\\\/ribeiraopreto-regiao\\\/?s={search_term_string}\"},\"query-input\":{\"@type\":\"PropertyValueSpecification\",\"valueRequired\":true,\"valueName\":\"search_term_string\"}}],\"inLanguage\":\"pt-BR\"},{\"@type\":\"Organization\",\"@id\":\"https:\\\/\\\/redenoticiaz.com.br\\\/ribeiraopreto-regiao\\\/#organization\",\"name\":\"Ribeir\u00e3o Preto e Regi\u00e3o\",\"url\":\"https:\\\/\\\/redenoticiaz.com.br\\\/ribeiraopreto-regiao\\\/\",\"logo\":{\"@type\":\"ImageObject\",\"inLanguage\":\"pt-BR\",\"@id\":\"https:\\\/\\\/redenoticiaz.com.br\\\/ribeiraopreto-regiao\\\/#\\\/schema\\\/logo\\\/image\\\/\",\"url\":\"https:\\\/\\\/redenoticiaz.com.br\\\/barretos-regiao\\\/wp-content\\\/uploads\\\/sites\\\/4\\\/2022\\\/02\\\/logo.jpg\",\"contentUrl\":\"https:\\\/\\\/redenoticiaz.com.br\\\/barretos-regiao\\\/wp-content\\\/uploads\\\/sites\\\/4\\\/2022\\\/02\\\/logo.jpg\",\"width\":400,\"height\":250,\"caption\":\"Ribeir\u00e3o Preto e Regi\u00e3o\"},\"image\":{\"@id\":\"https:\\\/\\\/redenoticiaz.com.br\\\/ribeiraopreto-regiao\\\/#\\\/schema\\\/logo\\\/image\\\/\"},\"sameAs\":[\"https:\\\/\\\/m.facebook.com\\\/redenoticiaz.barretos\",\"https:\\\/\\\/x.com\\\/RN_barretos\",\"https:\\\/\\\/www.instagram.com\\\/redenoticiaz.barretos\\\/?igshid=YmMyMTA2M2Y\",\"https:\\\/\\\/www.linkedin.com\\\/company\\\/rede-noticiaz-barretos-e-regio\\\/\"]},{\"@type\":\"Person\",\"@id\":\"https:\\\/\\\/redenoticiaz.com.br\\\/ribeiraopreto-regiao\\\/#\\\/schema\\\/person\\\/16057b37a3c0ee6b096d7f887c566e2e\",\"name\":\"Gustavo Silva\",\"image\":{\"@type\":\"ImageObject\",\"inLanguage\":\"pt-BR\",\"@id\":\"https:\\\/\\\/secure.gravatar.com\\\/avatar\\\/3ee4e82f93b26de0a7cf4ea5eb7893da637ed6bb0c9170c58065944c56e28a33?s=96&d=mm&r=g\",\"url\":\"https:\\\/\\\/secure.gravatar.com\\\/avatar\\\/3ee4e82f93b26de0a7cf4ea5eb7893da637ed6bb0c9170c58065944c56e28a33?s=96&d=mm&r=g\",\"contentUrl\":\"https:\\\/\\\/secure.gravatar.com\\\/avatar\\\/3ee4e82f93b26de0a7cf4ea5eb7893da637ed6bb0c9170c58065944c56e28a33?s=96&d=mm&r=g\",\"caption\":\"Gustavo Silva\"},\"url\":\"https:\\\/\\\/redenoticiaz.com.br\\\/ribeiraopreto-regiao\\\/sp\\\/author\\\/gustavosilva\"}]}<\/script>\n<!-- \/ Yoast SEO plugin. -->","yoast_head_json":{"title":"Datafolha: Haddad tem 39% e Tarc\u00edsio 31% dos votos v\u00e1lidos - Ribeir\u00e3o Preto e Regi\u00e3o","description":"A nova pesquisa Datafolha, a \u00faltima antes da elei\u00e7\u00e3o deste domingo (1) coloca Fernando Haddad (PT) e Tarc\u00edsio de Freitas (Republicanos) em um segundo turno.","robots":{"index":"index","follow":"follow","max-snippet":"max-snippet:-1","max-image-preview":"max-image-preview:large","max-video-preview":"max-video-preview:-1"},"canonical":"https:\/\/redenoticiaz.com.br\/ribeiraopreto-regiao\/sp\/2022\/10\/01\/datafolha-haddad-tem-39-e-tarcisio-31-dos-votos-validos","og_locale":"pt_BR","og_type":"article","og_title":"Datafolha: Haddad tem 39% e Tarc\u00edsio 31% dos votos v\u00e1lidos - Ribeir\u00e3o Preto e Regi\u00e3o","og_description":"A nova pesquisa Datafolha, a \u00faltima antes da elei\u00e7\u00e3o deste domingo (1) coloca Fernando Haddad (PT) e Tarc\u00edsio de Freitas (Republicanos) em um segundo turno.","og_url":"https:\/\/redenoticiaz.com.br\/ribeiraopreto-regiao\/sp\/2022\/10\/01\/datafolha-haddad-tem-39-e-tarcisio-31-dos-votos-validos","og_site_name":"Ribeir\u00e3o Preto e Regi\u00e3o","article_publisher":"https:\/\/m.facebook.com\/redenoticiaz.barretos","article_published_time":"2022-10-01T20:13:43+00:00","article_modified_time":"2022-10-01T20:13:52+00:00","og_image":[{"width":1024,"height":682,"url":"https:\/\/redenoticiaz.com.br\/ribeiraopreto-regiao\/wp-content\/uploads\/sites\/4\/2022\/10\/HADDAD-GARCIA-TARCISIO-PB.jpg?v=1664655178","type":"image\/jpeg"}],"author":"Gustavo Silva","twitter_card":"summary_large_image","twitter_creator":"@RN_barretos","twitter_site":"@RN_barretos","twitter_misc":{"Escrito por":"Gustavo Silva","Est. tempo de leitura":"1 minuto"},"schema":{"@context":"https:\/\/schema.org","@graph":[{"@type":"Article","@id":"https:\/\/redenoticiaz.com.br\/ribeiraopreto-regiao\/sp\/2022\/10\/01\/datafolha-haddad-tem-39-e-tarcisio-31-dos-votos-validos#article","isPartOf":{"@id":"https:\/\/redenoticiaz.com.br\/ribeiraopreto-regiao\/sp\/2022\/10\/01\/datafolha-haddad-tem-39-e-tarcisio-31-dos-votos-validos"},"author":{"name":"Gustavo Silva","@id":"https:\/\/redenoticiaz.com.br\/ribeiraopreto-regiao\/#\/schema\/person\/16057b37a3c0ee6b096d7f887c566e2e"},"headline":"Datafolha: Haddad tem 39% e Tarc\u00edsio 31% dos votos v\u00e1lidos","datePublished":"2022-10-01T20:13:43+00:00","dateModified":"2022-10-01T20:13:52+00:00","mainEntityOfPage":{"@id":"https:\/\/redenoticiaz.com.br\/ribeiraopreto-regiao\/sp\/2022\/10\/01\/datafolha-haddad-tem-39-e-tarcisio-31-dos-votos-validos"},"wordCount":172,"commentCount":0,"publisher":{"@id":"https:\/\/redenoticiaz.com.br\/ribeiraopreto-regiao\/#organization"},"image":{"@id":"https:\/\/redenoticiaz.com.br\/ribeiraopreto-regiao\/sp\/2022\/10\/01\/datafolha-haddad-tem-39-e-tarcisio-31-dos-votos-validos#primaryimage"},"thumbnailUrl":"https:\/\/redenoticiaz.com.br\/ribeiraopreto-regiao\/wp-content\/uploads\/sites\/4\/2022\/10\/HADDAD-GARCIA-TARCISIO-PB.jpg?v=1664655178","keywords":["Elei\u00e7\u00f5es","FERNANDO HADDAD","TARC\u00cdSIO DE FREITAS"],"articleSection":["Elei\u00e7\u00f5es"],"inLanguage":"pt-BR","potentialAction":[{"@type":"CommentAction","name":"Comment","target":["https:\/\/redenoticiaz.com.br\/ribeiraopreto-regiao\/sp\/2022\/10\/01\/datafolha-haddad-tem-39-e-tarcisio-31-dos-votos-validos#respond"]}]},{"@type":"WebPage","@id":"https:\/\/redenoticiaz.com.br\/ribeiraopreto-regiao\/sp\/2022\/10\/01\/datafolha-haddad-tem-39-e-tarcisio-31-dos-votos-validos","url":"https:\/\/redenoticiaz.com.br\/ribeiraopreto-regiao\/sp\/2022\/10\/01\/datafolha-haddad-tem-39-e-tarcisio-31-dos-votos-validos","name":"Datafolha: Haddad tem 39% e Tarc\u00edsio 31% dos votos v\u00e1lidos - Ribeir\u00e3o Preto e Regi\u00e3o","isPartOf":{"@id":"https:\/\/redenoticiaz.com.br\/ribeiraopreto-regiao\/#website"},"primaryImageOfPage":{"@id":"https:\/\/redenoticiaz.com.br\/ribeiraopreto-regiao\/sp\/2022\/10\/01\/datafolha-haddad-tem-39-e-tarcisio-31-dos-votos-validos#primaryimage"},"image":{"@id":"https:\/\/redenoticiaz.com.br\/ribeiraopreto-regiao\/sp\/2022\/10\/01\/datafolha-haddad-tem-39-e-tarcisio-31-dos-votos-validos#primaryimage"},"thumbnailUrl":"https:\/\/redenoticiaz.com.br\/ribeiraopreto-regiao\/wp-content\/uploads\/sites\/4\/2022\/10\/HADDAD-GARCIA-TARCISIO-PB.jpg?v=1664655178","datePublished":"2022-10-01T20:13:43+00:00","dateModified":"2022-10-01T20:13:52+00:00","description":"A nova pesquisa Datafolha, a \u00faltima antes da elei\u00e7\u00e3o deste domingo (1) coloca Fernando Haddad (PT) e Tarc\u00edsio de Freitas (Republicanos) em um segundo turno.","inLanguage":"pt-BR","potentialAction":[{"@type":"ReadAction","target":["https:\/\/redenoticiaz.com.br\/ribeiraopreto-regiao\/sp\/2022\/10\/01\/datafolha-haddad-tem-39-e-tarcisio-31-dos-votos-validos"]}]},{"@type":"ImageObject","inLanguage":"pt-BR","@id":"https:\/\/redenoticiaz.com.br\/ribeiraopreto-regiao\/sp\/2022\/10\/01\/datafolha-haddad-tem-39-e-tarcisio-31-dos-votos-validos#primaryimage","url":"https:\/\/redenoticiaz.com.br\/ribeiraopreto-regiao\/wp-content\/uploads\/sites\/4\/2022\/10\/HADDAD-GARCIA-TARCISIO-PB.jpg?v=1664655178","contentUrl":"https:\/\/redenoticiaz.com.br\/ribeiraopreto-regiao\/wp-content\/uploads\/sites\/4\/2022\/10\/HADDAD-GARCIA-TARCISIO-PB.jpg?v=1664655178","width":1024,"height":682,"caption":"Datafolha: Haddad tem 39% e Tarc\u00edsio 31% dos votos v\u00e1lidos"},{"@type":"WebSite","@id":"https:\/\/redenoticiaz.com.br\/ribeiraopreto-regiao\/#website","url":"https:\/\/redenoticiaz.com.br\/ribeiraopreto-regiao\/","name":"Ribeir\u00e3o Preto e Regi\u00e3o","description":"Rede NoticiaZ - Ribeir\u00e3o Preto e regi\u00e3o","publisher":{"@id":"https:\/\/redenoticiaz.com.br\/ribeiraopreto-regiao\/#organization"},"potentialAction":[{"@type":"SearchAction","target":{"@type":"EntryPoint","urlTemplate":"https:\/\/redenoticiaz.com.br\/ribeiraopreto-regiao\/?s={search_term_string}"},"query-input":{"@type":"PropertyValueSpecification","valueRequired":true,"valueName":"search_term_string"}}],"inLanguage":"pt-BR"},{"@type":"Organization","@id":"https:\/\/redenoticiaz.com.br\/ribeiraopreto-regiao\/#organization","name":"Ribeir\u00e3o Preto e Regi\u00e3o","url":"https:\/\/redenoticiaz.com.br\/ribeiraopreto-regiao\/","logo":{"@type":"ImageObject","inLanguage":"pt-BR","@id":"https:\/\/redenoticiaz.com.br\/ribeiraopreto-regiao\/#\/schema\/logo\/image\/","url":"https:\/\/redenoticiaz.com.br\/barretos-regiao\/wp-content\/uploads\/sites\/4\/2022\/02\/logo.jpg","contentUrl":"https:\/\/redenoticiaz.com.br\/barretos-regiao\/wp-content\/uploads\/sites\/4\/2022\/02\/logo.jpg","width":400,"height":250,"caption":"Ribeir\u00e3o Preto e Regi\u00e3o"},"image":{"@id":"https:\/\/redenoticiaz.com.br\/ribeiraopreto-regiao\/#\/schema\/logo\/image\/"},"sameAs":["https:\/\/m.facebook.com\/redenoticiaz.barretos","https:\/\/x.com\/RN_barretos","https:\/\/www.instagram.com\/redenoticiaz.barretos\/?igshid=YmMyMTA2M2Y","https:\/\/www.linkedin.com\/company\/rede-noticiaz-barretos-e-regio\/"]},{"@type":"Person","@id":"https:\/\/redenoticiaz.com.br\/ribeiraopreto-regiao\/#\/schema\/person\/16057b37a3c0ee6b096d7f887c566e2e","name":"Gustavo Silva","image":{"@type":"ImageObject","inLanguage":"pt-BR","@id":"https:\/\/secure.gravatar.com\/avatar\/3ee4e82f93b26de0a7cf4ea5eb7893da637ed6bb0c9170c58065944c56e28a33?s=96&d=mm&r=g","url":"https:\/\/secure.gravatar.com\/avatar\/3ee4e82f93b26de0a7cf4ea5eb7893da637ed6bb0c9170c58065944c56e28a33?s=96&d=mm&r=g","contentUrl":"https:\/\/secure.gravatar.com\/avatar\/3ee4e82f93b26de0a7cf4ea5eb7893da637ed6bb0c9170c58065944c56e28a33?s=96&d=mm&r=g","caption":"Gustavo Silva"},"url":"https:\/\/redenoticiaz.com.br\/ribeiraopreto-regiao\/sp\/author\/gustavosilva"}]}},"_links":{"self":[{"href":"https:\/\/redenoticiaz.com.br\/ribeiraopreto-regiao\/wp-json\/wp\/v2\/posts\/92605","targetHints":{"allow":["GET"]}}],"collection":[{"href":"https:\/\/redenoticiaz.com.br\/ribeiraopreto-regiao\/wp-json\/wp\/v2\/posts"}],"about":[{"href":"https:\/\/redenoticiaz.com.br\/ribeiraopreto-regiao\/wp-json\/wp\/v2\/types\/post"}],"author":[{"embeddable":true,"href":"https:\/\/redenoticiaz.com.br\/ribeiraopreto-regiao\/wp-json\/wp\/v2\/users\/12"}],"replies":[{"embeddable":true,"href":"https:\/\/redenoticiaz.com.br\/ribeiraopreto-regiao\/wp-json\/wp\/v2\/comments?post=92605"}],"version-history":[{"count":0,"href":"https:\/\/redenoticiaz.com.br\/ribeiraopreto-regiao\/wp-json\/wp\/v2\/posts\/92605\/revisions"}],"wp:featuredmedia":[{"embeddable":true,"href":"https:\/\/redenoticiaz.com.br\/ribeiraopreto-regiao\/wp-json\/wp\/v2\/media\/92606"}],"wp:attachment":[{"href":"https:\/\/redenoticiaz.com.br\/ribeiraopreto-regiao\/wp-json\/wp\/v2\/media?parent=92605"}],"wp:term":[{"taxonomy":"category","embeddable":true,"href":"https:\/\/redenoticiaz.com.br\/ribeiraopreto-regiao\/wp-json\/wp\/v2\/categories?post=92605"},{"taxonomy":"post_tag","embeddable":true,"href":"https:\/\/redenoticiaz.com.br\/ribeiraopreto-regiao\/wp-json\/wp\/v2\/tags?post=92605"}],"curies":[{"name":"wp","href":"https:\/\/api.w.org\/{rel}","templated":true}]}}