{"id":92661,"date":"2022-10-02T22:07:11","date_gmt":"2022-10-03T01:07:11","guid":{"rendered":"https:\/\/redenoticiaz.com.br\/barretos-regiao\/sp\/2022\/10\/02\/astronauta-marcos-pontes-sobrevoa-rumo-ao-senado"},"modified":"2022-10-02T22:07:11","modified_gmt":"2022-10-03T01:07:11","slug":"astronauta-marcos-pontes-sobrevoa-rumo-ao-senado","status":"publish","type":"post","link":"https:\/\/redenoticiaz.com.br\/ribeiraopreto-regiao\/sp\/2022\/10\/02\/astronauta-marcos-pontes-sobrevoa-rumo-ao-senado","title":{"rendered":"Astronauta Marcos Pontes \u201csobrevoa\u201d rumo ao Senado"},"content":{"rendered":"<p>S\u00e3o Paulo escolheu um novo senador para representar o estado. Contrariando as pesquisas de inten\u00e7\u00f5es de votos, <strong>Marcos Pontes (PL), ex-ministro da Ci\u00eancia da gest\u00e3o Jair Bolsonaro, foi eleito<\/strong>. Ele superou o ex-governador de S\u00e3o Paulo, M\u00e1rcio Fran\u00e7a (PSB), que era apontado como favorito nas pesquisas.<\/p>\n<p>Pontes vai compor o trio de senadores por S\u00e3o Paulo ao lado de Mara Gabrilli, do PSDB, e de Alexandre Giordano, do MDB, que assumiu a vaga conquistada por Major Ol\u00edmpio, que morreu por Covid em mar\u00e7o de 2021. O ex-ministro assume o lugar de Jos\u00e9 Serra (PSDB).<\/p>\n<h3>Veja o resultado final:<\/h3>\n<ul class=\"content-unordered-list\">\n<li>Astronauta Marcos Pontes (PL): 49,76%<\/li>\n<li>M\u00e1rcio Fran\u00e7a (PSB): 36,14%<\/li>\n<li>Edson Aparecido (MDB): 7,69%<\/li>\n<li>Janaina Paschoal (PRTB): 2,09%<\/li>\n<li>Ricardo Mell\u00e3o (Novo): 1,45%<\/li>\n<li>Vivian Mendes (Unidade Popular): 1,31%<\/li>\n<li>Aldo Rebelo (PDT): 1,07%<\/li>\n<li>Prof. Tito Bellini (PCB): 0,28%<\/li>\n<li>Dr. Azkoul (Democracia Crist\u00e3): 0,09%<\/li>\n<li>Mancha Coletivo Socialista (PSTU): 0,07%<\/li>\n<li>Ant\u00f4nio Carlos (PCO): 0,06%<\/li>\n<\/ul>\n<h3>Conhe\u00e7a Marcos Pontes<\/h3>\n<div class=\"mc-column content-text active-extra-styles \" data-block-type=\"unstyled\" data-block-weight=\"32\" data-block-id=\"15\">\n<p class=\"content-text__container \" data-track-category=\"Link no Texto\" data-track-links=\"\">Pontes ficou conhecido por ser o primeiro e \u00fanico astronauta brasileiro a ir para o espa\u00e7o. Ele tem 59 anos, nasceu em Bauru, no interior paulista, \u00e9 casado e tem dois filhos.<\/p>\n<\/div>\n<div class=\"mc-column content-text active-extra-styles \" data-block-type=\"unstyled\" data-block-weight=\"42\" data-block-id=\"16\">\n<p class=\"content-text__container \" data-track-category=\"Link no Texto\" data-track-links=\"\">\u00c9 engenheiro aeron\u00e1utico formado pelo Instituto Tecnol\u00f3gico de Aeron\u00e1utica (ITA) e mestre em Engenharia de Sistemas pela Naval Postgraduate School, Calif\u00f3rnia, EUA. Durante 40 anos de carreira, Pontes foi aviador, piloto de ca\u00e7a e seguiu carreira militar, chegando ao posto de tenente-coronel.<\/p>\n<\/div>\n<div class=\"mc-column content-text active-extra-styles \" data-block-type=\"unstyled\" data-block-weight=\"32\" data-block-id=\"17\">\n<p class=\"content-text__container \" data-track-category=\"Link no Texto\" data-track-links=\"\">Em 2019, foi nomeado por Jair Bolsonaro para ser Ministro da Ci\u00eancia e Tecnologia, posto em que ficou at\u00e9 mar\u00e7o deste ano, quando deixou o governo para disputar as elei\u00e7\u00f5es de outubro.<\/p>\n<p data-track-category=\"Link no Texto\" data-track-links=\"\"><strong>LEIA TAMB\u00c9M<\/strong><\/p>\n<p data-track-category=\"Link no Texto\" data-track-links=\"\"><a href=\"https:\/\/redenoticiaz.com.br\/blog\/2022\/10\/02\/eleicoes-2022-horario-de-votacao-termina-em-todo-o-pais\">Elei\u00e7\u00f5es 2022: hor\u00e1rio de vota\u00e7\u00e3o termina em todo o pa\u00eds<\/a><\/p>\n<\/div>\n","protected":false},"excerpt":{"rendered":"<p>S\u00e3o Paulo escolheu um novo senador para representar o estado. Contrariando as pesquisas de inten\u00e7\u00f5es de votos, Marcos Pontes (PL), ex-ministro da Ci\u00eancia da gest\u00e3o Jair Bolsonaro, foi eleito. Ele superou o ex-governador de S\u00e3o Paulo, M\u00e1rcio Fran\u00e7a (PSB), que era apontado como favorito nas pesquisas. Pontes vai compor o trio de senadores por S\u00e3o &hellip;<\/p>\n","protected":false},"author":6,"featured_media":92662,"comment_status":"open","ping_status":"closed","sticky":false,"template":"","format":"standard","meta":{"footnotes":""},"categories":[9271],"tags":[2243,20829,20830],"class_list":["post-92661","post","type-post","status-publish","format-standard","has-post-thumbnail","hentry","category-eleicoes","tag-eleicoes-2022","tag-marcos-pontes","tag-senado-federal"],"yoast_head":"<!-- This site is optimized with the Yoast SEO plugin v27.4 - https:\/\/yoast.com\/product\/yoast-seo-wordpress\/ -->\n<title>Astronauta Marcos Pontes \u201csobrevoa\u201d rumo ao Senado - Ribeir\u00e3o Preto e Regi\u00e3o<\/title>\n<meta name=\"description\" content=\"S\u00e3o Paulo escolheu um novo senador para representar o estado. Contrariando as pesquisas de inten\u00e7\u00f5es de votos, Marcos Pontes (\" \/>\n<meta name=\"robots\" content=\"index, follow, max-snippet:-1, max-image-preview:large, max-video-preview:-1\" \/>\n<link rel=\"canonical\" href=\"https:\/\/redenoticiaz.com.br\/ribeiraopreto-regiao\/sp\/2022\/10\/02\/astronauta-marcos-pontes-sobrevoa-rumo-ao-senado\" \/>\n<meta property=\"og:locale\" content=\"pt_BR\" \/>\n<meta property=\"og:type\" content=\"article\" \/>\n<meta property=\"og:title\" content=\"Astronauta Marcos Pontes \u201csobrevoa\u201d rumo ao Senado - Ribeir\u00e3o Preto e Regi\u00e3o\" \/>\n<meta property=\"og:description\" content=\"S\u00e3o Paulo escolheu um novo senador para representar o estado. Contrariando as pesquisas de inten\u00e7\u00f5es de votos, Marcos Pontes (\" \/>\n<meta property=\"og:url\" content=\"https:\/\/redenoticiaz.com.br\/ribeiraopreto-regiao\/sp\/2022\/10\/02\/astronauta-marcos-pontes-sobrevoa-rumo-ao-senado\" \/>\n<meta property=\"og:site_name\" content=\"Ribeir\u00e3o Preto e Regi\u00e3o\" \/>\n<meta property=\"article:publisher\" content=\"https:\/\/m.facebook.com\/redenoticiaz.barretos\" \/>\n<meta property=\"article:published_time\" content=\"2022-10-03T01:07:11+00:00\" \/>\n<meta property=\"og:image\" content=\"https:\/\/redenoticiaz.com.br\/ribeiraopreto-regiao\/wp-content\/uploads\/sites\/4\/2022\/10\/Garoto-recolhe-lotes-de-chocolates-por-risco-de-fragmentos-de-vidro.png\" \/>\n\t<meta property=\"og:image:width\" content=\"1000\" \/>\n\t<meta property=\"og:image:height\" content=\"900\" \/>\n\t<meta property=\"og:image:type\" content=\"image\/png\" \/>\n<meta name=\"author\" content=\"Leonardo Francisco\" \/>\n<meta name=\"twitter:card\" content=\"summary_large_image\" \/>\n<meta name=\"twitter:creator\" content=\"@RN_barretos\" \/>\n<meta name=\"twitter:site\" content=\"@RN_barretos\" \/>\n<meta name=\"twitter:label1\" content=\"Escrito por\" \/>\n\t<meta name=\"twitter:data1\" content=\"Leonardo Francisco\" \/>\n\t<meta name=\"twitter:label2\" content=\"Est. tempo de leitura\" \/>\n\t<meta name=\"twitter:data2\" content=\"2 minutos\" \/>\n<script type=\"application\/ld+json\" class=\"yoast-schema-graph\">{\"@context\":\"https:\\\/\\\/schema.org\",\"@graph\":[{\"@type\":\"Article\",\"@id\":\"https:\\\/\\\/redenoticiaz.com.br\\\/ribeiraopreto-regiao\\\/sp\\\/2022\\\/10\\\/02\\\/astronauta-marcos-pontes-sobrevoa-rumo-ao-senado#article\",\"isPartOf\":{\"@id\":\"https:\\\/\\\/redenoticiaz.com.br\\\/ribeiraopreto-regiao\\\/sp\\\/2022\\\/10\\\/02\\\/astronauta-marcos-pontes-sobrevoa-rumo-ao-senado\"},\"author\":{\"name\":\"Leonardo Francisco\",\"@id\":\"https:\\\/\\\/redenoticiaz.com.br\\\/ribeiraopreto-regiao\\\/#\\\/schema\\\/person\\\/0f0b8a5bdafefe82841e07ae8d81ecb3\"},\"headline\":\"Astronauta Marcos Pontes \u201csobrevoa\u201d rumo ao Senado\",\"datePublished\":\"2022-10-03T01:07:11+00:00\",\"mainEntityOfPage\":{\"@id\":\"https:\\\/\\\/redenoticiaz.com.br\\\/ribeiraopreto-regiao\\\/sp\\\/2022\\\/10\\\/02\\\/astronauta-marcos-pontes-sobrevoa-rumo-ao-senado\"},\"wordCount\":286,\"commentCount\":0,\"publisher\":{\"@id\":\"https:\\\/\\\/redenoticiaz.com.br\\\/ribeiraopreto-regiao\\\/#organization\"},\"image\":{\"@id\":\"https:\\\/\\\/redenoticiaz.com.br\\\/ribeiraopreto-regiao\\\/sp\\\/2022\\\/10\\\/02\\\/astronauta-marcos-pontes-sobrevoa-rumo-ao-senado#primaryimage\"},\"thumbnailUrl\":\"https:\\\/\\\/redenoticiaz.com.br\\\/ribeiraopreto-regiao\\\/wp-content\\\/uploads\\\/sites\\\/4\\\/2022\\\/10\\\/MARCOS-PONTES.jpg?v=1664758979\",\"keywords\":[\"ELEI\u00c7\u00d5ES 2022\",\"MARCOS PONTES\",\"SENADO FEDERAL\"],\"articleSection\":[\"Elei\u00e7\u00f5es\"],\"inLanguage\":\"pt-BR\",\"potentialAction\":[{\"@type\":\"CommentAction\",\"name\":\"Comment\",\"target\":[\"https:\\\/\\\/redenoticiaz.com.br\\\/ribeiraopreto-regiao\\\/sp\\\/2022\\\/10\\\/02\\\/astronauta-marcos-pontes-sobrevoa-rumo-ao-senado#respond\"]}]},{\"@type\":\"WebPage\",\"@id\":\"https:\\\/\\\/redenoticiaz.com.br\\\/ribeiraopreto-regiao\\\/sp\\\/2022\\\/10\\\/02\\\/astronauta-marcos-pontes-sobrevoa-rumo-ao-senado\",\"url\":\"https:\\\/\\\/redenoticiaz.com.br\\\/ribeiraopreto-regiao\\\/sp\\\/2022\\\/10\\\/02\\\/astronauta-marcos-pontes-sobrevoa-rumo-ao-senado\",\"name\":\"Astronauta Marcos Pontes \u201csobrevoa\u201d rumo ao Senado - Ribeir\u00e3o Preto e Regi\u00e3o\",\"isPartOf\":{\"@id\":\"https:\\\/\\\/redenoticiaz.com.br\\\/ribeiraopreto-regiao\\\/#website\"},\"primaryImageOfPage\":{\"@id\":\"https:\\\/\\\/redenoticiaz.com.br\\\/ribeiraopreto-regiao\\\/sp\\\/2022\\\/10\\\/02\\\/astronauta-marcos-pontes-sobrevoa-rumo-ao-senado#primaryimage\"},\"image\":{\"@id\":\"https:\\\/\\\/redenoticiaz.com.br\\\/ribeiraopreto-regiao\\\/sp\\\/2022\\\/10\\\/02\\\/astronauta-marcos-pontes-sobrevoa-rumo-ao-senado#primaryimage\"},\"thumbnailUrl\":\"https:\\\/\\\/redenoticiaz.com.br\\\/ribeiraopreto-regiao\\\/wp-content\\\/uploads\\\/sites\\\/4\\\/2022\\\/10\\\/MARCOS-PONTES.jpg?v=1664758979\",\"datePublished\":\"2022-10-03T01:07:11+00:00\",\"description\":\"S\u00e3o Paulo escolheu um novo senador para representar o estado. Contrariando as pesquisas de inten\u00e7\u00f5es de votos, Marcos Pontes (\",\"inLanguage\":\"pt-BR\",\"potentialAction\":[{\"@type\":\"ReadAction\",\"target\":[\"https:\\\/\\\/redenoticiaz.com.br\\\/ribeiraopreto-regiao\\\/sp\\\/2022\\\/10\\\/02\\\/astronauta-marcos-pontes-sobrevoa-rumo-ao-senado\"]}]},{\"@type\":\"ImageObject\",\"inLanguage\":\"pt-BR\",\"@id\":\"https:\\\/\\\/redenoticiaz.com.br\\\/ribeiraopreto-regiao\\\/sp\\\/2022\\\/10\\\/02\\\/astronauta-marcos-pontes-sobrevoa-rumo-ao-senado#primaryimage\",\"url\":\"https:\\\/\\\/redenoticiaz.com.br\\\/ribeiraopreto-regiao\\\/wp-content\\\/uploads\\\/sites\\\/4\\\/2022\\\/10\\\/MARCOS-PONTES.jpg?v=1664758979\",\"contentUrl\":\"https:\\\/\\\/redenoticiaz.com.br\\\/ribeiraopreto-regiao\\\/wp-content\\\/uploads\\\/sites\\\/4\\\/2022\\\/10\\\/MARCOS-PONTES.jpg?v=1664758979\",\"width\":640,\"height\":427,\"caption\":\"Cr\u00e9ditos: Divulga\u00e7\u00e3o\"},{\"@type\":\"WebSite\",\"@id\":\"https:\\\/\\\/redenoticiaz.com.br\\\/ribeiraopreto-regiao\\\/#website\",\"url\":\"https:\\\/\\\/redenoticiaz.com.br\\\/ribeiraopreto-regiao\\\/\",\"name\":\"Ribeir\u00e3o Preto e Regi\u00e3o\",\"description\":\"Rede NoticiaZ - Ribeir\u00e3o Preto e regi\u00e3o\",\"publisher\":{\"@id\":\"https:\\\/\\\/redenoticiaz.com.br\\\/ribeiraopreto-regiao\\\/#organization\"},\"potentialAction\":[{\"@type\":\"SearchAction\",\"target\":{\"@type\":\"EntryPoint\",\"urlTemplate\":\"https:\\\/\\\/redenoticiaz.com.br\\\/ribeiraopreto-regiao\\\/?s={search_term_string}\"},\"query-input\":{\"@type\":\"PropertyValueSpecification\",\"valueRequired\":true,\"valueName\":\"search_term_string\"}}],\"inLanguage\":\"pt-BR\"},{\"@type\":\"Organization\",\"@id\":\"https:\\\/\\\/redenoticiaz.com.br\\\/ribeiraopreto-regiao\\\/#organization\",\"name\":\"Ribeir\u00e3o Preto e Regi\u00e3o\",\"url\":\"https:\\\/\\\/redenoticiaz.com.br\\\/ribeiraopreto-regiao\\\/\",\"logo\":{\"@type\":\"ImageObject\",\"inLanguage\":\"pt-BR\",\"@id\":\"https:\\\/\\\/redenoticiaz.com.br\\\/ribeiraopreto-regiao\\\/#\\\/schema\\\/logo\\\/image\\\/\",\"url\":\"https:\\\/\\\/redenoticiaz.com.br\\\/barretos-regiao\\\/wp-content\\\/uploads\\\/sites\\\/4\\\/2022\\\/02\\\/logo.jpg\",\"contentUrl\":\"https:\\\/\\\/redenoticiaz.com.br\\\/barretos-regiao\\\/wp-content\\\/uploads\\\/sites\\\/4\\\/2022\\\/02\\\/logo.jpg\",\"width\":400,\"height\":250,\"caption\":\"Ribeir\u00e3o Preto e Regi\u00e3o\"},\"image\":{\"@id\":\"https:\\\/\\\/redenoticiaz.com.br\\\/ribeiraopreto-regiao\\\/#\\\/schema\\\/logo\\\/image\\\/\"},\"sameAs\":[\"https:\\\/\\\/m.facebook.com\\\/redenoticiaz.barretos\",\"https:\\\/\\\/x.com\\\/RN_barretos\",\"https:\\\/\\\/www.instagram.com\\\/redenoticiaz.barretos\\\/?igshid=YmMyMTA2M2Y\",\"https:\\\/\\\/www.linkedin.com\\\/company\\\/rede-noticiaz-barretos-e-regio\\\/\"]},{\"@type\":\"Person\",\"@id\":\"https:\\\/\\\/redenoticiaz.com.br\\\/ribeiraopreto-regiao\\\/#\\\/schema\\\/person\\\/0f0b8a5bdafefe82841e07ae8d81ecb3\",\"name\":\"Leonardo Francisco\",\"image\":{\"@type\":\"ImageObject\",\"inLanguage\":\"pt-BR\",\"@id\":\"https:\\\/\\\/secure.gravatar.com\\\/avatar\\\/a7358cb406a99b682ec6df1e77e31ae82e63601f6784e8a3df411d72b37864da?s=96&d=mm&r=g\",\"url\":\"https:\\\/\\\/secure.gravatar.com\\\/avatar\\\/a7358cb406a99b682ec6df1e77e31ae82e63601f6784e8a3df411d72b37864da?s=96&d=mm&r=g\",\"contentUrl\":\"https:\\\/\\\/secure.gravatar.com\\\/avatar\\\/a7358cb406a99b682ec6df1e77e31ae82e63601f6784e8a3df411d72b37864da?s=96&d=mm&r=g\",\"caption\":\"Leonardo Francisco\"},\"url\":\"https:\\\/\\\/redenoticiaz.com.br\\\/ribeiraopreto-regiao\\\/sp\\\/author\\\/leonardo-francisco\"}]}<\/script>\n<!-- \/ Yoast SEO plugin. -->","yoast_head_json":{"title":"Astronauta Marcos Pontes \u201csobrevoa\u201d rumo ao Senado - Ribeir\u00e3o Preto e Regi\u00e3o","description":"S\u00e3o Paulo escolheu um novo senador para representar o estado. Contrariando as pesquisas de inten\u00e7\u00f5es de votos, Marcos Pontes (","robots":{"index":"index","follow":"follow","max-snippet":"max-snippet:-1","max-image-preview":"max-image-preview:large","max-video-preview":"max-video-preview:-1"},"canonical":"https:\/\/redenoticiaz.com.br\/ribeiraopreto-regiao\/sp\/2022\/10\/02\/astronauta-marcos-pontes-sobrevoa-rumo-ao-senado","og_locale":"pt_BR","og_type":"article","og_title":"Astronauta Marcos Pontes \u201csobrevoa\u201d rumo ao Senado - Ribeir\u00e3o Preto e Regi\u00e3o","og_description":"S\u00e3o Paulo escolheu um novo senador para representar o estado. Contrariando as pesquisas de inten\u00e7\u00f5es de votos, Marcos Pontes (","og_url":"https:\/\/redenoticiaz.com.br\/ribeiraopreto-regiao\/sp\/2022\/10\/02\/astronauta-marcos-pontes-sobrevoa-rumo-ao-senado","og_site_name":"Ribeir\u00e3o Preto e Regi\u00e3o","article_publisher":"https:\/\/m.facebook.com\/redenoticiaz.barretos","article_published_time":"2022-10-03T01:07:11+00:00","og_image":[{"width":1000,"height":900,"url":"https:\/\/redenoticiaz.com.br\/ribeiraopreto-regiao\/wp-content\/uploads\/sites\/4\/2022\/10\/Garoto-recolhe-lotes-de-chocolates-por-risco-de-fragmentos-de-vidro.png","type":"image\/png"}],"author":"Leonardo Francisco","twitter_card":"summary_large_image","twitter_creator":"@RN_barretos","twitter_site":"@RN_barretos","twitter_misc":{"Escrito por":"Leonardo Francisco","Est. tempo de leitura":"2 minutos"},"schema":{"@context":"https:\/\/schema.org","@graph":[{"@type":"Article","@id":"https:\/\/redenoticiaz.com.br\/ribeiraopreto-regiao\/sp\/2022\/10\/02\/astronauta-marcos-pontes-sobrevoa-rumo-ao-senado#article","isPartOf":{"@id":"https:\/\/redenoticiaz.com.br\/ribeiraopreto-regiao\/sp\/2022\/10\/02\/astronauta-marcos-pontes-sobrevoa-rumo-ao-senado"},"author":{"name":"Leonardo Francisco","@id":"https:\/\/redenoticiaz.com.br\/ribeiraopreto-regiao\/#\/schema\/person\/0f0b8a5bdafefe82841e07ae8d81ecb3"},"headline":"Astronauta Marcos Pontes \u201csobrevoa\u201d rumo ao Senado","datePublished":"2022-10-03T01:07:11+00:00","mainEntityOfPage":{"@id":"https:\/\/redenoticiaz.com.br\/ribeiraopreto-regiao\/sp\/2022\/10\/02\/astronauta-marcos-pontes-sobrevoa-rumo-ao-senado"},"wordCount":286,"commentCount":0,"publisher":{"@id":"https:\/\/redenoticiaz.com.br\/ribeiraopreto-regiao\/#organization"},"image":{"@id":"https:\/\/redenoticiaz.com.br\/ribeiraopreto-regiao\/sp\/2022\/10\/02\/astronauta-marcos-pontes-sobrevoa-rumo-ao-senado#primaryimage"},"thumbnailUrl":"https:\/\/redenoticiaz.com.br\/ribeiraopreto-regiao\/wp-content\/uploads\/sites\/4\/2022\/10\/MARCOS-PONTES.jpg?v=1664758979","keywords":["ELEI\u00c7\u00d5ES 2022","MARCOS PONTES","SENADO FEDERAL"],"articleSection":["Elei\u00e7\u00f5es"],"inLanguage":"pt-BR","potentialAction":[{"@type":"CommentAction","name":"Comment","target":["https:\/\/redenoticiaz.com.br\/ribeiraopreto-regiao\/sp\/2022\/10\/02\/astronauta-marcos-pontes-sobrevoa-rumo-ao-senado#respond"]}]},{"@type":"WebPage","@id":"https:\/\/redenoticiaz.com.br\/ribeiraopreto-regiao\/sp\/2022\/10\/02\/astronauta-marcos-pontes-sobrevoa-rumo-ao-senado","url":"https:\/\/redenoticiaz.com.br\/ribeiraopreto-regiao\/sp\/2022\/10\/02\/astronauta-marcos-pontes-sobrevoa-rumo-ao-senado","name":"Astronauta Marcos Pontes \u201csobrevoa\u201d rumo ao Senado - Ribeir\u00e3o Preto e Regi\u00e3o","isPartOf":{"@id":"https:\/\/redenoticiaz.com.br\/ribeiraopreto-regiao\/#website"},"primaryImageOfPage":{"@id":"https:\/\/redenoticiaz.com.br\/ribeiraopreto-regiao\/sp\/2022\/10\/02\/astronauta-marcos-pontes-sobrevoa-rumo-ao-senado#primaryimage"},"image":{"@id":"https:\/\/redenoticiaz.com.br\/ribeiraopreto-regiao\/sp\/2022\/10\/02\/astronauta-marcos-pontes-sobrevoa-rumo-ao-senado#primaryimage"},"thumbnailUrl":"https:\/\/redenoticiaz.com.br\/ribeiraopreto-regiao\/wp-content\/uploads\/sites\/4\/2022\/10\/MARCOS-PONTES.jpg?v=1664758979","datePublished":"2022-10-03T01:07:11+00:00","description":"S\u00e3o Paulo escolheu um novo senador para representar o estado. Contrariando as pesquisas de inten\u00e7\u00f5es de votos, Marcos Pontes (","inLanguage":"pt-BR","potentialAction":[{"@type":"ReadAction","target":["https:\/\/redenoticiaz.com.br\/ribeiraopreto-regiao\/sp\/2022\/10\/02\/astronauta-marcos-pontes-sobrevoa-rumo-ao-senado"]}]},{"@type":"ImageObject","inLanguage":"pt-BR","@id":"https:\/\/redenoticiaz.com.br\/ribeiraopreto-regiao\/sp\/2022\/10\/02\/astronauta-marcos-pontes-sobrevoa-rumo-ao-senado#primaryimage","url":"https:\/\/redenoticiaz.com.br\/ribeiraopreto-regiao\/wp-content\/uploads\/sites\/4\/2022\/10\/MARCOS-PONTES.jpg?v=1664758979","contentUrl":"https:\/\/redenoticiaz.com.br\/ribeiraopreto-regiao\/wp-content\/uploads\/sites\/4\/2022\/10\/MARCOS-PONTES.jpg?v=1664758979","width":640,"height":427,"caption":"Cr\u00e9ditos: Divulga\u00e7\u00e3o"},{"@type":"WebSite","@id":"https:\/\/redenoticiaz.com.br\/ribeiraopreto-regiao\/#website","url":"https:\/\/redenoticiaz.com.br\/ribeiraopreto-regiao\/","name":"Ribeir\u00e3o Preto e Regi\u00e3o","description":"Rede NoticiaZ - Ribeir\u00e3o Preto e regi\u00e3o","publisher":{"@id":"https:\/\/redenoticiaz.com.br\/ribeiraopreto-regiao\/#organization"},"potentialAction":[{"@type":"SearchAction","target":{"@type":"EntryPoint","urlTemplate":"https:\/\/redenoticiaz.com.br\/ribeiraopreto-regiao\/?s={search_term_string}"},"query-input":{"@type":"PropertyValueSpecification","valueRequired":true,"valueName":"search_term_string"}}],"inLanguage":"pt-BR"},{"@type":"Organization","@id":"https:\/\/redenoticiaz.com.br\/ribeiraopreto-regiao\/#organization","name":"Ribeir\u00e3o Preto e Regi\u00e3o","url":"https:\/\/redenoticiaz.com.br\/ribeiraopreto-regiao\/","logo":{"@type":"ImageObject","inLanguage":"pt-BR","@id":"https:\/\/redenoticiaz.com.br\/ribeiraopreto-regiao\/#\/schema\/logo\/image\/","url":"https:\/\/redenoticiaz.com.br\/barretos-regiao\/wp-content\/uploads\/sites\/4\/2022\/02\/logo.jpg","contentUrl":"https:\/\/redenoticiaz.com.br\/barretos-regiao\/wp-content\/uploads\/sites\/4\/2022\/02\/logo.jpg","width":400,"height":250,"caption":"Ribeir\u00e3o Preto e Regi\u00e3o"},"image":{"@id":"https:\/\/redenoticiaz.com.br\/ribeiraopreto-regiao\/#\/schema\/logo\/image\/"},"sameAs":["https:\/\/m.facebook.com\/redenoticiaz.barretos","https:\/\/x.com\/RN_barretos","https:\/\/www.instagram.com\/redenoticiaz.barretos\/?igshid=YmMyMTA2M2Y","https:\/\/www.linkedin.com\/company\/rede-noticiaz-barretos-e-regio\/"]},{"@type":"Person","@id":"https:\/\/redenoticiaz.com.br\/ribeiraopreto-regiao\/#\/schema\/person\/0f0b8a5bdafefe82841e07ae8d81ecb3","name":"Leonardo Francisco","image":{"@type":"ImageObject","inLanguage":"pt-BR","@id":"https:\/\/secure.gravatar.com\/avatar\/a7358cb406a99b682ec6df1e77e31ae82e63601f6784e8a3df411d72b37864da?s=96&d=mm&r=g","url":"https:\/\/secure.gravatar.com\/avatar\/a7358cb406a99b682ec6df1e77e31ae82e63601f6784e8a3df411d72b37864da?s=96&d=mm&r=g","contentUrl":"https:\/\/secure.gravatar.com\/avatar\/a7358cb406a99b682ec6df1e77e31ae82e63601f6784e8a3df411d72b37864da?s=96&d=mm&r=g","caption":"Leonardo Francisco"},"url":"https:\/\/redenoticiaz.com.br\/ribeiraopreto-regiao\/sp\/author\/leonardo-francisco"}]}},"_links":{"self":[{"href":"https:\/\/redenoticiaz.com.br\/ribeiraopreto-regiao\/wp-json\/wp\/v2\/posts\/92661","targetHints":{"allow":["GET"]}}],"collection":[{"href":"https:\/\/redenoticiaz.com.br\/ribeiraopreto-regiao\/wp-json\/wp\/v2\/posts"}],"about":[{"href":"https:\/\/redenoticiaz.com.br\/ribeiraopreto-regiao\/wp-json\/wp\/v2\/types\/post"}],"author":[{"embeddable":true,"href":"https:\/\/redenoticiaz.com.br\/ribeiraopreto-regiao\/wp-json\/wp\/v2\/users\/6"}],"replies":[{"embeddable":true,"href":"https:\/\/redenoticiaz.com.br\/ribeiraopreto-regiao\/wp-json\/wp\/v2\/comments?post=92661"}],"version-history":[{"count":0,"href":"https:\/\/redenoticiaz.com.br\/ribeiraopreto-regiao\/wp-json\/wp\/v2\/posts\/92661\/revisions"}],"wp:featuredmedia":[{"embeddable":true,"href":"https:\/\/redenoticiaz.com.br\/ribeiraopreto-regiao\/wp-json\/wp\/v2\/media\/92662"}],"wp:attachment":[{"href":"https:\/\/redenoticiaz.com.br\/ribeiraopreto-regiao\/wp-json\/wp\/v2\/media?parent=92661"}],"wp:term":[{"taxonomy":"category","embeddable":true,"href":"https:\/\/redenoticiaz.com.br\/ribeiraopreto-regiao\/wp-json\/wp\/v2\/categories?post=92661"},{"taxonomy":"post_tag","embeddable":true,"href":"https:\/\/redenoticiaz.com.br\/ribeiraopreto-regiao\/wp-json\/wp\/v2\/tags?post=92661"}],"curies":[{"name":"wp","href":"https:\/\/api.w.org\/{rel}","templated":true}]}}