{"id":92666,"date":"2022-10-02T22:37:47","date_gmt":"2022-10-03T01:37:47","guid":{"rendered":"https:\/\/redenoticiaz.com.br\/barretos-regiao\/sp\/2022\/10\/02\/lula-e-bolsonaro-vao-disputar-o-segundo-turno-para-a-presidencia"},"modified":"2022-10-02T22:37:47","modified_gmt":"2022-10-03T01:37:47","slug":"lula-e-bolsonaro-vao-disputar-o-segundo-turno-para-a-presidencia","status":"publish","type":"post","link":"https:\/\/redenoticiaz.com.br\/ribeiraopreto-regiao\/sp\/2022\/10\/02\/lula-e-bolsonaro-vao-disputar-o-segundo-turno-para-a-presidencia","title":{"rendered":"Lula e Bolsonaro v\u00e3o disputar o segundo turno para a presid\u00eancia"},"content":{"rendered":"<p>Como \u00e9 de tradi\u00e7\u00e3o no Brasil, haver\u00e1<strong> segundo turno para as elei\u00e7\u00f5es presidenciais<\/strong>. O candidato do PT, o ex-presidente<strong> Luis In\u00e1cio Lula da Silva<\/strong>, terminou na frente do atual presidente e candidato a reelei\u00e7\u00e3o,<strong> Jair Bolsonaro (PL)<\/strong>. A elei\u00e7\u00e3o para segundo turno vai ocorrer no dia 30 de outubro.<\/p>\n<p>Lula votou no col\u00e9gio eleitoral de S\u00e3o Bernardo do Campo e mostrou confian\u00e7a. J\u00e1 Bolsonaro votou no col\u00e9gio eleitoral do Rio de Janeiro. A disputa foi bastante acirrada ao longo de todo o dia, n\u00e3o apenas no Brasil, mas tamb\u00e9m em v\u00e1rios pa\u00edses, que est\u00e3o aptos a permitir a vota\u00e7\u00e3o de brasileiros para a presid\u00eancia.<\/p>\n<p>Em solo brasileiro, Lula venceu em 14 estados de boa parte da Regi\u00e3o Norte, em todo o Nordeste e em Minas Gerais. Enquanto isso, Bolsonaro venceu em 13 estados, especialmente em toda regi\u00e3o Sul e Centro-Oeste e em boa parte do Sudeste.<\/p>\n<div class=\"mc-column content-text active-extra-styles \" data-block-type=\"unstyled\" data-block-weight=\"36\" data-block-id=\"4\">\n<p class=\"content-text__container \" data-track-category=\"Link no Texto\" data-track-links=\"\">A confirma\u00e7\u00e3o de que haver\u00e1 segundo turno foi anunciada pelo Tribunal Superior Eleitoral (TSE) \u00e0s 21h25, quando 96,93% das urnas j\u00e1 tinham sido apuradas. \u00c0quela altura, Lula tinha 47,85% dos votos v\u00e1lidos, e Bolsonaro 43,7% .<\/p>\n<\/div>\n<div class=\"mc-column content-text active-extra-styles \" data-block-type=\"unstyled\" data-block-weight=\"32\" data-block-id=\"5\">\n<p class=\"content-text__container \" data-track-category=\"Link no Texto\" data-track-links=\"\">No momento em que o segundo turno foi confirmado pelo sistema de totaliza\u00e7\u00e3o de votos, a candidata Simone Tebet (MDB) tinha 4,22% dos votos v\u00e1lidos, e o candidato Ciro Gomes (PDT), 3,06%.<\/p>\n<h3 data-track-category=\"Link no Texto\">Perspectiva<\/h3>\n<\/div>\n<div class=\"mc-column content-text active-extra-styles \" data-block-type=\"unstyled\" data-block-weight=\"48\" data-block-id=\"6\">\n<p class=\"content-text__container \" data-track-category=\"Link no Texto\" data-track-links=\"\">Com o resultado, daqui a quatro semanas, no dia 30, eleitores de todo o pa\u00eds v\u00e3o definir entre a volta do PT \u2013 que governou o pa\u00eds por 14 anos, somando os governos Lula e Dilma Rousseff \u2013 e a continuidade do governo Bolsonaro iniciado em 2018.<\/p>\n<\/div>\n<div class=\"mc-column content-text active-extra-styles \" data-block-type=\"unstyled\" data-block-weight=\"49\" data-block-id=\"8\">\n<p class=\"content-text__container \" data-track-category=\"Link no Texto\" data-track-links=\"\">O candidato eleito em segundo turno toma posse no cargo no pr\u00f3ximo dia 1\u00ba de janeiro, em cerim\u00f4nia no Congresso Nacional. Desta vez, o mandato presidencial ter\u00e1 quatro dias a mais: uma reforma eleitoral aprovada em 2021 definiu que, em 2027, a posse presidencial ser\u00e1 em 5 de janeiro.<\/p>\n<div class=\"mc-column content-text active-extra-styles \" data-block-type=\"unstyled\" data-block-weight=\"52\" data-block-id=\"46\">\n<p class=\"content-text__container \" data-track-category=\"Link no Texto\" data-track-links=\"\">Nos \u00faltimos dias, conforme as principais pesquisas de inten\u00e7\u00e3o de voto apontavam a candidatura da Lula com cerca de 50% dos votos v\u00e1lidos. Ou seja, pr\u00f3xima ao limite para uma vit\u00f3ria em primeiro turno \u2013, as equipes de Lula e Bolsonaro se basearam nesses dados para redirecionar os esfor\u00e7os de campanha.<\/p>\n<\/div>\n<div class=\"mc-column content-text active-extra-styles \" data-block-type=\"unstyled\" data-block-weight=\"60\" data-block-id=\"47\">\n<p class=\"content-text__container \" data-track-category=\"Link no Texto\" data-track-links=\"\">No caso de Lula, a campanha buscou conquistar o chamado &#8220;voto \u00fatil&#8221; \u2013 quando o eleitor decide votar no candidato mais bem classificado para ajudar a encerrar a disputa mais rapidamente. A inten\u00e7\u00e3o era atrair simpatizantes de candidatos como Ciro Gomes (PDT) e Simone Tebet (MDB) que, ao votar em Lula, estariam ajudando a evitar um segundo turno com Bolsonaro.<\/p>\n<\/div>\n<div class=\"mc-column content-text active-extra-styles \" data-block-type=\"unstyled\" data-block-weight=\"63\" data-block-id=\"48\">\n<p class=\"content-text__container \" data-track-category=\"Link no Texto\" data-track-links=\"\">J\u00e1 a campanha de Bolsonaro intensificou as cr\u00edticas aos 14 anos de gest\u00e3o do PT, com foco nos esc\u00e2ndalos de corrup\u00e7\u00e3o e na crise enfrentada por pa\u00edses governados pela esquerda na Am\u00e9rica Latina. O principal objetivo, nesse caso, era reduzir a inten\u00e7\u00e3o de voto em Lula no primeiro turno, colocando-o abaixo dos &#8220;50% + 1&#8221; necess\u00e1rios para uma vit\u00f3ria nessa rodada de vota\u00e7\u00e3o.<\/p>\n<p data-track-category=\"Link no Texto\" data-track-links=\"\"><strong>LEIA TAMB\u00c9M<\/strong><\/p>\n<p data-track-category=\"Link no Texto\" data-track-links=\"\"><a href=\"https:\/\/redenoticiaz.com.br\/blog\/2022\/10\/02\/sao-paulo-tera-disputa-de-segundo-turno-entre-tarcisio-e-haddad\">S\u00e3o Paulo ter\u00e1 disputa de segundo turno entre Tarc\u00edsio e Haddad<\/a><\/p>\n<\/div>\n<\/div>\n","protected":false},"excerpt":{"rendered":"<p>Como \u00e9 de tradi\u00e7\u00e3o no Brasil, haver\u00e1 segundo turno para as elei\u00e7\u00f5es presidenciais. O candidato do PT, o ex-presidente Luis In\u00e1cio Lula da Silva, terminou na frente do atual presidente e candidato a reelei\u00e7\u00e3o, Jair Bolsonaro (PL). A elei\u00e7\u00e3o para segundo turno vai ocorrer no dia 30 de outubro. Lula votou no col\u00e9gio eleitoral de &hellip;<\/p>\n","protected":false},"author":6,"featured_media":92667,"comment_status":"open","ping_status":"closed","sticky":false,"template":"","format":"standard","meta":{"footnotes":""},"categories":[9271],"tags":[2244,365,20832,20426,20831],"class_list":["post-92666","post","type-post","status-publish","format-standard","has-post-thumbnail","hentry","category-eleicoes","tag-eleicoes-presidenciais","tag-jair-bolsonaro","tag-luis-inacio-lula-da-silva","tag-presidencia-da-republica","tag-segundo-turno"],"yoast_head":"<!-- This site is optimized with the Yoast SEO plugin v27.4 - https:\/\/yoast.com\/product\/yoast-seo-wordpress\/ -->\n<title>Lula e Bolsonaro v\u00e3o disputar o segundo turno para a presid\u00eancia - Ribeir\u00e3o Preto e Regi\u00e3o<\/title>\n<meta name=\"description\" content=\"presidente Luis In\u00e1cio Lula da Silva, terminou na frente do atual presidente e candidato a reelei\u00e7\u00e3o, Jair Bolsonaro (PL). A elei\u00e7\u00e3o\" \/>\n<meta name=\"robots\" content=\"index, follow, max-snippet:-1, max-image-preview:large, max-video-preview:-1\" \/>\n<link rel=\"canonical\" href=\"https:\/\/redenoticiaz.com.br\/ribeiraopreto-regiao\/sp\/2022\/10\/02\/lula-e-bolsonaro-vao-disputar-o-segundo-turno-para-a-presidencia\" \/>\n<meta property=\"og:locale\" content=\"pt_BR\" \/>\n<meta property=\"og:type\" content=\"article\" \/>\n<meta property=\"og:title\" content=\"Lula e Bolsonaro v\u00e3o disputar o segundo turno para a presid\u00eancia - Ribeir\u00e3o Preto e Regi\u00e3o\" \/>\n<meta property=\"og:description\" content=\"presidente Luis In\u00e1cio Lula da Silva, terminou na frente do atual presidente e candidato a reelei\u00e7\u00e3o, Jair Bolsonaro (PL). A elei\u00e7\u00e3o\" \/>\n<meta property=\"og:url\" content=\"https:\/\/redenoticiaz.com.br\/ribeiraopreto-regiao\/sp\/2022\/10\/02\/lula-e-bolsonaro-vao-disputar-o-segundo-turno-para-a-presidencia\" \/>\n<meta property=\"og:site_name\" content=\"Ribeir\u00e3o Preto e Regi\u00e3o\" \/>\n<meta property=\"article:publisher\" content=\"https:\/\/m.facebook.com\/redenoticiaz.barretos\" \/>\n<meta property=\"article:published_time\" content=\"2022-10-03T01:37:47+00:00\" \/>\n<meta property=\"og:image\" content=\"https:\/\/redenoticiaz.com.br\/ribeiraopreto-regiao\/wp-content\/uploads\/sites\/4\/2022\/02\/logo.jpg\" \/>\n\t<meta property=\"og:image:width\" content=\"400\" \/>\n\t<meta property=\"og:image:height\" content=\"250\" \/>\n\t<meta property=\"og:image:type\" content=\"image\/jpeg\" \/>\n<meta name=\"author\" content=\"Leonardo Francisco\" \/>\n<meta name=\"twitter:card\" content=\"summary_large_image\" \/>\n<meta name=\"twitter:creator\" content=\"@RN_barretos\" \/>\n<meta name=\"twitter:site\" content=\"@RN_barretos\" \/>\n<meta name=\"twitter:label1\" content=\"Escrito por\" \/>\n\t<meta name=\"twitter:data1\" content=\"Leonardo Francisco\" \/>\n\t<meta name=\"twitter:label2\" content=\"Est. tempo de leitura\" \/>\n\t<meta name=\"twitter:data2\" content=\"3 minutos\" \/>\n<script type=\"application\/ld+json\" class=\"yoast-schema-graph\">{\"@context\":\"https:\\\/\\\/schema.org\",\"@graph\":[{\"@type\":\"Article\",\"@id\":\"https:\\\/\\\/redenoticiaz.com.br\\\/ribeiraopreto-regiao\\\/sp\\\/2022\\\/10\\\/02\\\/lula-e-bolsonaro-vao-disputar-o-segundo-turno-para-a-presidencia#article\",\"isPartOf\":{\"@id\":\"https:\\\/\\\/redenoticiaz.com.br\\\/ribeiraopreto-regiao\\\/sp\\\/2022\\\/10\\\/02\\\/lula-e-bolsonaro-vao-disputar-o-segundo-turno-para-a-presidencia\"},\"author\":{\"name\":\"Leonardo Francisco\",\"@id\":\"https:\\\/\\\/redenoticiaz.com.br\\\/ribeiraopreto-regiao\\\/#\\\/schema\\\/person\\\/0f0b8a5bdafefe82841e07ae8d81ecb3\"},\"headline\":\"Lula e Bolsonaro v\u00e3o disputar o segundo turno para a presid\u00eancia\",\"datePublished\":\"2022-10-03T01:37:47+00:00\",\"mainEntityOfPage\":{\"@id\":\"https:\\\/\\\/redenoticiaz.com.br\\\/ribeiraopreto-regiao\\\/sp\\\/2022\\\/10\\\/02\\\/lula-e-bolsonaro-vao-disputar-o-segundo-turno-para-a-presidencia\"},\"wordCount\":531,\"commentCount\":0,\"publisher\":{\"@id\":\"https:\\\/\\\/redenoticiaz.com.br\\\/ribeiraopreto-regiao\\\/#organization\"},\"image\":{\"@id\":\"https:\\\/\\\/redenoticiaz.com.br\\\/ribeiraopreto-regiao\\\/sp\\\/2022\\\/10\\\/02\\\/lula-e-bolsonaro-vao-disputar-o-segundo-turno-para-a-presidencia#primaryimage\"},\"thumbnailUrl\":\"https:\\\/\\\/redenoticiaz.com.br\\\/ribeiraopreto-regiao\\\/wp-content\\\/uploads\\\/sites\\\/4\\\/2022\\\/10\\\/4cf0e930-3561-11ed-b77e-1c20595656c8.jpg?v=1664761011\",\"keywords\":[\"Elei\u00e7\u00f5es Presidenciais\",\"Jair Bolsonaro\",\"LUIS IN\u00c1CIO LULA DA SILVA\",\"PRESID\u00caNCIA DA REP\u00daBLICA\",\"SEGUNDO TURNO\"],\"articleSection\":[\"Elei\u00e7\u00f5es\"],\"inLanguage\":\"pt-BR\",\"potentialAction\":[{\"@type\":\"CommentAction\",\"name\":\"Comment\",\"target\":[\"https:\\\/\\\/redenoticiaz.com.br\\\/ribeiraopreto-regiao\\\/sp\\\/2022\\\/10\\\/02\\\/lula-e-bolsonaro-vao-disputar-o-segundo-turno-para-a-presidencia#respond\"]}]},{\"@type\":\"WebPage\",\"@id\":\"https:\\\/\\\/redenoticiaz.com.br\\\/ribeiraopreto-regiao\\\/sp\\\/2022\\\/10\\\/02\\\/lula-e-bolsonaro-vao-disputar-o-segundo-turno-para-a-presidencia\",\"url\":\"https:\\\/\\\/redenoticiaz.com.br\\\/ribeiraopreto-regiao\\\/sp\\\/2022\\\/10\\\/02\\\/lula-e-bolsonaro-vao-disputar-o-segundo-turno-para-a-presidencia\",\"name\":\"Lula e Bolsonaro v\u00e3o disputar o segundo turno para a presid\u00eancia - Ribeir\u00e3o Preto e Regi\u00e3o\",\"isPartOf\":{\"@id\":\"https:\\\/\\\/redenoticiaz.com.br\\\/ribeiraopreto-regiao\\\/#website\"},\"primaryImageOfPage\":{\"@id\":\"https:\\\/\\\/redenoticiaz.com.br\\\/ribeiraopreto-regiao\\\/sp\\\/2022\\\/10\\\/02\\\/lula-e-bolsonaro-vao-disputar-o-segundo-turno-para-a-presidencia#primaryimage\"},\"image\":{\"@id\":\"https:\\\/\\\/redenoticiaz.com.br\\\/ribeiraopreto-regiao\\\/sp\\\/2022\\\/10\\\/02\\\/lula-e-bolsonaro-vao-disputar-o-segundo-turno-para-a-presidencia#primaryimage\"},\"thumbnailUrl\":\"https:\\\/\\\/redenoticiaz.com.br\\\/ribeiraopreto-regiao\\\/wp-content\\\/uploads\\\/sites\\\/4\\\/2022\\\/10\\\/4cf0e930-3561-11ed-b77e-1c20595656c8.jpg?v=1664761011\",\"datePublished\":\"2022-10-03T01:37:47+00:00\",\"description\":\"presidente Luis In\u00e1cio Lula da Silva, terminou na frente do atual presidente e candidato a reelei\u00e7\u00e3o, Jair Bolsonaro (PL). A elei\u00e7\u00e3o\",\"inLanguage\":\"pt-BR\",\"potentialAction\":[{\"@type\":\"ReadAction\",\"target\":[\"https:\\\/\\\/redenoticiaz.com.br\\\/ribeiraopreto-regiao\\\/sp\\\/2022\\\/10\\\/02\\\/lula-e-bolsonaro-vao-disputar-o-segundo-turno-para-a-presidencia\"]}]},{\"@type\":\"ImageObject\",\"inLanguage\":\"pt-BR\",\"@id\":\"https:\\\/\\\/redenoticiaz.com.br\\\/ribeiraopreto-regiao\\\/sp\\\/2022\\\/10\\\/02\\\/lula-e-bolsonaro-vao-disputar-o-segundo-turno-para-a-presidencia#primaryimage\",\"url\":\"https:\\\/\\\/redenoticiaz.com.br\\\/ribeiraopreto-regiao\\\/wp-content\\\/uploads\\\/sites\\\/4\\\/2022\\\/10\\\/4cf0e930-3561-11ed-b77e-1c20595656c8.jpg?v=1664761011\",\"contentUrl\":\"https:\\\/\\\/redenoticiaz.com.br\\\/ribeiraopreto-regiao\\\/wp-content\\\/uploads\\\/sites\\\/4\\\/2022\\\/10\\\/4cf0e930-3561-11ed-b77e-1c20595656c8.jpg?v=1664761011\",\"width\":640,\"height\":360,\"caption\":\"Cr\u00e9ditos: Reprodu\u00e7\u00e3o\"},{\"@type\":\"WebSite\",\"@id\":\"https:\\\/\\\/redenoticiaz.com.br\\\/ribeiraopreto-regiao\\\/#website\",\"url\":\"https:\\\/\\\/redenoticiaz.com.br\\\/ribeiraopreto-regiao\\\/\",\"name\":\"Ribeir\u00e3o Preto e Regi\u00e3o\",\"description\":\"Rede NoticiaZ - Ribeir\u00e3o Preto e regi\u00e3o\",\"publisher\":{\"@id\":\"https:\\\/\\\/redenoticiaz.com.br\\\/ribeiraopreto-regiao\\\/#organization\"},\"potentialAction\":[{\"@type\":\"SearchAction\",\"target\":{\"@type\":\"EntryPoint\",\"urlTemplate\":\"https:\\\/\\\/redenoticiaz.com.br\\\/ribeiraopreto-regiao\\\/?s={search_term_string}\"},\"query-input\":{\"@type\":\"PropertyValueSpecification\",\"valueRequired\":true,\"valueName\":\"search_term_string\"}}],\"inLanguage\":\"pt-BR\"},{\"@type\":\"Organization\",\"@id\":\"https:\\\/\\\/redenoticiaz.com.br\\\/ribeiraopreto-regiao\\\/#organization\",\"name\":\"Ribeir\u00e3o Preto e Regi\u00e3o\",\"url\":\"https:\\\/\\\/redenoticiaz.com.br\\\/ribeiraopreto-regiao\\\/\",\"logo\":{\"@type\":\"ImageObject\",\"inLanguage\":\"pt-BR\",\"@id\":\"https:\\\/\\\/redenoticiaz.com.br\\\/ribeiraopreto-regiao\\\/#\\\/schema\\\/logo\\\/image\\\/\",\"url\":\"https:\\\/\\\/redenoticiaz.com.br\\\/barretos-regiao\\\/wp-content\\\/uploads\\\/sites\\\/4\\\/2022\\\/02\\\/logo.jpg\",\"contentUrl\":\"https:\\\/\\\/redenoticiaz.com.br\\\/barretos-regiao\\\/wp-content\\\/uploads\\\/sites\\\/4\\\/2022\\\/02\\\/logo.jpg\",\"width\":400,\"height\":250,\"caption\":\"Ribeir\u00e3o Preto e Regi\u00e3o\"},\"image\":{\"@id\":\"https:\\\/\\\/redenoticiaz.com.br\\\/ribeiraopreto-regiao\\\/#\\\/schema\\\/logo\\\/image\\\/\"},\"sameAs\":[\"https:\\\/\\\/m.facebook.com\\\/redenoticiaz.barretos\",\"https:\\\/\\\/x.com\\\/RN_barretos\",\"https:\\\/\\\/www.instagram.com\\\/redenoticiaz.barretos\\\/?igshid=YmMyMTA2M2Y\",\"https:\\\/\\\/www.linkedin.com\\\/company\\\/rede-noticiaz-barretos-e-regio\\\/\"]},{\"@type\":\"Person\",\"@id\":\"https:\\\/\\\/redenoticiaz.com.br\\\/ribeiraopreto-regiao\\\/#\\\/schema\\\/person\\\/0f0b8a5bdafefe82841e07ae8d81ecb3\",\"name\":\"Leonardo Francisco\",\"image\":{\"@type\":\"ImageObject\",\"inLanguage\":\"pt-BR\",\"@id\":\"https:\\\/\\\/secure.gravatar.com\\\/avatar\\\/a7358cb406a99b682ec6df1e77e31ae82e63601f6784e8a3df411d72b37864da?s=96&d=mm&r=g\",\"url\":\"https:\\\/\\\/secure.gravatar.com\\\/avatar\\\/a7358cb406a99b682ec6df1e77e31ae82e63601f6784e8a3df411d72b37864da?s=96&d=mm&r=g\",\"contentUrl\":\"https:\\\/\\\/secure.gravatar.com\\\/avatar\\\/a7358cb406a99b682ec6df1e77e31ae82e63601f6784e8a3df411d72b37864da?s=96&d=mm&r=g\",\"caption\":\"Leonardo Francisco\"},\"url\":\"https:\\\/\\\/redenoticiaz.com.br\\\/ribeiraopreto-regiao\\\/sp\\\/author\\\/leonardo-francisco\"}]}<\/script>\n<!-- \/ Yoast SEO plugin. -->","yoast_head_json":{"title":"Lula e Bolsonaro v\u00e3o disputar o segundo turno para a presid\u00eancia - Ribeir\u00e3o Preto e Regi\u00e3o","description":"presidente Luis In\u00e1cio Lula da Silva, terminou na frente do atual presidente e candidato a reelei\u00e7\u00e3o, Jair Bolsonaro (PL). A elei\u00e7\u00e3o","robots":{"index":"index","follow":"follow","max-snippet":"max-snippet:-1","max-image-preview":"max-image-preview:large","max-video-preview":"max-video-preview:-1"},"canonical":"https:\/\/redenoticiaz.com.br\/ribeiraopreto-regiao\/sp\/2022\/10\/02\/lula-e-bolsonaro-vao-disputar-o-segundo-turno-para-a-presidencia","og_locale":"pt_BR","og_type":"article","og_title":"Lula e Bolsonaro v\u00e3o disputar o segundo turno para a presid\u00eancia - Ribeir\u00e3o Preto e Regi\u00e3o","og_description":"presidente Luis In\u00e1cio Lula da Silva, terminou na frente do atual presidente e candidato a reelei\u00e7\u00e3o, Jair Bolsonaro (PL). A elei\u00e7\u00e3o","og_url":"https:\/\/redenoticiaz.com.br\/ribeiraopreto-regiao\/sp\/2022\/10\/02\/lula-e-bolsonaro-vao-disputar-o-segundo-turno-para-a-presidencia","og_site_name":"Ribeir\u00e3o Preto e Regi\u00e3o","article_publisher":"https:\/\/m.facebook.com\/redenoticiaz.barretos","article_published_time":"2022-10-03T01:37:47+00:00","og_image":[{"width":400,"height":250,"url":"https:\/\/redenoticiaz.com.br\/ribeiraopreto-regiao\/wp-content\/uploads\/sites\/4\/2022\/02\/logo.jpg","type":"image\/jpeg"}],"author":"Leonardo Francisco","twitter_card":"summary_large_image","twitter_creator":"@RN_barretos","twitter_site":"@RN_barretos","twitter_misc":{"Escrito por":"Leonardo Francisco","Est. tempo de leitura":"3 minutos"},"schema":{"@context":"https:\/\/schema.org","@graph":[{"@type":"Article","@id":"https:\/\/redenoticiaz.com.br\/ribeiraopreto-regiao\/sp\/2022\/10\/02\/lula-e-bolsonaro-vao-disputar-o-segundo-turno-para-a-presidencia#article","isPartOf":{"@id":"https:\/\/redenoticiaz.com.br\/ribeiraopreto-regiao\/sp\/2022\/10\/02\/lula-e-bolsonaro-vao-disputar-o-segundo-turno-para-a-presidencia"},"author":{"name":"Leonardo Francisco","@id":"https:\/\/redenoticiaz.com.br\/ribeiraopreto-regiao\/#\/schema\/person\/0f0b8a5bdafefe82841e07ae8d81ecb3"},"headline":"Lula e Bolsonaro v\u00e3o disputar o segundo turno para a presid\u00eancia","datePublished":"2022-10-03T01:37:47+00:00","mainEntityOfPage":{"@id":"https:\/\/redenoticiaz.com.br\/ribeiraopreto-regiao\/sp\/2022\/10\/02\/lula-e-bolsonaro-vao-disputar-o-segundo-turno-para-a-presidencia"},"wordCount":531,"commentCount":0,"publisher":{"@id":"https:\/\/redenoticiaz.com.br\/ribeiraopreto-regiao\/#organization"},"image":{"@id":"https:\/\/redenoticiaz.com.br\/ribeiraopreto-regiao\/sp\/2022\/10\/02\/lula-e-bolsonaro-vao-disputar-o-segundo-turno-para-a-presidencia#primaryimage"},"thumbnailUrl":"https:\/\/redenoticiaz.com.br\/ribeiraopreto-regiao\/wp-content\/uploads\/sites\/4\/2022\/10\/4cf0e930-3561-11ed-b77e-1c20595656c8.jpg?v=1664761011","keywords":["Elei\u00e7\u00f5es Presidenciais","Jair Bolsonaro","LUIS IN\u00c1CIO LULA DA SILVA","PRESID\u00caNCIA DA REP\u00daBLICA","SEGUNDO TURNO"],"articleSection":["Elei\u00e7\u00f5es"],"inLanguage":"pt-BR","potentialAction":[{"@type":"CommentAction","name":"Comment","target":["https:\/\/redenoticiaz.com.br\/ribeiraopreto-regiao\/sp\/2022\/10\/02\/lula-e-bolsonaro-vao-disputar-o-segundo-turno-para-a-presidencia#respond"]}]},{"@type":"WebPage","@id":"https:\/\/redenoticiaz.com.br\/ribeiraopreto-regiao\/sp\/2022\/10\/02\/lula-e-bolsonaro-vao-disputar-o-segundo-turno-para-a-presidencia","url":"https:\/\/redenoticiaz.com.br\/ribeiraopreto-regiao\/sp\/2022\/10\/02\/lula-e-bolsonaro-vao-disputar-o-segundo-turno-para-a-presidencia","name":"Lula e Bolsonaro v\u00e3o disputar o segundo turno para a presid\u00eancia - Ribeir\u00e3o Preto e Regi\u00e3o","isPartOf":{"@id":"https:\/\/redenoticiaz.com.br\/ribeiraopreto-regiao\/#website"},"primaryImageOfPage":{"@id":"https:\/\/redenoticiaz.com.br\/ribeiraopreto-regiao\/sp\/2022\/10\/02\/lula-e-bolsonaro-vao-disputar-o-segundo-turno-para-a-presidencia#primaryimage"},"image":{"@id":"https:\/\/redenoticiaz.com.br\/ribeiraopreto-regiao\/sp\/2022\/10\/02\/lula-e-bolsonaro-vao-disputar-o-segundo-turno-para-a-presidencia#primaryimage"},"thumbnailUrl":"https:\/\/redenoticiaz.com.br\/ribeiraopreto-regiao\/wp-content\/uploads\/sites\/4\/2022\/10\/4cf0e930-3561-11ed-b77e-1c20595656c8.jpg?v=1664761011","datePublished":"2022-10-03T01:37:47+00:00","description":"presidente Luis In\u00e1cio Lula da Silva, terminou na frente do atual presidente e candidato a reelei\u00e7\u00e3o, Jair Bolsonaro (PL). A elei\u00e7\u00e3o","inLanguage":"pt-BR","potentialAction":[{"@type":"ReadAction","target":["https:\/\/redenoticiaz.com.br\/ribeiraopreto-regiao\/sp\/2022\/10\/02\/lula-e-bolsonaro-vao-disputar-o-segundo-turno-para-a-presidencia"]}]},{"@type":"ImageObject","inLanguage":"pt-BR","@id":"https:\/\/redenoticiaz.com.br\/ribeiraopreto-regiao\/sp\/2022\/10\/02\/lula-e-bolsonaro-vao-disputar-o-segundo-turno-para-a-presidencia#primaryimage","url":"https:\/\/redenoticiaz.com.br\/ribeiraopreto-regiao\/wp-content\/uploads\/sites\/4\/2022\/10\/4cf0e930-3561-11ed-b77e-1c20595656c8.jpg?v=1664761011","contentUrl":"https:\/\/redenoticiaz.com.br\/ribeiraopreto-regiao\/wp-content\/uploads\/sites\/4\/2022\/10\/4cf0e930-3561-11ed-b77e-1c20595656c8.jpg?v=1664761011","width":640,"height":360,"caption":"Cr\u00e9ditos: Reprodu\u00e7\u00e3o"},{"@type":"WebSite","@id":"https:\/\/redenoticiaz.com.br\/ribeiraopreto-regiao\/#website","url":"https:\/\/redenoticiaz.com.br\/ribeiraopreto-regiao\/","name":"Ribeir\u00e3o Preto e Regi\u00e3o","description":"Rede NoticiaZ - Ribeir\u00e3o Preto e regi\u00e3o","publisher":{"@id":"https:\/\/redenoticiaz.com.br\/ribeiraopreto-regiao\/#organization"},"potentialAction":[{"@type":"SearchAction","target":{"@type":"EntryPoint","urlTemplate":"https:\/\/redenoticiaz.com.br\/ribeiraopreto-regiao\/?s={search_term_string}"},"query-input":{"@type":"PropertyValueSpecification","valueRequired":true,"valueName":"search_term_string"}}],"inLanguage":"pt-BR"},{"@type":"Organization","@id":"https:\/\/redenoticiaz.com.br\/ribeiraopreto-regiao\/#organization","name":"Ribeir\u00e3o Preto e Regi\u00e3o","url":"https:\/\/redenoticiaz.com.br\/ribeiraopreto-regiao\/","logo":{"@type":"ImageObject","inLanguage":"pt-BR","@id":"https:\/\/redenoticiaz.com.br\/ribeiraopreto-regiao\/#\/schema\/logo\/image\/","url":"https:\/\/redenoticiaz.com.br\/barretos-regiao\/wp-content\/uploads\/sites\/4\/2022\/02\/logo.jpg","contentUrl":"https:\/\/redenoticiaz.com.br\/barretos-regiao\/wp-content\/uploads\/sites\/4\/2022\/02\/logo.jpg","width":400,"height":250,"caption":"Ribeir\u00e3o Preto e Regi\u00e3o"},"image":{"@id":"https:\/\/redenoticiaz.com.br\/ribeiraopreto-regiao\/#\/schema\/logo\/image\/"},"sameAs":["https:\/\/m.facebook.com\/redenoticiaz.barretos","https:\/\/x.com\/RN_barretos","https:\/\/www.instagram.com\/redenoticiaz.barretos\/?igshid=YmMyMTA2M2Y","https:\/\/www.linkedin.com\/company\/rede-noticiaz-barretos-e-regio\/"]},{"@type":"Person","@id":"https:\/\/redenoticiaz.com.br\/ribeiraopreto-regiao\/#\/schema\/person\/0f0b8a5bdafefe82841e07ae8d81ecb3","name":"Leonardo Francisco","image":{"@type":"ImageObject","inLanguage":"pt-BR","@id":"https:\/\/secure.gravatar.com\/avatar\/a7358cb406a99b682ec6df1e77e31ae82e63601f6784e8a3df411d72b37864da?s=96&d=mm&r=g","url":"https:\/\/secure.gravatar.com\/avatar\/a7358cb406a99b682ec6df1e77e31ae82e63601f6784e8a3df411d72b37864da?s=96&d=mm&r=g","contentUrl":"https:\/\/secure.gravatar.com\/avatar\/a7358cb406a99b682ec6df1e77e31ae82e63601f6784e8a3df411d72b37864da?s=96&d=mm&r=g","caption":"Leonardo Francisco"},"url":"https:\/\/redenoticiaz.com.br\/ribeiraopreto-regiao\/sp\/author\/leonardo-francisco"}]}},"_links":{"self":[{"href":"https:\/\/redenoticiaz.com.br\/ribeiraopreto-regiao\/wp-json\/wp\/v2\/posts\/92666","targetHints":{"allow":["GET"]}}],"collection":[{"href":"https:\/\/redenoticiaz.com.br\/ribeiraopreto-regiao\/wp-json\/wp\/v2\/posts"}],"about":[{"href":"https:\/\/redenoticiaz.com.br\/ribeiraopreto-regiao\/wp-json\/wp\/v2\/types\/post"}],"author":[{"embeddable":true,"href":"https:\/\/redenoticiaz.com.br\/ribeiraopreto-regiao\/wp-json\/wp\/v2\/users\/6"}],"replies":[{"embeddable":true,"href":"https:\/\/redenoticiaz.com.br\/ribeiraopreto-regiao\/wp-json\/wp\/v2\/comments?post=92666"}],"version-history":[{"count":0,"href":"https:\/\/redenoticiaz.com.br\/ribeiraopreto-regiao\/wp-json\/wp\/v2\/posts\/92666\/revisions"}],"wp:featuredmedia":[{"embeddable":true,"href":"https:\/\/redenoticiaz.com.br\/ribeiraopreto-regiao\/wp-json\/wp\/v2\/media\/92667"}],"wp:attachment":[{"href":"https:\/\/redenoticiaz.com.br\/ribeiraopreto-regiao\/wp-json\/wp\/v2\/media?parent=92666"}],"wp:term":[{"taxonomy":"category","embeddable":true,"href":"https:\/\/redenoticiaz.com.br\/ribeiraopreto-regiao\/wp-json\/wp\/v2\/categories?post=92666"},{"taxonomy":"post_tag","embeddable":true,"href":"https:\/\/redenoticiaz.com.br\/ribeiraopreto-regiao\/wp-json\/wp\/v2\/tags?post=92666"}],"curies":[{"name":"wp","href":"https:\/\/api.w.org\/{rel}","templated":true}]}}