{"id":92709,"date":"2022-10-03T16:23:01","date_gmt":"2022-10-03T19:23:01","guid":{"rendered":"https:\/\/redenoticiaz.com.br\/barretos-regiao\/?p=92709"},"modified":"2022-10-03T16:23:01","modified_gmt":"2022-10-03T19:23:01","slug":"moto-taxista-e-preso-por-trafico-de-drogas","status":"publish","type":"post","link":"https:\/\/redenoticiaz.com.br\/ribeiraopreto-regiao\/sp\/2022\/10\/03\/moto-taxista-e-preso-por-trafico-de-drogas","title":{"rendered":"Moto-taxista \u00e9 preso por tr\u00e1fico de drogas"},"content":{"rendered":"<p>Os Policiais Militares, apresentaram na delegacia um jovem de 21 anos, pelo crime de tr\u00e1fico de drogas em Barretos 2.<\/p>\n<p>Segundo os militares, enquanto eles passavam ao lado da \u201cmatinha do Barretos 2\u201d, ponto conhecido pelo com\u00e9rcio ilegal de drogas, avistaram o suspeito, que estava sentado em um toco de \u00e1rvore. Quando o jovem\u00a0 percebeu a presen\u00e7a dos policiais, empreendeu fuga sendo acompanhado.<\/p>\n<p>Enquanto corria, o suspeito dispensou algo que estava em sua m\u00e3o, sendo capturado poucos metros. J\u00e1 em busca pessoal, os Militares encontraram certa quantia em dinheiro e um aparelho celular.<\/p>\n<p>Retornando o caminho foi achado os pinos com coca\u00edna, embalados e prontos para o com\u00e9rcio.<\/p>\n<p>Questionado, o homem confessou estar traficando h\u00e1 cerca de 4 dias, e que trabalha como moto-taxista, mas que sua moto estava quebrada e ent\u00e3o ele entrou no tr\u00e1fico, sendo dada a ele voz de pris\u00e3o.<\/p>\n<p>Na delegacia o indiciado teve sua pris\u00e3o ratificada, sendo levado para a cadeia da cidade de Colina, onde permaneceu preso.<\/p>\n<p>Os pinos com coca\u00edna, que totalizaram 194 e o dinheiro, que somou o valor de R$216,00, foram devidamente apreendidos.<\/p>\n<p>VEJA TAMB\u00c9M:\u00a0<a href=\"https:\/\/redenoticiaz.com.br\/barretos-regiao\/sp\/2022\/10\/03\/mulher-e-presa-apos-colocar-fogo-na-casa-de-ex-marido\">Mulher \u00e9 presa ap\u00f3s colocar fogo na casa de ex-marido<\/a><\/p>\n","protected":false},"excerpt":{"rendered":"<p>Os Policiais Militares, apresentaram na delegacia um jovem de 21 anos, pelo crime de tr\u00e1fico de drogas em Barretos 2. Segundo os militares, enquanto eles passavam ao lado da \u201cmatinha do Barretos 2\u201d, ponto conhecido pelo com\u00e9rcio ilegal de drogas, avistaram o suspeito, que estava sentado em um toco de \u00e1rvore. Quando o jovem\u00a0 percebeu &hellip;<\/p>\n","protected":false},"author":15,"featured_media":92710,"comment_status":"open","ping_status":"closed","sticky":false,"template":"","format":"standard","meta":{"footnotes":""},"categories":[88],"tags":[4965,792,20849,9413],"class_list":["post-92709","post","type-post","status-publish","format-standard","has-post-thumbnail","hentry","category-policia","tag-cocaina","tag-drogas","tag-moto-taxi","tag-suspeito"],"yoast_head":"<!-- This site is optimized with the Yoast SEO plugin v27.4 - https:\/\/yoast.com\/product\/yoast-seo-wordpress\/ -->\n<title>Moto-taxista \u00e9 preso por tr\u00e1fico de drogas - Ribeir\u00e3o Preto e Regi\u00e3o<\/title>\n<meta name=\"description\" content=\"Os Policiais Militares, apresentaram na delegacia um jovem de 21 anos, pelo crime de tr\u00e1fico de drogas em Barretos 2.\" \/>\n<meta name=\"robots\" content=\"index, follow, max-snippet:-1, max-image-preview:large, max-video-preview:-1\" \/>\n<link rel=\"canonical\" href=\"https:\/\/redenoticiaz.com.br\/ribeiraopreto-regiao\/sp\/2022\/10\/03\/moto-taxista-e-preso-por-trafico-de-drogas\" \/>\n<meta property=\"og:locale\" content=\"pt_BR\" \/>\n<meta property=\"og:type\" content=\"article\" \/>\n<meta property=\"og:title\" content=\"Moto-taxista \u00e9 preso por tr\u00e1fico de drogas - Ribeir\u00e3o Preto e Regi\u00e3o\" \/>\n<meta property=\"og:description\" content=\"Os Policiais Militares, apresentaram na delegacia um jovem de 21 anos, pelo crime de tr\u00e1fico de drogas em Barretos 2.\" \/>\n<meta property=\"og:url\" content=\"https:\/\/redenoticiaz.com.br\/ribeiraopreto-regiao\/sp\/2022\/10\/03\/moto-taxista-e-preso-por-trafico-de-drogas\" \/>\n<meta property=\"og:site_name\" content=\"Ribeir\u00e3o Preto e Regi\u00e3o\" \/>\n<meta property=\"article:publisher\" content=\"https:\/\/m.facebook.com\/redenoticiaz.barretos\" \/>\n<meta property=\"article:published_time\" content=\"2022-10-03T19:23:01+00:00\" \/>\n<meta property=\"og:image\" content=\"https:\/\/redenoticiaz.com.br\/ribeiraopreto-regiao\/wp-content\/uploads\/sites\/4\/2022\/10\/police-dui-checkpoint-2021-08-26-23-04-23-utc-scaled.jpg\" \/>\n\t<meta property=\"og:image:width\" content=\"1620\" \/>\n\t<meta property=\"og:image:height\" content=\"1080\" \/>\n\t<meta property=\"og:image:type\" content=\"image\/jpeg\" \/>\n<meta name=\"twitter:card\" content=\"summary_large_image\" \/>\n<meta name=\"twitter:creator\" content=\"@RN_barretos\" \/>\n<meta name=\"twitter:site\" content=\"@RN_barretos\" \/>\n<meta name=\"twitter:label1\" content=\"Escrito por\" \/>\n\t<meta name=\"twitter:data1\" content=\"\" \/>\n\t<meta name=\"twitter:label2\" content=\"Est. tempo de leitura\" \/>\n\t<meta name=\"twitter:data2\" content=\"2 minutos\" \/>\n<script type=\"application\/ld+json\" class=\"yoast-schema-graph\">{\"@context\":\"https:\\\/\\\/schema.org\",\"@graph\":[{\"@type\":\"Article\",\"@id\":\"https:\\\/\\\/redenoticiaz.com.br\\\/ribeiraopreto-regiao\\\/sp\\\/2022\\\/10\\\/03\\\/moto-taxista-e-preso-por-trafico-de-drogas#article\",\"isPartOf\":{\"@id\":\"https:\\\/\\\/redenoticiaz.com.br\\\/ribeiraopreto-regiao\\\/sp\\\/2022\\\/10\\\/03\\\/moto-taxista-e-preso-por-trafico-de-drogas\"},\"author\":{\"name\":\"\",\"@id\":\"\"},\"headline\":\"Moto-taxista \u00e9 preso por tr\u00e1fico de drogas\",\"datePublished\":\"2022-10-03T19:23:01+00:00\",\"mainEntityOfPage\":{\"@id\":\"https:\\\/\\\/redenoticiaz.com.br\\\/ribeiraopreto-regiao\\\/sp\\\/2022\\\/10\\\/03\\\/moto-taxista-e-preso-por-trafico-de-drogas\"},\"wordCount\":208,\"commentCount\":0,\"publisher\":{\"@id\":\"https:\\\/\\\/redenoticiaz.com.br\\\/ribeiraopreto-regiao\\\/#organization\"},\"image\":{\"@id\":\"https:\\\/\\\/redenoticiaz.com.br\\\/ribeiraopreto-regiao\\\/sp\\\/2022\\\/10\\\/03\\\/moto-taxista-e-preso-por-trafico-de-drogas#primaryimage\"},\"thumbnailUrl\":\"https:\\\/\\\/redenoticiaz.com.br\\\/ribeiraopreto-regiao\\\/wp-content\\\/uploads\\\/sites\\\/4\\\/2022\\\/10\\\/police-dui-checkpoint-2021-08-26-23-04-23-utc-scaled.jpg\",\"keywords\":[\"COCA\u00cdNA\",\"drogas\",\"MOTO-TAXI\",\"SUSPEITO\"],\"articleSection\":[\"Pol\u00edcia\"],\"inLanguage\":\"pt-BR\",\"potentialAction\":[{\"@type\":\"CommentAction\",\"name\":\"Comment\",\"target\":[\"https:\\\/\\\/redenoticiaz.com.br\\\/ribeiraopreto-regiao\\\/sp\\\/2022\\\/10\\\/03\\\/moto-taxista-e-preso-por-trafico-de-drogas#respond\"]}]},{\"@type\":\"WebPage\",\"@id\":\"https:\\\/\\\/redenoticiaz.com.br\\\/ribeiraopreto-regiao\\\/sp\\\/2022\\\/10\\\/03\\\/moto-taxista-e-preso-por-trafico-de-drogas\",\"url\":\"https:\\\/\\\/redenoticiaz.com.br\\\/ribeiraopreto-regiao\\\/sp\\\/2022\\\/10\\\/03\\\/moto-taxista-e-preso-por-trafico-de-drogas\",\"name\":\"Moto-taxista \u00e9 preso por tr\u00e1fico de drogas - Ribeir\u00e3o Preto e Regi\u00e3o\",\"isPartOf\":{\"@id\":\"https:\\\/\\\/redenoticiaz.com.br\\\/ribeiraopreto-regiao\\\/#website\"},\"primaryImageOfPage\":{\"@id\":\"https:\\\/\\\/redenoticiaz.com.br\\\/ribeiraopreto-regiao\\\/sp\\\/2022\\\/10\\\/03\\\/moto-taxista-e-preso-por-trafico-de-drogas#primaryimage\"},\"image\":{\"@id\":\"https:\\\/\\\/redenoticiaz.com.br\\\/ribeiraopreto-regiao\\\/sp\\\/2022\\\/10\\\/03\\\/moto-taxista-e-preso-por-trafico-de-drogas#primaryimage\"},\"thumbnailUrl\":\"https:\\\/\\\/redenoticiaz.com.br\\\/ribeiraopreto-regiao\\\/wp-content\\\/uploads\\\/sites\\\/4\\\/2022\\\/10\\\/police-dui-checkpoint-2021-08-26-23-04-23-utc-scaled.jpg\",\"datePublished\":\"2022-10-03T19:23:01+00:00\",\"description\":\"Os Policiais Militares, apresentaram na delegacia um jovem de 21 anos, pelo crime de tr\u00e1fico de drogas em Barretos 2.\",\"inLanguage\":\"pt-BR\",\"potentialAction\":[{\"@type\":\"ReadAction\",\"target\":[\"https:\\\/\\\/redenoticiaz.com.br\\\/ribeiraopreto-regiao\\\/sp\\\/2022\\\/10\\\/03\\\/moto-taxista-e-preso-por-trafico-de-drogas\"]}]},{\"@type\":\"ImageObject\",\"inLanguage\":\"pt-BR\",\"@id\":\"https:\\\/\\\/redenoticiaz.com.br\\\/ribeiraopreto-regiao\\\/sp\\\/2022\\\/10\\\/03\\\/moto-taxista-e-preso-por-trafico-de-drogas#primaryimage\",\"url\":\"https:\\\/\\\/redenoticiaz.com.br\\\/ribeiraopreto-regiao\\\/wp-content\\\/uploads\\\/sites\\\/4\\\/2022\\\/10\\\/police-dui-checkpoint-2021-08-26-23-04-23-utc-scaled.jpg\",\"contentUrl\":\"https:\\\/\\\/redenoticiaz.com.br\\\/ribeiraopreto-regiao\\\/wp-content\\\/uploads\\\/sites\\\/4\\\/2022\\\/10\\\/police-dui-checkpoint-2021-08-26-23-04-23-utc-scaled.jpg\",\"width\":1620,\"height\":1080,\"caption\":\"Cr\u00e9dito: Reprodu\u00e7\u00e3o\"},{\"@type\":\"WebSite\",\"@id\":\"https:\\\/\\\/redenoticiaz.com.br\\\/ribeiraopreto-regiao\\\/#website\",\"url\":\"https:\\\/\\\/redenoticiaz.com.br\\\/ribeiraopreto-regiao\\\/\",\"name\":\"Ribeir\u00e3o Preto e Regi\u00e3o\",\"description\":\"Rede NoticiaZ - Ribeir\u00e3o Preto e regi\u00e3o\",\"publisher\":{\"@id\":\"https:\\\/\\\/redenoticiaz.com.br\\\/ribeiraopreto-regiao\\\/#organization\"},\"potentialAction\":[{\"@type\":\"SearchAction\",\"target\":{\"@type\":\"EntryPoint\",\"urlTemplate\":\"https:\\\/\\\/redenoticiaz.com.br\\\/ribeiraopreto-regiao\\\/?s={search_term_string}\"},\"query-input\":{\"@type\":\"PropertyValueSpecification\",\"valueRequired\":true,\"valueName\":\"search_term_string\"}}],\"inLanguage\":\"pt-BR\"},{\"@type\":\"Organization\",\"@id\":\"https:\\\/\\\/redenoticiaz.com.br\\\/ribeiraopreto-regiao\\\/#organization\",\"name\":\"Ribeir\u00e3o Preto e Regi\u00e3o\",\"url\":\"https:\\\/\\\/redenoticiaz.com.br\\\/ribeiraopreto-regiao\\\/\",\"logo\":{\"@type\":\"ImageObject\",\"inLanguage\":\"pt-BR\",\"@id\":\"https:\\\/\\\/redenoticiaz.com.br\\\/ribeiraopreto-regiao\\\/#\\\/schema\\\/logo\\\/image\\\/\",\"url\":\"https:\\\/\\\/redenoticiaz.com.br\\\/barretos-regiao\\\/wp-content\\\/uploads\\\/sites\\\/4\\\/2022\\\/02\\\/logo.jpg\",\"contentUrl\":\"https:\\\/\\\/redenoticiaz.com.br\\\/barretos-regiao\\\/wp-content\\\/uploads\\\/sites\\\/4\\\/2022\\\/02\\\/logo.jpg\",\"width\":400,\"height\":250,\"caption\":\"Ribeir\u00e3o Preto e Regi\u00e3o\"},\"image\":{\"@id\":\"https:\\\/\\\/redenoticiaz.com.br\\\/ribeiraopreto-regiao\\\/#\\\/schema\\\/logo\\\/image\\\/\"},\"sameAs\":[\"https:\\\/\\\/m.facebook.com\\\/redenoticiaz.barretos\",\"https:\\\/\\\/x.com\\\/RN_barretos\",\"https:\\\/\\\/www.instagram.com\\\/redenoticiaz.barretos\\\/?igshid=YmMyMTA2M2Y\",\"https:\\\/\\\/www.linkedin.com\\\/company\\\/rede-noticiaz-barretos-e-regio\\\/\"]},{\"@type\":\"Person\",\"@id\":\"\",\"url\":\"https:\\\/\\\/redenoticiaz.com.br\\\/ribeiraopreto-regiao\\\/sp\\\/author\"}]}<\/script>\n<!-- \/ Yoast SEO plugin. -->","yoast_head_json":{"title":"Moto-taxista \u00e9 preso por tr\u00e1fico de drogas - Ribeir\u00e3o Preto e Regi\u00e3o","description":"Os Policiais Militares, apresentaram na delegacia um jovem de 21 anos, pelo crime de tr\u00e1fico de drogas em Barretos 2.","robots":{"index":"index","follow":"follow","max-snippet":"max-snippet:-1","max-image-preview":"max-image-preview:large","max-video-preview":"max-video-preview:-1"},"canonical":"https:\/\/redenoticiaz.com.br\/ribeiraopreto-regiao\/sp\/2022\/10\/03\/moto-taxista-e-preso-por-trafico-de-drogas","og_locale":"pt_BR","og_type":"article","og_title":"Moto-taxista \u00e9 preso por tr\u00e1fico de drogas - Ribeir\u00e3o Preto e Regi\u00e3o","og_description":"Os Policiais Militares, apresentaram na delegacia um jovem de 21 anos, pelo crime de tr\u00e1fico de drogas em Barretos 2.","og_url":"https:\/\/redenoticiaz.com.br\/ribeiraopreto-regiao\/sp\/2022\/10\/03\/moto-taxista-e-preso-por-trafico-de-drogas","og_site_name":"Ribeir\u00e3o Preto e Regi\u00e3o","article_publisher":"https:\/\/m.facebook.com\/redenoticiaz.barretos","article_published_time":"2022-10-03T19:23:01+00:00","og_image":[{"width":1620,"height":1080,"url":"https:\/\/redenoticiaz.com.br\/ribeiraopreto-regiao\/wp-content\/uploads\/sites\/4\/2022\/10\/police-dui-checkpoint-2021-08-26-23-04-23-utc-scaled.jpg","type":"image\/jpeg"}],"twitter_card":"summary_large_image","twitter_creator":"@RN_barretos","twitter_site":"@RN_barretos","twitter_misc":{"Escrito por":"","Est. tempo de leitura":"2 minutos"},"schema":{"@context":"https:\/\/schema.org","@graph":[{"@type":"Article","@id":"https:\/\/redenoticiaz.com.br\/ribeiraopreto-regiao\/sp\/2022\/10\/03\/moto-taxista-e-preso-por-trafico-de-drogas#article","isPartOf":{"@id":"https:\/\/redenoticiaz.com.br\/ribeiraopreto-regiao\/sp\/2022\/10\/03\/moto-taxista-e-preso-por-trafico-de-drogas"},"author":{"name":"","@id":""},"headline":"Moto-taxista \u00e9 preso por tr\u00e1fico de drogas","datePublished":"2022-10-03T19:23:01+00:00","mainEntityOfPage":{"@id":"https:\/\/redenoticiaz.com.br\/ribeiraopreto-regiao\/sp\/2022\/10\/03\/moto-taxista-e-preso-por-trafico-de-drogas"},"wordCount":208,"commentCount":0,"publisher":{"@id":"https:\/\/redenoticiaz.com.br\/ribeiraopreto-regiao\/#organization"},"image":{"@id":"https:\/\/redenoticiaz.com.br\/ribeiraopreto-regiao\/sp\/2022\/10\/03\/moto-taxista-e-preso-por-trafico-de-drogas#primaryimage"},"thumbnailUrl":"https:\/\/redenoticiaz.com.br\/ribeiraopreto-regiao\/wp-content\/uploads\/sites\/4\/2022\/10\/police-dui-checkpoint-2021-08-26-23-04-23-utc-scaled.jpg","keywords":["COCA\u00cdNA","drogas","MOTO-TAXI","SUSPEITO"],"articleSection":["Pol\u00edcia"],"inLanguage":"pt-BR","potentialAction":[{"@type":"CommentAction","name":"Comment","target":["https:\/\/redenoticiaz.com.br\/ribeiraopreto-regiao\/sp\/2022\/10\/03\/moto-taxista-e-preso-por-trafico-de-drogas#respond"]}]},{"@type":"WebPage","@id":"https:\/\/redenoticiaz.com.br\/ribeiraopreto-regiao\/sp\/2022\/10\/03\/moto-taxista-e-preso-por-trafico-de-drogas","url":"https:\/\/redenoticiaz.com.br\/ribeiraopreto-regiao\/sp\/2022\/10\/03\/moto-taxista-e-preso-por-trafico-de-drogas","name":"Moto-taxista \u00e9 preso por tr\u00e1fico de drogas - Ribeir\u00e3o Preto e Regi\u00e3o","isPartOf":{"@id":"https:\/\/redenoticiaz.com.br\/ribeiraopreto-regiao\/#website"},"primaryImageOfPage":{"@id":"https:\/\/redenoticiaz.com.br\/ribeiraopreto-regiao\/sp\/2022\/10\/03\/moto-taxista-e-preso-por-trafico-de-drogas#primaryimage"},"image":{"@id":"https:\/\/redenoticiaz.com.br\/ribeiraopreto-regiao\/sp\/2022\/10\/03\/moto-taxista-e-preso-por-trafico-de-drogas#primaryimage"},"thumbnailUrl":"https:\/\/redenoticiaz.com.br\/ribeiraopreto-regiao\/wp-content\/uploads\/sites\/4\/2022\/10\/police-dui-checkpoint-2021-08-26-23-04-23-utc-scaled.jpg","datePublished":"2022-10-03T19:23:01+00:00","description":"Os Policiais Militares, apresentaram na delegacia um jovem de 21 anos, pelo crime de tr\u00e1fico de drogas em Barretos 2.","inLanguage":"pt-BR","potentialAction":[{"@type":"ReadAction","target":["https:\/\/redenoticiaz.com.br\/ribeiraopreto-regiao\/sp\/2022\/10\/03\/moto-taxista-e-preso-por-trafico-de-drogas"]}]},{"@type":"ImageObject","inLanguage":"pt-BR","@id":"https:\/\/redenoticiaz.com.br\/ribeiraopreto-regiao\/sp\/2022\/10\/03\/moto-taxista-e-preso-por-trafico-de-drogas#primaryimage","url":"https:\/\/redenoticiaz.com.br\/ribeiraopreto-regiao\/wp-content\/uploads\/sites\/4\/2022\/10\/police-dui-checkpoint-2021-08-26-23-04-23-utc-scaled.jpg","contentUrl":"https:\/\/redenoticiaz.com.br\/ribeiraopreto-regiao\/wp-content\/uploads\/sites\/4\/2022\/10\/police-dui-checkpoint-2021-08-26-23-04-23-utc-scaled.jpg","width":1620,"height":1080,"caption":"Cr\u00e9dito: Reprodu\u00e7\u00e3o"},{"@type":"WebSite","@id":"https:\/\/redenoticiaz.com.br\/ribeiraopreto-regiao\/#website","url":"https:\/\/redenoticiaz.com.br\/ribeiraopreto-regiao\/","name":"Ribeir\u00e3o Preto e Regi\u00e3o","description":"Rede NoticiaZ - Ribeir\u00e3o Preto e regi\u00e3o","publisher":{"@id":"https:\/\/redenoticiaz.com.br\/ribeiraopreto-regiao\/#organization"},"potentialAction":[{"@type":"SearchAction","target":{"@type":"EntryPoint","urlTemplate":"https:\/\/redenoticiaz.com.br\/ribeiraopreto-regiao\/?s={search_term_string}"},"query-input":{"@type":"PropertyValueSpecification","valueRequired":true,"valueName":"search_term_string"}}],"inLanguage":"pt-BR"},{"@type":"Organization","@id":"https:\/\/redenoticiaz.com.br\/ribeiraopreto-regiao\/#organization","name":"Ribeir\u00e3o Preto e Regi\u00e3o","url":"https:\/\/redenoticiaz.com.br\/ribeiraopreto-regiao\/","logo":{"@type":"ImageObject","inLanguage":"pt-BR","@id":"https:\/\/redenoticiaz.com.br\/ribeiraopreto-regiao\/#\/schema\/logo\/image\/","url":"https:\/\/redenoticiaz.com.br\/barretos-regiao\/wp-content\/uploads\/sites\/4\/2022\/02\/logo.jpg","contentUrl":"https:\/\/redenoticiaz.com.br\/barretos-regiao\/wp-content\/uploads\/sites\/4\/2022\/02\/logo.jpg","width":400,"height":250,"caption":"Ribeir\u00e3o Preto e Regi\u00e3o"},"image":{"@id":"https:\/\/redenoticiaz.com.br\/ribeiraopreto-regiao\/#\/schema\/logo\/image\/"},"sameAs":["https:\/\/m.facebook.com\/redenoticiaz.barretos","https:\/\/x.com\/RN_barretos","https:\/\/www.instagram.com\/redenoticiaz.barretos\/?igshid=YmMyMTA2M2Y","https:\/\/www.linkedin.com\/company\/rede-noticiaz-barretos-e-regio\/"]},{"@type":"Person","@id":"","url":"https:\/\/redenoticiaz.com.br\/ribeiraopreto-regiao\/sp\/author"}]}},"_links":{"self":[{"href":"https:\/\/redenoticiaz.com.br\/ribeiraopreto-regiao\/wp-json\/wp\/v2\/posts\/92709","targetHints":{"allow":["GET"]}}],"collection":[{"href":"https:\/\/redenoticiaz.com.br\/ribeiraopreto-regiao\/wp-json\/wp\/v2\/posts"}],"about":[{"href":"https:\/\/redenoticiaz.com.br\/ribeiraopreto-regiao\/wp-json\/wp\/v2\/types\/post"}],"author":[{"embeddable":true,"href":"https:\/\/redenoticiaz.com.br\/ribeiraopreto-regiao\/wp-json\/wp\/v2\/users\/15"}],"replies":[{"embeddable":true,"href":"https:\/\/redenoticiaz.com.br\/ribeiraopreto-regiao\/wp-json\/wp\/v2\/comments?post=92709"}],"version-history":[{"count":1,"href":"https:\/\/redenoticiaz.com.br\/ribeiraopreto-regiao\/wp-json\/wp\/v2\/posts\/92709\/revisions"}],"predecessor-version":[{"id":92711,"href":"https:\/\/redenoticiaz.com.br\/ribeiraopreto-regiao\/wp-json\/wp\/v2\/posts\/92709\/revisions\/92711"}],"wp:featuredmedia":[{"embeddable":true,"href":"https:\/\/redenoticiaz.com.br\/ribeiraopreto-regiao\/wp-json\/wp\/v2\/media\/92710"}],"wp:attachment":[{"href":"https:\/\/redenoticiaz.com.br\/ribeiraopreto-regiao\/wp-json\/wp\/v2\/media?parent=92709"}],"wp:term":[{"taxonomy":"category","embeddable":true,"href":"https:\/\/redenoticiaz.com.br\/ribeiraopreto-regiao\/wp-json\/wp\/v2\/categories?post=92709"},{"taxonomy":"post_tag","embeddable":true,"href":"https:\/\/redenoticiaz.com.br\/ribeiraopreto-regiao\/wp-json\/wp\/v2\/tags?post=92709"}],"curies":[{"name":"wp","href":"https:\/\/api.w.org\/{rel}","templated":true}]}}