{"id":92736,"date":"2022-10-04T14:21:22","date_gmt":"2022-10-04T17:21:22","guid":{"rendered":"https:\/\/redenoticiaz.com.br\/barretos-regiao\/?p=92736"},"modified":"2022-10-04T14:23:01","modified_gmt":"2022-10-04T17:23:01","slug":"torneio-de-torre-humana-chega-a-13-metros-na-espanha","status":"publish","type":"post","link":"https:\/\/redenoticiaz.com.br\/ribeiraopreto-regiao\/sp\/2022\/10\/04\/torneio-de-torre-humana-chega-a-13-metros-na-espanha","title":{"rendered":"Torneio de torre humana chega a 13 metros na Espanha"},"content":{"rendered":"<p>Ap\u00f3s dois anos sem o torneio por causa da pandemia da Covid-19, aconteceu neste domingo (2), na Espanha, o Concurso de Tarragona. O evento teve 11 mil espectadores.<\/p>\n<p>A 28\u00aa edi\u00e7\u00e3o, das famosas Torres Humanas\u00a0 contou com a presen\u00e7a de 42 grupos que tentaram alcan\u00e7ar a margem mais alta. A equipe vencedora da vez foi Vilafranca, que conseguiu chegar a 13 metros de altura e recebeu o pr\u00eamio de \u20ac 16 mil (R$ 81 mil).<\/p>\n<blockquote class=\"twitter-tweet\" data-width=\"500\" data-dnt=\"true\">\n<p lang=\"ca\" dir=\"ltr\">Algunes postals del Concurs de Castells d&#39;ahir a Tarragona\ud83d\udcf8 <a href=\"https:\/\/t.co\/frYxposkzQ\">pic.twitter.com\/frYxposkzQ<\/a><\/p>\n<p>&mdash; Cesc Guasch (@cescvisuals) <a href=\"https:\/\/twitter.com\/cescvisuals\/status\/1576919360181936128?ref_src=twsrc%5Etfw\">October 3, 2022<\/a><\/p><\/blockquote>\n<p><script async src=\"https:\/\/platform.twitter.com\/widgets.js\" charset=\"utf-8\"><\/script><\/p>\n<p>De acordo com os organizadores da competi\u00e7\u00e3o, esta \u00e9 a &#8220;maior mostra de castelos do mundo&#8221;. A ideia \u00e9 que sejam constru\u00eddas torres humanas de at\u00e9 dez andares formadas por &#8220;gangues&#8221;, que s\u00e3o os grupos organizados. Apesar da atividade arriscada, os membros das equipes n\u00e3o s\u00e3o atletas ou artistas de circo.<\/p>\n<p>VEJA TAMB\u00c9M:\u00a0<a href=\"https:\/\/redenoticiaz.com.br\/barretos-regiao\/sp\/2022\/09\/20\/categoria-de-base-do-barretos-esporte-clube-conquista-classificacao-historica-no-campeonato-paulista\">Categoria de base do Barretos Esporte Clube conquista classifica\u00e7\u00e3o hist\u00f3rica no Campeonato Paulista<\/a><\/p>\n","protected":false},"excerpt":{"rendered":"<p>Ap\u00f3s dois anos sem o torneio por causa da pandemia da Covid-19, aconteceu neste domingo (2), na Espanha, o Concurso de Tarragona. O evento teve 11 mil espectadores. A 28\u00aa edi\u00e7\u00e3o, das famosas Torres Humanas\u00a0 contou com a presen\u00e7a de 42 grupos que tentaram alcan\u00e7ar a margem mais alta. A equipe vencedora da vez foi &hellip;<\/p>\n","protected":false},"author":15,"featured_media":92741,"comment_status":"open","ping_status":"closed","sticky":false,"template":"","format":"standard","meta":{"footnotes":""},"categories":[68],"tags":[20865,20864,16997,18861,20863],"class_list":["post-92736","post","type-post","status-publish","format-standard","has-post-thumbnail","hentry","category-mundo","tag-13-metros","tag-castelos-do-mundo","tag-competicao","tag-espanha","tag-torre-humana"],"yoast_head":"<!-- This site is optimized with the Yoast SEO plugin v27.4 - https:\/\/yoast.com\/product\/yoast-seo-wordpress\/ -->\n<title>Torneio de torre humana chega a 13 metros na Espanha - Ribeir\u00e3o Preto e Regi\u00e3o<\/title>\n<meta name=\"description\" content=\"Ap\u00f3s dois anos sem o torneio por causa da pandemia da Covid-19, aconteceu neste domingo (2), na Espanha, o Concurso de Tarragona.\" \/>\n<meta name=\"robots\" content=\"index, follow, max-snippet:-1, max-image-preview:large, max-video-preview:-1\" \/>\n<link rel=\"canonical\" href=\"https:\/\/redenoticiaz.com.br\/ribeiraopreto-regiao\/sp\/2022\/10\/04\/torneio-de-torre-humana-chega-a-13-metros-na-espanha\" \/>\n<meta property=\"og:locale\" content=\"pt_BR\" \/>\n<meta property=\"og:type\" content=\"article\" \/>\n<meta property=\"og:title\" content=\"Torneio de torre humana chega a 13 metros na Espanha - Ribeir\u00e3o Preto e Regi\u00e3o\" \/>\n<meta property=\"og:description\" content=\"Ap\u00f3s dois anos sem o torneio por causa da pandemia da Covid-19, aconteceu neste domingo (2), na Espanha, o Concurso de Tarragona.\" \/>\n<meta property=\"og:url\" content=\"https:\/\/redenoticiaz.com.br\/ribeiraopreto-regiao\/sp\/2022\/10\/04\/torneio-de-torre-humana-chega-a-13-metros-na-espanha\" \/>\n<meta property=\"og:site_name\" content=\"Ribeir\u00e3o Preto e Regi\u00e3o\" \/>\n<meta property=\"article:publisher\" content=\"https:\/\/m.facebook.com\/redenoticiaz.barretos\" \/>\n<meta property=\"article:published_time\" content=\"2022-10-04T17:21:22+00:00\" \/>\n<meta property=\"article:modified_time\" content=\"2022-10-04T17:23:01+00:00\" \/>\n<meta property=\"og:image\" content=\"https:\/\/redenoticiaz.com.br\/ribeiraopreto-regiao\/wp-content\/uploads\/sites\/4\/2022\/10\/castelo-humano-02.jfif_.jpg\" \/>\n\t<meta property=\"og:image:width\" content=\"640\" \/>\n\t<meta property=\"og:image:height\" content=\"360\" \/>\n\t<meta property=\"og:image:type\" content=\"image\/jpeg\" \/>\n<meta name=\"twitter:card\" content=\"summary_large_image\" \/>\n<meta name=\"twitter:creator\" content=\"@RN_barretos\" \/>\n<meta name=\"twitter:site\" content=\"@RN_barretos\" \/>\n<meta name=\"twitter:label1\" content=\"Escrito por\" \/>\n\t<meta name=\"twitter:data1\" content=\"\" \/>\n\t<meta name=\"twitter:label2\" content=\"Est. tempo de leitura\" \/>\n\t<meta name=\"twitter:data2\" content=\"1 minuto\" \/>\n<script type=\"application\/ld+json\" class=\"yoast-schema-graph\">{\"@context\":\"https:\\\/\\\/schema.org\",\"@graph\":[{\"@type\":\"Article\",\"@id\":\"https:\\\/\\\/redenoticiaz.com.br\\\/ribeiraopreto-regiao\\\/sp\\\/2022\\\/10\\\/04\\\/torneio-de-torre-humana-chega-a-13-metros-na-espanha#article\",\"isPartOf\":{\"@id\":\"https:\\\/\\\/redenoticiaz.com.br\\\/ribeiraopreto-regiao\\\/sp\\\/2022\\\/10\\\/04\\\/torneio-de-torre-humana-chega-a-13-metros-na-espanha\"},\"author\":{\"name\":\"\",\"@id\":\"\"},\"headline\":\"Torneio de torre humana chega a 13 metros na Espanha\",\"datePublished\":\"2022-10-04T17:21:22+00:00\",\"dateModified\":\"2022-10-04T17:23:01+00:00\",\"mainEntityOfPage\":{\"@id\":\"https:\\\/\\\/redenoticiaz.com.br\\\/ribeiraopreto-regiao\\\/sp\\\/2022\\\/10\\\/04\\\/torneio-de-torre-humana-chega-a-13-metros-na-espanha\"},\"wordCount\":160,\"commentCount\":0,\"publisher\":{\"@id\":\"https:\\\/\\\/redenoticiaz.com.br\\\/ribeiraopreto-regiao\\\/#organization\"},\"image\":{\"@id\":\"https:\\\/\\\/redenoticiaz.com.br\\\/ribeiraopreto-regiao\\\/sp\\\/2022\\\/10\\\/04\\\/torneio-de-torre-humana-chega-a-13-metros-na-espanha#primaryimage\"},\"thumbnailUrl\":\"https:\\\/\\\/redenoticiaz.com.br\\\/ribeiraopreto-regiao\\\/wp-content\\\/uploads\\\/sites\\\/4\\\/2022\\\/10\\\/castelo-humano-02.jfif_.jpg\",\"keywords\":[\"13 METROS\",\"CASTELOS DO MUNDO\",\"COMPETI\u00c7\u00c3O\",\"ESPANHA\",\"TORRE HUMANA\"],\"articleSection\":[\"Mundo\"],\"inLanguage\":\"pt-BR\",\"potentialAction\":[{\"@type\":\"CommentAction\",\"name\":\"Comment\",\"target\":[\"https:\\\/\\\/redenoticiaz.com.br\\\/ribeiraopreto-regiao\\\/sp\\\/2022\\\/10\\\/04\\\/torneio-de-torre-humana-chega-a-13-metros-na-espanha#respond\"]}]},{\"@type\":\"WebPage\",\"@id\":\"https:\\\/\\\/redenoticiaz.com.br\\\/ribeiraopreto-regiao\\\/sp\\\/2022\\\/10\\\/04\\\/torneio-de-torre-humana-chega-a-13-metros-na-espanha\",\"url\":\"https:\\\/\\\/redenoticiaz.com.br\\\/ribeiraopreto-regiao\\\/sp\\\/2022\\\/10\\\/04\\\/torneio-de-torre-humana-chega-a-13-metros-na-espanha\",\"name\":\"Torneio de torre humana chega a 13 metros na Espanha - Ribeir\u00e3o Preto e Regi\u00e3o\",\"isPartOf\":{\"@id\":\"https:\\\/\\\/redenoticiaz.com.br\\\/ribeiraopreto-regiao\\\/#website\"},\"primaryImageOfPage\":{\"@id\":\"https:\\\/\\\/redenoticiaz.com.br\\\/ribeiraopreto-regiao\\\/sp\\\/2022\\\/10\\\/04\\\/torneio-de-torre-humana-chega-a-13-metros-na-espanha#primaryimage\"},\"image\":{\"@id\":\"https:\\\/\\\/redenoticiaz.com.br\\\/ribeiraopreto-regiao\\\/sp\\\/2022\\\/10\\\/04\\\/torneio-de-torre-humana-chega-a-13-metros-na-espanha#primaryimage\"},\"thumbnailUrl\":\"https:\\\/\\\/redenoticiaz.com.br\\\/ribeiraopreto-regiao\\\/wp-content\\\/uploads\\\/sites\\\/4\\\/2022\\\/10\\\/castelo-humano-02.jfif_.jpg\",\"datePublished\":\"2022-10-04T17:21:22+00:00\",\"dateModified\":\"2022-10-04T17:23:01+00:00\",\"description\":\"Ap\u00f3s dois anos sem o torneio por causa da pandemia da Covid-19, aconteceu neste domingo (2), na Espanha, o Concurso de Tarragona.\",\"inLanguage\":\"pt-BR\",\"potentialAction\":[{\"@type\":\"ReadAction\",\"target\":[\"https:\\\/\\\/redenoticiaz.com.br\\\/ribeiraopreto-regiao\\\/sp\\\/2022\\\/10\\\/04\\\/torneio-de-torre-humana-chega-a-13-metros-na-espanha\"]}]},{\"@type\":\"ImageObject\",\"inLanguage\":\"pt-BR\",\"@id\":\"https:\\\/\\\/redenoticiaz.com.br\\\/ribeiraopreto-regiao\\\/sp\\\/2022\\\/10\\\/04\\\/torneio-de-torre-humana-chega-a-13-metros-na-espanha#primaryimage\",\"url\":\"https:\\\/\\\/redenoticiaz.com.br\\\/ribeiraopreto-regiao\\\/wp-content\\\/uploads\\\/sites\\\/4\\\/2022\\\/10\\\/castelo-humano-02.jfif_.jpg\",\"contentUrl\":\"https:\\\/\\\/redenoticiaz.com.br\\\/ribeiraopreto-regiao\\\/wp-content\\\/uploads\\\/sites\\\/4\\\/2022\\\/10\\\/castelo-humano-02.jfif_.jpg\",\"width\":640,\"height\":360,\"caption\":\"Cr\u00e9dito: Reprodu\u00e7\u00e3o\"},{\"@type\":\"WebSite\",\"@id\":\"https:\\\/\\\/redenoticiaz.com.br\\\/ribeiraopreto-regiao\\\/#website\",\"url\":\"https:\\\/\\\/redenoticiaz.com.br\\\/ribeiraopreto-regiao\\\/\",\"name\":\"Ribeir\u00e3o Preto e Regi\u00e3o\",\"description\":\"Rede NoticiaZ - Ribeir\u00e3o Preto e regi\u00e3o\",\"publisher\":{\"@id\":\"https:\\\/\\\/redenoticiaz.com.br\\\/ribeiraopreto-regiao\\\/#organization\"},\"potentialAction\":[{\"@type\":\"SearchAction\",\"target\":{\"@type\":\"EntryPoint\",\"urlTemplate\":\"https:\\\/\\\/redenoticiaz.com.br\\\/ribeiraopreto-regiao\\\/?s={search_term_string}\"},\"query-input\":{\"@type\":\"PropertyValueSpecification\",\"valueRequired\":true,\"valueName\":\"search_term_string\"}}],\"inLanguage\":\"pt-BR\"},{\"@type\":\"Organization\",\"@id\":\"https:\\\/\\\/redenoticiaz.com.br\\\/ribeiraopreto-regiao\\\/#organization\",\"name\":\"Ribeir\u00e3o Preto e Regi\u00e3o\",\"url\":\"https:\\\/\\\/redenoticiaz.com.br\\\/ribeiraopreto-regiao\\\/\",\"logo\":{\"@type\":\"ImageObject\",\"inLanguage\":\"pt-BR\",\"@id\":\"https:\\\/\\\/redenoticiaz.com.br\\\/ribeiraopreto-regiao\\\/#\\\/schema\\\/logo\\\/image\\\/\",\"url\":\"https:\\\/\\\/redenoticiaz.com.br\\\/barretos-regiao\\\/wp-content\\\/uploads\\\/sites\\\/4\\\/2022\\\/02\\\/logo.jpg\",\"contentUrl\":\"https:\\\/\\\/redenoticiaz.com.br\\\/barretos-regiao\\\/wp-content\\\/uploads\\\/sites\\\/4\\\/2022\\\/02\\\/logo.jpg\",\"width\":400,\"height\":250,\"caption\":\"Ribeir\u00e3o Preto e Regi\u00e3o\"},\"image\":{\"@id\":\"https:\\\/\\\/redenoticiaz.com.br\\\/ribeiraopreto-regiao\\\/#\\\/schema\\\/logo\\\/image\\\/\"},\"sameAs\":[\"https:\\\/\\\/m.facebook.com\\\/redenoticiaz.barretos\",\"https:\\\/\\\/x.com\\\/RN_barretos\",\"https:\\\/\\\/www.instagram.com\\\/redenoticiaz.barretos\\\/?igshid=YmMyMTA2M2Y\",\"https:\\\/\\\/www.linkedin.com\\\/company\\\/rede-noticiaz-barretos-e-regio\\\/\"]},{\"@type\":\"Person\",\"@id\":\"\",\"url\":\"https:\\\/\\\/redenoticiaz.com.br\\\/ribeiraopreto-regiao\\\/sp\\\/author\"}]}<\/script>\n<!-- \/ Yoast SEO plugin. -->","yoast_head_json":{"title":"Torneio de torre humana chega a 13 metros na Espanha - Ribeir\u00e3o Preto e Regi\u00e3o","description":"Ap\u00f3s dois anos sem o torneio por causa da pandemia da Covid-19, aconteceu neste domingo (2), na Espanha, o Concurso de Tarragona.","robots":{"index":"index","follow":"follow","max-snippet":"max-snippet:-1","max-image-preview":"max-image-preview:large","max-video-preview":"max-video-preview:-1"},"canonical":"https:\/\/redenoticiaz.com.br\/ribeiraopreto-regiao\/sp\/2022\/10\/04\/torneio-de-torre-humana-chega-a-13-metros-na-espanha","og_locale":"pt_BR","og_type":"article","og_title":"Torneio de torre humana chega a 13 metros na Espanha - Ribeir\u00e3o Preto e Regi\u00e3o","og_description":"Ap\u00f3s dois anos sem o torneio por causa da pandemia da Covid-19, aconteceu neste domingo (2), na Espanha, o Concurso de Tarragona.","og_url":"https:\/\/redenoticiaz.com.br\/ribeiraopreto-regiao\/sp\/2022\/10\/04\/torneio-de-torre-humana-chega-a-13-metros-na-espanha","og_site_name":"Ribeir\u00e3o Preto e Regi\u00e3o","article_publisher":"https:\/\/m.facebook.com\/redenoticiaz.barretos","article_published_time":"2022-10-04T17:21:22+00:00","article_modified_time":"2022-10-04T17:23:01+00:00","og_image":[{"width":640,"height":360,"url":"https:\/\/redenoticiaz.com.br\/ribeiraopreto-regiao\/wp-content\/uploads\/sites\/4\/2022\/10\/castelo-humano-02.jfif_.jpg","type":"image\/jpeg"}],"twitter_card":"summary_large_image","twitter_creator":"@RN_barretos","twitter_site":"@RN_barretos","twitter_misc":{"Escrito por":"","Est. tempo de leitura":"1 minuto"},"schema":{"@context":"https:\/\/schema.org","@graph":[{"@type":"Article","@id":"https:\/\/redenoticiaz.com.br\/ribeiraopreto-regiao\/sp\/2022\/10\/04\/torneio-de-torre-humana-chega-a-13-metros-na-espanha#article","isPartOf":{"@id":"https:\/\/redenoticiaz.com.br\/ribeiraopreto-regiao\/sp\/2022\/10\/04\/torneio-de-torre-humana-chega-a-13-metros-na-espanha"},"author":{"name":"","@id":""},"headline":"Torneio de torre humana chega a 13 metros na Espanha","datePublished":"2022-10-04T17:21:22+00:00","dateModified":"2022-10-04T17:23:01+00:00","mainEntityOfPage":{"@id":"https:\/\/redenoticiaz.com.br\/ribeiraopreto-regiao\/sp\/2022\/10\/04\/torneio-de-torre-humana-chega-a-13-metros-na-espanha"},"wordCount":160,"commentCount":0,"publisher":{"@id":"https:\/\/redenoticiaz.com.br\/ribeiraopreto-regiao\/#organization"},"image":{"@id":"https:\/\/redenoticiaz.com.br\/ribeiraopreto-regiao\/sp\/2022\/10\/04\/torneio-de-torre-humana-chega-a-13-metros-na-espanha#primaryimage"},"thumbnailUrl":"https:\/\/redenoticiaz.com.br\/ribeiraopreto-regiao\/wp-content\/uploads\/sites\/4\/2022\/10\/castelo-humano-02.jfif_.jpg","keywords":["13 METROS","CASTELOS DO MUNDO","COMPETI\u00c7\u00c3O","ESPANHA","TORRE HUMANA"],"articleSection":["Mundo"],"inLanguage":"pt-BR","potentialAction":[{"@type":"CommentAction","name":"Comment","target":["https:\/\/redenoticiaz.com.br\/ribeiraopreto-regiao\/sp\/2022\/10\/04\/torneio-de-torre-humana-chega-a-13-metros-na-espanha#respond"]}]},{"@type":"WebPage","@id":"https:\/\/redenoticiaz.com.br\/ribeiraopreto-regiao\/sp\/2022\/10\/04\/torneio-de-torre-humana-chega-a-13-metros-na-espanha","url":"https:\/\/redenoticiaz.com.br\/ribeiraopreto-regiao\/sp\/2022\/10\/04\/torneio-de-torre-humana-chega-a-13-metros-na-espanha","name":"Torneio de torre humana chega a 13 metros na Espanha - Ribeir\u00e3o Preto e Regi\u00e3o","isPartOf":{"@id":"https:\/\/redenoticiaz.com.br\/ribeiraopreto-regiao\/#website"},"primaryImageOfPage":{"@id":"https:\/\/redenoticiaz.com.br\/ribeiraopreto-regiao\/sp\/2022\/10\/04\/torneio-de-torre-humana-chega-a-13-metros-na-espanha#primaryimage"},"image":{"@id":"https:\/\/redenoticiaz.com.br\/ribeiraopreto-regiao\/sp\/2022\/10\/04\/torneio-de-torre-humana-chega-a-13-metros-na-espanha#primaryimage"},"thumbnailUrl":"https:\/\/redenoticiaz.com.br\/ribeiraopreto-regiao\/wp-content\/uploads\/sites\/4\/2022\/10\/castelo-humano-02.jfif_.jpg","datePublished":"2022-10-04T17:21:22+00:00","dateModified":"2022-10-04T17:23:01+00:00","description":"Ap\u00f3s dois anos sem o torneio por causa da pandemia da Covid-19, aconteceu neste domingo (2), na Espanha, o Concurso de Tarragona.","inLanguage":"pt-BR","potentialAction":[{"@type":"ReadAction","target":["https:\/\/redenoticiaz.com.br\/ribeiraopreto-regiao\/sp\/2022\/10\/04\/torneio-de-torre-humana-chega-a-13-metros-na-espanha"]}]},{"@type":"ImageObject","inLanguage":"pt-BR","@id":"https:\/\/redenoticiaz.com.br\/ribeiraopreto-regiao\/sp\/2022\/10\/04\/torneio-de-torre-humana-chega-a-13-metros-na-espanha#primaryimage","url":"https:\/\/redenoticiaz.com.br\/ribeiraopreto-regiao\/wp-content\/uploads\/sites\/4\/2022\/10\/castelo-humano-02.jfif_.jpg","contentUrl":"https:\/\/redenoticiaz.com.br\/ribeiraopreto-regiao\/wp-content\/uploads\/sites\/4\/2022\/10\/castelo-humano-02.jfif_.jpg","width":640,"height":360,"caption":"Cr\u00e9dito: Reprodu\u00e7\u00e3o"},{"@type":"WebSite","@id":"https:\/\/redenoticiaz.com.br\/ribeiraopreto-regiao\/#website","url":"https:\/\/redenoticiaz.com.br\/ribeiraopreto-regiao\/","name":"Ribeir\u00e3o Preto e Regi\u00e3o","description":"Rede NoticiaZ - Ribeir\u00e3o Preto e regi\u00e3o","publisher":{"@id":"https:\/\/redenoticiaz.com.br\/ribeiraopreto-regiao\/#organization"},"potentialAction":[{"@type":"SearchAction","target":{"@type":"EntryPoint","urlTemplate":"https:\/\/redenoticiaz.com.br\/ribeiraopreto-regiao\/?s={search_term_string}"},"query-input":{"@type":"PropertyValueSpecification","valueRequired":true,"valueName":"search_term_string"}}],"inLanguage":"pt-BR"},{"@type":"Organization","@id":"https:\/\/redenoticiaz.com.br\/ribeiraopreto-regiao\/#organization","name":"Ribeir\u00e3o Preto e Regi\u00e3o","url":"https:\/\/redenoticiaz.com.br\/ribeiraopreto-regiao\/","logo":{"@type":"ImageObject","inLanguage":"pt-BR","@id":"https:\/\/redenoticiaz.com.br\/ribeiraopreto-regiao\/#\/schema\/logo\/image\/","url":"https:\/\/redenoticiaz.com.br\/barretos-regiao\/wp-content\/uploads\/sites\/4\/2022\/02\/logo.jpg","contentUrl":"https:\/\/redenoticiaz.com.br\/barretos-regiao\/wp-content\/uploads\/sites\/4\/2022\/02\/logo.jpg","width":400,"height":250,"caption":"Ribeir\u00e3o Preto e Regi\u00e3o"},"image":{"@id":"https:\/\/redenoticiaz.com.br\/ribeiraopreto-regiao\/#\/schema\/logo\/image\/"},"sameAs":["https:\/\/m.facebook.com\/redenoticiaz.barretos","https:\/\/x.com\/RN_barretos","https:\/\/www.instagram.com\/redenoticiaz.barretos\/?igshid=YmMyMTA2M2Y","https:\/\/www.linkedin.com\/company\/rede-noticiaz-barretos-e-regio\/"]},{"@type":"Person","@id":"","url":"https:\/\/redenoticiaz.com.br\/ribeiraopreto-regiao\/sp\/author"}]}},"_links":{"self":[{"href":"https:\/\/redenoticiaz.com.br\/ribeiraopreto-regiao\/wp-json\/wp\/v2\/posts\/92736","targetHints":{"allow":["GET"]}}],"collection":[{"href":"https:\/\/redenoticiaz.com.br\/ribeiraopreto-regiao\/wp-json\/wp\/v2\/posts"}],"about":[{"href":"https:\/\/redenoticiaz.com.br\/ribeiraopreto-regiao\/wp-json\/wp\/v2\/types\/post"}],"author":[{"embeddable":true,"href":"https:\/\/redenoticiaz.com.br\/ribeiraopreto-regiao\/wp-json\/wp\/v2\/users\/15"}],"replies":[{"embeddable":true,"href":"https:\/\/redenoticiaz.com.br\/ribeiraopreto-regiao\/wp-json\/wp\/v2\/comments?post=92736"}],"version-history":[{"count":1,"href":"https:\/\/redenoticiaz.com.br\/ribeiraopreto-regiao\/wp-json\/wp\/v2\/posts\/92736\/revisions"}],"predecessor-version":[{"id":92742,"href":"https:\/\/redenoticiaz.com.br\/ribeiraopreto-regiao\/wp-json\/wp\/v2\/posts\/92736\/revisions\/92742"}],"wp:featuredmedia":[{"embeddable":true,"href":"https:\/\/redenoticiaz.com.br\/ribeiraopreto-regiao\/wp-json\/wp\/v2\/media\/92741"}],"wp:attachment":[{"href":"https:\/\/redenoticiaz.com.br\/ribeiraopreto-regiao\/wp-json\/wp\/v2\/media?parent=92736"}],"wp:term":[{"taxonomy":"category","embeddable":true,"href":"https:\/\/redenoticiaz.com.br\/ribeiraopreto-regiao\/wp-json\/wp\/v2\/categories?post=92736"},{"taxonomy":"post_tag","embeddable":true,"href":"https:\/\/redenoticiaz.com.br\/ribeiraopreto-regiao\/wp-json\/wp\/v2\/tags?post=92736"}],"curies":[{"name":"wp","href":"https:\/\/api.w.org\/{rel}","templated":true}]}}