{"id":92899,"date":"2022-10-06T14:51:29","date_gmt":"2022-10-06T17:51:29","guid":{"rendered":"https:\/\/redenoticiaz.com.br\/barretos-regiao\/?p=92899"},"modified":"2022-10-06T14:51:29","modified_gmt":"2022-10-06T17:51:29","slug":"vacina-que-previne-a-meningite-esta-disponivel-para-criancas-e-adolescentes","status":"publish","type":"post","link":"https:\/\/redenoticiaz.com.br\/ribeiraopreto-regiao\/sp\/2022\/10\/06\/vacina-que-previne-a-meningite-esta-disponivel-para-criancas-e-adolescentes","title":{"rendered":"Vacina que previne a meningite est\u00e1 dispon\u00edvel para crian\u00e7as e adolescentes"},"content":{"rendered":"<div><a href=\"https:\/\/barretos.sp.gov.br\/\">Barretos<\/a>, por meio da Secretaria Municipal de Sa\u00fade, est\u00e1 realizando vacina\u00e7\u00e3o em crian\u00e7as e adolescentes contra a meningite, com a vacina meningoc\u00f3cica ACWY. Tamb\u00e9m \u00e9 realizada a vacina\u00e7\u00e3o contra o Papilomav\u00edrus Humano (HPV). As vacinas est\u00e3o dispon\u00edveis em todas as Unidades B\u00e1sicas de Sa\u00fade (UBSs) e Unidades de Sa\u00fade da Fam\u00edlia (USFs) do munic\u00edpio, de segunda a sexta-feira, das 8 \u00e0s 16h. Confira a faixa et\u00e1ria em que cada uma deve ser aplicada:<\/div>\n<div><\/div>\n<div><\/div>\n<div><b>HPV<\/b><\/div>\n<div>A vacina contra HPV deve ser tomada por todos os meninos e meninas com idade entre 9 e 14 anos. Para a imuniza\u00e7\u00e3o ficar completa, devem ser aplicadas duas doses, com intervalo de 6 meses entre a primeira e a segunda.<\/div>\n<div><\/div>\n<div>Quem recebeu a primeira dose h\u00e1 pelo menos 6 meses e ainda n\u00e3o voltou \u00e0 unidade de sa\u00fade para tomar a pr\u00f3xima, deve procurar uma unidade e concluir o esquema vacinal.<\/div>\n<div>O Minist\u00e9rio da Sa\u00fade explica que o HPV \u00e9 um v\u00edrus que infecta pele ou mucosas, de homens e de mulheres, podendo provocar verrugas e c\u00e2ncer, a depender do tipo de v\u00edrus.<\/div>\n<div><\/div>\n<div><\/div>\n<h4><b>Meningite &#8216;Meningoc\u00f3cica ACWY&#8217;<\/b><\/h4>\n<div><\/div>\n<div>Todos os meninos e meninas entre 11 e 14 anos devem ser levados a uma UBS ou USF para serem vacinados contra a meningite com a vacina meningoc\u00f3cica ACWY. Neste caso, a vacina\u00e7\u00e3o \u00e9 com uma dose e busca prevenir contra meningites e infec\u00e7\u00f5es generalizadas (doen\u00e7as meningoc\u00f3cicas) causadas pela bact\u00e9ria meningococo dos tipos A, C, W e Y.<\/div>\n<div><\/div>\n<div>Conforme a Sociedade Brasileira de Pediatria (SBP), estima-se que no mundo ocorram 500 mil novos casos da doen\u00e7a meningoc\u00f3cica por ano, sendo 50 mil \u00f3bitos. S\u00fabita, a doen\u00e7a meningoc\u00f3cica mata em m\u00e9dia uma pessoa a cada oito minutos no mundo. Tipicamente, manifesta-se como meningite (bacteriana) \u2013 uma infec\u00e7\u00e3o das membranas que envolvem o c\u00e9rebro e a medula espinhal. Tamb\u00e9m pode se manifestar como septicemia meningoc\u00f3cica, forma mais grave.<\/div>\n<div><\/div>\n<div>VEJA TAMB\u00c9M:\u00a0<a href=\"https:\/\/redenoticiaz.com.br\/barretos-regiao\/sp\/2022\/10\/05\/ministro-diz-que-pais-atingira-meta-de-vacinacao-contra-a-polio\">Ministro diz que pa\u00eds atingir\u00e1 meta de vacina\u00e7\u00e3o contra a p\u00f3lio<\/a><\/div>\n","protected":false},"excerpt":{"rendered":"<p>Barretos, por meio da Secretaria Municipal de Sa\u00fade, est\u00e1 realizando vacina\u00e7\u00e3o em crian\u00e7as e adolescentes contra a meningite, com a vacina meningoc\u00f3cica ACWY. Tamb\u00e9m \u00e9 realizada a vacina\u00e7\u00e3o contra o Papilomav\u00edrus Humano (HPV). As vacinas est\u00e3o dispon\u00edveis em todas as Unidades B\u00e1sicas de Sa\u00fade (UBSs) e Unidades de Sa\u00fade da Fam\u00edlia (USFs) do munic\u00edpio, de &hellip;<\/p>\n","protected":false},"author":15,"featured_media":92900,"comment_status":"open","ping_status":"closed","sticky":false,"template":"","format":"standard","meta":{"footnotes":""},"categories":[129],"tags":[1015,3738,18109,19314,14209],"class_list":["post-92899","post","type-post","status-publish","format-standard","has-post-thumbnail","hentry","category-saude","tag-adolescente","tag-crianca","tag-faixa-etaria","tag-meningite","tag-vacina"],"yoast_head":"<!-- This site is optimized with the Yoast SEO plugin v27.4 - https:\/\/yoast.com\/product\/yoast-seo-wordpress\/ -->\n<title>Vacina que previne a meningite est\u00e1 dispon\u00edvel para crian\u00e7as e adolescentes - Ribeir\u00e3o Preto e Regi\u00e3o<\/title>\n<meta name=\"description\" content=\"Barretos, por meio da Secretaria Municipal de Sa\u00fade, est\u00e1 realizando vacina\u00e7\u00e3o em crian\u00e7as e adolescentes contra a meningite, com a vacina.\" \/>\n<meta name=\"robots\" content=\"index, follow, max-snippet:-1, max-image-preview:large, max-video-preview:-1\" \/>\n<link rel=\"canonical\" href=\"https:\/\/redenoticiaz.com.br\/ribeiraopreto-regiao\/sp\/2022\/10\/06\/vacina-que-previne-a-meningite-esta-disponivel-para-criancas-e-adolescentes\" \/>\n<meta property=\"og:locale\" content=\"pt_BR\" \/>\n<meta property=\"og:type\" content=\"article\" \/>\n<meta property=\"og:title\" content=\"Vacina que previne a meningite est\u00e1 dispon\u00edvel para crian\u00e7as e adolescentes - Ribeir\u00e3o Preto e Regi\u00e3o\" \/>\n<meta property=\"og:description\" content=\"Barretos, por meio da Secretaria Municipal de Sa\u00fade, est\u00e1 realizando vacina\u00e7\u00e3o em crian\u00e7as e adolescentes contra a meningite, com a vacina.\" \/>\n<meta property=\"og:url\" content=\"https:\/\/redenoticiaz.com.br\/ribeiraopreto-regiao\/sp\/2022\/10\/06\/vacina-que-previne-a-meningite-esta-disponivel-para-criancas-e-adolescentes\" \/>\n<meta property=\"og:site_name\" content=\"Ribeir\u00e3o Preto e Regi\u00e3o\" \/>\n<meta property=\"article:publisher\" content=\"https:\/\/m.facebook.com\/redenoticiaz.barretos\" \/>\n<meta property=\"article:published_time\" content=\"2022-10-06T17:51:29+00:00\" \/>\n<meta property=\"og:image\" content=\"https:\/\/redenoticiaz.com.br\/ribeiraopreto-regiao\/wp-content\/uploads\/sites\/4\/2022\/10\/Sem-nome-1000-\u00d7-900-px-1.png\" \/>\n\t<meta property=\"og:image:width\" content=\"1000\" \/>\n\t<meta property=\"og:image:height\" content=\"900\" \/>\n\t<meta property=\"og:image:type\" content=\"image\/png\" \/>\n<meta name=\"twitter:card\" content=\"summary_large_image\" \/>\n<meta name=\"twitter:creator\" content=\"@RN_barretos\" \/>\n<meta name=\"twitter:site\" content=\"@RN_barretos\" \/>\n<meta name=\"twitter:label1\" content=\"Escrito por\" \/>\n\t<meta name=\"twitter:data1\" content=\"\" \/>\n\t<meta name=\"twitter:label2\" content=\"Est. tempo de leitura\" \/>\n\t<meta name=\"twitter:data2\" content=\"2 minutos\" \/>\n<script type=\"application\/ld+json\" class=\"yoast-schema-graph\">{\"@context\":\"https:\\\/\\\/schema.org\",\"@graph\":[{\"@type\":\"Article\",\"@id\":\"https:\\\/\\\/redenoticiaz.com.br\\\/ribeiraopreto-regiao\\\/sp\\\/2022\\\/10\\\/06\\\/vacina-que-previne-a-meningite-esta-disponivel-para-criancas-e-adolescentes#article\",\"isPartOf\":{\"@id\":\"https:\\\/\\\/redenoticiaz.com.br\\\/ribeiraopreto-regiao\\\/sp\\\/2022\\\/10\\\/06\\\/vacina-que-previne-a-meningite-esta-disponivel-para-criancas-e-adolescentes\"},\"author\":{\"name\":\"\",\"@id\":\"\"},\"headline\":\"Vacina que previne a meningite est\u00e1 dispon\u00edvel para crian\u00e7as e adolescentes\",\"datePublished\":\"2022-10-06T17:51:29+00:00\",\"mainEntityOfPage\":{\"@id\":\"https:\\\/\\\/redenoticiaz.com.br\\\/ribeiraopreto-regiao\\\/sp\\\/2022\\\/10\\\/06\\\/vacina-que-previne-a-meningite-esta-disponivel-para-criancas-e-adolescentes\"},\"wordCount\":364,\"commentCount\":0,\"publisher\":{\"@id\":\"https:\\\/\\\/redenoticiaz.com.br\\\/ribeiraopreto-regiao\\\/#organization\"},\"image\":{\"@id\":\"https:\\\/\\\/redenoticiaz.com.br\\\/ribeiraopreto-regiao\\\/sp\\\/2022\\\/10\\\/06\\\/vacina-que-previne-a-meningite-esta-disponivel-para-criancas-e-adolescentes#primaryimage\"},\"thumbnailUrl\":\"https:\\\/\\\/redenoticiaz.com.br\\\/ribeiraopreto-regiao\\\/wp-content\\\/uploads\\\/sites\\\/4\\\/2022\\\/10\\\/Sem-nome-1000-\u00d7-900-px-1.png\",\"keywords\":[\"ADOLESCENTE\",\"CRIAN\u00c7A\",\"FAIXA ET\u00c1RIA\",\"MENINGITE\",\"vacina\"],\"articleSection\":[\"Sa\u00fade\"],\"inLanguage\":\"pt-BR\",\"potentialAction\":[{\"@type\":\"CommentAction\",\"name\":\"Comment\",\"target\":[\"https:\\\/\\\/redenoticiaz.com.br\\\/ribeiraopreto-regiao\\\/sp\\\/2022\\\/10\\\/06\\\/vacina-que-previne-a-meningite-esta-disponivel-para-criancas-e-adolescentes#respond\"]}]},{\"@type\":\"WebPage\",\"@id\":\"https:\\\/\\\/redenoticiaz.com.br\\\/ribeiraopreto-regiao\\\/sp\\\/2022\\\/10\\\/06\\\/vacina-que-previne-a-meningite-esta-disponivel-para-criancas-e-adolescentes\",\"url\":\"https:\\\/\\\/redenoticiaz.com.br\\\/ribeiraopreto-regiao\\\/sp\\\/2022\\\/10\\\/06\\\/vacina-que-previne-a-meningite-esta-disponivel-para-criancas-e-adolescentes\",\"name\":\"Vacina que previne a meningite est\u00e1 dispon\u00edvel para crian\u00e7as e adolescentes - Ribeir\u00e3o Preto e Regi\u00e3o\",\"isPartOf\":{\"@id\":\"https:\\\/\\\/redenoticiaz.com.br\\\/ribeiraopreto-regiao\\\/#website\"},\"primaryImageOfPage\":{\"@id\":\"https:\\\/\\\/redenoticiaz.com.br\\\/ribeiraopreto-regiao\\\/sp\\\/2022\\\/10\\\/06\\\/vacina-que-previne-a-meningite-esta-disponivel-para-criancas-e-adolescentes#primaryimage\"},\"image\":{\"@id\":\"https:\\\/\\\/redenoticiaz.com.br\\\/ribeiraopreto-regiao\\\/sp\\\/2022\\\/10\\\/06\\\/vacina-que-previne-a-meningite-esta-disponivel-para-criancas-e-adolescentes#primaryimage\"},\"thumbnailUrl\":\"https:\\\/\\\/redenoticiaz.com.br\\\/ribeiraopreto-regiao\\\/wp-content\\\/uploads\\\/sites\\\/4\\\/2022\\\/10\\\/Sem-nome-1000-\u00d7-900-px-1.png\",\"datePublished\":\"2022-10-06T17:51:29+00:00\",\"description\":\"Barretos, por meio da Secretaria Municipal de Sa\u00fade, est\u00e1 realizando vacina\u00e7\u00e3o em crian\u00e7as e adolescentes contra a meningite, com a vacina.\",\"inLanguage\":\"pt-BR\",\"potentialAction\":[{\"@type\":\"ReadAction\",\"target\":[\"https:\\\/\\\/redenoticiaz.com.br\\\/ribeiraopreto-regiao\\\/sp\\\/2022\\\/10\\\/06\\\/vacina-que-previne-a-meningite-esta-disponivel-para-criancas-e-adolescentes\"]}]},{\"@type\":\"ImageObject\",\"inLanguage\":\"pt-BR\",\"@id\":\"https:\\\/\\\/redenoticiaz.com.br\\\/ribeiraopreto-regiao\\\/sp\\\/2022\\\/10\\\/06\\\/vacina-que-previne-a-meningite-esta-disponivel-para-criancas-e-adolescentes#primaryimage\",\"url\":\"https:\\\/\\\/redenoticiaz.com.br\\\/ribeiraopreto-regiao\\\/wp-content\\\/uploads\\\/sites\\\/4\\\/2022\\\/10\\\/Sem-nome-1000-\u00d7-900-px-1.png\",\"contentUrl\":\"https:\\\/\\\/redenoticiaz.com.br\\\/ribeiraopreto-regiao\\\/wp-content\\\/uploads\\\/sites\\\/4\\\/2022\\\/10\\\/Sem-nome-1000-\u00d7-900-px-1.png\",\"width\":1000,\"height\":900,\"caption\":\"Cr\u00e9dito: Reprodu\u00e7\u00e3o\"},{\"@type\":\"WebSite\",\"@id\":\"https:\\\/\\\/redenoticiaz.com.br\\\/ribeiraopreto-regiao\\\/#website\",\"url\":\"https:\\\/\\\/redenoticiaz.com.br\\\/ribeiraopreto-regiao\\\/\",\"name\":\"Ribeir\u00e3o Preto e Regi\u00e3o\",\"description\":\"Rede NoticiaZ - Ribeir\u00e3o Preto e regi\u00e3o\",\"publisher\":{\"@id\":\"https:\\\/\\\/redenoticiaz.com.br\\\/ribeiraopreto-regiao\\\/#organization\"},\"potentialAction\":[{\"@type\":\"SearchAction\",\"target\":{\"@type\":\"EntryPoint\",\"urlTemplate\":\"https:\\\/\\\/redenoticiaz.com.br\\\/ribeiraopreto-regiao\\\/?s={search_term_string}\"},\"query-input\":{\"@type\":\"PropertyValueSpecification\",\"valueRequired\":true,\"valueName\":\"search_term_string\"}}],\"inLanguage\":\"pt-BR\"},{\"@type\":\"Organization\",\"@id\":\"https:\\\/\\\/redenoticiaz.com.br\\\/ribeiraopreto-regiao\\\/#organization\",\"name\":\"Ribeir\u00e3o Preto e Regi\u00e3o\",\"url\":\"https:\\\/\\\/redenoticiaz.com.br\\\/ribeiraopreto-regiao\\\/\",\"logo\":{\"@type\":\"ImageObject\",\"inLanguage\":\"pt-BR\",\"@id\":\"https:\\\/\\\/redenoticiaz.com.br\\\/ribeiraopreto-regiao\\\/#\\\/schema\\\/logo\\\/image\\\/\",\"url\":\"https:\\\/\\\/redenoticiaz.com.br\\\/barretos-regiao\\\/wp-content\\\/uploads\\\/sites\\\/4\\\/2022\\\/02\\\/logo.jpg\",\"contentUrl\":\"https:\\\/\\\/redenoticiaz.com.br\\\/barretos-regiao\\\/wp-content\\\/uploads\\\/sites\\\/4\\\/2022\\\/02\\\/logo.jpg\",\"width\":400,\"height\":250,\"caption\":\"Ribeir\u00e3o Preto e Regi\u00e3o\"},\"image\":{\"@id\":\"https:\\\/\\\/redenoticiaz.com.br\\\/ribeiraopreto-regiao\\\/#\\\/schema\\\/logo\\\/image\\\/\"},\"sameAs\":[\"https:\\\/\\\/m.facebook.com\\\/redenoticiaz.barretos\",\"https:\\\/\\\/x.com\\\/RN_barretos\",\"https:\\\/\\\/www.instagram.com\\\/redenoticiaz.barretos\\\/?igshid=YmMyMTA2M2Y\",\"https:\\\/\\\/www.linkedin.com\\\/company\\\/rede-noticiaz-barretos-e-regio\\\/\"]},{\"@type\":\"Person\",\"@id\":\"\",\"url\":\"https:\\\/\\\/redenoticiaz.com.br\\\/ribeiraopreto-regiao\\\/sp\\\/author\"}]}<\/script>\n<!-- \/ Yoast SEO plugin. -->","yoast_head_json":{"title":"Vacina que previne a meningite est\u00e1 dispon\u00edvel para crian\u00e7as e adolescentes - Ribeir\u00e3o Preto e Regi\u00e3o","description":"Barretos, por meio da Secretaria Municipal de Sa\u00fade, est\u00e1 realizando vacina\u00e7\u00e3o em crian\u00e7as e adolescentes contra a meningite, com a vacina.","robots":{"index":"index","follow":"follow","max-snippet":"max-snippet:-1","max-image-preview":"max-image-preview:large","max-video-preview":"max-video-preview:-1"},"canonical":"https:\/\/redenoticiaz.com.br\/ribeiraopreto-regiao\/sp\/2022\/10\/06\/vacina-que-previne-a-meningite-esta-disponivel-para-criancas-e-adolescentes","og_locale":"pt_BR","og_type":"article","og_title":"Vacina que previne a meningite est\u00e1 dispon\u00edvel para crian\u00e7as e adolescentes - Ribeir\u00e3o Preto e Regi\u00e3o","og_description":"Barretos, por meio da Secretaria Municipal de Sa\u00fade, est\u00e1 realizando vacina\u00e7\u00e3o em crian\u00e7as e adolescentes contra a meningite, com a vacina.","og_url":"https:\/\/redenoticiaz.com.br\/ribeiraopreto-regiao\/sp\/2022\/10\/06\/vacina-que-previne-a-meningite-esta-disponivel-para-criancas-e-adolescentes","og_site_name":"Ribeir\u00e3o Preto e Regi\u00e3o","article_publisher":"https:\/\/m.facebook.com\/redenoticiaz.barretos","article_published_time":"2022-10-06T17:51:29+00:00","og_image":[{"width":1000,"height":900,"url":"https:\/\/redenoticiaz.com.br\/ribeiraopreto-regiao\/wp-content\/uploads\/sites\/4\/2022\/10\/Sem-nome-1000-\u00d7-900-px-1.png","type":"image\/png"}],"twitter_card":"summary_large_image","twitter_creator":"@RN_barretos","twitter_site":"@RN_barretos","twitter_misc":{"Escrito por":"","Est. tempo de leitura":"2 minutos"},"schema":{"@context":"https:\/\/schema.org","@graph":[{"@type":"Article","@id":"https:\/\/redenoticiaz.com.br\/ribeiraopreto-regiao\/sp\/2022\/10\/06\/vacina-que-previne-a-meningite-esta-disponivel-para-criancas-e-adolescentes#article","isPartOf":{"@id":"https:\/\/redenoticiaz.com.br\/ribeiraopreto-regiao\/sp\/2022\/10\/06\/vacina-que-previne-a-meningite-esta-disponivel-para-criancas-e-adolescentes"},"author":{"name":"","@id":""},"headline":"Vacina que previne a meningite est\u00e1 dispon\u00edvel para crian\u00e7as e adolescentes","datePublished":"2022-10-06T17:51:29+00:00","mainEntityOfPage":{"@id":"https:\/\/redenoticiaz.com.br\/ribeiraopreto-regiao\/sp\/2022\/10\/06\/vacina-que-previne-a-meningite-esta-disponivel-para-criancas-e-adolescentes"},"wordCount":364,"commentCount":0,"publisher":{"@id":"https:\/\/redenoticiaz.com.br\/ribeiraopreto-regiao\/#organization"},"image":{"@id":"https:\/\/redenoticiaz.com.br\/ribeiraopreto-regiao\/sp\/2022\/10\/06\/vacina-que-previne-a-meningite-esta-disponivel-para-criancas-e-adolescentes#primaryimage"},"thumbnailUrl":"https:\/\/redenoticiaz.com.br\/ribeiraopreto-regiao\/wp-content\/uploads\/sites\/4\/2022\/10\/Sem-nome-1000-\u00d7-900-px-1.png","keywords":["ADOLESCENTE","CRIAN\u00c7A","FAIXA ET\u00c1RIA","MENINGITE","vacina"],"articleSection":["Sa\u00fade"],"inLanguage":"pt-BR","potentialAction":[{"@type":"CommentAction","name":"Comment","target":["https:\/\/redenoticiaz.com.br\/ribeiraopreto-regiao\/sp\/2022\/10\/06\/vacina-que-previne-a-meningite-esta-disponivel-para-criancas-e-adolescentes#respond"]}]},{"@type":"WebPage","@id":"https:\/\/redenoticiaz.com.br\/ribeiraopreto-regiao\/sp\/2022\/10\/06\/vacina-que-previne-a-meningite-esta-disponivel-para-criancas-e-adolescentes","url":"https:\/\/redenoticiaz.com.br\/ribeiraopreto-regiao\/sp\/2022\/10\/06\/vacina-que-previne-a-meningite-esta-disponivel-para-criancas-e-adolescentes","name":"Vacina que previne a meningite est\u00e1 dispon\u00edvel para crian\u00e7as e adolescentes - Ribeir\u00e3o Preto e Regi\u00e3o","isPartOf":{"@id":"https:\/\/redenoticiaz.com.br\/ribeiraopreto-regiao\/#website"},"primaryImageOfPage":{"@id":"https:\/\/redenoticiaz.com.br\/ribeiraopreto-regiao\/sp\/2022\/10\/06\/vacina-que-previne-a-meningite-esta-disponivel-para-criancas-e-adolescentes#primaryimage"},"image":{"@id":"https:\/\/redenoticiaz.com.br\/ribeiraopreto-regiao\/sp\/2022\/10\/06\/vacina-que-previne-a-meningite-esta-disponivel-para-criancas-e-adolescentes#primaryimage"},"thumbnailUrl":"https:\/\/redenoticiaz.com.br\/ribeiraopreto-regiao\/wp-content\/uploads\/sites\/4\/2022\/10\/Sem-nome-1000-\u00d7-900-px-1.png","datePublished":"2022-10-06T17:51:29+00:00","description":"Barretos, por meio da Secretaria Municipal de Sa\u00fade, est\u00e1 realizando vacina\u00e7\u00e3o em crian\u00e7as e adolescentes contra a meningite, com a vacina.","inLanguage":"pt-BR","potentialAction":[{"@type":"ReadAction","target":["https:\/\/redenoticiaz.com.br\/ribeiraopreto-regiao\/sp\/2022\/10\/06\/vacina-que-previne-a-meningite-esta-disponivel-para-criancas-e-adolescentes"]}]},{"@type":"ImageObject","inLanguage":"pt-BR","@id":"https:\/\/redenoticiaz.com.br\/ribeiraopreto-regiao\/sp\/2022\/10\/06\/vacina-que-previne-a-meningite-esta-disponivel-para-criancas-e-adolescentes#primaryimage","url":"https:\/\/redenoticiaz.com.br\/ribeiraopreto-regiao\/wp-content\/uploads\/sites\/4\/2022\/10\/Sem-nome-1000-\u00d7-900-px-1.png","contentUrl":"https:\/\/redenoticiaz.com.br\/ribeiraopreto-regiao\/wp-content\/uploads\/sites\/4\/2022\/10\/Sem-nome-1000-\u00d7-900-px-1.png","width":1000,"height":900,"caption":"Cr\u00e9dito: Reprodu\u00e7\u00e3o"},{"@type":"WebSite","@id":"https:\/\/redenoticiaz.com.br\/ribeiraopreto-regiao\/#website","url":"https:\/\/redenoticiaz.com.br\/ribeiraopreto-regiao\/","name":"Ribeir\u00e3o Preto e Regi\u00e3o","description":"Rede NoticiaZ - Ribeir\u00e3o Preto e regi\u00e3o","publisher":{"@id":"https:\/\/redenoticiaz.com.br\/ribeiraopreto-regiao\/#organization"},"potentialAction":[{"@type":"SearchAction","target":{"@type":"EntryPoint","urlTemplate":"https:\/\/redenoticiaz.com.br\/ribeiraopreto-regiao\/?s={search_term_string}"},"query-input":{"@type":"PropertyValueSpecification","valueRequired":true,"valueName":"search_term_string"}}],"inLanguage":"pt-BR"},{"@type":"Organization","@id":"https:\/\/redenoticiaz.com.br\/ribeiraopreto-regiao\/#organization","name":"Ribeir\u00e3o Preto e Regi\u00e3o","url":"https:\/\/redenoticiaz.com.br\/ribeiraopreto-regiao\/","logo":{"@type":"ImageObject","inLanguage":"pt-BR","@id":"https:\/\/redenoticiaz.com.br\/ribeiraopreto-regiao\/#\/schema\/logo\/image\/","url":"https:\/\/redenoticiaz.com.br\/barretos-regiao\/wp-content\/uploads\/sites\/4\/2022\/02\/logo.jpg","contentUrl":"https:\/\/redenoticiaz.com.br\/barretos-regiao\/wp-content\/uploads\/sites\/4\/2022\/02\/logo.jpg","width":400,"height":250,"caption":"Ribeir\u00e3o Preto e Regi\u00e3o"},"image":{"@id":"https:\/\/redenoticiaz.com.br\/ribeiraopreto-regiao\/#\/schema\/logo\/image\/"},"sameAs":["https:\/\/m.facebook.com\/redenoticiaz.barretos","https:\/\/x.com\/RN_barretos","https:\/\/www.instagram.com\/redenoticiaz.barretos\/?igshid=YmMyMTA2M2Y","https:\/\/www.linkedin.com\/company\/rede-noticiaz-barretos-e-regio\/"]},{"@type":"Person","@id":"","url":"https:\/\/redenoticiaz.com.br\/ribeiraopreto-regiao\/sp\/author"}]}},"_links":{"self":[{"href":"https:\/\/redenoticiaz.com.br\/ribeiraopreto-regiao\/wp-json\/wp\/v2\/posts\/92899","targetHints":{"allow":["GET"]}}],"collection":[{"href":"https:\/\/redenoticiaz.com.br\/ribeiraopreto-regiao\/wp-json\/wp\/v2\/posts"}],"about":[{"href":"https:\/\/redenoticiaz.com.br\/ribeiraopreto-regiao\/wp-json\/wp\/v2\/types\/post"}],"author":[{"embeddable":true,"href":"https:\/\/redenoticiaz.com.br\/ribeiraopreto-regiao\/wp-json\/wp\/v2\/users\/15"}],"replies":[{"embeddable":true,"href":"https:\/\/redenoticiaz.com.br\/ribeiraopreto-regiao\/wp-json\/wp\/v2\/comments?post=92899"}],"version-history":[{"count":1,"href":"https:\/\/redenoticiaz.com.br\/ribeiraopreto-regiao\/wp-json\/wp\/v2\/posts\/92899\/revisions"}],"predecessor-version":[{"id":92901,"href":"https:\/\/redenoticiaz.com.br\/ribeiraopreto-regiao\/wp-json\/wp\/v2\/posts\/92899\/revisions\/92901"}],"wp:featuredmedia":[{"embeddable":true,"href":"https:\/\/redenoticiaz.com.br\/ribeiraopreto-regiao\/wp-json\/wp\/v2\/media\/92900"}],"wp:attachment":[{"href":"https:\/\/redenoticiaz.com.br\/ribeiraopreto-regiao\/wp-json\/wp\/v2\/media?parent=92899"}],"wp:term":[{"taxonomy":"category","embeddable":true,"href":"https:\/\/redenoticiaz.com.br\/ribeiraopreto-regiao\/wp-json\/wp\/v2\/categories?post=92899"},{"taxonomy":"post_tag","embeddable":true,"href":"https:\/\/redenoticiaz.com.br\/ribeiraopreto-regiao\/wp-json\/wp\/v2\/tags?post=92899"}],"curies":[{"name":"wp","href":"https:\/\/api.w.org\/{rel}","templated":true}]}}