{"id":92910,"date":"2022-10-06T15:48:25","date_gmt":"2022-10-06T18:48:25","guid":{"rendered":"https:\/\/redenoticiaz.com.br\/barretos-regiao\/?p=92910"},"modified":"2022-10-06T15:48:25","modified_gmt":"2022-10-06T18:48:25","slug":"motorista-morre-em-acidente-em-trevo-na-rodovia-brigadeiro-faria-lima","status":"publish","type":"post","link":"https:\/\/redenoticiaz.com.br\/ribeiraopreto-regiao\/sp\/2022\/10\/06\/motorista-morre-em-acidente-em-trevo-na-rodovia-brigadeiro-faria-lima","title":{"rendered":"Motorista morre em acidente em trevo na Rodovia Brigadeiro Faria Lima"},"content":{"rendered":"<div class=\"x1swvt13 xsag5q8 x1pi30zi xyamay9\">\n<div>\n<div class=\"xkhd6sd x1g2khh7 x4uap5 xyinxu5\"><span class=\"x193iq5w xeuugli x13faqbe x1vvkbs x1xmvt09 x1lliihq x1s928wv xhkezso x1gmr53x x1cpjm7i x1fgarty x1943h6x xudqn12 x3x7a5m x6prxxf xvq8zen xo1l8bm xzsf02u\" dir=\"auto\">Um homem de 61 anos morreu em acidente no km 426 da rodovia Brigadeiro Faria Lima em Barretos, na tarde de quarta-feira (05). <\/span><\/div>\n<div><\/div>\n<div class=\"xkhd6sd x1g2khh7 x4uap5 xyinxu5\"><span class=\"x193iq5w xeuugli x13faqbe x1vvkbs x1xmvt09 x1lliihq x1s928wv xhkezso x1gmr53x x1cpjm7i x1fgarty x1943h6x xudqn12 x3x7a5m x6prxxf xvq8zen xo1l8bm xzsf02u\" dir=\"auto\">O senhor dirigia um ve\u00edculo Voyage em dire\u00e7\u00e3o pista norte no sentido Barretos \u2013 Col\u00f4mbia, quando na al\u00e7a de acesso \u00e0 rodovia Assis Chateaubriand, por causas ainda desconhecidas, chocou-se contra a defensa e placa de sinaliza\u00e7\u00e3o e capotou caindo na ribanceira.<\/p>\n<p>Segundo informa\u00e7\u00f5es, a v\u00edtima foi ejetada para fora do carro e veio a \u00f3bito no local.<\/p>\n<p><\/span><\/div>\n<div>VEJA TAMB\u00c9M:\u00a0<a href=\"https:\/\/redenoticiaz.com.br\/barretos-regiao\/sp\/2022\/10\/04\/duas-pessoas-ficam-feridas-em-acidente-na-rodovia-entre-barretos-e-colombia\">Duas pessoas ficam feridas em acidente na rodovia entre Barretos e Col\u00f4mbia<\/a><\/div>\n<\/div>\n<\/div>\n<div class=\"x1jx94hy x1ey2m1c xds687c x7wzq59 x17qophe\">\n<div class=\"x1y1aw1k x1pi30zi xwib8y2 x1swvt13\">\n<div class=\"x78zum5 x1q0g3np x1a2a7pz\">\n<div class=\"xqcrz7y x14yjl9h xudhj91 x18nykt9 xww2gxu x1lliihq x1w0mnb xr9ek0c x1n2onr6\">\n<div class=\"x1i10hfl x1qjc9v5 xjbqb8w xjqpnuy xa49m3k xqeqjp1 x2hbi6w x13fuv20 xu3j5b3 x1q0q8m5 x26u7qi x972fbf xcfux6l x1qhh985 xm0m39n x9f619 x1ypdohk xdl72j9 x2lah0s xe8uvvx xdj266r x11i5rnm xat24cr x1mh8g0r x2lwn1j xeuugli xexx8yu x4uap5 x18d9i69 xkhd6sd x1n2onr6 x16tdsg8 x1hl2dhg xggy1nq x1ja2u2z x1t137rt x1o1ewxj x3x9cwd x1e5q0jg x13rtm0m x3nfvp2 x1q0g3np x87ps6o x1lku1pv x1a2a7pz\" role=\"button\" aria-hidden=\"true\">\n<div class=\"x1ey2m1c xds687c xg01cxk x47corl x10l6tqk x17qophe x13vifvy x1ebt8du x19991ni x1dhq9h x14yjl9h xudhj91 x18nykt9 xww2gxu\" data-visualcompletion=\"ignore\"><\/div>\n<\/div>\n<\/div>\n<div class=\"x1r8uery x1iyjqo2 x6ikm8r x10wlt62 x4uap5\">\n<div class=\"\">\n<div class=\"xh8yej3\">\n<div class=\"x78zum5 x13a6bvl\">\n<div class=\"xi81zsa xo1l8bm xlyipyv xuxw1ft x49crj4 x1ed109x xdl72j9 x1iyjqo2 xs83m0k x6prxxf x6ikm8r x10wlt62 x1y1aw1k xn6708d xwib8y2 x1ye3gou\" data-visualcompletion=\"ignore\">\n<div class=\"x1n2onr6\">\n<div class=\"xzsf02u x1a2a7pz x1n2onr6 x14wi4xw notranslate\" role=\"textbox\" aria-label=\"Escreva um coment\u00e1rio\" data-lexical-editor=\"true\"><\/div>\n<\/div>\n<\/div>\n<\/div>\n<\/div>\n<\/div>\n<\/div>\n<\/div>\n<\/div>\n<\/div>\n","protected":false},"excerpt":{"rendered":"<p>Um homem de 61 anos morreu em acidente no km 426 da rodovia Brigadeiro Faria Lima em Barretos, na tarde de quarta-feira (05). O senhor dirigia um ve\u00edculo Voyage em dire\u00e7\u00e3o pista norte no sentido Barretos \u2013 Col\u00f4mbia, quando na al\u00e7a de acesso \u00e0 rodovia Assis Chateaubriand, por causas ainda desconhecidas, chocou-se contra a defensa &hellip;<\/p>\n","protected":false},"author":15,"featured_media":92911,"comment_status":"open","ping_status":"closed","sticky":false,"template":"","format":"standard","meta":{"footnotes":""},"categories":[88],"tags":[145,18203,2741,6354],"class_list":["post-92910","post","type-post","status-publish","format-standard","has-post-thumbnail","hentry","category-policia","tag-acidente","tag-morre","tag-motorista","tag-rodovia-brigadeiro-faria-lima"],"yoast_head":"<!-- This site is optimized with the Yoast SEO plugin v27.4 - https:\/\/yoast.com\/product\/yoast-seo-wordpress\/ -->\n<title>Motorista morre em acidente em trevo na Rodovia Brigadeiro Faria Lima - Ribeir\u00e3o Preto e Regi\u00e3o<\/title>\n<meta name=\"description\" content=\"Um homem de 61 anos morreu em acidente no km 426 da rodovia Brigadeiro Faria Lima em Barretos, na tarde de quarta-feira (05).\" \/>\n<meta name=\"robots\" content=\"index, follow, max-snippet:-1, max-image-preview:large, max-video-preview:-1\" \/>\n<link rel=\"canonical\" href=\"https:\/\/redenoticiaz.com.br\/ribeiraopreto-regiao\/sp\/2022\/10\/06\/motorista-morre-em-acidente-em-trevo-na-rodovia-brigadeiro-faria-lima\" \/>\n<meta property=\"og:locale\" content=\"pt_BR\" \/>\n<meta property=\"og:type\" content=\"article\" \/>\n<meta property=\"og:title\" content=\"Motorista morre em acidente em trevo na Rodovia Brigadeiro Faria Lima - Ribeir\u00e3o Preto e Regi\u00e3o\" \/>\n<meta property=\"og:description\" content=\"Um homem de 61 anos morreu em acidente no km 426 da rodovia Brigadeiro Faria Lima em Barretos, na tarde de quarta-feira (05).\" \/>\n<meta property=\"og:url\" content=\"https:\/\/redenoticiaz.com.br\/ribeiraopreto-regiao\/sp\/2022\/10\/06\/motorista-morre-em-acidente-em-trevo-na-rodovia-brigadeiro-faria-lima\" \/>\n<meta property=\"og:site_name\" content=\"Ribeir\u00e3o Preto e Regi\u00e3o\" \/>\n<meta property=\"article:publisher\" content=\"https:\/\/m.facebook.com\/redenoticiaz.barretos\" \/>\n<meta property=\"article:published_time\" content=\"2022-10-06T18:48:25+00:00\" \/>\n<meta property=\"og:image\" content=\"https:\/\/redenoticiaz.com.br\/ribeiraopreto-regiao\/wp-content\/uploads\/sites\/4\/2022\/10\/310993112_5515221351877671_8597969626528409878_n.jpg\" \/>\n\t<meta property=\"og:image:width\" content=\"768\" \/>\n\t<meta property=\"og:image:height\" content=\"690\" \/>\n\t<meta property=\"og:image:type\" content=\"image\/jpeg\" \/>\n<meta name=\"twitter:card\" content=\"summary_large_image\" \/>\n<meta name=\"twitter:creator\" content=\"@RN_barretos\" \/>\n<meta name=\"twitter:site\" content=\"@RN_barretos\" \/>\n<meta name=\"twitter:label1\" content=\"Escrito por\" \/>\n\t<meta name=\"twitter:data1\" content=\"\" \/>\n\t<meta name=\"twitter:label2\" content=\"Est. tempo de leitura\" \/>\n\t<meta name=\"twitter:data2\" content=\"1 minuto\" \/>\n<script type=\"application\/ld+json\" class=\"yoast-schema-graph\">{\"@context\":\"https:\\\/\\\/schema.org\",\"@graph\":[{\"@type\":\"Article\",\"@id\":\"https:\\\/\\\/redenoticiaz.com.br\\\/ribeiraopreto-regiao\\\/sp\\\/2022\\\/10\\\/06\\\/motorista-morre-em-acidente-em-trevo-na-rodovia-brigadeiro-faria-lima#article\",\"isPartOf\":{\"@id\":\"https:\\\/\\\/redenoticiaz.com.br\\\/ribeiraopreto-regiao\\\/sp\\\/2022\\\/10\\\/06\\\/motorista-morre-em-acidente-em-trevo-na-rodovia-brigadeiro-faria-lima\"},\"author\":{\"name\":\"\",\"@id\":\"\"},\"headline\":\"Motorista morre em acidente em trevo na Rodovia Brigadeiro Faria Lima\",\"datePublished\":\"2022-10-06T18:48:25+00:00\",\"mainEntityOfPage\":{\"@id\":\"https:\\\/\\\/redenoticiaz.com.br\\\/ribeiraopreto-regiao\\\/sp\\\/2022\\\/10\\\/06\\\/motorista-morre-em-acidente-em-trevo-na-rodovia-brigadeiro-faria-lima\"},\"wordCount\":109,\"commentCount\":0,\"publisher\":{\"@id\":\"https:\\\/\\\/redenoticiaz.com.br\\\/ribeiraopreto-regiao\\\/#organization\"},\"image\":{\"@id\":\"https:\\\/\\\/redenoticiaz.com.br\\\/ribeiraopreto-regiao\\\/sp\\\/2022\\\/10\\\/06\\\/motorista-morre-em-acidente-em-trevo-na-rodovia-brigadeiro-faria-lima#primaryimage\"},\"thumbnailUrl\":\"https:\\\/\\\/redenoticiaz.com.br\\\/ribeiraopreto-regiao\\\/wp-content\\\/uploads\\\/sites\\\/4\\\/2022\\\/10\\\/310993112_5515221351877671_8597969626528409878_n.jpg\",\"keywords\":[\"acidente\",\"MORRE\",\"MOTORISTA\",\"Rodovia Brigadeiro Faria Lima\"],\"articleSection\":[\"Pol\u00edcia\"],\"inLanguage\":\"pt-BR\",\"potentialAction\":[{\"@type\":\"CommentAction\",\"name\":\"Comment\",\"target\":[\"https:\\\/\\\/redenoticiaz.com.br\\\/ribeiraopreto-regiao\\\/sp\\\/2022\\\/10\\\/06\\\/motorista-morre-em-acidente-em-trevo-na-rodovia-brigadeiro-faria-lima#respond\"]}]},{\"@type\":\"WebPage\",\"@id\":\"https:\\\/\\\/redenoticiaz.com.br\\\/ribeiraopreto-regiao\\\/sp\\\/2022\\\/10\\\/06\\\/motorista-morre-em-acidente-em-trevo-na-rodovia-brigadeiro-faria-lima\",\"url\":\"https:\\\/\\\/redenoticiaz.com.br\\\/ribeiraopreto-regiao\\\/sp\\\/2022\\\/10\\\/06\\\/motorista-morre-em-acidente-em-trevo-na-rodovia-brigadeiro-faria-lima\",\"name\":\"Motorista morre em acidente em trevo na Rodovia Brigadeiro Faria Lima - Ribeir\u00e3o Preto e Regi\u00e3o\",\"isPartOf\":{\"@id\":\"https:\\\/\\\/redenoticiaz.com.br\\\/ribeiraopreto-regiao\\\/#website\"},\"primaryImageOfPage\":{\"@id\":\"https:\\\/\\\/redenoticiaz.com.br\\\/ribeiraopreto-regiao\\\/sp\\\/2022\\\/10\\\/06\\\/motorista-morre-em-acidente-em-trevo-na-rodovia-brigadeiro-faria-lima#primaryimage\"},\"image\":{\"@id\":\"https:\\\/\\\/redenoticiaz.com.br\\\/ribeiraopreto-regiao\\\/sp\\\/2022\\\/10\\\/06\\\/motorista-morre-em-acidente-em-trevo-na-rodovia-brigadeiro-faria-lima#primaryimage\"},\"thumbnailUrl\":\"https:\\\/\\\/redenoticiaz.com.br\\\/ribeiraopreto-regiao\\\/wp-content\\\/uploads\\\/sites\\\/4\\\/2022\\\/10\\\/310993112_5515221351877671_8597969626528409878_n.jpg\",\"datePublished\":\"2022-10-06T18:48:25+00:00\",\"description\":\"Um homem de 61 anos morreu em acidente no km 426 da rodovia Brigadeiro Faria Lima em Barretos, na tarde de quarta-feira (05).\",\"inLanguage\":\"pt-BR\",\"potentialAction\":[{\"@type\":\"ReadAction\",\"target\":[\"https:\\\/\\\/redenoticiaz.com.br\\\/ribeiraopreto-regiao\\\/sp\\\/2022\\\/10\\\/06\\\/motorista-morre-em-acidente-em-trevo-na-rodovia-brigadeiro-faria-lima\"]}]},{\"@type\":\"ImageObject\",\"inLanguage\":\"pt-BR\",\"@id\":\"https:\\\/\\\/redenoticiaz.com.br\\\/ribeiraopreto-regiao\\\/sp\\\/2022\\\/10\\\/06\\\/motorista-morre-em-acidente-em-trevo-na-rodovia-brigadeiro-faria-lima#primaryimage\",\"url\":\"https:\\\/\\\/redenoticiaz.com.br\\\/ribeiraopreto-regiao\\\/wp-content\\\/uploads\\\/sites\\\/4\\\/2022\\\/10\\\/310993112_5515221351877671_8597969626528409878_n.jpg\",\"contentUrl\":\"https:\\\/\\\/redenoticiaz.com.br\\\/ribeiraopreto-regiao\\\/wp-content\\\/uploads\\\/sites\\\/4\\\/2022\\\/10\\\/310993112_5515221351877671_8597969626528409878_n.jpg\",\"width\":768,\"height\":690,\"caption\":\"Cr\u00e9dito: Reprodu\u00e7\u00e3o\"},{\"@type\":\"WebSite\",\"@id\":\"https:\\\/\\\/redenoticiaz.com.br\\\/ribeiraopreto-regiao\\\/#website\",\"url\":\"https:\\\/\\\/redenoticiaz.com.br\\\/ribeiraopreto-regiao\\\/\",\"name\":\"Ribeir\u00e3o Preto e Regi\u00e3o\",\"description\":\"Rede NoticiaZ - Ribeir\u00e3o Preto e regi\u00e3o\",\"publisher\":{\"@id\":\"https:\\\/\\\/redenoticiaz.com.br\\\/ribeiraopreto-regiao\\\/#organization\"},\"potentialAction\":[{\"@type\":\"SearchAction\",\"target\":{\"@type\":\"EntryPoint\",\"urlTemplate\":\"https:\\\/\\\/redenoticiaz.com.br\\\/ribeiraopreto-regiao\\\/?s={search_term_string}\"},\"query-input\":{\"@type\":\"PropertyValueSpecification\",\"valueRequired\":true,\"valueName\":\"search_term_string\"}}],\"inLanguage\":\"pt-BR\"},{\"@type\":\"Organization\",\"@id\":\"https:\\\/\\\/redenoticiaz.com.br\\\/ribeiraopreto-regiao\\\/#organization\",\"name\":\"Ribeir\u00e3o Preto e Regi\u00e3o\",\"url\":\"https:\\\/\\\/redenoticiaz.com.br\\\/ribeiraopreto-regiao\\\/\",\"logo\":{\"@type\":\"ImageObject\",\"inLanguage\":\"pt-BR\",\"@id\":\"https:\\\/\\\/redenoticiaz.com.br\\\/ribeiraopreto-regiao\\\/#\\\/schema\\\/logo\\\/image\\\/\",\"url\":\"https:\\\/\\\/redenoticiaz.com.br\\\/barretos-regiao\\\/wp-content\\\/uploads\\\/sites\\\/4\\\/2022\\\/02\\\/logo.jpg\",\"contentUrl\":\"https:\\\/\\\/redenoticiaz.com.br\\\/barretos-regiao\\\/wp-content\\\/uploads\\\/sites\\\/4\\\/2022\\\/02\\\/logo.jpg\",\"width\":400,\"height\":250,\"caption\":\"Ribeir\u00e3o Preto e Regi\u00e3o\"},\"image\":{\"@id\":\"https:\\\/\\\/redenoticiaz.com.br\\\/ribeiraopreto-regiao\\\/#\\\/schema\\\/logo\\\/image\\\/\"},\"sameAs\":[\"https:\\\/\\\/m.facebook.com\\\/redenoticiaz.barretos\",\"https:\\\/\\\/x.com\\\/RN_barretos\",\"https:\\\/\\\/www.instagram.com\\\/redenoticiaz.barretos\\\/?igshid=YmMyMTA2M2Y\",\"https:\\\/\\\/www.linkedin.com\\\/company\\\/rede-noticiaz-barretos-e-regio\\\/\"]},{\"@type\":\"Person\",\"@id\":\"\",\"url\":\"https:\\\/\\\/redenoticiaz.com.br\\\/ribeiraopreto-regiao\\\/sp\\\/author\"}]}<\/script>\n<!-- \/ Yoast SEO plugin. -->","yoast_head_json":{"title":"Motorista morre em acidente em trevo na Rodovia Brigadeiro Faria Lima - Ribeir\u00e3o Preto e Regi\u00e3o","description":"Um homem de 61 anos morreu em acidente no km 426 da rodovia Brigadeiro Faria Lima em Barretos, na tarde de quarta-feira (05).","robots":{"index":"index","follow":"follow","max-snippet":"max-snippet:-1","max-image-preview":"max-image-preview:large","max-video-preview":"max-video-preview:-1"},"canonical":"https:\/\/redenoticiaz.com.br\/ribeiraopreto-regiao\/sp\/2022\/10\/06\/motorista-morre-em-acidente-em-trevo-na-rodovia-brigadeiro-faria-lima","og_locale":"pt_BR","og_type":"article","og_title":"Motorista morre em acidente em trevo na Rodovia Brigadeiro Faria Lima - Ribeir\u00e3o Preto e Regi\u00e3o","og_description":"Um homem de 61 anos morreu em acidente no km 426 da rodovia Brigadeiro Faria Lima em Barretos, na tarde de quarta-feira (05).","og_url":"https:\/\/redenoticiaz.com.br\/ribeiraopreto-regiao\/sp\/2022\/10\/06\/motorista-morre-em-acidente-em-trevo-na-rodovia-brigadeiro-faria-lima","og_site_name":"Ribeir\u00e3o Preto e Regi\u00e3o","article_publisher":"https:\/\/m.facebook.com\/redenoticiaz.barretos","article_published_time":"2022-10-06T18:48:25+00:00","og_image":[{"width":768,"height":690,"url":"https:\/\/redenoticiaz.com.br\/ribeiraopreto-regiao\/wp-content\/uploads\/sites\/4\/2022\/10\/310993112_5515221351877671_8597969626528409878_n.jpg","type":"image\/jpeg"}],"twitter_card":"summary_large_image","twitter_creator":"@RN_barretos","twitter_site":"@RN_barretos","twitter_misc":{"Escrito por":"","Est. tempo de leitura":"1 minuto"},"schema":{"@context":"https:\/\/schema.org","@graph":[{"@type":"Article","@id":"https:\/\/redenoticiaz.com.br\/ribeiraopreto-regiao\/sp\/2022\/10\/06\/motorista-morre-em-acidente-em-trevo-na-rodovia-brigadeiro-faria-lima#article","isPartOf":{"@id":"https:\/\/redenoticiaz.com.br\/ribeiraopreto-regiao\/sp\/2022\/10\/06\/motorista-morre-em-acidente-em-trevo-na-rodovia-brigadeiro-faria-lima"},"author":{"name":"","@id":""},"headline":"Motorista morre em acidente em trevo na Rodovia Brigadeiro Faria Lima","datePublished":"2022-10-06T18:48:25+00:00","mainEntityOfPage":{"@id":"https:\/\/redenoticiaz.com.br\/ribeiraopreto-regiao\/sp\/2022\/10\/06\/motorista-morre-em-acidente-em-trevo-na-rodovia-brigadeiro-faria-lima"},"wordCount":109,"commentCount":0,"publisher":{"@id":"https:\/\/redenoticiaz.com.br\/ribeiraopreto-regiao\/#organization"},"image":{"@id":"https:\/\/redenoticiaz.com.br\/ribeiraopreto-regiao\/sp\/2022\/10\/06\/motorista-morre-em-acidente-em-trevo-na-rodovia-brigadeiro-faria-lima#primaryimage"},"thumbnailUrl":"https:\/\/redenoticiaz.com.br\/ribeiraopreto-regiao\/wp-content\/uploads\/sites\/4\/2022\/10\/310993112_5515221351877671_8597969626528409878_n.jpg","keywords":["acidente","MORRE","MOTORISTA","Rodovia Brigadeiro Faria Lima"],"articleSection":["Pol\u00edcia"],"inLanguage":"pt-BR","potentialAction":[{"@type":"CommentAction","name":"Comment","target":["https:\/\/redenoticiaz.com.br\/ribeiraopreto-regiao\/sp\/2022\/10\/06\/motorista-morre-em-acidente-em-trevo-na-rodovia-brigadeiro-faria-lima#respond"]}]},{"@type":"WebPage","@id":"https:\/\/redenoticiaz.com.br\/ribeiraopreto-regiao\/sp\/2022\/10\/06\/motorista-morre-em-acidente-em-trevo-na-rodovia-brigadeiro-faria-lima","url":"https:\/\/redenoticiaz.com.br\/ribeiraopreto-regiao\/sp\/2022\/10\/06\/motorista-morre-em-acidente-em-trevo-na-rodovia-brigadeiro-faria-lima","name":"Motorista morre em acidente em trevo na Rodovia Brigadeiro Faria Lima - Ribeir\u00e3o Preto e Regi\u00e3o","isPartOf":{"@id":"https:\/\/redenoticiaz.com.br\/ribeiraopreto-regiao\/#website"},"primaryImageOfPage":{"@id":"https:\/\/redenoticiaz.com.br\/ribeiraopreto-regiao\/sp\/2022\/10\/06\/motorista-morre-em-acidente-em-trevo-na-rodovia-brigadeiro-faria-lima#primaryimage"},"image":{"@id":"https:\/\/redenoticiaz.com.br\/ribeiraopreto-regiao\/sp\/2022\/10\/06\/motorista-morre-em-acidente-em-trevo-na-rodovia-brigadeiro-faria-lima#primaryimage"},"thumbnailUrl":"https:\/\/redenoticiaz.com.br\/ribeiraopreto-regiao\/wp-content\/uploads\/sites\/4\/2022\/10\/310993112_5515221351877671_8597969626528409878_n.jpg","datePublished":"2022-10-06T18:48:25+00:00","description":"Um homem de 61 anos morreu em acidente no km 426 da rodovia Brigadeiro Faria Lima em Barretos, na tarde de quarta-feira (05).","inLanguage":"pt-BR","potentialAction":[{"@type":"ReadAction","target":["https:\/\/redenoticiaz.com.br\/ribeiraopreto-regiao\/sp\/2022\/10\/06\/motorista-morre-em-acidente-em-trevo-na-rodovia-brigadeiro-faria-lima"]}]},{"@type":"ImageObject","inLanguage":"pt-BR","@id":"https:\/\/redenoticiaz.com.br\/ribeiraopreto-regiao\/sp\/2022\/10\/06\/motorista-morre-em-acidente-em-trevo-na-rodovia-brigadeiro-faria-lima#primaryimage","url":"https:\/\/redenoticiaz.com.br\/ribeiraopreto-regiao\/wp-content\/uploads\/sites\/4\/2022\/10\/310993112_5515221351877671_8597969626528409878_n.jpg","contentUrl":"https:\/\/redenoticiaz.com.br\/ribeiraopreto-regiao\/wp-content\/uploads\/sites\/4\/2022\/10\/310993112_5515221351877671_8597969626528409878_n.jpg","width":768,"height":690,"caption":"Cr\u00e9dito: Reprodu\u00e7\u00e3o"},{"@type":"WebSite","@id":"https:\/\/redenoticiaz.com.br\/ribeiraopreto-regiao\/#website","url":"https:\/\/redenoticiaz.com.br\/ribeiraopreto-regiao\/","name":"Ribeir\u00e3o Preto e Regi\u00e3o","description":"Rede NoticiaZ - Ribeir\u00e3o Preto e regi\u00e3o","publisher":{"@id":"https:\/\/redenoticiaz.com.br\/ribeiraopreto-regiao\/#organization"},"potentialAction":[{"@type":"SearchAction","target":{"@type":"EntryPoint","urlTemplate":"https:\/\/redenoticiaz.com.br\/ribeiraopreto-regiao\/?s={search_term_string}"},"query-input":{"@type":"PropertyValueSpecification","valueRequired":true,"valueName":"search_term_string"}}],"inLanguage":"pt-BR"},{"@type":"Organization","@id":"https:\/\/redenoticiaz.com.br\/ribeiraopreto-regiao\/#organization","name":"Ribeir\u00e3o Preto e Regi\u00e3o","url":"https:\/\/redenoticiaz.com.br\/ribeiraopreto-regiao\/","logo":{"@type":"ImageObject","inLanguage":"pt-BR","@id":"https:\/\/redenoticiaz.com.br\/ribeiraopreto-regiao\/#\/schema\/logo\/image\/","url":"https:\/\/redenoticiaz.com.br\/barretos-regiao\/wp-content\/uploads\/sites\/4\/2022\/02\/logo.jpg","contentUrl":"https:\/\/redenoticiaz.com.br\/barretos-regiao\/wp-content\/uploads\/sites\/4\/2022\/02\/logo.jpg","width":400,"height":250,"caption":"Ribeir\u00e3o Preto e Regi\u00e3o"},"image":{"@id":"https:\/\/redenoticiaz.com.br\/ribeiraopreto-regiao\/#\/schema\/logo\/image\/"},"sameAs":["https:\/\/m.facebook.com\/redenoticiaz.barretos","https:\/\/x.com\/RN_barretos","https:\/\/www.instagram.com\/redenoticiaz.barretos\/?igshid=YmMyMTA2M2Y","https:\/\/www.linkedin.com\/company\/rede-noticiaz-barretos-e-regio\/"]},{"@type":"Person","@id":"","url":"https:\/\/redenoticiaz.com.br\/ribeiraopreto-regiao\/sp\/author"}]}},"_links":{"self":[{"href":"https:\/\/redenoticiaz.com.br\/ribeiraopreto-regiao\/wp-json\/wp\/v2\/posts\/92910","targetHints":{"allow":["GET"]}}],"collection":[{"href":"https:\/\/redenoticiaz.com.br\/ribeiraopreto-regiao\/wp-json\/wp\/v2\/posts"}],"about":[{"href":"https:\/\/redenoticiaz.com.br\/ribeiraopreto-regiao\/wp-json\/wp\/v2\/types\/post"}],"author":[{"embeddable":true,"href":"https:\/\/redenoticiaz.com.br\/ribeiraopreto-regiao\/wp-json\/wp\/v2\/users\/15"}],"replies":[{"embeddable":true,"href":"https:\/\/redenoticiaz.com.br\/ribeiraopreto-regiao\/wp-json\/wp\/v2\/comments?post=92910"}],"version-history":[{"count":1,"href":"https:\/\/redenoticiaz.com.br\/ribeiraopreto-regiao\/wp-json\/wp\/v2\/posts\/92910\/revisions"}],"predecessor-version":[{"id":92912,"href":"https:\/\/redenoticiaz.com.br\/ribeiraopreto-regiao\/wp-json\/wp\/v2\/posts\/92910\/revisions\/92912"}],"wp:featuredmedia":[{"embeddable":true,"href":"https:\/\/redenoticiaz.com.br\/ribeiraopreto-regiao\/wp-json\/wp\/v2\/media\/92911"}],"wp:attachment":[{"href":"https:\/\/redenoticiaz.com.br\/ribeiraopreto-regiao\/wp-json\/wp\/v2\/media?parent=92910"}],"wp:term":[{"taxonomy":"category","embeddable":true,"href":"https:\/\/redenoticiaz.com.br\/ribeiraopreto-regiao\/wp-json\/wp\/v2\/categories?post=92910"},{"taxonomy":"post_tag","embeddable":true,"href":"https:\/\/redenoticiaz.com.br\/ribeiraopreto-regiao\/wp-json\/wp\/v2\/tags?post=92910"}],"curies":[{"name":"wp","href":"https:\/\/api.w.org\/{rel}","templated":true}]}}