{"id":92913,"date":"2022-10-06T16:15:50","date_gmt":"2022-10-06T19:15:50","guid":{"rendered":"https:\/\/redenoticiaz.com.br\/barretos-regiao\/?p=92913"},"modified":"2022-10-06T16:15:50","modified_gmt":"2022-10-06T19:15:50","slug":"policia-prende-casal-por-trafico-de-drogas-no-conjunto-newton-siqueira","status":"publish","type":"post","link":"https:\/\/redenoticiaz.com.br\/ribeiraopreto-regiao\/sp\/2022\/10\/06\/policia-prende-casal-por-trafico-de-drogas-no-conjunto-newton-siqueira","title":{"rendered":"Pol\u00edcia prende casal por tr\u00e1fico de drogas no Conjunto Newton Siqueira Sopa"},"content":{"rendered":"<p>Policiais Militares, prenderam pelo crime de tr\u00e1fico de drogas o casal, ambos com 22 anos, sendo apreendidos dinheiro e drogas.<\/p>\n<p>Em patrulhamento pelo bairro Newton Siqueira Sopa, a equipe avistou o casal, estando com um homem que segurava uma sacola em um local conhecido como ponto de venda de drogas.<\/p>\n<p>O casal apreendeu fuga em dire\u00e7\u00e3o oposta, assim que avistou a viatura da Pol\u00edcia. Os dois foram abordados com o homem foi encontrado a quantia de R$290,00 em dinheiro, na sacola havia 114 pinos com coca\u00edna, uma por\u00e7\u00e3o de maconha e 41 pedras de crack, enquanto que com a mulher foram encontrados cinco pinos com coca\u00edna, que estavam no bolso de sua blusa de frio.<\/p>\n<p>Questionado, o homem assumiu a trafic\u00e2ncia do crack e coca\u00edna e que a maconha era para seu consumo, tendo a mulher relatado que os pinos encontrados com ela, pertencia ao companheiro. Ele confessou, tamb\u00e9m haver drogas em seu apartamento no Bloco 18.<\/p>\n<p>No local foram encontrados, aproximadamente 1500 pinos vazios, al\u00e9m de uma por\u00e7\u00e3o de coca\u00edna a granel,\u00a0sendo dada voz de pris\u00e3o ao casal.<\/p>\n<p>Na delegacia, eles tiveram suas pris\u00f5es ratificadas, sendo o homem levado para a cadeia da cidade de Colina e a mulher levada para a cadeia da cidade de Bebedouro, onde permaneceram presos, sendo as drogas e o dinheiro, apreendidos.<\/p>\n<p>VEJA TAMB\u00c9M:\u00a0<a href=\"https:\/\/redenoticiaz.com.br\/barretos-regiao\/sp\/2022\/10\/05\/policia-apreende-menor-suspeito-de-trafico-de-drogas\">Pol\u00edcia apreende menor suspeito de tr\u00e1fico de drogas<\/a><\/p>\n","protected":false},"excerpt":{"rendered":"<p>Policiais Militares, prenderam pelo crime de tr\u00e1fico de drogas o casal, ambos com 22 anos, sendo apreendidos dinheiro e drogas. Em patrulhamento pelo bairro Newton Siqueira Sopa, a equipe avistou o casal, estando com um homem que segurava uma sacola em um local conhecido como ponto de venda de drogas. O casal apreendeu fuga em &hellip;<\/p>\n","protected":false},"author":15,"featured_media":92914,"comment_status":"open","ping_status":"closed","sticky":false,"template":"","format":"standard","meta":{"footnotes":""},"categories":[88],"tags":[17523,4965,20934,15646,17016,6674],"class_list":["post-92913","post","type-post","status-publish","format-standard","has-post-thumbnail","hentry","category-policia","tag-casal","tag-cocaina","tag-conjunto-newton-siqueira","tag-pinos","tag-preso","tag-trafico-de-drogas"],"yoast_head":"<!-- This site is optimized with the Yoast SEO plugin v28.4 - https:\/\/yoast.com\/product\/yoast-seo-wordpress\/ -->\n<title>Pol\u00edcia prende casal por tr\u00e1fico de drogas no Conjunto Newton Siqueira Sopa - Ribeir\u00e3o Preto e Regi\u00e3o<\/title>\n<meta name=\"description\" content=\"Policiais Militares, prenderam pelo crime de tr\u00e1fico de drogas o casal, ambos com 22 anos, sendo apreendidos dinheiro e drogas.\" \/>\n<meta name=\"robots\" content=\"index, follow, max-snippet:-1, max-image-preview:large, max-video-preview:-1\" \/>\n<link rel=\"canonical\" href=\"https:\/\/redenoticiaz.com.br\/ribeiraopreto-regiao\/sp\/2022\/10\/06\/policia-prende-casal-por-trafico-de-drogas-no-conjunto-newton-siqueira\" \/>\n<meta property=\"og:locale\" content=\"pt_BR\" \/>\n<meta property=\"og:type\" content=\"article\" \/>\n<meta property=\"og:title\" content=\"Pol\u00edcia prende casal por tr\u00e1fico de drogas no Conjunto Newton Siqueira Sopa - Ribeir\u00e3o Preto e Regi\u00e3o\" \/>\n<meta property=\"og:description\" content=\"Policiais Militares, prenderam pelo crime de tr\u00e1fico de drogas o casal, ambos com 22 anos, sendo apreendidos dinheiro e drogas.\" \/>\n<meta property=\"og:url\" content=\"https:\/\/redenoticiaz.com.br\/ribeiraopreto-regiao\/sp\/2022\/10\/06\/policia-prende-casal-por-trafico-de-drogas-no-conjunto-newton-siqueira\" \/>\n<meta property=\"og:site_name\" content=\"Ribeir\u00e3o Preto e Regi\u00e3o\" \/>\n<meta property=\"article:publisher\" content=\"https:\/\/m.facebook.com\/redenoticiaz.barretos\" \/>\n<meta property=\"article:published_time\" content=\"2022-10-06T19:15:50+00:00\" \/>\n<meta property=\"og:image\" content=\"https:\/\/redenoticiaz.com.br\/ribeiraopreto-regiao\/wp-content\/uploads\/sites\/4\/2022\/10\/blue-flasher-light-of-siren-of-police-car-2022-02-12-00-06-12-utc-3-scaled.jpg\" \/>\n\t<meta property=\"og:image:width\" content=\"1620\" \/>\n\t<meta property=\"og:image:height\" content=\"1080\" \/>\n\t<meta property=\"og:image:type\" content=\"image\/jpeg\" \/>\n<meta name=\"twitter:card\" content=\"summary_large_image\" \/>\n<meta name=\"twitter:creator\" content=\"@RN_barretos\" \/>\n<meta name=\"twitter:site\" content=\"@RN_barretos\" \/>\n<meta name=\"twitter:label1\" content=\"Escrito por\" \/>\n\t<meta name=\"twitter:data1\" content=\"\" \/>\n\t<meta name=\"twitter:label2\" content=\"Est. tempo de leitura\" \/>\n\t<meta name=\"twitter:data2\" content=\"2 minutos\" \/>\n<script type=\"application\/ld+json\" class=\"yoast-schema-graph\">{\"@context\":\"https:\\\/\\\/schema.org\",\"@graph\":[{\"@type\":\"Article\",\"@id\":\"https:\\\/\\\/redenoticiaz.com.br\\\/ribeiraopreto-regiao\\\/sp\\\/2022\\\/10\\\/06\\\/policia-prende-casal-por-trafico-de-drogas-no-conjunto-newton-siqueira#article\",\"isPartOf\":{\"@id\":\"https:\\\/\\\/redenoticiaz.com.br\\\/ribeiraopreto-regiao\\\/sp\\\/2022\\\/10\\\/06\\\/policia-prende-casal-por-trafico-de-drogas-no-conjunto-newton-siqueira\"},\"author\":{\"name\":\"\",\"@id\":\"\"},\"headline\":\"Pol\u00edcia prende casal por tr\u00e1fico de drogas no Conjunto Newton Siqueira Sopa\",\"datePublished\":\"2022-10-06T19:15:50+00:00\",\"mainEntityOfPage\":{\"@id\":\"https:\\\/\\\/redenoticiaz.com.br\\\/ribeiraopreto-regiao\\\/sp\\\/2022\\\/10\\\/06\\\/policia-prende-casal-por-trafico-de-drogas-no-conjunto-newton-siqueira\"},\"wordCount\":255,\"commentCount\":0,\"publisher\":{\"@id\":\"https:\\\/\\\/redenoticiaz.com.br\\\/ribeiraopreto-regiao\\\/#organization\"},\"image\":{\"@id\":\"https:\\\/\\\/redenoticiaz.com.br\\\/ribeiraopreto-regiao\\\/sp\\\/2022\\\/10\\\/06\\\/policia-prende-casal-por-trafico-de-drogas-no-conjunto-newton-siqueira#primaryimage\"},\"thumbnailUrl\":\"https:\\\/\\\/redenoticiaz.com.br\\\/ribeiraopreto-regiao\\\/wp-content\\\/uploads\\\/sites\\\/4\\\/2022\\\/10\\\/blue-flasher-light-of-siren-of-police-car-2022-02-12-00-06-12-utc-3-scaled.jpg\",\"keywords\":[\"CASAL\",\"COCA\u00cdNA\",\"CONJUNTO NEWTON SIQUEIRA\",\"PINOS\",\"PRESO\",\"TR\u00c1FICO DE DROGAS\"],\"articleSection\":[\"Pol\u00edcia\"],\"inLanguage\":\"pt-BR\",\"potentialAction\":[{\"@type\":\"CommentAction\",\"name\":\"Comment\",\"target\":[\"https:\\\/\\\/redenoticiaz.com.br\\\/ribeiraopreto-regiao\\\/sp\\\/2022\\\/10\\\/06\\\/policia-prende-casal-por-trafico-de-drogas-no-conjunto-newton-siqueira#respond\"]}]},{\"@type\":\"WebPage\",\"@id\":\"https:\\\/\\\/redenoticiaz.com.br\\\/ribeiraopreto-regiao\\\/sp\\\/2022\\\/10\\\/06\\\/policia-prende-casal-por-trafico-de-drogas-no-conjunto-newton-siqueira\",\"url\":\"https:\\\/\\\/redenoticiaz.com.br\\\/ribeiraopreto-regiao\\\/sp\\\/2022\\\/10\\\/06\\\/policia-prende-casal-por-trafico-de-drogas-no-conjunto-newton-siqueira\",\"name\":\"Pol\u00edcia prende casal por tr\u00e1fico de drogas no Conjunto Newton Siqueira Sopa - Ribeir\u00e3o Preto e Regi\u00e3o\",\"isPartOf\":{\"@id\":\"https:\\\/\\\/redenoticiaz.com.br\\\/ribeiraopreto-regiao\\\/#website\"},\"primaryImageOfPage\":{\"@id\":\"https:\\\/\\\/redenoticiaz.com.br\\\/ribeiraopreto-regiao\\\/sp\\\/2022\\\/10\\\/06\\\/policia-prende-casal-por-trafico-de-drogas-no-conjunto-newton-siqueira#primaryimage\"},\"image\":{\"@id\":\"https:\\\/\\\/redenoticiaz.com.br\\\/ribeiraopreto-regiao\\\/sp\\\/2022\\\/10\\\/06\\\/policia-prende-casal-por-trafico-de-drogas-no-conjunto-newton-siqueira#primaryimage\"},\"thumbnailUrl\":\"https:\\\/\\\/redenoticiaz.com.br\\\/ribeiraopreto-regiao\\\/wp-content\\\/uploads\\\/sites\\\/4\\\/2022\\\/10\\\/blue-flasher-light-of-siren-of-police-car-2022-02-12-00-06-12-utc-3-scaled.jpg\",\"datePublished\":\"2022-10-06T19:15:50+00:00\",\"description\":\"Policiais Militares, prenderam pelo crime de tr\u00e1fico de drogas o casal, ambos com 22 anos, sendo apreendidos dinheiro e drogas.\",\"inLanguage\":\"pt-BR\",\"potentialAction\":[{\"@type\":\"ReadAction\",\"target\":[\"https:\\\/\\\/redenoticiaz.com.br\\\/ribeiraopreto-regiao\\\/sp\\\/2022\\\/10\\\/06\\\/policia-prende-casal-por-trafico-de-drogas-no-conjunto-newton-siqueira\"]}]},{\"@type\":\"ImageObject\",\"inLanguage\":\"pt-BR\",\"@id\":\"https:\\\/\\\/redenoticiaz.com.br\\\/ribeiraopreto-regiao\\\/sp\\\/2022\\\/10\\\/06\\\/policia-prende-casal-por-trafico-de-drogas-no-conjunto-newton-siqueira#primaryimage\",\"url\":\"https:\\\/\\\/redenoticiaz.com.br\\\/ribeiraopreto-regiao\\\/wp-content\\\/uploads\\\/sites\\\/4\\\/2022\\\/10\\\/blue-flasher-light-of-siren-of-police-car-2022-02-12-00-06-12-utc-3-scaled.jpg\",\"contentUrl\":\"https:\\\/\\\/redenoticiaz.com.br\\\/ribeiraopreto-regiao\\\/wp-content\\\/uploads\\\/sites\\\/4\\\/2022\\\/10\\\/blue-flasher-light-of-siren-of-police-car-2022-02-12-00-06-12-utc-3-scaled.jpg\",\"width\":1620,\"height\":1080,\"caption\":\"Cr\u00e9dito: Reprodu\u00e7\u00e3o\"},{\"@type\":\"WebSite\",\"@id\":\"https:\\\/\\\/redenoticiaz.com.br\\\/ribeiraopreto-regiao\\\/#website\",\"url\":\"https:\\\/\\\/redenoticiaz.com.br\\\/ribeiraopreto-regiao\\\/\",\"name\":\"Ribeir\u00e3o Preto e Regi\u00e3o\",\"description\":\"Rede NoticiaZ - Ribeir\u00e3o Preto e regi\u00e3o\",\"publisher\":{\"@id\":\"https:\\\/\\\/redenoticiaz.com.br\\\/ribeiraopreto-regiao\\\/#organization\"},\"potentialAction\":[{\"@type\":\"SearchAction\",\"target\":{\"@type\":\"EntryPoint\",\"urlTemplate\":\"https:\\\/\\\/redenoticiaz.com.br\\\/ribeiraopreto-regiao\\\/?s={search_term_string}\"},\"query-input\":{\"@type\":\"PropertyValueSpecification\",\"valueRequired\":true,\"valueName\":\"search_term_string\"}}],\"inLanguage\":\"pt-BR\"},{\"@type\":\"Organization\",\"@id\":\"https:\\\/\\\/redenoticiaz.com.br\\\/ribeiraopreto-regiao\\\/#organization\",\"name\":\"Ribeir\u00e3o Preto e Regi\u00e3o\",\"url\":\"https:\\\/\\\/redenoticiaz.com.br\\\/ribeiraopreto-regiao\\\/\",\"logo\":{\"@type\":\"ImageObject\",\"inLanguage\":\"pt-BR\",\"@id\":\"https:\\\/\\\/redenoticiaz.com.br\\\/ribeiraopreto-regiao\\\/#\\\/schema\\\/logo\\\/image\\\/\",\"url\":\"https:\\\/\\\/redenoticiaz.com.br\\\/barretos-regiao\\\/wp-content\\\/uploads\\\/sites\\\/4\\\/2022\\\/02\\\/logo.jpg\",\"contentUrl\":\"https:\\\/\\\/redenoticiaz.com.br\\\/barretos-regiao\\\/wp-content\\\/uploads\\\/sites\\\/4\\\/2022\\\/02\\\/logo.jpg\",\"width\":400,\"height\":250,\"caption\":\"Ribeir\u00e3o Preto e Regi\u00e3o\"},\"image\":{\"@id\":\"https:\\\/\\\/redenoticiaz.com.br\\\/ribeiraopreto-regiao\\\/#\\\/schema\\\/logo\\\/image\\\/\"},\"sameAs\":[\"https:\\\/\\\/m.facebook.com\\\/redenoticiaz.barretos\",\"https:\\\/\\\/x.com\\\/RN_barretos\",\"https:\\\/\\\/www.instagram.com\\\/redenoticiaz.barretos\\\/?igshid=YmMyMTA2M2Y\",\"https:\\\/\\\/www.linkedin.com\\\/company\\\/rede-noticiaz-barretos-e-regio\\\/\"]},{\"@type\":\"Person\",\"@id\":\"\",\"url\":\"https:\\\/\\\/redenoticiaz.com.br\\\/ribeiraopreto-regiao\\\/sp\\\/author\"}]}<\/script>\n<!-- \/ Yoast SEO plugin. -->","yoast_head_json":{"title":"Pol\u00edcia prende casal por tr\u00e1fico de drogas no Conjunto Newton Siqueira Sopa - Ribeir\u00e3o Preto e Regi\u00e3o","description":"Policiais Militares, prenderam pelo crime de tr\u00e1fico de drogas o casal, ambos com 22 anos, sendo apreendidos dinheiro e drogas.","robots":{"index":"index","follow":"follow","max-snippet":"max-snippet:-1","max-image-preview":"max-image-preview:large","max-video-preview":"max-video-preview:-1"},"canonical":"https:\/\/redenoticiaz.com.br\/ribeiraopreto-regiao\/sp\/2022\/10\/06\/policia-prende-casal-por-trafico-de-drogas-no-conjunto-newton-siqueira","og_locale":"pt_BR","og_type":"article","og_title":"Pol\u00edcia prende casal por tr\u00e1fico de drogas no Conjunto Newton Siqueira Sopa - Ribeir\u00e3o Preto e Regi\u00e3o","og_description":"Policiais Militares, prenderam pelo crime de tr\u00e1fico de drogas o casal, ambos com 22 anos, sendo apreendidos dinheiro e drogas.","og_url":"https:\/\/redenoticiaz.com.br\/ribeiraopreto-regiao\/sp\/2022\/10\/06\/policia-prende-casal-por-trafico-de-drogas-no-conjunto-newton-siqueira","og_site_name":"Ribeir\u00e3o Preto e Regi\u00e3o","article_publisher":"https:\/\/m.facebook.com\/redenoticiaz.barretos","article_published_time":"2022-10-06T19:15:50+00:00","og_image":[{"width":1620,"height":1080,"url":"https:\/\/redenoticiaz.com.br\/ribeiraopreto-regiao\/wp-content\/uploads\/sites\/4\/2022\/10\/blue-flasher-light-of-siren-of-police-car-2022-02-12-00-06-12-utc-3-scaled.jpg","type":"image\/jpeg"}],"twitter_card":"summary_large_image","twitter_creator":"@RN_barretos","twitter_site":"@RN_barretos","twitter_misc":{"Escrito por":"","Est. tempo de leitura":"2 minutos"},"schema":{"@context":"https:\/\/schema.org","@graph":[{"@type":"Article","@id":"https:\/\/redenoticiaz.com.br\/ribeiraopreto-regiao\/sp\/2022\/10\/06\/policia-prende-casal-por-trafico-de-drogas-no-conjunto-newton-siqueira#article","isPartOf":{"@id":"https:\/\/redenoticiaz.com.br\/ribeiraopreto-regiao\/sp\/2022\/10\/06\/policia-prende-casal-por-trafico-de-drogas-no-conjunto-newton-siqueira"},"author":{"name":"","@id":""},"headline":"Pol\u00edcia prende casal por tr\u00e1fico de drogas no Conjunto Newton Siqueira Sopa","datePublished":"2022-10-06T19:15:50+00:00","mainEntityOfPage":{"@id":"https:\/\/redenoticiaz.com.br\/ribeiraopreto-regiao\/sp\/2022\/10\/06\/policia-prende-casal-por-trafico-de-drogas-no-conjunto-newton-siqueira"},"wordCount":255,"commentCount":0,"publisher":{"@id":"https:\/\/redenoticiaz.com.br\/ribeiraopreto-regiao\/#organization"},"image":{"@id":"https:\/\/redenoticiaz.com.br\/ribeiraopreto-regiao\/sp\/2022\/10\/06\/policia-prende-casal-por-trafico-de-drogas-no-conjunto-newton-siqueira#primaryimage"},"thumbnailUrl":"https:\/\/redenoticiaz.com.br\/ribeiraopreto-regiao\/wp-content\/uploads\/sites\/4\/2022\/10\/blue-flasher-light-of-siren-of-police-car-2022-02-12-00-06-12-utc-3-scaled.jpg","keywords":["CASAL","COCA\u00cdNA","CONJUNTO NEWTON SIQUEIRA","PINOS","PRESO","TR\u00c1FICO DE DROGAS"],"articleSection":["Pol\u00edcia"],"inLanguage":"pt-BR","potentialAction":[{"@type":"CommentAction","name":"Comment","target":["https:\/\/redenoticiaz.com.br\/ribeiraopreto-regiao\/sp\/2022\/10\/06\/policia-prende-casal-por-trafico-de-drogas-no-conjunto-newton-siqueira#respond"]}]},{"@type":"WebPage","@id":"https:\/\/redenoticiaz.com.br\/ribeiraopreto-regiao\/sp\/2022\/10\/06\/policia-prende-casal-por-trafico-de-drogas-no-conjunto-newton-siqueira","url":"https:\/\/redenoticiaz.com.br\/ribeiraopreto-regiao\/sp\/2022\/10\/06\/policia-prende-casal-por-trafico-de-drogas-no-conjunto-newton-siqueira","name":"Pol\u00edcia prende casal por tr\u00e1fico de drogas no Conjunto Newton Siqueira Sopa - Ribeir\u00e3o Preto e Regi\u00e3o","isPartOf":{"@id":"https:\/\/redenoticiaz.com.br\/ribeiraopreto-regiao\/#website"},"primaryImageOfPage":{"@id":"https:\/\/redenoticiaz.com.br\/ribeiraopreto-regiao\/sp\/2022\/10\/06\/policia-prende-casal-por-trafico-de-drogas-no-conjunto-newton-siqueira#primaryimage"},"image":{"@id":"https:\/\/redenoticiaz.com.br\/ribeiraopreto-regiao\/sp\/2022\/10\/06\/policia-prende-casal-por-trafico-de-drogas-no-conjunto-newton-siqueira#primaryimage"},"thumbnailUrl":"https:\/\/redenoticiaz.com.br\/ribeiraopreto-regiao\/wp-content\/uploads\/sites\/4\/2022\/10\/blue-flasher-light-of-siren-of-police-car-2022-02-12-00-06-12-utc-3-scaled.jpg","datePublished":"2022-10-06T19:15:50+00:00","description":"Policiais Militares, prenderam pelo crime de tr\u00e1fico de drogas o casal, ambos com 22 anos, sendo apreendidos dinheiro e drogas.","inLanguage":"pt-BR","potentialAction":[{"@type":"ReadAction","target":["https:\/\/redenoticiaz.com.br\/ribeiraopreto-regiao\/sp\/2022\/10\/06\/policia-prende-casal-por-trafico-de-drogas-no-conjunto-newton-siqueira"]}]},{"@type":"ImageObject","inLanguage":"pt-BR","@id":"https:\/\/redenoticiaz.com.br\/ribeiraopreto-regiao\/sp\/2022\/10\/06\/policia-prende-casal-por-trafico-de-drogas-no-conjunto-newton-siqueira#primaryimage","url":"https:\/\/redenoticiaz.com.br\/ribeiraopreto-regiao\/wp-content\/uploads\/sites\/4\/2022\/10\/blue-flasher-light-of-siren-of-police-car-2022-02-12-00-06-12-utc-3-scaled.jpg","contentUrl":"https:\/\/redenoticiaz.com.br\/ribeiraopreto-regiao\/wp-content\/uploads\/sites\/4\/2022\/10\/blue-flasher-light-of-siren-of-police-car-2022-02-12-00-06-12-utc-3-scaled.jpg","width":1620,"height":1080,"caption":"Cr\u00e9dito: Reprodu\u00e7\u00e3o"},{"@type":"WebSite","@id":"https:\/\/redenoticiaz.com.br\/ribeiraopreto-regiao\/#website","url":"https:\/\/redenoticiaz.com.br\/ribeiraopreto-regiao\/","name":"Ribeir\u00e3o Preto e Regi\u00e3o","description":"Rede NoticiaZ - Ribeir\u00e3o Preto e regi\u00e3o","publisher":{"@id":"https:\/\/redenoticiaz.com.br\/ribeiraopreto-regiao\/#organization"},"potentialAction":[{"@type":"SearchAction","target":{"@type":"EntryPoint","urlTemplate":"https:\/\/redenoticiaz.com.br\/ribeiraopreto-regiao\/?s={search_term_string}"},"query-input":{"@type":"PropertyValueSpecification","valueRequired":true,"valueName":"search_term_string"}}],"inLanguage":"pt-BR"},{"@type":"Organization","@id":"https:\/\/redenoticiaz.com.br\/ribeiraopreto-regiao\/#organization","name":"Ribeir\u00e3o Preto e Regi\u00e3o","url":"https:\/\/redenoticiaz.com.br\/ribeiraopreto-regiao\/","logo":{"@type":"ImageObject","inLanguage":"pt-BR","@id":"https:\/\/redenoticiaz.com.br\/ribeiraopreto-regiao\/#\/schema\/logo\/image\/","url":"https:\/\/redenoticiaz.com.br\/barretos-regiao\/wp-content\/uploads\/sites\/4\/2022\/02\/logo.jpg","contentUrl":"https:\/\/redenoticiaz.com.br\/barretos-regiao\/wp-content\/uploads\/sites\/4\/2022\/02\/logo.jpg","width":400,"height":250,"caption":"Ribeir\u00e3o Preto e Regi\u00e3o"},"image":{"@id":"https:\/\/redenoticiaz.com.br\/ribeiraopreto-regiao\/#\/schema\/logo\/image\/"},"sameAs":["https:\/\/m.facebook.com\/redenoticiaz.barretos","https:\/\/x.com\/RN_barretos","https:\/\/www.instagram.com\/redenoticiaz.barretos\/?igshid=YmMyMTA2M2Y","https:\/\/www.linkedin.com\/company\/rede-noticiaz-barretos-e-regio\/"]},{"@type":"Person","@id":"","url":"https:\/\/redenoticiaz.com.br\/ribeiraopreto-regiao\/sp\/author"}]}},"_links":{"self":[{"href":"https:\/\/redenoticiaz.com.br\/ribeiraopreto-regiao\/wp-json\/wp\/v2\/posts\/92913","targetHints":{"allow":["GET"]}}],"collection":[{"href":"https:\/\/redenoticiaz.com.br\/ribeiraopreto-regiao\/wp-json\/wp\/v2\/posts"}],"about":[{"href":"https:\/\/redenoticiaz.com.br\/ribeiraopreto-regiao\/wp-json\/wp\/v2\/types\/post"}],"author":[{"embeddable":true,"href":"https:\/\/redenoticiaz.com.br\/ribeiraopreto-regiao\/wp-json\/wp\/v2\/users\/15"}],"replies":[{"embeddable":true,"href":"https:\/\/redenoticiaz.com.br\/ribeiraopreto-regiao\/wp-json\/wp\/v2\/comments?post=92913"}],"version-history":[{"count":1,"href":"https:\/\/redenoticiaz.com.br\/ribeiraopreto-regiao\/wp-json\/wp\/v2\/posts\/92913\/revisions"}],"predecessor-version":[{"id":92915,"href":"https:\/\/redenoticiaz.com.br\/ribeiraopreto-regiao\/wp-json\/wp\/v2\/posts\/92913\/revisions\/92915"}],"wp:featuredmedia":[{"embeddable":true,"href":"https:\/\/redenoticiaz.com.br\/ribeiraopreto-regiao\/wp-json\/wp\/v2\/media\/92914"}],"wp:attachment":[{"href":"https:\/\/redenoticiaz.com.br\/ribeiraopreto-regiao\/wp-json\/wp\/v2\/media?parent=92913"}],"wp:term":[{"taxonomy":"category","embeddable":true,"href":"https:\/\/redenoticiaz.com.br\/ribeiraopreto-regiao\/wp-json\/wp\/v2\/categories?post=92913"},{"taxonomy":"post_tag","embeddable":true,"href":"https:\/\/redenoticiaz.com.br\/ribeiraopreto-regiao\/wp-json\/wp\/v2\/tags?post=92913"}],"curies":[{"name":"wp","href":"https:\/\/api.w.org\/{rel}","templated":true}]}}