{"id":93159,"date":"2022-10-11T14:00:11","date_gmt":"2022-10-11T17:00:11","guid":{"rendered":"https:\/\/redenoticiaz.com.br\/barretos-regiao\/?p=93159"},"modified":"2022-10-11T14:00:11","modified_gmt":"2022-10-11T17:00:11","slug":"taxa-do-lixo-nao-deve-ser-paga-a-partir-de-outubro","status":"publish","type":"post","link":"https:\/\/redenoticiaz.com.br\/ribeiraopreto-regiao\/sp\/2022\/10\/11\/taxa-do-lixo-nao-deve-ser-paga-a-partir-de-outubro","title":{"rendered":"Taxa do lixo n\u00e3o deve ser paga a partir de outubro"},"content":{"rendered":"<article id=\"fl-post-177739\" class=\"fl-post post-177739 noticia type-noticia status-publish hentry cat_noticias-barretos-e-regiao\">\n<div class=\"fl-post-content clearfix\">\n<p>O Saae (Servi\u00e7o Aut\u00f4nomo de \u00c1gua e Esgoto de Barretos) informou, ontem (10), por meio de nota, que a Justi\u00e7a derrubou a taxa do lixo, e que, por isso, as faturas a partir do dia 5 de outubro n\u00e3o devem mais ser pagas.<\/p>\n<p><strong>Atendimento<\/strong><\/p>\n<p>Desde ontem (10), a autarquia ampliou o hor\u00e1rio de atendimento em sua sede, na rua 30, entre 8 e 16 horas.<\/p>\n<p>Os mun\u00edcipes t\u00eam das 8h \u00e0s 16h para serem atendidos na sede, e das 9h \u00e0s 17h no Poupatempo. No Poupatempo, inclusive, o atendimento \u00e9 feito aos s\u00e1bados das 9h \u00e0s 13h.<\/p>\n<p>VEJA TAMB\u00c9M:\u00a0<a href=\"https:\/\/redenoticiaz.com.br\/barretos-regiao\/sp\/2022\/10\/06\/tribunal-de-justica-derruba-taxa-do-lixo\">Tribunal de Justi\u00e7a derruba Taxa do Lixo<\/a><\/p>\n<\/div>\n<div class=\"fl-post-meta fl-post-meta-bottom\">\n<div class=\"fl-post-cats-tags\"><\/div>\n<\/div>\n<\/article>\n<div class=\"row\">\n<div class=\"col-md-12 compartilhar\"><\/div>\n<\/div>\n","protected":false},"excerpt":{"rendered":"<p>O Saae (Servi\u00e7o Aut\u00f4nomo de \u00c1gua e Esgoto de Barretos) informou, ontem (10), por meio de nota, que a Justi\u00e7a derrubou a taxa do lixo, e que, por isso, as faturas a partir do dia 5 de outubro n\u00e3o devem mais ser pagas. Atendimento Desde ontem (10), a autarquia ampliou o hor\u00e1rio de atendimento em &hellip;<\/p>\n","protected":false},"author":15,"featured_media":93161,"comment_status":"open","ping_status":"closed","sticky":false,"template":"","format":"standard","meta":{"footnotes":""},"categories":[186],"tags":[19139,21065,5296,3796,20926],"class_list":["post-93159","post","type-post","status-publish","format-standard","has-post-thumbnail","hentry","category-politica","tag-fatura","tag-outubro","tag-pagamento","tag-saae","tag-taxa-do-lixo"],"yoast_head":"<!-- This site is optimized with the Yoast SEO plugin v27.4 - https:\/\/yoast.com\/product\/yoast-seo-wordpress\/ -->\n<title>Taxa do lixo n\u00e3o deve ser paga a partir de outubro - Ribeir\u00e3o Preto e Regi\u00e3o<\/title>\n<meta name=\"description\" content=\"O Saae (Servi\u00e7o Aut\u00f4nomo de \u00c1gua e Esgoto de Barretos) informou, ontem (10), por meio de nota, que a Justi\u00e7a derrubou a taxa do lixo,\" \/>\n<meta name=\"robots\" content=\"index, follow, max-snippet:-1, max-image-preview:large, max-video-preview:-1\" \/>\n<link rel=\"canonical\" href=\"https:\/\/redenoticiaz.com.br\/ribeiraopreto-regiao\/sp\/2022\/10\/11\/taxa-do-lixo-nao-deve-ser-paga-a-partir-de-outubro\" \/>\n<meta property=\"og:locale\" content=\"pt_BR\" \/>\n<meta property=\"og:type\" content=\"article\" \/>\n<meta property=\"og:title\" content=\"Taxa do lixo n\u00e3o deve ser paga a partir de outubro - Ribeir\u00e3o Preto e Regi\u00e3o\" \/>\n<meta property=\"og:description\" content=\"O Saae (Servi\u00e7o Aut\u00f4nomo de \u00c1gua e Esgoto de Barretos) informou, ontem (10), por meio de nota, que a Justi\u00e7a derrubou a taxa do lixo,\" \/>\n<meta property=\"og:url\" content=\"https:\/\/redenoticiaz.com.br\/ribeiraopreto-regiao\/sp\/2022\/10\/11\/taxa-do-lixo-nao-deve-ser-paga-a-partir-de-outubro\" \/>\n<meta property=\"og:site_name\" content=\"Ribeir\u00e3o Preto e Regi\u00e3o\" \/>\n<meta property=\"article:publisher\" content=\"https:\/\/m.facebook.com\/redenoticiaz.barretos\" \/>\n<meta property=\"article:published_time\" content=\"2022-10-11T17:00:11+00:00\" \/>\n<meta property=\"og:image\" content=\"https:\/\/redenoticiaz.com.br\/ribeiraopreto-regiao\/wp-content\/uploads\/sites\/4\/2022\/10\/Taxa-do-lixo-nao-deve-ser-paga-a-partir-de-outubro.png\" \/>\n\t<meta property=\"og:image:width\" content=\"1000\" \/>\n\t<meta property=\"og:image:height\" content=\"900\" \/>\n\t<meta property=\"og:image:type\" content=\"image\/png\" \/>\n<meta name=\"twitter:card\" content=\"summary_large_image\" \/>\n<meta name=\"twitter:creator\" content=\"@RN_barretos\" \/>\n<meta name=\"twitter:site\" content=\"@RN_barretos\" \/>\n<meta name=\"twitter:label1\" content=\"Escrito por\" \/>\n\t<meta name=\"twitter:data1\" content=\"\" \/>\n\t<meta name=\"twitter:label2\" content=\"Est. tempo de leitura\" \/>\n\t<meta name=\"twitter:data2\" content=\"1 minuto\" \/>\n<script type=\"application\/ld+json\" class=\"yoast-schema-graph\">{\"@context\":\"https:\\\/\\\/schema.org\",\"@graph\":[{\"@type\":\"Article\",\"@id\":\"https:\\\/\\\/redenoticiaz.com.br\\\/ribeiraopreto-regiao\\\/sp\\\/2022\\\/10\\\/11\\\/taxa-do-lixo-nao-deve-ser-paga-a-partir-de-outubro#article\",\"isPartOf\":{\"@id\":\"https:\\\/\\\/redenoticiaz.com.br\\\/ribeiraopreto-regiao\\\/sp\\\/2022\\\/10\\\/11\\\/taxa-do-lixo-nao-deve-ser-paga-a-partir-de-outubro\"},\"author\":{\"name\":\"\",\"@id\":\"\"},\"headline\":\"Taxa do lixo n\u00e3o deve ser paga a partir de outubro\",\"datePublished\":\"2022-10-11T17:00:11+00:00\",\"mainEntityOfPage\":{\"@id\":\"https:\\\/\\\/redenoticiaz.com.br\\\/ribeiraopreto-regiao\\\/sp\\\/2022\\\/10\\\/11\\\/taxa-do-lixo-nao-deve-ser-paga-a-partir-de-outubro\"},\"wordCount\":121,\"commentCount\":0,\"publisher\":{\"@id\":\"https:\\\/\\\/redenoticiaz.com.br\\\/ribeiraopreto-regiao\\\/#organization\"},\"image\":{\"@id\":\"https:\\\/\\\/redenoticiaz.com.br\\\/ribeiraopreto-regiao\\\/sp\\\/2022\\\/10\\\/11\\\/taxa-do-lixo-nao-deve-ser-paga-a-partir-de-outubro#primaryimage\"},\"thumbnailUrl\":\"https:\\\/\\\/redenoticiaz.com.br\\\/ribeiraopreto-regiao\\\/wp-content\\\/uploads\\\/sites\\\/4\\\/2022\\\/10\\\/Taxa-do-lixo-nao-deve-ser-paga-a-partir-de-outubro.png\",\"keywords\":[\"FATURA\",\"OUTUBRO\",\"PAGAMENTO\",\"SAAE\",\"TAXA DO LIXO\"],\"articleSection\":[\"Pol\u00edtica\"],\"inLanguage\":\"pt-BR\",\"potentialAction\":[{\"@type\":\"CommentAction\",\"name\":\"Comment\",\"target\":[\"https:\\\/\\\/redenoticiaz.com.br\\\/ribeiraopreto-regiao\\\/sp\\\/2022\\\/10\\\/11\\\/taxa-do-lixo-nao-deve-ser-paga-a-partir-de-outubro#respond\"]}]},{\"@type\":\"WebPage\",\"@id\":\"https:\\\/\\\/redenoticiaz.com.br\\\/ribeiraopreto-regiao\\\/sp\\\/2022\\\/10\\\/11\\\/taxa-do-lixo-nao-deve-ser-paga-a-partir-de-outubro\",\"url\":\"https:\\\/\\\/redenoticiaz.com.br\\\/ribeiraopreto-regiao\\\/sp\\\/2022\\\/10\\\/11\\\/taxa-do-lixo-nao-deve-ser-paga-a-partir-de-outubro\",\"name\":\"Taxa do lixo n\u00e3o deve ser paga a partir de outubro - Ribeir\u00e3o Preto e Regi\u00e3o\",\"isPartOf\":{\"@id\":\"https:\\\/\\\/redenoticiaz.com.br\\\/ribeiraopreto-regiao\\\/#website\"},\"primaryImageOfPage\":{\"@id\":\"https:\\\/\\\/redenoticiaz.com.br\\\/ribeiraopreto-regiao\\\/sp\\\/2022\\\/10\\\/11\\\/taxa-do-lixo-nao-deve-ser-paga-a-partir-de-outubro#primaryimage\"},\"image\":{\"@id\":\"https:\\\/\\\/redenoticiaz.com.br\\\/ribeiraopreto-regiao\\\/sp\\\/2022\\\/10\\\/11\\\/taxa-do-lixo-nao-deve-ser-paga-a-partir-de-outubro#primaryimage\"},\"thumbnailUrl\":\"https:\\\/\\\/redenoticiaz.com.br\\\/ribeiraopreto-regiao\\\/wp-content\\\/uploads\\\/sites\\\/4\\\/2022\\\/10\\\/Taxa-do-lixo-nao-deve-ser-paga-a-partir-de-outubro.png\",\"datePublished\":\"2022-10-11T17:00:11+00:00\",\"description\":\"O Saae (Servi\u00e7o Aut\u00f4nomo de \u00c1gua e Esgoto de Barretos) informou, ontem (10), por meio de nota, que a Justi\u00e7a derrubou a taxa do lixo,\",\"inLanguage\":\"pt-BR\",\"potentialAction\":[{\"@type\":\"ReadAction\",\"target\":[\"https:\\\/\\\/redenoticiaz.com.br\\\/ribeiraopreto-regiao\\\/sp\\\/2022\\\/10\\\/11\\\/taxa-do-lixo-nao-deve-ser-paga-a-partir-de-outubro\"]}]},{\"@type\":\"ImageObject\",\"inLanguage\":\"pt-BR\",\"@id\":\"https:\\\/\\\/redenoticiaz.com.br\\\/ribeiraopreto-regiao\\\/sp\\\/2022\\\/10\\\/11\\\/taxa-do-lixo-nao-deve-ser-paga-a-partir-de-outubro#primaryimage\",\"url\":\"https:\\\/\\\/redenoticiaz.com.br\\\/ribeiraopreto-regiao\\\/wp-content\\\/uploads\\\/sites\\\/4\\\/2022\\\/10\\\/Taxa-do-lixo-nao-deve-ser-paga-a-partir-de-outubro.png\",\"contentUrl\":\"https:\\\/\\\/redenoticiaz.com.br\\\/ribeiraopreto-regiao\\\/wp-content\\\/uploads\\\/sites\\\/4\\\/2022\\\/10\\\/Taxa-do-lixo-nao-deve-ser-paga-a-partir-de-outubro.png\",\"width\":1000,\"height\":900,\"caption\":\"Cr\u00e9dito: Reprodu\u00e7\u00e3o\"},{\"@type\":\"WebSite\",\"@id\":\"https:\\\/\\\/redenoticiaz.com.br\\\/ribeiraopreto-regiao\\\/#website\",\"url\":\"https:\\\/\\\/redenoticiaz.com.br\\\/ribeiraopreto-regiao\\\/\",\"name\":\"Ribeir\u00e3o Preto e Regi\u00e3o\",\"description\":\"Rede NoticiaZ - Ribeir\u00e3o Preto e regi\u00e3o\",\"publisher\":{\"@id\":\"https:\\\/\\\/redenoticiaz.com.br\\\/ribeiraopreto-regiao\\\/#organization\"},\"potentialAction\":[{\"@type\":\"SearchAction\",\"target\":{\"@type\":\"EntryPoint\",\"urlTemplate\":\"https:\\\/\\\/redenoticiaz.com.br\\\/ribeiraopreto-regiao\\\/?s={search_term_string}\"},\"query-input\":{\"@type\":\"PropertyValueSpecification\",\"valueRequired\":true,\"valueName\":\"search_term_string\"}}],\"inLanguage\":\"pt-BR\"},{\"@type\":\"Organization\",\"@id\":\"https:\\\/\\\/redenoticiaz.com.br\\\/ribeiraopreto-regiao\\\/#organization\",\"name\":\"Ribeir\u00e3o Preto e Regi\u00e3o\",\"url\":\"https:\\\/\\\/redenoticiaz.com.br\\\/ribeiraopreto-regiao\\\/\",\"logo\":{\"@type\":\"ImageObject\",\"inLanguage\":\"pt-BR\",\"@id\":\"https:\\\/\\\/redenoticiaz.com.br\\\/ribeiraopreto-regiao\\\/#\\\/schema\\\/logo\\\/image\\\/\",\"url\":\"https:\\\/\\\/redenoticiaz.com.br\\\/barretos-regiao\\\/wp-content\\\/uploads\\\/sites\\\/4\\\/2022\\\/02\\\/logo.jpg\",\"contentUrl\":\"https:\\\/\\\/redenoticiaz.com.br\\\/barretos-regiao\\\/wp-content\\\/uploads\\\/sites\\\/4\\\/2022\\\/02\\\/logo.jpg\",\"width\":400,\"height\":250,\"caption\":\"Ribeir\u00e3o Preto e Regi\u00e3o\"},\"image\":{\"@id\":\"https:\\\/\\\/redenoticiaz.com.br\\\/ribeiraopreto-regiao\\\/#\\\/schema\\\/logo\\\/image\\\/\"},\"sameAs\":[\"https:\\\/\\\/m.facebook.com\\\/redenoticiaz.barretos\",\"https:\\\/\\\/x.com\\\/RN_barretos\",\"https:\\\/\\\/www.instagram.com\\\/redenoticiaz.barretos\\\/?igshid=YmMyMTA2M2Y\",\"https:\\\/\\\/www.linkedin.com\\\/company\\\/rede-noticiaz-barretos-e-regio\\\/\"]},{\"@type\":\"Person\",\"@id\":\"\",\"url\":\"https:\\\/\\\/redenoticiaz.com.br\\\/ribeiraopreto-regiao\\\/sp\\\/author\"}]}<\/script>\n<!-- \/ Yoast SEO plugin. -->","yoast_head_json":{"title":"Taxa do lixo n\u00e3o deve ser paga a partir de outubro - Ribeir\u00e3o Preto e Regi\u00e3o","description":"O Saae (Servi\u00e7o Aut\u00f4nomo de \u00c1gua e Esgoto de Barretos) informou, ontem (10), por meio de nota, que a Justi\u00e7a derrubou a taxa do lixo,","robots":{"index":"index","follow":"follow","max-snippet":"max-snippet:-1","max-image-preview":"max-image-preview:large","max-video-preview":"max-video-preview:-1"},"canonical":"https:\/\/redenoticiaz.com.br\/ribeiraopreto-regiao\/sp\/2022\/10\/11\/taxa-do-lixo-nao-deve-ser-paga-a-partir-de-outubro","og_locale":"pt_BR","og_type":"article","og_title":"Taxa do lixo n\u00e3o deve ser paga a partir de outubro - Ribeir\u00e3o Preto e Regi\u00e3o","og_description":"O Saae (Servi\u00e7o Aut\u00f4nomo de \u00c1gua e Esgoto de Barretos) informou, ontem (10), por meio de nota, que a Justi\u00e7a derrubou a taxa do lixo,","og_url":"https:\/\/redenoticiaz.com.br\/ribeiraopreto-regiao\/sp\/2022\/10\/11\/taxa-do-lixo-nao-deve-ser-paga-a-partir-de-outubro","og_site_name":"Ribeir\u00e3o Preto e Regi\u00e3o","article_publisher":"https:\/\/m.facebook.com\/redenoticiaz.barretos","article_published_time":"2022-10-11T17:00:11+00:00","og_image":[{"width":1000,"height":900,"url":"https:\/\/redenoticiaz.com.br\/ribeiraopreto-regiao\/wp-content\/uploads\/sites\/4\/2022\/10\/Taxa-do-lixo-nao-deve-ser-paga-a-partir-de-outubro.png","type":"image\/png"}],"twitter_card":"summary_large_image","twitter_creator":"@RN_barretos","twitter_site":"@RN_barretos","twitter_misc":{"Escrito por":"","Est. tempo de leitura":"1 minuto"},"schema":{"@context":"https:\/\/schema.org","@graph":[{"@type":"Article","@id":"https:\/\/redenoticiaz.com.br\/ribeiraopreto-regiao\/sp\/2022\/10\/11\/taxa-do-lixo-nao-deve-ser-paga-a-partir-de-outubro#article","isPartOf":{"@id":"https:\/\/redenoticiaz.com.br\/ribeiraopreto-regiao\/sp\/2022\/10\/11\/taxa-do-lixo-nao-deve-ser-paga-a-partir-de-outubro"},"author":{"name":"","@id":""},"headline":"Taxa do lixo n\u00e3o deve ser paga a partir de outubro","datePublished":"2022-10-11T17:00:11+00:00","mainEntityOfPage":{"@id":"https:\/\/redenoticiaz.com.br\/ribeiraopreto-regiao\/sp\/2022\/10\/11\/taxa-do-lixo-nao-deve-ser-paga-a-partir-de-outubro"},"wordCount":121,"commentCount":0,"publisher":{"@id":"https:\/\/redenoticiaz.com.br\/ribeiraopreto-regiao\/#organization"},"image":{"@id":"https:\/\/redenoticiaz.com.br\/ribeiraopreto-regiao\/sp\/2022\/10\/11\/taxa-do-lixo-nao-deve-ser-paga-a-partir-de-outubro#primaryimage"},"thumbnailUrl":"https:\/\/redenoticiaz.com.br\/ribeiraopreto-regiao\/wp-content\/uploads\/sites\/4\/2022\/10\/Taxa-do-lixo-nao-deve-ser-paga-a-partir-de-outubro.png","keywords":["FATURA","OUTUBRO","PAGAMENTO","SAAE","TAXA DO LIXO"],"articleSection":["Pol\u00edtica"],"inLanguage":"pt-BR","potentialAction":[{"@type":"CommentAction","name":"Comment","target":["https:\/\/redenoticiaz.com.br\/ribeiraopreto-regiao\/sp\/2022\/10\/11\/taxa-do-lixo-nao-deve-ser-paga-a-partir-de-outubro#respond"]}]},{"@type":"WebPage","@id":"https:\/\/redenoticiaz.com.br\/ribeiraopreto-regiao\/sp\/2022\/10\/11\/taxa-do-lixo-nao-deve-ser-paga-a-partir-de-outubro","url":"https:\/\/redenoticiaz.com.br\/ribeiraopreto-regiao\/sp\/2022\/10\/11\/taxa-do-lixo-nao-deve-ser-paga-a-partir-de-outubro","name":"Taxa do lixo n\u00e3o deve ser paga a partir de outubro - Ribeir\u00e3o Preto e Regi\u00e3o","isPartOf":{"@id":"https:\/\/redenoticiaz.com.br\/ribeiraopreto-regiao\/#website"},"primaryImageOfPage":{"@id":"https:\/\/redenoticiaz.com.br\/ribeiraopreto-regiao\/sp\/2022\/10\/11\/taxa-do-lixo-nao-deve-ser-paga-a-partir-de-outubro#primaryimage"},"image":{"@id":"https:\/\/redenoticiaz.com.br\/ribeiraopreto-regiao\/sp\/2022\/10\/11\/taxa-do-lixo-nao-deve-ser-paga-a-partir-de-outubro#primaryimage"},"thumbnailUrl":"https:\/\/redenoticiaz.com.br\/ribeiraopreto-regiao\/wp-content\/uploads\/sites\/4\/2022\/10\/Taxa-do-lixo-nao-deve-ser-paga-a-partir-de-outubro.png","datePublished":"2022-10-11T17:00:11+00:00","description":"O Saae (Servi\u00e7o Aut\u00f4nomo de \u00c1gua e Esgoto de Barretos) informou, ontem (10), por meio de nota, que a Justi\u00e7a derrubou a taxa do lixo,","inLanguage":"pt-BR","potentialAction":[{"@type":"ReadAction","target":["https:\/\/redenoticiaz.com.br\/ribeiraopreto-regiao\/sp\/2022\/10\/11\/taxa-do-lixo-nao-deve-ser-paga-a-partir-de-outubro"]}]},{"@type":"ImageObject","inLanguage":"pt-BR","@id":"https:\/\/redenoticiaz.com.br\/ribeiraopreto-regiao\/sp\/2022\/10\/11\/taxa-do-lixo-nao-deve-ser-paga-a-partir-de-outubro#primaryimage","url":"https:\/\/redenoticiaz.com.br\/ribeiraopreto-regiao\/wp-content\/uploads\/sites\/4\/2022\/10\/Taxa-do-lixo-nao-deve-ser-paga-a-partir-de-outubro.png","contentUrl":"https:\/\/redenoticiaz.com.br\/ribeiraopreto-regiao\/wp-content\/uploads\/sites\/4\/2022\/10\/Taxa-do-lixo-nao-deve-ser-paga-a-partir-de-outubro.png","width":1000,"height":900,"caption":"Cr\u00e9dito: Reprodu\u00e7\u00e3o"},{"@type":"WebSite","@id":"https:\/\/redenoticiaz.com.br\/ribeiraopreto-regiao\/#website","url":"https:\/\/redenoticiaz.com.br\/ribeiraopreto-regiao\/","name":"Ribeir\u00e3o Preto e Regi\u00e3o","description":"Rede NoticiaZ - Ribeir\u00e3o Preto e regi\u00e3o","publisher":{"@id":"https:\/\/redenoticiaz.com.br\/ribeiraopreto-regiao\/#organization"},"potentialAction":[{"@type":"SearchAction","target":{"@type":"EntryPoint","urlTemplate":"https:\/\/redenoticiaz.com.br\/ribeiraopreto-regiao\/?s={search_term_string}"},"query-input":{"@type":"PropertyValueSpecification","valueRequired":true,"valueName":"search_term_string"}}],"inLanguage":"pt-BR"},{"@type":"Organization","@id":"https:\/\/redenoticiaz.com.br\/ribeiraopreto-regiao\/#organization","name":"Ribeir\u00e3o Preto e Regi\u00e3o","url":"https:\/\/redenoticiaz.com.br\/ribeiraopreto-regiao\/","logo":{"@type":"ImageObject","inLanguage":"pt-BR","@id":"https:\/\/redenoticiaz.com.br\/ribeiraopreto-regiao\/#\/schema\/logo\/image\/","url":"https:\/\/redenoticiaz.com.br\/barretos-regiao\/wp-content\/uploads\/sites\/4\/2022\/02\/logo.jpg","contentUrl":"https:\/\/redenoticiaz.com.br\/barretos-regiao\/wp-content\/uploads\/sites\/4\/2022\/02\/logo.jpg","width":400,"height":250,"caption":"Ribeir\u00e3o Preto e Regi\u00e3o"},"image":{"@id":"https:\/\/redenoticiaz.com.br\/ribeiraopreto-regiao\/#\/schema\/logo\/image\/"},"sameAs":["https:\/\/m.facebook.com\/redenoticiaz.barretos","https:\/\/x.com\/RN_barretos","https:\/\/www.instagram.com\/redenoticiaz.barretos\/?igshid=YmMyMTA2M2Y","https:\/\/www.linkedin.com\/company\/rede-noticiaz-barretos-e-regio\/"]},{"@type":"Person","@id":"","url":"https:\/\/redenoticiaz.com.br\/ribeiraopreto-regiao\/sp\/author"}]}},"_links":{"self":[{"href":"https:\/\/redenoticiaz.com.br\/ribeiraopreto-regiao\/wp-json\/wp\/v2\/posts\/93159","targetHints":{"allow":["GET"]}}],"collection":[{"href":"https:\/\/redenoticiaz.com.br\/ribeiraopreto-regiao\/wp-json\/wp\/v2\/posts"}],"about":[{"href":"https:\/\/redenoticiaz.com.br\/ribeiraopreto-regiao\/wp-json\/wp\/v2\/types\/post"}],"author":[{"embeddable":true,"href":"https:\/\/redenoticiaz.com.br\/ribeiraopreto-regiao\/wp-json\/wp\/v2\/users\/15"}],"replies":[{"embeddable":true,"href":"https:\/\/redenoticiaz.com.br\/ribeiraopreto-regiao\/wp-json\/wp\/v2\/comments?post=93159"}],"version-history":[{"count":1,"href":"https:\/\/redenoticiaz.com.br\/ribeiraopreto-regiao\/wp-json\/wp\/v2\/posts\/93159\/revisions"}],"predecessor-version":[{"id":93162,"href":"https:\/\/redenoticiaz.com.br\/ribeiraopreto-regiao\/wp-json\/wp\/v2\/posts\/93159\/revisions\/93162"}],"wp:featuredmedia":[{"embeddable":true,"href":"https:\/\/redenoticiaz.com.br\/ribeiraopreto-regiao\/wp-json\/wp\/v2\/media\/93161"}],"wp:attachment":[{"href":"https:\/\/redenoticiaz.com.br\/ribeiraopreto-regiao\/wp-json\/wp\/v2\/media?parent=93159"}],"wp:term":[{"taxonomy":"category","embeddable":true,"href":"https:\/\/redenoticiaz.com.br\/ribeiraopreto-regiao\/wp-json\/wp\/v2\/categories?post=93159"},{"taxonomy":"post_tag","embeddable":true,"href":"https:\/\/redenoticiaz.com.br\/ribeiraopreto-regiao\/wp-json\/wp\/v2\/tags?post=93159"}],"curies":[{"name":"wp","href":"https:\/\/api.w.org\/{rel}","templated":true}]}}