{"id":93435,"date":"2022-10-15T15:29:32","date_gmt":"2022-10-15T18:29:32","guid":{"rendered":"https:\/\/redenoticiaz.com.br\/barretos-regiao\/?p=93435"},"modified":"2022-10-15T15:29:32","modified_gmt":"2022-10-15T18:29:32","slug":"lancamento-do-livro-caminhos-e-superacoes-acontece-no-north-shopping-barretos","status":"publish","type":"post","link":"https:\/\/redenoticiaz.com.br\/ribeiraopreto-regiao\/sp\/2022\/10\/15\/lancamento-do-livro-caminhos-e-superacoes-acontece-no-north-shopping-barretos","title":{"rendered":"Lan\u00e7amento do livro &#8220;Caminhos e Supera\u00e7\u00f5es&#8221; acontece no North Shopping Barretos"},"content":{"rendered":"<p>O livro &#8220;Caminhos e Supera\u00e7\u00f5es&#8221; uma produ\u00e7\u00e3o independente, a autobiografia do mago das passarelas e faces\u00a0Andr\u00e9 Pereira de 50 anos, que \u00e9 produtor de moda, agenciador de modelos, de atores e influenciadores, ter\u00e1 o\u00a0lan\u00e7amento e noite de aut\u00f3grafos no dia 24 de outubro, \u00e0s 19h30, no North Shopping Barretos. O evento acontece na Pra\u00e7a de eventos do centro de compras, defronte a Riachuelo.<u><\/u><u><\/u><\/p>\n<p class=\"v1m_8869906467242952817ql-align-justify\"><u><\/u><em>\u00a0<u><\/u>&#8220;Trata-se de um livro de supera\u00e7\u00f5es em busca do equil\u00edbrio do corpo e da mente baseado em fatos reais. Nele eu conto a hist\u00f3ria de uma vida feita de muita persist\u00eancia, diante dos altos e baixos, mas sempre sob uma \u00f3tica otimista. Um livro que mostra um homem em busca de si pr\u00f3prio, descobrindo-se nos momentos de dor, de alegrias, de derrotas e sucessos&#8221;<\/em>, explicou Pereira. A venda da obra em Barretos\/SP ser\u00e1 revertida totalmente \u00e0 institui\u00e7\u00e3o Casa Assistencial Esp\u00edrita Nosso Lar.<u><\/u><u><\/u><\/p>\n<h4 class=\"v1m_8869906467242952817ql-align-justify\"><u><\/u>\u00a0<u><\/u><strong>SOBRE O AUTOR<\/strong><u><\/u><u><\/u><\/h4>\n<p class=\"v1m_8869906467242952817ql-align-justify\">Andr\u00e9 Pereira \u00e9 barretense e desde muito cedo j\u00e1 tinha aptid\u00f5es art\u00edsticas. Na adolesc\u00eancia se apaixonou pela carreira de modelo e ator, com isso foi em busca da sua profissionaliza\u00e7\u00e3o na capital paulista.\u00a0Tamb\u00e9m descobriu outra voca\u00e7\u00e3o, a de mentor de modelos, misses e atores, com isso acumulou experi\u00eancia em uma trajet\u00f3ria de 30 anos. J\u00e1 foi representante das maiores ag\u00eancias do mundo como a Elite, a Ford e a Mega Model Brasil, considerado um dos melhores Scouters do pa\u00eds. Orientou e preparou grandes nomes como os modelos Victor Costa e a atriz Camila Queiroz, que se tornou conhecida nacionalmente ap\u00f3s ter vivido a Angel na novela Verdades Secretas da Rede Globo.<u><\/u><u><\/u><\/p>\n<p class=\"v1m_8869906467242952817ql-align-justify\"><u><\/u>\u00a0<u><\/u>Foi apresentador na TVSE de Barretos, SBT Interior e em S\u00e3o Paulo, com produ\u00e7\u00f5es para dominicais da TV Globo. E, aos 50 anos, decidiu estudar Psicologia e se aventurou a escrever o primeiro livro de autobiografia, de motiva\u00e7\u00e3o e supera\u00e7\u00e3o.<\/p>\n<p>VEJA TAMB\u00c9M:\u00a0<a href=\"https:\/\/redenoticiaz.com.br\/barretos-regiao\/sp\/2022\/09\/18\/disney-lanca-trailer-do-documentario-mickey-a-historia-de-um-camundongo\">Disney lan\u00e7a trailer do document\u00e1rio &#8220;Mickey: A Hist\u00f3ria de um Camundongo&#8221;<\/a><\/p>\n","protected":false},"excerpt":{"rendered":"<p>O livro &#8220;Caminhos e Supera\u00e7\u00f5es&#8221; uma produ\u00e7\u00e3o independente, a autobiografia do mago das passarelas e faces\u00a0Andr\u00e9 Pereira de 50 anos, que \u00e9 produtor de moda, agenciador de modelos, de atores e influenciadores, ter\u00e1 o\u00a0lan\u00e7amento e noite de aut\u00f3grafos no dia 24 de outubro, \u00e0s 19h30, no North Shopping Barretos. O evento acontece na Pra\u00e7a de &hellip;<\/p>\n","protected":false},"author":15,"featured_media":93436,"comment_status":"open","ping_status":"closed","sticky":false,"template":"","format":"standard","meta":{"footnotes":""},"categories":[134],"tags":[21205,14953,8216,20020],"class_list":["post-93435","post","type-post","status-publish","format-standard","has-post-thumbnail","hentry","category-entretenimento","tag-caminhos-e-superacoes","tag-lancamento","tag-livro","tag-north-shopping"],"yoast_head":"<!-- This site is optimized with the Yoast SEO plugin v27.4 - https:\/\/yoast.com\/product\/yoast-seo-wordpress\/ -->\n<title>Lan\u00e7amento do livro &#8220;Caminhos e Supera\u00e7\u00f5es&#8221; acontece no North Shopping Barretos - Ribeir\u00e3o Preto e Regi\u00e3o<\/title>\n<meta name=\"description\" content=\"O livro &quot;Caminhos e Supera\u00e7\u00f5es&quot; uma produ\u00e7\u00e3o independente, a autobiografia do mago das passarelas e faces\u00a0Andr\u00e9 Pereira.\" \/>\n<meta name=\"robots\" content=\"index, follow, max-snippet:-1, max-image-preview:large, max-video-preview:-1\" \/>\n<link rel=\"canonical\" href=\"https:\/\/redenoticiaz.com.br\/ribeiraopreto-regiao\/sp\/2022\/10\/15\/lancamento-do-livro-caminhos-e-superacoes-acontece-no-north-shopping-barretos\" \/>\n<meta property=\"og:locale\" content=\"pt_BR\" \/>\n<meta property=\"og:type\" content=\"article\" \/>\n<meta property=\"og:title\" content=\"Lan\u00e7amento do livro &#8220;Caminhos e Supera\u00e7\u00f5es&#8221; acontece no North Shopping Barretos - Ribeir\u00e3o Preto e Regi\u00e3o\" \/>\n<meta property=\"og:description\" content=\"O livro &quot;Caminhos e Supera\u00e7\u00f5es&quot; uma produ\u00e7\u00e3o independente, a autobiografia do mago das passarelas e faces\u00a0Andr\u00e9 Pereira.\" \/>\n<meta property=\"og:url\" content=\"https:\/\/redenoticiaz.com.br\/ribeiraopreto-regiao\/sp\/2022\/10\/15\/lancamento-do-livro-caminhos-e-superacoes-acontece-no-north-shopping-barretos\" \/>\n<meta property=\"og:site_name\" content=\"Ribeir\u00e3o Preto e Regi\u00e3o\" \/>\n<meta property=\"article:publisher\" content=\"https:\/\/m.facebook.com\/redenoticiaz.barretos\" \/>\n<meta property=\"article:published_time\" content=\"2022-10-15T18:29:32+00:00\" \/>\n<meta property=\"og:image\" content=\"https:\/\/redenoticiaz.com.br\/ribeiraopreto-regiao\/wp-content\/uploads\/sites\/4\/2022\/10\/3bf72952-ac35-4401-ba3c-9ae05aac1a2b.jpeg\" \/>\n\t<meta property=\"og:image:width\" content=\"768\" \/>\n\t<meta property=\"og:image:height\" content=\"1080\" \/>\n\t<meta property=\"og:image:type\" content=\"image\/jpeg\" \/>\n<meta name=\"twitter:card\" content=\"summary_large_image\" \/>\n<meta name=\"twitter:creator\" content=\"@RN_barretos\" \/>\n<meta name=\"twitter:site\" content=\"@RN_barretos\" \/>\n<meta name=\"twitter:label1\" content=\"Escrito por\" \/>\n\t<meta name=\"twitter:data1\" content=\"\" \/>\n\t<meta name=\"twitter:label2\" content=\"Est. tempo de leitura\" \/>\n\t<meta name=\"twitter:data2\" content=\"2 minutos\" \/>\n<script type=\"application\/ld+json\" class=\"yoast-schema-graph\">{\"@context\":\"https:\\\/\\\/schema.org\",\"@graph\":[{\"@type\":\"Article\",\"@id\":\"https:\\\/\\\/redenoticiaz.com.br\\\/ribeiraopreto-regiao\\\/sp\\\/2022\\\/10\\\/15\\\/lancamento-do-livro-caminhos-e-superacoes-acontece-no-north-shopping-barretos#article\",\"isPartOf\":{\"@id\":\"https:\\\/\\\/redenoticiaz.com.br\\\/ribeiraopreto-regiao\\\/sp\\\/2022\\\/10\\\/15\\\/lancamento-do-livro-caminhos-e-superacoes-acontece-no-north-shopping-barretos\"},\"author\":{\"name\":\"\",\"@id\":\"\"},\"headline\":\"Lan\u00e7amento do livro &#8220;Caminhos e Supera\u00e7\u00f5es&#8221; acontece no North Shopping Barretos\",\"datePublished\":\"2022-10-15T18:29:32+00:00\",\"mainEntityOfPage\":{\"@id\":\"https:\\\/\\\/redenoticiaz.com.br\\\/ribeiraopreto-regiao\\\/sp\\\/2022\\\/10\\\/15\\\/lancamento-do-livro-caminhos-e-superacoes-acontece-no-north-shopping-barretos\"},\"wordCount\":353,\"commentCount\":0,\"publisher\":{\"@id\":\"https:\\\/\\\/redenoticiaz.com.br\\\/ribeiraopreto-regiao\\\/#organization\"},\"image\":{\"@id\":\"https:\\\/\\\/redenoticiaz.com.br\\\/ribeiraopreto-regiao\\\/sp\\\/2022\\\/10\\\/15\\\/lancamento-do-livro-caminhos-e-superacoes-acontece-no-north-shopping-barretos#primaryimage\"},\"thumbnailUrl\":\"https:\\\/\\\/redenoticiaz.com.br\\\/ribeiraopreto-regiao\\\/wp-content\\\/uploads\\\/sites\\\/4\\\/2022\\\/10\\\/3bf72952-ac35-4401-ba3c-9ae05aac1a2b.jpeg\",\"keywords\":[\"CAMINHOS E SUPERA\u00c7\u00d5ES\",\"LAN\u00c7AMENTO\",\"LIVRO\",\"NORTH SHOPPING\"],\"articleSection\":[\"Entretenimento\"],\"inLanguage\":\"pt-BR\",\"potentialAction\":[{\"@type\":\"CommentAction\",\"name\":\"Comment\",\"target\":[\"https:\\\/\\\/redenoticiaz.com.br\\\/ribeiraopreto-regiao\\\/sp\\\/2022\\\/10\\\/15\\\/lancamento-do-livro-caminhos-e-superacoes-acontece-no-north-shopping-barretos#respond\"]}]},{\"@type\":\"WebPage\",\"@id\":\"https:\\\/\\\/redenoticiaz.com.br\\\/ribeiraopreto-regiao\\\/sp\\\/2022\\\/10\\\/15\\\/lancamento-do-livro-caminhos-e-superacoes-acontece-no-north-shopping-barretos\",\"url\":\"https:\\\/\\\/redenoticiaz.com.br\\\/ribeiraopreto-regiao\\\/sp\\\/2022\\\/10\\\/15\\\/lancamento-do-livro-caminhos-e-superacoes-acontece-no-north-shopping-barretos\",\"name\":\"Lan\u00e7amento do livro &#8220;Caminhos e Supera\u00e7\u00f5es&#8221; acontece no North Shopping Barretos - Ribeir\u00e3o Preto e Regi\u00e3o\",\"isPartOf\":{\"@id\":\"https:\\\/\\\/redenoticiaz.com.br\\\/ribeiraopreto-regiao\\\/#website\"},\"primaryImageOfPage\":{\"@id\":\"https:\\\/\\\/redenoticiaz.com.br\\\/ribeiraopreto-regiao\\\/sp\\\/2022\\\/10\\\/15\\\/lancamento-do-livro-caminhos-e-superacoes-acontece-no-north-shopping-barretos#primaryimage\"},\"image\":{\"@id\":\"https:\\\/\\\/redenoticiaz.com.br\\\/ribeiraopreto-regiao\\\/sp\\\/2022\\\/10\\\/15\\\/lancamento-do-livro-caminhos-e-superacoes-acontece-no-north-shopping-barretos#primaryimage\"},\"thumbnailUrl\":\"https:\\\/\\\/redenoticiaz.com.br\\\/ribeiraopreto-regiao\\\/wp-content\\\/uploads\\\/sites\\\/4\\\/2022\\\/10\\\/3bf72952-ac35-4401-ba3c-9ae05aac1a2b.jpeg\",\"datePublished\":\"2022-10-15T18:29:32+00:00\",\"description\":\"O livro \\\"Caminhos e Supera\u00e7\u00f5es\\\" uma produ\u00e7\u00e3o independente, a autobiografia do mago das passarelas e faces\u00a0Andr\u00e9 Pereira.\",\"inLanguage\":\"pt-BR\",\"potentialAction\":[{\"@type\":\"ReadAction\",\"target\":[\"https:\\\/\\\/redenoticiaz.com.br\\\/ribeiraopreto-regiao\\\/sp\\\/2022\\\/10\\\/15\\\/lancamento-do-livro-caminhos-e-superacoes-acontece-no-north-shopping-barretos\"]}]},{\"@type\":\"ImageObject\",\"inLanguage\":\"pt-BR\",\"@id\":\"https:\\\/\\\/redenoticiaz.com.br\\\/ribeiraopreto-regiao\\\/sp\\\/2022\\\/10\\\/15\\\/lancamento-do-livro-caminhos-e-superacoes-acontece-no-north-shopping-barretos#primaryimage\",\"url\":\"https:\\\/\\\/redenoticiaz.com.br\\\/ribeiraopreto-regiao\\\/wp-content\\\/uploads\\\/sites\\\/4\\\/2022\\\/10\\\/3bf72952-ac35-4401-ba3c-9ae05aac1a2b.jpeg\",\"contentUrl\":\"https:\\\/\\\/redenoticiaz.com.br\\\/ribeiraopreto-regiao\\\/wp-content\\\/uploads\\\/sites\\\/4\\\/2022\\\/10\\\/3bf72952-ac35-4401-ba3c-9ae05aac1a2b.jpeg\",\"width\":768,\"height\":1080,\"caption\":\"Cr\u00e9dito: Divulga\u00e7\u00e3o\"},{\"@type\":\"WebSite\",\"@id\":\"https:\\\/\\\/redenoticiaz.com.br\\\/ribeiraopreto-regiao\\\/#website\",\"url\":\"https:\\\/\\\/redenoticiaz.com.br\\\/ribeiraopreto-regiao\\\/\",\"name\":\"Ribeir\u00e3o Preto e Regi\u00e3o\",\"description\":\"Rede NoticiaZ - Ribeir\u00e3o Preto e regi\u00e3o\",\"publisher\":{\"@id\":\"https:\\\/\\\/redenoticiaz.com.br\\\/ribeiraopreto-regiao\\\/#organization\"},\"potentialAction\":[{\"@type\":\"SearchAction\",\"target\":{\"@type\":\"EntryPoint\",\"urlTemplate\":\"https:\\\/\\\/redenoticiaz.com.br\\\/ribeiraopreto-regiao\\\/?s={search_term_string}\"},\"query-input\":{\"@type\":\"PropertyValueSpecification\",\"valueRequired\":true,\"valueName\":\"search_term_string\"}}],\"inLanguage\":\"pt-BR\"},{\"@type\":\"Organization\",\"@id\":\"https:\\\/\\\/redenoticiaz.com.br\\\/ribeiraopreto-regiao\\\/#organization\",\"name\":\"Ribeir\u00e3o Preto e Regi\u00e3o\",\"url\":\"https:\\\/\\\/redenoticiaz.com.br\\\/ribeiraopreto-regiao\\\/\",\"logo\":{\"@type\":\"ImageObject\",\"inLanguage\":\"pt-BR\",\"@id\":\"https:\\\/\\\/redenoticiaz.com.br\\\/ribeiraopreto-regiao\\\/#\\\/schema\\\/logo\\\/image\\\/\",\"url\":\"https:\\\/\\\/redenoticiaz.com.br\\\/barretos-regiao\\\/wp-content\\\/uploads\\\/sites\\\/4\\\/2022\\\/02\\\/logo.jpg\",\"contentUrl\":\"https:\\\/\\\/redenoticiaz.com.br\\\/barretos-regiao\\\/wp-content\\\/uploads\\\/sites\\\/4\\\/2022\\\/02\\\/logo.jpg\",\"width\":400,\"height\":250,\"caption\":\"Ribeir\u00e3o Preto e Regi\u00e3o\"},\"image\":{\"@id\":\"https:\\\/\\\/redenoticiaz.com.br\\\/ribeiraopreto-regiao\\\/#\\\/schema\\\/logo\\\/image\\\/\"},\"sameAs\":[\"https:\\\/\\\/m.facebook.com\\\/redenoticiaz.barretos\",\"https:\\\/\\\/x.com\\\/RN_barretos\",\"https:\\\/\\\/www.instagram.com\\\/redenoticiaz.barretos\\\/?igshid=YmMyMTA2M2Y\",\"https:\\\/\\\/www.linkedin.com\\\/company\\\/rede-noticiaz-barretos-e-regio\\\/\"]},{\"@type\":\"Person\",\"@id\":\"\",\"url\":\"https:\\\/\\\/redenoticiaz.com.br\\\/ribeiraopreto-regiao\\\/sp\\\/author\"}]}<\/script>\n<!-- \/ Yoast SEO plugin. -->","yoast_head_json":{"title":"Lan\u00e7amento do livro &#8220;Caminhos e Supera\u00e7\u00f5es&#8221; acontece no North Shopping Barretos - Ribeir\u00e3o Preto e Regi\u00e3o","description":"O livro \"Caminhos e Supera\u00e7\u00f5es\" uma produ\u00e7\u00e3o independente, a autobiografia do mago das passarelas e faces\u00a0Andr\u00e9 Pereira.","robots":{"index":"index","follow":"follow","max-snippet":"max-snippet:-1","max-image-preview":"max-image-preview:large","max-video-preview":"max-video-preview:-1"},"canonical":"https:\/\/redenoticiaz.com.br\/ribeiraopreto-regiao\/sp\/2022\/10\/15\/lancamento-do-livro-caminhos-e-superacoes-acontece-no-north-shopping-barretos","og_locale":"pt_BR","og_type":"article","og_title":"Lan\u00e7amento do livro &#8220;Caminhos e Supera\u00e7\u00f5es&#8221; acontece no North Shopping Barretos - Ribeir\u00e3o Preto e Regi\u00e3o","og_description":"O livro \"Caminhos e Supera\u00e7\u00f5es\" uma produ\u00e7\u00e3o independente, a autobiografia do mago das passarelas e faces\u00a0Andr\u00e9 Pereira.","og_url":"https:\/\/redenoticiaz.com.br\/ribeiraopreto-regiao\/sp\/2022\/10\/15\/lancamento-do-livro-caminhos-e-superacoes-acontece-no-north-shopping-barretos","og_site_name":"Ribeir\u00e3o Preto e Regi\u00e3o","article_publisher":"https:\/\/m.facebook.com\/redenoticiaz.barretos","article_published_time":"2022-10-15T18:29:32+00:00","og_image":[{"width":768,"height":1080,"url":"https:\/\/redenoticiaz.com.br\/ribeiraopreto-regiao\/wp-content\/uploads\/sites\/4\/2022\/10\/3bf72952-ac35-4401-ba3c-9ae05aac1a2b.jpeg","type":"image\/jpeg"}],"twitter_card":"summary_large_image","twitter_creator":"@RN_barretos","twitter_site":"@RN_barretos","twitter_misc":{"Escrito por":"","Est. tempo de leitura":"2 minutos"},"schema":{"@context":"https:\/\/schema.org","@graph":[{"@type":"Article","@id":"https:\/\/redenoticiaz.com.br\/ribeiraopreto-regiao\/sp\/2022\/10\/15\/lancamento-do-livro-caminhos-e-superacoes-acontece-no-north-shopping-barretos#article","isPartOf":{"@id":"https:\/\/redenoticiaz.com.br\/ribeiraopreto-regiao\/sp\/2022\/10\/15\/lancamento-do-livro-caminhos-e-superacoes-acontece-no-north-shopping-barretos"},"author":{"name":"","@id":""},"headline":"Lan\u00e7amento do livro &#8220;Caminhos e Supera\u00e7\u00f5es&#8221; acontece no North Shopping Barretos","datePublished":"2022-10-15T18:29:32+00:00","mainEntityOfPage":{"@id":"https:\/\/redenoticiaz.com.br\/ribeiraopreto-regiao\/sp\/2022\/10\/15\/lancamento-do-livro-caminhos-e-superacoes-acontece-no-north-shopping-barretos"},"wordCount":353,"commentCount":0,"publisher":{"@id":"https:\/\/redenoticiaz.com.br\/ribeiraopreto-regiao\/#organization"},"image":{"@id":"https:\/\/redenoticiaz.com.br\/ribeiraopreto-regiao\/sp\/2022\/10\/15\/lancamento-do-livro-caminhos-e-superacoes-acontece-no-north-shopping-barretos#primaryimage"},"thumbnailUrl":"https:\/\/redenoticiaz.com.br\/ribeiraopreto-regiao\/wp-content\/uploads\/sites\/4\/2022\/10\/3bf72952-ac35-4401-ba3c-9ae05aac1a2b.jpeg","keywords":["CAMINHOS E SUPERA\u00c7\u00d5ES","LAN\u00c7AMENTO","LIVRO","NORTH SHOPPING"],"articleSection":["Entretenimento"],"inLanguage":"pt-BR","potentialAction":[{"@type":"CommentAction","name":"Comment","target":["https:\/\/redenoticiaz.com.br\/ribeiraopreto-regiao\/sp\/2022\/10\/15\/lancamento-do-livro-caminhos-e-superacoes-acontece-no-north-shopping-barretos#respond"]}]},{"@type":"WebPage","@id":"https:\/\/redenoticiaz.com.br\/ribeiraopreto-regiao\/sp\/2022\/10\/15\/lancamento-do-livro-caminhos-e-superacoes-acontece-no-north-shopping-barretos","url":"https:\/\/redenoticiaz.com.br\/ribeiraopreto-regiao\/sp\/2022\/10\/15\/lancamento-do-livro-caminhos-e-superacoes-acontece-no-north-shopping-barretos","name":"Lan\u00e7amento do livro &#8220;Caminhos e Supera\u00e7\u00f5es&#8221; acontece no North Shopping Barretos - Ribeir\u00e3o Preto e Regi\u00e3o","isPartOf":{"@id":"https:\/\/redenoticiaz.com.br\/ribeiraopreto-regiao\/#website"},"primaryImageOfPage":{"@id":"https:\/\/redenoticiaz.com.br\/ribeiraopreto-regiao\/sp\/2022\/10\/15\/lancamento-do-livro-caminhos-e-superacoes-acontece-no-north-shopping-barretos#primaryimage"},"image":{"@id":"https:\/\/redenoticiaz.com.br\/ribeiraopreto-regiao\/sp\/2022\/10\/15\/lancamento-do-livro-caminhos-e-superacoes-acontece-no-north-shopping-barretos#primaryimage"},"thumbnailUrl":"https:\/\/redenoticiaz.com.br\/ribeiraopreto-regiao\/wp-content\/uploads\/sites\/4\/2022\/10\/3bf72952-ac35-4401-ba3c-9ae05aac1a2b.jpeg","datePublished":"2022-10-15T18:29:32+00:00","description":"O livro \"Caminhos e Supera\u00e7\u00f5es\" uma produ\u00e7\u00e3o independente, a autobiografia do mago das passarelas e faces\u00a0Andr\u00e9 Pereira.","inLanguage":"pt-BR","potentialAction":[{"@type":"ReadAction","target":["https:\/\/redenoticiaz.com.br\/ribeiraopreto-regiao\/sp\/2022\/10\/15\/lancamento-do-livro-caminhos-e-superacoes-acontece-no-north-shopping-barretos"]}]},{"@type":"ImageObject","inLanguage":"pt-BR","@id":"https:\/\/redenoticiaz.com.br\/ribeiraopreto-regiao\/sp\/2022\/10\/15\/lancamento-do-livro-caminhos-e-superacoes-acontece-no-north-shopping-barretos#primaryimage","url":"https:\/\/redenoticiaz.com.br\/ribeiraopreto-regiao\/wp-content\/uploads\/sites\/4\/2022\/10\/3bf72952-ac35-4401-ba3c-9ae05aac1a2b.jpeg","contentUrl":"https:\/\/redenoticiaz.com.br\/ribeiraopreto-regiao\/wp-content\/uploads\/sites\/4\/2022\/10\/3bf72952-ac35-4401-ba3c-9ae05aac1a2b.jpeg","width":768,"height":1080,"caption":"Cr\u00e9dito: Divulga\u00e7\u00e3o"},{"@type":"WebSite","@id":"https:\/\/redenoticiaz.com.br\/ribeiraopreto-regiao\/#website","url":"https:\/\/redenoticiaz.com.br\/ribeiraopreto-regiao\/","name":"Ribeir\u00e3o Preto e Regi\u00e3o","description":"Rede NoticiaZ - Ribeir\u00e3o Preto e regi\u00e3o","publisher":{"@id":"https:\/\/redenoticiaz.com.br\/ribeiraopreto-regiao\/#organization"},"potentialAction":[{"@type":"SearchAction","target":{"@type":"EntryPoint","urlTemplate":"https:\/\/redenoticiaz.com.br\/ribeiraopreto-regiao\/?s={search_term_string}"},"query-input":{"@type":"PropertyValueSpecification","valueRequired":true,"valueName":"search_term_string"}}],"inLanguage":"pt-BR"},{"@type":"Organization","@id":"https:\/\/redenoticiaz.com.br\/ribeiraopreto-regiao\/#organization","name":"Ribeir\u00e3o Preto e Regi\u00e3o","url":"https:\/\/redenoticiaz.com.br\/ribeiraopreto-regiao\/","logo":{"@type":"ImageObject","inLanguage":"pt-BR","@id":"https:\/\/redenoticiaz.com.br\/ribeiraopreto-regiao\/#\/schema\/logo\/image\/","url":"https:\/\/redenoticiaz.com.br\/barretos-regiao\/wp-content\/uploads\/sites\/4\/2022\/02\/logo.jpg","contentUrl":"https:\/\/redenoticiaz.com.br\/barretos-regiao\/wp-content\/uploads\/sites\/4\/2022\/02\/logo.jpg","width":400,"height":250,"caption":"Ribeir\u00e3o Preto e Regi\u00e3o"},"image":{"@id":"https:\/\/redenoticiaz.com.br\/ribeiraopreto-regiao\/#\/schema\/logo\/image\/"},"sameAs":["https:\/\/m.facebook.com\/redenoticiaz.barretos","https:\/\/x.com\/RN_barretos","https:\/\/www.instagram.com\/redenoticiaz.barretos\/?igshid=YmMyMTA2M2Y","https:\/\/www.linkedin.com\/company\/rede-noticiaz-barretos-e-regio\/"]},{"@type":"Person","@id":"","url":"https:\/\/redenoticiaz.com.br\/ribeiraopreto-regiao\/sp\/author"}]}},"_links":{"self":[{"href":"https:\/\/redenoticiaz.com.br\/ribeiraopreto-regiao\/wp-json\/wp\/v2\/posts\/93435","targetHints":{"allow":["GET"]}}],"collection":[{"href":"https:\/\/redenoticiaz.com.br\/ribeiraopreto-regiao\/wp-json\/wp\/v2\/posts"}],"about":[{"href":"https:\/\/redenoticiaz.com.br\/ribeiraopreto-regiao\/wp-json\/wp\/v2\/types\/post"}],"author":[{"embeddable":true,"href":"https:\/\/redenoticiaz.com.br\/ribeiraopreto-regiao\/wp-json\/wp\/v2\/users\/15"}],"replies":[{"embeddable":true,"href":"https:\/\/redenoticiaz.com.br\/ribeiraopreto-regiao\/wp-json\/wp\/v2\/comments?post=93435"}],"version-history":[{"count":1,"href":"https:\/\/redenoticiaz.com.br\/ribeiraopreto-regiao\/wp-json\/wp\/v2\/posts\/93435\/revisions"}],"predecessor-version":[{"id":93437,"href":"https:\/\/redenoticiaz.com.br\/ribeiraopreto-regiao\/wp-json\/wp\/v2\/posts\/93435\/revisions\/93437"}],"wp:featuredmedia":[{"embeddable":true,"href":"https:\/\/redenoticiaz.com.br\/ribeiraopreto-regiao\/wp-json\/wp\/v2\/media\/93436"}],"wp:attachment":[{"href":"https:\/\/redenoticiaz.com.br\/ribeiraopreto-regiao\/wp-json\/wp\/v2\/media?parent=93435"}],"wp:term":[{"taxonomy":"category","embeddable":true,"href":"https:\/\/redenoticiaz.com.br\/ribeiraopreto-regiao\/wp-json\/wp\/v2\/categories?post=93435"},{"taxonomy":"post_tag","embeddable":true,"href":"https:\/\/redenoticiaz.com.br\/ribeiraopreto-regiao\/wp-json\/wp\/v2\/tags?post=93435"}],"curies":[{"name":"wp","href":"https:\/\/api.w.org\/{rel}","templated":true}]}}