{"id":93628,"date":"2022-10-19T15:15:26","date_gmt":"2022-10-19T18:15:26","guid":{"rendered":"https:\/\/redenoticiaz.com.br\/barretos-regiao\/?p=93628"},"modified":"2022-10-19T15:15:26","modified_gmt":"2022-10-19T18:15:26","slug":"crianca-de-2-anos-morre-apos-ser-picado-por-escorpiao","status":"publish","type":"post","link":"https:\/\/redenoticiaz.com.br\/ribeiraopreto-regiao\/sp\/2022\/10\/19\/crianca-de-2-anos-morre-apos-ser-picado-por-escorpiao","title":{"rendered":"Crian\u00e7a de 2 anos morre ap\u00f3s ser picado por escorpi\u00e3o"},"content":{"rendered":"<p>Um menino de 2 anos morreu, na tarde desta ter\u00e7a-feira (18), ap\u00f3s ser picado por um escorpi\u00e3o, no bairro Cohab Vila Dr Jo\u00e3o, em Sever\u00ednia. A crian\u00e7a brincava na frente de casa, no \u00faltimo domingo (16), quando come\u00e7ou a chorar. A m\u00e3e ficou preocupada e levou o filho para o pronto-socorro.<\/p>\n<p>A crian\u00e7a foi atendida e transferida para a Santa Casa de Barretos, mas n\u00e3o resistiu e morreu na tarde desta ter\u00e7a-feira.<\/p>\n<p>A crian\u00e7a foi atendida e transferida para a Santa Casa de Barretos, mas n\u00e3o resistiu e morreu na tarde desta ter\u00e7a-feira. Segundo o diretor Paulo Roberto Ribeiro, de urg\u00eancia e emerg\u00eancia de Sever\u00ednia, o menino foi picado pelo escorpi\u00e3o em um dos p\u00e9s.<\/p>\n<p>Ainda de acordo com Paulo Ribeiro, a cidade realiza a\u00e7\u00f5es de limpeza e conscientiza\u00e7\u00e3o constantemente.<\/p>\n<p>VEJA TAMB\u00c9M:\u00a0<a href=\"https:\/\/redenoticiaz.com.br\/barretos-regiao\/sp\/2022\/10\/16\/olimpia-marca-presenca-na-maior-feira-para-empreendedores-da-america-latina\">Ol\u00edmpia marca presen\u00e7a na maior feira para empreendedores da Am\u00e9rica Latina<\/a><\/p>\n<p>&nbsp;<\/p>\n","protected":false},"excerpt":{"rendered":"<p>Um menino de 2 anos morreu, na tarde desta ter\u00e7a-feira (18), ap\u00f3s ser picado por um escorpi\u00e3o, no bairro Cohab Vila Dr Jo\u00e3o, em Sever\u00ednia. A crian\u00e7a brincava na frente de casa, no \u00faltimo domingo (16), quando come\u00e7ou a chorar. A m\u00e3e ficou preocupada e levou o filho para o pronto-socorro. A crian\u00e7a foi atendida &hellip;<\/p>\n","protected":false},"author":15,"featured_media":93629,"comment_status":"open","ping_status":"closed","sticky":false,"template":"","format":"standard","meta":{"footnotes":""},"categories":[1],"tags":[3738,20373,18203,1027],"class_list":["post-93628","post","type-post","status-publish","format-standard","has-post-thumbnail","hentry","category-cidades","tag-crianca","tag-escorpiao","tag-morre","tag-santa-casa"],"yoast_head":"<!-- This site is optimized with the Yoast SEO plugin v27.4 - https:\/\/yoast.com\/product\/yoast-seo-wordpress\/ -->\n<title>Crian\u00e7a de 2 anos morre ap\u00f3s ser picado por escorpi\u00e3o - Ribeir\u00e3o Preto e Regi\u00e3o<\/title>\n<meta name=\"description\" content=\"Um menino de 2 anos morreu, na tarde desta ter\u00e7a-feira (18), ap\u00f3s ser picado por um escorpi\u00e3o, no bairro Cohab Vila Dr Jo\u00e3o, em Sever\u00ednia.\" \/>\n<meta name=\"robots\" content=\"index, follow, max-snippet:-1, max-image-preview:large, max-video-preview:-1\" \/>\n<link rel=\"canonical\" href=\"https:\/\/redenoticiaz.com.br\/ribeiraopreto-regiao\/sp\/2022\/10\/19\/crianca-de-2-anos-morre-apos-ser-picado-por-escorpiao\" \/>\n<meta property=\"og:locale\" content=\"pt_BR\" \/>\n<meta property=\"og:type\" content=\"article\" \/>\n<meta property=\"og:title\" content=\"Crian\u00e7a de 2 anos morre ap\u00f3s ser picado por escorpi\u00e3o - Ribeir\u00e3o Preto e Regi\u00e3o\" \/>\n<meta property=\"og:description\" content=\"Um menino de 2 anos morreu, na tarde desta ter\u00e7a-feira (18), ap\u00f3s ser picado por um escorpi\u00e3o, no bairro Cohab Vila Dr Jo\u00e3o, em Sever\u00ednia.\" \/>\n<meta property=\"og:url\" content=\"https:\/\/redenoticiaz.com.br\/ribeiraopreto-regiao\/sp\/2022\/10\/19\/crianca-de-2-anos-morre-apos-ser-picado-por-escorpiao\" \/>\n<meta property=\"og:site_name\" content=\"Ribeir\u00e3o Preto e Regi\u00e3o\" \/>\n<meta property=\"article:publisher\" content=\"https:\/\/m.facebook.com\/redenoticiaz.barretos\" \/>\n<meta property=\"article:published_time\" content=\"2022-10-19T18:15:26+00:00\" \/>\n<meta property=\"og:image\" content=\"https:\/\/redenoticiaz.com.br\/ribeiraopreto-regiao\/wp-content\/uploads\/sites\/4\/2022\/10\/escorpiao.jpg\" \/>\n\t<meta property=\"og:image:width\" content=\"1200\" \/>\n\t<meta property=\"og:image:height\" content=\"800\" \/>\n\t<meta property=\"og:image:type\" content=\"image\/jpeg\" \/>\n<meta name=\"twitter:card\" content=\"summary_large_image\" \/>\n<meta name=\"twitter:creator\" content=\"@RN_barretos\" \/>\n<meta name=\"twitter:site\" content=\"@RN_barretos\" \/>\n<meta name=\"twitter:label1\" content=\"Escrito por\" \/>\n\t<meta name=\"twitter:data1\" content=\"\" \/>\n\t<meta name=\"twitter:label2\" content=\"Est. tempo de leitura\" \/>\n\t<meta name=\"twitter:data2\" content=\"1 minuto\" \/>\n<script type=\"application\/ld+json\" class=\"yoast-schema-graph\">{\"@context\":\"https:\\\/\\\/schema.org\",\"@graph\":[{\"@type\":\"Article\",\"@id\":\"https:\\\/\\\/redenoticiaz.com.br\\\/ribeiraopreto-regiao\\\/sp\\\/2022\\\/10\\\/19\\\/crianca-de-2-anos-morre-apos-ser-picado-por-escorpiao#article\",\"isPartOf\":{\"@id\":\"https:\\\/\\\/redenoticiaz.com.br\\\/ribeiraopreto-regiao\\\/sp\\\/2022\\\/10\\\/19\\\/crianca-de-2-anos-morre-apos-ser-picado-por-escorpiao\"},\"author\":{\"name\":\"\",\"@id\":\"\"},\"headline\":\"Crian\u00e7a de 2 anos morre ap\u00f3s ser picado por escorpi\u00e3o\",\"datePublished\":\"2022-10-19T18:15:26+00:00\",\"mainEntityOfPage\":{\"@id\":\"https:\\\/\\\/redenoticiaz.com.br\\\/ribeiraopreto-regiao\\\/sp\\\/2022\\\/10\\\/19\\\/crianca-de-2-anos-morre-apos-ser-picado-por-escorpiao\"},\"wordCount\":178,\"commentCount\":0,\"publisher\":{\"@id\":\"https:\\\/\\\/redenoticiaz.com.br\\\/ribeiraopreto-regiao\\\/#organization\"},\"image\":{\"@id\":\"https:\\\/\\\/redenoticiaz.com.br\\\/ribeiraopreto-regiao\\\/sp\\\/2022\\\/10\\\/19\\\/crianca-de-2-anos-morre-apos-ser-picado-por-escorpiao#primaryimage\"},\"thumbnailUrl\":\"https:\\\/\\\/redenoticiaz.com.br\\\/ribeiraopreto-regiao\\\/wp-content\\\/uploads\\\/sites\\\/4\\\/2022\\\/10\\\/escorpiao.jpg\",\"keywords\":[\"CRIAN\u00c7A\",\"ESCORPI\u00c3O\",\"MORRE\",\"SANTA CASA\"],\"articleSection\":[\"Cidades\"],\"inLanguage\":\"pt-BR\",\"potentialAction\":[{\"@type\":\"CommentAction\",\"name\":\"Comment\",\"target\":[\"https:\\\/\\\/redenoticiaz.com.br\\\/ribeiraopreto-regiao\\\/sp\\\/2022\\\/10\\\/19\\\/crianca-de-2-anos-morre-apos-ser-picado-por-escorpiao#respond\"]}]},{\"@type\":\"WebPage\",\"@id\":\"https:\\\/\\\/redenoticiaz.com.br\\\/ribeiraopreto-regiao\\\/sp\\\/2022\\\/10\\\/19\\\/crianca-de-2-anos-morre-apos-ser-picado-por-escorpiao\",\"url\":\"https:\\\/\\\/redenoticiaz.com.br\\\/ribeiraopreto-regiao\\\/sp\\\/2022\\\/10\\\/19\\\/crianca-de-2-anos-morre-apos-ser-picado-por-escorpiao\",\"name\":\"Crian\u00e7a de 2 anos morre ap\u00f3s ser picado por escorpi\u00e3o - Ribeir\u00e3o Preto e Regi\u00e3o\",\"isPartOf\":{\"@id\":\"https:\\\/\\\/redenoticiaz.com.br\\\/ribeiraopreto-regiao\\\/#website\"},\"primaryImageOfPage\":{\"@id\":\"https:\\\/\\\/redenoticiaz.com.br\\\/ribeiraopreto-regiao\\\/sp\\\/2022\\\/10\\\/19\\\/crianca-de-2-anos-morre-apos-ser-picado-por-escorpiao#primaryimage\"},\"image\":{\"@id\":\"https:\\\/\\\/redenoticiaz.com.br\\\/ribeiraopreto-regiao\\\/sp\\\/2022\\\/10\\\/19\\\/crianca-de-2-anos-morre-apos-ser-picado-por-escorpiao#primaryimage\"},\"thumbnailUrl\":\"https:\\\/\\\/redenoticiaz.com.br\\\/ribeiraopreto-regiao\\\/wp-content\\\/uploads\\\/sites\\\/4\\\/2022\\\/10\\\/escorpiao.jpg\",\"datePublished\":\"2022-10-19T18:15:26+00:00\",\"description\":\"Um menino de 2 anos morreu, na tarde desta ter\u00e7a-feira (18), ap\u00f3s ser picado por um escorpi\u00e3o, no bairro Cohab Vila Dr Jo\u00e3o, em Sever\u00ednia.\",\"inLanguage\":\"pt-BR\",\"potentialAction\":[{\"@type\":\"ReadAction\",\"target\":[\"https:\\\/\\\/redenoticiaz.com.br\\\/ribeiraopreto-regiao\\\/sp\\\/2022\\\/10\\\/19\\\/crianca-de-2-anos-morre-apos-ser-picado-por-escorpiao\"]}]},{\"@type\":\"ImageObject\",\"inLanguage\":\"pt-BR\",\"@id\":\"https:\\\/\\\/redenoticiaz.com.br\\\/ribeiraopreto-regiao\\\/sp\\\/2022\\\/10\\\/19\\\/crianca-de-2-anos-morre-apos-ser-picado-por-escorpiao#primaryimage\",\"url\":\"https:\\\/\\\/redenoticiaz.com.br\\\/ribeiraopreto-regiao\\\/wp-content\\\/uploads\\\/sites\\\/4\\\/2022\\\/10\\\/escorpiao.jpg\",\"contentUrl\":\"https:\\\/\\\/redenoticiaz.com.br\\\/ribeiraopreto-regiao\\\/wp-content\\\/uploads\\\/sites\\\/4\\\/2022\\\/10\\\/escorpiao.jpg\",\"width\":1200,\"height\":800,\"caption\":\"Cr\u00e9dito: Reprodu\u00e7\u00e3o\"},{\"@type\":\"WebSite\",\"@id\":\"https:\\\/\\\/redenoticiaz.com.br\\\/ribeiraopreto-regiao\\\/#website\",\"url\":\"https:\\\/\\\/redenoticiaz.com.br\\\/ribeiraopreto-regiao\\\/\",\"name\":\"Ribeir\u00e3o Preto e Regi\u00e3o\",\"description\":\"Rede NoticiaZ - Ribeir\u00e3o Preto e regi\u00e3o\",\"publisher\":{\"@id\":\"https:\\\/\\\/redenoticiaz.com.br\\\/ribeiraopreto-regiao\\\/#organization\"},\"potentialAction\":[{\"@type\":\"SearchAction\",\"target\":{\"@type\":\"EntryPoint\",\"urlTemplate\":\"https:\\\/\\\/redenoticiaz.com.br\\\/ribeiraopreto-regiao\\\/?s={search_term_string}\"},\"query-input\":{\"@type\":\"PropertyValueSpecification\",\"valueRequired\":true,\"valueName\":\"search_term_string\"}}],\"inLanguage\":\"pt-BR\"},{\"@type\":\"Organization\",\"@id\":\"https:\\\/\\\/redenoticiaz.com.br\\\/ribeiraopreto-regiao\\\/#organization\",\"name\":\"Ribeir\u00e3o Preto e Regi\u00e3o\",\"url\":\"https:\\\/\\\/redenoticiaz.com.br\\\/ribeiraopreto-regiao\\\/\",\"logo\":{\"@type\":\"ImageObject\",\"inLanguage\":\"pt-BR\",\"@id\":\"https:\\\/\\\/redenoticiaz.com.br\\\/ribeiraopreto-regiao\\\/#\\\/schema\\\/logo\\\/image\\\/\",\"url\":\"https:\\\/\\\/redenoticiaz.com.br\\\/barretos-regiao\\\/wp-content\\\/uploads\\\/sites\\\/4\\\/2022\\\/02\\\/logo.jpg\",\"contentUrl\":\"https:\\\/\\\/redenoticiaz.com.br\\\/barretos-regiao\\\/wp-content\\\/uploads\\\/sites\\\/4\\\/2022\\\/02\\\/logo.jpg\",\"width\":400,\"height\":250,\"caption\":\"Ribeir\u00e3o Preto e Regi\u00e3o\"},\"image\":{\"@id\":\"https:\\\/\\\/redenoticiaz.com.br\\\/ribeiraopreto-regiao\\\/#\\\/schema\\\/logo\\\/image\\\/\"},\"sameAs\":[\"https:\\\/\\\/m.facebook.com\\\/redenoticiaz.barretos\",\"https:\\\/\\\/x.com\\\/RN_barretos\",\"https:\\\/\\\/www.instagram.com\\\/redenoticiaz.barretos\\\/?igshid=YmMyMTA2M2Y\",\"https:\\\/\\\/www.linkedin.com\\\/company\\\/rede-noticiaz-barretos-e-regio\\\/\"]},{\"@type\":\"Person\",\"@id\":\"\",\"url\":\"https:\\\/\\\/redenoticiaz.com.br\\\/ribeiraopreto-regiao\\\/sp\\\/author\"}]}<\/script>\n<!-- \/ Yoast SEO plugin. -->","yoast_head_json":{"title":"Crian\u00e7a de 2 anos morre ap\u00f3s ser picado por escorpi\u00e3o - Ribeir\u00e3o Preto e Regi\u00e3o","description":"Um menino de 2 anos morreu, na tarde desta ter\u00e7a-feira (18), ap\u00f3s ser picado por um escorpi\u00e3o, no bairro Cohab Vila Dr Jo\u00e3o, em Sever\u00ednia.","robots":{"index":"index","follow":"follow","max-snippet":"max-snippet:-1","max-image-preview":"max-image-preview:large","max-video-preview":"max-video-preview:-1"},"canonical":"https:\/\/redenoticiaz.com.br\/ribeiraopreto-regiao\/sp\/2022\/10\/19\/crianca-de-2-anos-morre-apos-ser-picado-por-escorpiao","og_locale":"pt_BR","og_type":"article","og_title":"Crian\u00e7a de 2 anos morre ap\u00f3s ser picado por escorpi\u00e3o - Ribeir\u00e3o Preto e Regi\u00e3o","og_description":"Um menino de 2 anos morreu, na tarde desta ter\u00e7a-feira (18), ap\u00f3s ser picado por um escorpi\u00e3o, no bairro Cohab Vila Dr Jo\u00e3o, em Sever\u00ednia.","og_url":"https:\/\/redenoticiaz.com.br\/ribeiraopreto-regiao\/sp\/2022\/10\/19\/crianca-de-2-anos-morre-apos-ser-picado-por-escorpiao","og_site_name":"Ribeir\u00e3o Preto e Regi\u00e3o","article_publisher":"https:\/\/m.facebook.com\/redenoticiaz.barretos","article_published_time":"2022-10-19T18:15:26+00:00","og_image":[{"width":1200,"height":800,"url":"https:\/\/redenoticiaz.com.br\/ribeiraopreto-regiao\/wp-content\/uploads\/sites\/4\/2022\/10\/escorpiao.jpg","type":"image\/jpeg"}],"twitter_card":"summary_large_image","twitter_creator":"@RN_barretos","twitter_site":"@RN_barretos","twitter_misc":{"Escrito por":"","Est. tempo de leitura":"1 minuto"},"schema":{"@context":"https:\/\/schema.org","@graph":[{"@type":"Article","@id":"https:\/\/redenoticiaz.com.br\/ribeiraopreto-regiao\/sp\/2022\/10\/19\/crianca-de-2-anos-morre-apos-ser-picado-por-escorpiao#article","isPartOf":{"@id":"https:\/\/redenoticiaz.com.br\/ribeiraopreto-regiao\/sp\/2022\/10\/19\/crianca-de-2-anos-morre-apos-ser-picado-por-escorpiao"},"author":{"name":"","@id":""},"headline":"Crian\u00e7a de 2 anos morre ap\u00f3s ser picado por escorpi\u00e3o","datePublished":"2022-10-19T18:15:26+00:00","mainEntityOfPage":{"@id":"https:\/\/redenoticiaz.com.br\/ribeiraopreto-regiao\/sp\/2022\/10\/19\/crianca-de-2-anos-morre-apos-ser-picado-por-escorpiao"},"wordCount":178,"commentCount":0,"publisher":{"@id":"https:\/\/redenoticiaz.com.br\/ribeiraopreto-regiao\/#organization"},"image":{"@id":"https:\/\/redenoticiaz.com.br\/ribeiraopreto-regiao\/sp\/2022\/10\/19\/crianca-de-2-anos-morre-apos-ser-picado-por-escorpiao#primaryimage"},"thumbnailUrl":"https:\/\/redenoticiaz.com.br\/ribeiraopreto-regiao\/wp-content\/uploads\/sites\/4\/2022\/10\/escorpiao.jpg","keywords":["CRIAN\u00c7A","ESCORPI\u00c3O","MORRE","SANTA CASA"],"articleSection":["Cidades"],"inLanguage":"pt-BR","potentialAction":[{"@type":"CommentAction","name":"Comment","target":["https:\/\/redenoticiaz.com.br\/ribeiraopreto-regiao\/sp\/2022\/10\/19\/crianca-de-2-anos-morre-apos-ser-picado-por-escorpiao#respond"]}]},{"@type":"WebPage","@id":"https:\/\/redenoticiaz.com.br\/ribeiraopreto-regiao\/sp\/2022\/10\/19\/crianca-de-2-anos-morre-apos-ser-picado-por-escorpiao","url":"https:\/\/redenoticiaz.com.br\/ribeiraopreto-regiao\/sp\/2022\/10\/19\/crianca-de-2-anos-morre-apos-ser-picado-por-escorpiao","name":"Crian\u00e7a de 2 anos morre ap\u00f3s ser picado por escorpi\u00e3o - Ribeir\u00e3o Preto e Regi\u00e3o","isPartOf":{"@id":"https:\/\/redenoticiaz.com.br\/ribeiraopreto-regiao\/#website"},"primaryImageOfPage":{"@id":"https:\/\/redenoticiaz.com.br\/ribeiraopreto-regiao\/sp\/2022\/10\/19\/crianca-de-2-anos-morre-apos-ser-picado-por-escorpiao#primaryimage"},"image":{"@id":"https:\/\/redenoticiaz.com.br\/ribeiraopreto-regiao\/sp\/2022\/10\/19\/crianca-de-2-anos-morre-apos-ser-picado-por-escorpiao#primaryimage"},"thumbnailUrl":"https:\/\/redenoticiaz.com.br\/ribeiraopreto-regiao\/wp-content\/uploads\/sites\/4\/2022\/10\/escorpiao.jpg","datePublished":"2022-10-19T18:15:26+00:00","description":"Um menino de 2 anos morreu, na tarde desta ter\u00e7a-feira (18), ap\u00f3s ser picado por um escorpi\u00e3o, no bairro Cohab Vila Dr Jo\u00e3o, em Sever\u00ednia.","inLanguage":"pt-BR","potentialAction":[{"@type":"ReadAction","target":["https:\/\/redenoticiaz.com.br\/ribeiraopreto-regiao\/sp\/2022\/10\/19\/crianca-de-2-anos-morre-apos-ser-picado-por-escorpiao"]}]},{"@type":"ImageObject","inLanguage":"pt-BR","@id":"https:\/\/redenoticiaz.com.br\/ribeiraopreto-regiao\/sp\/2022\/10\/19\/crianca-de-2-anos-morre-apos-ser-picado-por-escorpiao#primaryimage","url":"https:\/\/redenoticiaz.com.br\/ribeiraopreto-regiao\/wp-content\/uploads\/sites\/4\/2022\/10\/escorpiao.jpg","contentUrl":"https:\/\/redenoticiaz.com.br\/ribeiraopreto-regiao\/wp-content\/uploads\/sites\/4\/2022\/10\/escorpiao.jpg","width":1200,"height":800,"caption":"Cr\u00e9dito: Reprodu\u00e7\u00e3o"},{"@type":"WebSite","@id":"https:\/\/redenoticiaz.com.br\/ribeiraopreto-regiao\/#website","url":"https:\/\/redenoticiaz.com.br\/ribeiraopreto-regiao\/","name":"Ribeir\u00e3o Preto e Regi\u00e3o","description":"Rede NoticiaZ - Ribeir\u00e3o Preto e regi\u00e3o","publisher":{"@id":"https:\/\/redenoticiaz.com.br\/ribeiraopreto-regiao\/#organization"},"potentialAction":[{"@type":"SearchAction","target":{"@type":"EntryPoint","urlTemplate":"https:\/\/redenoticiaz.com.br\/ribeiraopreto-regiao\/?s={search_term_string}"},"query-input":{"@type":"PropertyValueSpecification","valueRequired":true,"valueName":"search_term_string"}}],"inLanguage":"pt-BR"},{"@type":"Organization","@id":"https:\/\/redenoticiaz.com.br\/ribeiraopreto-regiao\/#organization","name":"Ribeir\u00e3o Preto e Regi\u00e3o","url":"https:\/\/redenoticiaz.com.br\/ribeiraopreto-regiao\/","logo":{"@type":"ImageObject","inLanguage":"pt-BR","@id":"https:\/\/redenoticiaz.com.br\/ribeiraopreto-regiao\/#\/schema\/logo\/image\/","url":"https:\/\/redenoticiaz.com.br\/barretos-regiao\/wp-content\/uploads\/sites\/4\/2022\/02\/logo.jpg","contentUrl":"https:\/\/redenoticiaz.com.br\/barretos-regiao\/wp-content\/uploads\/sites\/4\/2022\/02\/logo.jpg","width":400,"height":250,"caption":"Ribeir\u00e3o Preto e Regi\u00e3o"},"image":{"@id":"https:\/\/redenoticiaz.com.br\/ribeiraopreto-regiao\/#\/schema\/logo\/image\/"},"sameAs":["https:\/\/m.facebook.com\/redenoticiaz.barretos","https:\/\/x.com\/RN_barretos","https:\/\/www.instagram.com\/redenoticiaz.barretos\/?igshid=YmMyMTA2M2Y","https:\/\/www.linkedin.com\/company\/rede-noticiaz-barretos-e-regio\/"]},{"@type":"Person","@id":"","url":"https:\/\/redenoticiaz.com.br\/ribeiraopreto-regiao\/sp\/author"}]}},"_links":{"self":[{"href":"https:\/\/redenoticiaz.com.br\/ribeiraopreto-regiao\/wp-json\/wp\/v2\/posts\/93628","targetHints":{"allow":["GET"]}}],"collection":[{"href":"https:\/\/redenoticiaz.com.br\/ribeiraopreto-regiao\/wp-json\/wp\/v2\/posts"}],"about":[{"href":"https:\/\/redenoticiaz.com.br\/ribeiraopreto-regiao\/wp-json\/wp\/v2\/types\/post"}],"author":[{"embeddable":true,"href":"https:\/\/redenoticiaz.com.br\/ribeiraopreto-regiao\/wp-json\/wp\/v2\/users\/15"}],"replies":[{"embeddable":true,"href":"https:\/\/redenoticiaz.com.br\/ribeiraopreto-regiao\/wp-json\/wp\/v2\/comments?post=93628"}],"version-history":[{"count":1,"href":"https:\/\/redenoticiaz.com.br\/ribeiraopreto-regiao\/wp-json\/wp\/v2\/posts\/93628\/revisions"}],"predecessor-version":[{"id":93630,"href":"https:\/\/redenoticiaz.com.br\/ribeiraopreto-regiao\/wp-json\/wp\/v2\/posts\/93628\/revisions\/93630"}],"wp:featuredmedia":[{"embeddable":true,"href":"https:\/\/redenoticiaz.com.br\/ribeiraopreto-regiao\/wp-json\/wp\/v2\/media\/93629"}],"wp:attachment":[{"href":"https:\/\/redenoticiaz.com.br\/ribeiraopreto-regiao\/wp-json\/wp\/v2\/media?parent=93628"}],"wp:term":[{"taxonomy":"category","embeddable":true,"href":"https:\/\/redenoticiaz.com.br\/ribeiraopreto-regiao\/wp-json\/wp\/v2\/categories?post=93628"},{"taxonomy":"post_tag","embeddable":true,"href":"https:\/\/redenoticiaz.com.br\/ribeiraopreto-regiao\/wp-json\/wp\/v2\/tags?post=93628"}],"curies":[{"name":"wp","href":"https:\/\/api.w.org\/{rel}","templated":true}]}}