{"id":93655,"date":"2022-10-19T18:47:46","date_gmt":"2022-10-19T21:47:46","guid":{"rendered":"https:\/\/redenoticiaz.com.br\/barretos-regiao\/sp\/2022\/10\/19\/lula-tem-49-no-2o-turno-e-bolsonaro-45-diz-datafolha"},"modified":"2022-10-19T18:48:15","modified_gmt":"2022-10-19T21:48:15","slug":"lula-tem-49-no-2o-turno-e-bolsonaro-45-diz-datafolha","status":"publish","type":"post","link":"https:\/\/redenoticiaz.com.br\/ribeiraopreto-regiao\/sp\/2022\/10\/19\/lula-tem-49-no-2o-turno-e-bolsonaro-45-diz-datafolha","title":{"rendered":"Lula tem 49% no 2\u00ba turno, e Bolsonaro, 45% diz Datafolha"},"content":{"rendered":"<p>A mais nova pesquisa Datafolha foi divulgada nesta ter\u00e7a-feira (19) e aponta Lula (PT) na frente da corrida presidencial com 49% e Jair Bolsonaro com 45%.<\/p>\n<p>De acordo com as informa\u00e7\u00f5es, a mais recente pesquisa foi encomendada pela <strong>Globo\u00a0<\/strong>e pela &#8220;Folha de S.Paulo&#8221; \u00a0foi registrada no\u00a0Tribunal Superior Eleitoral\u00a0(TSE) com o n\u00famero BR-07340\/2022.<\/p>\n<p>Ainda de acordo com os dados <span class=\"highlight highlighted\">A diferen\u00e7a dos candidatos est\u00e1 no limite da margem de erro, com o petista em vantagem, diz o Datafolha.<\/span><\/p>\n<div class=\"wall protected-content\">\n<div class=\"mc-column content-text active-extra-styles \" data-block-type=\"unstyled\" data-block-weight=\"40\" data-block-id=\"5\">\n<ul class=\"content-unordered-list\">\n<li><strong>Lula (PT): 49%\u00a0<\/strong><\/li>\n<li><strong>Bolsonaro (PL): 45%\u00a0<\/strong><\/li>\n<li><strong>Brancos e nulos: 4%\u00a0<\/strong><\/li>\n<li><strong>N\u00e3o sabe ou n\u00e3o respondeu: 1%<\/strong><\/li>\n<\/ul>\n<p>Sendo assim, se forem contabilizados os votos v\u00e1lidos, excluindo brancos e nulos,<span class=\"highlight highlighted\">\u00a0Lula tem 52%, e Bolsonaro, 48%.<\/span><\/p>\n<p><strong>Leia mais<\/strong><\/p>\n<p><a href=\"https:\/\/redenoticiaz.com.br\/blog\/2022\/10\/14\/datafolha-lula-tem-49-e-bolsonaro-44-no-2-turno-2\">Datafolha: Lula tem 49% e Bolsonaro, 44% no 2\u00b0 turno<\/a><\/p>\n<\/div>\n<\/div>\n","protected":false},"excerpt":{"rendered":"<p>A mais nova pesquisa Datafolha foi divulgada nesta ter\u00e7a-feira (19) e aponta Lula (PT) na frente da corrida presidencial com 49% e Jair Bolsonaro com 45%. De acordo com as informa\u00e7\u00f5es, a mais recente pesquisa foi encomendada pela Globo\u00a0e pela &#8220;Folha de S.Paulo&#8221; \u00a0foi registrada no\u00a0Tribunal Superior Eleitoral\u00a0(TSE) com o n\u00famero BR-07340\/2022. Ainda de acordo &hellip;<\/p>\n","protected":false},"author":12,"featured_media":92497,"comment_status":"open","ping_status":"closed","sticky":false,"template":"","format":"standard","meta":{"footnotes":""},"categories":[9271],"tags":[18936,19349,20763,9332,17106,20764],"class_list":["post-93655","post","type-post","status-publish","format-standard","has-post-thumbnail","hentry","category-eleicoes","tag-bolsonaro","tag-datafolha","tag-haddad","tag-lula","tag-pesquisa-eleitoral","tag-tarcisio"],"yoast_head":"<!-- This site is optimized with the Yoast SEO plugin v27.4 - https:\/\/yoast.com\/product\/yoast-seo-wordpress\/ -->\n<title>Lula tem 49% no 2\u00ba turno, e Bolsonaro, 45% diz Datafolha - Ribeir\u00e3o Preto e Regi\u00e3o<\/title>\n<meta name=\"description\" content=\"A mais nova pesquisa Datafolha foi divulgada nesta ter\u00e7a-feira (19) e aponta Lula (PT) na frente da corrida presidencial com 49% e Jair Bolsonaro com 45%.\" \/>\n<meta name=\"robots\" content=\"index, follow, max-snippet:-1, max-image-preview:large, max-video-preview:-1\" \/>\n<link rel=\"canonical\" href=\"https:\/\/redenoticiaz.com.br\/ribeiraopreto-regiao\/sp\/2022\/10\/19\/lula-tem-49-no-2o-turno-e-bolsonaro-45-diz-datafolha\" \/>\n<meta property=\"og:locale\" content=\"pt_BR\" \/>\n<meta property=\"og:type\" content=\"article\" \/>\n<meta property=\"og:title\" content=\"Lula tem 49% no 2\u00ba turno, e Bolsonaro, 45% diz Datafolha - Ribeir\u00e3o Preto e Regi\u00e3o\" \/>\n<meta property=\"og:description\" content=\"A mais nova pesquisa Datafolha foi divulgada nesta ter\u00e7a-feira (19) e aponta Lula (PT) na frente da corrida presidencial com 49% e Jair Bolsonaro com 45%.\" \/>\n<meta property=\"og:url\" content=\"https:\/\/redenoticiaz.com.br\/ribeiraopreto-regiao\/sp\/2022\/10\/19\/lula-tem-49-no-2o-turno-e-bolsonaro-45-diz-datafolha\" \/>\n<meta property=\"og:site_name\" content=\"Ribeir\u00e3o Preto e Regi\u00e3o\" \/>\n<meta property=\"article:publisher\" content=\"https:\/\/m.facebook.com\/redenoticiaz.barretos\" \/>\n<meta property=\"article:published_time\" content=\"2022-10-19T21:47:46+00:00\" \/>\n<meta property=\"article:modified_time\" content=\"2022-10-19T21:48:15+00:00\" \/>\n<meta property=\"og:image\" content=\"https:\/\/redenoticiaz.com.br\/ribeiraopreto-regiao\/wp-content\/uploads\/sites\/4\/2022\/09\/16643942896334a43109a51_1664394289_3x2_lg.jpg?v=1664487084\" \/>\n\t<meta property=\"og:image:width\" content=\"1024\" \/>\n\t<meta property=\"og:image:height\" content=\"683\" \/>\n\t<meta property=\"og:image:type\" content=\"image\/jpeg\" \/>\n<meta name=\"author\" content=\"Gustavo Silva\" \/>\n<meta name=\"twitter:card\" content=\"summary_large_image\" \/>\n<meta name=\"twitter:creator\" content=\"@RN_barretos\" \/>\n<meta name=\"twitter:site\" content=\"@RN_barretos\" \/>\n<meta name=\"twitter:label1\" content=\"Escrito por\" \/>\n\t<meta name=\"twitter:data1\" content=\"Gustavo Silva\" \/>\n\t<meta name=\"twitter:label2\" content=\"Est. tempo de leitura\" \/>\n\t<meta name=\"twitter:data2\" content=\"1 minuto\" \/>\n<script type=\"application\/ld+json\" class=\"yoast-schema-graph\">{\"@context\":\"https:\\\/\\\/schema.org\",\"@graph\":[{\"@type\":\"Article\",\"@id\":\"https:\\\/\\\/redenoticiaz.com.br\\\/ribeiraopreto-regiao\\\/sp\\\/2022\\\/10\\\/19\\\/lula-tem-49-no-2o-turno-e-bolsonaro-45-diz-datafolha#article\",\"isPartOf\":{\"@id\":\"https:\\\/\\\/redenoticiaz.com.br\\\/ribeiraopreto-regiao\\\/sp\\\/2022\\\/10\\\/19\\\/lula-tem-49-no-2o-turno-e-bolsonaro-45-diz-datafolha\"},\"author\":{\"name\":\"Gustavo Silva\",\"@id\":\"https:\\\/\\\/redenoticiaz.com.br\\\/ribeiraopreto-regiao\\\/#\\\/schema\\\/person\\\/16057b37a3c0ee6b096d7f887c566e2e\"},\"headline\":\"Lula tem 49% no 2\u00ba turno, e Bolsonaro, 45% diz Datafolha\",\"datePublished\":\"2022-10-19T21:47:46+00:00\",\"dateModified\":\"2022-10-19T21:48:15+00:00\",\"mainEntityOfPage\":{\"@id\":\"https:\\\/\\\/redenoticiaz.com.br\\\/ribeiraopreto-regiao\\\/sp\\\/2022\\\/10\\\/19\\\/lula-tem-49-no-2o-turno-e-bolsonaro-45-diz-datafolha\"},\"wordCount\":130,\"commentCount\":0,\"publisher\":{\"@id\":\"https:\\\/\\\/redenoticiaz.com.br\\\/ribeiraopreto-regiao\\\/#organization\"},\"image\":{\"@id\":\"https:\\\/\\\/redenoticiaz.com.br\\\/ribeiraopreto-regiao\\\/sp\\\/2022\\\/10\\\/19\\\/lula-tem-49-no-2o-turno-e-bolsonaro-45-diz-datafolha#primaryimage\"},\"thumbnailUrl\":\"https:\\\/\\\/redenoticiaz.com.br\\\/ribeiraopreto-regiao\\\/wp-content\\\/uploads\\\/sites\\\/4\\\/2022\\\/09\\\/16643942896334a43109a51_1664394289_3x2_lg.jpg?v=1664487084\",\"keywords\":[\"Bolsonaro\",\"DATAFOLHA\",\"haddad\",\"Lula\",\"pesquisa eleitoral\",\"tarc\u00edsio\"],\"articleSection\":[\"Elei\u00e7\u00f5es\"],\"inLanguage\":\"pt-BR\",\"potentialAction\":[{\"@type\":\"CommentAction\",\"name\":\"Comment\",\"target\":[\"https:\\\/\\\/redenoticiaz.com.br\\\/ribeiraopreto-regiao\\\/sp\\\/2022\\\/10\\\/19\\\/lula-tem-49-no-2o-turno-e-bolsonaro-45-diz-datafolha#respond\"]}]},{\"@type\":\"WebPage\",\"@id\":\"https:\\\/\\\/redenoticiaz.com.br\\\/ribeiraopreto-regiao\\\/sp\\\/2022\\\/10\\\/19\\\/lula-tem-49-no-2o-turno-e-bolsonaro-45-diz-datafolha\",\"url\":\"https:\\\/\\\/redenoticiaz.com.br\\\/ribeiraopreto-regiao\\\/sp\\\/2022\\\/10\\\/19\\\/lula-tem-49-no-2o-turno-e-bolsonaro-45-diz-datafolha\",\"name\":\"Lula tem 49% no 2\u00ba turno, e Bolsonaro, 45% diz Datafolha - Ribeir\u00e3o Preto e Regi\u00e3o\",\"isPartOf\":{\"@id\":\"https:\\\/\\\/redenoticiaz.com.br\\\/ribeiraopreto-regiao\\\/#website\"},\"primaryImageOfPage\":{\"@id\":\"https:\\\/\\\/redenoticiaz.com.br\\\/ribeiraopreto-regiao\\\/sp\\\/2022\\\/10\\\/19\\\/lula-tem-49-no-2o-turno-e-bolsonaro-45-diz-datafolha#primaryimage\"},\"image\":{\"@id\":\"https:\\\/\\\/redenoticiaz.com.br\\\/ribeiraopreto-regiao\\\/sp\\\/2022\\\/10\\\/19\\\/lula-tem-49-no-2o-turno-e-bolsonaro-45-diz-datafolha#primaryimage\"},\"thumbnailUrl\":\"https:\\\/\\\/redenoticiaz.com.br\\\/ribeiraopreto-regiao\\\/wp-content\\\/uploads\\\/sites\\\/4\\\/2022\\\/09\\\/16643942896334a43109a51_1664394289_3x2_lg.jpg?v=1664487084\",\"datePublished\":\"2022-10-19T21:47:46+00:00\",\"dateModified\":\"2022-10-19T21:48:15+00:00\",\"description\":\"A mais nova pesquisa Datafolha foi divulgada nesta ter\u00e7a-feira (19) e aponta Lula (PT) na frente da corrida presidencial com 49% e Jair Bolsonaro com 45%.\",\"inLanguage\":\"pt-BR\",\"potentialAction\":[{\"@type\":\"ReadAction\",\"target\":[\"https:\\\/\\\/redenoticiaz.com.br\\\/ribeiraopreto-regiao\\\/sp\\\/2022\\\/10\\\/19\\\/lula-tem-49-no-2o-turno-e-bolsonaro-45-diz-datafolha\"]}]},{\"@type\":\"ImageObject\",\"inLanguage\":\"pt-BR\",\"@id\":\"https:\\\/\\\/redenoticiaz.com.br\\\/ribeiraopreto-regiao\\\/sp\\\/2022\\\/10\\\/19\\\/lula-tem-49-no-2o-turno-e-bolsonaro-45-diz-datafolha#primaryimage\",\"url\":\"https:\\\/\\\/redenoticiaz.com.br\\\/ribeiraopreto-regiao\\\/wp-content\\\/uploads\\\/sites\\\/4\\\/2022\\\/09\\\/16643942896334a43109a51_1664394289_3x2_lg.jpg?v=1664487084\",\"contentUrl\":\"https:\\\/\\\/redenoticiaz.com.br\\\/ribeiraopreto-regiao\\\/wp-content\\\/uploads\\\/sites\\\/4\\\/2022\\\/09\\\/16643942896334a43109a51_1664394289_3x2_lg.jpg?v=1664487084\",\"width\":1024,\"height\":683,\"caption\":\"Datafolha mostra Lula com 50% dos votos v\u00e1lidos no primeiro turno\"},{\"@type\":\"WebSite\",\"@id\":\"https:\\\/\\\/redenoticiaz.com.br\\\/ribeiraopreto-regiao\\\/#website\",\"url\":\"https:\\\/\\\/redenoticiaz.com.br\\\/ribeiraopreto-regiao\\\/\",\"name\":\"Ribeir\u00e3o Preto e Regi\u00e3o\",\"description\":\"Rede NoticiaZ - Ribeir\u00e3o Preto e regi\u00e3o\",\"publisher\":{\"@id\":\"https:\\\/\\\/redenoticiaz.com.br\\\/ribeiraopreto-regiao\\\/#organization\"},\"potentialAction\":[{\"@type\":\"SearchAction\",\"target\":{\"@type\":\"EntryPoint\",\"urlTemplate\":\"https:\\\/\\\/redenoticiaz.com.br\\\/ribeiraopreto-regiao\\\/?s={search_term_string}\"},\"query-input\":{\"@type\":\"PropertyValueSpecification\",\"valueRequired\":true,\"valueName\":\"search_term_string\"}}],\"inLanguage\":\"pt-BR\"},{\"@type\":\"Organization\",\"@id\":\"https:\\\/\\\/redenoticiaz.com.br\\\/ribeiraopreto-regiao\\\/#organization\",\"name\":\"Ribeir\u00e3o Preto e Regi\u00e3o\",\"url\":\"https:\\\/\\\/redenoticiaz.com.br\\\/ribeiraopreto-regiao\\\/\",\"logo\":{\"@type\":\"ImageObject\",\"inLanguage\":\"pt-BR\",\"@id\":\"https:\\\/\\\/redenoticiaz.com.br\\\/ribeiraopreto-regiao\\\/#\\\/schema\\\/logo\\\/image\\\/\",\"url\":\"https:\\\/\\\/redenoticiaz.com.br\\\/barretos-regiao\\\/wp-content\\\/uploads\\\/sites\\\/4\\\/2022\\\/02\\\/logo.jpg\",\"contentUrl\":\"https:\\\/\\\/redenoticiaz.com.br\\\/barretos-regiao\\\/wp-content\\\/uploads\\\/sites\\\/4\\\/2022\\\/02\\\/logo.jpg\",\"width\":400,\"height\":250,\"caption\":\"Ribeir\u00e3o Preto e Regi\u00e3o\"},\"image\":{\"@id\":\"https:\\\/\\\/redenoticiaz.com.br\\\/ribeiraopreto-regiao\\\/#\\\/schema\\\/logo\\\/image\\\/\"},\"sameAs\":[\"https:\\\/\\\/m.facebook.com\\\/redenoticiaz.barretos\",\"https:\\\/\\\/x.com\\\/RN_barretos\",\"https:\\\/\\\/www.instagram.com\\\/redenoticiaz.barretos\\\/?igshid=YmMyMTA2M2Y\",\"https:\\\/\\\/www.linkedin.com\\\/company\\\/rede-noticiaz-barretos-e-regio\\\/\"]},{\"@type\":\"Person\",\"@id\":\"https:\\\/\\\/redenoticiaz.com.br\\\/ribeiraopreto-regiao\\\/#\\\/schema\\\/person\\\/16057b37a3c0ee6b096d7f887c566e2e\",\"name\":\"Gustavo Silva\",\"image\":{\"@type\":\"ImageObject\",\"inLanguage\":\"pt-BR\",\"@id\":\"https:\\\/\\\/secure.gravatar.com\\\/avatar\\\/3ee4e82f93b26de0a7cf4ea5eb7893da637ed6bb0c9170c58065944c56e28a33?s=96&d=mm&r=g\",\"url\":\"https:\\\/\\\/secure.gravatar.com\\\/avatar\\\/3ee4e82f93b26de0a7cf4ea5eb7893da637ed6bb0c9170c58065944c56e28a33?s=96&d=mm&r=g\",\"contentUrl\":\"https:\\\/\\\/secure.gravatar.com\\\/avatar\\\/3ee4e82f93b26de0a7cf4ea5eb7893da637ed6bb0c9170c58065944c56e28a33?s=96&d=mm&r=g\",\"caption\":\"Gustavo Silva\"},\"url\":\"https:\\\/\\\/redenoticiaz.com.br\\\/ribeiraopreto-regiao\\\/sp\\\/author\\\/gustavosilva\"}]}<\/script>\n<!-- \/ Yoast SEO plugin. -->","yoast_head_json":{"title":"Lula tem 49% no 2\u00ba turno, e Bolsonaro, 45% diz Datafolha - Ribeir\u00e3o Preto e Regi\u00e3o","description":"A mais nova pesquisa Datafolha foi divulgada nesta ter\u00e7a-feira (19) e aponta Lula (PT) na frente da corrida presidencial com 49% e Jair Bolsonaro com 45%.","robots":{"index":"index","follow":"follow","max-snippet":"max-snippet:-1","max-image-preview":"max-image-preview:large","max-video-preview":"max-video-preview:-1"},"canonical":"https:\/\/redenoticiaz.com.br\/ribeiraopreto-regiao\/sp\/2022\/10\/19\/lula-tem-49-no-2o-turno-e-bolsonaro-45-diz-datafolha","og_locale":"pt_BR","og_type":"article","og_title":"Lula tem 49% no 2\u00ba turno, e Bolsonaro, 45% diz Datafolha - Ribeir\u00e3o Preto e Regi\u00e3o","og_description":"A mais nova pesquisa Datafolha foi divulgada nesta ter\u00e7a-feira (19) e aponta Lula (PT) na frente da corrida presidencial com 49% e Jair Bolsonaro com 45%.","og_url":"https:\/\/redenoticiaz.com.br\/ribeiraopreto-regiao\/sp\/2022\/10\/19\/lula-tem-49-no-2o-turno-e-bolsonaro-45-diz-datafolha","og_site_name":"Ribeir\u00e3o Preto e Regi\u00e3o","article_publisher":"https:\/\/m.facebook.com\/redenoticiaz.barretos","article_published_time":"2022-10-19T21:47:46+00:00","article_modified_time":"2022-10-19T21:48:15+00:00","og_image":[{"width":1024,"height":683,"url":"https:\/\/redenoticiaz.com.br\/ribeiraopreto-regiao\/wp-content\/uploads\/sites\/4\/2022\/09\/16643942896334a43109a51_1664394289_3x2_lg.jpg?v=1664487084","type":"image\/jpeg"}],"author":"Gustavo Silva","twitter_card":"summary_large_image","twitter_creator":"@RN_barretos","twitter_site":"@RN_barretos","twitter_misc":{"Escrito por":"Gustavo Silva","Est. tempo de leitura":"1 minuto"},"schema":{"@context":"https:\/\/schema.org","@graph":[{"@type":"Article","@id":"https:\/\/redenoticiaz.com.br\/ribeiraopreto-regiao\/sp\/2022\/10\/19\/lula-tem-49-no-2o-turno-e-bolsonaro-45-diz-datafolha#article","isPartOf":{"@id":"https:\/\/redenoticiaz.com.br\/ribeiraopreto-regiao\/sp\/2022\/10\/19\/lula-tem-49-no-2o-turno-e-bolsonaro-45-diz-datafolha"},"author":{"name":"Gustavo Silva","@id":"https:\/\/redenoticiaz.com.br\/ribeiraopreto-regiao\/#\/schema\/person\/16057b37a3c0ee6b096d7f887c566e2e"},"headline":"Lula tem 49% no 2\u00ba turno, e Bolsonaro, 45% diz Datafolha","datePublished":"2022-10-19T21:47:46+00:00","dateModified":"2022-10-19T21:48:15+00:00","mainEntityOfPage":{"@id":"https:\/\/redenoticiaz.com.br\/ribeiraopreto-regiao\/sp\/2022\/10\/19\/lula-tem-49-no-2o-turno-e-bolsonaro-45-diz-datafolha"},"wordCount":130,"commentCount":0,"publisher":{"@id":"https:\/\/redenoticiaz.com.br\/ribeiraopreto-regiao\/#organization"},"image":{"@id":"https:\/\/redenoticiaz.com.br\/ribeiraopreto-regiao\/sp\/2022\/10\/19\/lula-tem-49-no-2o-turno-e-bolsonaro-45-diz-datafolha#primaryimage"},"thumbnailUrl":"https:\/\/redenoticiaz.com.br\/ribeiraopreto-regiao\/wp-content\/uploads\/sites\/4\/2022\/09\/16643942896334a43109a51_1664394289_3x2_lg.jpg?v=1664487084","keywords":["Bolsonaro","DATAFOLHA","haddad","Lula","pesquisa eleitoral","tarc\u00edsio"],"articleSection":["Elei\u00e7\u00f5es"],"inLanguage":"pt-BR","potentialAction":[{"@type":"CommentAction","name":"Comment","target":["https:\/\/redenoticiaz.com.br\/ribeiraopreto-regiao\/sp\/2022\/10\/19\/lula-tem-49-no-2o-turno-e-bolsonaro-45-diz-datafolha#respond"]}]},{"@type":"WebPage","@id":"https:\/\/redenoticiaz.com.br\/ribeiraopreto-regiao\/sp\/2022\/10\/19\/lula-tem-49-no-2o-turno-e-bolsonaro-45-diz-datafolha","url":"https:\/\/redenoticiaz.com.br\/ribeiraopreto-regiao\/sp\/2022\/10\/19\/lula-tem-49-no-2o-turno-e-bolsonaro-45-diz-datafolha","name":"Lula tem 49% no 2\u00ba turno, e Bolsonaro, 45% diz Datafolha - Ribeir\u00e3o Preto e Regi\u00e3o","isPartOf":{"@id":"https:\/\/redenoticiaz.com.br\/ribeiraopreto-regiao\/#website"},"primaryImageOfPage":{"@id":"https:\/\/redenoticiaz.com.br\/ribeiraopreto-regiao\/sp\/2022\/10\/19\/lula-tem-49-no-2o-turno-e-bolsonaro-45-diz-datafolha#primaryimage"},"image":{"@id":"https:\/\/redenoticiaz.com.br\/ribeiraopreto-regiao\/sp\/2022\/10\/19\/lula-tem-49-no-2o-turno-e-bolsonaro-45-diz-datafolha#primaryimage"},"thumbnailUrl":"https:\/\/redenoticiaz.com.br\/ribeiraopreto-regiao\/wp-content\/uploads\/sites\/4\/2022\/09\/16643942896334a43109a51_1664394289_3x2_lg.jpg?v=1664487084","datePublished":"2022-10-19T21:47:46+00:00","dateModified":"2022-10-19T21:48:15+00:00","description":"A mais nova pesquisa Datafolha foi divulgada nesta ter\u00e7a-feira (19) e aponta Lula (PT) na frente da corrida presidencial com 49% e Jair Bolsonaro com 45%.","inLanguage":"pt-BR","potentialAction":[{"@type":"ReadAction","target":["https:\/\/redenoticiaz.com.br\/ribeiraopreto-regiao\/sp\/2022\/10\/19\/lula-tem-49-no-2o-turno-e-bolsonaro-45-diz-datafolha"]}]},{"@type":"ImageObject","inLanguage":"pt-BR","@id":"https:\/\/redenoticiaz.com.br\/ribeiraopreto-regiao\/sp\/2022\/10\/19\/lula-tem-49-no-2o-turno-e-bolsonaro-45-diz-datafolha#primaryimage","url":"https:\/\/redenoticiaz.com.br\/ribeiraopreto-regiao\/wp-content\/uploads\/sites\/4\/2022\/09\/16643942896334a43109a51_1664394289_3x2_lg.jpg?v=1664487084","contentUrl":"https:\/\/redenoticiaz.com.br\/ribeiraopreto-regiao\/wp-content\/uploads\/sites\/4\/2022\/09\/16643942896334a43109a51_1664394289_3x2_lg.jpg?v=1664487084","width":1024,"height":683,"caption":"Datafolha mostra Lula com 50% dos votos v\u00e1lidos no primeiro turno"},{"@type":"WebSite","@id":"https:\/\/redenoticiaz.com.br\/ribeiraopreto-regiao\/#website","url":"https:\/\/redenoticiaz.com.br\/ribeiraopreto-regiao\/","name":"Ribeir\u00e3o Preto e Regi\u00e3o","description":"Rede NoticiaZ - Ribeir\u00e3o Preto e regi\u00e3o","publisher":{"@id":"https:\/\/redenoticiaz.com.br\/ribeiraopreto-regiao\/#organization"},"potentialAction":[{"@type":"SearchAction","target":{"@type":"EntryPoint","urlTemplate":"https:\/\/redenoticiaz.com.br\/ribeiraopreto-regiao\/?s={search_term_string}"},"query-input":{"@type":"PropertyValueSpecification","valueRequired":true,"valueName":"search_term_string"}}],"inLanguage":"pt-BR"},{"@type":"Organization","@id":"https:\/\/redenoticiaz.com.br\/ribeiraopreto-regiao\/#organization","name":"Ribeir\u00e3o Preto e Regi\u00e3o","url":"https:\/\/redenoticiaz.com.br\/ribeiraopreto-regiao\/","logo":{"@type":"ImageObject","inLanguage":"pt-BR","@id":"https:\/\/redenoticiaz.com.br\/ribeiraopreto-regiao\/#\/schema\/logo\/image\/","url":"https:\/\/redenoticiaz.com.br\/barretos-regiao\/wp-content\/uploads\/sites\/4\/2022\/02\/logo.jpg","contentUrl":"https:\/\/redenoticiaz.com.br\/barretos-regiao\/wp-content\/uploads\/sites\/4\/2022\/02\/logo.jpg","width":400,"height":250,"caption":"Ribeir\u00e3o Preto e Regi\u00e3o"},"image":{"@id":"https:\/\/redenoticiaz.com.br\/ribeiraopreto-regiao\/#\/schema\/logo\/image\/"},"sameAs":["https:\/\/m.facebook.com\/redenoticiaz.barretos","https:\/\/x.com\/RN_barretos","https:\/\/www.instagram.com\/redenoticiaz.barretos\/?igshid=YmMyMTA2M2Y","https:\/\/www.linkedin.com\/company\/rede-noticiaz-barretos-e-regio\/"]},{"@type":"Person","@id":"https:\/\/redenoticiaz.com.br\/ribeiraopreto-regiao\/#\/schema\/person\/16057b37a3c0ee6b096d7f887c566e2e","name":"Gustavo Silva","image":{"@type":"ImageObject","inLanguage":"pt-BR","@id":"https:\/\/secure.gravatar.com\/avatar\/3ee4e82f93b26de0a7cf4ea5eb7893da637ed6bb0c9170c58065944c56e28a33?s=96&d=mm&r=g","url":"https:\/\/secure.gravatar.com\/avatar\/3ee4e82f93b26de0a7cf4ea5eb7893da637ed6bb0c9170c58065944c56e28a33?s=96&d=mm&r=g","contentUrl":"https:\/\/secure.gravatar.com\/avatar\/3ee4e82f93b26de0a7cf4ea5eb7893da637ed6bb0c9170c58065944c56e28a33?s=96&d=mm&r=g","caption":"Gustavo Silva"},"url":"https:\/\/redenoticiaz.com.br\/ribeiraopreto-regiao\/sp\/author\/gustavosilva"}]}},"_links":{"self":[{"href":"https:\/\/redenoticiaz.com.br\/ribeiraopreto-regiao\/wp-json\/wp\/v2\/posts\/93655","targetHints":{"allow":["GET"]}}],"collection":[{"href":"https:\/\/redenoticiaz.com.br\/ribeiraopreto-regiao\/wp-json\/wp\/v2\/posts"}],"about":[{"href":"https:\/\/redenoticiaz.com.br\/ribeiraopreto-regiao\/wp-json\/wp\/v2\/types\/post"}],"author":[{"embeddable":true,"href":"https:\/\/redenoticiaz.com.br\/ribeiraopreto-regiao\/wp-json\/wp\/v2\/users\/12"}],"replies":[{"embeddable":true,"href":"https:\/\/redenoticiaz.com.br\/ribeiraopreto-regiao\/wp-json\/wp\/v2\/comments?post=93655"}],"version-history":[{"count":0,"href":"https:\/\/redenoticiaz.com.br\/ribeiraopreto-regiao\/wp-json\/wp\/v2\/posts\/93655\/revisions"}],"wp:featuredmedia":[{"embeddable":true,"href":"https:\/\/redenoticiaz.com.br\/ribeiraopreto-regiao\/wp-json\/wp\/v2\/media\/92497"}],"wp:attachment":[{"href":"https:\/\/redenoticiaz.com.br\/ribeiraopreto-regiao\/wp-json\/wp\/v2\/media?parent=93655"}],"wp:term":[{"taxonomy":"category","embeddable":true,"href":"https:\/\/redenoticiaz.com.br\/ribeiraopreto-regiao\/wp-json\/wp\/v2\/categories?post=93655"},{"taxonomy":"post_tag","embeddable":true,"href":"https:\/\/redenoticiaz.com.br\/ribeiraopreto-regiao\/wp-json\/wp\/v2\/tags?post=93655"}],"curies":[{"name":"wp","href":"https:\/\/api.w.org\/{rel}","templated":true}]}}