{"id":93708,"date":"2022-10-20T17:43:21","date_gmt":"2022-10-20T20:43:21","guid":{"rendered":"https:\/\/redenoticiaz.com.br\/barretos-regiao\/sp\/2022\/10\/20\/reviravolta-galvao-bueno-cancela-demissao-e-estende-contrato-com-a-globo"},"modified":"2022-10-20T17:43:21","modified_gmt":"2022-10-20T20:43:21","slug":"reviravolta-galvao-bueno-cancela-demissao-e-estende-contrato-com-a-globo","status":"publish","type":"post","link":"https:\/\/redenoticiaz.com.br\/ribeiraopreto-regiao\/sp\/2022\/10\/20\/reviravolta-galvao-bueno-cancela-demissao-e-estende-contrato-com-a-globo","title":{"rendered":"Reviravolta: Galv\u00e3o Bueno cancela demiss\u00e3o e estende contrato com a Globo"},"content":{"rendered":"<p>O narrador mais popular Galv\u00e3o Bueno poder\u00e1 renovar contrato com a Rede Globo at\u00e9 o fim de 2024. Ambos haviam anunciado a Copa do Mundo do Catar, em novembro, como a &#8220;despedida&#8221; entre as partes ap\u00f3s mais de 40 anos de parceria.<\/p>\n<p>Segundo a informa\u00e7\u00e3o do portal Noticias da TV, o novo contrato j\u00e1 est\u00e1 acertado. Falta apenas a assinatura de Galv\u00e3o Bueno.<\/p>\n<p>A Rede Globo se manifestou atrav\u00e9s de nota oficial.<\/p>\n<p><i>&#8220;Desde que foi comunicado que este seria o \u00faltimo ano de Galv\u00e3o Bueno nas narra\u00e7\u00f5es esportivas, em mar\u00e7o, era p\u00fablico o interesse da Globo em manter ativa, de maneira pontual, essa parceria de mais de 40 anos. Em entrevistas recentes, inclusive, Galv\u00e3o vem refor\u00e7ando essa inten\u00e7\u00e3o.<\/i><\/p>\n<p><i>As conversas est\u00e3o em andamento, mas n\u00e3o h\u00e1 ainda contrato assinado. O foco agora \u00e9 na cobertura da Copa do Mundo, que promete muitas emo\u00e7\u00f5es, no Bem Amigos especial do dia 14 de novembro, que ter\u00e1 exibi\u00e7\u00e3o no sportv e na TV Globo, e no document\u00e1rio original do Globoplay com curiosidades in\u00e9ditas sobre a vida e a carreira do narrador.&#8221;<\/i><\/p>\n<p>Al\u00e9m de fazer parte da cobertura dos jogos Ol\u00edmpicos, em Paris 2024. Galv\u00e3o Bueno, participar\u00e1 das chamadas para jogos e a\u00e7\u00f5es institucionais da Globo.<\/p>\n<p>VEJA TAMB\u00c9M:\u00a0<a href=\"https:\/\/redenoticiaz.com.br\/litoralsp\/2022\/10\/14\/copa-do-catar-tera-areas-para-torcedores-bebados-ficarem-sobrios\">Copa do Catar ter\u00e1 \u00e1reas para torcedores b\u00eabados ficarem s\u00f3brios<\/a><\/p>\n","protected":false},"excerpt":{"rendered":"<p>O narrador mais popular Galv\u00e3o Bueno poder\u00e1 renovar contrato com a Rede Globo at\u00e9 o fim de 2024. Ambos haviam anunciado a Copa do Mundo do Catar, em novembro, como a &#8220;despedida&#8221; entre as partes ap\u00f3s mais de 40 anos de parceria. Segundo a informa\u00e7\u00e3o do portal Noticias da TV, o novo contrato j\u00e1 est\u00e1 &hellip;<\/p>\n","protected":false},"author":15,"featured_media":93709,"comment_status":"open","ping_status":"closed","sticky":false,"template":"","format":"standard","meta":{"footnotes":""},"categories":[87],"tags":[20192,5889,4746,17842],"class_list":["post-93708","post","type-post","status-publish","format-standard","has-post-thumbnail","hentry","category-esporte","tag-contrato","tag-galvao-bueno","tag-globo","tag-renovacao"],"yoast_head":"<!-- This site is optimized with the Yoast SEO plugin v27.4 - https:\/\/yoast.com\/product\/yoast-seo-wordpress\/ -->\n<title>Reviravolta: Galv\u00e3o Bueno cancela demiss\u00e3o e estende contrato com a Globo - Ribeir\u00e3o Preto e Regi\u00e3o<\/title>\n<meta name=\"description\" content=\"Galv\u00e3o Bueno poder\u00e1 renovar contrato com a Rede Globo at\u00e9 o fim de 2024. Ambos haviam anunciado a Copa do Mundo do Catar como despedida\" \/>\n<meta name=\"robots\" content=\"index, follow, max-snippet:-1, max-image-preview:large, max-video-preview:-1\" \/>\n<link rel=\"canonical\" href=\"https:\/\/redenoticiaz.com.br\/ribeiraopreto-regiao\/sp\/2022\/10\/20\/reviravolta-galvao-bueno-cancela-demissao-e-estende-contrato-com-a-globo\" \/>\n<meta property=\"og:locale\" content=\"pt_BR\" \/>\n<meta property=\"og:type\" content=\"article\" \/>\n<meta property=\"og:title\" content=\"Reviravolta: Galv\u00e3o Bueno cancela demiss\u00e3o e estende contrato com a Globo - Ribeir\u00e3o Preto e Regi\u00e3o\" \/>\n<meta property=\"og:description\" content=\"Galv\u00e3o Bueno poder\u00e1 renovar contrato com a Rede Globo at\u00e9 o fim de 2024. Ambos haviam anunciado a Copa do Mundo do Catar como despedida\" \/>\n<meta property=\"og:url\" content=\"https:\/\/redenoticiaz.com.br\/ribeiraopreto-regiao\/sp\/2022\/10\/20\/reviravolta-galvao-bueno-cancela-demissao-e-estende-contrato-com-a-globo\" \/>\n<meta property=\"og:site_name\" content=\"Ribeir\u00e3o Preto e Regi\u00e3o\" \/>\n<meta property=\"article:publisher\" content=\"https:\/\/m.facebook.com\/redenoticiaz.barretos\" \/>\n<meta property=\"article:published_time\" content=\"2022-10-20T20:43:21+00:00\" \/>\n<meta property=\"og:image\" content=\"https:\/\/redenoticiaz.com.br\/ribeiraopreto-regiao\/wp-content\/uploads\/sites\/4\/2022\/10\/Reviravolta-Galvao-Bueno-cancela-demissao-e-volta-a-assinar-com-a-Globo.jpg\" \/>\n\t<meta property=\"og:image:width\" content=\"940\" \/>\n\t<meta property=\"og:image:height\" content=\"788\" \/>\n\t<meta property=\"og:image:type\" content=\"image\/jpeg\" \/>\n<meta name=\"twitter:card\" content=\"summary_large_image\" \/>\n<meta name=\"twitter:creator\" content=\"@RN_barretos\" \/>\n<meta name=\"twitter:site\" content=\"@RN_barretos\" \/>\n<meta name=\"twitter:label1\" content=\"Escrito por\" \/>\n\t<meta name=\"twitter:data1\" content=\"\" \/>\n\t<meta name=\"twitter:label2\" content=\"Est. tempo de leitura\" \/>\n\t<meta name=\"twitter:data2\" content=\"2 minutos\" \/>\n<script type=\"application\/ld+json\" class=\"yoast-schema-graph\">{\"@context\":\"https:\\\/\\\/schema.org\",\"@graph\":[{\"@type\":\"Article\",\"@id\":\"https:\\\/\\\/redenoticiaz.com.br\\\/ribeiraopreto-regiao\\\/sp\\\/2022\\\/10\\\/20\\\/reviravolta-galvao-bueno-cancela-demissao-e-estende-contrato-com-a-globo#article\",\"isPartOf\":{\"@id\":\"https:\\\/\\\/redenoticiaz.com.br\\\/ribeiraopreto-regiao\\\/sp\\\/2022\\\/10\\\/20\\\/reviravolta-galvao-bueno-cancela-demissao-e-estende-contrato-com-a-globo\"},\"author\":{\"name\":\"\",\"@id\":\"\"},\"headline\":\"Reviravolta: Galv\u00e3o Bueno cancela demiss\u00e3o e estende contrato com a Globo\",\"datePublished\":\"2022-10-20T20:43:21+00:00\",\"mainEntityOfPage\":{\"@id\":\"https:\\\/\\\/redenoticiaz.com.br\\\/ribeiraopreto-regiao\\\/sp\\\/2022\\\/10\\\/20\\\/reviravolta-galvao-bueno-cancela-demissao-e-estende-contrato-com-a-globo\"},\"wordCount\":246,\"commentCount\":0,\"publisher\":{\"@id\":\"https:\\\/\\\/redenoticiaz.com.br\\\/ribeiraopreto-regiao\\\/#organization\"},\"image\":{\"@id\":\"https:\\\/\\\/redenoticiaz.com.br\\\/ribeiraopreto-regiao\\\/sp\\\/2022\\\/10\\\/20\\\/reviravolta-galvao-bueno-cancela-demissao-e-estende-contrato-com-a-globo#primaryimage\"},\"thumbnailUrl\":\"https:\\\/\\\/redenoticiaz.com.br\\\/ribeiraopreto-regiao\\\/wp-content\\\/uploads\\\/sites\\\/4\\\/2022\\\/10\\\/Reviravolta-Galvao-Bueno-cancela-demissao-e-volta-a-assinar-com-a-Globo.jpg\",\"keywords\":[\"CONTRATO\",\"GALV\u00c3O BUENO\",\"GLOBO\",\"RENOVA\u00c7\u00c3O\"],\"articleSection\":[\"Esporte\"],\"inLanguage\":\"pt-BR\",\"potentialAction\":[{\"@type\":\"CommentAction\",\"name\":\"Comment\",\"target\":[\"https:\\\/\\\/redenoticiaz.com.br\\\/ribeiraopreto-regiao\\\/sp\\\/2022\\\/10\\\/20\\\/reviravolta-galvao-bueno-cancela-demissao-e-estende-contrato-com-a-globo#respond\"]}]},{\"@type\":\"WebPage\",\"@id\":\"https:\\\/\\\/redenoticiaz.com.br\\\/ribeiraopreto-regiao\\\/sp\\\/2022\\\/10\\\/20\\\/reviravolta-galvao-bueno-cancela-demissao-e-estende-contrato-com-a-globo\",\"url\":\"https:\\\/\\\/redenoticiaz.com.br\\\/ribeiraopreto-regiao\\\/sp\\\/2022\\\/10\\\/20\\\/reviravolta-galvao-bueno-cancela-demissao-e-estende-contrato-com-a-globo\",\"name\":\"Reviravolta: Galv\u00e3o Bueno cancela demiss\u00e3o e estende contrato com a Globo - Ribeir\u00e3o Preto e Regi\u00e3o\",\"isPartOf\":{\"@id\":\"https:\\\/\\\/redenoticiaz.com.br\\\/ribeiraopreto-regiao\\\/#website\"},\"primaryImageOfPage\":{\"@id\":\"https:\\\/\\\/redenoticiaz.com.br\\\/ribeiraopreto-regiao\\\/sp\\\/2022\\\/10\\\/20\\\/reviravolta-galvao-bueno-cancela-demissao-e-estende-contrato-com-a-globo#primaryimage\"},\"image\":{\"@id\":\"https:\\\/\\\/redenoticiaz.com.br\\\/ribeiraopreto-regiao\\\/sp\\\/2022\\\/10\\\/20\\\/reviravolta-galvao-bueno-cancela-demissao-e-estende-contrato-com-a-globo#primaryimage\"},\"thumbnailUrl\":\"https:\\\/\\\/redenoticiaz.com.br\\\/ribeiraopreto-regiao\\\/wp-content\\\/uploads\\\/sites\\\/4\\\/2022\\\/10\\\/Reviravolta-Galvao-Bueno-cancela-demissao-e-volta-a-assinar-com-a-Globo.jpg\",\"datePublished\":\"2022-10-20T20:43:21+00:00\",\"description\":\"Galv\u00e3o Bueno poder\u00e1 renovar contrato com a Rede Globo at\u00e9 o fim de 2024. Ambos haviam anunciado a Copa do Mundo do Catar como despedida\",\"inLanguage\":\"pt-BR\",\"potentialAction\":[{\"@type\":\"ReadAction\",\"target\":[\"https:\\\/\\\/redenoticiaz.com.br\\\/ribeiraopreto-regiao\\\/sp\\\/2022\\\/10\\\/20\\\/reviravolta-galvao-bueno-cancela-demissao-e-estende-contrato-com-a-globo\"]}]},{\"@type\":\"ImageObject\",\"inLanguage\":\"pt-BR\",\"@id\":\"https:\\\/\\\/redenoticiaz.com.br\\\/ribeiraopreto-regiao\\\/sp\\\/2022\\\/10\\\/20\\\/reviravolta-galvao-bueno-cancela-demissao-e-estende-contrato-com-a-globo#primaryimage\",\"url\":\"https:\\\/\\\/redenoticiaz.com.br\\\/ribeiraopreto-regiao\\\/wp-content\\\/uploads\\\/sites\\\/4\\\/2022\\\/10\\\/Reviravolta-Galvao-Bueno-cancela-demissao-e-volta-a-assinar-com-a-Globo.jpg\",\"contentUrl\":\"https:\\\/\\\/redenoticiaz.com.br\\\/ribeiraopreto-regiao\\\/wp-content\\\/uploads\\\/sites\\\/4\\\/2022\\\/10\\\/Reviravolta-Galvao-Bueno-cancela-demissao-e-volta-a-assinar-com-a-Globo.jpg\",\"width\":940,\"height\":788,\"caption\":\"Cr\u00e9dito: Reprodu\u00e7\u00e3o\"},{\"@type\":\"WebSite\",\"@id\":\"https:\\\/\\\/redenoticiaz.com.br\\\/ribeiraopreto-regiao\\\/#website\",\"url\":\"https:\\\/\\\/redenoticiaz.com.br\\\/ribeiraopreto-regiao\\\/\",\"name\":\"Ribeir\u00e3o Preto e Regi\u00e3o\",\"description\":\"Rede NoticiaZ - Ribeir\u00e3o Preto e regi\u00e3o\",\"publisher\":{\"@id\":\"https:\\\/\\\/redenoticiaz.com.br\\\/ribeiraopreto-regiao\\\/#organization\"},\"potentialAction\":[{\"@type\":\"SearchAction\",\"target\":{\"@type\":\"EntryPoint\",\"urlTemplate\":\"https:\\\/\\\/redenoticiaz.com.br\\\/ribeiraopreto-regiao\\\/?s={search_term_string}\"},\"query-input\":{\"@type\":\"PropertyValueSpecification\",\"valueRequired\":true,\"valueName\":\"search_term_string\"}}],\"inLanguage\":\"pt-BR\"},{\"@type\":\"Organization\",\"@id\":\"https:\\\/\\\/redenoticiaz.com.br\\\/ribeiraopreto-regiao\\\/#organization\",\"name\":\"Ribeir\u00e3o Preto e Regi\u00e3o\",\"url\":\"https:\\\/\\\/redenoticiaz.com.br\\\/ribeiraopreto-regiao\\\/\",\"logo\":{\"@type\":\"ImageObject\",\"inLanguage\":\"pt-BR\",\"@id\":\"https:\\\/\\\/redenoticiaz.com.br\\\/ribeiraopreto-regiao\\\/#\\\/schema\\\/logo\\\/image\\\/\",\"url\":\"https:\\\/\\\/redenoticiaz.com.br\\\/barretos-regiao\\\/wp-content\\\/uploads\\\/sites\\\/4\\\/2022\\\/02\\\/logo.jpg\",\"contentUrl\":\"https:\\\/\\\/redenoticiaz.com.br\\\/barretos-regiao\\\/wp-content\\\/uploads\\\/sites\\\/4\\\/2022\\\/02\\\/logo.jpg\",\"width\":400,\"height\":250,\"caption\":\"Ribeir\u00e3o Preto e Regi\u00e3o\"},\"image\":{\"@id\":\"https:\\\/\\\/redenoticiaz.com.br\\\/ribeiraopreto-regiao\\\/#\\\/schema\\\/logo\\\/image\\\/\"},\"sameAs\":[\"https:\\\/\\\/m.facebook.com\\\/redenoticiaz.barretos\",\"https:\\\/\\\/x.com\\\/RN_barretos\",\"https:\\\/\\\/www.instagram.com\\\/redenoticiaz.barretos\\\/?igshid=YmMyMTA2M2Y\",\"https:\\\/\\\/www.linkedin.com\\\/company\\\/rede-noticiaz-barretos-e-regio\\\/\"]},{\"@type\":\"Person\",\"@id\":\"\",\"url\":\"https:\\\/\\\/redenoticiaz.com.br\\\/ribeiraopreto-regiao\\\/sp\\\/author\"}]}<\/script>\n<!-- \/ Yoast SEO plugin. -->","yoast_head_json":{"title":"Reviravolta: Galv\u00e3o Bueno cancela demiss\u00e3o e estende contrato com a Globo - Ribeir\u00e3o Preto e Regi\u00e3o","description":"Galv\u00e3o Bueno poder\u00e1 renovar contrato com a Rede Globo at\u00e9 o fim de 2024. Ambos haviam anunciado a Copa do Mundo do Catar como despedida","robots":{"index":"index","follow":"follow","max-snippet":"max-snippet:-1","max-image-preview":"max-image-preview:large","max-video-preview":"max-video-preview:-1"},"canonical":"https:\/\/redenoticiaz.com.br\/ribeiraopreto-regiao\/sp\/2022\/10\/20\/reviravolta-galvao-bueno-cancela-demissao-e-estende-contrato-com-a-globo","og_locale":"pt_BR","og_type":"article","og_title":"Reviravolta: Galv\u00e3o Bueno cancela demiss\u00e3o e estende contrato com a Globo - Ribeir\u00e3o Preto e Regi\u00e3o","og_description":"Galv\u00e3o Bueno poder\u00e1 renovar contrato com a Rede Globo at\u00e9 o fim de 2024. Ambos haviam anunciado a Copa do Mundo do Catar como despedida","og_url":"https:\/\/redenoticiaz.com.br\/ribeiraopreto-regiao\/sp\/2022\/10\/20\/reviravolta-galvao-bueno-cancela-demissao-e-estende-contrato-com-a-globo","og_site_name":"Ribeir\u00e3o Preto e Regi\u00e3o","article_publisher":"https:\/\/m.facebook.com\/redenoticiaz.barretos","article_published_time":"2022-10-20T20:43:21+00:00","og_image":[{"width":940,"height":788,"url":"https:\/\/redenoticiaz.com.br\/ribeiraopreto-regiao\/wp-content\/uploads\/sites\/4\/2022\/10\/Reviravolta-Galvao-Bueno-cancela-demissao-e-volta-a-assinar-com-a-Globo.jpg","type":"image\/jpeg"}],"twitter_card":"summary_large_image","twitter_creator":"@RN_barretos","twitter_site":"@RN_barretos","twitter_misc":{"Escrito por":"","Est. tempo de leitura":"2 minutos"},"schema":{"@context":"https:\/\/schema.org","@graph":[{"@type":"Article","@id":"https:\/\/redenoticiaz.com.br\/ribeiraopreto-regiao\/sp\/2022\/10\/20\/reviravolta-galvao-bueno-cancela-demissao-e-estende-contrato-com-a-globo#article","isPartOf":{"@id":"https:\/\/redenoticiaz.com.br\/ribeiraopreto-regiao\/sp\/2022\/10\/20\/reviravolta-galvao-bueno-cancela-demissao-e-estende-contrato-com-a-globo"},"author":{"name":"","@id":""},"headline":"Reviravolta: Galv\u00e3o Bueno cancela demiss\u00e3o e estende contrato com a Globo","datePublished":"2022-10-20T20:43:21+00:00","mainEntityOfPage":{"@id":"https:\/\/redenoticiaz.com.br\/ribeiraopreto-regiao\/sp\/2022\/10\/20\/reviravolta-galvao-bueno-cancela-demissao-e-estende-contrato-com-a-globo"},"wordCount":246,"commentCount":0,"publisher":{"@id":"https:\/\/redenoticiaz.com.br\/ribeiraopreto-regiao\/#organization"},"image":{"@id":"https:\/\/redenoticiaz.com.br\/ribeiraopreto-regiao\/sp\/2022\/10\/20\/reviravolta-galvao-bueno-cancela-demissao-e-estende-contrato-com-a-globo#primaryimage"},"thumbnailUrl":"https:\/\/redenoticiaz.com.br\/ribeiraopreto-regiao\/wp-content\/uploads\/sites\/4\/2022\/10\/Reviravolta-Galvao-Bueno-cancela-demissao-e-volta-a-assinar-com-a-Globo.jpg","keywords":["CONTRATO","GALV\u00c3O BUENO","GLOBO","RENOVA\u00c7\u00c3O"],"articleSection":["Esporte"],"inLanguage":"pt-BR","potentialAction":[{"@type":"CommentAction","name":"Comment","target":["https:\/\/redenoticiaz.com.br\/ribeiraopreto-regiao\/sp\/2022\/10\/20\/reviravolta-galvao-bueno-cancela-demissao-e-estende-contrato-com-a-globo#respond"]}]},{"@type":"WebPage","@id":"https:\/\/redenoticiaz.com.br\/ribeiraopreto-regiao\/sp\/2022\/10\/20\/reviravolta-galvao-bueno-cancela-demissao-e-estende-contrato-com-a-globo","url":"https:\/\/redenoticiaz.com.br\/ribeiraopreto-regiao\/sp\/2022\/10\/20\/reviravolta-galvao-bueno-cancela-demissao-e-estende-contrato-com-a-globo","name":"Reviravolta: Galv\u00e3o Bueno cancela demiss\u00e3o e estende contrato com a Globo - Ribeir\u00e3o Preto e Regi\u00e3o","isPartOf":{"@id":"https:\/\/redenoticiaz.com.br\/ribeiraopreto-regiao\/#website"},"primaryImageOfPage":{"@id":"https:\/\/redenoticiaz.com.br\/ribeiraopreto-regiao\/sp\/2022\/10\/20\/reviravolta-galvao-bueno-cancela-demissao-e-estende-contrato-com-a-globo#primaryimage"},"image":{"@id":"https:\/\/redenoticiaz.com.br\/ribeiraopreto-regiao\/sp\/2022\/10\/20\/reviravolta-galvao-bueno-cancela-demissao-e-estende-contrato-com-a-globo#primaryimage"},"thumbnailUrl":"https:\/\/redenoticiaz.com.br\/ribeiraopreto-regiao\/wp-content\/uploads\/sites\/4\/2022\/10\/Reviravolta-Galvao-Bueno-cancela-demissao-e-volta-a-assinar-com-a-Globo.jpg","datePublished":"2022-10-20T20:43:21+00:00","description":"Galv\u00e3o Bueno poder\u00e1 renovar contrato com a Rede Globo at\u00e9 o fim de 2024. Ambos haviam anunciado a Copa do Mundo do Catar como despedida","inLanguage":"pt-BR","potentialAction":[{"@type":"ReadAction","target":["https:\/\/redenoticiaz.com.br\/ribeiraopreto-regiao\/sp\/2022\/10\/20\/reviravolta-galvao-bueno-cancela-demissao-e-estende-contrato-com-a-globo"]}]},{"@type":"ImageObject","inLanguage":"pt-BR","@id":"https:\/\/redenoticiaz.com.br\/ribeiraopreto-regiao\/sp\/2022\/10\/20\/reviravolta-galvao-bueno-cancela-demissao-e-estende-contrato-com-a-globo#primaryimage","url":"https:\/\/redenoticiaz.com.br\/ribeiraopreto-regiao\/wp-content\/uploads\/sites\/4\/2022\/10\/Reviravolta-Galvao-Bueno-cancela-demissao-e-volta-a-assinar-com-a-Globo.jpg","contentUrl":"https:\/\/redenoticiaz.com.br\/ribeiraopreto-regiao\/wp-content\/uploads\/sites\/4\/2022\/10\/Reviravolta-Galvao-Bueno-cancela-demissao-e-volta-a-assinar-com-a-Globo.jpg","width":940,"height":788,"caption":"Cr\u00e9dito: Reprodu\u00e7\u00e3o"},{"@type":"WebSite","@id":"https:\/\/redenoticiaz.com.br\/ribeiraopreto-regiao\/#website","url":"https:\/\/redenoticiaz.com.br\/ribeiraopreto-regiao\/","name":"Ribeir\u00e3o Preto e Regi\u00e3o","description":"Rede NoticiaZ - Ribeir\u00e3o Preto e regi\u00e3o","publisher":{"@id":"https:\/\/redenoticiaz.com.br\/ribeiraopreto-regiao\/#organization"},"potentialAction":[{"@type":"SearchAction","target":{"@type":"EntryPoint","urlTemplate":"https:\/\/redenoticiaz.com.br\/ribeiraopreto-regiao\/?s={search_term_string}"},"query-input":{"@type":"PropertyValueSpecification","valueRequired":true,"valueName":"search_term_string"}}],"inLanguage":"pt-BR"},{"@type":"Organization","@id":"https:\/\/redenoticiaz.com.br\/ribeiraopreto-regiao\/#organization","name":"Ribeir\u00e3o Preto e Regi\u00e3o","url":"https:\/\/redenoticiaz.com.br\/ribeiraopreto-regiao\/","logo":{"@type":"ImageObject","inLanguage":"pt-BR","@id":"https:\/\/redenoticiaz.com.br\/ribeiraopreto-regiao\/#\/schema\/logo\/image\/","url":"https:\/\/redenoticiaz.com.br\/barretos-regiao\/wp-content\/uploads\/sites\/4\/2022\/02\/logo.jpg","contentUrl":"https:\/\/redenoticiaz.com.br\/barretos-regiao\/wp-content\/uploads\/sites\/4\/2022\/02\/logo.jpg","width":400,"height":250,"caption":"Ribeir\u00e3o Preto e Regi\u00e3o"},"image":{"@id":"https:\/\/redenoticiaz.com.br\/ribeiraopreto-regiao\/#\/schema\/logo\/image\/"},"sameAs":["https:\/\/m.facebook.com\/redenoticiaz.barretos","https:\/\/x.com\/RN_barretos","https:\/\/www.instagram.com\/redenoticiaz.barretos\/?igshid=YmMyMTA2M2Y","https:\/\/www.linkedin.com\/company\/rede-noticiaz-barretos-e-regio\/"]},{"@type":"Person","@id":"","url":"https:\/\/redenoticiaz.com.br\/ribeiraopreto-regiao\/sp\/author"}]}},"_links":{"self":[{"href":"https:\/\/redenoticiaz.com.br\/ribeiraopreto-regiao\/wp-json\/wp\/v2\/posts\/93708","targetHints":{"allow":["GET"]}}],"collection":[{"href":"https:\/\/redenoticiaz.com.br\/ribeiraopreto-regiao\/wp-json\/wp\/v2\/posts"}],"about":[{"href":"https:\/\/redenoticiaz.com.br\/ribeiraopreto-regiao\/wp-json\/wp\/v2\/types\/post"}],"author":[{"embeddable":true,"href":"https:\/\/redenoticiaz.com.br\/ribeiraopreto-regiao\/wp-json\/wp\/v2\/users\/15"}],"replies":[{"embeddable":true,"href":"https:\/\/redenoticiaz.com.br\/ribeiraopreto-regiao\/wp-json\/wp\/v2\/comments?post=93708"}],"version-history":[{"count":0,"href":"https:\/\/redenoticiaz.com.br\/ribeiraopreto-regiao\/wp-json\/wp\/v2\/posts\/93708\/revisions"}],"wp:featuredmedia":[{"embeddable":true,"href":"https:\/\/redenoticiaz.com.br\/ribeiraopreto-regiao\/wp-json\/wp\/v2\/media\/93709"}],"wp:attachment":[{"href":"https:\/\/redenoticiaz.com.br\/ribeiraopreto-regiao\/wp-json\/wp\/v2\/media?parent=93708"}],"wp:term":[{"taxonomy":"category","embeddable":true,"href":"https:\/\/redenoticiaz.com.br\/ribeiraopreto-regiao\/wp-json\/wp\/v2\/categories?post=93708"},{"taxonomy":"post_tag","embeddable":true,"href":"https:\/\/redenoticiaz.com.br\/ribeiraopreto-regiao\/wp-json\/wp\/v2\/tags?post=93708"}],"curies":[{"name":"wp","href":"https:\/\/api.w.org\/{rel}","templated":true}]}}