{"id":93732,"date":"2022-10-21T14:01:39","date_gmt":"2022-10-21T17:01:39","guid":{"rendered":"https:\/\/redenoticiaz.com.br\/barretos-regiao\/?p=93732"},"modified":"2022-10-21T14:01:39","modified_gmt":"2022-10-21T17:01:39","slug":"cultura-no-coreto-traz-apresentacao-gratuita-de-samba-choro-e-bossa-nova","status":"publish","type":"post","link":"https:\/\/redenoticiaz.com.br\/ribeiraopreto-regiao\/sp\/2022\/10\/21\/cultura-no-coreto-traz-apresentacao-gratuita-de-samba-choro-e-bossa-nova","title":{"rendered":"&#8216;Cultura no Coreto&#8217; traz apresenta\u00e7\u00e3o gratuita de Samba, Choro e Bossa Nova"},"content":{"rendered":"<p class=\"v1gmail-MsoBodyText\"><span style=\"font-family: arial, sans-serif\">Promovendo cultura e lazer gratuitos para a popula\u00e7\u00e3o e turistas, a Prefeitura da Est\u00e2ncia Tur\u00edstica de Ol\u00edmpia, por meio da secretaria de Turismo e Cultura, traz para a edi\u00e7\u00e3o de outubro do projeto &#8220;Cultura no Coreto&#8221; a apresenta\u00e7\u00e3o do espet\u00e1culo &#8220;Chorinho na Cidade&#8221; com o grupo Escorregando.<\/span><\/p>\n<p class=\"v1gmail-MsoBodyText\"><span style=\"font-family: arial, sans-serif\">Aberto \u00e0 popula\u00e7\u00e3o, o show traz uma mistura de samba, choro e bossa nova que promete agitar o p\u00fablico na Pra\u00e7a Rui Barbosa, na sexta-feira da pr\u00f3xima semana, dia 28 de outubro, a partir das 20h30.<\/span><\/p>\n<p class=\"v1gmail-MsoBodyText\"><span style=\"font-family: arial, sans-serif\">No ritmo do samba e dos chorinhos, o grupo Barretense &#8220;Escorregando&#8221; desenvolve, desde 2013, junto \u00e0 secretaria municipal de Cultura, apresenta\u00e7\u00f5es em museus, coretos e pra\u00e7as. Sempre em locais ao ar livre por v\u00e1rias regi\u00f5es da cidade, levam um repert\u00f3rio cl\u00e1ssico e saudosista, mostrando que &#8220;o choro e o samba&#8221; s\u00e3o para todas as pessoas. Tido como um dos ritmos mais complexos da m\u00fasica brasileira, o choro encanta e desafia m\u00fasicos h\u00e1 mais de um s\u00e9culo.<\/span><\/p>\n<p class=\"v1gmail-MsoBodyText\"><span style=\"font-family: arial, sans-serif\">Em 2014, o grupo Escorregando participou da Virada Cultural Paulista e, de l\u00e1 para c\u00e1, segue uma caminhada musical por todo Brasil. O show promete encantar o p\u00fablico com sucessos como &#8220;Carinhoso&#8221; de Pixinguinha, &#8220;Corta Jaca&#8221; de Chiquinha Gonzaga, &#8220;Espinha de Bacalhau&#8221; de Severino Ara\u00fajo e Fausto Nilo, &#8220;Brasileirinho&#8221; de Waldir Azevedo, &#8220;E o mundo n\u00e3o se acabou&#8221; de Assis Valente e Carmem Miranda e muitos outros.\u00a0<\/span><\/p>\n<div>VEJA TAMB\u00c9M:\u00a0<a href=\"https:\/\/redenoticiaz.com.br\/barretos-regiao\/sp\/2022\/10\/21\/apos-seis-anos-barretos-volta-a-realizar-os-jogos-da-primavera\">Ap\u00f3s seis anos, Barretos volta a realizar os Jogos da Primavera<\/a><\/div>\n","protected":false},"excerpt":{"rendered":"<p>Promovendo cultura e lazer gratuitos para a popula\u00e7\u00e3o e turistas, a Prefeitura da Est\u00e2ncia Tur\u00edstica de Ol\u00edmpia, por meio da secretaria de Turismo e Cultura, traz para a edi\u00e7\u00e3o de outubro do projeto &#8220;Cultura no Coreto&#8221; a apresenta\u00e7\u00e3o do espet\u00e1culo &#8220;Chorinho na Cidade&#8221; com o grupo Escorregando. Aberto \u00e0 popula\u00e7\u00e3o, o show traz uma mistura &hellip;<\/p>\n","protected":false},"author":15,"featured_media":93733,"comment_status":"open","ping_status":"closed","sticky":false,"template":"","format":"standard","meta":{"footnotes":""},"categories":[815],"tags":[21345,21344,11557,21343,21346],"class_list":["post-93732","post","type-post","status-publish","format-standard","has-post-thumbnail","hentry","category-cultura-e-musica","tag-bossa-nova","tag-choro","tag-cultura-no-coreto","tag-graduacao","tag-samba"],"yoast_head":"<!-- This site is optimized with the Yoast SEO plugin v27.4 - https:\/\/yoast.com\/product\/yoast-seo-wordpress\/ -->\n<title>&#8216;Cultura no Coreto&#8217; traz apresenta\u00e7\u00e3o gratuita de Samba, Choro e Bossa Nova - Ribeir\u00e3o Preto e Regi\u00e3o<\/title>\n<meta name=\"description\" content=\"Ol\u00edmpia, por meio da secretaria de Turismo e Cultura, traz para a edi\u00e7\u00e3o de outubro do projeto &quot;Cultura no Coreto&quot;.\" \/>\n<meta name=\"robots\" content=\"index, follow, max-snippet:-1, max-image-preview:large, max-video-preview:-1\" \/>\n<link rel=\"canonical\" href=\"https:\/\/redenoticiaz.com.br\/ribeiraopreto-regiao\/sp\/2022\/10\/21\/cultura-no-coreto-traz-apresentacao-gratuita-de-samba-choro-e-bossa-nova\" \/>\n<meta property=\"og:locale\" content=\"pt_BR\" \/>\n<meta property=\"og:type\" content=\"article\" \/>\n<meta property=\"og:title\" content=\"&#8216;Cultura no Coreto&#8217; traz apresenta\u00e7\u00e3o gratuita de Samba, Choro e Bossa Nova - Ribeir\u00e3o Preto e Regi\u00e3o\" \/>\n<meta property=\"og:description\" content=\"Ol\u00edmpia, por meio da secretaria de Turismo e Cultura, traz para a edi\u00e7\u00e3o de outubro do projeto &quot;Cultura no Coreto&quot;.\" \/>\n<meta property=\"og:url\" content=\"https:\/\/redenoticiaz.com.br\/ribeiraopreto-regiao\/sp\/2022\/10\/21\/cultura-no-coreto-traz-apresentacao-gratuita-de-samba-choro-e-bossa-nova\" \/>\n<meta property=\"og:site_name\" content=\"Ribeir\u00e3o Preto e Regi\u00e3o\" \/>\n<meta property=\"article:publisher\" content=\"https:\/\/m.facebook.com\/redenoticiaz.barretos\" \/>\n<meta property=\"article:published_time\" content=\"2022-10-21T17:01:39+00:00\" \/>\n<meta property=\"og:image\" content=\"https:\/\/redenoticiaz.com.br\/ribeiraopreto-regiao\/wp-content\/uploads\/sites\/4\/2022\/10\/Cultura-no-Coreto-Arquivo-scaled.jpg\" \/>\n\t<meta property=\"og:image:width\" content=\"1594\" \/>\n\t<meta property=\"og:image:height\" content=\"1080\" \/>\n\t<meta property=\"og:image:type\" content=\"image\/jpeg\" \/>\n<meta name=\"twitter:card\" content=\"summary_large_image\" \/>\n<meta name=\"twitter:creator\" content=\"@RN_barretos\" \/>\n<meta name=\"twitter:site\" content=\"@RN_barretos\" \/>\n<meta name=\"twitter:label1\" content=\"Escrito por\" \/>\n\t<meta name=\"twitter:data1\" content=\"\" \/>\n\t<meta name=\"twitter:label2\" content=\"Est. tempo de leitura\" \/>\n\t<meta name=\"twitter:data2\" content=\"2 minutos\" \/>\n<script type=\"application\/ld+json\" class=\"yoast-schema-graph\">{\"@context\":\"https:\\\/\\\/schema.org\",\"@graph\":[{\"@type\":\"Article\",\"@id\":\"https:\\\/\\\/redenoticiaz.com.br\\\/ribeiraopreto-regiao\\\/sp\\\/2022\\\/10\\\/21\\\/cultura-no-coreto-traz-apresentacao-gratuita-de-samba-choro-e-bossa-nova#article\",\"isPartOf\":{\"@id\":\"https:\\\/\\\/redenoticiaz.com.br\\\/ribeiraopreto-regiao\\\/sp\\\/2022\\\/10\\\/21\\\/cultura-no-coreto-traz-apresentacao-gratuita-de-samba-choro-e-bossa-nova\"},\"author\":{\"name\":\"\",\"@id\":\"\"},\"headline\":\"&#8216;Cultura no Coreto&#8217; traz apresenta\u00e7\u00e3o gratuita de Samba, Choro e Bossa Nova\",\"datePublished\":\"2022-10-21T17:01:39+00:00\",\"mainEntityOfPage\":{\"@id\":\"https:\\\/\\\/redenoticiaz.com.br\\\/ribeiraopreto-regiao\\\/sp\\\/2022\\\/10\\\/21\\\/cultura-no-coreto-traz-apresentacao-gratuita-de-samba-choro-e-bossa-nova\"},\"wordCount\":273,\"commentCount\":0,\"publisher\":{\"@id\":\"https:\\\/\\\/redenoticiaz.com.br\\\/ribeiraopreto-regiao\\\/#organization\"},\"image\":{\"@id\":\"https:\\\/\\\/redenoticiaz.com.br\\\/ribeiraopreto-regiao\\\/sp\\\/2022\\\/10\\\/21\\\/cultura-no-coreto-traz-apresentacao-gratuita-de-samba-choro-e-bossa-nova#primaryimage\"},\"thumbnailUrl\":\"https:\\\/\\\/redenoticiaz.com.br\\\/ribeiraopreto-regiao\\\/wp-content\\\/uploads\\\/sites\\\/4\\\/2022\\\/10\\\/Cultura-no-Coreto-Arquivo-scaled.jpg\",\"keywords\":[\"BOSSA NOVA\",\"CHORO\",\"CULTURA NO CORETO\",\"gradua\u00e7\u00e3o\",\"SAMBA\"],\"articleSection\":[\"Cultura e M\u00fasica\"],\"inLanguage\":\"pt-BR\",\"potentialAction\":[{\"@type\":\"CommentAction\",\"name\":\"Comment\",\"target\":[\"https:\\\/\\\/redenoticiaz.com.br\\\/ribeiraopreto-regiao\\\/sp\\\/2022\\\/10\\\/21\\\/cultura-no-coreto-traz-apresentacao-gratuita-de-samba-choro-e-bossa-nova#respond\"]}]},{\"@type\":\"WebPage\",\"@id\":\"https:\\\/\\\/redenoticiaz.com.br\\\/ribeiraopreto-regiao\\\/sp\\\/2022\\\/10\\\/21\\\/cultura-no-coreto-traz-apresentacao-gratuita-de-samba-choro-e-bossa-nova\",\"url\":\"https:\\\/\\\/redenoticiaz.com.br\\\/ribeiraopreto-regiao\\\/sp\\\/2022\\\/10\\\/21\\\/cultura-no-coreto-traz-apresentacao-gratuita-de-samba-choro-e-bossa-nova\",\"name\":\"&#8216;Cultura no Coreto&#8217; traz apresenta\u00e7\u00e3o gratuita de Samba, Choro e Bossa Nova - Ribeir\u00e3o Preto e Regi\u00e3o\",\"isPartOf\":{\"@id\":\"https:\\\/\\\/redenoticiaz.com.br\\\/ribeiraopreto-regiao\\\/#website\"},\"primaryImageOfPage\":{\"@id\":\"https:\\\/\\\/redenoticiaz.com.br\\\/ribeiraopreto-regiao\\\/sp\\\/2022\\\/10\\\/21\\\/cultura-no-coreto-traz-apresentacao-gratuita-de-samba-choro-e-bossa-nova#primaryimage\"},\"image\":{\"@id\":\"https:\\\/\\\/redenoticiaz.com.br\\\/ribeiraopreto-regiao\\\/sp\\\/2022\\\/10\\\/21\\\/cultura-no-coreto-traz-apresentacao-gratuita-de-samba-choro-e-bossa-nova#primaryimage\"},\"thumbnailUrl\":\"https:\\\/\\\/redenoticiaz.com.br\\\/ribeiraopreto-regiao\\\/wp-content\\\/uploads\\\/sites\\\/4\\\/2022\\\/10\\\/Cultura-no-Coreto-Arquivo-scaled.jpg\",\"datePublished\":\"2022-10-21T17:01:39+00:00\",\"description\":\"Ol\u00edmpia, por meio da secretaria de Turismo e Cultura, traz para a edi\u00e7\u00e3o de outubro do projeto \\\"Cultura no Coreto\\\".\",\"inLanguage\":\"pt-BR\",\"potentialAction\":[{\"@type\":\"ReadAction\",\"target\":[\"https:\\\/\\\/redenoticiaz.com.br\\\/ribeiraopreto-regiao\\\/sp\\\/2022\\\/10\\\/21\\\/cultura-no-coreto-traz-apresentacao-gratuita-de-samba-choro-e-bossa-nova\"]}]},{\"@type\":\"ImageObject\",\"inLanguage\":\"pt-BR\",\"@id\":\"https:\\\/\\\/redenoticiaz.com.br\\\/ribeiraopreto-regiao\\\/sp\\\/2022\\\/10\\\/21\\\/cultura-no-coreto-traz-apresentacao-gratuita-de-samba-choro-e-bossa-nova#primaryimage\",\"url\":\"https:\\\/\\\/redenoticiaz.com.br\\\/ribeiraopreto-regiao\\\/wp-content\\\/uploads\\\/sites\\\/4\\\/2022\\\/10\\\/Cultura-no-Coreto-Arquivo-scaled.jpg\",\"contentUrl\":\"https:\\\/\\\/redenoticiaz.com.br\\\/ribeiraopreto-regiao\\\/wp-content\\\/uploads\\\/sites\\\/4\\\/2022\\\/10\\\/Cultura-no-Coreto-Arquivo-scaled.jpg\",\"width\":1594,\"height\":1080,\"caption\":\"Cr\u00e9dito: Divulga\u00e7\u00e3o\"},{\"@type\":\"WebSite\",\"@id\":\"https:\\\/\\\/redenoticiaz.com.br\\\/ribeiraopreto-regiao\\\/#website\",\"url\":\"https:\\\/\\\/redenoticiaz.com.br\\\/ribeiraopreto-regiao\\\/\",\"name\":\"Ribeir\u00e3o Preto e Regi\u00e3o\",\"description\":\"Rede NoticiaZ - Ribeir\u00e3o Preto e regi\u00e3o\",\"publisher\":{\"@id\":\"https:\\\/\\\/redenoticiaz.com.br\\\/ribeiraopreto-regiao\\\/#organization\"},\"potentialAction\":[{\"@type\":\"SearchAction\",\"target\":{\"@type\":\"EntryPoint\",\"urlTemplate\":\"https:\\\/\\\/redenoticiaz.com.br\\\/ribeiraopreto-regiao\\\/?s={search_term_string}\"},\"query-input\":{\"@type\":\"PropertyValueSpecification\",\"valueRequired\":true,\"valueName\":\"search_term_string\"}}],\"inLanguage\":\"pt-BR\"},{\"@type\":\"Organization\",\"@id\":\"https:\\\/\\\/redenoticiaz.com.br\\\/ribeiraopreto-regiao\\\/#organization\",\"name\":\"Ribeir\u00e3o Preto e Regi\u00e3o\",\"url\":\"https:\\\/\\\/redenoticiaz.com.br\\\/ribeiraopreto-regiao\\\/\",\"logo\":{\"@type\":\"ImageObject\",\"inLanguage\":\"pt-BR\",\"@id\":\"https:\\\/\\\/redenoticiaz.com.br\\\/ribeiraopreto-regiao\\\/#\\\/schema\\\/logo\\\/image\\\/\",\"url\":\"https:\\\/\\\/redenoticiaz.com.br\\\/barretos-regiao\\\/wp-content\\\/uploads\\\/sites\\\/4\\\/2022\\\/02\\\/logo.jpg\",\"contentUrl\":\"https:\\\/\\\/redenoticiaz.com.br\\\/barretos-regiao\\\/wp-content\\\/uploads\\\/sites\\\/4\\\/2022\\\/02\\\/logo.jpg\",\"width\":400,\"height\":250,\"caption\":\"Ribeir\u00e3o Preto e Regi\u00e3o\"},\"image\":{\"@id\":\"https:\\\/\\\/redenoticiaz.com.br\\\/ribeiraopreto-regiao\\\/#\\\/schema\\\/logo\\\/image\\\/\"},\"sameAs\":[\"https:\\\/\\\/m.facebook.com\\\/redenoticiaz.barretos\",\"https:\\\/\\\/x.com\\\/RN_barretos\",\"https:\\\/\\\/www.instagram.com\\\/redenoticiaz.barretos\\\/?igshid=YmMyMTA2M2Y\",\"https:\\\/\\\/www.linkedin.com\\\/company\\\/rede-noticiaz-barretos-e-regio\\\/\"]},{\"@type\":\"Person\",\"@id\":\"\",\"url\":\"https:\\\/\\\/redenoticiaz.com.br\\\/ribeiraopreto-regiao\\\/sp\\\/author\"}]}<\/script>\n<!-- \/ Yoast SEO plugin. -->","yoast_head_json":{"title":"&#8216;Cultura no Coreto&#8217; traz apresenta\u00e7\u00e3o gratuita de Samba, Choro e Bossa Nova - Ribeir\u00e3o Preto e Regi\u00e3o","description":"Ol\u00edmpia, por meio da secretaria de Turismo e Cultura, traz para a edi\u00e7\u00e3o de outubro do projeto \"Cultura no Coreto\".","robots":{"index":"index","follow":"follow","max-snippet":"max-snippet:-1","max-image-preview":"max-image-preview:large","max-video-preview":"max-video-preview:-1"},"canonical":"https:\/\/redenoticiaz.com.br\/ribeiraopreto-regiao\/sp\/2022\/10\/21\/cultura-no-coreto-traz-apresentacao-gratuita-de-samba-choro-e-bossa-nova","og_locale":"pt_BR","og_type":"article","og_title":"&#8216;Cultura no Coreto&#8217; traz apresenta\u00e7\u00e3o gratuita de Samba, Choro e Bossa Nova - Ribeir\u00e3o Preto e Regi\u00e3o","og_description":"Ol\u00edmpia, por meio da secretaria de Turismo e Cultura, traz para a edi\u00e7\u00e3o de outubro do projeto \"Cultura no Coreto\".","og_url":"https:\/\/redenoticiaz.com.br\/ribeiraopreto-regiao\/sp\/2022\/10\/21\/cultura-no-coreto-traz-apresentacao-gratuita-de-samba-choro-e-bossa-nova","og_site_name":"Ribeir\u00e3o Preto e Regi\u00e3o","article_publisher":"https:\/\/m.facebook.com\/redenoticiaz.barretos","article_published_time":"2022-10-21T17:01:39+00:00","og_image":[{"width":1594,"height":1080,"url":"https:\/\/redenoticiaz.com.br\/ribeiraopreto-regiao\/wp-content\/uploads\/sites\/4\/2022\/10\/Cultura-no-Coreto-Arquivo-scaled.jpg","type":"image\/jpeg"}],"twitter_card":"summary_large_image","twitter_creator":"@RN_barretos","twitter_site":"@RN_barretos","twitter_misc":{"Escrito por":"","Est. tempo de leitura":"2 minutos"},"schema":{"@context":"https:\/\/schema.org","@graph":[{"@type":"Article","@id":"https:\/\/redenoticiaz.com.br\/ribeiraopreto-regiao\/sp\/2022\/10\/21\/cultura-no-coreto-traz-apresentacao-gratuita-de-samba-choro-e-bossa-nova#article","isPartOf":{"@id":"https:\/\/redenoticiaz.com.br\/ribeiraopreto-regiao\/sp\/2022\/10\/21\/cultura-no-coreto-traz-apresentacao-gratuita-de-samba-choro-e-bossa-nova"},"author":{"name":"","@id":""},"headline":"&#8216;Cultura no Coreto&#8217; traz apresenta\u00e7\u00e3o gratuita de Samba, Choro e Bossa Nova","datePublished":"2022-10-21T17:01:39+00:00","mainEntityOfPage":{"@id":"https:\/\/redenoticiaz.com.br\/ribeiraopreto-regiao\/sp\/2022\/10\/21\/cultura-no-coreto-traz-apresentacao-gratuita-de-samba-choro-e-bossa-nova"},"wordCount":273,"commentCount":0,"publisher":{"@id":"https:\/\/redenoticiaz.com.br\/ribeiraopreto-regiao\/#organization"},"image":{"@id":"https:\/\/redenoticiaz.com.br\/ribeiraopreto-regiao\/sp\/2022\/10\/21\/cultura-no-coreto-traz-apresentacao-gratuita-de-samba-choro-e-bossa-nova#primaryimage"},"thumbnailUrl":"https:\/\/redenoticiaz.com.br\/ribeiraopreto-regiao\/wp-content\/uploads\/sites\/4\/2022\/10\/Cultura-no-Coreto-Arquivo-scaled.jpg","keywords":["BOSSA NOVA","CHORO","CULTURA NO CORETO","gradua\u00e7\u00e3o","SAMBA"],"articleSection":["Cultura e M\u00fasica"],"inLanguage":"pt-BR","potentialAction":[{"@type":"CommentAction","name":"Comment","target":["https:\/\/redenoticiaz.com.br\/ribeiraopreto-regiao\/sp\/2022\/10\/21\/cultura-no-coreto-traz-apresentacao-gratuita-de-samba-choro-e-bossa-nova#respond"]}]},{"@type":"WebPage","@id":"https:\/\/redenoticiaz.com.br\/ribeiraopreto-regiao\/sp\/2022\/10\/21\/cultura-no-coreto-traz-apresentacao-gratuita-de-samba-choro-e-bossa-nova","url":"https:\/\/redenoticiaz.com.br\/ribeiraopreto-regiao\/sp\/2022\/10\/21\/cultura-no-coreto-traz-apresentacao-gratuita-de-samba-choro-e-bossa-nova","name":"&#8216;Cultura no Coreto&#8217; traz apresenta\u00e7\u00e3o gratuita de Samba, Choro e Bossa Nova - Ribeir\u00e3o Preto e Regi\u00e3o","isPartOf":{"@id":"https:\/\/redenoticiaz.com.br\/ribeiraopreto-regiao\/#website"},"primaryImageOfPage":{"@id":"https:\/\/redenoticiaz.com.br\/ribeiraopreto-regiao\/sp\/2022\/10\/21\/cultura-no-coreto-traz-apresentacao-gratuita-de-samba-choro-e-bossa-nova#primaryimage"},"image":{"@id":"https:\/\/redenoticiaz.com.br\/ribeiraopreto-regiao\/sp\/2022\/10\/21\/cultura-no-coreto-traz-apresentacao-gratuita-de-samba-choro-e-bossa-nova#primaryimage"},"thumbnailUrl":"https:\/\/redenoticiaz.com.br\/ribeiraopreto-regiao\/wp-content\/uploads\/sites\/4\/2022\/10\/Cultura-no-Coreto-Arquivo-scaled.jpg","datePublished":"2022-10-21T17:01:39+00:00","description":"Ol\u00edmpia, por meio da secretaria de Turismo e Cultura, traz para a edi\u00e7\u00e3o de outubro do projeto \"Cultura no Coreto\".","inLanguage":"pt-BR","potentialAction":[{"@type":"ReadAction","target":["https:\/\/redenoticiaz.com.br\/ribeiraopreto-regiao\/sp\/2022\/10\/21\/cultura-no-coreto-traz-apresentacao-gratuita-de-samba-choro-e-bossa-nova"]}]},{"@type":"ImageObject","inLanguage":"pt-BR","@id":"https:\/\/redenoticiaz.com.br\/ribeiraopreto-regiao\/sp\/2022\/10\/21\/cultura-no-coreto-traz-apresentacao-gratuita-de-samba-choro-e-bossa-nova#primaryimage","url":"https:\/\/redenoticiaz.com.br\/ribeiraopreto-regiao\/wp-content\/uploads\/sites\/4\/2022\/10\/Cultura-no-Coreto-Arquivo-scaled.jpg","contentUrl":"https:\/\/redenoticiaz.com.br\/ribeiraopreto-regiao\/wp-content\/uploads\/sites\/4\/2022\/10\/Cultura-no-Coreto-Arquivo-scaled.jpg","width":1594,"height":1080,"caption":"Cr\u00e9dito: Divulga\u00e7\u00e3o"},{"@type":"WebSite","@id":"https:\/\/redenoticiaz.com.br\/ribeiraopreto-regiao\/#website","url":"https:\/\/redenoticiaz.com.br\/ribeiraopreto-regiao\/","name":"Ribeir\u00e3o Preto e Regi\u00e3o","description":"Rede NoticiaZ - Ribeir\u00e3o Preto e regi\u00e3o","publisher":{"@id":"https:\/\/redenoticiaz.com.br\/ribeiraopreto-regiao\/#organization"},"potentialAction":[{"@type":"SearchAction","target":{"@type":"EntryPoint","urlTemplate":"https:\/\/redenoticiaz.com.br\/ribeiraopreto-regiao\/?s={search_term_string}"},"query-input":{"@type":"PropertyValueSpecification","valueRequired":true,"valueName":"search_term_string"}}],"inLanguage":"pt-BR"},{"@type":"Organization","@id":"https:\/\/redenoticiaz.com.br\/ribeiraopreto-regiao\/#organization","name":"Ribeir\u00e3o Preto e Regi\u00e3o","url":"https:\/\/redenoticiaz.com.br\/ribeiraopreto-regiao\/","logo":{"@type":"ImageObject","inLanguage":"pt-BR","@id":"https:\/\/redenoticiaz.com.br\/ribeiraopreto-regiao\/#\/schema\/logo\/image\/","url":"https:\/\/redenoticiaz.com.br\/barretos-regiao\/wp-content\/uploads\/sites\/4\/2022\/02\/logo.jpg","contentUrl":"https:\/\/redenoticiaz.com.br\/barretos-regiao\/wp-content\/uploads\/sites\/4\/2022\/02\/logo.jpg","width":400,"height":250,"caption":"Ribeir\u00e3o Preto e Regi\u00e3o"},"image":{"@id":"https:\/\/redenoticiaz.com.br\/ribeiraopreto-regiao\/#\/schema\/logo\/image\/"},"sameAs":["https:\/\/m.facebook.com\/redenoticiaz.barretos","https:\/\/x.com\/RN_barretos","https:\/\/www.instagram.com\/redenoticiaz.barretos\/?igshid=YmMyMTA2M2Y","https:\/\/www.linkedin.com\/company\/rede-noticiaz-barretos-e-regio\/"]},{"@type":"Person","@id":"","url":"https:\/\/redenoticiaz.com.br\/ribeiraopreto-regiao\/sp\/author"}]}},"_links":{"self":[{"href":"https:\/\/redenoticiaz.com.br\/ribeiraopreto-regiao\/wp-json\/wp\/v2\/posts\/93732","targetHints":{"allow":["GET"]}}],"collection":[{"href":"https:\/\/redenoticiaz.com.br\/ribeiraopreto-regiao\/wp-json\/wp\/v2\/posts"}],"about":[{"href":"https:\/\/redenoticiaz.com.br\/ribeiraopreto-regiao\/wp-json\/wp\/v2\/types\/post"}],"author":[{"embeddable":true,"href":"https:\/\/redenoticiaz.com.br\/ribeiraopreto-regiao\/wp-json\/wp\/v2\/users\/15"}],"replies":[{"embeddable":true,"href":"https:\/\/redenoticiaz.com.br\/ribeiraopreto-regiao\/wp-json\/wp\/v2\/comments?post=93732"}],"version-history":[{"count":1,"href":"https:\/\/redenoticiaz.com.br\/ribeiraopreto-regiao\/wp-json\/wp\/v2\/posts\/93732\/revisions"}],"predecessor-version":[{"id":93734,"href":"https:\/\/redenoticiaz.com.br\/ribeiraopreto-regiao\/wp-json\/wp\/v2\/posts\/93732\/revisions\/93734"}],"wp:featuredmedia":[{"embeddable":true,"href":"https:\/\/redenoticiaz.com.br\/ribeiraopreto-regiao\/wp-json\/wp\/v2\/media\/93733"}],"wp:attachment":[{"href":"https:\/\/redenoticiaz.com.br\/ribeiraopreto-regiao\/wp-json\/wp\/v2\/media?parent=93732"}],"wp:term":[{"taxonomy":"category","embeddable":true,"href":"https:\/\/redenoticiaz.com.br\/ribeiraopreto-regiao\/wp-json\/wp\/v2\/categories?post=93732"},{"taxonomy":"post_tag","embeddable":true,"href":"https:\/\/redenoticiaz.com.br\/ribeiraopreto-regiao\/wp-json\/wp\/v2\/tags?post=93732"}],"curies":[{"name":"wp","href":"https:\/\/api.w.org\/{rel}","templated":true}]}}