{"id":93842,"date":"2022-10-24T13:28:08","date_gmt":"2022-10-24T16:28:08","guid":{"rendered":"https:\/\/redenoticiaz.com.br\/barretos-regiao\/?p=93842"},"modified":"2022-10-24T13:29:16","modified_gmt":"2022-10-24T16:29:16","slug":"prefeitura-regulamenta-piso-do-magisterio-e-propoe-reajuste-salarial-dos-professores-com-ensino-superiorensino-superior","status":"publish","type":"post","link":"https:\/\/redenoticiaz.com.br\/ribeiraopreto-regiao\/sp\/2022\/10\/24\/prefeitura-regulamenta-piso-do-magisterio-e-propoe-reajuste-salarial-dos-professores-com-ensino-superiorensino-superior","title":{"rendered":"Prefeitura regulamenta piso do magist\u00e9rio e prop\u00f5e reajuste salarial dos professores com ensino superiorENSINO SUPERIOR"},"content":{"rendered":"<p class=\"v1MsoNormal\"><span style=\"font-family: arial, sans-serif\">Os profissionais da Educa\u00e7\u00e3o da rede municipal de ensino da Est\u00e2ncia Tur\u00edstica de Ol\u00edmpia ser\u00e3o contemplados com reajuste na remunera\u00e7\u00e3o mensal. A proposta foi encaminhada pelo prefeito Fernando Cunha, por meio do Projeto de Lei 5914\/2022, para passar por vota\u00e7\u00e3o da C\u00e2mara de Vereadores na sess\u00e3o de segunda-feira, dia 24 de outubro.<\/span><\/p>\n<p class=\"v1MsoNormal\"><span style=\"font-family: arial, sans-serif\">Vale ressaltar que o projeto envolve o aumento salarial de duas categorias, a dos profissionais do magist\u00e9rio e tamb\u00e9m de professores com ensino superior. Isso porque, inicialmente, o munic\u00edpio precisou se adequar \u00e0 nova portaria federal, que estabeleceu o piso salarial nacional dos profissionais do magist\u00e9rio da educa\u00e7\u00e3o b\u00e1sica p\u00fablica para o ano de 2022, que compreende 18 professores da rede, que estavam com a remunera\u00e7\u00e3o defasada em 13,26% em rela\u00e7\u00e3o ao piso da categoria.<\/span><\/p>\n<p class=\"v1MsoNormal\"><span style=\"font-family: arial, sans-serif\">No entanto, o aumento provocaria uma equipara\u00e7\u00e3o salarial dos profissionais do magist\u00e9rio em rela\u00e7\u00e3o aos professores com ensino superior, o que seria indevido, tendo em vista a diferen\u00e7a na forma\u00e7\u00e3o profissional. Sendo assim, a Administra\u00e7\u00e3o, juntamente com os vereadores, entendeu a necessidade de propor tamb\u00e9m uma bonifica\u00e7\u00e3o aos quase 600 professores do munic\u00edpio com grau acima do magist\u00e9rio.<\/span><\/p>\n<p class=\"v1MsoNormal\"><span style=\"font-family: arial, sans-serif\">Diante da quest\u00e3o e considerando que os professores representam mais de 30% da folha de pagamento da Administra\u00e7\u00e3o Municipal, foi realizado um estudo sobre o or\u00e7amento dispon\u00edvel e o impacto financeiro, inclusive previdenci\u00e1rio, para oferecer um \u00edndice de ganho real. Com isso, foi definido o reajuste de 6% para os professores com ensino superior.<\/span><\/p>\n<p class=\"v1MsoNormal\"><span style=\"font-family: arial, sans-serif\">Ambas as propostas foram discutidas em comum acordo com os vereadores em uma reuni\u00e3o realizada na manh\u00e3 desta sexta-feira (21), no Gabinete Executivo. Ap\u00f3s a aprova\u00e7\u00e3o, o pagamento ser\u00e1 feito retroativo a 1\u00ba de janeiro de 2022, na folha de novembro.<\/span><\/p>\n<p class=\"v1MsoNormal\"><span style=\"font-family: arial, sans-serif\">Importante destacar que o munic\u00edpio j\u00e1 estuda tamb\u00e9m o reajuste salarial anual oferecido a todos os servidores municipais para o exerc\u00edcio de 2023, que deve ser encaminhado \u00e0 C\u00e2mara at\u00e9 o fim deste ano para pagamento a partir de janeiro.<\/span><\/p>\n<p class=\"v1MsoNormal\"><span style=\"font-family: arial, sans-serif\">VEJA TAMB\u00c9M:\u00a0<a href=\"https:\/\/redenoticiaz.com.br\/barretos-regiao\/sp\/2022\/10\/20\/olimpia-confirma-reveillon-2023-com-dupla-fernando-e-sorocaba\">Ol\u00edmpia confirma R\u00e9veillon 2023 com dupla Fernando e Sorocaba<\/a><\/span><\/p>\n","protected":false},"excerpt":{"rendered":"<p>Os profissionais da Educa\u00e7\u00e3o da rede municipal de ensino da Est\u00e2ncia Tur\u00edstica de Ol\u00edmpia ser\u00e3o contemplados com reajuste na remunera\u00e7\u00e3o mensal. A proposta foi encaminhada pelo prefeito Fernando Cunha, por meio do Projeto de Lei 5914\/2022, para passar por vota\u00e7\u00e3o da C\u00e2mara de Vereadores na sess\u00e3o de segunda-feira, dia 24 de outubro. Vale ressaltar que &hellip;<\/p>\n","protected":false},"author":15,"featured_media":93844,"comment_status":"open","ping_status":"closed","sticky":false,"template":"","format":"standard","meta":{"footnotes":""},"categories":[820],"tags":[13749,814,2651,2652],"class_list":["post-93842","post","type-post","status-publish","format-standard","has-post-thumbnail","hentry","category-educacao","tag-ensino-superior","tag-olimpia","tag-professores","tag-reajuste-salarial"],"yoast_head":"<!-- This site is optimized with the Yoast SEO plugin v27.5 - https:\/\/yoast.com\/product\/yoast-seo-wordpress\/ -->\n<title>Prefeitura regulamenta piso do magist\u00e9rio e prop\u00f5e reajuste salarial dos professores com ensino superiorENSINO SUPERIOR - Ribeir\u00e3o Preto e Regi\u00e3o<\/title>\n<meta name=\"description\" content=\"A proposta salarial foi encaminhada pelo prefeito por meio do Projeto de Lei 5914\/2022, para passar por vota\u00e7\u00e3o da C\u00e2mara de Vereadores\" \/>\n<meta name=\"robots\" content=\"index, follow, max-snippet:-1, max-image-preview:large, max-video-preview:-1\" \/>\n<link rel=\"canonical\" href=\"https:\/\/redenoticiaz.com.br\/ribeiraopreto-regiao\/sp\/2022\/10\/24\/prefeitura-regulamenta-piso-do-magisterio-e-propoe-reajuste-salarial-dos-professores-com-ensino-superiorensino-superior\" \/>\n<meta property=\"og:locale\" content=\"pt_BR\" \/>\n<meta property=\"og:type\" content=\"article\" \/>\n<meta property=\"og:title\" content=\"Prefeitura regulamenta piso do magist\u00e9rio e prop\u00f5e reajuste salarial dos professores com ensino superiorENSINO SUPERIOR - Ribeir\u00e3o Preto e Regi\u00e3o\" \/>\n<meta property=\"og:description\" content=\"A proposta salarial foi encaminhada pelo prefeito por meio do Projeto de Lei 5914\/2022, para passar por vota\u00e7\u00e3o da C\u00e2mara de Vereadores\" \/>\n<meta property=\"og:url\" content=\"https:\/\/redenoticiaz.com.br\/ribeiraopreto-regiao\/sp\/2022\/10\/24\/prefeitura-regulamenta-piso-do-magisterio-e-propoe-reajuste-salarial-dos-professores-com-ensino-superiorensino-superior\" \/>\n<meta property=\"og:site_name\" content=\"Ribeir\u00e3o Preto e Regi\u00e3o\" \/>\n<meta property=\"article:publisher\" content=\"https:\/\/m.facebook.com\/redenoticiaz.barretos\" \/>\n<meta property=\"article:published_time\" content=\"2022-10-24T16:28:08+00:00\" \/>\n<meta property=\"article:modified_time\" content=\"2022-10-24T16:29:16+00:00\" \/>\n<meta property=\"og:image\" content=\"https:\/\/redenoticiaz.com.br\/ribeiraopreto-regiao\/wp-content\/uploads\/sites\/4\/2022\/10\/Reuniao-Aumento-Salarial-Professores-2-scaled.jpeg\" \/>\n\t<meta property=\"og:image:width\" content=\"1920\" \/>\n\t<meta property=\"og:image:height\" content=\"1080\" \/>\n\t<meta property=\"og:image:type\" content=\"image\/jpeg\" \/>\n<meta name=\"twitter:card\" content=\"summary_large_image\" \/>\n<meta name=\"twitter:creator\" content=\"@RN_barretos\" \/>\n<meta name=\"twitter:site\" content=\"@RN_barretos\" \/>\n<meta name=\"twitter:label1\" content=\"Escrito por\" \/>\n\t<meta name=\"twitter:data1\" content=\"\" \/>\n\t<meta name=\"twitter:label2\" content=\"Est. tempo de leitura\" \/>\n\t<meta name=\"twitter:data2\" content=\"2 minutos\" \/>\n<script type=\"application\/ld+json\" class=\"yoast-schema-graph\">{\"@context\":\"https:\\\/\\\/schema.org\",\"@graph\":[{\"@type\":\"Article\",\"@id\":\"https:\\\/\\\/redenoticiaz.com.br\\\/ribeiraopreto-regiao\\\/sp\\\/2022\\\/10\\\/24\\\/prefeitura-regulamenta-piso-do-magisterio-e-propoe-reajuste-salarial-dos-professores-com-ensino-superiorensino-superior#article\",\"isPartOf\":{\"@id\":\"https:\\\/\\\/redenoticiaz.com.br\\\/ribeiraopreto-regiao\\\/sp\\\/2022\\\/10\\\/24\\\/prefeitura-regulamenta-piso-do-magisterio-e-propoe-reajuste-salarial-dos-professores-com-ensino-superiorensino-superior\"},\"author\":{\"name\":\"\",\"@id\":\"\"},\"headline\":\"Prefeitura regulamenta piso do magist\u00e9rio e prop\u00f5e reajuste salarial dos professores com ensino superiorENSINO SUPERIOR\",\"datePublished\":\"2022-10-24T16:28:08+00:00\",\"dateModified\":\"2022-10-24T16:29:16+00:00\",\"mainEntityOfPage\":{\"@id\":\"https:\\\/\\\/redenoticiaz.com.br\\\/ribeiraopreto-regiao\\\/sp\\\/2022\\\/10\\\/24\\\/prefeitura-regulamenta-piso-do-magisterio-e-propoe-reajuste-salarial-dos-professores-com-ensino-superiorensino-superior\"},\"wordCount\":376,\"commentCount\":0,\"publisher\":{\"@id\":\"https:\\\/\\\/redenoticiaz.com.br\\\/ribeiraopreto-regiao\\\/#organization\"},\"image\":{\"@id\":\"https:\\\/\\\/redenoticiaz.com.br\\\/ribeiraopreto-regiao\\\/sp\\\/2022\\\/10\\\/24\\\/prefeitura-regulamenta-piso-do-magisterio-e-propoe-reajuste-salarial-dos-professores-com-ensino-superiorensino-superior#primaryimage\"},\"thumbnailUrl\":\"https:\\\/\\\/redenoticiaz.com.br\\\/ribeiraopreto-regiao\\\/wp-content\\\/uploads\\\/sites\\\/4\\\/2022\\\/10\\\/Reuniao-Aumento-Salarial-Professores-2-scaled.jpeg\",\"keywords\":[\"ENSINO SUPERIOR\",\"OLIMP\u00cdA\",\"professores\",\"REAJUSTE SALARIAL\"],\"articleSection\":[\"Educa\u00e7\u00e3o\"],\"inLanguage\":\"pt-BR\",\"potentialAction\":[{\"@type\":\"CommentAction\",\"name\":\"Comment\",\"target\":[\"https:\\\/\\\/redenoticiaz.com.br\\\/ribeiraopreto-regiao\\\/sp\\\/2022\\\/10\\\/24\\\/prefeitura-regulamenta-piso-do-magisterio-e-propoe-reajuste-salarial-dos-professores-com-ensino-superiorensino-superior#respond\"]}]},{\"@type\":\"WebPage\",\"@id\":\"https:\\\/\\\/redenoticiaz.com.br\\\/ribeiraopreto-regiao\\\/sp\\\/2022\\\/10\\\/24\\\/prefeitura-regulamenta-piso-do-magisterio-e-propoe-reajuste-salarial-dos-professores-com-ensino-superiorensino-superior\",\"url\":\"https:\\\/\\\/redenoticiaz.com.br\\\/ribeiraopreto-regiao\\\/sp\\\/2022\\\/10\\\/24\\\/prefeitura-regulamenta-piso-do-magisterio-e-propoe-reajuste-salarial-dos-professores-com-ensino-superiorensino-superior\",\"name\":\"Prefeitura regulamenta piso do magist\u00e9rio e prop\u00f5e reajuste salarial dos professores com ensino superiorENSINO SUPERIOR - Ribeir\u00e3o Preto e Regi\u00e3o\",\"isPartOf\":{\"@id\":\"https:\\\/\\\/redenoticiaz.com.br\\\/ribeiraopreto-regiao\\\/#website\"},\"primaryImageOfPage\":{\"@id\":\"https:\\\/\\\/redenoticiaz.com.br\\\/ribeiraopreto-regiao\\\/sp\\\/2022\\\/10\\\/24\\\/prefeitura-regulamenta-piso-do-magisterio-e-propoe-reajuste-salarial-dos-professores-com-ensino-superiorensino-superior#primaryimage\"},\"image\":{\"@id\":\"https:\\\/\\\/redenoticiaz.com.br\\\/ribeiraopreto-regiao\\\/sp\\\/2022\\\/10\\\/24\\\/prefeitura-regulamenta-piso-do-magisterio-e-propoe-reajuste-salarial-dos-professores-com-ensino-superiorensino-superior#primaryimage\"},\"thumbnailUrl\":\"https:\\\/\\\/redenoticiaz.com.br\\\/ribeiraopreto-regiao\\\/wp-content\\\/uploads\\\/sites\\\/4\\\/2022\\\/10\\\/Reuniao-Aumento-Salarial-Professores-2-scaled.jpeg\",\"datePublished\":\"2022-10-24T16:28:08+00:00\",\"dateModified\":\"2022-10-24T16:29:16+00:00\",\"description\":\"A proposta salarial foi encaminhada pelo prefeito por meio do Projeto de Lei 5914\\\/2022, para passar por vota\u00e7\u00e3o da C\u00e2mara de Vereadores\",\"inLanguage\":\"pt-BR\",\"potentialAction\":[{\"@type\":\"ReadAction\",\"target\":[\"https:\\\/\\\/redenoticiaz.com.br\\\/ribeiraopreto-regiao\\\/sp\\\/2022\\\/10\\\/24\\\/prefeitura-regulamenta-piso-do-magisterio-e-propoe-reajuste-salarial-dos-professores-com-ensino-superiorensino-superior\"]}]},{\"@type\":\"ImageObject\",\"inLanguage\":\"pt-BR\",\"@id\":\"https:\\\/\\\/redenoticiaz.com.br\\\/ribeiraopreto-regiao\\\/sp\\\/2022\\\/10\\\/24\\\/prefeitura-regulamenta-piso-do-magisterio-e-propoe-reajuste-salarial-dos-professores-com-ensino-superiorensino-superior#primaryimage\",\"url\":\"https:\\\/\\\/redenoticiaz.com.br\\\/ribeiraopreto-regiao\\\/wp-content\\\/uploads\\\/sites\\\/4\\\/2022\\\/10\\\/Reuniao-Aumento-Salarial-Professores-2-scaled.jpeg\",\"contentUrl\":\"https:\\\/\\\/redenoticiaz.com.br\\\/ribeiraopreto-regiao\\\/wp-content\\\/uploads\\\/sites\\\/4\\\/2022\\\/10\\\/Reuniao-Aumento-Salarial-Professores-2-scaled.jpeg\",\"width\":1920,\"height\":1080,\"caption\":\"Cr\u00e9dito: Reprodu\u00e7\u00e3o\"},{\"@type\":\"WebSite\",\"@id\":\"https:\\\/\\\/redenoticiaz.com.br\\\/ribeiraopreto-regiao\\\/#website\",\"url\":\"https:\\\/\\\/redenoticiaz.com.br\\\/ribeiraopreto-regiao\\\/\",\"name\":\"Ribeir\u00e3o Preto e Regi\u00e3o\",\"description\":\"Rede NoticiaZ - Ribeir\u00e3o Preto e regi\u00e3o\",\"publisher\":{\"@id\":\"https:\\\/\\\/redenoticiaz.com.br\\\/ribeiraopreto-regiao\\\/#organization\"},\"potentialAction\":[{\"@type\":\"SearchAction\",\"target\":{\"@type\":\"EntryPoint\",\"urlTemplate\":\"https:\\\/\\\/redenoticiaz.com.br\\\/ribeiraopreto-regiao\\\/?s={search_term_string}\"},\"query-input\":{\"@type\":\"PropertyValueSpecification\",\"valueRequired\":true,\"valueName\":\"search_term_string\"}}],\"inLanguage\":\"pt-BR\"},{\"@type\":\"Organization\",\"@id\":\"https:\\\/\\\/redenoticiaz.com.br\\\/ribeiraopreto-regiao\\\/#organization\",\"name\":\"Ribeir\u00e3o Preto e Regi\u00e3o\",\"url\":\"https:\\\/\\\/redenoticiaz.com.br\\\/ribeiraopreto-regiao\\\/\",\"logo\":{\"@type\":\"ImageObject\",\"inLanguage\":\"pt-BR\",\"@id\":\"https:\\\/\\\/redenoticiaz.com.br\\\/ribeiraopreto-regiao\\\/#\\\/schema\\\/logo\\\/image\\\/\",\"url\":\"https:\\\/\\\/redenoticiaz.com.br\\\/barretos-regiao\\\/wp-content\\\/uploads\\\/sites\\\/4\\\/2022\\\/02\\\/logo.jpg\",\"contentUrl\":\"https:\\\/\\\/redenoticiaz.com.br\\\/barretos-regiao\\\/wp-content\\\/uploads\\\/sites\\\/4\\\/2022\\\/02\\\/logo.jpg\",\"width\":400,\"height\":250,\"caption\":\"Ribeir\u00e3o Preto e Regi\u00e3o\"},\"image\":{\"@id\":\"https:\\\/\\\/redenoticiaz.com.br\\\/ribeiraopreto-regiao\\\/#\\\/schema\\\/logo\\\/image\\\/\"},\"sameAs\":[\"https:\\\/\\\/m.facebook.com\\\/redenoticiaz.barretos\",\"https:\\\/\\\/x.com\\\/RN_barretos\",\"https:\\\/\\\/www.instagram.com\\\/redenoticiaz.barretos\\\/?igshid=YmMyMTA2M2Y\",\"https:\\\/\\\/www.linkedin.com\\\/company\\\/rede-noticiaz-barretos-e-regio\\\/\"]},{\"@type\":\"Person\",\"@id\":\"\",\"url\":\"https:\\\/\\\/redenoticiaz.com.br\\\/ribeiraopreto-regiao\\\/sp\\\/author\"}]}<\/script>\n<!-- \/ Yoast SEO plugin. -->","yoast_head_json":{"title":"Prefeitura regulamenta piso do magist\u00e9rio e prop\u00f5e reajuste salarial dos professores com ensino superiorENSINO SUPERIOR - Ribeir\u00e3o Preto e Regi\u00e3o","description":"A proposta salarial foi encaminhada pelo prefeito por meio do Projeto de Lei 5914\/2022, para passar por vota\u00e7\u00e3o da C\u00e2mara de Vereadores","robots":{"index":"index","follow":"follow","max-snippet":"max-snippet:-1","max-image-preview":"max-image-preview:large","max-video-preview":"max-video-preview:-1"},"canonical":"https:\/\/redenoticiaz.com.br\/ribeiraopreto-regiao\/sp\/2022\/10\/24\/prefeitura-regulamenta-piso-do-magisterio-e-propoe-reajuste-salarial-dos-professores-com-ensino-superiorensino-superior","og_locale":"pt_BR","og_type":"article","og_title":"Prefeitura regulamenta piso do magist\u00e9rio e prop\u00f5e reajuste salarial dos professores com ensino superiorENSINO SUPERIOR - Ribeir\u00e3o Preto e Regi\u00e3o","og_description":"A proposta salarial foi encaminhada pelo prefeito por meio do Projeto de Lei 5914\/2022, para passar por vota\u00e7\u00e3o da C\u00e2mara de Vereadores","og_url":"https:\/\/redenoticiaz.com.br\/ribeiraopreto-regiao\/sp\/2022\/10\/24\/prefeitura-regulamenta-piso-do-magisterio-e-propoe-reajuste-salarial-dos-professores-com-ensino-superiorensino-superior","og_site_name":"Ribeir\u00e3o Preto e Regi\u00e3o","article_publisher":"https:\/\/m.facebook.com\/redenoticiaz.barretos","article_published_time":"2022-10-24T16:28:08+00:00","article_modified_time":"2022-10-24T16:29:16+00:00","og_image":[{"width":1920,"height":1080,"url":"https:\/\/redenoticiaz.com.br\/ribeiraopreto-regiao\/wp-content\/uploads\/sites\/4\/2022\/10\/Reuniao-Aumento-Salarial-Professores-2-scaled.jpeg","type":"image\/jpeg"}],"twitter_card":"summary_large_image","twitter_creator":"@RN_barretos","twitter_site":"@RN_barretos","twitter_misc":{"Escrito por":"","Est. tempo de leitura":"2 minutos"},"schema":{"@context":"https:\/\/schema.org","@graph":[{"@type":"Article","@id":"https:\/\/redenoticiaz.com.br\/ribeiraopreto-regiao\/sp\/2022\/10\/24\/prefeitura-regulamenta-piso-do-magisterio-e-propoe-reajuste-salarial-dos-professores-com-ensino-superiorensino-superior#article","isPartOf":{"@id":"https:\/\/redenoticiaz.com.br\/ribeiraopreto-regiao\/sp\/2022\/10\/24\/prefeitura-regulamenta-piso-do-magisterio-e-propoe-reajuste-salarial-dos-professores-com-ensino-superiorensino-superior"},"author":{"name":"","@id":""},"headline":"Prefeitura regulamenta piso do magist\u00e9rio e prop\u00f5e reajuste salarial dos professores com ensino superiorENSINO SUPERIOR","datePublished":"2022-10-24T16:28:08+00:00","dateModified":"2022-10-24T16:29:16+00:00","mainEntityOfPage":{"@id":"https:\/\/redenoticiaz.com.br\/ribeiraopreto-regiao\/sp\/2022\/10\/24\/prefeitura-regulamenta-piso-do-magisterio-e-propoe-reajuste-salarial-dos-professores-com-ensino-superiorensino-superior"},"wordCount":376,"commentCount":0,"publisher":{"@id":"https:\/\/redenoticiaz.com.br\/ribeiraopreto-regiao\/#organization"},"image":{"@id":"https:\/\/redenoticiaz.com.br\/ribeiraopreto-regiao\/sp\/2022\/10\/24\/prefeitura-regulamenta-piso-do-magisterio-e-propoe-reajuste-salarial-dos-professores-com-ensino-superiorensino-superior#primaryimage"},"thumbnailUrl":"https:\/\/redenoticiaz.com.br\/ribeiraopreto-regiao\/wp-content\/uploads\/sites\/4\/2022\/10\/Reuniao-Aumento-Salarial-Professores-2-scaled.jpeg","keywords":["ENSINO SUPERIOR","OLIMP\u00cdA","professores","REAJUSTE SALARIAL"],"articleSection":["Educa\u00e7\u00e3o"],"inLanguage":"pt-BR","potentialAction":[{"@type":"CommentAction","name":"Comment","target":["https:\/\/redenoticiaz.com.br\/ribeiraopreto-regiao\/sp\/2022\/10\/24\/prefeitura-regulamenta-piso-do-magisterio-e-propoe-reajuste-salarial-dos-professores-com-ensino-superiorensino-superior#respond"]}]},{"@type":"WebPage","@id":"https:\/\/redenoticiaz.com.br\/ribeiraopreto-regiao\/sp\/2022\/10\/24\/prefeitura-regulamenta-piso-do-magisterio-e-propoe-reajuste-salarial-dos-professores-com-ensino-superiorensino-superior","url":"https:\/\/redenoticiaz.com.br\/ribeiraopreto-regiao\/sp\/2022\/10\/24\/prefeitura-regulamenta-piso-do-magisterio-e-propoe-reajuste-salarial-dos-professores-com-ensino-superiorensino-superior","name":"Prefeitura regulamenta piso do magist\u00e9rio e prop\u00f5e reajuste salarial dos professores com ensino superiorENSINO SUPERIOR - Ribeir\u00e3o Preto e Regi\u00e3o","isPartOf":{"@id":"https:\/\/redenoticiaz.com.br\/ribeiraopreto-regiao\/#website"},"primaryImageOfPage":{"@id":"https:\/\/redenoticiaz.com.br\/ribeiraopreto-regiao\/sp\/2022\/10\/24\/prefeitura-regulamenta-piso-do-magisterio-e-propoe-reajuste-salarial-dos-professores-com-ensino-superiorensino-superior#primaryimage"},"image":{"@id":"https:\/\/redenoticiaz.com.br\/ribeiraopreto-regiao\/sp\/2022\/10\/24\/prefeitura-regulamenta-piso-do-magisterio-e-propoe-reajuste-salarial-dos-professores-com-ensino-superiorensino-superior#primaryimage"},"thumbnailUrl":"https:\/\/redenoticiaz.com.br\/ribeiraopreto-regiao\/wp-content\/uploads\/sites\/4\/2022\/10\/Reuniao-Aumento-Salarial-Professores-2-scaled.jpeg","datePublished":"2022-10-24T16:28:08+00:00","dateModified":"2022-10-24T16:29:16+00:00","description":"A proposta salarial foi encaminhada pelo prefeito por meio do Projeto de Lei 5914\/2022, para passar por vota\u00e7\u00e3o da C\u00e2mara de Vereadores","inLanguage":"pt-BR","potentialAction":[{"@type":"ReadAction","target":["https:\/\/redenoticiaz.com.br\/ribeiraopreto-regiao\/sp\/2022\/10\/24\/prefeitura-regulamenta-piso-do-magisterio-e-propoe-reajuste-salarial-dos-professores-com-ensino-superiorensino-superior"]}]},{"@type":"ImageObject","inLanguage":"pt-BR","@id":"https:\/\/redenoticiaz.com.br\/ribeiraopreto-regiao\/sp\/2022\/10\/24\/prefeitura-regulamenta-piso-do-magisterio-e-propoe-reajuste-salarial-dos-professores-com-ensino-superiorensino-superior#primaryimage","url":"https:\/\/redenoticiaz.com.br\/ribeiraopreto-regiao\/wp-content\/uploads\/sites\/4\/2022\/10\/Reuniao-Aumento-Salarial-Professores-2-scaled.jpeg","contentUrl":"https:\/\/redenoticiaz.com.br\/ribeiraopreto-regiao\/wp-content\/uploads\/sites\/4\/2022\/10\/Reuniao-Aumento-Salarial-Professores-2-scaled.jpeg","width":1920,"height":1080,"caption":"Cr\u00e9dito: Reprodu\u00e7\u00e3o"},{"@type":"WebSite","@id":"https:\/\/redenoticiaz.com.br\/ribeiraopreto-regiao\/#website","url":"https:\/\/redenoticiaz.com.br\/ribeiraopreto-regiao\/","name":"Ribeir\u00e3o Preto e Regi\u00e3o","description":"Rede NoticiaZ - Ribeir\u00e3o Preto e regi\u00e3o","publisher":{"@id":"https:\/\/redenoticiaz.com.br\/ribeiraopreto-regiao\/#organization"},"potentialAction":[{"@type":"SearchAction","target":{"@type":"EntryPoint","urlTemplate":"https:\/\/redenoticiaz.com.br\/ribeiraopreto-regiao\/?s={search_term_string}"},"query-input":{"@type":"PropertyValueSpecification","valueRequired":true,"valueName":"search_term_string"}}],"inLanguage":"pt-BR"},{"@type":"Organization","@id":"https:\/\/redenoticiaz.com.br\/ribeiraopreto-regiao\/#organization","name":"Ribeir\u00e3o Preto e Regi\u00e3o","url":"https:\/\/redenoticiaz.com.br\/ribeiraopreto-regiao\/","logo":{"@type":"ImageObject","inLanguage":"pt-BR","@id":"https:\/\/redenoticiaz.com.br\/ribeiraopreto-regiao\/#\/schema\/logo\/image\/","url":"https:\/\/redenoticiaz.com.br\/barretos-regiao\/wp-content\/uploads\/sites\/4\/2022\/02\/logo.jpg","contentUrl":"https:\/\/redenoticiaz.com.br\/barretos-regiao\/wp-content\/uploads\/sites\/4\/2022\/02\/logo.jpg","width":400,"height":250,"caption":"Ribeir\u00e3o Preto e Regi\u00e3o"},"image":{"@id":"https:\/\/redenoticiaz.com.br\/ribeiraopreto-regiao\/#\/schema\/logo\/image\/"},"sameAs":["https:\/\/m.facebook.com\/redenoticiaz.barretos","https:\/\/x.com\/RN_barretos","https:\/\/www.instagram.com\/redenoticiaz.barretos\/?igshid=YmMyMTA2M2Y","https:\/\/www.linkedin.com\/company\/rede-noticiaz-barretos-e-regio\/"]},{"@type":"Person","@id":"","url":"https:\/\/redenoticiaz.com.br\/ribeiraopreto-regiao\/sp\/author"}]}},"_links":{"self":[{"href":"https:\/\/redenoticiaz.com.br\/ribeiraopreto-regiao\/wp-json\/wp\/v2\/posts\/93842","targetHints":{"allow":["GET"]}}],"collection":[{"href":"https:\/\/redenoticiaz.com.br\/ribeiraopreto-regiao\/wp-json\/wp\/v2\/posts"}],"about":[{"href":"https:\/\/redenoticiaz.com.br\/ribeiraopreto-regiao\/wp-json\/wp\/v2\/types\/post"}],"author":[{"embeddable":true,"href":"https:\/\/redenoticiaz.com.br\/ribeiraopreto-regiao\/wp-json\/wp\/v2\/users\/15"}],"replies":[{"embeddable":true,"href":"https:\/\/redenoticiaz.com.br\/ribeiraopreto-regiao\/wp-json\/wp\/v2\/comments?post=93842"}],"version-history":[{"count":1,"href":"https:\/\/redenoticiaz.com.br\/ribeiraopreto-regiao\/wp-json\/wp\/v2\/posts\/93842\/revisions"}],"predecessor-version":[{"id":93843,"href":"https:\/\/redenoticiaz.com.br\/ribeiraopreto-regiao\/wp-json\/wp\/v2\/posts\/93842\/revisions\/93843"}],"wp:featuredmedia":[{"embeddable":true,"href":"https:\/\/redenoticiaz.com.br\/ribeiraopreto-regiao\/wp-json\/wp\/v2\/media\/93844"}],"wp:attachment":[{"href":"https:\/\/redenoticiaz.com.br\/ribeiraopreto-regiao\/wp-json\/wp\/v2\/media?parent=93842"}],"wp:term":[{"taxonomy":"category","embeddable":true,"href":"https:\/\/redenoticiaz.com.br\/ribeiraopreto-regiao\/wp-json\/wp\/v2\/categories?post=93842"},{"taxonomy":"post_tag","embeddable":true,"href":"https:\/\/redenoticiaz.com.br\/ribeiraopreto-regiao\/wp-json\/wp\/v2\/tags?post=93842"}],"curies":[{"name":"wp","href":"https:\/\/api.w.org\/{rel}","templated":true}]}}