{"id":93903,"date":"2022-10-25T15:05:20","date_gmt":"2022-10-25T18:05:20","guid":{"rendered":"https:\/\/redenoticiaz.com.br\/barretos-regiao\/?p=93903"},"modified":"2022-10-25T15:05:20","modified_gmt":"2022-10-25T18:05:20","slug":"show-da-turne-25-anos-do-jota-quest-acontece-em-barretos","status":"publish","type":"post","link":"https:\/\/redenoticiaz.com.br\/ribeiraopreto-regiao\/sp\/2022\/10\/25\/show-da-turne-25-anos-do-jota-quest-acontece-em-barretos","title":{"rendered":"Show da turn\u00ea &#8220;25 anos do Jota Quest&#8221; acontece em Barretos"},"content":{"rendered":"<p class=\"v1ql-align-justify\">Segundo a divulga\u00e7\u00e3o oficial, a turn\u00ea JOTA 25 do grupo Jota Quest prop\u00f5e uma viagem pela trajet\u00f3ria musical do grupo, reativando mem\u00f3rias dos f\u00e3s a partir de experi\u00eancia audiovisual futurista, marcando o in\u00edcio de um novo ciclo para a banda mineira.<\/p>\n<p class=\"v1ql-align-justify\">Esse show acontece no Centro de Eventos Paulo Prata, no dia 4 de novembro, em mais uma celebra\u00e7\u00e3o proposta pelo Sama\u00fama Eventos, que sempre inclui Barretos no roteiro de grandes turn\u00eas de artistas brasileiros.<\/p>\n<p class=\"v1ql-align-justify\">Os ingressos para a \u00e1rea de bistr\u00f4s j\u00e1 est\u00e3o esgotados h\u00e1 mais de 40 dias, mas ainda h\u00e1 como adquirir os ingressos para a Pista Frente Palco, com valores promocionais, a R$ 250,00. O ingresso ao evento garante acesso \u00e0 mesa de frios e petiscos, assinada pelo Buffet Doce Pimenta, e tamb\u00e9m cerveja, vodca, refrigerantes, \u00e1gua mineral e suco a vontade. Para comprar basta ir a um dos dois pontos de vendas oficiais, o Sama\u00fama Bar ou a Golfe Class do North Shopping Barretos. Ainda d\u00e1 tempo de adquirir o ingresso dividindo em tr\u00eas vezes no cart\u00e3o, sem juros.<\/p>\n<p class=\"v1ql-align-justify\"><em>O show &#8220;JOTA 25 \u2013 De Volta ao Novo&#8221;, ser\u00e1 realizado no <\/em><em>Centro de Eventos Paulo Prata em<\/em><em>\u00a004 de novembro<\/em><em> a partir das 21h30.<\/em><\/p>\n<p>VEJA TAMB\u00c9M:\u00a0<a href=\"https:\/\/redenoticiaz.com.br\/barretos-regiao\/sp\/2022\/10\/20\/olimpia-confirma-reveillon-2023-com-dupla-fernando-e-sorocaba\">Ol\u00edmpia confirma R\u00e9veillon 2023 com dupla Fernando e Sorocaba<\/a><\/p>\n","protected":false},"excerpt":{"rendered":"<p>Segundo a divulga\u00e7\u00e3o oficial, a turn\u00ea JOTA 25 do grupo Jota Quest prop\u00f5e uma viagem pela trajet\u00f3ria musical do grupo, reativando mem\u00f3rias dos f\u00e3s a partir de experi\u00eancia audiovisual futurista, marcando o in\u00edcio de um novo ciclo para a banda mineira. Esse show acontece no Centro de Eventos Paulo Prata, no dia 4 de novembro, &hellip;<\/p>\n","protected":false},"author":15,"featured_media":93904,"comment_status":"open","ping_status":"closed","sticky":false,"template":"","format":"standard","meta":{"footnotes":""},"categories":[815],"tags":[18046,17328,21458,14450,664],"class_list":["post-93903","post","type-post","status-publish","format-standard","has-post-thumbnail","hentry","category-cultura-e-musica","tag-25-anos","tag-ingresso","tag-jota-quest","tag-musical","tag-show"],"yoast_head":"<!-- This site is optimized with the Yoast SEO plugin v27.5 - https:\/\/yoast.com\/product\/yoast-seo-wordpress\/ -->\n<title>Show da turn\u00ea &#8220;25 anos do Jota Quest&#8221; acontece em Barretos - Ribeir\u00e3o Preto e Regi\u00e3o<\/title>\n<meta name=\"description\" content=\"Jota Quest prop\u00f5e uma viagem pela trajet\u00f3ria musical do grupo, reativando mem\u00f3rias dos f\u00e3 a partir de experi\u00eancia audiovisual futurista.\" \/>\n<meta name=\"robots\" content=\"index, follow, max-snippet:-1, max-image-preview:large, max-video-preview:-1\" \/>\n<link rel=\"canonical\" href=\"https:\/\/redenoticiaz.com.br\/ribeiraopreto-regiao\/sp\/2022\/10\/25\/show-da-turne-25-anos-do-jota-quest-acontece-em-barretos\" \/>\n<meta property=\"og:locale\" content=\"pt_BR\" \/>\n<meta property=\"og:type\" content=\"article\" \/>\n<meta property=\"og:title\" content=\"Show da turn\u00ea &#8220;25 anos do Jota Quest&#8221; acontece em Barretos - Ribeir\u00e3o Preto e Regi\u00e3o\" \/>\n<meta property=\"og:description\" content=\"Jota Quest prop\u00f5e uma viagem pela trajet\u00f3ria musical do grupo, reativando mem\u00f3rias dos f\u00e3 a partir de experi\u00eancia audiovisual futurista.\" \/>\n<meta property=\"og:url\" content=\"https:\/\/redenoticiaz.com.br\/ribeiraopreto-regiao\/sp\/2022\/10\/25\/show-da-turne-25-anos-do-jota-quest-acontece-em-barretos\" \/>\n<meta property=\"og:site_name\" content=\"Ribeir\u00e3o Preto e Regi\u00e3o\" \/>\n<meta property=\"article:publisher\" content=\"https:\/\/m.facebook.com\/redenoticiaz.barretos\" \/>\n<meta property=\"article:published_time\" content=\"2022-10-25T18:05:20+00:00\" \/>\n<meta property=\"og:image\" content=\"https:\/\/redenoticiaz.com.br\/ribeiraopreto-regiao\/wp-content\/uploads\/sites\/4\/2022\/10\/5fc5cede-6d2d-47a8-a236-7981744ffa4d.jpeg\" \/>\n\t<meta property=\"og:image:width\" content=\"1143\" \/>\n\t<meta property=\"og:image:height\" content=\"1080\" \/>\n\t<meta property=\"og:image:type\" content=\"image\/jpeg\" \/>\n<meta name=\"twitter:card\" content=\"summary_large_image\" \/>\n<meta name=\"twitter:creator\" content=\"@RN_barretos\" \/>\n<meta name=\"twitter:site\" content=\"@RN_barretos\" \/>\n<meta name=\"twitter:label1\" content=\"Escrito por\" \/>\n\t<meta name=\"twitter:data1\" content=\"\" \/>\n\t<meta name=\"twitter:label2\" content=\"Est. tempo de leitura\" \/>\n\t<meta name=\"twitter:data2\" content=\"2 minutos\" \/>\n<script type=\"application\/ld+json\" class=\"yoast-schema-graph\">{\"@context\":\"https:\\\/\\\/schema.org\",\"@graph\":[{\"@type\":\"Article\",\"@id\":\"https:\\\/\\\/redenoticiaz.com.br\\\/ribeiraopreto-regiao\\\/sp\\\/2022\\\/10\\\/25\\\/show-da-turne-25-anos-do-jota-quest-acontece-em-barretos#article\",\"isPartOf\":{\"@id\":\"https:\\\/\\\/redenoticiaz.com.br\\\/ribeiraopreto-regiao\\\/sp\\\/2022\\\/10\\\/25\\\/show-da-turne-25-anos-do-jota-quest-acontece-em-barretos\"},\"author\":{\"name\":\"\",\"@id\":\"\"},\"headline\":\"Show da turn\u00ea &#8220;25 anos do Jota Quest&#8221; acontece em Barretos\",\"datePublished\":\"2022-10-25T18:05:20+00:00\",\"mainEntityOfPage\":{\"@id\":\"https:\\\/\\\/redenoticiaz.com.br\\\/ribeiraopreto-regiao\\\/sp\\\/2022\\\/10\\\/25\\\/show-da-turne-25-anos-do-jota-quest-acontece-em-barretos\"},\"wordCount\":230,\"commentCount\":0,\"publisher\":{\"@id\":\"https:\\\/\\\/redenoticiaz.com.br\\\/ribeiraopreto-regiao\\\/#organization\"},\"image\":{\"@id\":\"https:\\\/\\\/redenoticiaz.com.br\\\/ribeiraopreto-regiao\\\/sp\\\/2022\\\/10\\\/25\\\/show-da-turne-25-anos-do-jota-quest-acontece-em-barretos#primaryimage\"},\"thumbnailUrl\":\"https:\\\/\\\/redenoticiaz.com.br\\\/ribeiraopreto-regiao\\\/wp-content\\\/uploads\\\/sites\\\/4\\\/2022\\\/10\\\/5fc5cede-6d2d-47a8-a236-7981744ffa4d.jpeg\",\"keywords\":[\"25 ANOS\",\"INGRESSO\",\"JOTA QUEST\",\"MUSICAL\",\"SHOW\"],\"articleSection\":[\"Cultura e M\u00fasica\"],\"inLanguage\":\"pt-BR\",\"potentialAction\":[{\"@type\":\"CommentAction\",\"name\":\"Comment\",\"target\":[\"https:\\\/\\\/redenoticiaz.com.br\\\/ribeiraopreto-regiao\\\/sp\\\/2022\\\/10\\\/25\\\/show-da-turne-25-anos-do-jota-quest-acontece-em-barretos#respond\"]}]},{\"@type\":\"WebPage\",\"@id\":\"https:\\\/\\\/redenoticiaz.com.br\\\/ribeiraopreto-regiao\\\/sp\\\/2022\\\/10\\\/25\\\/show-da-turne-25-anos-do-jota-quest-acontece-em-barretos\",\"url\":\"https:\\\/\\\/redenoticiaz.com.br\\\/ribeiraopreto-regiao\\\/sp\\\/2022\\\/10\\\/25\\\/show-da-turne-25-anos-do-jota-quest-acontece-em-barretos\",\"name\":\"Show da turn\u00ea &#8220;25 anos do Jota Quest&#8221; acontece em Barretos - Ribeir\u00e3o Preto e Regi\u00e3o\",\"isPartOf\":{\"@id\":\"https:\\\/\\\/redenoticiaz.com.br\\\/ribeiraopreto-regiao\\\/#website\"},\"primaryImageOfPage\":{\"@id\":\"https:\\\/\\\/redenoticiaz.com.br\\\/ribeiraopreto-regiao\\\/sp\\\/2022\\\/10\\\/25\\\/show-da-turne-25-anos-do-jota-quest-acontece-em-barretos#primaryimage\"},\"image\":{\"@id\":\"https:\\\/\\\/redenoticiaz.com.br\\\/ribeiraopreto-regiao\\\/sp\\\/2022\\\/10\\\/25\\\/show-da-turne-25-anos-do-jota-quest-acontece-em-barretos#primaryimage\"},\"thumbnailUrl\":\"https:\\\/\\\/redenoticiaz.com.br\\\/ribeiraopreto-regiao\\\/wp-content\\\/uploads\\\/sites\\\/4\\\/2022\\\/10\\\/5fc5cede-6d2d-47a8-a236-7981744ffa4d.jpeg\",\"datePublished\":\"2022-10-25T18:05:20+00:00\",\"description\":\"Jota Quest prop\u00f5e uma viagem pela trajet\u00f3ria musical do grupo, reativando mem\u00f3rias dos f\u00e3 a partir de experi\u00eancia audiovisual futurista.\",\"inLanguage\":\"pt-BR\",\"potentialAction\":[{\"@type\":\"ReadAction\",\"target\":[\"https:\\\/\\\/redenoticiaz.com.br\\\/ribeiraopreto-regiao\\\/sp\\\/2022\\\/10\\\/25\\\/show-da-turne-25-anos-do-jota-quest-acontece-em-barretos\"]}]},{\"@type\":\"ImageObject\",\"inLanguage\":\"pt-BR\",\"@id\":\"https:\\\/\\\/redenoticiaz.com.br\\\/ribeiraopreto-regiao\\\/sp\\\/2022\\\/10\\\/25\\\/show-da-turne-25-anos-do-jota-quest-acontece-em-barretos#primaryimage\",\"url\":\"https:\\\/\\\/redenoticiaz.com.br\\\/ribeiraopreto-regiao\\\/wp-content\\\/uploads\\\/sites\\\/4\\\/2022\\\/10\\\/5fc5cede-6d2d-47a8-a236-7981744ffa4d.jpeg\",\"contentUrl\":\"https:\\\/\\\/redenoticiaz.com.br\\\/ribeiraopreto-regiao\\\/wp-content\\\/uploads\\\/sites\\\/4\\\/2022\\\/10\\\/5fc5cede-6d2d-47a8-a236-7981744ffa4d.jpeg\",\"width\":1143,\"height\":1080,\"caption\":\"Jot Quest. Cr\u00e9dito: Divulga\u00e7\u00e3o\"},{\"@type\":\"WebSite\",\"@id\":\"https:\\\/\\\/redenoticiaz.com.br\\\/ribeiraopreto-regiao\\\/#website\",\"url\":\"https:\\\/\\\/redenoticiaz.com.br\\\/ribeiraopreto-regiao\\\/\",\"name\":\"Ribeir\u00e3o Preto e Regi\u00e3o\",\"description\":\"Rede NoticiaZ - Ribeir\u00e3o Preto e regi\u00e3o\",\"publisher\":{\"@id\":\"https:\\\/\\\/redenoticiaz.com.br\\\/ribeiraopreto-regiao\\\/#organization\"},\"potentialAction\":[{\"@type\":\"SearchAction\",\"target\":{\"@type\":\"EntryPoint\",\"urlTemplate\":\"https:\\\/\\\/redenoticiaz.com.br\\\/ribeiraopreto-regiao\\\/?s={search_term_string}\"},\"query-input\":{\"@type\":\"PropertyValueSpecification\",\"valueRequired\":true,\"valueName\":\"search_term_string\"}}],\"inLanguage\":\"pt-BR\"},{\"@type\":\"Organization\",\"@id\":\"https:\\\/\\\/redenoticiaz.com.br\\\/ribeiraopreto-regiao\\\/#organization\",\"name\":\"Ribeir\u00e3o Preto e Regi\u00e3o\",\"url\":\"https:\\\/\\\/redenoticiaz.com.br\\\/ribeiraopreto-regiao\\\/\",\"logo\":{\"@type\":\"ImageObject\",\"inLanguage\":\"pt-BR\",\"@id\":\"https:\\\/\\\/redenoticiaz.com.br\\\/ribeiraopreto-regiao\\\/#\\\/schema\\\/logo\\\/image\\\/\",\"url\":\"https:\\\/\\\/redenoticiaz.com.br\\\/barretos-regiao\\\/wp-content\\\/uploads\\\/sites\\\/4\\\/2022\\\/02\\\/logo.jpg\",\"contentUrl\":\"https:\\\/\\\/redenoticiaz.com.br\\\/barretos-regiao\\\/wp-content\\\/uploads\\\/sites\\\/4\\\/2022\\\/02\\\/logo.jpg\",\"width\":400,\"height\":250,\"caption\":\"Ribeir\u00e3o Preto e Regi\u00e3o\"},\"image\":{\"@id\":\"https:\\\/\\\/redenoticiaz.com.br\\\/ribeiraopreto-regiao\\\/#\\\/schema\\\/logo\\\/image\\\/\"},\"sameAs\":[\"https:\\\/\\\/m.facebook.com\\\/redenoticiaz.barretos\",\"https:\\\/\\\/x.com\\\/RN_barretos\",\"https:\\\/\\\/www.instagram.com\\\/redenoticiaz.barretos\\\/?igshid=YmMyMTA2M2Y\",\"https:\\\/\\\/www.linkedin.com\\\/company\\\/rede-noticiaz-barretos-e-regio\\\/\"]},{\"@type\":\"Person\",\"@id\":\"\",\"url\":\"https:\\\/\\\/redenoticiaz.com.br\\\/ribeiraopreto-regiao\\\/sp\\\/author\"}]}<\/script>\n<!-- \/ Yoast SEO plugin. -->","yoast_head_json":{"title":"Show da turn\u00ea &#8220;25 anos do Jota Quest&#8221; acontece em Barretos - Ribeir\u00e3o Preto e Regi\u00e3o","description":"Jota Quest prop\u00f5e uma viagem pela trajet\u00f3ria musical do grupo, reativando mem\u00f3rias dos f\u00e3 a partir de experi\u00eancia audiovisual futurista.","robots":{"index":"index","follow":"follow","max-snippet":"max-snippet:-1","max-image-preview":"max-image-preview:large","max-video-preview":"max-video-preview:-1"},"canonical":"https:\/\/redenoticiaz.com.br\/ribeiraopreto-regiao\/sp\/2022\/10\/25\/show-da-turne-25-anos-do-jota-quest-acontece-em-barretos","og_locale":"pt_BR","og_type":"article","og_title":"Show da turn\u00ea &#8220;25 anos do Jota Quest&#8221; acontece em Barretos - Ribeir\u00e3o Preto e Regi\u00e3o","og_description":"Jota Quest prop\u00f5e uma viagem pela trajet\u00f3ria musical do grupo, reativando mem\u00f3rias dos f\u00e3 a partir de experi\u00eancia audiovisual futurista.","og_url":"https:\/\/redenoticiaz.com.br\/ribeiraopreto-regiao\/sp\/2022\/10\/25\/show-da-turne-25-anos-do-jota-quest-acontece-em-barretos","og_site_name":"Ribeir\u00e3o Preto e Regi\u00e3o","article_publisher":"https:\/\/m.facebook.com\/redenoticiaz.barretos","article_published_time":"2022-10-25T18:05:20+00:00","og_image":[{"width":1143,"height":1080,"url":"https:\/\/redenoticiaz.com.br\/ribeiraopreto-regiao\/wp-content\/uploads\/sites\/4\/2022\/10\/5fc5cede-6d2d-47a8-a236-7981744ffa4d.jpeg","type":"image\/jpeg"}],"twitter_card":"summary_large_image","twitter_creator":"@RN_barretos","twitter_site":"@RN_barretos","twitter_misc":{"Escrito por":"","Est. tempo de leitura":"2 minutos"},"schema":{"@context":"https:\/\/schema.org","@graph":[{"@type":"Article","@id":"https:\/\/redenoticiaz.com.br\/ribeiraopreto-regiao\/sp\/2022\/10\/25\/show-da-turne-25-anos-do-jota-quest-acontece-em-barretos#article","isPartOf":{"@id":"https:\/\/redenoticiaz.com.br\/ribeiraopreto-regiao\/sp\/2022\/10\/25\/show-da-turne-25-anos-do-jota-quest-acontece-em-barretos"},"author":{"name":"","@id":""},"headline":"Show da turn\u00ea &#8220;25 anos do Jota Quest&#8221; acontece em Barretos","datePublished":"2022-10-25T18:05:20+00:00","mainEntityOfPage":{"@id":"https:\/\/redenoticiaz.com.br\/ribeiraopreto-regiao\/sp\/2022\/10\/25\/show-da-turne-25-anos-do-jota-quest-acontece-em-barretos"},"wordCount":230,"commentCount":0,"publisher":{"@id":"https:\/\/redenoticiaz.com.br\/ribeiraopreto-regiao\/#organization"},"image":{"@id":"https:\/\/redenoticiaz.com.br\/ribeiraopreto-regiao\/sp\/2022\/10\/25\/show-da-turne-25-anos-do-jota-quest-acontece-em-barretos#primaryimage"},"thumbnailUrl":"https:\/\/redenoticiaz.com.br\/ribeiraopreto-regiao\/wp-content\/uploads\/sites\/4\/2022\/10\/5fc5cede-6d2d-47a8-a236-7981744ffa4d.jpeg","keywords":["25 ANOS","INGRESSO","JOTA QUEST","MUSICAL","SHOW"],"articleSection":["Cultura e M\u00fasica"],"inLanguage":"pt-BR","potentialAction":[{"@type":"CommentAction","name":"Comment","target":["https:\/\/redenoticiaz.com.br\/ribeiraopreto-regiao\/sp\/2022\/10\/25\/show-da-turne-25-anos-do-jota-quest-acontece-em-barretos#respond"]}]},{"@type":"WebPage","@id":"https:\/\/redenoticiaz.com.br\/ribeiraopreto-regiao\/sp\/2022\/10\/25\/show-da-turne-25-anos-do-jota-quest-acontece-em-barretos","url":"https:\/\/redenoticiaz.com.br\/ribeiraopreto-regiao\/sp\/2022\/10\/25\/show-da-turne-25-anos-do-jota-quest-acontece-em-barretos","name":"Show da turn\u00ea &#8220;25 anos do Jota Quest&#8221; acontece em Barretos - Ribeir\u00e3o Preto e Regi\u00e3o","isPartOf":{"@id":"https:\/\/redenoticiaz.com.br\/ribeiraopreto-regiao\/#website"},"primaryImageOfPage":{"@id":"https:\/\/redenoticiaz.com.br\/ribeiraopreto-regiao\/sp\/2022\/10\/25\/show-da-turne-25-anos-do-jota-quest-acontece-em-barretos#primaryimage"},"image":{"@id":"https:\/\/redenoticiaz.com.br\/ribeiraopreto-regiao\/sp\/2022\/10\/25\/show-da-turne-25-anos-do-jota-quest-acontece-em-barretos#primaryimage"},"thumbnailUrl":"https:\/\/redenoticiaz.com.br\/ribeiraopreto-regiao\/wp-content\/uploads\/sites\/4\/2022\/10\/5fc5cede-6d2d-47a8-a236-7981744ffa4d.jpeg","datePublished":"2022-10-25T18:05:20+00:00","description":"Jota Quest prop\u00f5e uma viagem pela trajet\u00f3ria musical do grupo, reativando mem\u00f3rias dos f\u00e3 a partir de experi\u00eancia audiovisual futurista.","inLanguage":"pt-BR","potentialAction":[{"@type":"ReadAction","target":["https:\/\/redenoticiaz.com.br\/ribeiraopreto-regiao\/sp\/2022\/10\/25\/show-da-turne-25-anos-do-jota-quest-acontece-em-barretos"]}]},{"@type":"ImageObject","inLanguage":"pt-BR","@id":"https:\/\/redenoticiaz.com.br\/ribeiraopreto-regiao\/sp\/2022\/10\/25\/show-da-turne-25-anos-do-jota-quest-acontece-em-barretos#primaryimage","url":"https:\/\/redenoticiaz.com.br\/ribeiraopreto-regiao\/wp-content\/uploads\/sites\/4\/2022\/10\/5fc5cede-6d2d-47a8-a236-7981744ffa4d.jpeg","contentUrl":"https:\/\/redenoticiaz.com.br\/ribeiraopreto-regiao\/wp-content\/uploads\/sites\/4\/2022\/10\/5fc5cede-6d2d-47a8-a236-7981744ffa4d.jpeg","width":1143,"height":1080,"caption":"Jot Quest. Cr\u00e9dito: Divulga\u00e7\u00e3o"},{"@type":"WebSite","@id":"https:\/\/redenoticiaz.com.br\/ribeiraopreto-regiao\/#website","url":"https:\/\/redenoticiaz.com.br\/ribeiraopreto-regiao\/","name":"Ribeir\u00e3o Preto e Regi\u00e3o","description":"Rede NoticiaZ - Ribeir\u00e3o Preto e regi\u00e3o","publisher":{"@id":"https:\/\/redenoticiaz.com.br\/ribeiraopreto-regiao\/#organization"},"potentialAction":[{"@type":"SearchAction","target":{"@type":"EntryPoint","urlTemplate":"https:\/\/redenoticiaz.com.br\/ribeiraopreto-regiao\/?s={search_term_string}"},"query-input":{"@type":"PropertyValueSpecification","valueRequired":true,"valueName":"search_term_string"}}],"inLanguage":"pt-BR"},{"@type":"Organization","@id":"https:\/\/redenoticiaz.com.br\/ribeiraopreto-regiao\/#organization","name":"Ribeir\u00e3o Preto e Regi\u00e3o","url":"https:\/\/redenoticiaz.com.br\/ribeiraopreto-regiao\/","logo":{"@type":"ImageObject","inLanguage":"pt-BR","@id":"https:\/\/redenoticiaz.com.br\/ribeiraopreto-regiao\/#\/schema\/logo\/image\/","url":"https:\/\/redenoticiaz.com.br\/barretos-regiao\/wp-content\/uploads\/sites\/4\/2022\/02\/logo.jpg","contentUrl":"https:\/\/redenoticiaz.com.br\/barretos-regiao\/wp-content\/uploads\/sites\/4\/2022\/02\/logo.jpg","width":400,"height":250,"caption":"Ribeir\u00e3o Preto e Regi\u00e3o"},"image":{"@id":"https:\/\/redenoticiaz.com.br\/ribeiraopreto-regiao\/#\/schema\/logo\/image\/"},"sameAs":["https:\/\/m.facebook.com\/redenoticiaz.barretos","https:\/\/x.com\/RN_barretos","https:\/\/www.instagram.com\/redenoticiaz.barretos\/?igshid=YmMyMTA2M2Y","https:\/\/www.linkedin.com\/company\/rede-noticiaz-barretos-e-regio\/"]},{"@type":"Person","@id":"","url":"https:\/\/redenoticiaz.com.br\/ribeiraopreto-regiao\/sp\/author"}]}},"_links":{"self":[{"href":"https:\/\/redenoticiaz.com.br\/ribeiraopreto-regiao\/wp-json\/wp\/v2\/posts\/93903","targetHints":{"allow":["GET"]}}],"collection":[{"href":"https:\/\/redenoticiaz.com.br\/ribeiraopreto-regiao\/wp-json\/wp\/v2\/posts"}],"about":[{"href":"https:\/\/redenoticiaz.com.br\/ribeiraopreto-regiao\/wp-json\/wp\/v2\/types\/post"}],"author":[{"embeddable":true,"href":"https:\/\/redenoticiaz.com.br\/ribeiraopreto-regiao\/wp-json\/wp\/v2\/users\/15"}],"replies":[{"embeddable":true,"href":"https:\/\/redenoticiaz.com.br\/ribeiraopreto-regiao\/wp-json\/wp\/v2\/comments?post=93903"}],"version-history":[{"count":1,"href":"https:\/\/redenoticiaz.com.br\/ribeiraopreto-regiao\/wp-json\/wp\/v2\/posts\/93903\/revisions"}],"predecessor-version":[{"id":93905,"href":"https:\/\/redenoticiaz.com.br\/ribeiraopreto-regiao\/wp-json\/wp\/v2\/posts\/93903\/revisions\/93905"}],"wp:featuredmedia":[{"embeddable":true,"href":"https:\/\/redenoticiaz.com.br\/ribeiraopreto-regiao\/wp-json\/wp\/v2\/media\/93904"}],"wp:attachment":[{"href":"https:\/\/redenoticiaz.com.br\/ribeiraopreto-regiao\/wp-json\/wp\/v2\/media?parent=93903"}],"wp:term":[{"taxonomy":"category","embeddable":true,"href":"https:\/\/redenoticiaz.com.br\/ribeiraopreto-regiao\/wp-json\/wp\/v2\/categories?post=93903"},{"taxonomy":"post_tag","embeddable":true,"href":"https:\/\/redenoticiaz.com.br\/ribeiraopreto-regiao\/wp-json\/wp\/v2\/tags?post=93903"}],"curies":[{"name":"wp","href":"https:\/\/api.w.org\/{rel}","templated":true}]}}