{"id":93912,"date":"2022-10-25T16:33:24","date_gmt":"2022-10-25T19:33:24","guid":{"rendered":"https:\/\/redenoticiaz.com.br\/barretos-regiao\/?p=93912"},"modified":"2022-10-25T16:33:24","modified_gmt":"2022-10-25T19:33:24","slug":"veja-os-finalistas-do-concurso-de-fotos-mais-engracadas-da-vida-selvagem","status":"publish","type":"post","link":"https:\/\/redenoticiaz.com.br\/ribeiraopreto-regiao\/sp\/2022\/10\/25\/veja-os-finalistas-do-concurso-de-fotos-mais-engracadas-da-vida-selvagem","title":{"rendered":"Veja os finalistas do concurso de fotos mais engra\u00e7adas da vida selvagem"},"content":{"rendered":"<div id=\"chunk-1atps\">\n<div class=\"mc-column content-text active-extra-styles \" data-block-type=\"unstyled\" data-block-weight=\"40\" data-block-id=\"5\">\n<p data-track-category=\"Link no Texto\" data-track-links=\"\">A natureza \u00e9 divertida e proporcionou o concurso <strong>Comedy Wildlife Photography Award,<\/strong> com objetivo de premiar as fotos mais engra\u00e7adas da vida selvagem. Confira as imagens finalistas da edi\u00e7\u00e3o de 2022.<\/p>\n<p class=\"content-text__container \" data-track-category=\"Link no Texto\" data-track-links=\"\">Entre as fotos selecionadas est\u00e3o o arremesso de canguru, o urso de &#8220;tr\u00eas cabe\u00e7as&#8221; e at\u00e9 uma discuss\u00e3o entre pinguins.<\/p>\n<\/div>\n<\/div>\n<div id=\"chunk-c4qkh\">\n<div class=\"mc-column content-text active-extra-styles \" data-block-type=\"unstyled\" data-block-weight=\"29\" data-block-id=\"6\">\n<p class=\"content-text__container \" data-track-category=\"Link no Texto\" data-track-links=\"\">Os internautas podem votar na sua foto favorita no site <a href=\"https:\/\/www.comedywildlifephoto.com\/affinity-photo-peoples-choice-award\/vote-affinity-photo-peoples-choice-award.php\" target=\"_blank\" rel=\"noopener\">Affinity Photo People&#8217;s Choice Award<\/a> at\u00e9 o dia 27 de novembro. Os vencedores ser\u00e3o anunciados em 8 de dezembro.<\/p>\n<h4 data-track-category=\"Link no Texto\">Confira as fotos:<\/h4>\n<div id='gallery-1' class='gallery galleryid-93912 gallery-columns-4 gallery-size-medium'><figure class='gallery-item'>\n\t\t\t<div class='gallery-icon landscape'>\n\t\t\t\t<a href='https:\/\/redenoticiaz.com.br\/ribeiraopreto-regiao\/sp\/2022\/10\/25\/veja-os-finalistas-do-concurso-de-fotos-mais-engracadas-da-vida-selvagem\/animais-hilarios-conheca-os-finalistas-do-concurso-de-fotos-engracas-da-vida-selvagem-21102022153259889'><img loading=\"lazy\" decoding=\"async\" width=\"300\" height=\"200\" src=\"https:\/\/redenoticiaz.com.br\/ribeiraopreto-regiao\/wp-content\/uploads\/sites\/4\/2022\/10\/animais-hilarios-conheca-os-finalistas-do-concurso-de-fotos-engracas-da-vida-selvagem-21102022153259889-300x200.jpeg\" class=\"attachment-medium size-medium\" alt=\"\" srcset=\"https:\/\/redenoticiaz.com.br\/ribeiraopreto-regiao\/wp-content\/uploads\/sites\/4\/2022\/10\/animais-hilarios-conheca-os-finalistas-do-concurso-de-fotos-engracas-da-vida-selvagem-21102022153259889-300x200.jpeg 300w, https:\/\/redenoticiaz.com.br\/ribeiraopreto-regiao\/wp-content\/uploads\/sites\/4\/2022\/10\/animais-hilarios-conheca-os-finalistas-do-concurso-de-fotos-engracas-da-vida-selvagem-21102022153259889.jpeg 631w\" sizes=\"auto, (max-width: 300px) 100vw, 300px\" \/><\/a>\n\t\t\t<\/div><\/figure><figure class='gallery-item'>\n\t\t\t<div class='gallery-icon landscape'>\n\t\t\t\t<a href='https:\/\/redenoticiaz.com.br\/ribeiraopreto-regiao\/sp\/2022\/10\/25\/veja-os-finalistas-do-concurso-de-fotos-mais-engracadas-da-vida-selvagem\/animais-hilarios-conheca-os-finalistas-do-concurso-de-fotos-engracas-da-vida-selvagem-21102022153300351'><img loading=\"lazy\" decoding=\"async\" width=\"300\" height=\"200\" src=\"https:\/\/redenoticiaz.com.br\/ribeiraopreto-regiao\/wp-content\/uploads\/sites\/4\/2022\/10\/animais-hilarios-conheca-os-finalistas-do-concurso-de-fotos-engracas-da-vida-selvagem-21102022153300351-300x200.jpeg\" class=\"attachment-medium size-medium\" alt=\"\" srcset=\"https:\/\/redenoticiaz.com.br\/ribeiraopreto-regiao\/wp-content\/uploads\/sites\/4\/2022\/10\/animais-hilarios-conheca-os-finalistas-do-concurso-de-fotos-engracas-da-vida-selvagem-21102022153300351-300x200.jpeg 300w, https:\/\/redenoticiaz.com.br\/ribeiraopreto-regiao\/wp-content\/uploads\/sites\/4\/2022\/10\/animais-hilarios-conheca-os-finalistas-do-concurso-de-fotos-engracas-da-vida-selvagem-21102022153300351.jpeg 631w\" sizes=\"auto, (max-width: 300px) 100vw, 300px\" \/><\/a>\n\t\t\t<\/div><\/figure><figure class='gallery-item'>\n\t\t\t<div class='gallery-icon landscape'>\n\t\t\t\t<a href='https:\/\/redenoticiaz.com.br\/ribeiraopreto-regiao\/sp\/2022\/10\/25\/veja-os-finalistas-do-concurso-de-fotos-mais-engracadas-da-vida-selvagem\/animais-hilarios-conheca-os-finalistas-do-concurso-de-fotos-engracas-da-vida-selvagem-21102022153301019'><img loading=\"lazy\" decoding=\"async\" width=\"300\" height=\"200\" src=\"https:\/\/redenoticiaz.com.br\/ribeiraopreto-regiao\/wp-content\/uploads\/sites\/4\/2022\/10\/animais-hilarios-conheca-os-finalistas-do-concurso-de-fotos-engracas-da-vida-selvagem-21102022153301019-300x200.jpeg\" class=\"attachment-medium size-medium\" alt=\"\" srcset=\"https:\/\/redenoticiaz.com.br\/ribeiraopreto-regiao\/wp-content\/uploads\/sites\/4\/2022\/10\/animais-hilarios-conheca-os-finalistas-do-concurso-de-fotos-engracas-da-vida-selvagem-21102022153301019-300x200.jpeg 300w, https:\/\/redenoticiaz.com.br\/ribeiraopreto-regiao\/wp-content\/uploads\/sites\/4\/2022\/10\/animais-hilarios-conheca-os-finalistas-do-concurso-de-fotos-engracas-da-vida-selvagem-21102022153301019.jpeg 631w\" sizes=\"auto, (max-width: 300px) 100vw, 300px\" \/><\/a>\n\t\t\t<\/div><\/figure><figure class='gallery-item'>\n\t\t\t<div class='gallery-icon landscape'>\n\t\t\t\t<a href='https:\/\/redenoticiaz.com.br\/ribeiraopreto-regiao\/sp\/2022\/10\/25\/veja-os-finalistas-do-concurso-de-fotos-mais-engracadas-da-vida-selvagem\/animais-hilarios-conheca-os-finalistas-do-concurso-de-fotos-engracas-da-vida-selvagem-21102022153301588'><img loading=\"lazy\" decoding=\"async\" width=\"300\" height=\"200\" src=\"https:\/\/redenoticiaz.com.br\/ribeiraopreto-regiao\/wp-content\/uploads\/sites\/4\/2022\/10\/animais-hilarios-conheca-os-finalistas-do-concurso-de-fotos-engracas-da-vida-selvagem-21102022153301588-300x200.jpeg\" class=\"attachment-medium size-medium\" alt=\"\" srcset=\"https:\/\/redenoticiaz.com.br\/ribeiraopreto-regiao\/wp-content\/uploads\/sites\/4\/2022\/10\/animais-hilarios-conheca-os-finalistas-do-concurso-de-fotos-engracas-da-vida-selvagem-21102022153301588-300x200.jpeg 300w, https:\/\/redenoticiaz.com.br\/ribeiraopreto-regiao\/wp-content\/uploads\/sites\/4\/2022\/10\/animais-hilarios-conheca-os-finalistas-do-concurso-de-fotos-engracas-da-vida-selvagem-21102022153301588.jpeg 629w\" sizes=\"auto, (max-width: 300px) 100vw, 300px\" \/><\/a>\n\t\t\t<\/div><\/figure><figure class='gallery-item'>\n\t\t\t<div class='gallery-icon landscape'>\n\t\t\t\t<a href='https:\/\/redenoticiaz.com.br\/ribeiraopreto-regiao\/sp\/2022\/10\/25\/veja-os-finalistas-do-concurso-de-fotos-mais-engracadas-da-vida-selvagem\/animais-hilarios-conheca-os-finalistas-do-concurso-de-fotos-engracas-da-vida-selvagem-21102022153302087'><img loading=\"lazy\" decoding=\"async\" width=\"300\" height=\"234\" src=\"https:\/\/redenoticiaz.com.br\/ribeiraopreto-regiao\/wp-content\/uploads\/sites\/4\/2022\/10\/animais-hilarios-conheca-os-finalistas-do-concurso-de-fotos-engracas-da-vida-selvagem-21102022153302087-300x234.jpeg\" class=\"attachment-medium size-medium\" alt=\"\" srcset=\"https:\/\/redenoticiaz.com.br\/ribeiraopreto-regiao\/wp-content\/uploads\/sites\/4\/2022\/10\/animais-hilarios-conheca-os-finalistas-do-concurso-de-fotos-engracas-da-vida-selvagem-21102022153302087-300x234.jpeg 300w, https:\/\/redenoticiaz.com.br\/ribeiraopreto-regiao\/wp-content\/uploads\/sites\/4\/2022\/10\/animais-hilarios-conheca-os-finalistas-do-concurso-de-fotos-engracas-da-vida-selvagem-21102022153302087.jpeg 539w\" sizes=\"auto, (max-width: 300px) 100vw, 300px\" \/><\/a>\n\t\t\t<\/div><\/figure><figure class='gallery-item'>\n\t\t\t<div class='gallery-icon portrait'>\n\t\t\t\t<a href='https:\/\/redenoticiaz.com.br\/ribeiraopreto-regiao\/sp\/2022\/10\/25\/veja-os-finalistas-do-concurso-de-fotos-mais-engracadas-da-vida-selvagem\/animais-hilarios-conheca-os-finalistas-do-concurso-de-fotos-engracas-da-vida-selvagem-21102022153302442'><img loading=\"lazy\" decoding=\"async\" width=\"244\" height=\"300\" src=\"https:\/\/redenoticiaz.com.br\/ribeiraopreto-regiao\/wp-content\/uploads\/sites\/4\/2022\/10\/animais-hilarios-conheca-os-finalistas-do-concurso-de-fotos-engracas-da-vida-selvagem-21102022153302442-244x300.jpeg\" class=\"attachment-medium size-medium\" alt=\"\" srcset=\"https:\/\/redenoticiaz.com.br\/ribeiraopreto-regiao\/wp-content\/uploads\/sites\/4\/2022\/10\/animais-hilarios-conheca-os-finalistas-do-concurso-de-fotos-engracas-da-vida-selvagem-21102022153302442-244x300.jpeg 244w, https:\/\/redenoticiaz.com.br\/ribeiraopreto-regiao\/wp-content\/uploads\/sites\/4\/2022\/10\/animais-hilarios-conheca-os-finalistas-do-concurso-de-fotos-engracas-da-vida-selvagem-21102022153302442.jpeg 342w\" sizes=\"auto, (max-width: 244px) 100vw, 244px\" \/><\/a>\n\t\t\t<\/div><\/figure><figure class='gallery-item'>\n\t\t\t<div class='gallery-icon landscape'>\n\t\t\t\t<a href='https:\/\/redenoticiaz.com.br\/ribeiraopreto-regiao\/sp\/2022\/10\/25\/veja-os-finalistas-do-concurso-de-fotos-mais-engracadas-da-vida-selvagem\/animais-hilarios-conheca-os-finalistas-do-concurso-de-fotos-engracas-da-vida-selvagem-21102022153303004'><img loading=\"lazy\" decoding=\"async\" width=\"300\" height=\"200\" src=\"https:\/\/redenoticiaz.com.br\/ribeiraopreto-regiao\/wp-content\/uploads\/sites\/4\/2022\/10\/animais-hilarios-conheca-os-finalistas-do-concurso-de-fotos-engracas-da-vida-selvagem-21102022153303004-300x200.jpeg\" class=\"attachment-medium size-medium\" alt=\"\" srcset=\"https:\/\/redenoticiaz.com.br\/ribeiraopreto-regiao\/wp-content\/uploads\/sites\/4\/2022\/10\/animais-hilarios-conheca-os-finalistas-do-concurso-de-fotos-engracas-da-vida-selvagem-21102022153303004-300x200.jpeg 300w, https:\/\/redenoticiaz.com.br\/ribeiraopreto-regiao\/wp-content\/uploads\/sites\/4\/2022\/10\/animais-hilarios-conheca-os-finalistas-do-concurso-de-fotos-engracas-da-vida-selvagem-21102022153303004.jpeg 630w\" sizes=\"auto, (max-width: 300px) 100vw, 300px\" \/><\/a>\n\t\t\t<\/div><\/figure><figure class='gallery-item'>\n\t\t\t<div class='gallery-icon landscape'>\n\t\t\t\t<a href='https:\/\/redenoticiaz.com.br\/ribeiraopreto-regiao\/sp\/2022\/10\/25\/veja-os-finalistas-do-concurso-de-fotos-mais-engracadas-da-vida-selvagem\/animais-hilarios-conheca-os-finalistas-do-concurso-de-fotos-engracas-da-vida-selvagem-21102022153303451'><img loading=\"lazy\" decoding=\"async\" width=\"300\" height=\"200\" src=\"https:\/\/redenoticiaz.com.br\/ribeiraopreto-regiao\/wp-content\/uploads\/sites\/4\/2022\/10\/animais-hilarios-conheca-os-finalistas-do-concurso-de-fotos-engracas-da-vida-selvagem-21102022153303451-300x200.jpeg\" class=\"attachment-medium size-medium\" alt=\"\" srcset=\"https:\/\/redenoticiaz.com.br\/ribeiraopreto-regiao\/wp-content\/uploads\/sites\/4\/2022\/10\/animais-hilarios-conheca-os-finalistas-do-concurso-de-fotos-engracas-da-vida-selvagem-21102022153303451-300x200.jpeg 300w, https:\/\/redenoticiaz.com.br\/ribeiraopreto-regiao\/wp-content\/uploads\/sites\/4\/2022\/10\/animais-hilarios-conheca-os-finalistas-do-concurso-de-fotos-engracas-da-vida-selvagem-21102022153303451.jpeg 631w\" sizes=\"auto, (max-width: 300px) 100vw, 300px\" \/><\/a>\n\t\t\t<\/div><\/figure><figure class='gallery-item'>\n\t\t\t<div class='gallery-icon landscape'>\n\t\t\t\t<a href='https:\/\/redenoticiaz.com.br\/ribeiraopreto-regiao\/sp\/2022\/10\/25\/veja-os-finalistas-do-concurso-de-fotos-mais-engracadas-da-vida-selvagem\/animais-hilarios-conheca-os-finalistas-do-concurso-de-fotos-engracas-da-vida-selvagem-21102022153303847'><img loading=\"lazy\" decoding=\"async\" width=\"300\" height=\"200\" src=\"https:\/\/redenoticiaz.com.br\/ribeiraopreto-regiao\/wp-content\/uploads\/sites\/4\/2022\/10\/animais-hilarios-conheca-os-finalistas-do-concurso-de-fotos-engracas-da-vida-selvagem-21102022153303847-300x200.jpeg\" class=\"attachment-medium size-medium\" alt=\"\" srcset=\"https:\/\/redenoticiaz.com.br\/ribeiraopreto-regiao\/wp-content\/uploads\/sites\/4\/2022\/10\/animais-hilarios-conheca-os-finalistas-do-concurso-de-fotos-engracas-da-vida-selvagem-21102022153303847-300x200.jpeg 300w, https:\/\/redenoticiaz.com.br\/ribeiraopreto-regiao\/wp-content\/uploads\/sites\/4\/2022\/10\/animais-hilarios-conheca-os-finalistas-do-concurso-de-fotos-engracas-da-vida-selvagem-21102022153303847.jpeg 631w\" sizes=\"auto, (max-width: 300px) 100vw, 300px\" \/><\/a>\n\t\t\t<\/div><\/figure><figure class='gallery-item'>\n\t\t\t<div class='gallery-icon landscape'>\n\t\t\t\t<a href='https:\/\/redenoticiaz.com.br\/ribeiraopreto-regiao\/sp\/2022\/10\/25\/veja-os-finalistas-do-concurso-de-fotos-mais-engracadas-da-vida-selvagem\/animais-hilarios-conheca-os-finalistas-do-concurso-de-fotos-engracas-da-vida-selvagem-21102022153304260'><img loading=\"lazy\" decoding=\"async\" width=\"300\" height=\"169\" src=\"https:\/\/redenoticiaz.com.br\/ribeiraopreto-regiao\/wp-content\/uploads\/sites\/4\/2022\/10\/animais-hilarios-conheca-os-finalistas-do-concurso-de-fotos-engracas-da-vida-selvagem-21102022153304260-300x169.jpeg\" class=\"attachment-medium size-medium\" alt=\"\" srcset=\"https:\/\/redenoticiaz.com.br\/ribeiraopreto-regiao\/wp-content\/uploads\/sites\/4\/2022\/10\/animais-hilarios-conheca-os-finalistas-do-concurso-de-fotos-engracas-da-vida-selvagem-21102022153304260-300x169.jpeg 300w, https:\/\/redenoticiaz.com.br\/ribeiraopreto-regiao\/wp-content\/uploads\/sites\/4\/2022\/10\/animais-hilarios-conheca-os-finalistas-do-concurso-de-fotos-engracas-da-vida-selvagem-21102022153304260-390x220.jpeg 390w, https:\/\/redenoticiaz.com.br\/ribeiraopreto-regiao\/wp-content\/uploads\/sites\/4\/2022\/10\/animais-hilarios-conheca-os-finalistas-do-concurso-de-fotos-engracas-da-vida-selvagem-21102022153304260.jpeg 746w\" sizes=\"auto, (max-width: 300px) 100vw, 300px\" \/><\/a>\n\t\t\t<\/div><\/figure><figure class='gallery-item'>\n\t\t\t<div class='gallery-icon landscape'>\n\t\t\t\t<a href='https:\/\/redenoticiaz.com.br\/ribeiraopreto-regiao\/sp\/2022\/10\/25\/veja-os-finalistas-do-concurso-de-fotos-mais-engracadas-da-vida-selvagem\/conheca-os-finalistas-do-concurso-de-fotos-engracas-da-vida-selvagem-21102022171325365'><img loading=\"lazy\" decoding=\"async\" width=\"300\" height=\"169\" src=\"https:\/\/redenoticiaz.com.br\/ribeiraopreto-regiao\/wp-content\/uploads\/sites\/4\/2022\/10\/conheca-os-finalistas-do-concurso-de-fotos-engracas-da-vida-selvagem-21102022171325365-300x169.jpeg\" class=\"attachment-medium size-medium\" alt=\"\" srcset=\"https:\/\/redenoticiaz.com.br\/ribeiraopreto-regiao\/wp-content\/uploads\/sites\/4\/2022\/10\/conheca-os-finalistas-do-concurso-de-fotos-engracas-da-vida-selvagem-21102022171325365-300x169.jpeg 300w, https:\/\/redenoticiaz.com.br\/ribeiraopreto-regiao\/wp-content\/uploads\/sites\/4\/2022\/10\/conheca-os-finalistas-do-concurso-de-fotos-engracas-da-vida-selvagem-21102022171325365-390x220.jpeg 390w, https:\/\/redenoticiaz.com.br\/ribeiraopreto-regiao\/wp-content\/uploads\/sites\/4\/2022\/10\/conheca-os-finalistas-do-concurso-de-fotos-engracas-da-vida-selvagem-21102022171325365.jpeg 746w\" sizes=\"auto, (max-width: 300px) 100vw, 300px\" \/><\/a>\n\t\t\t<\/div><\/figure><figure class='gallery-item'>\n\t\t\t<div class='gallery-icon landscape'>\n\t\t\t\t<a href='https:\/\/redenoticiaz.com.br\/ribeiraopreto-regiao\/sp\/2022\/10\/25\/veja-os-finalistas-do-concurso-de-fotos-mais-engracadas-da-vida-selvagem\/conheca-os-finalistas-do-concurso-de-fotos-engracas-da-vida-selvagem-21102022171446374'><img loading=\"lazy\" decoding=\"async\" width=\"300\" height=\"200\" src=\"https:\/\/redenoticiaz.com.br\/ribeiraopreto-regiao\/wp-content\/uploads\/sites\/4\/2022\/10\/conheca-os-finalistas-do-concurso-de-fotos-engracas-da-vida-selvagem-21102022171446374-300x200.jpeg\" class=\"attachment-medium size-medium\" alt=\"\" srcset=\"https:\/\/redenoticiaz.com.br\/ribeiraopreto-regiao\/wp-content\/uploads\/sites\/4\/2022\/10\/conheca-os-finalistas-do-concurso-de-fotos-engracas-da-vida-selvagem-21102022171446374-300x200.jpeg 300w, https:\/\/redenoticiaz.com.br\/ribeiraopreto-regiao\/wp-content\/uploads\/sites\/4\/2022\/10\/conheca-os-finalistas-do-concurso-de-fotos-engracas-da-vida-selvagem-21102022171446374.jpeg 631w\" sizes=\"auto, (max-width: 300px) 100vw, 300px\" \/><\/a>\n\t\t\t<\/div><\/figure><figure class='gallery-item'>\n\t\t\t<div class='gallery-icon landscape'>\n\t\t\t\t<a href='https:\/\/redenoticiaz.com.br\/ribeiraopreto-regiao\/sp\/2022\/10\/25\/veja-os-finalistas-do-concurso-de-fotos-mais-engracadas-da-vida-selvagem\/conheca-os-finalistas-do-concurso-de-fotos-engracas-da-vida-selvagem-21102022172008530'><img loading=\"lazy\" decoding=\"async\" width=\"300\" height=\"200\" src=\"https:\/\/redenoticiaz.com.br\/ribeiraopreto-regiao\/wp-content\/uploads\/sites\/4\/2022\/10\/conheca-os-finalistas-do-concurso-de-fotos-engracas-da-vida-selvagem-21102022172008530-300x200.jpeg\" class=\"attachment-medium size-medium\" alt=\"\" srcset=\"https:\/\/redenoticiaz.com.br\/ribeiraopreto-regiao\/wp-content\/uploads\/sites\/4\/2022\/10\/conheca-os-finalistas-do-concurso-de-fotos-engracas-da-vida-selvagem-21102022172008530-300x200.jpeg 300w, https:\/\/redenoticiaz.com.br\/ribeiraopreto-regiao\/wp-content\/uploads\/sites\/4\/2022\/10\/conheca-os-finalistas-do-concurso-de-fotos-engracas-da-vida-selvagem-21102022172008530.jpeg 631w\" sizes=\"auto, (max-width: 300px) 100vw, 300px\" \/><\/a>\n\t\t\t<\/div><\/figure><figure class='gallery-item'>\n\t\t\t<div class='gallery-icon landscape'>\n\t\t\t\t<a href='https:\/\/redenoticiaz.com.br\/ribeiraopreto-regiao\/sp\/2022\/10\/25\/veja-os-finalistas-do-concurso-de-fotos-mais-engracadas-da-vida-selvagem\/conheca-os-finalistas-do-concurso-de-fotos-engracas-da-vida-selvagem-21102022172103356'><img loading=\"lazy\" decoding=\"async\" width=\"300\" height=\"196\" src=\"https:\/\/redenoticiaz.com.br\/ribeiraopreto-regiao\/wp-content\/uploads\/sites\/4\/2022\/10\/conheca-os-finalistas-do-concurso-de-fotos-engracas-da-vida-selvagem-21102022172103356-300x196.jpeg\" class=\"attachment-medium size-medium\" alt=\"\" srcset=\"https:\/\/redenoticiaz.com.br\/ribeiraopreto-regiao\/wp-content\/uploads\/sites\/4\/2022\/10\/conheca-os-finalistas-do-concurso-de-fotos-engracas-da-vida-selvagem-21102022172103356-300x196.jpeg 300w, https:\/\/redenoticiaz.com.br\/ribeiraopreto-regiao\/wp-content\/uploads\/sites\/4\/2022\/10\/conheca-os-finalistas-do-concurso-de-fotos-engracas-da-vida-selvagem-21102022172103356.jpeg 642w\" sizes=\"auto, (max-width: 300px) 100vw, 300px\" \/><\/a>\n\t\t\t<\/div><\/figure>\n\t\t<\/div>\n\n<p>VEJA TAMB\u00c9M:\u00a0<a href=\"https:\/\/redenoticiaz.com.br\/barretos-regiao\/sp\/2022\/08\/13\/gato-gigante-com-tamanho-de-crianca-de-2-anos-viraliza-nas-redes-sociais\">Gato gigante com tamanho de crian\u00e7a de 2 anos viraliza nas redes sociais<\/a><\/p>\n<\/div>\n<\/div>\n","protected":false},"excerpt":{"rendered":"<p>A natureza \u00e9 divertida e proporcionou o concurso Comedy Wildlife Photography Award, com objetivo de premiar as fotos mais engra\u00e7adas da vida selvagem. Confira as imagens finalistas da edi\u00e7\u00e3o de 2022. Entre as fotos selecionadas est\u00e3o o arremesso de canguru, o urso de &#8220;tr\u00eas cabe\u00e7as&#8221; e at\u00e9 uma discuss\u00e3o entre pinguins. Os internautas podem votar &hellip;<\/p>\n","protected":false},"author":15,"featured_media":93927,"comment_status":"open","ping_status":"closed","sticky":false,"template":"","format":"standard","meta":{"footnotes":""},"categories":[134],"tags":[1838,19409,21463,7861,21462],"class_list":["post-93912","post","type-post","status-publish","format-standard","has-post-thumbnail","hentry","category-entretenimento","tag-animais","tag-fotos","tag-fotos-engracadas","tag-premio","tag-vida-selvagem"],"yoast_head":"<!-- This site is optimized with the Yoast SEO plugin v27.4 - https:\/\/yoast.com\/product\/yoast-seo-wordpress\/ -->\n<title>Veja os finalistas do concurso de fotos mais engra\u00e7adas da vida selvagem - Ribeir\u00e3o Preto e Regi\u00e3o<\/title>\n<meta name=\"description\" content=\"O concurso Comedy Wildlife Photography Award, com objetivo de premiar as fotos mais engra\u00e7adas da vida selvagem...\" \/>\n<meta name=\"robots\" content=\"index, follow, max-snippet:-1, max-image-preview:large, max-video-preview:-1\" \/>\n<link rel=\"canonical\" href=\"https:\/\/redenoticiaz.com.br\/ribeiraopreto-regiao\/sp\/2022\/10\/25\/veja-os-finalistas-do-concurso-de-fotos-mais-engracadas-da-vida-selvagem\" \/>\n<meta property=\"og:locale\" content=\"pt_BR\" \/>\n<meta property=\"og:type\" content=\"article\" \/>\n<meta property=\"og:title\" content=\"Veja os finalistas do concurso de fotos mais engra\u00e7adas da vida selvagem - Ribeir\u00e3o Preto e Regi\u00e3o\" \/>\n<meta property=\"og:description\" content=\"O concurso Comedy Wildlife Photography Award, com objetivo de premiar as fotos mais engra\u00e7adas da vida selvagem...\" \/>\n<meta property=\"og:url\" content=\"https:\/\/redenoticiaz.com.br\/ribeiraopreto-regiao\/sp\/2022\/10\/25\/veja-os-finalistas-do-concurso-de-fotos-mais-engracadas-da-vida-selvagem\" \/>\n<meta property=\"og:site_name\" content=\"Ribeir\u00e3o Preto e Regi\u00e3o\" \/>\n<meta property=\"article:publisher\" content=\"https:\/\/m.facebook.com\/redenoticiaz.barretos\" \/>\n<meta property=\"article:published_time\" content=\"2022-10-25T19:33:24+00:00\" \/>\n<meta property=\"og:image\" content=\"https:\/\/redenoticiaz.com.br\/ribeiraopreto-regiao\/wp-content\/uploads\/sites\/4\/2022\/10\/conheca-os-finalistas-do-concurso-de-fotos-engracas-da-vida-selvagem-21102022171058945.jpeg\" \/>\n\t<meta property=\"og:image:width\" content=\"631\" \/>\n\t<meta property=\"og:image:height\" content=\"420\" \/>\n\t<meta property=\"og:image:type\" content=\"image\/jpeg\" \/>\n<meta name=\"twitter:card\" content=\"summary_large_image\" \/>\n<meta name=\"twitter:creator\" content=\"@RN_barretos\" \/>\n<meta name=\"twitter:site\" content=\"@RN_barretos\" \/>\n<meta name=\"twitter:label1\" content=\"Escrito por\" \/>\n\t<meta name=\"twitter:data1\" content=\"\" \/>\n\t<meta name=\"twitter:label2\" content=\"Est. tempo de leitura\" \/>\n\t<meta name=\"twitter:data2\" content=\"1 minuto\" \/>\n<script type=\"application\/ld+json\" class=\"yoast-schema-graph\">{\"@context\":\"https:\\\/\\\/schema.org\",\"@graph\":[{\"@type\":\"Article\",\"@id\":\"https:\\\/\\\/redenoticiaz.com.br\\\/ribeiraopreto-regiao\\\/sp\\\/2022\\\/10\\\/25\\\/veja-os-finalistas-do-concurso-de-fotos-mais-engracadas-da-vida-selvagem#article\",\"isPartOf\":{\"@id\":\"https:\\\/\\\/redenoticiaz.com.br\\\/ribeiraopreto-regiao\\\/sp\\\/2022\\\/10\\\/25\\\/veja-os-finalistas-do-concurso-de-fotos-mais-engracadas-da-vida-selvagem\"},\"author\":{\"name\":\"\",\"@id\":\"\"},\"headline\":\"Veja os finalistas do concurso de fotos mais engra\u00e7adas da vida selvagem\",\"datePublished\":\"2022-10-25T19:33:24+00:00\",\"mainEntityOfPage\":{\"@id\":\"https:\\\/\\\/redenoticiaz.com.br\\\/ribeiraopreto-regiao\\\/sp\\\/2022\\\/10\\\/25\\\/veja-os-finalistas-do-concurso-de-fotos-mais-engracadas-da-vida-selvagem\"},\"wordCount\":121,\"commentCount\":0,\"publisher\":{\"@id\":\"https:\\\/\\\/redenoticiaz.com.br\\\/ribeiraopreto-regiao\\\/#organization\"},\"image\":{\"@id\":\"https:\\\/\\\/redenoticiaz.com.br\\\/ribeiraopreto-regiao\\\/sp\\\/2022\\\/10\\\/25\\\/veja-os-finalistas-do-concurso-de-fotos-mais-engracadas-da-vida-selvagem#primaryimage\"},\"thumbnailUrl\":\"https:\\\/\\\/redenoticiaz.com.br\\\/ribeiraopreto-regiao\\\/wp-content\\\/uploads\\\/sites\\\/4\\\/2022\\\/10\\\/conheca-os-finalistas-do-concurso-de-fotos-engracas-da-vida-selvagem-21102022171058945.jpeg\",\"keywords\":[\"ANIMAIS\",\"FOTOS\",\"FOTOS ENGRA\u00c7ADAS\",\"PR\u00caMIO\",\"VIDA SELVAGEM\"],\"articleSection\":[\"Entretenimento\"],\"inLanguage\":\"pt-BR\",\"potentialAction\":[{\"@type\":\"CommentAction\",\"name\":\"Comment\",\"target\":[\"https:\\\/\\\/redenoticiaz.com.br\\\/ribeiraopreto-regiao\\\/sp\\\/2022\\\/10\\\/25\\\/veja-os-finalistas-do-concurso-de-fotos-mais-engracadas-da-vida-selvagem#respond\"]}]},{\"@type\":\"WebPage\",\"@id\":\"https:\\\/\\\/redenoticiaz.com.br\\\/ribeiraopreto-regiao\\\/sp\\\/2022\\\/10\\\/25\\\/veja-os-finalistas-do-concurso-de-fotos-mais-engracadas-da-vida-selvagem\",\"url\":\"https:\\\/\\\/redenoticiaz.com.br\\\/ribeiraopreto-regiao\\\/sp\\\/2022\\\/10\\\/25\\\/veja-os-finalistas-do-concurso-de-fotos-mais-engracadas-da-vida-selvagem\",\"name\":\"Veja os finalistas do concurso de fotos mais engra\u00e7adas da vida selvagem - Ribeir\u00e3o Preto e Regi\u00e3o\",\"isPartOf\":{\"@id\":\"https:\\\/\\\/redenoticiaz.com.br\\\/ribeiraopreto-regiao\\\/#website\"},\"primaryImageOfPage\":{\"@id\":\"https:\\\/\\\/redenoticiaz.com.br\\\/ribeiraopreto-regiao\\\/sp\\\/2022\\\/10\\\/25\\\/veja-os-finalistas-do-concurso-de-fotos-mais-engracadas-da-vida-selvagem#primaryimage\"},\"image\":{\"@id\":\"https:\\\/\\\/redenoticiaz.com.br\\\/ribeiraopreto-regiao\\\/sp\\\/2022\\\/10\\\/25\\\/veja-os-finalistas-do-concurso-de-fotos-mais-engracadas-da-vida-selvagem#primaryimage\"},\"thumbnailUrl\":\"https:\\\/\\\/redenoticiaz.com.br\\\/ribeiraopreto-regiao\\\/wp-content\\\/uploads\\\/sites\\\/4\\\/2022\\\/10\\\/conheca-os-finalistas-do-concurso-de-fotos-engracas-da-vida-selvagem-21102022171058945.jpeg\",\"datePublished\":\"2022-10-25T19:33:24+00:00\",\"description\":\"O concurso Comedy Wildlife Photography Award, com objetivo de premiar as fotos mais engra\u00e7adas da vida selvagem...\",\"inLanguage\":\"pt-BR\",\"potentialAction\":[{\"@type\":\"ReadAction\",\"target\":[\"https:\\\/\\\/redenoticiaz.com.br\\\/ribeiraopreto-regiao\\\/sp\\\/2022\\\/10\\\/25\\\/veja-os-finalistas-do-concurso-de-fotos-mais-engracadas-da-vida-selvagem\"]}]},{\"@type\":\"ImageObject\",\"inLanguage\":\"pt-BR\",\"@id\":\"https:\\\/\\\/redenoticiaz.com.br\\\/ribeiraopreto-regiao\\\/sp\\\/2022\\\/10\\\/25\\\/veja-os-finalistas-do-concurso-de-fotos-mais-engracadas-da-vida-selvagem#primaryimage\",\"url\":\"https:\\\/\\\/redenoticiaz.com.br\\\/ribeiraopreto-regiao\\\/wp-content\\\/uploads\\\/sites\\\/4\\\/2022\\\/10\\\/conheca-os-finalistas-do-concurso-de-fotos-engracas-da-vida-selvagem-21102022171058945.jpeg\",\"contentUrl\":\"https:\\\/\\\/redenoticiaz.com.br\\\/ribeiraopreto-regiao\\\/wp-content\\\/uploads\\\/sites\\\/4\\\/2022\\\/10\\\/conheca-os-finalistas-do-concurso-de-fotos-engracas-da-vida-selvagem-21102022171058945.jpeg\",\"width\":631,\"height\":420,\"caption\":\"Finalistas do concurso fotos mais engra\u00e7adas da natureza. Cr\u00e9dito: Reprodu\u00e7\u00e3o\"},{\"@type\":\"WebSite\",\"@id\":\"https:\\\/\\\/redenoticiaz.com.br\\\/ribeiraopreto-regiao\\\/#website\",\"url\":\"https:\\\/\\\/redenoticiaz.com.br\\\/ribeiraopreto-regiao\\\/\",\"name\":\"Ribeir\u00e3o Preto e Regi\u00e3o\",\"description\":\"Rede NoticiaZ - Ribeir\u00e3o Preto e regi\u00e3o\",\"publisher\":{\"@id\":\"https:\\\/\\\/redenoticiaz.com.br\\\/ribeiraopreto-regiao\\\/#organization\"},\"potentialAction\":[{\"@type\":\"SearchAction\",\"target\":{\"@type\":\"EntryPoint\",\"urlTemplate\":\"https:\\\/\\\/redenoticiaz.com.br\\\/ribeiraopreto-regiao\\\/?s={search_term_string}\"},\"query-input\":{\"@type\":\"PropertyValueSpecification\",\"valueRequired\":true,\"valueName\":\"search_term_string\"}}],\"inLanguage\":\"pt-BR\"},{\"@type\":\"Organization\",\"@id\":\"https:\\\/\\\/redenoticiaz.com.br\\\/ribeiraopreto-regiao\\\/#organization\",\"name\":\"Ribeir\u00e3o Preto e Regi\u00e3o\",\"url\":\"https:\\\/\\\/redenoticiaz.com.br\\\/ribeiraopreto-regiao\\\/\",\"logo\":{\"@type\":\"ImageObject\",\"inLanguage\":\"pt-BR\",\"@id\":\"https:\\\/\\\/redenoticiaz.com.br\\\/ribeiraopreto-regiao\\\/#\\\/schema\\\/logo\\\/image\\\/\",\"url\":\"https:\\\/\\\/redenoticiaz.com.br\\\/barretos-regiao\\\/wp-content\\\/uploads\\\/sites\\\/4\\\/2022\\\/02\\\/logo.jpg\",\"contentUrl\":\"https:\\\/\\\/redenoticiaz.com.br\\\/barretos-regiao\\\/wp-content\\\/uploads\\\/sites\\\/4\\\/2022\\\/02\\\/logo.jpg\",\"width\":400,\"height\":250,\"caption\":\"Ribeir\u00e3o Preto e Regi\u00e3o\"},\"image\":{\"@id\":\"https:\\\/\\\/redenoticiaz.com.br\\\/ribeiraopreto-regiao\\\/#\\\/schema\\\/logo\\\/image\\\/\"},\"sameAs\":[\"https:\\\/\\\/m.facebook.com\\\/redenoticiaz.barretos\",\"https:\\\/\\\/x.com\\\/RN_barretos\",\"https:\\\/\\\/www.instagram.com\\\/redenoticiaz.barretos\\\/?igshid=YmMyMTA2M2Y\",\"https:\\\/\\\/www.linkedin.com\\\/company\\\/rede-noticiaz-barretos-e-regio\\\/\"]},{\"@type\":\"Person\",\"@id\":\"\",\"url\":\"https:\\\/\\\/redenoticiaz.com.br\\\/ribeiraopreto-regiao\\\/sp\\\/author\"}]}<\/script>\n<!-- \/ Yoast SEO plugin. -->","yoast_head_json":{"title":"Veja os finalistas do concurso de fotos mais engra\u00e7adas da vida selvagem - Ribeir\u00e3o Preto e Regi\u00e3o","description":"O concurso Comedy Wildlife Photography Award, com objetivo de premiar as fotos mais engra\u00e7adas da vida selvagem...","robots":{"index":"index","follow":"follow","max-snippet":"max-snippet:-1","max-image-preview":"max-image-preview:large","max-video-preview":"max-video-preview:-1"},"canonical":"https:\/\/redenoticiaz.com.br\/ribeiraopreto-regiao\/sp\/2022\/10\/25\/veja-os-finalistas-do-concurso-de-fotos-mais-engracadas-da-vida-selvagem","og_locale":"pt_BR","og_type":"article","og_title":"Veja os finalistas do concurso de fotos mais engra\u00e7adas da vida selvagem - Ribeir\u00e3o Preto e Regi\u00e3o","og_description":"O concurso Comedy Wildlife Photography Award, com objetivo de premiar as fotos mais engra\u00e7adas da vida selvagem...","og_url":"https:\/\/redenoticiaz.com.br\/ribeiraopreto-regiao\/sp\/2022\/10\/25\/veja-os-finalistas-do-concurso-de-fotos-mais-engracadas-da-vida-selvagem","og_site_name":"Ribeir\u00e3o Preto e Regi\u00e3o","article_publisher":"https:\/\/m.facebook.com\/redenoticiaz.barretos","article_published_time":"2022-10-25T19:33:24+00:00","og_image":[{"width":631,"height":420,"url":"https:\/\/redenoticiaz.com.br\/ribeiraopreto-regiao\/wp-content\/uploads\/sites\/4\/2022\/10\/conheca-os-finalistas-do-concurso-de-fotos-engracas-da-vida-selvagem-21102022171058945.jpeg","type":"image\/jpeg"}],"twitter_card":"summary_large_image","twitter_creator":"@RN_barretos","twitter_site":"@RN_barretos","twitter_misc":{"Escrito por":"","Est. tempo de leitura":"1 minuto"},"schema":{"@context":"https:\/\/schema.org","@graph":[{"@type":"Article","@id":"https:\/\/redenoticiaz.com.br\/ribeiraopreto-regiao\/sp\/2022\/10\/25\/veja-os-finalistas-do-concurso-de-fotos-mais-engracadas-da-vida-selvagem#article","isPartOf":{"@id":"https:\/\/redenoticiaz.com.br\/ribeiraopreto-regiao\/sp\/2022\/10\/25\/veja-os-finalistas-do-concurso-de-fotos-mais-engracadas-da-vida-selvagem"},"author":{"name":"","@id":""},"headline":"Veja os finalistas do concurso de fotos mais engra\u00e7adas da vida selvagem","datePublished":"2022-10-25T19:33:24+00:00","mainEntityOfPage":{"@id":"https:\/\/redenoticiaz.com.br\/ribeiraopreto-regiao\/sp\/2022\/10\/25\/veja-os-finalistas-do-concurso-de-fotos-mais-engracadas-da-vida-selvagem"},"wordCount":121,"commentCount":0,"publisher":{"@id":"https:\/\/redenoticiaz.com.br\/ribeiraopreto-regiao\/#organization"},"image":{"@id":"https:\/\/redenoticiaz.com.br\/ribeiraopreto-regiao\/sp\/2022\/10\/25\/veja-os-finalistas-do-concurso-de-fotos-mais-engracadas-da-vida-selvagem#primaryimage"},"thumbnailUrl":"https:\/\/redenoticiaz.com.br\/ribeiraopreto-regiao\/wp-content\/uploads\/sites\/4\/2022\/10\/conheca-os-finalistas-do-concurso-de-fotos-engracas-da-vida-selvagem-21102022171058945.jpeg","keywords":["ANIMAIS","FOTOS","FOTOS ENGRA\u00c7ADAS","PR\u00caMIO","VIDA SELVAGEM"],"articleSection":["Entretenimento"],"inLanguage":"pt-BR","potentialAction":[{"@type":"CommentAction","name":"Comment","target":["https:\/\/redenoticiaz.com.br\/ribeiraopreto-regiao\/sp\/2022\/10\/25\/veja-os-finalistas-do-concurso-de-fotos-mais-engracadas-da-vida-selvagem#respond"]}]},{"@type":"WebPage","@id":"https:\/\/redenoticiaz.com.br\/ribeiraopreto-regiao\/sp\/2022\/10\/25\/veja-os-finalistas-do-concurso-de-fotos-mais-engracadas-da-vida-selvagem","url":"https:\/\/redenoticiaz.com.br\/ribeiraopreto-regiao\/sp\/2022\/10\/25\/veja-os-finalistas-do-concurso-de-fotos-mais-engracadas-da-vida-selvagem","name":"Veja os finalistas do concurso de fotos mais engra\u00e7adas da vida selvagem - Ribeir\u00e3o Preto e Regi\u00e3o","isPartOf":{"@id":"https:\/\/redenoticiaz.com.br\/ribeiraopreto-regiao\/#website"},"primaryImageOfPage":{"@id":"https:\/\/redenoticiaz.com.br\/ribeiraopreto-regiao\/sp\/2022\/10\/25\/veja-os-finalistas-do-concurso-de-fotos-mais-engracadas-da-vida-selvagem#primaryimage"},"image":{"@id":"https:\/\/redenoticiaz.com.br\/ribeiraopreto-regiao\/sp\/2022\/10\/25\/veja-os-finalistas-do-concurso-de-fotos-mais-engracadas-da-vida-selvagem#primaryimage"},"thumbnailUrl":"https:\/\/redenoticiaz.com.br\/ribeiraopreto-regiao\/wp-content\/uploads\/sites\/4\/2022\/10\/conheca-os-finalistas-do-concurso-de-fotos-engracas-da-vida-selvagem-21102022171058945.jpeg","datePublished":"2022-10-25T19:33:24+00:00","description":"O concurso Comedy Wildlife Photography Award, com objetivo de premiar as fotos mais engra\u00e7adas da vida selvagem...","inLanguage":"pt-BR","potentialAction":[{"@type":"ReadAction","target":["https:\/\/redenoticiaz.com.br\/ribeiraopreto-regiao\/sp\/2022\/10\/25\/veja-os-finalistas-do-concurso-de-fotos-mais-engracadas-da-vida-selvagem"]}]},{"@type":"ImageObject","inLanguage":"pt-BR","@id":"https:\/\/redenoticiaz.com.br\/ribeiraopreto-regiao\/sp\/2022\/10\/25\/veja-os-finalistas-do-concurso-de-fotos-mais-engracadas-da-vida-selvagem#primaryimage","url":"https:\/\/redenoticiaz.com.br\/ribeiraopreto-regiao\/wp-content\/uploads\/sites\/4\/2022\/10\/conheca-os-finalistas-do-concurso-de-fotos-engracas-da-vida-selvagem-21102022171058945.jpeg","contentUrl":"https:\/\/redenoticiaz.com.br\/ribeiraopreto-regiao\/wp-content\/uploads\/sites\/4\/2022\/10\/conheca-os-finalistas-do-concurso-de-fotos-engracas-da-vida-selvagem-21102022171058945.jpeg","width":631,"height":420,"caption":"Finalistas do concurso fotos mais engra\u00e7adas da natureza. Cr\u00e9dito: Reprodu\u00e7\u00e3o"},{"@type":"WebSite","@id":"https:\/\/redenoticiaz.com.br\/ribeiraopreto-regiao\/#website","url":"https:\/\/redenoticiaz.com.br\/ribeiraopreto-regiao\/","name":"Ribeir\u00e3o Preto e Regi\u00e3o","description":"Rede NoticiaZ - Ribeir\u00e3o Preto e regi\u00e3o","publisher":{"@id":"https:\/\/redenoticiaz.com.br\/ribeiraopreto-regiao\/#organization"},"potentialAction":[{"@type":"SearchAction","target":{"@type":"EntryPoint","urlTemplate":"https:\/\/redenoticiaz.com.br\/ribeiraopreto-regiao\/?s={search_term_string}"},"query-input":{"@type":"PropertyValueSpecification","valueRequired":true,"valueName":"search_term_string"}}],"inLanguage":"pt-BR"},{"@type":"Organization","@id":"https:\/\/redenoticiaz.com.br\/ribeiraopreto-regiao\/#organization","name":"Ribeir\u00e3o Preto e Regi\u00e3o","url":"https:\/\/redenoticiaz.com.br\/ribeiraopreto-regiao\/","logo":{"@type":"ImageObject","inLanguage":"pt-BR","@id":"https:\/\/redenoticiaz.com.br\/ribeiraopreto-regiao\/#\/schema\/logo\/image\/","url":"https:\/\/redenoticiaz.com.br\/barretos-regiao\/wp-content\/uploads\/sites\/4\/2022\/02\/logo.jpg","contentUrl":"https:\/\/redenoticiaz.com.br\/barretos-regiao\/wp-content\/uploads\/sites\/4\/2022\/02\/logo.jpg","width":400,"height":250,"caption":"Ribeir\u00e3o Preto e Regi\u00e3o"},"image":{"@id":"https:\/\/redenoticiaz.com.br\/ribeiraopreto-regiao\/#\/schema\/logo\/image\/"},"sameAs":["https:\/\/m.facebook.com\/redenoticiaz.barretos","https:\/\/x.com\/RN_barretos","https:\/\/www.instagram.com\/redenoticiaz.barretos\/?igshid=YmMyMTA2M2Y","https:\/\/www.linkedin.com\/company\/rede-noticiaz-barretos-e-regio\/"]},{"@type":"Person","@id":"","url":"https:\/\/redenoticiaz.com.br\/ribeiraopreto-regiao\/sp\/author"}]}},"_links":{"self":[{"href":"https:\/\/redenoticiaz.com.br\/ribeiraopreto-regiao\/wp-json\/wp\/v2\/posts\/93912","targetHints":{"allow":["GET"]}}],"collection":[{"href":"https:\/\/redenoticiaz.com.br\/ribeiraopreto-regiao\/wp-json\/wp\/v2\/posts"}],"about":[{"href":"https:\/\/redenoticiaz.com.br\/ribeiraopreto-regiao\/wp-json\/wp\/v2\/types\/post"}],"author":[{"embeddable":true,"href":"https:\/\/redenoticiaz.com.br\/ribeiraopreto-regiao\/wp-json\/wp\/v2\/users\/15"}],"replies":[{"embeddable":true,"href":"https:\/\/redenoticiaz.com.br\/ribeiraopreto-regiao\/wp-json\/wp\/v2\/comments?post=93912"}],"version-history":[{"count":1,"href":"https:\/\/redenoticiaz.com.br\/ribeiraopreto-regiao\/wp-json\/wp\/v2\/posts\/93912\/revisions"}],"predecessor-version":[{"id":93928,"href":"https:\/\/redenoticiaz.com.br\/ribeiraopreto-regiao\/wp-json\/wp\/v2\/posts\/93912\/revisions\/93928"}],"wp:featuredmedia":[{"embeddable":true,"href":"https:\/\/redenoticiaz.com.br\/ribeiraopreto-regiao\/wp-json\/wp\/v2\/media\/93927"}],"wp:attachment":[{"href":"https:\/\/redenoticiaz.com.br\/ribeiraopreto-regiao\/wp-json\/wp\/v2\/media?parent=93912"}],"wp:term":[{"taxonomy":"category","embeddable":true,"href":"https:\/\/redenoticiaz.com.br\/ribeiraopreto-regiao\/wp-json\/wp\/v2\/categories?post=93912"},{"taxonomy":"post_tag","embeddable":true,"href":"https:\/\/redenoticiaz.com.br\/ribeiraopreto-regiao\/wp-json\/wp\/v2\/tags?post=93912"}],"curies":[{"name":"wp","href":"https:\/\/api.w.org\/{rel}","templated":true}]}}