{"id":93959,"date":"2022-10-26T13:03:51","date_gmt":"2022-10-26T16:03:51","guid":{"rendered":"https:\/\/redenoticiaz.com.br\/barretos-regiao\/?p=93959"},"modified":"2022-10-26T13:03:51","modified_gmt":"2022-10-26T16:03:51","slug":"eleitores-de-barretos-terao-transporte-coletivo-gratuito-no-2-turno","status":"publish","type":"post","link":"https:\/\/redenoticiaz.com.br\/ribeiraopreto-regiao\/sp\/2022\/10\/26\/eleitores-de-barretos-terao-transporte-coletivo-gratuito-no-2-turno","title":{"rendered":"Eleitores de Barretos ter\u00e3o transporte coletivo gratuito no 2\u00b0 turno"},"content":{"rendered":"<div>O<strong> Transporte Coletivo Municipal ser\u00e1 gratuito<\/strong> no pr\u00f3ximo dia 30 de outubro em raz\u00e3o do segundo turno das elei\u00e7\u00f5es, quando os eleitores da Est\u00e2ncia Tur\u00edstica de Barretos ir\u00e3o \u00e0s urnas para escolher o governador do Estado de S\u00e3o Paulo e o presidente do Brasil.<\/div>\n<div><\/div>\n<div>Para atender a popula\u00e7\u00e3o, a partir das 6h estar\u00e3o em funcionamento as linhas de domingo, conforme as cores j\u00e1 preestabelecidas (branca, vermelha, amarela e verde). J\u00e1 das 7h \u00e0s 18h, todas as nove linhas que fazem o transporte coletivo di\u00e1rio, ir\u00e3o circular por todas as regi\u00f5es da cidade. Ap\u00f3s as 19h, as quatro linhas coloridas voltam \u00e0 normalidade.<\/div>\n<div><\/div>\n<div><strong>Tamb\u00e9m estar\u00e3o em funcionamento as linhas especiais<\/strong> que passam pelas unidades de sa\u00fade, atendendo a demanda dos profissionais da \u00e1rea, com \u00f4nibus \u00e0s 4h45, 14h15, 20h30 e 22h40.<\/div>\n<div><\/div>\n<div>BRANCA \u2013 Baroni, Mar\u00edlia, S\u00e3o Francisco, Jd. Anast\u00e1cio, San Diego, Santa Cec\u00edlia, Los Angeles, Jardim Europa, Jockey e Derby Clube.<\/div>\n<div>VERMELHA \u2013 Centro, Fortaleza, Exposi\u00e7\u00e3o, Am\u00e9rica, Hospital do Amor, Jardim Soares, Rios, Jardim Universit\u00e1rio, Nadir Kenan, Nilton Siqueira Sopa e Shopping.<\/div>\n<div>AMARELA \u2013 Gomes, Oriente, Residencial Minerva, Christiano Carvalho, Mais Parque, Hussein Genha, Pimenta, Santana, Sumar\u00e9, Barretos ll, Leda Am\u00eandola, Dom Bosco e Jardim dos Coqueiros.<\/div>\n<div>VERDE \u2013 Centro, Fortaleza, Shopping, Pedro Cavalini, Pereira, Cecap II, Grande Horizonte, JBS, Vida Nova, Nova Barretos, Ibirapuera, Nogueira e Fepasa.<\/div>\n<div><\/div>\n<div>VEJA TAMB\u00c9M:\u00a0<a href=\"https:\/\/redenoticiaz.com.br\/barretos-regiao\/sp\/2022\/10\/25\/eleitores-tem-ate-sabado-para-baixar-ou-atualizar-o-e-titulo\">Eleitores t\u00eam at\u00e9 s\u00e1bado para baixar ou atualizar o e-T\u00edtulo<\/a><\/div>\n","protected":false},"excerpt":{"rendered":"<p>O Transporte Coletivo Municipal ser\u00e1 gratuito no pr\u00f3ximo dia 30 de outubro em raz\u00e3o do segundo turno das elei\u00e7\u00f5es, quando os eleitores da Est\u00e2ncia Tur\u00edstica de Barretos ir\u00e3o \u00e0s urnas para escolher o governador do Estado de S\u00e3o Paulo e o presidente do Brasil. Para atender a popula\u00e7\u00e3o, a partir das 6h estar\u00e3o em funcionamento &hellip;<\/p>\n","protected":false},"author":15,"featured_media":93962,"comment_status":"open","ping_status":"closed","sticky":false,"template":"","format":"standard","meta":{"footnotes":""},"categories":[2921],"tags":[64,11700,20670,2241,16845],"class_list":["post-93959","post","type-post","status-publish","format-standard","has-post-thumbnail","hentry","category-transportes","tag-barretos","tag-domingo","tag-eleicao","tag-gratuito","tag-transporte-coletivo"],"yoast_head":"<!-- This site is optimized with the Yoast SEO plugin v27.4 - https:\/\/yoast.com\/product\/yoast-seo-wordpress\/ -->\n<title>Eleitores de Barretos ter\u00e3o transporte coletivo gratuito no 2\u00b0 turno - Ribeir\u00e3o Preto e Regi\u00e3o<\/title>\n<meta name=\"description\" content=\"O Transporte Coletivo Municipal ser\u00e1 gratuito no pr\u00f3ximo dia 30 de outubro em raz\u00e3o do segundo turno das elei\u00e7\u00f5es...\" \/>\n<meta name=\"robots\" content=\"index, follow, max-snippet:-1, max-image-preview:large, max-video-preview:-1\" \/>\n<link rel=\"canonical\" href=\"https:\/\/redenoticiaz.com.br\/ribeiraopreto-regiao\/sp\/2022\/10\/26\/eleitores-de-barretos-terao-transporte-coletivo-gratuito-no-2-turno\" \/>\n<meta property=\"og:locale\" content=\"pt_BR\" \/>\n<meta property=\"og:type\" content=\"article\" \/>\n<meta property=\"og:title\" content=\"Eleitores de Barretos ter\u00e3o transporte coletivo gratuito no 2\u00b0 turno - Ribeir\u00e3o Preto e Regi\u00e3o\" \/>\n<meta property=\"og:description\" content=\"O Transporte Coletivo Municipal ser\u00e1 gratuito no pr\u00f3ximo dia 30 de outubro em raz\u00e3o do segundo turno das elei\u00e7\u00f5es...\" \/>\n<meta property=\"og:url\" content=\"https:\/\/redenoticiaz.com.br\/ribeiraopreto-regiao\/sp\/2022\/10\/26\/eleitores-de-barretos-terao-transporte-coletivo-gratuito-no-2-turno\" \/>\n<meta property=\"og:site_name\" content=\"Ribeir\u00e3o Preto e Regi\u00e3o\" \/>\n<meta property=\"article:publisher\" content=\"https:\/\/m.facebook.com\/redenoticiaz.barretos\" \/>\n<meta property=\"article:published_time\" content=\"2022-10-26T16:03:51+00:00\" \/>\n<meta property=\"og:image\" content=\"https:\/\/redenoticiaz.com.br\/ribeiraopreto-regiao\/wp-content\/uploads\/sites\/4\/2022\/10\/Eleicoes-2022-Transporte-Coletivo-Municipal-funciona-ate-18h-no-domingo.png\" \/>\n\t<meta property=\"og:image:width\" content=\"940\" \/>\n\t<meta property=\"og:image:height\" content=\"788\" \/>\n\t<meta property=\"og:image:type\" content=\"image\/png\" \/>\n<meta name=\"twitter:card\" content=\"summary_large_image\" \/>\n<meta name=\"twitter:creator\" content=\"@RN_barretos\" \/>\n<meta name=\"twitter:site\" content=\"@RN_barretos\" \/>\n<meta name=\"twitter:label1\" content=\"Escrito por\" \/>\n\t<meta name=\"twitter:data1\" content=\"\" \/>\n\t<meta name=\"twitter:label2\" content=\"Est. tempo de leitura\" \/>\n\t<meta name=\"twitter:data2\" content=\"2 minutos\" \/>\n<script type=\"application\/ld+json\" class=\"yoast-schema-graph\">{\"@context\":\"https:\\\/\\\/schema.org\",\"@graph\":[{\"@type\":\"Article\",\"@id\":\"https:\\\/\\\/redenoticiaz.com.br\\\/ribeiraopreto-regiao\\\/sp\\\/2022\\\/10\\\/26\\\/eleitores-de-barretos-terao-transporte-coletivo-gratuito-no-2-turno#article\",\"isPartOf\":{\"@id\":\"https:\\\/\\\/redenoticiaz.com.br\\\/ribeiraopreto-regiao\\\/sp\\\/2022\\\/10\\\/26\\\/eleitores-de-barretos-terao-transporte-coletivo-gratuito-no-2-turno\"},\"author\":{\"name\":\"\",\"@id\":\"\"},\"headline\":\"Eleitores de Barretos ter\u00e3o transporte coletivo gratuito no 2\u00b0 turno\",\"datePublished\":\"2022-10-26T16:03:51+00:00\",\"mainEntityOfPage\":{\"@id\":\"https:\\\/\\\/redenoticiaz.com.br\\\/ribeiraopreto-regiao\\\/sp\\\/2022\\\/10\\\/26\\\/eleitores-de-barretos-terao-transporte-coletivo-gratuito-no-2-turno\"},\"wordCount\":261,\"commentCount\":0,\"publisher\":{\"@id\":\"https:\\\/\\\/redenoticiaz.com.br\\\/ribeiraopreto-regiao\\\/#organization\"},\"image\":{\"@id\":\"https:\\\/\\\/redenoticiaz.com.br\\\/ribeiraopreto-regiao\\\/sp\\\/2022\\\/10\\\/26\\\/eleitores-de-barretos-terao-transporte-coletivo-gratuito-no-2-turno#primaryimage\"},\"thumbnailUrl\":\"https:\\\/\\\/redenoticiaz.com.br\\\/ribeiraopreto-regiao\\\/wp-content\\\/uploads\\\/sites\\\/4\\\/2022\\\/10\\\/Eleicoes-2022-Transporte-Coletivo-Municipal-funciona-ate-18h-no-domingo.png\",\"keywords\":[\"BARRETOS\",\"DOMINGO\",\"ELEI\u00c7\u00c3O\",\"GRATUITO\",\"TRANSPORTE COLETIVO\"],\"articleSection\":[\"Transportes\"],\"inLanguage\":\"pt-BR\",\"potentialAction\":[{\"@type\":\"CommentAction\",\"name\":\"Comment\",\"target\":[\"https:\\\/\\\/redenoticiaz.com.br\\\/ribeiraopreto-regiao\\\/sp\\\/2022\\\/10\\\/26\\\/eleitores-de-barretos-terao-transporte-coletivo-gratuito-no-2-turno#respond\"]}]},{\"@type\":\"WebPage\",\"@id\":\"https:\\\/\\\/redenoticiaz.com.br\\\/ribeiraopreto-regiao\\\/sp\\\/2022\\\/10\\\/26\\\/eleitores-de-barretos-terao-transporte-coletivo-gratuito-no-2-turno\",\"url\":\"https:\\\/\\\/redenoticiaz.com.br\\\/ribeiraopreto-regiao\\\/sp\\\/2022\\\/10\\\/26\\\/eleitores-de-barretos-terao-transporte-coletivo-gratuito-no-2-turno\",\"name\":\"Eleitores de Barretos ter\u00e3o transporte coletivo gratuito no 2\u00b0 turno - Ribeir\u00e3o Preto e Regi\u00e3o\",\"isPartOf\":{\"@id\":\"https:\\\/\\\/redenoticiaz.com.br\\\/ribeiraopreto-regiao\\\/#website\"},\"primaryImageOfPage\":{\"@id\":\"https:\\\/\\\/redenoticiaz.com.br\\\/ribeiraopreto-regiao\\\/sp\\\/2022\\\/10\\\/26\\\/eleitores-de-barretos-terao-transporte-coletivo-gratuito-no-2-turno#primaryimage\"},\"image\":{\"@id\":\"https:\\\/\\\/redenoticiaz.com.br\\\/ribeiraopreto-regiao\\\/sp\\\/2022\\\/10\\\/26\\\/eleitores-de-barretos-terao-transporte-coletivo-gratuito-no-2-turno#primaryimage\"},\"thumbnailUrl\":\"https:\\\/\\\/redenoticiaz.com.br\\\/ribeiraopreto-regiao\\\/wp-content\\\/uploads\\\/sites\\\/4\\\/2022\\\/10\\\/Eleicoes-2022-Transporte-Coletivo-Municipal-funciona-ate-18h-no-domingo.png\",\"datePublished\":\"2022-10-26T16:03:51+00:00\",\"description\":\"O Transporte Coletivo Municipal ser\u00e1 gratuito no pr\u00f3ximo dia 30 de outubro em raz\u00e3o do segundo turno das elei\u00e7\u00f5es...\",\"inLanguage\":\"pt-BR\",\"potentialAction\":[{\"@type\":\"ReadAction\",\"target\":[\"https:\\\/\\\/redenoticiaz.com.br\\\/ribeiraopreto-regiao\\\/sp\\\/2022\\\/10\\\/26\\\/eleitores-de-barretos-terao-transporte-coletivo-gratuito-no-2-turno\"]}]},{\"@type\":\"ImageObject\",\"inLanguage\":\"pt-BR\",\"@id\":\"https:\\\/\\\/redenoticiaz.com.br\\\/ribeiraopreto-regiao\\\/sp\\\/2022\\\/10\\\/26\\\/eleitores-de-barretos-terao-transporte-coletivo-gratuito-no-2-turno#primaryimage\",\"url\":\"https:\\\/\\\/redenoticiaz.com.br\\\/ribeiraopreto-regiao\\\/wp-content\\\/uploads\\\/sites\\\/4\\\/2022\\\/10\\\/Eleicoes-2022-Transporte-Coletivo-Municipal-funciona-ate-18h-no-domingo.png\",\"contentUrl\":\"https:\\\/\\\/redenoticiaz.com.br\\\/ribeiraopreto-regiao\\\/wp-content\\\/uploads\\\/sites\\\/4\\\/2022\\\/10\\\/Eleicoes-2022-Transporte-Coletivo-Municipal-funciona-ate-18h-no-domingo.png\",\"width\":940,\"height\":788,\"caption\":\"Transporte Gratuito neste domingo. Cr\u00e9dito: Divulga\u00e7\u00e3o\"},{\"@type\":\"WebSite\",\"@id\":\"https:\\\/\\\/redenoticiaz.com.br\\\/ribeiraopreto-regiao\\\/#website\",\"url\":\"https:\\\/\\\/redenoticiaz.com.br\\\/ribeiraopreto-regiao\\\/\",\"name\":\"Ribeir\u00e3o Preto e Regi\u00e3o\",\"description\":\"Rede NoticiaZ - Ribeir\u00e3o Preto e regi\u00e3o\",\"publisher\":{\"@id\":\"https:\\\/\\\/redenoticiaz.com.br\\\/ribeiraopreto-regiao\\\/#organization\"},\"potentialAction\":[{\"@type\":\"SearchAction\",\"target\":{\"@type\":\"EntryPoint\",\"urlTemplate\":\"https:\\\/\\\/redenoticiaz.com.br\\\/ribeiraopreto-regiao\\\/?s={search_term_string}\"},\"query-input\":{\"@type\":\"PropertyValueSpecification\",\"valueRequired\":true,\"valueName\":\"search_term_string\"}}],\"inLanguage\":\"pt-BR\"},{\"@type\":\"Organization\",\"@id\":\"https:\\\/\\\/redenoticiaz.com.br\\\/ribeiraopreto-regiao\\\/#organization\",\"name\":\"Ribeir\u00e3o Preto e Regi\u00e3o\",\"url\":\"https:\\\/\\\/redenoticiaz.com.br\\\/ribeiraopreto-regiao\\\/\",\"logo\":{\"@type\":\"ImageObject\",\"inLanguage\":\"pt-BR\",\"@id\":\"https:\\\/\\\/redenoticiaz.com.br\\\/ribeiraopreto-regiao\\\/#\\\/schema\\\/logo\\\/image\\\/\",\"url\":\"https:\\\/\\\/redenoticiaz.com.br\\\/barretos-regiao\\\/wp-content\\\/uploads\\\/sites\\\/4\\\/2022\\\/02\\\/logo.jpg\",\"contentUrl\":\"https:\\\/\\\/redenoticiaz.com.br\\\/barretos-regiao\\\/wp-content\\\/uploads\\\/sites\\\/4\\\/2022\\\/02\\\/logo.jpg\",\"width\":400,\"height\":250,\"caption\":\"Ribeir\u00e3o Preto e Regi\u00e3o\"},\"image\":{\"@id\":\"https:\\\/\\\/redenoticiaz.com.br\\\/ribeiraopreto-regiao\\\/#\\\/schema\\\/logo\\\/image\\\/\"},\"sameAs\":[\"https:\\\/\\\/m.facebook.com\\\/redenoticiaz.barretos\",\"https:\\\/\\\/x.com\\\/RN_barretos\",\"https:\\\/\\\/www.instagram.com\\\/redenoticiaz.barretos\\\/?igshid=YmMyMTA2M2Y\",\"https:\\\/\\\/www.linkedin.com\\\/company\\\/rede-noticiaz-barretos-e-regio\\\/\"]},{\"@type\":\"Person\",\"@id\":\"\",\"url\":\"https:\\\/\\\/redenoticiaz.com.br\\\/ribeiraopreto-regiao\\\/sp\\\/author\"}]}<\/script>\n<!-- \/ Yoast SEO plugin. -->","yoast_head_json":{"title":"Eleitores de Barretos ter\u00e3o transporte coletivo gratuito no 2\u00b0 turno - Ribeir\u00e3o Preto e Regi\u00e3o","description":"O Transporte Coletivo Municipal ser\u00e1 gratuito no pr\u00f3ximo dia 30 de outubro em raz\u00e3o do segundo turno das elei\u00e7\u00f5es...","robots":{"index":"index","follow":"follow","max-snippet":"max-snippet:-1","max-image-preview":"max-image-preview:large","max-video-preview":"max-video-preview:-1"},"canonical":"https:\/\/redenoticiaz.com.br\/ribeiraopreto-regiao\/sp\/2022\/10\/26\/eleitores-de-barretos-terao-transporte-coletivo-gratuito-no-2-turno","og_locale":"pt_BR","og_type":"article","og_title":"Eleitores de Barretos ter\u00e3o transporte coletivo gratuito no 2\u00b0 turno - Ribeir\u00e3o Preto e Regi\u00e3o","og_description":"O Transporte Coletivo Municipal ser\u00e1 gratuito no pr\u00f3ximo dia 30 de outubro em raz\u00e3o do segundo turno das elei\u00e7\u00f5es...","og_url":"https:\/\/redenoticiaz.com.br\/ribeiraopreto-regiao\/sp\/2022\/10\/26\/eleitores-de-barretos-terao-transporte-coletivo-gratuito-no-2-turno","og_site_name":"Ribeir\u00e3o Preto e Regi\u00e3o","article_publisher":"https:\/\/m.facebook.com\/redenoticiaz.barretos","article_published_time":"2022-10-26T16:03:51+00:00","og_image":[{"width":940,"height":788,"url":"https:\/\/redenoticiaz.com.br\/ribeiraopreto-regiao\/wp-content\/uploads\/sites\/4\/2022\/10\/Eleicoes-2022-Transporte-Coletivo-Municipal-funciona-ate-18h-no-domingo.png","type":"image\/png"}],"twitter_card":"summary_large_image","twitter_creator":"@RN_barretos","twitter_site":"@RN_barretos","twitter_misc":{"Escrito por":"","Est. tempo de leitura":"2 minutos"},"schema":{"@context":"https:\/\/schema.org","@graph":[{"@type":"Article","@id":"https:\/\/redenoticiaz.com.br\/ribeiraopreto-regiao\/sp\/2022\/10\/26\/eleitores-de-barretos-terao-transporte-coletivo-gratuito-no-2-turno#article","isPartOf":{"@id":"https:\/\/redenoticiaz.com.br\/ribeiraopreto-regiao\/sp\/2022\/10\/26\/eleitores-de-barretos-terao-transporte-coletivo-gratuito-no-2-turno"},"author":{"name":"","@id":""},"headline":"Eleitores de Barretos ter\u00e3o transporte coletivo gratuito no 2\u00b0 turno","datePublished":"2022-10-26T16:03:51+00:00","mainEntityOfPage":{"@id":"https:\/\/redenoticiaz.com.br\/ribeiraopreto-regiao\/sp\/2022\/10\/26\/eleitores-de-barretos-terao-transporte-coletivo-gratuito-no-2-turno"},"wordCount":261,"commentCount":0,"publisher":{"@id":"https:\/\/redenoticiaz.com.br\/ribeiraopreto-regiao\/#organization"},"image":{"@id":"https:\/\/redenoticiaz.com.br\/ribeiraopreto-regiao\/sp\/2022\/10\/26\/eleitores-de-barretos-terao-transporte-coletivo-gratuito-no-2-turno#primaryimage"},"thumbnailUrl":"https:\/\/redenoticiaz.com.br\/ribeiraopreto-regiao\/wp-content\/uploads\/sites\/4\/2022\/10\/Eleicoes-2022-Transporte-Coletivo-Municipal-funciona-ate-18h-no-domingo.png","keywords":["BARRETOS","DOMINGO","ELEI\u00c7\u00c3O","GRATUITO","TRANSPORTE COLETIVO"],"articleSection":["Transportes"],"inLanguage":"pt-BR","potentialAction":[{"@type":"CommentAction","name":"Comment","target":["https:\/\/redenoticiaz.com.br\/ribeiraopreto-regiao\/sp\/2022\/10\/26\/eleitores-de-barretos-terao-transporte-coletivo-gratuito-no-2-turno#respond"]}]},{"@type":"WebPage","@id":"https:\/\/redenoticiaz.com.br\/ribeiraopreto-regiao\/sp\/2022\/10\/26\/eleitores-de-barretos-terao-transporte-coletivo-gratuito-no-2-turno","url":"https:\/\/redenoticiaz.com.br\/ribeiraopreto-regiao\/sp\/2022\/10\/26\/eleitores-de-barretos-terao-transporte-coletivo-gratuito-no-2-turno","name":"Eleitores de Barretos ter\u00e3o transporte coletivo gratuito no 2\u00b0 turno - Ribeir\u00e3o Preto e Regi\u00e3o","isPartOf":{"@id":"https:\/\/redenoticiaz.com.br\/ribeiraopreto-regiao\/#website"},"primaryImageOfPage":{"@id":"https:\/\/redenoticiaz.com.br\/ribeiraopreto-regiao\/sp\/2022\/10\/26\/eleitores-de-barretos-terao-transporte-coletivo-gratuito-no-2-turno#primaryimage"},"image":{"@id":"https:\/\/redenoticiaz.com.br\/ribeiraopreto-regiao\/sp\/2022\/10\/26\/eleitores-de-barretos-terao-transporte-coletivo-gratuito-no-2-turno#primaryimage"},"thumbnailUrl":"https:\/\/redenoticiaz.com.br\/ribeiraopreto-regiao\/wp-content\/uploads\/sites\/4\/2022\/10\/Eleicoes-2022-Transporte-Coletivo-Municipal-funciona-ate-18h-no-domingo.png","datePublished":"2022-10-26T16:03:51+00:00","description":"O Transporte Coletivo Municipal ser\u00e1 gratuito no pr\u00f3ximo dia 30 de outubro em raz\u00e3o do segundo turno das elei\u00e7\u00f5es...","inLanguage":"pt-BR","potentialAction":[{"@type":"ReadAction","target":["https:\/\/redenoticiaz.com.br\/ribeiraopreto-regiao\/sp\/2022\/10\/26\/eleitores-de-barretos-terao-transporte-coletivo-gratuito-no-2-turno"]}]},{"@type":"ImageObject","inLanguage":"pt-BR","@id":"https:\/\/redenoticiaz.com.br\/ribeiraopreto-regiao\/sp\/2022\/10\/26\/eleitores-de-barretos-terao-transporte-coletivo-gratuito-no-2-turno#primaryimage","url":"https:\/\/redenoticiaz.com.br\/ribeiraopreto-regiao\/wp-content\/uploads\/sites\/4\/2022\/10\/Eleicoes-2022-Transporte-Coletivo-Municipal-funciona-ate-18h-no-domingo.png","contentUrl":"https:\/\/redenoticiaz.com.br\/ribeiraopreto-regiao\/wp-content\/uploads\/sites\/4\/2022\/10\/Eleicoes-2022-Transporte-Coletivo-Municipal-funciona-ate-18h-no-domingo.png","width":940,"height":788,"caption":"Transporte Gratuito neste domingo. Cr\u00e9dito: Divulga\u00e7\u00e3o"},{"@type":"WebSite","@id":"https:\/\/redenoticiaz.com.br\/ribeiraopreto-regiao\/#website","url":"https:\/\/redenoticiaz.com.br\/ribeiraopreto-regiao\/","name":"Ribeir\u00e3o Preto e Regi\u00e3o","description":"Rede NoticiaZ - Ribeir\u00e3o Preto e regi\u00e3o","publisher":{"@id":"https:\/\/redenoticiaz.com.br\/ribeiraopreto-regiao\/#organization"},"potentialAction":[{"@type":"SearchAction","target":{"@type":"EntryPoint","urlTemplate":"https:\/\/redenoticiaz.com.br\/ribeiraopreto-regiao\/?s={search_term_string}"},"query-input":{"@type":"PropertyValueSpecification","valueRequired":true,"valueName":"search_term_string"}}],"inLanguage":"pt-BR"},{"@type":"Organization","@id":"https:\/\/redenoticiaz.com.br\/ribeiraopreto-regiao\/#organization","name":"Ribeir\u00e3o Preto e Regi\u00e3o","url":"https:\/\/redenoticiaz.com.br\/ribeiraopreto-regiao\/","logo":{"@type":"ImageObject","inLanguage":"pt-BR","@id":"https:\/\/redenoticiaz.com.br\/ribeiraopreto-regiao\/#\/schema\/logo\/image\/","url":"https:\/\/redenoticiaz.com.br\/barretos-regiao\/wp-content\/uploads\/sites\/4\/2022\/02\/logo.jpg","contentUrl":"https:\/\/redenoticiaz.com.br\/barretos-regiao\/wp-content\/uploads\/sites\/4\/2022\/02\/logo.jpg","width":400,"height":250,"caption":"Ribeir\u00e3o Preto e Regi\u00e3o"},"image":{"@id":"https:\/\/redenoticiaz.com.br\/ribeiraopreto-regiao\/#\/schema\/logo\/image\/"},"sameAs":["https:\/\/m.facebook.com\/redenoticiaz.barretos","https:\/\/x.com\/RN_barretos","https:\/\/www.instagram.com\/redenoticiaz.barretos\/?igshid=YmMyMTA2M2Y","https:\/\/www.linkedin.com\/company\/rede-noticiaz-barretos-e-regio\/"]},{"@type":"Person","@id":"","url":"https:\/\/redenoticiaz.com.br\/ribeiraopreto-regiao\/sp\/author"}]}},"_links":{"self":[{"href":"https:\/\/redenoticiaz.com.br\/ribeiraopreto-regiao\/wp-json\/wp\/v2\/posts\/93959","targetHints":{"allow":["GET"]}}],"collection":[{"href":"https:\/\/redenoticiaz.com.br\/ribeiraopreto-regiao\/wp-json\/wp\/v2\/posts"}],"about":[{"href":"https:\/\/redenoticiaz.com.br\/ribeiraopreto-regiao\/wp-json\/wp\/v2\/types\/post"}],"author":[{"embeddable":true,"href":"https:\/\/redenoticiaz.com.br\/ribeiraopreto-regiao\/wp-json\/wp\/v2\/users\/15"}],"replies":[{"embeddable":true,"href":"https:\/\/redenoticiaz.com.br\/ribeiraopreto-regiao\/wp-json\/wp\/v2\/comments?post=93959"}],"version-history":[{"count":1,"href":"https:\/\/redenoticiaz.com.br\/ribeiraopreto-regiao\/wp-json\/wp\/v2\/posts\/93959\/revisions"}],"predecessor-version":[{"id":93963,"href":"https:\/\/redenoticiaz.com.br\/ribeiraopreto-regiao\/wp-json\/wp\/v2\/posts\/93959\/revisions\/93963"}],"wp:featuredmedia":[{"embeddable":true,"href":"https:\/\/redenoticiaz.com.br\/ribeiraopreto-regiao\/wp-json\/wp\/v2\/media\/93962"}],"wp:attachment":[{"href":"https:\/\/redenoticiaz.com.br\/ribeiraopreto-regiao\/wp-json\/wp\/v2\/media?parent=93959"}],"wp:term":[{"taxonomy":"category","embeddable":true,"href":"https:\/\/redenoticiaz.com.br\/ribeiraopreto-regiao\/wp-json\/wp\/v2\/categories?post=93959"},{"taxonomy":"post_tag","embeddable":true,"href":"https:\/\/redenoticiaz.com.br\/ribeiraopreto-regiao\/wp-json\/wp\/v2\/tags?post=93959"}],"curies":[{"name":"wp","href":"https:\/\/api.w.org\/{rel}","templated":true}]}}