{"id":94266,"date":"2022-10-31T11:20:37","date_gmt":"2022-10-31T14:20:37","guid":{"rendered":"https:\/\/redenoticiaz.com.br\/barretos-regiao\/sp\/2022\/10\/31\/caminhoneiros-realizam-bloqueios-em-rodovias-pelo-brasil-apos-vitoria-de-lula"},"modified":"2022-10-31T11:20:37","modified_gmt":"2022-10-31T14:20:37","slug":"caminhoneiros-realizam-bloqueios-em-rodovias-pelo-brasil-apos-vitoria-de-lula","status":"publish","type":"post","link":"https:\/\/redenoticiaz.com.br\/ribeiraopreto-regiao\/sp\/2022\/10\/31\/caminhoneiros-realizam-bloqueios-em-rodovias-pelo-brasil-apos-vitoria-de-lula","title":{"rendered":"Caminhoneiros realizam bloqueios em rodovias pelo Brasil ap\u00f3s vit\u00f3ria de Lula"},"content":{"rendered":"<div class=\"post-item-wrap\">\n<p><strong>Caminhoneiros come\u00e7aram a interditar diversas rodovias pelo Brasil<\/strong>, em sinal de protesto contra a vit\u00f3ria de Luiz In\u00e1cio Lula da Silva para a Presid\u00eancia da Rep\u00fablica em segundo turno, no domingo (30). Os problemas mais graves foram registrados em S\u00e3o Paulo, Rio de Janeiro e tamb\u00e9m em Santa Catarina. De acordo com a Pol\u00edcia Rodovi\u00e1ria Federal (PRF) as ocorr\u00eancias come\u00e7aram por volta de 00h30 e ainda permanecem nesta manh\u00e3.<img decoding=\"async\" src=\"https:\/\/agenciabrasil.ebc.com.br\/ebc.png?id=1491442&amp;o=node\" \/><img decoding=\"async\" src=\"https:\/\/agenciabrasil.ebc.com.br\/ebc.gif?id=1491442&amp;o=node\" \/><\/p>\n<p>A BR-116 segue com bloqueios na regi\u00e3o de Barra Mansa, no sul fluminense. Segundo a concession\u00e1ria CCR RioSP, que administra o trecho da rodovia, o tr\u00e1fego est\u00e1 interrompido entre os quil\u00f4metros 281 e 298 na pista sentido Rio, \u201cdevido a manifesta\u00e7\u00e3o de caminhoneiros\u201d, assim como entre os quil\u00f4metros 272 e 281 no sentido S\u00e3o Paulo.<\/p>\n<p>A PRF informa que, no norte fluminense, houve interdi\u00e7\u00e3o no in\u00edcio da manh\u00e3 no quil\u00f4metro 64 da BR-101, em Campos dos Goytacazes, com queima de pneus. O protesto come\u00e7ou por volta das\u00a05h e \u00e0s 6h30 a via j\u00e1 havia sido liberada pelos agentes.<\/p>\n<p>Por voltas das 7h, por\u00e9m, mais manifestantes se dirigiram \u00e0 regi\u00e3o e, segundo a PRF, foram registrados atos de vandalismo. De acordo com v\u00eddeos publicados nas redes sociais, o protesto \u00e9 contra o resultado da elei\u00e7\u00e3o e, em alguns locais, h\u00e1 pedido de interven\u00e7\u00e3o militar.<\/p>\n<h3>Santa Catarina<\/h3>\n<p>Em Santa Catarina, de acordo com a Pol\u00edcia Rodovi\u00e1ria Federal, pelo menos 21 pontos est\u00e3o com problemas de interdi\u00e7\u00f5es causadas pelos caminhoneiros. Os fechamentos ocorrem nas rodovias estaduais, mas principalmente nas federais.<\/p>\n<p>Diversos v\u00eddeos e fotos circulam nas redes sociais mostram os manifestantes com camisetas do Brasil e bandeiras do pa\u00eds. <strong>H\u00e1 trechos em que os manifestantes queimaram pneus<\/strong> e colocam areia na via. Mas tamb\u00e9m h\u00e1 interdi\u00e7\u00f5es com madeiras e pneus sendo queimados. Segundo a Pol\u00edcia Rodovi\u00e1ria Federal (PRF), n\u00e3o h\u00e1 lideran\u00e7a para negociar a libera\u00e7\u00e3o dos trechos.<\/p>\n<div id=\"chunk-2d371\">\n<div class=\"mc-column content-text active-extra-styles \" data-block-type=\"unstyled\" data-block-weight=\"42\" data-block-id=\"7\">\n<p class=\"content-text__container \" data-track-category=\"Link no Texto\" data-track-links=\"\">O \u00f3rg\u00e3o n\u00e3o soube informar at\u00e9 as 10h50 se ve\u00edculos oficiais, como ambul\u00e2ncias e \u00f4nibus, est\u00e3o sendo liberados para passar. &#8220;N\u00e3o h\u00e1 um padr\u00e3o. Em cada lugar a situa\u00e7\u00e3o \u00e9 diferente. N\u00e3o h\u00e1 lideran\u00e7as definidas. Negocia\u00e7\u00e3o dif\u00edcil&#8221;, disse a assessoria da PRF.<\/p>\n<\/div>\n<\/div>\n<div id=\"chunk-8lnf5\">\n<div class=\"mc-column content-text active-extra-styles \" data-block-type=\"unstyled\" data-block-weight=\"12\" data-block-id=\"8\">\n<p class=\"content-text__container \" data-track-category=\"Link no Texto\" data-track-links=\"\"><span class=\"highlight highlighted\">Tamb\u00e9m n\u00e3o h\u00e1 informa\u00e7\u00f5es oficiais sobre o que pedem os manifestantes<\/span>.<\/p>\n<div id=\"chunk-23o1k\">\n<div class=\"mc-column content-text active-extra-styles \" data-block-type=\"unstyled\" data-block-weight=\"11\" data-block-id=\"8\">\n<h3 class=\"content-text__container \" data-track-category=\"Link no Texto\">H\u00e1 tamb\u00e9m interdi\u00e7\u00f5es em, ao menos, sete estados. <strong>Veja a lista<\/strong>:<\/h3>\n<\/div>\n<\/div>\n<div class=\"mc-column content-text active-extra-styles\" data-block-type=\"raw\" data-block-weight=\"144\" data-block-id=\"9\">\n<ul class=\"content-unordered-list\">\n<li><strong>Goi\u00e1s<\/strong>: \u00e0s 8h, havia interdi\u00e7\u00f5es na BR-060, em An\u00e1polis, e na BR-153, em Itumbiara;<\/li>\n<li><strong>Mato Grosso<\/strong>: \u00e0s 6h (hor\u00e1rio de Bras\u00edlia), havia interdi\u00e7\u00f5es em sete pontos da BR-163, um bloqueio na BR-364, em Cuiab\u00e1, e um bloqueio na BR-070, em V\u00e1rzea Grande;<\/li>\n<li><strong>Par\u00e1<\/strong>: \u00e0s 8h30, havia bloqueio na BR-163, na regi\u00e3o de Santar\u00e9m;<\/li>\n<li><strong>Paran\u00e1<\/strong>: \u00e0s 7h30, havia bloqueio da PR-317, em Maring\u00e1, e na BR-476, em Uni\u00e3o da Vit\u00f3ria;<\/li>\n<li><strong>Rio Grande do Sul<\/strong>: \u00e0s 7h30, havia dois bloqueios na ERS-122, dois bloqueios na BR-285, dois bloqueios na BR-116, um bloqueio na ERS-463 e um bloqueio nas BRs 470, 158 e 153;<\/li>\n<li><strong>Santa Catarina<\/strong>: \u00e0s 7h40, havia nove pontos de bloqueio na BR-101, tr\u00eas na BR-280, tr\u00eas na BR-470 e um ponto nas BRs 116, 153 e 282;<\/li>\n<li><strong>S\u00e3o Paulo<\/strong><strong>: <\/strong>\u00e0s 8h30, havia um ponto de bloqueio na BR-153, em S\u00e3o Jos\u00e9 do Rio Preto.<\/li>\n<\/ul>\n<\/div>\n<p data-track-category=\"Link no Texto\" data-track-links=\"\"><strong>LEIA TAMB\u00c9M<\/strong><\/p>\n<p data-track-category=\"Link no Texto\" data-track-links=\"\"><a href=\"https:\/\/redenoticiaz.com.br\/blog\/2022\/10\/31\/lula-enaltece-a-democracia-e-diz-que-vai-combater-a-miseria\">Lula enaltece a democracia e diz que vai combater a mis\u00e9ria<\/a><\/p>\n<\/div>\n<\/div>\n<\/div>\n","protected":false},"excerpt":{"rendered":"<p>Caminhoneiros come\u00e7aram a interditar diversas rodovias pelo Brasil, em sinal de protesto contra a vit\u00f3ria de Luiz In\u00e1cio Lula da Silva para a Presid\u00eancia da Rep\u00fablica em segundo turno, no domingo (30). Os problemas mais graves foram registrados em S\u00e3o Paulo, Rio de Janeiro e tamb\u00e9m em Santa Catarina. De acordo com a Pol\u00edcia Rodovi\u00e1ria &hellip;<\/p>\n","protected":false},"author":6,"featured_media":94267,"comment_status":"open","ping_status":"closed","sticky":false,"template":"","format":"standard","meta":{"footnotes":""},"categories":[143],"tags":[70,21610,21611,21612,16888],"class_list":["post-94266","post","type-post","status-publish","format-standard","has-post-thumbnail","hentry","category-transito","tag-brasil","tag-caminhoneiros","tag-interdicoes","tag-manifestacoes-de-caminhoneiros","tag-rodovias"],"yoast_head":"<!-- This site is optimized with the Yoast SEO plugin v27.4 - https:\/\/yoast.com\/product\/yoast-seo-wordpress\/ -->\n<title>Caminhoneiros realizam bloqueios em rodovias pelo Brasil ap\u00f3s vit\u00f3ria de Lula - Ribeir\u00e3o Preto e Regi\u00e3o<\/title>\n<meta name=\"description\" content=\"Caminhoneiros come\u00e7aram a interditar diversas rodovias pelo Brasil, em sinal de protesto contra a vit\u00f3ria de Luiz In\u00e1cio Lula da Silva\" \/>\n<meta name=\"robots\" content=\"index, follow, max-snippet:-1, max-image-preview:large, max-video-preview:-1\" \/>\n<link rel=\"canonical\" href=\"https:\/\/redenoticiaz.com.br\/ribeiraopreto-regiao\/sp\/2022\/10\/31\/caminhoneiros-realizam-bloqueios-em-rodovias-pelo-brasil-apos-vitoria-de-lula\" \/>\n<meta property=\"og:locale\" content=\"pt_BR\" \/>\n<meta property=\"og:type\" content=\"article\" \/>\n<meta property=\"og:title\" content=\"Caminhoneiros realizam bloqueios em rodovias pelo Brasil ap\u00f3s vit\u00f3ria de Lula - Ribeir\u00e3o Preto e Regi\u00e3o\" \/>\n<meta property=\"og:description\" content=\"Caminhoneiros come\u00e7aram a interditar diversas rodovias pelo Brasil, em sinal de protesto contra a vit\u00f3ria de Luiz In\u00e1cio Lula da Silva\" \/>\n<meta property=\"og:url\" content=\"https:\/\/redenoticiaz.com.br\/ribeiraopreto-regiao\/sp\/2022\/10\/31\/caminhoneiros-realizam-bloqueios-em-rodovias-pelo-brasil-apos-vitoria-de-lula\" \/>\n<meta property=\"og:site_name\" content=\"Ribeir\u00e3o Preto e Regi\u00e3o\" \/>\n<meta property=\"article:publisher\" content=\"https:\/\/m.facebook.com\/redenoticiaz.barretos\" \/>\n<meta property=\"article:published_time\" content=\"2022-10-31T14:20:37+00:00\" \/>\n<meta property=\"og:image\" content=\"https:\/\/redenoticiaz.com.br\/ribeiraopreto-regiao\/wp-content\/uploads\/sites\/4\/2022\/02\/logo.jpg\" \/>\n\t<meta property=\"og:image:width\" content=\"400\" \/>\n\t<meta property=\"og:image:height\" content=\"250\" \/>\n\t<meta property=\"og:image:type\" content=\"image\/jpeg\" \/>\n<meta name=\"author\" content=\"Leonardo Francisco\" \/>\n<meta name=\"twitter:card\" content=\"summary_large_image\" \/>\n<meta name=\"twitter:creator\" content=\"@RN_barretos\" \/>\n<meta name=\"twitter:site\" content=\"@RN_barretos\" \/>\n<meta name=\"twitter:label1\" content=\"Escrito por\" \/>\n\t<meta name=\"twitter:data1\" content=\"Leonardo Francisco\" \/>\n\t<meta name=\"twitter:label2\" content=\"Est. tempo de leitura\" \/>\n\t<meta name=\"twitter:data2\" content=\"4 minutos\" \/>\n<script type=\"application\/ld+json\" class=\"yoast-schema-graph\">{\"@context\":\"https:\\\/\\\/schema.org\",\"@graph\":[{\"@type\":\"Article\",\"@id\":\"https:\\\/\\\/redenoticiaz.com.br\\\/ribeiraopreto-regiao\\\/sp\\\/2022\\\/10\\\/31\\\/caminhoneiros-realizam-bloqueios-em-rodovias-pelo-brasil-apos-vitoria-de-lula#article\",\"isPartOf\":{\"@id\":\"https:\\\/\\\/redenoticiaz.com.br\\\/ribeiraopreto-regiao\\\/sp\\\/2022\\\/10\\\/31\\\/caminhoneiros-realizam-bloqueios-em-rodovias-pelo-brasil-apos-vitoria-de-lula\"},\"author\":{\"name\":\"Leonardo Francisco\",\"@id\":\"https:\\\/\\\/redenoticiaz.com.br\\\/ribeiraopreto-regiao\\\/#\\\/schema\\\/person\\\/0f0b8a5bdafefe82841e07ae8d81ecb3\"},\"headline\":\"Caminhoneiros realizam bloqueios em rodovias pelo Brasil ap\u00f3s vit\u00f3ria de Lula\",\"datePublished\":\"2022-10-31T14:20:37+00:00\",\"mainEntityOfPage\":{\"@id\":\"https:\\\/\\\/redenoticiaz.com.br\\\/ribeiraopreto-regiao\\\/sp\\\/2022\\\/10\\\/31\\\/caminhoneiros-realizam-bloqueios-em-rodovias-pelo-brasil-apos-vitoria-de-lula\"},\"wordCount\":596,\"commentCount\":0,\"publisher\":{\"@id\":\"https:\\\/\\\/redenoticiaz.com.br\\\/ribeiraopreto-regiao\\\/#organization\"},\"image\":{\"@id\":\"https:\\\/\\\/redenoticiaz.com.br\\\/ribeiraopreto-regiao\\\/sp\\\/2022\\\/10\\\/31\\\/caminhoneiros-realizam-bloqueios-em-rodovias-pelo-brasil-apos-vitoria-de-lula#primaryimage\"},\"thumbnailUrl\":\"https:\\\/\\\/redenoticiaz.com.br\\\/ribeiraopreto-regiao\\\/wp-content\\\/uploads\\\/sites\\\/4\\\/2022\\\/10\\\/PROTESTO-SC.jpg?v=1667225992\",\"keywords\":[\"Brasil\",\"CAMINHONEIROS\",\"INTERDI\u00c7\u00d5ES\",\"MANIFESTA\u00c7\u00d5ES DE CAMINHONEIROS\",\"rodovias\"],\"articleSection\":[\"Tr\u00e2nsito\"],\"inLanguage\":\"pt-BR\",\"potentialAction\":[{\"@type\":\"CommentAction\",\"name\":\"Comment\",\"target\":[\"https:\\\/\\\/redenoticiaz.com.br\\\/ribeiraopreto-regiao\\\/sp\\\/2022\\\/10\\\/31\\\/caminhoneiros-realizam-bloqueios-em-rodovias-pelo-brasil-apos-vitoria-de-lula#respond\"]}]},{\"@type\":\"WebPage\",\"@id\":\"https:\\\/\\\/redenoticiaz.com.br\\\/ribeiraopreto-regiao\\\/sp\\\/2022\\\/10\\\/31\\\/caminhoneiros-realizam-bloqueios-em-rodovias-pelo-brasil-apos-vitoria-de-lula\",\"url\":\"https:\\\/\\\/redenoticiaz.com.br\\\/ribeiraopreto-regiao\\\/sp\\\/2022\\\/10\\\/31\\\/caminhoneiros-realizam-bloqueios-em-rodovias-pelo-brasil-apos-vitoria-de-lula\",\"name\":\"Caminhoneiros realizam bloqueios em rodovias pelo Brasil ap\u00f3s vit\u00f3ria de Lula - Ribeir\u00e3o Preto e Regi\u00e3o\",\"isPartOf\":{\"@id\":\"https:\\\/\\\/redenoticiaz.com.br\\\/ribeiraopreto-regiao\\\/#website\"},\"primaryImageOfPage\":{\"@id\":\"https:\\\/\\\/redenoticiaz.com.br\\\/ribeiraopreto-regiao\\\/sp\\\/2022\\\/10\\\/31\\\/caminhoneiros-realizam-bloqueios-em-rodovias-pelo-brasil-apos-vitoria-de-lula#primaryimage\"},\"image\":{\"@id\":\"https:\\\/\\\/redenoticiaz.com.br\\\/ribeiraopreto-regiao\\\/sp\\\/2022\\\/10\\\/31\\\/caminhoneiros-realizam-bloqueios-em-rodovias-pelo-brasil-apos-vitoria-de-lula#primaryimage\"},\"thumbnailUrl\":\"https:\\\/\\\/redenoticiaz.com.br\\\/ribeiraopreto-regiao\\\/wp-content\\\/uploads\\\/sites\\\/4\\\/2022\\\/10\\\/PROTESTO-SC.jpg?v=1667225992\",\"datePublished\":\"2022-10-31T14:20:37+00:00\",\"description\":\"Caminhoneiros come\u00e7aram a interditar diversas rodovias pelo Brasil, em sinal de protesto contra a vit\u00f3ria de Luiz In\u00e1cio Lula da Silva\",\"inLanguage\":\"pt-BR\",\"potentialAction\":[{\"@type\":\"ReadAction\",\"target\":[\"https:\\\/\\\/redenoticiaz.com.br\\\/ribeiraopreto-regiao\\\/sp\\\/2022\\\/10\\\/31\\\/caminhoneiros-realizam-bloqueios-em-rodovias-pelo-brasil-apos-vitoria-de-lula\"]}]},{\"@type\":\"ImageObject\",\"inLanguage\":\"pt-BR\",\"@id\":\"https:\\\/\\\/redenoticiaz.com.br\\\/ribeiraopreto-regiao\\\/sp\\\/2022\\\/10\\\/31\\\/caminhoneiros-realizam-bloqueios-em-rodovias-pelo-brasil-apos-vitoria-de-lula#primaryimage\",\"url\":\"https:\\\/\\\/redenoticiaz.com.br\\\/ribeiraopreto-regiao\\\/wp-content\\\/uploads\\\/sites\\\/4\\\/2022\\\/10\\\/PROTESTO-SC.jpg?v=1667225992\",\"contentUrl\":\"https:\\\/\\\/redenoticiaz.com.br\\\/ribeiraopreto-regiao\\\/wp-content\\\/uploads\\\/sites\\\/4\\\/2022\\\/10\\\/PROTESTO-SC.jpg?v=1667225992\",\"width\":680,\"height\":301,\"caption\":\"Cr\u00e9ditos: Divulga\u00e7\u00e3o\\\/Pol\u00edcia Rodovi\u00e1ria Federal\"},{\"@type\":\"WebSite\",\"@id\":\"https:\\\/\\\/redenoticiaz.com.br\\\/ribeiraopreto-regiao\\\/#website\",\"url\":\"https:\\\/\\\/redenoticiaz.com.br\\\/ribeiraopreto-regiao\\\/\",\"name\":\"Ribeir\u00e3o Preto e Regi\u00e3o\",\"description\":\"Rede NoticiaZ - Ribeir\u00e3o Preto e regi\u00e3o\",\"publisher\":{\"@id\":\"https:\\\/\\\/redenoticiaz.com.br\\\/ribeiraopreto-regiao\\\/#organization\"},\"potentialAction\":[{\"@type\":\"SearchAction\",\"target\":{\"@type\":\"EntryPoint\",\"urlTemplate\":\"https:\\\/\\\/redenoticiaz.com.br\\\/ribeiraopreto-regiao\\\/?s={search_term_string}\"},\"query-input\":{\"@type\":\"PropertyValueSpecification\",\"valueRequired\":true,\"valueName\":\"search_term_string\"}}],\"inLanguage\":\"pt-BR\"},{\"@type\":\"Organization\",\"@id\":\"https:\\\/\\\/redenoticiaz.com.br\\\/ribeiraopreto-regiao\\\/#organization\",\"name\":\"Ribeir\u00e3o Preto e Regi\u00e3o\",\"url\":\"https:\\\/\\\/redenoticiaz.com.br\\\/ribeiraopreto-regiao\\\/\",\"logo\":{\"@type\":\"ImageObject\",\"inLanguage\":\"pt-BR\",\"@id\":\"https:\\\/\\\/redenoticiaz.com.br\\\/ribeiraopreto-regiao\\\/#\\\/schema\\\/logo\\\/image\\\/\",\"url\":\"https:\\\/\\\/redenoticiaz.com.br\\\/barretos-regiao\\\/wp-content\\\/uploads\\\/sites\\\/4\\\/2022\\\/02\\\/logo.jpg\",\"contentUrl\":\"https:\\\/\\\/redenoticiaz.com.br\\\/barretos-regiao\\\/wp-content\\\/uploads\\\/sites\\\/4\\\/2022\\\/02\\\/logo.jpg\",\"width\":400,\"height\":250,\"caption\":\"Ribeir\u00e3o Preto e Regi\u00e3o\"},\"image\":{\"@id\":\"https:\\\/\\\/redenoticiaz.com.br\\\/ribeiraopreto-regiao\\\/#\\\/schema\\\/logo\\\/image\\\/\"},\"sameAs\":[\"https:\\\/\\\/m.facebook.com\\\/redenoticiaz.barretos\",\"https:\\\/\\\/x.com\\\/RN_barretos\",\"https:\\\/\\\/www.instagram.com\\\/redenoticiaz.barretos\\\/?igshid=YmMyMTA2M2Y\",\"https:\\\/\\\/www.linkedin.com\\\/company\\\/rede-noticiaz-barretos-e-regio\\\/\"]},{\"@type\":\"Person\",\"@id\":\"https:\\\/\\\/redenoticiaz.com.br\\\/ribeiraopreto-regiao\\\/#\\\/schema\\\/person\\\/0f0b8a5bdafefe82841e07ae8d81ecb3\",\"name\":\"Leonardo Francisco\",\"image\":{\"@type\":\"ImageObject\",\"inLanguage\":\"pt-BR\",\"@id\":\"https:\\\/\\\/secure.gravatar.com\\\/avatar\\\/a7358cb406a99b682ec6df1e77e31ae82e63601f6784e8a3df411d72b37864da?s=96&d=mm&r=g\",\"url\":\"https:\\\/\\\/secure.gravatar.com\\\/avatar\\\/a7358cb406a99b682ec6df1e77e31ae82e63601f6784e8a3df411d72b37864da?s=96&d=mm&r=g\",\"contentUrl\":\"https:\\\/\\\/secure.gravatar.com\\\/avatar\\\/a7358cb406a99b682ec6df1e77e31ae82e63601f6784e8a3df411d72b37864da?s=96&d=mm&r=g\",\"caption\":\"Leonardo Francisco\"},\"url\":\"https:\\\/\\\/redenoticiaz.com.br\\\/ribeiraopreto-regiao\\\/sp\\\/author\\\/leonardo-francisco\"}]}<\/script>\n<!-- \/ Yoast SEO plugin. -->","yoast_head_json":{"title":"Caminhoneiros realizam bloqueios em rodovias pelo Brasil ap\u00f3s vit\u00f3ria de Lula - Ribeir\u00e3o Preto e Regi\u00e3o","description":"Caminhoneiros come\u00e7aram a interditar diversas rodovias pelo Brasil, em sinal de protesto contra a vit\u00f3ria de Luiz In\u00e1cio Lula da Silva","robots":{"index":"index","follow":"follow","max-snippet":"max-snippet:-1","max-image-preview":"max-image-preview:large","max-video-preview":"max-video-preview:-1"},"canonical":"https:\/\/redenoticiaz.com.br\/ribeiraopreto-regiao\/sp\/2022\/10\/31\/caminhoneiros-realizam-bloqueios-em-rodovias-pelo-brasil-apos-vitoria-de-lula","og_locale":"pt_BR","og_type":"article","og_title":"Caminhoneiros realizam bloqueios em rodovias pelo Brasil ap\u00f3s vit\u00f3ria de Lula - Ribeir\u00e3o Preto e Regi\u00e3o","og_description":"Caminhoneiros come\u00e7aram a interditar diversas rodovias pelo Brasil, em sinal de protesto contra a vit\u00f3ria de Luiz In\u00e1cio Lula da Silva","og_url":"https:\/\/redenoticiaz.com.br\/ribeiraopreto-regiao\/sp\/2022\/10\/31\/caminhoneiros-realizam-bloqueios-em-rodovias-pelo-brasil-apos-vitoria-de-lula","og_site_name":"Ribeir\u00e3o Preto e Regi\u00e3o","article_publisher":"https:\/\/m.facebook.com\/redenoticiaz.barretos","article_published_time":"2022-10-31T14:20:37+00:00","og_image":[{"width":400,"height":250,"url":"https:\/\/redenoticiaz.com.br\/ribeiraopreto-regiao\/wp-content\/uploads\/sites\/4\/2022\/02\/logo.jpg","type":"image\/jpeg"}],"author":"Leonardo Francisco","twitter_card":"summary_large_image","twitter_creator":"@RN_barretos","twitter_site":"@RN_barretos","twitter_misc":{"Escrito por":"Leonardo Francisco","Est. tempo de leitura":"4 minutos"},"schema":{"@context":"https:\/\/schema.org","@graph":[{"@type":"Article","@id":"https:\/\/redenoticiaz.com.br\/ribeiraopreto-regiao\/sp\/2022\/10\/31\/caminhoneiros-realizam-bloqueios-em-rodovias-pelo-brasil-apos-vitoria-de-lula#article","isPartOf":{"@id":"https:\/\/redenoticiaz.com.br\/ribeiraopreto-regiao\/sp\/2022\/10\/31\/caminhoneiros-realizam-bloqueios-em-rodovias-pelo-brasil-apos-vitoria-de-lula"},"author":{"name":"Leonardo Francisco","@id":"https:\/\/redenoticiaz.com.br\/ribeiraopreto-regiao\/#\/schema\/person\/0f0b8a5bdafefe82841e07ae8d81ecb3"},"headline":"Caminhoneiros realizam bloqueios em rodovias pelo Brasil ap\u00f3s vit\u00f3ria de Lula","datePublished":"2022-10-31T14:20:37+00:00","mainEntityOfPage":{"@id":"https:\/\/redenoticiaz.com.br\/ribeiraopreto-regiao\/sp\/2022\/10\/31\/caminhoneiros-realizam-bloqueios-em-rodovias-pelo-brasil-apos-vitoria-de-lula"},"wordCount":596,"commentCount":0,"publisher":{"@id":"https:\/\/redenoticiaz.com.br\/ribeiraopreto-regiao\/#organization"},"image":{"@id":"https:\/\/redenoticiaz.com.br\/ribeiraopreto-regiao\/sp\/2022\/10\/31\/caminhoneiros-realizam-bloqueios-em-rodovias-pelo-brasil-apos-vitoria-de-lula#primaryimage"},"thumbnailUrl":"https:\/\/redenoticiaz.com.br\/ribeiraopreto-regiao\/wp-content\/uploads\/sites\/4\/2022\/10\/PROTESTO-SC.jpg?v=1667225992","keywords":["Brasil","CAMINHONEIROS","INTERDI\u00c7\u00d5ES","MANIFESTA\u00c7\u00d5ES DE CAMINHONEIROS","rodovias"],"articleSection":["Tr\u00e2nsito"],"inLanguage":"pt-BR","potentialAction":[{"@type":"CommentAction","name":"Comment","target":["https:\/\/redenoticiaz.com.br\/ribeiraopreto-regiao\/sp\/2022\/10\/31\/caminhoneiros-realizam-bloqueios-em-rodovias-pelo-brasil-apos-vitoria-de-lula#respond"]}]},{"@type":"WebPage","@id":"https:\/\/redenoticiaz.com.br\/ribeiraopreto-regiao\/sp\/2022\/10\/31\/caminhoneiros-realizam-bloqueios-em-rodovias-pelo-brasil-apos-vitoria-de-lula","url":"https:\/\/redenoticiaz.com.br\/ribeiraopreto-regiao\/sp\/2022\/10\/31\/caminhoneiros-realizam-bloqueios-em-rodovias-pelo-brasil-apos-vitoria-de-lula","name":"Caminhoneiros realizam bloqueios em rodovias pelo Brasil ap\u00f3s vit\u00f3ria de Lula - Ribeir\u00e3o Preto e Regi\u00e3o","isPartOf":{"@id":"https:\/\/redenoticiaz.com.br\/ribeiraopreto-regiao\/#website"},"primaryImageOfPage":{"@id":"https:\/\/redenoticiaz.com.br\/ribeiraopreto-regiao\/sp\/2022\/10\/31\/caminhoneiros-realizam-bloqueios-em-rodovias-pelo-brasil-apos-vitoria-de-lula#primaryimage"},"image":{"@id":"https:\/\/redenoticiaz.com.br\/ribeiraopreto-regiao\/sp\/2022\/10\/31\/caminhoneiros-realizam-bloqueios-em-rodovias-pelo-brasil-apos-vitoria-de-lula#primaryimage"},"thumbnailUrl":"https:\/\/redenoticiaz.com.br\/ribeiraopreto-regiao\/wp-content\/uploads\/sites\/4\/2022\/10\/PROTESTO-SC.jpg?v=1667225992","datePublished":"2022-10-31T14:20:37+00:00","description":"Caminhoneiros come\u00e7aram a interditar diversas rodovias pelo Brasil, em sinal de protesto contra a vit\u00f3ria de Luiz In\u00e1cio Lula da Silva","inLanguage":"pt-BR","potentialAction":[{"@type":"ReadAction","target":["https:\/\/redenoticiaz.com.br\/ribeiraopreto-regiao\/sp\/2022\/10\/31\/caminhoneiros-realizam-bloqueios-em-rodovias-pelo-brasil-apos-vitoria-de-lula"]}]},{"@type":"ImageObject","inLanguage":"pt-BR","@id":"https:\/\/redenoticiaz.com.br\/ribeiraopreto-regiao\/sp\/2022\/10\/31\/caminhoneiros-realizam-bloqueios-em-rodovias-pelo-brasil-apos-vitoria-de-lula#primaryimage","url":"https:\/\/redenoticiaz.com.br\/ribeiraopreto-regiao\/wp-content\/uploads\/sites\/4\/2022\/10\/PROTESTO-SC.jpg?v=1667225992","contentUrl":"https:\/\/redenoticiaz.com.br\/ribeiraopreto-regiao\/wp-content\/uploads\/sites\/4\/2022\/10\/PROTESTO-SC.jpg?v=1667225992","width":680,"height":301,"caption":"Cr\u00e9ditos: Divulga\u00e7\u00e3o\/Pol\u00edcia Rodovi\u00e1ria Federal"},{"@type":"WebSite","@id":"https:\/\/redenoticiaz.com.br\/ribeiraopreto-regiao\/#website","url":"https:\/\/redenoticiaz.com.br\/ribeiraopreto-regiao\/","name":"Ribeir\u00e3o Preto e Regi\u00e3o","description":"Rede NoticiaZ - Ribeir\u00e3o Preto e regi\u00e3o","publisher":{"@id":"https:\/\/redenoticiaz.com.br\/ribeiraopreto-regiao\/#organization"},"potentialAction":[{"@type":"SearchAction","target":{"@type":"EntryPoint","urlTemplate":"https:\/\/redenoticiaz.com.br\/ribeiraopreto-regiao\/?s={search_term_string}"},"query-input":{"@type":"PropertyValueSpecification","valueRequired":true,"valueName":"search_term_string"}}],"inLanguage":"pt-BR"},{"@type":"Organization","@id":"https:\/\/redenoticiaz.com.br\/ribeiraopreto-regiao\/#organization","name":"Ribeir\u00e3o Preto e Regi\u00e3o","url":"https:\/\/redenoticiaz.com.br\/ribeiraopreto-regiao\/","logo":{"@type":"ImageObject","inLanguage":"pt-BR","@id":"https:\/\/redenoticiaz.com.br\/ribeiraopreto-regiao\/#\/schema\/logo\/image\/","url":"https:\/\/redenoticiaz.com.br\/barretos-regiao\/wp-content\/uploads\/sites\/4\/2022\/02\/logo.jpg","contentUrl":"https:\/\/redenoticiaz.com.br\/barretos-regiao\/wp-content\/uploads\/sites\/4\/2022\/02\/logo.jpg","width":400,"height":250,"caption":"Ribeir\u00e3o Preto e Regi\u00e3o"},"image":{"@id":"https:\/\/redenoticiaz.com.br\/ribeiraopreto-regiao\/#\/schema\/logo\/image\/"},"sameAs":["https:\/\/m.facebook.com\/redenoticiaz.barretos","https:\/\/x.com\/RN_barretos","https:\/\/www.instagram.com\/redenoticiaz.barretos\/?igshid=YmMyMTA2M2Y","https:\/\/www.linkedin.com\/company\/rede-noticiaz-barretos-e-regio\/"]},{"@type":"Person","@id":"https:\/\/redenoticiaz.com.br\/ribeiraopreto-regiao\/#\/schema\/person\/0f0b8a5bdafefe82841e07ae8d81ecb3","name":"Leonardo Francisco","image":{"@type":"ImageObject","inLanguage":"pt-BR","@id":"https:\/\/secure.gravatar.com\/avatar\/a7358cb406a99b682ec6df1e77e31ae82e63601f6784e8a3df411d72b37864da?s=96&d=mm&r=g","url":"https:\/\/secure.gravatar.com\/avatar\/a7358cb406a99b682ec6df1e77e31ae82e63601f6784e8a3df411d72b37864da?s=96&d=mm&r=g","contentUrl":"https:\/\/secure.gravatar.com\/avatar\/a7358cb406a99b682ec6df1e77e31ae82e63601f6784e8a3df411d72b37864da?s=96&d=mm&r=g","caption":"Leonardo Francisco"},"url":"https:\/\/redenoticiaz.com.br\/ribeiraopreto-regiao\/sp\/author\/leonardo-francisco"}]}},"_links":{"self":[{"href":"https:\/\/redenoticiaz.com.br\/ribeiraopreto-regiao\/wp-json\/wp\/v2\/posts\/94266","targetHints":{"allow":["GET"]}}],"collection":[{"href":"https:\/\/redenoticiaz.com.br\/ribeiraopreto-regiao\/wp-json\/wp\/v2\/posts"}],"about":[{"href":"https:\/\/redenoticiaz.com.br\/ribeiraopreto-regiao\/wp-json\/wp\/v2\/types\/post"}],"author":[{"embeddable":true,"href":"https:\/\/redenoticiaz.com.br\/ribeiraopreto-regiao\/wp-json\/wp\/v2\/users\/6"}],"replies":[{"embeddable":true,"href":"https:\/\/redenoticiaz.com.br\/ribeiraopreto-regiao\/wp-json\/wp\/v2\/comments?post=94266"}],"version-history":[{"count":0,"href":"https:\/\/redenoticiaz.com.br\/ribeiraopreto-regiao\/wp-json\/wp\/v2\/posts\/94266\/revisions"}],"wp:featuredmedia":[{"embeddable":true,"href":"https:\/\/redenoticiaz.com.br\/ribeiraopreto-regiao\/wp-json\/wp\/v2\/media\/94267"}],"wp:attachment":[{"href":"https:\/\/redenoticiaz.com.br\/ribeiraopreto-regiao\/wp-json\/wp\/v2\/media?parent=94266"}],"wp:term":[{"taxonomy":"category","embeddable":true,"href":"https:\/\/redenoticiaz.com.br\/ribeiraopreto-regiao\/wp-json\/wp\/v2\/categories?post=94266"},{"taxonomy":"post_tag","embeddable":true,"href":"https:\/\/redenoticiaz.com.br\/ribeiraopreto-regiao\/wp-json\/wp\/v2\/tags?post=94266"}],"curies":[{"name":"wp","href":"https:\/\/api.w.org\/{rel}","templated":true}]}}