{"id":94314,"date":"2022-10-31T19:16:04","date_gmt":"2022-10-31T22:16:04","guid":{"rendered":"https:\/\/redenoticiaz.com.br\/barretos-regiao\/sp\/2022\/10\/31\/jovem-pan-demite-diversos-colunistas-apos-fim-das-eleicoes"},"modified":"2022-10-31T19:16:23","modified_gmt":"2022-10-31T22:16:23","slug":"jovem-pan-demite-diversos-colunistas-apos-fim-das-eleicoes","status":"publish","type":"post","link":"https:\/\/redenoticiaz.com.br\/ribeiraopreto-regiao\/sp\/2022\/10\/31\/jovem-pan-demite-diversos-colunistas-apos-fim-das-eleicoes","title":{"rendered":"Jovem Pan demite diversos colunistas ap\u00f3s fim das elei\u00e7\u00f5es"},"content":{"rendered":"<p>A rede Jovem Pan demitiu diversos colunistas ap\u00f3s fim das elei\u00e7\u00f5es que culminaram na vit\u00f3ria de Luiz In\u00e1cio Lula da Silva (PT) para Presidente do Brasil.<\/p>\n<p>De acordo com o pr\u00f3prio canal, Caio Copolla, Guilherme Fi\u00faza, Augusto Nunes e Guga Noblat foram demitidos nesta segunda-feira (31).<\/p>\n<p>Ainda de acordo com o Guga Noblat em suas redes sociais, o seu desligamento se deve ao fato do jornalista n\u00e3o ter defendido a emissora durante o caso da censura.<\/p>\n<blockquote class=\"twitter-tweet\" data-width=\"500\" data-dnt=\"true\">\n<p lang=\"pt\" dir=\"ltr\">Acabo de ser comunicado que estou fora da Jovem Pan por n\u00e3o ter defendido a r\u00e1dio na hist\u00f3ria da censura. Estava desde a semana passada afastado e agora \u00e9 definitivo.<\/p>\n<p>&mdash; GugaNoblat (@GugaNoblat) <a href=\"https:\/\/twitter.com\/GugaNoblat\/status\/1587183220147224581?ref_src=twsrc%5Etfw\">October 31, 2022<\/a><\/p><\/blockquote>\n<p><script async src=\"https:\/\/platform.twitter.com\/widgets.js\" charset=\"utf-8\"><\/script><\/p>\n<h2>Bolsonaro<\/h2>\n<p>Durante a manh\u00e3 desta segunda-feira (31), o canal liberou uma nota reconhecendo a vit\u00f3ria de Lula (PT) e pedindo para que outros Pol\u00edticos o reconhe\u00e7am.<\/p>\n<p><strong>Leia mais<\/strong><\/p>\n<p><a href=\"https:\/\/redenoticiaz.com.br\/blog\/2022\/10\/31\/lula-enaltece-a-democracia-e-diz-que-vai-combater-a-miseria\">Lula enaltece a democracia e diz que vai combater a mis\u00e9ria<\/a><\/p>\n","protected":false},"excerpt":{"rendered":"<p>A rede Jovem Pan demitiu diversos colunistas ap\u00f3s fim das elei\u00e7\u00f5es que culminaram na vit\u00f3ria de Luiz In\u00e1cio Lula da Silva (PT) para Presidente do Brasil. De acordo com o pr\u00f3prio canal, Caio Copolla, Guilherme Fi\u00faza, Augusto Nunes e Guga Noblat foram demitidos nesta segunda-feira (31). Ainda de acordo com o Guga Noblat em suas &hellip;<\/p>\n","protected":false},"author":12,"featured_media":94315,"comment_status":"open","ping_status":"closed","sticky":false,"template":"","format":"standard","meta":{"footnotes":""},"categories":[9271],"tags":[21636,21637,18936,21638,21639,9332],"class_list":["post-94314","post","type-post","status-publish","format-standard","has-post-thumbnail","hentry","category-eleicoes","tag-aio-copolla","tag-augusto-nunes","tag-bolsonaro","tag-guilherme-fiuza","tag-jovem-pan","tag-lula"],"yoast_head":"<!-- This site is optimized with the Yoast SEO plugin v27.4 - https:\/\/yoast.com\/product\/yoast-seo-wordpress\/ -->\n<title>Jovem Pan demite diversos colunistas ap\u00f3s fim das elei\u00e7\u00f5es - Ribeir\u00e3o Preto e Regi\u00e3o<\/title>\n<meta name=\"description\" content=\"A rede Jovem Pan demitiu diversos colunistas ap\u00f3s fim das elei\u00e7\u00f5es que culminaram na vit\u00f3ria de Luiz In\u00e1cio Lula da Silva (PT) para Presidente do Brasil.\" \/>\n<meta name=\"robots\" content=\"index, follow, max-snippet:-1, max-image-preview:large, max-video-preview:-1\" \/>\n<link rel=\"canonical\" href=\"https:\/\/redenoticiaz.com.br\/ribeiraopreto-regiao\/sp\/2022\/10\/31\/jovem-pan-demite-diversos-colunistas-apos-fim-das-eleicoes\" \/>\n<meta property=\"og:locale\" content=\"pt_BR\" \/>\n<meta property=\"og:type\" content=\"article\" \/>\n<meta property=\"og:title\" content=\"Jovem Pan demite diversos colunistas ap\u00f3s fim das elei\u00e7\u00f5es - Ribeir\u00e3o Preto e Regi\u00e3o\" \/>\n<meta property=\"og:description\" content=\"A rede Jovem Pan demitiu diversos colunistas ap\u00f3s fim das elei\u00e7\u00f5es que culminaram na vit\u00f3ria de Luiz In\u00e1cio Lula da Silva (PT) para Presidente do Brasil.\" \/>\n<meta property=\"og:url\" content=\"https:\/\/redenoticiaz.com.br\/ribeiraopreto-regiao\/sp\/2022\/10\/31\/jovem-pan-demite-diversos-colunistas-apos-fim-das-eleicoes\" \/>\n<meta property=\"og:site_name\" content=\"Ribeir\u00e3o Preto e Regi\u00e3o\" \/>\n<meta property=\"article:publisher\" content=\"https:\/\/m.facebook.com\/redenoticiaz.barretos\" \/>\n<meta property=\"article:published_time\" content=\"2022-10-31T22:16:04+00:00\" \/>\n<meta property=\"article:modified_time\" content=\"2022-10-31T22:16:23+00:00\" \/>\n<meta property=\"og:image\" content=\"https:\/\/redenoticiaz.com.br\/ribeiraopreto-regiao\/wp-content\/uploads\/sites\/4\/2022\/10\/nunes_fiuzza_copolla.jpg?v=1667254548\" \/>\n\t<meta property=\"og:image:width\" content=\"1200\" \/>\n\t<meta property=\"og:image:height\" content=\"720\" \/>\n\t<meta property=\"og:image:type\" content=\"image\/jpeg\" \/>\n<meta name=\"author\" content=\"Gustavo Silva\" \/>\n<meta name=\"twitter:card\" content=\"summary_large_image\" \/>\n<meta name=\"twitter:creator\" content=\"@RN_barretos\" \/>\n<meta name=\"twitter:site\" content=\"@RN_barretos\" \/>\n<meta name=\"twitter:label1\" content=\"Escrito por\" \/>\n\t<meta name=\"twitter:data1\" content=\"Gustavo Silva\" \/>\n\t<meta name=\"twitter:label2\" content=\"Est. tempo de leitura\" \/>\n\t<meta name=\"twitter:data2\" content=\"1 minuto\" \/>\n<script type=\"application\/ld+json\" class=\"yoast-schema-graph\">{\"@context\":\"https:\\\/\\\/schema.org\",\"@graph\":[{\"@type\":\"Article\",\"@id\":\"https:\\\/\\\/redenoticiaz.com.br\\\/ribeiraopreto-regiao\\\/sp\\\/2022\\\/10\\\/31\\\/jovem-pan-demite-diversos-colunistas-apos-fim-das-eleicoes#article\",\"isPartOf\":{\"@id\":\"https:\\\/\\\/redenoticiaz.com.br\\\/ribeiraopreto-regiao\\\/sp\\\/2022\\\/10\\\/31\\\/jovem-pan-demite-diversos-colunistas-apos-fim-das-eleicoes\"},\"author\":{\"name\":\"Gustavo Silva\",\"@id\":\"https:\\\/\\\/redenoticiaz.com.br\\\/ribeiraopreto-regiao\\\/#\\\/schema\\\/person\\\/16057b37a3c0ee6b096d7f887c566e2e\"},\"headline\":\"Jovem Pan demite diversos colunistas ap\u00f3s fim das elei\u00e7\u00f5es\",\"datePublished\":\"2022-10-31T22:16:04+00:00\",\"dateModified\":\"2022-10-31T22:16:23+00:00\",\"mainEntityOfPage\":{\"@id\":\"https:\\\/\\\/redenoticiaz.com.br\\\/ribeiraopreto-regiao\\\/sp\\\/2022\\\/10\\\/31\\\/jovem-pan-demite-diversos-colunistas-apos-fim-das-eleicoes\"},\"wordCount\":174,\"commentCount\":0,\"publisher\":{\"@id\":\"https:\\\/\\\/redenoticiaz.com.br\\\/ribeiraopreto-regiao\\\/#organization\"},\"image\":{\"@id\":\"https:\\\/\\\/redenoticiaz.com.br\\\/ribeiraopreto-regiao\\\/sp\\\/2022\\\/10\\\/31\\\/jovem-pan-demite-diversos-colunistas-apos-fim-das-eleicoes#primaryimage\"},\"thumbnailUrl\":\"https:\\\/\\\/redenoticiaz.com.br\\\/ribeiraopreto-regiao\\\/wp-content\\\/uploads\\\/sites\\\/4\\\/2022\\\/10\\\/nunes_fiuzza_copolla.jpg?v=1667254548\",\"keywords\":[\"aio Copolla\",\"Augusto Nunes\",\"Bolsonaro\",\"Guilherme Fi\u00faza\",\"JOVEM PAN\",\"Lula\"],\"articleSection\":[\"Elei\u00e7\u00f5es\"],\"inLanguage\":\"pt-BR\",\"potentialAction\":[{\"@type\":\"CommentAction\",\"name\":\"Comment\",\"target\":[\"https:\\\/\\\/redenoticiaz.com.br\\\/ribeiraopreto-regiao\\\/sp\\\/2022\\\/10\\\/31\\\/jovem-pan-demite-diversos-colunistas-apos-fim-das-eleicoes#respond\"]}]},{\"@type\":\"WebPage\",\"@id\":\"https:\\\/\\\/redenoticiaz.com.br\\\/ribeiraopreto-regiao\\\/sp\\\/2022\\\/10\\\/31\\\/jovem-pan-demite-diversos-colunistas-apos-fim-das-eleicoes\",\"url\":\"https:\\\/\\\/redenoticiaz.com.br\\\/ribeiraopreto-regiao\\\/sp\\\/2022\\\/10\\\/31\\\/jovem-pan-demite-diversos-colunistas-apos-fim-das-eleicoes\",\"name\":\"Jovem Pan demite diversos colunistas ap\u00f3s fim das elei\u00e7\u00f5es - Ribeir\u00e3o Preto e Regi\u00e3o\",\"isPartOf\":{\"@id\":\"https:\\\/\\\/redenoticiaz.com.br\\\/ribeiraopreto-regiao\\\/#website\"},\"primaryImageOfPage\":{\"@id\":\"https:\\\/\\\/redenoticiaz.com.br\\\/ribeiraopreto-regiao\\\/sp\\\/2022\\\/10\\\/31\\\/jovem-pan-demite-diversos-colunistas-apos-fim-das-eleicoes#primaryimage\"},\"image\":{\"@id\":\"https:\\\/\\\/redenoticiaz.com.br\\\/ribeiraopreto-regiao\\\/sp\\\/2022\\\/10\\\/31\\\/jovem-pan-demite-diversos-colunistas-apos-fim-das-eleicoes#primaryimage\"},\"thumbnailUrl\":\"https:\\\/\\\/redenoticiaz.com.br\\\/ribeiraopreto-regiao\\\/wp-content\\\/uploads\\\/sites\\\/4\\\/2022\\\/10\\\/nunes_fiuzza_copolla.jpg?v=1667254548\",\"datePublished\":\"2022-10-31T22:16:04+00:00\",\"dateModified\":\"2022-10-31T22:16:23+00:00\",\"description\":\"A rede Jovem Pan demitiu diversos colunistas ap\u00f3s fim das elei\u00e7\u00f5es que culminaram na vit\u00f3ria de Luiz In\u00e1cio Lula da Silva (PT) para Presidente do Brasil.\",\"inLanguage\":\"pt-BR\",\"potentialAction\":[{\"@type\":\"ReadAction\",\"target\":[\"https:\\\/\\\/redenoticiaz.com.br\\\/ribeiraopreto-regiao\\\/sp\\\/2022\\\/10\\\/31\\\/jovem-pan-demite-diversos-colunistas-apos-fim-das-eleicoes\"]}]},{\"@type\":\"ImageObject\",\"inLanguage\":\"pt-BR\",\"@id\":\"https:\\\/\\\/redenoticiaz.com.br\\\/ribeiraopreto-regiao\\\/sp\\\/2022\\\/10\\\/31\\\/jovem-pan-demite-diversos-colunistas-apos-fim-das-eleicoes#primaryimage\",\"url\":\"https:\\\/\\\/redenoticiaz.com.br\\\/ribeiraopreto-regiao\\\/wp-content\\\/uploads\\\/sites\\\/4\\\/2022\\\/10\\\/nunes_fiuzza_copolla.jpg?v=1667254548\",\"contentUrl\":\"https:\\\/\\\/redenoticiaz.com.br\\\/ribeiraopreto-regiao\\\/wp-content\\\/uploads\\\/sites\\\/4\\\/2022\\\/10\\\/nunes_fiuzza_copolla.jpg?v=1667254548\",\"width\":1200,\"height\":720,\"caption\":\"Jovem Pan demite diversos colunistas ap\u00f3s fim das elei\u00e7\u00f5es\"},{\"@type\":\"WebSite\",\"@id\":\"https:\\\/\\\/redenoticiaz.com.br\\\/ribeiraopreto-regiao\\\/#website\",\"url\":\"https:\\\/\\\/redenoticiaz.com.br\\\/ribeiraopreto-regiao\\\/\",\"name\":\"Ribeir\u00e3o Preto e Regi\u00e3o\",\"description\":\"Rede NoticiaZ - Ribeir\u00e3o Preto e regi\u00e3o\",\"publisher\":{\"@id\":\"https:\\\/\\\/redenoticiaz.com.br\\\/ribeiraopreto-regiao\\\/#organization\"},\"potentialAction\":[{\"@type\":\"SearchAction\",\"target\":{\"@type\":\"EntryPoint\",\"urlTemplate\":\"https:\\\/\\\/redenoticiaz.com.br\\\/ribeiraopreto-regiao\\\/?s={search_term_string}\"},\"query-input\":{\"@type\":\"PropertyValueSpecification\",\"valueRequired\":true,\"valueName\":\"search_term_string\"}}],\"inLanguage\":\"pt-BR\"},{\"@type\":\"Organization\",\"@id\":\"https:\\\/\\\/redenoticiaz.com.br\\\/ribeiraopreto-regiao\\\/#organization\",\"name\":\"Ribeir\u00e3o Preto e Regi\u00e3o\",\"url\":\"https:\\\/\\\/redenoticiaz.com.br\\\/ribeiraopreto-regiao\\\/\",\"logo\":{\"@type\":\"ImageObject\",\"inLanguage\":\"pt-BR\",\"@id\":\"https:\\\/\\\/redenoticiaz.com.br\\\/ribeiraopreto-regiao\\\/#\\\/schema\\\/logo\\\/image\\\/\",\"url\":\"https:\\\/\\\/redenoticiaz.com.br\\\/barretos-regiao\\\/wp-content\\\/uploads\\\/sites\\\/4\\\/2022\\\/02\\\/logo.jpg\",\"contentUrl\":\"https:\\\/\\\/redenoticiaz.com.br\\\/barretos-regiao\\\/wp-content\\\/uploads\\\/sites\\\/4\\\/2022\\\/02\\\/logo.jpg\",\"width\":400,\"height\":250,\"caption\":\"Ribeir\u00e3o Preto e Regi\u00e3o\"},\"image\":{\"@id\":\"https:\\\/\\\/redenoticiaz.com.br\\\/ribeiraopreto-regiao\\\/#\\\/schema\\\/logo\\\/image\\\/\"},\"sameAs\":[\"https:\\\/\\\/m.facebook.com\\\/redenoticiaz.barretos\",\"https:\\\/\\\/x.com\\\/RN_barretos\",\"https:\\\/\\\/www.instagram.com\\\/redenoticiaz.barretos\\\/?igshid=YmMyMTA2M2Y\",\"https:\\\/\\\/www.linkedin.com\\\/company\\\/rede-noticiaz-barretos-e-regio\\\/\"]},{\"@type\":\"Person\",\"@id\":\"https:\\\/\\\/redenoticiaz.com.br\\\/ribeiraopreto-regiao\\\/#\\\/schema\\\/person\\\/16057b37a3c0ee6b096d7f887c566e2e\",\"name\":\"Gustavo Silva\",\"image\":{\"@type\":\"ImageObject\",\"inLanguage\":\"pt-BR\",\"@id\":\"https:\\\/\\\/secure.gravatar.com\\\/avatar\\\/3ee4e82f93b26de0a7cf4ea5eb7893da637ed6bb0c9170c58065944c56e28a33?s=96&d=mm&r=g\",\"url\":\"https:\\\/\\\/secure.gravatar.com\\\/avatar\\\/3ee4e82f93b26de0a7cf4ea5eb7893da637ed6bb0c9170c58065944c56e28a33?s=96&d=mm&r=g\",\"contentUrl\":\"https:\\\/\\\/secure.gravatar.com\\\/avatar\\\/3ee4e82f93b26de0a7cf4ea5eb7893da637ed6bb0c9170c58065944c56e28a33?s=96&d=mm&r=g\",\"caption\":\"Gustavo Silva\"},\"url\":\"https:\\\/\\\/redenoticiaz.com.br\\\/ribeiraopreto-regiao\\\/sp\\\/author\\\/gustavosilva\"}]}<\/script>\n<!-- \/ Yoast SEO plugin. -->","yoast_head_json":{"title":"Jovem Pan demite diversos colunistas ap\u00f3s fim das elei\u00e7\u00f5es - Ribeir\u00e3o Preto e Regi\u00e3o","description":"A rede Jovem Pan demitiu diversos colunistas ap\u00f3s fim das elei\u00e7\u00f5es que culminaram na vit\u00f3ria de Luiz In\u00e1cio Lula da Silva (PT) para Presidente do Brasil.","robots":{"index":"index","follow":"follow","max-snippet":"max-snippet:-1","max-image-preview":"max-image-preview:large","max-video-preview":"max-video-preview:-1"},"canonical":"https:\/\/redenoticiaz.com.br\/ribeiraopreto-regiao\/sp\/2022\/10\/31\/jovem-pan-demite-diversos-colunistas-apos-fim-das-eleicoes","og_locale":"pt_BR","og_type":"article","og_title":"Jovem Pan demite diversos colunistas ap\u00f3s fim das elei\u00e7\u00f5es - Ribeir\u00e3o Preto e Regi\u00e3o","og_description":"A rede Jovem Pan demitiu diversos colunistas ap\u00f3s fim das elei\u00e7\u00f5es que culminaram na vit\u00f3ria de Luiz In\u00e1cio Lula da Silva (PT) para Presidente do Brasil.","og_url":"https:\/\/redenoticiaz.com.br\/ribeiraopreto-regiao\/sp\/2022\/10\/31\/jovem-pan-demite-diversos-colunistas-apos-fim-das-eleicoes","og_site_name":"Ribeir\u00e3o Preto e Regi\u00e3o","article_publisher":"https:\/\/m.facebook.com\/redenoticiaz.barretos","article_published_time":"2022-10-31T22:16:04+00:00","article_modified_time":"2022-10-31T22:16:23+00:00","og_image":[{"width":1200,"height":720,"url":"https:\/\/redenoticiaz.com.br\/ribeiraopreto-regiao\/wp-content\/uploads\/sites\/4\/2022\/10\/nunes_fiuzza_copolla.jpg?v=1667254548","type":"image\/jpeg"}],"author":"Gustavo Silva","twitter_card":"summary_large_image","twitter_creator":"@RN_barretos","twitter_site":"@RN_barretos","twitter_misc":{"Escrito por":"Gustavo Silva","Est. tempo de leitura":"1 minuto"},"schema":{"@context":"https:\/\/schema.org","@graph":[{"@type":"Article","@id":"https:\/\/redenoticiaz.com.br\/ribeiraopreto-regiao\/sp\/2022\/10\/31\/jovem-pan-demite-diversos-colunistas-apos-fim-das-eleicoes#article","isPartOf":{"@id":"https:\/\/redenoticiaz.com.br\/ribeiraopreto-regiao\/sp\/2022\/10\/31\/jovem-pan-demite-diversos-colunistas-apos-fim-das-eleicoes"},"author":{"name":"Gustavo Silva","@id":"https:\/\/redenoticiaz.com.br\/ribeiraopreto-regiao\/#\/schema\/person\/16057b37a3c0ee6b096d7f887c566e2e"},"headline":"Jovem Pan demite diversos colunistas ap\u00f3s fim das elei\u00e7\u00f5es","datePublished":"2022-10-31T22:16:04+00:00","dateModified":"2022-10-31T22:16:23+00:00","mainEntityOfPage":{"@id":"https:\/\/redenoticiaz.com.br\/ribeiraopreto-regiao\/sp\/2022\/10\/31\/jovem-pan-demite-diversos-colunistas-apos-fim-das-eleicoes"},"wordCount":174,"commentCount":0,"publisher":{"@id":"https:\/\/redenoticiaz.com.br\/ribeiraopreto-regiao\/#organization"},"image":{"@id":"https:\/\/redenoticiaz.com.br\/ribeiraopreto-regiao\/sp\/2022\/10\/31\/jovem-pan-demite-diversos-colunistas-apos-fim-das-eleicoes#primaryimage"},"thumbnailUrl":"https:\/\/redenoticiaz.com.br\/ribeiraopreto-regiao\/wp-content\/uploads\/sites\/4\/2022\/10\/nunes_fiuzza_copolla.jpg?v=1667254548","keywords":["aio Copolla","Augusto Nunes","Bolsonaro","Guilherme Fi\u00faza","JOVEM PAN","Lula"],"articleSection":["Elei\u00e7\u00f5es"],"inLanguage":"pt-BR","potentialAction":[{"@type":"CommentAction","name":"Comment","target":["https:\/\/redenoticiaz.com.br\/ribeiraopreto-regiao\/sp\/2022\/10\/31\/jovem-pan-demite-diversos-colunistas-apos-fim-das-eleicoes#respond"]}]},{"@type":"WebPage","@id":"https:\/\/redenoticiaz.com.br\/ribeiraopreto-regiao\/sp\/2022\/10\/31\/jovem-pan-demite-diversos-colunistas-apos-fim-das-eleicoes","url":"https:\/\/redenoticiaz.com.br\/ribeiraopreto-regiao\/sp\/2022\/10\/31\/jovem-pan-demite-diversos-colunistas-apos-fim-das-eleicoes","name":"Jovem Pan demite diversos colunistas ap\u00f3s fim das elei\u00e7\u00f5es - Ribeir\u00e3o Preto e Regi\u00e3o","isPartOf":{"@id":"https:\/\/redenoticiaz.com.br\/ribeiraopreto-regiao\/#website"},"primaryImageOfPage":{"@id":"https:\/\/redenoticiaz.com.br\/ribeiraopreto-regiao\/sp\/2022\/10\/31\/jovem-pan-demite-diversos-colunistas-apos-fim-das-eleicoes#primaryimage"},"image":{"@id":"https:\/\/redenoticiaz.com.br\/ribeiraopreto-regiao\/sp\/2022\/10\/31\/jovem-pan-demite-diversos-colunistas-apos-fim-das-eleicoes#primaryimage"},"thumbnailUrl":"https:\/\/redenoticiaz.com.br\/ribeiraopreto-regiao\/wp-content\/uploads\/sites\/4\/2022\/10\/nunes_fiuzza_copolla.jpg?v=1667254548","datePublished":"2022-10-31T22:16:04+00:00","dateModified":"2022-10-31T22:16:23+00:00","description":"A rede Jovem Pan demitiu diversos colunistas ap\u00f3s fim das elei\u00e7\u00f5es que culminaram na vit\u00f3ria de Luiz In\u00e1cio Lula da Silva (PT) para Presidente do Brasil.","inLanguage":"pt-BR","potentialAction":[{"@type":"ReadAction","target":["https:\/\/redenoticiaz.com.br\/ribeiraopreto-regiao\/sp\/2022\/10\/31\/jovem-pan-demite-diversos-colunistas-apos-fim-das-eleicoes"]}]},{"@type":"ImageObject","inLanguage":"pt-BR","@id":"https:\/\/redenoticiaz.com.br\/ribeiraopreto-regiao\/sp\/2022\/10\/31\/jovem-pan-demite-diversos-colunistas-apos-fim-das-eleicoes#primaryimage","url":"https:\/\/redenoticiaz.com.br\/ribeiraopreto-regiao\/wp-content\/uploads\/sites\/4\/2022\/10\/nunes_fiuzza_copolla.jpg?v=1667254548","contentUrl":"https:\/\/redenoticiaz.com.br\/ribeiraopreto-regiao\/wp-content\/uploads\/sites\/4\/2022\/10\/nunes_fiuzza_copolla.jpg?v=1667254548","width":1200,"height":720,"caption":"Jovem Pan demite diversos colunistas ap\u00f3s fim das elei\u00e7\u00f5es"},{"@type":"WebSite","@id":"https:\/\/redenoticiaz.com.br\/ribeiraopreto-regiao\/#website","url":"https:\/\/redenoticiaz.com.br\/ribeiraopreto-regiao\/","name":"Ribeir\u00e3o Preto e Regi\u00e3o","description":"Rede NoticiaZ - Ribeir\u00e3o Preto e regi\u00e3o","publisher":{"@id":"https:\/\/redenoticiaz.com.br\/ribeiraopreto-regiao\/#organization"},"potentialAction":[{"@type":"SearchAction","target":{"@type":"EntryPoint","urlTemplate":"https:\/\/redenoticiaz.com.br\/ribeiraopreto-regiao\/?s={search_term_string}"},"query-input":{"@type":"PropertyValueSpecification","valueRequired":true,"valueName":"search_term_string"}}],"inLanguage":"pt-BR"},{"@type":"Organization","@id":"https:\/\/redenoticiaz.com.br\/ribeiraopreto-regiao\/#organization","name":"Ribeir\u00e3o Preto e Regi\u00e3o","url":"https:\/\/redenoticiaz.com.br\/ribeiraopreto-regiao\/","logo":{"@type":"ImageObject","inLanguage":"pt-BR","@id":"https:\/\/redenoticiaz.com.br\/ribeiraopreto-regiao\/#\/schema\/logo\/image\/","url":"https:\/\/redenoticiaz.com.br\/barretos-regiao\/wp-content\/uploads\/sites\/4\/2022\/02\/logo.jpg","contentUrl":"https:\/\/redenoticiaz.com.br\/barretos-regiao\/wp-content\/uploads\/sites\/4\/2022\/02\/logo.jpg","width":400,"height":250,"caption":"Ribeir\u00e3o Preto e Regi\u00e3o"},"image":{"@id":"https:\/\/redenoticiaz.com.br\/ribeiraopreto-regiao\/#\/schema\/logo\/image\/"},"sameAs":["https:\/\/m.facebook.com\/redenoticiaz.barretos","https:\/\/x.com\/RN_barretos","https:\/\/www.instagram.com\/redenoticiaz.barretos\/?igshid=YmMyMTA2M2Y","https:\/\/www.linkedin.com\/company\/rede-noticiaz-barretos-e-regio\/"]},{"@type":"Person","@id":"https:\/\/redenoticiaz.com.br\/ribeiraopreto-regiao\/#\/schema\/person\/16057b37a3c0ee6b096d7f887c566e2e","name":"Gustavo Silva","image":{"@type":"ImageObject","inLanguage":"pt-BR","@id":"https:\/\/secure.gravatar.com\/avatar\/3ee4e82f93b26de0a7cf4ea5eb7893da637ed6bb0c9170c58065944c56e28a33?s=96&d=mm&r=g","url":"https:\/\/secure.gravatar.com\/avatar\/3ee4e82f93b26de0a7cf4ea5eb7893da637ed6bb0c9170c58065944c56e28a33?s=96&d=mm&r=g","contentUrl":"https:\/\/secure.gravatar.com\/avatar\/3ee4e82f93b26de0a7cf4ea5eb7893da637ed6bb0c9170c58065944c56e28a33?s=96&d=mm&r=g","caption":"Gustavo Silva"},"url":"https:\/\/redenoticiaz.com.br\/ribeiraopreto-regiao\/sp\/author\/gustavosilva"}]}},"_links":{"self":[{"href":"https:\/\/redenoticiaz.com.br\/ribeiraopreto-regiao\/wp-json\/wp\/v2\/posts\/94314","targetHints":{"allow":["GET"]}}],"collection":[{"href":"https:\/\/redenoticiaz.com.br\/ribeiraopreto-regiao\/wp-json\/wp\/v2\/posts"}],"about":[{"href":"https:\/\/redenoticiaz.com.br\/ribeiraopreto-regiao\/wp-json\/wp\/v2\/types\/post"}],"author":[{"embeddable":true,"href":"https:\/\/redenoticiaz.com.br\/ribeiraopreto-regiao\/wp-json\/wp\/v2\/users\/12"}],"replies":[{"embeddable":true,"href":"https:\/\/redenoticiaz.com.br\/ribeiraopreto-regiao\/wp-json\/wp\/v2\/comments?post=94314"}],"version-history":[{"count":0,"href":"https:\/\/redenoticiaz.com.br\/ribeiraopreto-regiao\/wp-json\/wp\/v2\/posts\/94314\/revisions"}],"wp:featuredmedia":[{"embeddable":true,"href":"https:\/\/redenoticiaz.com.br\/ribeiraopreto-regiao\/wp-json\/wp\/v2\/media\/94315"}],"wp:attachment":[{"href":"https:\/\/redenoticiaz.com.br\/ribeiraopreto-regiao\/wp-json\/wp\/v2\/media?parent=94314"}],"wp:term":[{"taxonomy":"category","embeddable":true,"href":"https:\/\/redenoticiaz.com.br\/ribeiraopreto-regiao\/wp-json\/wp\/v2\/categories?post=94314"},{"taxonomy":"post_tag","embeddable":true,"href":"https:\/\/redenoticiaz.com.br\/ribeiraopreto-regiao\/wp-json\/wp\/v2\/tags?post=94314"}],"curies":[{"name":"wp","href":"https:\/\/api.w.org\/{rel}","templated":true}]}}