{"id":94529,"date":"2022-11-04T14:45:16","date_gmt":"2022-11-04T17:45:16","guid":{"rendered":"https:\/\/redenoticiaz.com.br\/barretos-regiao\/?p=94529"},"modified":"2022-11-04T14:49:38","modified_gmt":"2022-11-04T17:49:38","slug":"video-idoso-e-resgatado-pela-policia-militar-ao-ficar-perdido-em-area-de-mata","status":"publish","type":"post","link":"https:\/\/redenoticiaz.com.br\/ribeiraopreto-regiao\/sp\/2022\/11\/04\/video-idoso-e-resgatado-pela-policia-militar-ao-ficar-perdido-em-area-de-mata","title":{"rendered":"V\u00cdDEO \u2013 Idoso \u00e9 resgatado pela Pol\u00edcia Militar ao ficar perdido em \u00e1rea de mata"},"content":{"rendered":"<p><span class=\"corpo\">A Pol\u00edcia Militar conseguiu resgatar um idoso de 79 anos, que desapareceu em Ibi\u00fana, Interior de S\u00e3o Paulo. Ele saiu de casa na \u00faltima quarta-feira, mas passou a n\u00e3o ser mais visto. O idoso foi localizado em uma \u00e1rea de mata e foi socorrido com boas condi\u00e7\u00f5es de sa\u00fade.<\/span><\/p>\n<p><span class=\"corpo\">De acordo com a PM, os familiares ficaram apreensivos porque ele saiu por volta das 8h da manh\u00e3 e dirigia um GM\/Monza GLS Azul. S\u00f3 que as horas se passaram e nada dele voltar. Ent\u00e3o ligaram para a Pol\u00edcia Militar, relatando o caso e dizendo que ele sofre de Alzheimer.\u00a0<\/span><\/p>\n<p><span class=\"corpo\">As buscas foram feitas e ao chegar na Estrada do Pia\u00ed, acharam o carro, mas por ser tratar de \u00e1rea de brejo, tiveram que andar por cerca de um quil\u00f4metro a p\u00e9 para prestar o socorro. O idoso foi encontrado ca\u00eddo e com as pernas entrela\u00e7adas na vegeta\u00e7\u00e3o, molhado e tremia muito devido a baixa temperatura da regi\u00e3o.<\/span><\/p>\n<p><span class=\"corpo\">A equipe o retirou do local com cuidado e o transportou at\u00e9 a viatura. Ele foi carregado nas costas tendo em vista estar muito debilitado e se queixar de dores na regi\u00e3o abdominal. O senhor foi levado ao Pronto Socorro de Ibi\u00fana onde foi medicado e encontrou com alegria os seus familiares.<br \/>\n<\/span><\/p>\n<h3>Veja o v\u00eddeo:<\/h3>\n<div style=\"width: 640px;\" class=\"wp-video\"><video class=\"wp-video-shortcode\" id=\"video-94529-1\" width=\"640\" height=\"352\" preload=\"metadata\" controls=\"controls\"><source type=\"video\/mp4\" src=\"https:\/\/redenoticiaz.com.br\/barretos-regiao\/wp-content\/uploads\/sites\/4\/2022\/11\/WhatsApp-Video-2022-11-04-at-14.31.20.mp4?_=1\" \/><a href=\"https:\/\/redenoticiaz.com.br\/barretos-regiao\/wp-content\/uploads\/sites\/4\/2022\/11\/WhatsApp-Video-2022-11-04-at-14.31.20.mp4\">https:\/\/redenoticiaz.com.br\/barretos-regiao\/wp-content\/uploads\/sites\/4\/2022\/11\/WhatsApp-Video-2022-11-04-at-14.31.20.mp4<\/a><\/video><\/div>\n<p><strong>LEIA TAMB\u00c9M<\/strong><\/p>\n<p><a href=\"https:\/\/redenoticiaz.com.br\/blog\/2022\/11\/04\/operacao-da-pf-apreende-mais-de-2-toneladas-de-drogas-na-regiao-de-jundiai\">Opera\u00e7\u00e3o da PF apreende mais de 2 toneladas de drogas na Regi\u00e3o de Jundia\u00ed<\/a><\/p>\n","protected":false},"excerpt":{"rendered":"<p>A Pol\u00edcia Militar conseguiu resgatar um idoso de 79 anos, que desapareceu em Ibi\u00fana, Interior de S\u00e3o Paulo. Ele saiu de casa na \u00faltima quarta-feira, mas passou a n\u00e3o ser mais visto. O idoso foi localizado em uma \u00e1rea de mata e foi socorrido com boas condi\u00e7\u00f5es de sa\u00fade. De acordo com a PM, os &hellip;<\/p>\n","protected":false},"author":6,"featured_media":94530,"comment_status":"open","ping_status":"closed","sticky":false,"template":"","format":"standard","meta":{"footnotes":""},"categories":[88],"tags":[21775,21776,21777,674],"class_list":["post-94529","post","type-post","status-publish","format-standard","has-post-thumbnail","hentry","category-policia","tag-estrada-do-piai","tag-ibiuna","tag-idoso-encontrado","tag-policia-militar"],"yoast_head":"<!-- This site is optimized with the Yoast SEO plugin v27.5 - https:\/\/yoast.com\/product\/yoast-seo-wordpress\/ -->\n<title>V\u00cdDEO \u2013 Idoso \u00e9 resgatado pela Pol\u00edcia Militar ao ficar perdido em \u00e1rea de mata - Ribeir\u00e3o Preto e Regi\u00e3o<\/title>\n<meta name=\"description\" content=\"A Pol\u00edcia Militar conseguiu resgatar um idoso de 79 anos, que desapareceu em Ibi\u00fana, Interior de S\u00e3o Paulo. Ele saiu de casa na \u00faltima quarta-feira\" \/>\n<meta name=\"robots\" content=\"index, follow, max-snippet:-1, max-image-preview:large, max-video-preview:-1\" \/>\n<link rel=\"canonical\" href=\"https:\/\/redenoticiaz.com.br\/ribeiraopreto-regiao\/sp\/2022\/11\/04\/video-idoso-e-resgatado-pela-policia-militar-ao-ficar-perdido-em-area-de-mata\" \/>\n<meta property=\"og:locale\" content=\"pt_BR\" \/>\n<meta property=\"og:type\" content=\"article\" \/>\n<meta property=\"og:title\" content=\"V\u00cdDEO \u2013 Idoso \u00e9 resgatado pela Pol\u00edcia Militar ao ficar perdido em \u00e1rea de mata - Ribeir\u00e3o Preto e Regi\u00e3o\" \/>\n<meta property=\"og:description\" content=\"A Pol\u00edcia Militar conseguiu resgatar um idoso de 79 anos, que desapareceu em Ibi\u00fana, Interior de S\u00e3o Paulo. Ele saiu de casa na \u00faltima quarta-feira\" \/>\n<meta property=\"og:url\" content=\"https:\/\/redenoticiaz.com.br\/ribeiraopreto-regiao\/sp\/2022\/11\/04\/video-idoso-e-resgatado-pela-policia-militar-ao-ficar-perdido-em-area-de-mata\" \/>\n<meta property=\"og:site_name\" content=\"Ribeir\u00e3o Preto e Regi\u00e3o\" \/>\n<meta property=\"article:publisher\" content=\"https:\/\/m.facebook.com\/redenoticiaz.barretos\" \/>\n<meta property=\"article:published_time\" content=\"2022-11-04T17:45:16+00:00\" \/>\n<meta property=\"article:modified_time\" content=\"2022-11-04T17:49:38+00:00\" \/>\n<meta property=\"og:image\" content=\"https:\/\/redenoticiaz.com.br\/ribeiraopreto-regiao\/wp-content\/uploads\/sites\/4\/2022\/11\/Alex-Sandro-sofre-lesao-e-esta-fora-do-duelo-da-Selecao-contra-Camaroes.png\" \/>\n\t<meta property=\"og:image:width\" content=\"1200\" \/>\n\t<meta property=\"og:image:height\" content=\"628\" \/>\n\t<meta property=\"og:image:type\" content=\"image\/png\" \/>\n<meta name=\"author\" content=\"Leonardo Francisco\" \/>\n<meta name=\"twitter:card\" content=\"summary_large_image\" \/>\n<meta name=\"twitter:creator\" content=\"@RN_barretos\" \/>\n<meta name=\"twitter:site\" content=\"@RN_barretos\" \/>\n<meta name=\"twitter:label1\" content=\"Escrito por\" \/>\n\t<meta name=\"twitter:data1\" content=\"Leonardo Francisco\" \/>\n\t<meta name=\"twitter:label2\" content=\"Est. tempo de leitura\" \/>\n\t<meta name=\"twitter:data2\" content=\"2 minutos\" \/>\n<script type=\"application\/ld+json\" class=\"yoast-schema-graph\">{\"@context\":\"https:\\\/\\\/schema.org\",\"@graph\":[{\"@type\":\"Article\",\"@id\":\"https:\\\/\\\/redenoticiaz.com.br\\\/ribeiraopreto-regiao\\\/sp\\\/2022\\\/11\\\/04\\\/video-idoso-e-resgatado-pela-policia-militar-ao-ficar-perdido-em-area-de-mata#article\",\"isPartOf\":{\"@id\":\"https:\\\/\\\/redenoticiaz.com.br\\\/ribeiraopreto-regiao\\\/sp\\\/2022\\\/11\\\/04\\\/video-idoso-e-resgatado-pela-policia-militar-ao-ficar-perdido-em-area-de-mata\"},\"author\":{\"name\":\"Leonardo Francisco\",\"@id\":\"https:\\\/\\\/redenoticiaz.com.br\\\/ribeiraopreto-regiao\\\/#\\\/schema\\\/person\\\/0f0b8a5bdafefe82841e07ae8d81ecb3\"},\"headline\":\"V\u00cdDEO \u2013 Idoso \u00e9 resgatado pela Pol\u00edcia Militar ao ficar perdido em \u00e1rea de mata\",\"datePublished\":\"2022-11-04T17:45:16+00:00\",\"dateModified\":\"2022-11-04T17:49:38+00:00\",\"mainEntityOfPage\":{\"@id\":\"https:\\\/\\\/redenoticiaz.com.br\\\/ribeiraopreto-regiao\\\/sp\\\/2022\\\/11\\\/04\\\/video-idoso-e-resgatado-pela-policia-militar-ao-ficar-perdido-em-area-de-mata\"},\"wordCount\":279,\"commentCount\":0,\"publisher\":{\"@id\":\"https:\\\/\\\/redenoticiaz.com.br\\\/ribeiraopreto-regiao\\\/#organization\"},\"image\":{\"@id\":\"https:\\\/\\\/redenoticiaz.com.br\\\/ribeiraopreto-regiao\\\/sp\\\/2022\\\/11\\\/04\\\/video-idoso-e-resgatado-pela-policia-militar-ao-ficar-perdido-em-area-de-mata#primaryimage\"},\"thumbnailUrl\":\"https:\\\/\\\/redenoticiaz.com.br\\\/ribeiraopreto-regiao\\\/wp-content\\\/uploads\\\/sites\\\/4\\\/2022\\\/11\\\/63480-e1667572528130.jpg?v=1667572493\",\"keywords\":[\"ESTRADA DO PIA\u00cd\",\"IBI\u00daNA\",\"IDOSO ENCONTRADO\",\"policia militar\"],\"articleSection\":[\"Pol\u00edcia\"],\"inLanguage\":\"pt-BR\",\"potentialAction\":[{\"@type\":\"CommentAction\",\"name\":\"Comment\",\"target\":[\"https:\\\/\\\/redenoticiaz.com.br\\\/ribeiraopreto-regiao\\\/sp\\\/2022\\\/11\\\/04\\\/video-idoso-e-resgatado-pela-policia-militar-ao-ficar-perdido-em-area-de-mata#respond\"]}]},{\"@type\":\"WebPage\",\"@id\":\"https:\\\/\\\/redenoticiaz.com.br\\\/ribeiraopreto-regiao\\\/sp\\\/2022\\\/11\\\/04\\\/video-idoso-e-resgatado-pela-policia-militar-ao-ficar-perdido-em-area-de-mata\",\"url\":\"https:\\\/\\\/redenoticiaz.com.br\\\/ribeiraopreto-regiao\\\/sp\\\/2022\\\/11\\\/04\\\/video-idoso-e-resgatado-pela-policia-militar-ao-ficar-perdido-em-area-de-mata\",\"name\":\"V\u00cdDEO \u2013 Idoso \u00e9 resgatado pela Pol\u00edcia Militar ao ficar perdido em \u00e1rea de mata - Ribeir\u00e3o Preto e Regi\u00e3o\",\"isPartOf\":{\"@id\":\"https:\\\/\\\/redenoticiaz.com.br\\\/ribeiraopreto-regiao\\\/#website\"},\"primaryImageOfPage\":{\"@id\":\"https:\\\/\\\/redenoticiaz.com.br\\\/ribeiraopreto-regiao\\\/sp\\\/2022\\\/11\\\/04\\\/video-idoso-e-resgatado-pela-policia-militar-ao-ficar-perdido-em-area-de-mata#primaryimage\"},\"image\":{\"@id\":\"https:\\\/\\\/redenoticiaz.com.br\\\/ribeiraopreto-regiao\\\/sp\\\/2022\\\/11\\\/04\\\/video-idoso-e-resgatado-pela-policia-militar-ao-ficar-perdido-em-area-de-mata#primaryimage\"},\"thumbnailUrl\":\"https:\\\/\\\/redenoticiaz.com.br\\\/ribeiraopreto-regiao\\\/wp-content\\\/uploads\\\/sites\\\/4\\\/2022\\\/11\\\/63480-e1667572528130.jpg?v=1667572493\",\"datePublished\":\"2022-11-04T17:45:16+00:00\",\"dateModified\":\"2022-11-04T17:49:38+00:00\",\"description\":\"A Pol\u00edcia Militar conseguiu resgatar um idoso de 79 anos, que desapareceu em Ibi\u00fana, Interior de S\u00e3o Paulo. Ele saiu de casa na \u00faltima quarta-feira\",\"inLanguage\":\"pt-BR\",\"potentialAction\":[{\"@type\":\"ReadAction\",\"target\":[\"https:\\\/\\\/redenoticiaz.com.br\\\/ribeiraopreto-regiao\\\/sp\\\/2022\\\/11\\\/04\\\/video-idoso-e-resgatado-pela-policia-militar-ao-ficar-perdido-em-area-de-mata\"]}]},{\"@type\":\"ImageObject\",\"inLanguage\":\"pt-BR\",\"@id\":\"https:\\\/\\\/redenoticiaz.com.br\\\/ribeiraopreto-regiao\\\/sp\\\/2022\\\/11\\\/04\\\/video-idoso-e-resgatado-pela-policia-militar-ao-ficar-perdido-em-area-de-mata#primaryimage\",\"url\":\"https:\\\/\\\/redenoticiaz.com.br\\\/ribeiraopreto-regiao\\\/wp-content\\\/uploads\\\/sites\\\/4\\\/2022\\\/11\\\/63480-e1667572528130.jpg?v=1667572493\",\"contentUrl\":\"https:\\\/\\\/redenoticiaz.com.br\\\/ribeiraopreto-regiao\\\/wp-content\\\/uploads\\\/sites\\\/4\\\/2022\\\/11\\\/63480-e1667572528130.jpg?v=1667572493\",\"width\":840,\"height\":899,\"caption\":\"Cr\u00e9ditos: Reprodu\u00e7\u00e3o\\\/Redes Sociais\"},{\"@type\":\"WebSite\",\"@id\":\"https:\\\/\\\/redenoticiaz.com.br\\\/ribeiraopreto-regiao\\\/#website\",\"url\":\"https:\\\/\\\/redenoticiaz.com.br\\\/ribeiraopreto-regiao\\\/\",\"name\":\"Ribeir\u00e3o Preto e Regi\u00e3o\",\"description\":\"Rede NoticiaZ - Ribeir\u00e3o Preto e regi\u00e3o\",\"publisher\":{\"@id\":\"https:\\\/\\\/redenoticiaz.com.br\\\/ribeiraopreto-regiao\\\/#organization\"},\"potentialAction\":[{\"@type\":\"SearchAction\",\"target\":{\"@type\":\"EntryPoint\",\"urlTemplate\":\"https:\\\/\\\/redenoticiaz.com.br\\\/ribeiraopreto-regiao\\\/?s={search_term_string}\"},\"query-input\":{\"@type\":\"PropertyValueSpecification\",\"valueRequired\":true,\"valueName\":\"search_term_string\"}}],\"inLanguage\":\"pt-BR\"},{\"@type\":\"Organization\",\"@id\":\"https:\\\/\\\/redenoticiaz.com.br\\\/ribeiraopreto-regiao\\\/#organization\",\"name\":\"Ribeir\u00e3o Preto e Regi\u00e3o\",\"url\":\"https:\\\/\\\/redenoticiaz.com.br\\\/ribeiraopreto-regiao\\\/\",\"logo\":{\"@type\":\"ImageObject\",\"inLanguage\":\"pt-BR\",\"@id\":\"https:\\\/\\\/redenoticiaz.com.br\\\/ribeiraopreto-regiao\\\/#\\\/schema\\\/logo\\\/image\\\/\",\"url\":\"https:\\\/\\\/redenoticiaz.com.br\\\/barretos-regiao\\\/wp-content\\\/uploads\\\/sites\\\/4\\\/2022\\\/02\\\/logo.jpg\",\"contentUrl\":\"https:\\\/\\\/redenoticiaz.com.br\\\/barretos-regiao\\\/wp-content\\\/uploads\\\/sites\\\/4\\\/2022\\\/02\\\/logo.jpg\",\"width\":400,\"height\":250,\"caption\":\"Ribeir\u00e3o Preto e Regi\u00e3o\"},\"image\":{\"@id\":\"https:\\\/\\\/redenoticiaz.com.br\\\/ribeiraopreto-regiao\\\/#\\\/schema\\\/logo\\\/image\\\/\"},\"sameAs\":[\"https:\\\/\\\/m.facebook.com\\\/redenoticiaz.barretos\",\"https:\\\/\\\/x.com\\\/RN_barretos\",\"https:\\\/\\\/www.instagram.com\\\/redenoticiaz.barretos\\\/?igshid=YmMyMTA2M2Y\",\"https:\\\/\\\/www.linkedin.com\\\/company\\\/rede-noticiaz-barretos-e-regio\\\/\"]},{\"@type\":\"Person\",\"@id\":\"https:\\\/\\\/redenoticiaz.com.br\\\/ribeiraopreto-regiao\\\/#\\\/schema\\\/person\\\/0f0b8a5bdafefe82841e07ae8d81ecb3\",\"name\":\"Leonardo Francisco\",\"image\":{\"@type\":\"ImageObject\",\"inLanguage\":\"pt-BR\",\"@id\":\"https:\\\/\\\/secure.gravatar.com\\\/avatar\\\/a7358cb406a99b682ec6df1e77e31ae82e63601f6784e8a3df411d72b37864da?s=96&d=mm&r=g\",\"url\":\"https:\\\/\\\/secure.gravatar.com\\\/avatar\\\/a7358cb406a99b682ec6df1e77e31ae82e63601f6784e8a3df411d72b37864da?s=96&d=mm&r=g\",\"contentUrl\":\"https:\\\/\\\/secure.gravatar.com\\\/avatar\\\/a7358cb406a99b682ec6df1e77e31ae82e63601f6784e8a3df411d72b37864da?s=96&d=mm&r=g\",\"caption\":\"Leonardo Francisco\"},\"url\":\"https:\\\/\\\/redenoticiaz.com.br\\\/ribeiraopreto-regiao\\\/sp\\\/author\\\/leonardo-francisco\"}]}<\/script>\n<!-- \/ Yoast SEO plugin. -->","yoast_head_json":{"title":"V\u00cdDEO \u2013 Idoso \u00e9 resgatado pela Pol\u00edcia Militar ao ficar perdido em \u00e1rea de mata - Ribeir\u00e3o Preto e Regi\u00e3o","description":"A Pol\u00edcia Militar conseguiu resgatar um idoso de 79 anos, que desapareceu em Ibi\u00fana, Interior de S\u00e3o Paulo. Ele saiu de casa na \u00faltima quarta-feira","robots":{"index":"index","follow":"follow","max-snippet":"max-snippet:-1","max-image-preview":"max-image-preview:large","max-video-preview":"max-video-preview:-1"},"canonical":"https:\/\/redenoticiaz.com.br\/ribeiraopreto-regiao\/sp\/2022\/11\/04\/video-idoso-e-resgatado-pela-policia-militar-ao-ficar-perdido-em-area-de-mata","og_locale":"pt_BR","og_type":"article","og_title":"V\u00cdDEO \u2013 Idoso \u00e9 resgatado pela Pol\u00edcia Militar ao ficar perdido em \u00e1rea de mata - Ribeir\u00e3o Preto e Regi\u00e3o","og_description":"A Pol\u00edcia Militar conseguiu resgatar um idoso de 79 anos, que desapareceu em Ibi\u00fana, Interior de S\u00e3o Paulo. Ele saiu de casa na \u00faltima quarta-feira","og_url":"https:\/\/redenoticiaz.com.br\/ribeiraopreto-regiao\/sp\/2022\/11\/04\/video-idoso-e-resgatado-pela-policia-militar-ao-ficar-perdido-em-area-de-mata","og_site_name":"Ribeir\u00e3o Preto e Regi\u00e3o","article_publisher":"https:\/\/m.facebook.com\/redenoticiaz.barretos","article_published_time":"2022-11-04T17:45:16+00:00","article_modified_time":"2022-11-04T17:49:38+00:00","og_image":[{"width":1200,"height":628,"url":"https:\/\/redenoticiaz.com.br\/ribeiraopreto-regiao\/wp-content\/uploads\/sites\/4\/2022\/11\/Alex-Sandro-sofre-lesao-e-esta-fora-do-duelo-da-Selecao-contra-Camaroes.png","type":"image\/png"}],"author":"Leonardo Francisco","twitter_card":"summary_large_image","twitter_creator":"@RN_barretos","twitter_site":"@RN_barretos","twitter_misc":{"Escrito por":"Leonardo Francisco","Est. tempo de leitura":"2 minutos"},"schema":{"@context":"https:\/\/schema.org","@graph":[{"@type":"Article","@id":"https:\/\/redenoticiaz.com.br\/ribeiraopreto-regiao\/sp\/2022\/11\/04\/video-idoso-e-resgatado-pela-policia-militar-ao-ficar-perdido-em-area-de-mata#article","isPartOf":{"@id":"https:\/\/redenoticiaz.com.br\/ribeiraopreto-regiao\/sp\/2022\/11\/04\/video-idoso-e-resgatado-pela-policia-militar-ao-ficar-perdido-em-area-de-mata"},"author":{"name":"Leonardo Francisco","@id":"https:\/\/redenoticiaz.com.br\/ribeiraopreto-regiao\/#\/schema\/person\/0f0b8a5bdafefe82841e07ae8d81ecb3"},"headline":"V\u00cdDEO \u2013 Idoso \u00e9 resgatado pela Pol\u00edcia Militar ao ficar perdido em \u00e1rea de mata","datePublished":"2022-11-04T17:45:16+00:00","dateModified":"2022-11-04T17:49:38+00:00","mainEntityOfPage":{"@id":"https:\/\/redenoticiaz.com.br\/ribeiraopreto-regiao\/sp\/2022\/11\/04\/video-idoso-e-resgatado-pela-policia-militar-ao-ficar-perdido-em-area-de-mata"},"wordCount":279,"commentCount":0,"publisher":{"@id":"https:\/\/redenoticiaz.com.br\/ribeiraopreto-regiao\/#organization"},"image":{"@id":"https:\/\/redenoticiaz.com.br\/ribeiraopreto-regiao\/sp\/2022\/11\/04\/video-idoso-e-resgatado-pela-policia-militar-ao-ficar-perdido-em-area-de-mata#primaryimage"},"thumbnailUrl":"https:\/\/redenoticiaz.com.br\/ribeiraopreto-regiao\/wp-content\/uploads\/sites\/4\/2022\/11\/63480-e1667572528130.jpg?v=1667572493","keywords":["ESTRADA DO PIA\u00cd","IBI\u00daNA","IDOSO ENCONTRADO","policia militar"],"articleSection":["Pol\u00edcia"],"inLanguage":"pt-BR","potentialAction":[{"@type":"CommentAction","name":"Comment","target":["https:\/\/redenoticiaz.com.br\/ribeiraopreto-regiao\/sp\/2022\/11\/04\/video-idoso-e-resgatado-pela-policia-militar-ao-ficar-perdido-em-area-de-mata#respond"]}]},{"@type":"WebPage","@id":"https:\/\/redenoticiaz.com.br\/ribeiraopreto-regiao\/sp\/2022\/11\/04\/video-idoso-e-resgatado-pela-policia-militar-ao-ficar-perdido-em-area-de-mata","url":"https:\/\/redenoticiaz.com.br\/ribeiraopreto-regiao\/sp\/2022\/11\/04\/video-idoso-e-resgatado-pela-policia-militar-ao-ficar-perdido-em-area-de-mata","name":"V\u00cdDEO \u2013 Idoso \u00e9 resgatado pela Pol\u00edcia Militar ao ficar perdido em \u00e1rea de mata - Ribeir\u00e3o Preto e Regi\u00e3o","isPartOf":{"@id":"https:\/\/redenoticiaz.com.br\/ribeiraopreto-regiao\/#website"},"primaryImageOfPage":{"@id":"https:\/\/redenoticiaz.com.br\/ribeiraopreto-regiao\/sp\/2022\/11\/04\/video-idoso-e-resgatado-pela-policia-militar-ao-ficar-perdido-em-area-de-mata#primaryimage"},"image":{"@id":"https:\/\/redenoticiaz.com.br\/ribeiraopreto-regiao\/sp\/2022\/11\/04\/video-idoso-e-resgatado-pela-policia-militar-ao-ficar-perdido-em-area-de-mata#primaryimage"},"thumbnailUrl":"https:\/\/redenoticiaz.com.br\/ribeiraopreto-regiao\/wp-content\/uploads\/sites\/4\/2022\/11\/63480-e1667572528130.jpg?v=1667572493","datePublished":"2022-11-04T17:45:16+00:00","dateModified":"2022-11-04T17:49:38+00:00","description":"A Pol\u00edcia Militar conseguiu resgatar um idoso de 79 anos, que desapareceu em Ibi\u00fana, Interior de S\u00e3o Paulo. Ele saiu de casa na \u00faltima quarta-feira","inLanguage":"pt-BR","potentialAction":[{"@type":"ReadAction","target":["https:\/\/redenoticiaz.com.br\/ribeiraopreto-regiao\/sp\/2022\/11\/04\/video-idoso-e-resgatado-pela-policia-militar-ao-ficar-perdido-em-area-de-mata"]}]},{"@type":"ImageObject","inLanguage":"pt-BR","@id":"https:\/\/redenoticiaz.com.br\/ribeiraopreto-regiao\/sp\/2022\/11\/04\/video-idoso-e-resgatado-pela-policia-militar-ao-ficar-perdido-em-area-de-mata#primaryimage","url":"https:\/\/redenoticiaz.com.br\/ribeiraopreto-regiao\/wp-content\/uploads\/sites\/4\/2022\/11\/63480-e1667572528130.jpg?v=1667572493","contentUrl":"https:\/\/redenoticiaz.com.br\/ribeiraopreto-regiao\/wp-content\/uploads\/sites\/4\/2022\/11\/63480-e1667572528130.jpg?v=1667572493","width":840,"height":899,"caption":"Cr\u00e9ditos: Reprodu\u00e7\u00e3o\/Redes Sociais"},{"@type":"WebSite","@id":"https:\/\/redenoticiaz.com.br\/ribeiraopreto-regiao\/#website","url":"https:\/\/redenoticiaz.com.br\/ribeiraopreto-regiao\/","name":"Ribeir\u00e3o Preto e Regi\u00e3o","description":"Rede NoticiaZ - Ribeir\u00e3o Preto e regi\u00e3o","publisher":{"@id":"https:\/\/redenoticiaz.com.br\/ribeiraopreto-regiao\/#organization"},"potentialAction":[{"@type":"SearchAction","target":{"@type":"EntryPoint","urlTemplate":"https:\/\/redenoticiaz.com.br\/ribeiraopreto-regiao\/?s={search_term_string}"},"query-input":{"@type":"PropertyValueSpecification","valueRequired":true,"valueName":"search_term_string"}}],"inLanguage":"pt-BR"},{"@type":"Organization","@id":"https:\/\/redenoticiaz.com.br\/ribeiraopreto-regiao\/#organization","name":"Ribeir\u00e3o Preto e Regi\u00e3o","url":"https:\/\/redenoticiaz.com.br\/ribeiraopreto-regiao\/","logo":{"@type":"ImageObject","inLanguage":"pt-BR","@id":"https:\/\/redenoticiaz.com.br\/ribeiraopreto-regiao\/#\/schema\/logo\/image\/","url":"https:\/\/redenoticiaz.com.br\/barretos-regiao\/wp-content\/uploads\/sites\/4\/2022\/02\/logo.jpg","contentUrl":"https:\/\/redenoticiaz.com.br\/barretos-regiao\/wp-content\/uploads\/sites\/4\/2022\/02\/logo.jpg","width":400,"height":250,"caption":"Ribeir\u00e3o Preto e Regi\u00e3o"},"image":{"@id":"https:\/\/redenoticiaz.com.br\/ribeiraopreto-regiao\/#\/schema\/logo\/image\/"},"sameAs":["https:\/\/m.facebook.com\/redenoticiaz.barretos","https:\/\/x.com\/RN_barretos","https:\/\/www.instagram.com\/redenoticiaz.barretos\/?igshid=YmMyMTA2M2Y","https:\/\/www.linkedin.com\/company\/rede-noticiaz-barretos-e-regio\/"]},{"@type":"Person","@id":"https:\/\/redenoticiaz.com.br\/ribeiraopreto-regiao\/#\/schema\/person\/0f0b8a5bdafefe82841e07ae8d81ecb3","name":"Leonardo Francisco","image":{"@type":"ImageObject","inLanguage":"pt-BR","@id":"https:\/\/secure.gravatar.com\/avatar\/a7358cb406a99b682ec6df1e77e31ae82e63601f6784e8a3df411d72b37864da?s=96&d=mm&r=g","url":"https:\/\/secure.gravatar.com\/avatar\/a7358cb406a99b682ec6df1e77e31ae82e63601f6784e8a3df411d72b37864da?s=96&d=mm&r=g","contentUrl":"https:\/\/secure.gravatar.com\/avatar\/a7358cb406a99b682ec6df1e77e31ae82e63601f6784e8a3df411d72b37864da?s=96&d=mm&r=g","caption":"Leonardo Francisco"},"url":"https:\/\/redenoticiaz.com.br\/ribeiraopreto-regiao\/sp\/author\/leonardo-francisco"}]}},"_links":{"self":[{"href":"https:\/\/redenoticiaz.com.br\/ribeiraopreto-regiao\/wp-json\/wp\/v2\/posts\/94529","targetHints":{"allow":["GET"]}}],"collection":[{"href":"https:\/\/redenoticiaz.com.br\/ribeiraopreto-regiao\/wp-json\/wp\/v2\/posts"}],"about":[{"href":"https:\/\/redenoticiaz.com.br\/ribeiraopreto-regiao\/wp-json\/wp\/v2\/types\/post"}],"author":[{"embeddable":true,"href":"https:\/\/redenoticiaz.com.br\/ribeiraopreto-regiao\/wp-json\/wp\/v2\/users\/6"}],"replies":[{"embeddable":true,"href":"https:\/\/redenoticiaz.com.br\/ribeiraopreto-regiao\/wp-json\/wp\/v2\/comments?post=94529"}],"version-history":[{"count":3,"href":"https:\/\/redenoticiaz.com.br\/ribeiraopreto-regiao\/wp-json\/wp\/v2\/posts\/94529\/revisions"}],"predecessor-version":[{"id":94554,"href":"https:\/\/redenoticiaz.com.br\/ribeiraopreto-regiao\/wp-json\/wp\/v2\/posts\/94529\/revisions\/94554"}],"wp:featuredmedia":[{"embeddable":true,"href":"https:\/\/redenoticiaz.com.br\/ribeiraopreto-regiao\/wp-json\/wp\/v2\/media\/94530"}],"wp:attachment":[{"href":"https:\/\/redenoticiaz.com.br\/ribeiraopreto-regiao\/wp-json\/wp\/v2\/media?parent=94529"}],"wp:term":[{"taxonomy":"category","embeddable":true,"href":"https:\/\/redenoticiaz.com.br\/ribeiraopreto-regiao\/wp-json\/wp\/v2\/categories?post=94529"},{"taxonomy":"post_tag","embeddable":true,"href":"https:\/\/redenoticiaz.com.br\/ribeiraopreto-regiao\/wp-json\/wp\/v2\/tags?post=94529"}],"curies":[{"name":"wp","href":"https:\/\/api.w.org\/{rel}","templated":true}]}}