{"id":94556,"date":"2022-11-04T15:07:21","date_gmt":"2022-11-04T18:07:21","guid":{"rendered":"https:\/\/redenoticiaz.com.br\/barretos-regiao\/sp\/2022\/11\/04\/christiane-pelajo-pede-demissao-da-rede-globo-apos-26-anos-no-canal"},"modified":"2022-11-04T15:07:32","modified_gmt":"2022-11-04T18:07:32","slug":"christiane-pelajo-pede-demissao-da-rede-globo-apos-26-anos-no-canal","status":"publish","type":"post","link":"https:\/\/redenoticiaz.com.br\/ribeiraopreto-regiao\/sp\/2022\/11\/04\/christiane-pelajo-pede-demissao-da-rede-globo-apos-26-anos-no-canal","title":{"rendered":"Christiane Pelajo pede demiss\u00e3o da Rede Globo ap\u00f3s 26 anos no canal"},"content":{"rendered":"<p>A jornalista Christiane Pelajo pediu demiss\u00e3o da Rede Globo ap\u00f3s 26 anos no canal nesta sexta-feira (4).<\/p>\n<p>De acordo com a pr\u00f3pria jornalista, a demiss\u00e3o acontece em um momento em que busca novas oportunidades.<\/p>\n<blockquote><p>A vida \u00e9 feita de movimentos, e eu n\u00e3o consigo ficar parada. H\u00e1 26 anos, apresento jornal todos os dias. J\u00e1 trabalhei nos mais diferentes hor\u00e1rios. Dei in\u00fameros bom dia, boa tarde e boa noite no ar!\u00a0Apresentei jornal sozinha, em dupla e at\u00e9 em trio! Fiz muitas reportagens especiais, das quais me orgulho imensamente. Ganhei pr\u00eamios. Viajei para v\u00e1rios pa\u00edses para participar de grandes coberturas. Gravei na Fran\u00e7a, It\u00e1lia, Espanha, Alemanha, Gr\u00e9cia, \u00cdndia, Estados Unidos, Rep\u00fablica Dominicana, Chile e em todas as regi\u00f5es brasileiras.<\/p><\/blockquote>\n<p>Ainda de acordo com a profissional, foram quase tr\u00eas d\u00e9cadas de trabalho intenso e dedica\u00e7\u00e3o ao of\u00edcio de informar o p\u00fablico.<\/p>\n<blockquote><p>Sou super intensa em tudo o que eu fa\u00e7o. Me jogo mesmo! Sem medo! E me joguei com tudo nesses 26 anos de Globo e Globonews! Foi bom demais! Mas chegou a hora de pensar mais em mim. Fiz quest\u00e3o de esperar o fim das elei\u00e7\u00f5es para dar esse passo. Afinal, tenho o Jornalismo na veia!.<\/p><\/blockquote>\n<p>Sendo assim, a jornalista afirmou na carta de despedida que a demiss\u00e3o era pensada e esperou o fim das elei\u00e7\u00f5es para formalizar sua sa\u00edda.<\/p>\n<blockquote><p>Saio com a certeza absoluta de que cumpri, com primor, todas as miss\u00f5es que recebi. Quero aproveitar a vida, que ainda tem muit\u00edssimo a me oferecer.<\/p><\/blockquote>\n<p><strong>Leia mais<\/strong><\/p>\n<p><a href=\"https:\/\/redenoticiaz.com.br\/blog\/2022\/10\/26\/jornalista-da-globo-susana-naspolini-morre-aos-49-anos\">Jornalista da Globo, Susana Naspolini, morre aos 49 anos<\/a><\/p>\n","protected":false},"excerpt":{"rendered":"<p>A jornalista Christiane Pelajo pediu demiss\u00e3o da Rede Globo ap\u00f3s 26 anos no canal nesta sexta-feira (4). De acordo com a pr\u00f3pria jornalista, a demiss\u00e3o acontece em um momento em que busca novas oportunidades. A vida \u00e9 feita de movimentos, e eu n\u00e3o consigo ficar parada. H\u00e1 26 anos, apresento jornal todos os dias. J\u00e1 &hellip;<\/p>\n","protected":false},"author":12,"featured_media":94557,"comment_status":"open","ping_status":"closed","sticky":false,"template":"","format":"standard","meta":{"footnotes":""},"categories":[134],"tags":[21788,4746,21789,21790],"class_list":["post-94556","post","type-post","status-publish","format-standard","has-post-thumbnail","hentry","category-entretenimento","tag-christiane-pelajo","tag-globo","tag-globonews","tag-saida-emissora"],"yoast_head":"<!-- This site is optimized with the Yoast SEO plugin v27.4 - https:\/\/yoast.com\/product\/yoast-seo-wordpress\/ -->\n<title>Christiane Pelajo pede demiss\u00e3o da Rede Globo ap\u00f3s 26 anos no canal - Ribeir\u00e3o Preto e Regi\u00e3o<\/title>\n<meta name=\"description\" content=\"A jornalista Christiane Pelajo pediu demiss\u00e3o da Rede Globo ap\u00f3s 26 anos no canal nesta sexta-feira (4). Ela estava na GloboNews.\" \/>\n<meta name=\"robots\" content=\"index, follow, max-snippet:-1, max-image-preview:large, max-video-preview:-1\" \/>\n<link rel=\"canonical\" href=\"https:\/\/redenoticiaz.com.br\/ribeiraopreto-regiao\/sp\/2022\/11\/04\/christiane-pelajo-pede-demissao-da-rede-globo-apos-26-anos-no-canal\" \/>\n<meta property=\"og:locale\" content=\"pt_BR\" \/>\n<meta property=\"og:type\" content=\"article\" \/>\n<meta property=\"og:title\" content=\"Christiane Pelajo pede demiss\u00e3o da Rede Globo ap\u00f3s 26 anos no canal - Ribeir\u00e3o Preto e Regi\u00e3o\" \/>\n<meta property=\"og:description\" content=\"A jornalista Christiane Pelajo pediu demiss\u00e3o da Rede Globo ap\u00f3s 26 anos no canal nesta sexta-feira (4). Ela estava na GloboNews.\" \/>\n<meta property=\"og:url\" content=\"https:\/\/redenoticiaz.com.br\/ribeiraopreto-regiao\/sp\/2022\/11\/04\/christiane-pelajo-pede-demissao-da-rede-globo-apos-26-anos-no-canal\" \/>\n<meta property=\"og:site_name\" content=\"Ribeir\u00e3o Preto e Regi\u00e3o\" \/>\n<meta property=\"article:publisher\" content=\"https:\/\/m.facebook.com\/redenoticiaz.barretos\" \/>\n<meta property=\"article:published_time\" content=\"2022-11-04T18:07:21+00:00\" \/>\n<meta property=\"article:modified_time\" content=\"2022-11-04T18:07:32+00:00\" \/>\n<meta property=\"og:image\" content=\"https:\/\/redenoticiaz.com.br\/ribeiraopreto-regiao\/wp-content\/uploads\/sites\/4\/2022\/11\/46522593-jornal-da-globonews-edicao-das-16h-com-christiane-pelajo..jpg?v=1667585175\" \/>\n\t<meta property=\"og:image:width\" content=\"924\" \/>\n\t<meta property=\"og:image:height\" content=\"617\" \/>\n\t<meta property=\"og:image:type\" content=\"image\/jpeg\" \/>\n<meta name=\"author\" content=\"Gustavo Silva\" \/>\n<meta name=\"twitter:card\" content=\"summary_large_image\" \/>\n<meta name=\"twitter:creator\" content=\"@RN_barretos\" \/>\n<meta name=\"twitter:site\" content=\"@RN_barretos\" \/>\n<meta name=\"twitter:label1\" content=\"Escrito por\" \/>\n\t<meta name=\"twitter:data1\" content=\"Gustavo Silva\" \/>\n\t<meta name=\"twitter:label2\" content=\"Est. tempo de leitura\" \/>\n\t<meta name=\"twitter:data2\" content=\"2 minutos\" \/>\n<script type=\"application\/ld+json\" class=\"yoast-schema-graph\">{\"@context\":\"https:\\\/\\\/schema.org\",\"@graph\":[{\"@type\":\"Article\",\"@id\":\"https:\\\/\\\/redenoticiaz.com.br\\\/ribeiraopreto-regiao\\\/sp\\\/2022\\\/11\\\/04\\\/christiane-pelajo-pede-demissao-da-rede-globo-apos-26-anos-no-canal#article\",\"isPartOf\":{\"@id\":\"https:\\\/\\\/redenoticiaz.com.br\\\/ribeiraopreto-regiao\\\/sp\\\/2022\\\/11\\\/04\\\/christiane-pelajo-pede-demissao-da-rede-globo-apos-26-anos-no-canal\"},\"author\":{\"name\":\"Gustavo Silva\",\"@id\":\"https:\\\/\\\/redenoticiaz.com.br\\\/ribeiraopreto-regiao\\\/#\\\/schema\\\/person\\\/16057b37a3c0ee6b096d7f887c566e2e\"},\"headline\":\"Christiane Pelajo pede demiss\u00e3o da Rede Globo ap\u00f3s 26 anos no canal\",\"datePublished\":\"2022-11-04T18:07:21+00:00\",\"dateModified\":\"2022-11-04T18:07:32+00:00\",\"mainEntityOfPage\":{\"@id\":\"https:\\\/\\\/redenoticiaz.com.br\\\/ribeiraopreto-regiao\\\/sp\\\/2022\\\/11\\\/04\\\/christiane-pelajo-pede-demissao-da-rede-globo-apos-26-anos-no-canal\"},\"wordCount\":292,\"commentCount\":0,\"publisher\":{\"@id\":\"https:\\\/\\\/redenoticiaz.com.br\\\/ribeiraopreto-regiao\\\/#organization\"},\"image\":{\"@id\":\"https:\\\/\\\/redenoticiaz.com.br\\\/ribeiraopreto-regiao\\\/sp\\\/2022\\\/11\\\/04\\\/christiane-pelajo-pede-demissao-da-rede-globo-apos-26-anos-no-canal#primaryimage\"},\"thumbnailUrl\":\"https:\\\/\\\/redenoticiaz.com.br\\\/ribeiraopreto-regiao\\\/wp-content\\\/uploads\\\/sites\\\/4\\\/2022\\\/11\\\/46522593-jornal-da-globonews-edicao-das-16h-com-christiane-pelajo..jpg?v=1667585175\",\"keywords\":[\"Christiane Pelajo\",\"GLOBO\",\"GLOBONEWS\",\"sa\u00edda emissora\"],\"articleSection\":[\"Entretenimento\"],\"inLanguage\":\"pt-BR\",\"potentialAction\":[{\"@type\":\"CommentAction\",\"name\":\"Comment\",\"target\":[\"https:\\\/\\\/redenoticiaz.com.br\\\/ribeiraopreto-regiao\\\/sp\\\/2022\\\/11\\\/04\\\/christiane-pelajo-pede-demissao-da-rede-globo-apos-26-anos-no-canal#respond\"]}]},{\"@type\":\"WebPage\",\"@id\":\"https:\\\/\\\/redenoticiaz.com.br\\\/ribeiraopreto-regiao\\\/sp\\\/2022\\\/11\\\/04\\\/christiane-pelajo-pede-demissao-da-rede-globo-apos-26-anos-no-canal\",\"url\":\"https:\\\/\\\/redenoticiaz.com.br\\\/ribeiraopreto-regiao\\\/sp\\\/2022\\\/11\\\/04\\\/christiane-pelajo-pede-demissao-da-rede-globo-apos-26-anos-no-canal\",\"name\":\"Christiane Pelajo pede demiss\u00e3o da Rede Globo ap\u00f3s 26 anos no canal - Ribeir\u00e3o Preto e Regi\u00e3o\",\"isPartOf\":{\"@id\":\"https:\\\/\\\/redenoticiaz.com.br\\\/ribeiraopreto-regiao\\\/#website\"},\"primaryImageOfPage\":{\"@id\":\"https:\\\/\\\/redenoticiaz.com.br\\\/ribeiraopreto-regiao\\\/sp\\\/2022\\\/11\\\/04\\\/christiane-pelajo-pede-demissao-da-rede-globo-apos-26-anos-no-canal#primaryimage\"},\"image\":{\"@id\":\"https:\\\/\\\/redenoticiaz.com.br\\\/ribeiraopreto-regiao\\\/sp\\\/2022\\\/11\\\/04\\\/christiane-pelajo-pede-demissao-da-rede-globo-apos-26-anos-no-canal#primaryimage\"},\"thumbnailUrl\":\"https:\\\/\\\/redenoticiaz.com.br\\\/ribeiraopreto-regiao\\\/wp-content\\\/uploads\\\/sites\\\/4\\\/2022\\\/11\\\/46522593-jornal-da-globonews-edicao-das-16h-com-christiane-pelajo..jpg?v=1667585175\",\"datePublished\":\"2022-11-04T18:07:21+00:00\",\"dateModified\":\"2022-11-04T18:07:32+00:00\",\"description\":\"A jornalista Christiane Pelajo pediu demiss\u00e3o da Rede Globo ap\u00f3s 26 anos no canal nesta sexta-feira (4). Ela estava na GloboNews.\",\"inLanguage\":\"pt-BR\",\"potentialAction\":[{\"@type\":\"ReadAction\",\"target\":[\"https:\\\/\\\/redenoticiaz.com.br\\\/ribeiraopreto-regiao\\\/sp\\\/2022\\\/11\\\/04\\\/christiane-pelajo-pede-demissao-da-rede-globo-apos-26-anos-no-canal\"]}]},{\"@type\":\"ImageObject\",\"inLanguage\":\"pt-BR\",\"@id\":\"https:\\\/\\\/redenoticiaz.com.br\\\/ribeiraopreto-regiao\\\/sp\\\/2022\\\/11\\\/04\\\/christiane-pelajo-pede-demissao-da-rede-globo-apos-26-anos-no-canal#primaryimage\",\"url\":\"https:\\\/\\\/redenoticiaz.com.br\\\/ribeiraopreto-regiao\\\/wp-content\\\/uploads\\\/sites\\\/4\\\/2022\\\/11\\\/46522593-jornal-da-globonews-edicao-das-16h-com-christiane-pelajo..jpg?v=1667585175\",\"contentUrl\":\"https:\\\/\\\/redenoticiaz.com.br\\\/ribeiraopreto-regiao\\\/wp-content\\\/uploads\\\/sites\\\/4\\\/2022\\\/11\\\/46522593-jornal-da-globonews-edicao-das-16h-com-christiane-pelajo..jpg?v=1667585175\",\"width\":924,\"height\":617,\"caption\":\"Christiane Pelajo pede demiss\u00e3o da Rede Globo ap\u00f3s 26 anos no canal\"},{\"@type\":\"WebSite\",\"@id\":\"https:\\\/\\\/redenoticiaz.com.br\\\/ribeiraopreto-regiao\\\/#website\",\"url\":\"https:\\\/\\\/redenoticiaz.com.br\\\/ribeiraopreto-regiao\\\/\",\"name\":\"Ribeir\u00e3o Preto e Regi\u00e3o\",\"description\":\"Rede NoticiaZ - Ribeir\u00e3o Preto e regi\u00e3o\",\"publisher\":{\"@id\":\"https:\\\/\\\/redenoticiaz.com.br\\\/ribeiraopreto-regiao\\\/#organization\"},\"potentialAction\":[{\"@type\":\"SearchAction\",\"target\":{\"@type\":\"EntryPoint\",\"urlTemplate\":\"https:\\\/\\\/redenoticiaz.com.br\\\/ribeiraopreto-regiao\\\/?s={search_term_string}\"},\"query-input\":{\"@type\":\"PropertyValueSpecification\",\"valueRequired\":true,\"valueName\":\"search_term_string\"}}],\"inLanguage\":\"pt-BR\"},{\"@type\":\"Organization\",\"@id\":\"https:\\\/\\\/redenoticiaz.com.br\\\/ribeiraopreto-regiao\\\/#organization\",\"name\":\"Ribeir\u00e3o Preto e Regi\u00e3o\",\"url\":\"https:\\\/\\\/redenoticiaz.com.br\\\/ribeiraopreto-regiao\\\/\",\"logo\":{\"@type\":\"ImageObject\",\"inLanguage\":\"pt-BR\",\"@id\":\"https:\\\/\\\/redenoticiaz.com.br\\\/ribeiraopreto-regiao\\\/#\\\/schema\\\/logo\\\/image\\\/\",\"url\":\"https:\\\/\\\/redenoticiaz.com.br\\\/barretos-regiao\\\/wp-content\\\/uploads\\\/sites\\\/4\\\/2022\\\/02\\\/logo.jpg\",\"contentUrl\":\"https:\\\/\\\/redenoticiaz.com.br\\\/barretos-regiao\\\/wp-content\\\/uploads\\\/sites\\\/4\\\/2022\\\/02\\\/logo.jpg\",\"width\":400,\"height\":250,\"caption\":\"Ribeir\u00e3o Preto e Regi\u00e3o\"},\"image\":{\"@id\":\"https:\\\/\\\/redenoticiaz.com.br\\\/ribeiraopreto-regiao\\\/#\\\/schema\\\/logo\\\/image\\\/\"},\"sameAs\":[\"https:\\\/\\\/m.facebook.com\\\/redenoticiaz.barretos\",\"https:\\\/\\\/x.com\\\/RN_barretos\",\"https:\\\/\\\/www.instagram.com\\\/redenoticiaz.barretos\\\/?igshid=YmMyMTA2M2Y\",\"https:\\\/\\\/www.linkedin.com\\\/company\\\/rede-noticiaz-barretos-e-regio\\\/\"]},{\"@type\":\"Person\",\"@id\":\"https:\\\/\\\/redenoticiaz.com.br\\\/ribeiraopreto-regiao\\\/#\\\/schema\\\/person\\\/16057b37a3c0ee6b096d7f887c566e2e\",\"name\":\"Gustavo Silva\",\"image\":{\"@type\":\"ImageObject\",\"inLanguage\":\"pt-BR\",\"@id\":\"https:\\\/\\\/secure.gravatar.com\\\/avatar\\\/3ee4e82f93b26de0a7cf4ea5eb7893da637ed6bb0c9170c58065944c56e28a33?s=96&d=mm&r=g\",\"url\":\"https:\\\/\\\/secure.gravatar.com\\\/avatar\\\/3ee4e82f93b26de0a7cf4ea5eb7893da637ed6bb0c9170c58065944c56e28a33?s=96&d=mm&r=g\",\"contentUrl\":\"https:\\\/\\\/secure.gravatar.com\\\/avatar\\\/3ee4e82f93b26de0a7cf4ea5eb7893da637ed6bb0c9170c58065944c56e28a33?s=96&d=mm&r=g\",\"caption\":\"Gustavo Silva\"},\"url\":\"https:\\\/\\\/redenoticiaz.com.br\\\/ribeiraopreto-regiao\\\/sp\\\/author\\\/gustavosilva\"}]}<\/script>\n<!-- \/ Yoast SEO plugin. -->","yoast_head_json":{"title":"Christiane Pelajo pede demiss\u00e3o da Rede Globo ap\u00f3s 26 anos no canal - Ribeir\u00e3o Preto e Regi\u00e3o","description":"A jornalista Christiane Pelajo pediu demiss\u00e3o da Rede Globo ap\u00f3s 26 anos no canal nesta sexta-feira (4). Ela estava na GloboNews.","robots":{"index":"index","follow":"follow","max-snippet":"max-snippet:-1","max-image-preview":"max-image-preview:large","max-video-preview":"max-video-preview:-1"},"canonical":"https:\/\/redenoticiaz.com.br\/ribeiraopreto-regiao\/sp\/2022\/11\/04\/christiane-pelajo-pede-demissao-da-rede-globo-apos-26-anos-no-canal","og_locale":"pt_BR","og_type":"article","og_title":"Christiane Pelajo pede demiss\u00e3o da Rede Globo ap\u00f3s 26 anos no canal - Ribeir\u00e3o Preto e Regi\u00e3o","og_description":"A jornalista Christiane Pelajo pediu demiss\u00e3o da Rede Globo ap\u00f3s 26 anos no canal nesta sexta-feira (4). Ela estava na GloboNews.","og_url":"https:\/\/redenoticiaz.com.br\/ribeiraopreto-regiao\/sp\/2022\/11\/04\/christiane-pelajo-pede-demissao-da-rede-globo-apos-26-anos-no-canal","og_site_name":"Ribeir\u00e3o Preto e Regi\u00e3o","article_publisher":"https:\/\/m.facebook.com\/redenoticiaz.barretos","article_published_time":"2022-11-04T18:07:21+00:00","article_modified_time":"2022-11-04T18:07:32+00:00","og_image":[{"width":924,"height":617,"url":"https:\/\/redenoticiaz.com.br\/ribeiraopreto-regiao\/wp-content\/uploads\/sites\/4\/2022\/11\/46522593-jornal-da-globonews-edicao-das-16h-com-christiane-pelajo..jpg?v=1667585175","type":"image\/jpeg"}],"author":"Gustavo Silva","twitter_card":"summary_large_image","twitter_creator":"@RN_barretos","twitter_site":"@RN_barretos","twitter_misc":{"Escrito por":"Gustavo Silva","Est. tempo de leitura":"2 minutos"},"schema":{"@context":"https:\/\/schema.org","@graph":[{"@type":"Article","@id":"https:\/\/redenoticiaz.com.br\/ribeiraopreto-regiao\/sp\/2022\/11\/04\/christiane-pelajo-pede-demissao-da-rede-globo-apos-26-anos-no-canal#article","isPartOf":{"@id":"https:\/\/redenoticiaz.com.br\/ribeiraopreto-regiao\/sp\/2022\/11\/04\/christiane-pelajo-pede-demissao-da-rede-globo-apos-26-anos-no-canal"},"author":{"name":"Gustavo Silva","@id":"https:\/\/redenoticiaz.com.br\/ribeiraopreto-regiao\/#\/schema\/person\/16057b37a3c0ee6b096d7f887c566e2e"},"headline":"Christiane Pelajo pede demiss\u00e3o da Rede Globo ap\u00f3s 26 anos no canal","datePublished":"2022-11-04T18:07:21+00:00","dateModified":"2022-11-04T18:07:32+00:00","mainEntityOfPage":{"@id":"https:\/\/redenoticiaz.com.br\/ribeiraopreto-regiao\/sp\/2022\/11\/04\/christiane-pelajo-pede-demissao-da-rede-globo-apos-26-anos-no-canal"},"wordCount":292,"commentCount":0,"publisher":{"@id":"https:\/\/redenoticiaz.com.br\/ribeiraopreto-regiao\/#organization"},"image":{"@id":"https:\/\/redenoticiaz.com.br\/ribeiraopreto-regiao\/sp\/2022\/11\/04\/christiane-pelajo-pede-demissao-da-rede-globo-apos-26-anos-no-canal#primaryimage"},"thumbnailUrl":"https:\/\/redenoticiaz.com.br\/ribeiraopreto-regiao\/wp-content\/uploads\/sites\/4\/2022\/11\/46522593-jornal-da-globonews-edicao-das-16h-com-christiane-pelajo..jpg?v=1667585175","keywords":["Christiane Pelajo","GLOBO","GLOBONEWS","sa\u00edda emissora"],"articleSection":["Entretenimento"],"inLanguage":"pt-BR","potentialAction":[{"@type":"CommentAction","name":"Comment","target":["https:\/\/redenoticiaz.com.br\/ribeiraopreto-regiao\/sp\/2022\/11\/04\/christiane-pelajo-pede-demissao-da-rede-globo-apos-26-anos-no-canal#respond"]}]},{"@type":"WebPage","@id":"https:\/\/redenoticiaz.com.br\/ribeiraopreto-regiao\/sp\/2022\/11\/04\/christiane-pelajo-pede-demissao-da-rede-globo-apos-26-anos-no-canal","url":"https:\/\/redenoticiaz.com.br\/ribeiraopreto-regiao\/sp\/2022\/11\/04\/christiane-pelajo-pede-demissao-da-rede-globo-apos-26-anos-no-canal","name":"Christiane Pelajo pede demiss\u00e3o da Rede Globo ap\u00f3s 26 anos no canal - Ribeir\u00e3o Preto e Regi\u00e3o","isPartOf":{"@id":"https:\/\/redenoticiaz.com.br\/ribeiraopreto-regiao\/#website"},"primaryImageOfPage":{"@id":"https:\/\/redenoticiaz.com.br\/ribeiraopreto-regiao\/sp\/2022\/11\/04\/christiane-pelajo-pede-demissao-da-rede-globo-apos-26-anos-no-canal#primaryimage"},"image":{"@id":"https:\/\/redenoticiaz.com.br\/ribeiraopreto-regiao\/sp\/2022\/11\/04\/christiane-pelajo-pede-demissao-da-rede-globo-apos-26-anos-no-canal#primaryimage"},"thumbnailUrl":"https:\/\/redenoticiaz.com.br\/ribeiraopreto-regiao\/wp-content\/uploads\/sites\/4\/2022\/11\/46522593-jornal-da-globonews-edicao-das-16h-com-christiane-pelajo..jpg?v=1667585175","datePublished":"2022-11-04T18:07:21+00:00","dateModified":"2022-11-04T18:07:32+00:00","description":"A jornalista Christiane Pelajo pediu demiss\u00e3o da Rede Globo ap\u00f3s 26 anos no canal nesta sexta-feira (4). Ela estava na GloboNews.","inLanguage":"pt-BR","potentialAction":[{"@type":"ReadAction","target":["https:\/\/redenoticiaz.com.br\/ribeiraopreto-regiao\/sp\/2022\/11\/04\/christiane-pelajo-pede-demissao-da-rede-globo-apos-26-anos-no-canal"]}]},{"@type":"ImageObject","inLanguage":"pt-BR","@id":"https:\/\/redenoticiaz.com.br\/ribeiraopreto-regiao\/sp\/2022\/11\/04\/christiane-pelajo-pede-demissao-da-rede-globo-apos-26-anos-no-canal#primaryimage","url":"https:\/\/redenoticiaz.com.br\/ribeiraopreto-regiao\/wp-content\/uploads\/sites\/4\/2022\/11\/46522593-jornal-da-globonews-edicao-das-16h-com-christiane-pelajo..jpg?v=1667585175","contentUrl":"https:\/\/redenoticiaz.com.br\/ribeiraopreto-regiao\/wp-content\/uploads\/sites\/4\/2022\/11\/46522593-jornal-da-globonews-edicao-das-16h-com-christiane-pelajo..jpg?v=1667585175","width":924,"height":617,"caption":"Christiane Pelajo pede demiss\u00e3o da Rede Globo ap\u00f3s 26 anos no canal"},{"@type":"WebSite","@id":"https:\/\/redenoticiaz.com.br\/ribeiraopreto-regiao\/#website","url":"https:\/\/redenoticiaz.com.br\/ribeiraopreto-regiao\/","name":"Ribeir\u00e3o Preto e Regi\u00e3o","description":"Rede NoticiaZ - Ribeir\u00e3o Preto e regi\u00e3o","publisher":{"@id":"https:\/\/redenoticiaz.com.br\/ribeiraopreto-regiao\/#organization"},"potentialAction":[{"@type":"SearchAction","target":{"@type":"EntryPoint","urlTemplate":"https:\/\/redenoticiaz.com.br\/ribeiraopreto-regiao\/?s={search_term_string}"},"query-input":{"@type":"PropertyValueSpecification","valueRequired":true,"valueName":"search_term_string"}}],"inLanguage":"pt-BR"},{"@type":"Organization","@id":"https:\/\/redenoticiaz.com.br\/ribeiraopreto-regiao\/#organization","name":"Ribeir\u00e3o Preto e Regi\u00e3o","url":"https:\/\/redenoticiaz.com.br\/ribeiraopreto-regiao\/","logo":{"@type":"ImageObject","inLanguage":"pt-BR","@id":"https:\/\/redenoticiaz.com.br\/ribeiraopreto-regiao\/#\/schema\/logo\/image\/","url":"https:\/\/redenoticiaz.com.br\/barretos-regiao\/wp-content\/uploads\/sites\/4\/2022\/02\/logo.jpg","contentUrl":"https:\/\/redenoticiaz.com.br\/barretos-regiao\/wp-content\/uploads\/sites\/4\/2022\/02\/logo.jpg","width":400,"height":250,"caption":"Ribeir\u00e3o Preto e Regi\u00e3o"},"image":{"@id":"https:\/\/redenoticiaz.com.br\/ribeiraopreto-regiao\/#\/schema\/logo\/image\/"},"sameAs":["https:\/\/m.facebook.com\/redenoticiaz.barretos","https:\/\/x.com\/RN_barretos","https:\/\/www.instagram.com\/redenoticiaz.barretos\/?igshid=YmMyMTA2M2Y","https:\/\/www.linkedin.com\/company\/rede-noticiaz-barretos-e-regio\/"]},{"@type":"Person","@id":"https:\/\/redenoticiaz.com.br\/ribeiraopreto-regiao\/#\/schema\/person\/16057b37a3c0ee6b096d7f887c566e2e","name":"Gustavo Silva","image":{"@type":"ImageObject","inLanguage":"pt-BR","@id":"https:\/\/secure.gravatar.com\/avatar\/3ee4e82f93b26de0a7cf4ea5eb7893da637ed6bb0c9170c58065944c56e28a33?s=96&d=mm&r=g","url":"https:\/\/secure.gravatar.com\/avatar\/3ee4e82f93b26de0a7cf4ea5eb7893da637ed6bb0c9170c58065944c56e28a33?s=96&d=mm&r=g","contentUrl":"https:\/\/secure.gravatar.com\/avatar\/3ee4e82f93b26de0a7cf4ea5eb7893da637ed6bb0c9170c58065944c56e28a33?s=96&d=mm&r=g","caption":"Gustavo Silva"},"url":"https:\/\/redenoticiaz.com.br\/ribeiraopreto-regiao\/sp\/author\/gustavosilva"}]}},"_links":{"self":[{"href":"https:\/\/redenoticiaz.com.br\/ribeiraopreto-regiao\/wp-json\/wp\/v2\/posts\/94556","targetHints":{"allow":["GET"]}}],"collection":[{"href":"https:\/\/redenoticiaz.com.br\/ribeiraopreto-regiao\/wp-json\/wp\/v2\/posts"}],"about":[{"href":"https:\/\/redenoticiaz.com.br\/ribeiraopreto-regiao\/wp-json\/wp\/v2\/types\/post"}],"author":[{"embeddable":true,"href":"https:\/\/redenoticiaz.com.br\/ribeiraopreto-regiao\/wp-json\/wp\/v2\/users\/12"}],"replies":[{"embeddable":true,"href":"https:\/\/redenoticiaz.com.br\/ribeiraopreto-regiao\/wp-json\/wp\/v2\/comments?post=94556"}],"version-history":[{"count":0,"href":"https:\/\/redenoticiaz.com.br\/ribeiraopreto-regiao\/wp-json\/wp\/v2\/posts\/94556\/revisions"}],"wp:featuredmedia":[{"embeddable":true,"href":"https:\/\/redenoticiaz.com.br\/ribeiraopreto-regiao\/wp-json\/wp\/v2\/media\/94557"}],"wp:attachment":[{"href":"https:\/\/redenoticiaz.com.br\/ribeiraopreto-regiao\/wp-json\/wp\/v2\/media?parent=94556"}],"wp:term":[{"taxonomy":"category","embeddable":true,"href":"https:\/\/redenoticiaz.com.br\/ribeiraopreto-regiao\/wp-json\/wp\/v2\/categories?post=94556"},{"taxonomy":"post_tag","embeddable":true,"href":"https:\/\/redenoticiaz.com.br\/ribeiraopreto-regiao\/wp-json\/wp\/v2\/tags?post=94556"}],"curies":[{"name":"wp","href":"https:\/\/api.w.org\/{rel}","templated":true}]}}