{"id":94630,"date":"2022-11-07T13:35:15","date_gmt":"2022-11-07T16:35:15","guid":{"rendered":"https:\/\/redenoticiaz.com.br\/barretos-regiao\/?p=94630"},"modified":"2022-11-07T13:35:15","modified_gmt":"2022-11-07T16:35:15","slug":"prefeitura-da-estancia-turistica-de-barretos-entrega-premiacao-do-concurso-a-mais-bela-voz-kids","status":"publish","type":"post","link":"https:\/\/redenoticiaz.com.br\/ribeiraopreto-regiao\/sp\/2022\/11\/07\/prefeitura-da-estancia-turistica-de-barretos-entrega-premiacao-do-concurso-a-mais-bela-voz-kids","title":{"rendered":"Prefeitura da Est\u00e2ncia Tur\u00edstica de Barretos entrega premia\u00e7\u00e3o do Concurso &#8220;A Mais Bela Voz Kids&#8221;"},"content":{"rendered":"<div>A Prefeitura da Est\u00e2ncia Tur\u00edstica de Barretos, por meio da Secretaria Municipal de Cultura, realizou no audit\u00f3rio do Pa\u00e7o Municipal , a entrega da premia\u00e7\u00e3o aos primeiros colocados da I\u00aa Etapa do Concurso &#8220;A Mais Bela Voz Kids&#8221; para as duas categorias que participaram da disputa: Infantil e Juvenil. O concurso foi realizado em outubro deste ano no Recinto Paulo Lima Corr\u00eaa.<\/div>\n<div><\/div>\n<div>A prefeita Paula Lemos participou da premia\u00e7\u00e3o, elogiou o desempenho das crian\u00e7as e adolescentes e disse que a prefeitura vai continuar investindo no concurso. &#8220;Na verdade, eles que s\u00e3o um presente para todos n\u00f3s. Hoje estamos fazendo a premia\u00e7\u00e3o desses nove talentos de Barretos. Agora seguimos preparando as pr\u00f3ximas etapas do concurso, que ter\u00e3o premia\u00e7\u00e3o ainda maior&#8221;, disse.<\/div>\n<div><\/div>\n<div>O secret\u00e1rio municipal de cultura, Rog\u00e9rio Teod\u00f3sio, explicou que a premia\u00e7\u00e3o final do concurso ainda deve incluir outras participa\u00e7\u00f5es em parceria com equipamento cultural &#8220;Vamos fazer o restante das etapas no m\u00eas de dezembro na Pra\u00e7a e deveremos gravar um v\u00eddeo com todos os participantes e a Orquestra Sinf\u00f4nica Municipal de Barretos no ano que vem&#8221;, disse.<\/div>\n<div><\/div>\n<div>Os premiados nas duas categorias receberam diplomas de honra ao m\u00e9rito e premia\u00e7\u00e3o em dinheiro de R$50,00 a R$500,00. Confira os premiados:<\/div>\n<div><\/div>\n<div><strong>Categoria &#8211; Infantil<\/strong><\/div>\n<div>1\u00aa ) Pedro Henrique de Andrade Ribeiro \u2013 235 pontos \u2013 R$ 500,00<\/div>\n<div>2\u00aa) Elizabeth Christina Santos In\u00e1cio &#8220;Fadinha da Viola&#8221; \u2013 233,5 pontos \u2013 R$ 300,00<\/div>\n<div>3\u00aa) Olivia Esteves Cunha Melo \u2013 222,6 pontos \u2013 R$ 200,00<\/div>\n<div>4\u00aa ) Luiza Rodrigues Zamperline \u2013 210,8 pontos \u2013 R$ 100,00<\/div>\n<div>5\u00aa ) Manuela Bezerra Munhoz &#8211; 204,5 pontos \u2013 R$ 50,00<\/div>\n<div><\/div>\n<div><strong>Categoria &#8211; Juvenil<\/strong><\/div>\n<div>1\u00aa ) Mateus Bezerra Munhoz \u2013 233,2 pontos \u2013 R$ 500,00<\/div>\n<div>2\u00aa) Mateus Felipe Gon\u00e7alves Camargo \u2013 232,6 pontos \u2013 R$ 300,00<\/div>\n<div>3\u00aa) Mateus Soares Santos Lousano \u2013 228,9 pontos \u2013 R$ 200,00<\/div>\n<div>4\u00aa) Lavinia Victoria Buttini Gon\u00e7alves \u2013 225,6 pontos \u2013 R$ 100,00<\/div>\n<div>Assimp-832-2022<\/div>\n<div><\/div>\n<div>VEJA TAMB\u00c9M:\u00a0<a href=\"https:\/\/redenoticiaz.com.br\/barretos-regiao\/sp\/2022\/11\/05\/um-ano-de-saudades-de-marilia-mendonca-o-que-mudou\">Um ano de saudades de Mar\u00edlia Mendon\u00e7a. O que mudou?<\/a><\/div>\n<div><\/div>\n","protected":false},"excerpt":{"rendered":"<p>A Prefeitura da Est\u00e2ncia Tur\u00edstica de Barretos, por meio da Secretaria Municipal de Cultura, realizou no audit\u00f3rio do Pa\u00e7o Municipal , a entrega da premia\u00e7\u00e3o aos primeiros colocados da I\u00aa Etapa do Concurso &#8220;A Mais Bela Voz Kids&#8221; para as duas categorias que participaram da disputa: Infantil e Juvenil. O concurso foi realizado em outubro &hellip;<\/p>\n","protected":false},"author":15,"featured_media":94631,"comment_status":"open","ping_status":"closed","sticky":false,"template":"","format":"standard","meta":{"footnotes":""},"categories":[815],"tags":[21246,21832,21831,8546,8512],"class_list":["post-94630","post","type-post","status-publish","format-standard","has-post-thumbnail","hentry","category-cultura-e-musica","tag-a-mais-bela-voz","tag-categoria-infantil","tag-categoria-juvenil","tag-concurso","tag-premiacao"],"yoast_head":"<!-- This site is optimized with the Yoast SEO plugin v28.3 - https:\/\/yoast.com\/product\/yoast-seo-wordpress\/ -->\n<title>Prefeitura da Est\u00e2ncia Tur\u00edstica de Barretos entrega premia\u00e7\u00e3o do Concurso &#8220;A Mais Bela Voz Kids&#8221; - Ribeir\u00e3o Preto e Regi\u00e3o<\/title>\n<meta name=\"description\" content=\"I\u00aa Etapa do Concurso &quot;A Mais Bela Voz Kids&quot; para as duas categorias que participaram da disputa: Infantil e Juvenil.\" \/>\n<meta name=\"robots\" content=\"index, follow, max-snippet:-1, max-image-preview:large, max-video-preview:-1\" \/>\n<link rel=\"canonical\" href=\"https:\/\/redenoticiaz.com.br\/ribeiraopreto-regiao\/sp\/2022\/11\/07\/prefeitura-da-estancia-turistica-de-barretos-entrega-premiacao-do-concurso-a-mais-bela-voz-kids\" \/>\n<meta property=\"og:locale\" content=\"pt_BR\" \/>\n<meta property=\"og:type\" content=\"article\" \/>\n<meta property=\"og:title\" content=\"Prefeitura da Est\u00e2ncia Tur\u00edstica de Barretos entrega premia\u00e7\u00e3o do Concurso &#8220;A Mais Bela Voz Kids&#8221; - Ribeir\u00e3o Preto e Regi\u00e3o\" \/>\n<meta property=\"og:description\" content=\"I\u00aa Etapa do Concurso &quot;A Mais Bela Voz Kids&quot; para as duas categorias que participaram da disputa: Infantil e Juvenil.\" \/>\n<meta property=\"og:url\" content=\"https:\/\/redenoticiaz.com.br\/ribeiraopreto-regiao\/sp\/2022\/11\/07\/prefeitura-da-estancia-turistica-de-barretos-entrega-premiacao-do-concurso-a-mais-bela-voz-kids\" \/>\n<meta property=\"og:site_name\" content=\"Ribeir\u00e3o Preto e Regi\u00e3o\" \/>\n<meta property=\"article:publisher\" content=\"https:\/\/m.facebook.com\/redenoticiaz.barretos\" \/>\n<meta property=\"article:published_time\" content=\"2022-11-07T16:35:15+00:00\" \/>\n<meta property=\"og:image\" content=\"https:\/\/redenoticiaz.com.br\/ribeiraopreto-regiao\/wp-content\/uploads\/sites\/4\/2022\/11\/bd4c9ab730f5513206b999ec0d90d1fb.jpeg\" \/>\n\t<meta property=\"og:image:width\" content=\"1280\" \/>\n\t<meta property=\"og:image:height\" content=\"854\" \/>\n\t<meta property=\"og:image:type\" content=\"image\/jpeg\" \/>\n<meta name=\"twitter:card\" content=\"summary_large_image\" \/>\n<meta name=\"twitter:creator\" content=\"@RN_barretos\" \/>\n<meta name=\"twitter:site\" content=\"@RN_barretos\" \/>\n<meta name=\"twitter:label1\" content=\"Escrito por\" \/>\n\t<meta name=\"twitter:data1\" content=\"\" \/>\n\t<meta name=\"twitter:label2\" content=\"Est. tempo de leitura\" \/>\n\t<meta name=\"twitter:data2\" content=\"2 minutos\" \/>\n<script type=\"application\/ld+json\" class=\"yoast-schema-graph\">{\"@context\":\"https:\\\/\\\/schema.org\",\"@graph\":[{\"@type\":\"Article\",\"@id\":\"https:\\\/\\\/redenoticiaz.com.br\\\/ribeiraopreto-regiao\\\/sp\\\/2022\\\/11\\\/07\\\/prefeitura-da-estancia-turistica-de-barretos-entrega-premiacao-do-concurso-a-mais-bela-voz-kids#article\",\"isPartOf\":{\"@id\":\"https:\\\/\\\/redenoticiaz.com.br\\\/ribeiraopreto-regiao\\\/sp\\\/2022\\\/11\\\/07\\\/prefeitura-da-estancia-turistica-de-barretos-entrega-premiacao-do-concurso-a-mais-bela-voz-kids\"},\"author\":{\"name\":\"\",\"@id\":\"\"},\"headline\":\"Prefeitura da Est\u00e2ncia Tur\u00edstica de Barretos entrega premia\u00e7\u00e3o do Concurso &#8220;A Mais Bela Voz Kids&#8221;\",\"datePublished\":\"2022-11-07T16:35:15+00:00\",\"mainEntityOfPage\":{\"@id\":\"https:\\\/\\\/redenoticiaz.com.br\\\/ribeiraopreto-regiao\\\/sp\\\/2022\\\/11\\\/07\\\/prefeitura-da-estancia-turistica-de-barretos-entrega-premiacao-do-concurso-a-mais-bela-voz-kids\"},\"wordCount\":323,\"commentCount\":0,\"publisher\":{\"@id\":\"https:\\\/\\\/redenoticiaz.com.br\\\/ribeiraopreto-regiao\\\/#organization\"},\"image\":{\"@id\":\"https:\\\/\\\/redenoticiaz.com.br\\\/ribeiraopreto-regiao\\\/sp\\\/2022\\\/11\\\/07\\\/prefeitura-da-estancia-turistica-de-barretos-entrega-premiacao-do-concurso-a-mais-bela-voz-kids#primaryimage\"},\"thumbnailUrl\":\"https:\\\/\\\/redenoticiaz.com.br\\\/ribeiraopreto-regiao\\\/wp-content\\\/uploads\\\/sites\\\/4\\\/2022\\\/11\\\/bd4c9ab730f5513206b999ec0d90d1fb.jpeg\",\"keywords\":[\"A MAIS BELA VOZ\",\"CATEGORIA INFANTIL\",\"CATEGORIA JUVENIL\",\"CONCURSO\",\"PREMIA\u00c7\u00c3O\"],\"articleSection\":[\"Cultura e M\u00fasica\"],\"inLanguage\":\"pt-BR\",\"potentialAction\":[{\"@type\":\"CommentAction\",\"name\":\"Comment\",\"target\":[\"https:\\\/\\\/redenoticiaz.com.br\\\/ribeiraopreto-regiao\\\/sp\\\/2022\\\/11\\\/07\\\/prefeitura-da-estancia-turistica-de-barretos-entrega-premiacao-do-concurso-a-mais-bela-voz-kids#respond\"]}]},{\"@type\":\"WebPage\",\"@id\":\"https:\\\/\\\/redenoticiaz.com.br\\\/ribeiraopreto-regiao\\\/sp\\\/2022\\\/11\\\/07\\\/prefeitura-da-estancia-turistica-de-barretos-entrega-premiacao-do-concurso-a-mais-bela-voz-kids\",\"url\":\"https:\\\/\\\/redenoticiaz.com.br\\\/ribeiraopreto-regiao\\\/sp\\\/2022\\\/11\\\/07\\\/prefeitura-da-estancia-turistica-de-barretos-entrega-premiacao-do-concurso-a-mais-bela-voz-kids\",\"name\":\"Prefeitura da Est\u00e2ncia Tur\u00edstica de Barretos entrega premia\u00e7\u00e3o do Concurso &#8220;A Mais Bela Voz Kids&#8221; - Ribeir\u00e3o Preto e Regi\u00e3o\",\"isPartOf\":{\"@id\":\"https:\\\/\\\/redenoticiaz.com.br\\\/ribeiraopreto-regiao\\\/#website\"},\"primaryImageOfPage\":{\"@id\":\"https:\\\/\\\/redenoticiaz.com.br\\\/ribeiraopreto-regiao\\\/sp\\\/2022\\\/11\\\/07\\\/prefeitura-da-estancia-turistica-de-barretos-entrega-premiacao-do-concurso-a-mais-bela-voz-kids#primaryimage\"},\"image\":{\"@id\":\"https:\\\/\\\/redenoticiaz.com.br\\\/ribeiraopreto-regiao\\\/sp\\\/2022\\\/11\\\/07\\\/prefeitura-da-estancia-turistica-de-barretos-entrega-premiacao-do-concurso-a-mais-bela-voz-kids#primaryimage\"},\"thumbnailUrl\":\"https:\\\/\\\/redenoticiaz.com.br\\\/ribeiraopreto-regiao\\\/wp-content\\\/uploads\\\/sites\\\/4\\\/2022\\\/11\\\/bd4c9ab730f5513206b999ec0d90d1fb.jpeg\",\"datePublished\":\"2022-11-07T16:35:15+00:00\",\"description\":\"I\u00aa Etapa do Concurso \\\"A Mais Bela Voz Kids\\\" para as duas categorias que participaram da disputa: Infantil e Juvenil.\",\"inLanguage\":\"pt-BR\",\"potentialAction\":[{\"@type\":\"ReadAction\",\"target\":[\"https:\\\/\\\/redenoticiaz.com.br\\\/ribeiraopreto-regiao\\\/sp\\\/2022\\\/11\\\/07\\\/prefeitura-da-estancia-turistica-de-barretos-entrega-premiacao-do-concurso-a-mais-bela-voz-kids\"]}]},{\"@type\":\"ImageObject\",\"inLanguage\":\"pt-BR\",\"@id\":\"https:\\\/\\\/redenoticiaz.com.br\\\/ribeiraopreto-regiao\\\/sp\\\/2022\\\/11\\\/07\\\/prefeitura-da-estancia-turistica-de-barretos-entrega-premiacao-do-concurso-a-mais-bela-voz-kids#primaryimage\",\"url\":\"https:\\\/\\\/redenoticiaz.com.br\\\/ribeiraopreto-regiao\\\/wp-content\\\/uploads\\\/sites\\\/4\\\/2022\\\/11\\\/bd4c9ab730f5513206b999ec0d90d1fb.jpeg\",\"contentUrl\":\"https:\\\/\\\/redenoticiaz.com.br\\\/ribeiraopreto-regiao\\\/wp-content\\\/uploads\\\/sites\\\/4\\\/2022\\\/11\\\/bd4c9ab730f5513206b999ec0d90d1fb.jpeg\",\"width\":1280,\"height\":854,\"caption\":\"Premia\u00e7\u00e3o \\\"A Mais Bela Voz\\\". Cr\u00e9dito: Divulga\u00e7\u00e3o\"},{\"@type\":\"WebSite\",\"@id\":\"https:\\\/\\\/redenoticiaz.com.br\\\/ribeiraopreto-regiao\\\/#website\",\"url\":\"https:\\\/\\\/redenoticiaz.com.br\\\/ribeiraopreto-regiao\\\/\",\"name\":\"Ribeir\u00e3o Preto e Regi\u00e3o\",\"description\":\"Rede NoticiaZ - Ribeir\u00e3o Preto e regi\u00e3o\",\"publisher\":{\"@id\":\"https:\\\/\\\/redenoticiaz.com.br\\\/ribeiraopreto-regiao\\\/#organization\"},\"potentialAction\":[{\"@type\":\"SearchAction\",\"target\":{\"@type\":\"EntryPoint\",\"urlTemplate\":\"https:\\\/\\\/redenoticiaz.com.br\\\/ribeiraopreto-regiao\\\/?s={search_term_string}\"},\"query-input\":{\"@type\":\"PropertyValueSpecification\",\"valueRequired\":true,\"valueName\":\"search_term_string\"}}],\"inLanguage\":\"pt-BR\"},{\"@type\":\"Organization\",\"@id\":\"https:\\\/\\\/redenoticiaz.com.br\\\/ribeiraopreto-regiao\\\/#organization\",\"name\":\"Ribeir\u00e3o Preto e Regi\u00e3o\",\"url\":\"https:\\\/\\\/redenoticiaz.com.br\\\/ribeiraopreto-regiao\\\/\",\"logo\":{\"@type\":\"ImageObject\",\"inLanguage\":\"pt-BR\",\"@id\":\"https:\\\/\\\/redenoticiaz.com.br\\\/ribeiraopreto-regiao\\\/#\\\/schema\\\/logo\\\/image\\\/\",\"url\":\"https:\\\/\\\/redenoticiaz.com.br\\\/barretos-regiao\\\/wp-content\\\/uploads\\\/sites\\\/4\\\/2022\\\/02\\\/logo.jpg\",\"contentUrl\":\"https:\\\/\\\/redenoticiaz.com.br\\\/barretos-regiao\\\/wp-content\\\/uploads\\\/sites\\\/4\\\/2022\\\/02\\\/logo.jpg\",\"width\":400,\"height\":250,\"caption\":\"Ribeir\u00e3o Preto e Regi\u00e3o\"},\"image\":{\"@id\":\"https:\\\/\\\/redenoticiaz.com.br\\\/ribeiraopreto-regiao\\\/#\\\/schema\\\/logo\\\/image\\\/\"},\"sameAs\":[\"https:\\\/\\\/m.facebook.com\\\/redenoticiaz.barretos\",\"https:\\\/\\\/x.com\\\/RN_barretos\",\"https:\\\/\\\/www.instagram.com\\\/redenoticiaz.barretos\\\/?igshid=YmMyMTA2M2Y\",\"https:\\\/\\\/www.linkedin.com\\\/company\\\/rede-noticiaz-barretos-e-regio\\\/\"]},{\"@type\":\"Person\",\"@id\":\"\",\"url\":\"https:\\\/\\\/redenoticiaz.com.br\\\/ribeiraopreto-regiao\\\/sp\\\/author\"}]}<\/script>\n<!-- \/ Yoast SEO plugin. -->","yoast_head_json":{"title":"Prefeitura da Est\u00e2ncia Tur\u00edstica de Barretos entrega premia\u00e7\u00e3o do Concurso &#8220;A Mais Bela Voz Kids&#8221; - Ribeir\u00e3o Preto e Regi\u00e3o","description":"I\u00aa Etapa do Concurso \"A Mais Bela Voz Kids\" para as duas categorias que participaram da disputa: Infantil e Juvenil.","robots":{"index":"index","follow":"follow","max-snippet":"max-snippet:-1","max-image-preview":"max-image-preview:large","max-video-preview":"max-video-preview:-1"},"canonical":"https:\/\/redenoticiaz.com.br\/ribeiraopreto-regiao\/sp\/2022\/11\/07\/prefeitura-da-estancia-turistica-de-barretos-entrega-premiacao-do-concurso-a-mais-bela-voz-kids","og_locale":"pt_BR","og_type":"article","og_title":"Prefeitura da Est\u00e2ncia Tur\u00edstica de Barretos entrega premia\u00e7\u00e3o do Concurso &#8220;A Mais Bela Voz Kids&#8221; - Ribeir\u00e3o Preto e Regi\u00e3o","og_description":"I\u00aa Etapa do Concurso \"A Mais Bela Voz Kids\" para as duas categorias que participaram da disputa: Infantil e Juvenil.","og_url":"https:\/\/redenoticiaz.com.br\/ribeiraopreto-regiao\/sp\/2022\/11\/07\/prefeitura-da-estancia-turistica-de-barretos-entrega-premiacao-do-concurso-a-mais-bela-voz-kids","og_site_name":"Ribeir\u00e3o Preto e Regi\u00e3o","article_publisher":"https:\/\/m.facebook.com\/redenoticiaz.barretos","article_published_time":"2022-11-07T16:35:15+00:00","og_image":[{"width":1280,"height":854,"url":"https:\/\/redenoticiaz.com.br\/ribeiraopreto-regiao\/wp-content\/uploads\/sites\/4\/2022\/11\/bd4c9ab730f5513206b999ec0d90d1fb.jpeg","type":"image\/jpeg"}],"twitter_card":"summary_large_image","twitter_creator":"@RN_barretos","twitter_site":"@RN_barretos","twitter_misc":{"Escrito por":"","Est. tempo de leitura":"2 minutos"},"schema":{"@context":"https:\/\/schema.org","@graph":[{"@type":"Article","@id":"https:\/\/redenoticiaz.com.br\/ribeiraopreto-regiao\/sp\/2022\/11\/07\/prefeitura-da-estancia-turistica-de-barretos-entrega-premiacao-do-concurso-a-mais-bela-voz-kids#article","isPartOf":{"@id":"https:\/\/redenoticiaz.com.br\/ribeiraopreto-regiao\/sp\/2022\/11\/07\/prefeitura-da-estancia-turistica-de-barretos-entrega-premiacao-do-concurso-a-mais-bela-voz-kids"},"author":{"name":"","@id":""},"headline":"Prefeitura da Est\u00e2ncia Tur\u00edstica de Barretos entrega premia\u00e7\u00e3o do Concurso &#8220;A Mais Bela Voz Kids&#8221;","datePublished":"2022-11-07T16:35:15+00:00","mainEntityOfPage":{"@id":"https:\/\/redenoticiaz.com.br\/ribeiraopreto-regiao\/sp\/2022\/11\/07\/prefeitura-da-estancia-turistica-de-barretos-entrega-premiacao-do-concurso-a-mais-bela-voz-kids"},"wordCount":323,"commentCount":0,"publisher":{"@id":"https:\/\/redenoticiaz.com.br\/ribeiraopreto-regiao\/#organization"},"image":{"@id":"https:\/\/redenoticiaz.com.br\/ribeiraopreto-regiao\/sp\/2022\/11\/07\/prefeitura-da-estancia-turistica-de-barretos-entrega-premiacao-do-concurso-a-mais-bela-voz-kids#primaryimage"},"thumbnailUrl":"https:\/\/redenoticiaz.com.br\/ribeiraopreto-regiao\/wp-content\/uploads\/sites\/4\/2022\/11\/bd4c9ab730f5513206b999ec0d90d1fb.jpeg","keywords":["A MAIS BELA VOZ","CATEGORIA INFANTIL","CATEGORIA JUVENIL","CONCURSO","PREMIA\u00c7\u00c3O"],"articleSection":["Cultura e M\u00fasica"],"inLanguage":"pt-BR","potentialAction":[{"@type":"CommentAction","name":"Comment","target":["https:\/\/redenoticiaz.com.br\/ribeiraopreto-regiao\/sp\/2022\/11\/07\/prefeitura-da-estancia-turistica-de-barretos-entrega-premiacao-do-concurso-a-mais-bela-voz-kids#respond"]}]},{"@type":"WebPage","@id":"https:\/\/redenoticiaz.com.br\/ribeiraopreto-regiao\/sp\/2022\/11\/07\/prefeitura-da-estancia-turistica-de-barretos-entrega-premiacao-do-concurso-a-mais-bela-voz-kids","url":"https:\/\/redenoticiaz.com.br\/ribeiraopreto-regiao\/sp\/2022\/11\/07\/prefeitura-da-estancia-turistica-de-barretos-entrega-premiacao-do-concurso-a-mais-bela-voz-kids","name":"Prefeitura da Est\u00e2ncia Tur\u00edstica de Barretos entrega premia\u00e7\u00e3o do Concurso &#8220;A Mais Bela Voz Kids&#8221; - Ribeir\u00e3o Preto e Regi\u00e3o","isPartOf":{"@id":"https:\/\/redenoticiaz.com.br\/ribeiraopreto-regiao\/#website"},"primaryImageOfPage":{"@id":"https:\/\/redenoticiaz.com.br\/ribeiraopreto-regiao\/sp\/2022\/11\/07\/prefeitura-da-estancia-turistica-de-barretos-entrega-premiacao-do-concurso-a-mais-bela-voz-kids#primaryimage"},"image":{"@id":"https:\/\/redenoticiaz.com.br\/ribeiraopreto-regiao\/sp\/2022\/11\/07\/prefeitura-da-estancia-turistica-de-barretos-entrega-premiacao-do-concurso-a-mais-bela-voz-kids#primaryimage"},"thumbnailUrl":"https:\/\/redenoticiaz.com.br\/ribeiraopreto-regiao\/wp-content\/uploads\/sites\/4\/2022\/11\/bd4c9ab730f5513206b999ec0d90d1fb.jpeg","datePublished":"2022-11-07T16:35:15+00:00","description":"I\u00aa Etapa do Concurso \"A Mais Bela Voz Kids\" para as duas categorias que participaram da disputa: Infantil e Juvenil.","inLanguage":"pt-BR","potentialAction":[{"@type":"ReadAction","target":["https:\/\/redenoticiaz.com.br\/ribeiraopreto-regiao\/sp\/2022\/11\/07\/prefeitura-da-estancia-turistica-de-barretos-entrega-premiacao-do-concurso-a-mais-bela-voz-kids"]}]},{"@type":"ImageObject","inLanguage":"pt-BR","@id":"https:\/\/redenoticiaz.com.br\/ribeiraopreto-regiao\/sp\/2022\/11\/07\/prefeitura-da-estancia-turistica-de-barretos-entrega-premiacao-do-concurso-a-mais-bela-voz-kids#primaryimage","url":"https:\/\/redenoticiaz.com.br\/ribeiraopreto-regiao\/wp-content\/uploads\/sites\/4\/2022\/11\/bd4c9ab730f5513206b999ec0d90d1fb.jpeg","contentUrl":"https:\/\/redenoticiaz.com.br\/ribeiraopreto-regiao\/wp-content\/uploads\/sites\/4\/2022\/11\/bd4c9ab730f5513206b999ec0d90d1fb.jpeg","width":1280,"height":854,"caption":"Premia\u00e7\u00e3o \"A Mais Bela Voz\". Cr\u00e9dito: Divulga\u00e7\u00e3o"},{"@type":"WebSite","@id":"https:\/\/redenoticiaz.com.br\/ribeiraopreto-regiao\/#website","url":"https:\/\/redenoticiaz.com.br\/ribeiraopreto-regiao\/","name":"Ribeir\u00e3o Preto e Regi\u00e3o","description":"Rede NoticiaZ - Ribeir\u00e3o Preto e regi\u00e3o","publisher":{"@id":"https:\/\/redenoticiaz.com.br\/ribeiraopreto-regiao\/#organization"},"potentialAction":[{"@type":"SearchAction","target":{"@type":"EntryPoint","urlTemplate":"https:\/\/redenoticiaz.com.br\/ribeiraopreto-regiao\/?s={search_term_string}"},"query-input":{"@type":"PropertyValueSpecification","valueRequired":true,"valueName":"search_term_string"}}],"inLanguage":"pt-BR"},{"@type":"Organization","@id":"https:\/\/redenoticiaz.com.br\/ribeiraopreto-regiao\/#organization","name":"Ribeir\u00e3o Preto e Regi\u00e3o","url":"https:\/\/redenoticiaz.com.br\/ribeiraopreto-regiao\/","logo":{"@type":"ImageObject","inLanguage":"pt-BR","@id":"https:\/\/redenoticiaz.com.br\/ribeiraopreto-regiao\/#\/schema\/logo\/image\/","url":"https:\/\/redenoticiaz.com.br\/barretos-regiao\/wp-content\/uploads\/sites\/4\/2022\/02\/logo.jpg","contentUrl":"https:\/\/redenoticiaz.com.br\/barretos-regiao\/wp-content\/uploads\/sites\/4\/2022\/02\/logo.jpg","width":400,"height":250,"caption":"Ribeir\u00e3o Preto e Regi\u00e3o"},"image":{"@id":"https:\/\/redenoticiaz.com.br\/ribeiraopreto-regiao\/#\/schema\/logo\/image\/"},"sameAs":["https:\/\/m.facebook.com\/redenoticiaz.barretos","https:\/\/x.com\/RN_barretos","https:\/\/www.instagram.com\/redenoticiaz.barretos\/?igshid=YmMyMTA2M2Y","https:\/\/www.linkedin.com\/company\/rede-noticiaz-barretos-e-regio\/"]},{"@type":"Person","@id":"","url":"https:\/\/redenoticiaz.com.br\/ribeiraopreto-regiao\/sp\/author"}]}},"_links":{"self":[{"href":"https:\/\/redenoticiaz.com.br\/ribeiraopreto-regiao\/wp-json\/wp\/v2\/posts\/94630","targetHints":{"allow":["GET"]}}],"collection":[{"href":"https:\/\/redenoticiaz.com.br\/ribeiraopreto-regiao\/wp-json\/wp\/v2\/posts"}],"about":[{"href":"https:\/\/redenoticiaz.com.br\/ribeiraopreto-regiao\/wp-json\/wp\/v2\/types\/post"}],"author":[{"embeddable":true,"href":"https:\/\/redenoticiaz.com.br\/ribeiraopreto-regiao\/wp-json\/wp\/v2\/users\/15"}],"replies":[{"embeddable":true,"href":"https:\/\/redenoticiaz.com.br\/ribeiraopreto-regiao\/wp-json\/wp\/v2\/comments?post=94630"}],"version-history":[{"count":1,"href":"https:\/\/redenoticiaz.com.br\/ribeiraopreto-regiao\/wp-json\/wp\/v2\/posts\/94630\/revisions"}],"predecessor-version":[{"id":94632,"href":"https:\/\/redenoticiaz.com.br\/ribeiraopreto-regiao\/wp-json\/wp\/v2\/posts\/94630\/revisions\/94632"}],"wp:featuredmedia":[{"embeddable":true,"href":"https:\/\/redenoticiaz.com.br\/ribeiraopreto-regiao\/wp-json\/wp\/v2\/media\/94631"}],"wp:attachment":[{"href":"https:\/\/redenoticiaz.com.br\/ribeiraopreto-regiao\/wp-json\/wp\/v2\/media?parent=94630"}],"wp:term":[{"taxonomy":"category","embeddable":true,"href":"https:\/\/redenoticiaz.com.br\/ribeiraopreto-regiao\/wp-json\/wp\/v2\/categories?post=94630"},{"taxonomy":"post_tag","embeddable":true,"href":"https:\/\/redenoticiaz.com.br\/ribeiraopreto-regiao\/wp-json\/wp\/v2\/tags?post=94630"}],"curies":[{"name":"wp","href":"https:\/\/api.w.org\/{rel}","templated":true}]}}