{"id":94636,"date":"2022-11-07T14:32:12","date_gmt":"2022-11-07T17:32:12","guid":{"rendered":"https:\/\/redenoticiaz.com.br\/barretos-regiao\/?p=94636"},"modified":"2022-11-07T14:39:41","modified_gmt":"2022-11-07T17:39:41","slug":"investimento-publico-nas-categorias-de-base-do-bec-contribuem-na-escolha-de-barretos-como-uma-das-sedes-da-copinha-2023","status":"publish","type":"post","link":"https:\/\/redenoticiaz.com.br\/ribeiraopreto-regiao\/sp\/2022\/11\/07\/investimento-publico-nas-categorias-de-base-do-bec-contribuem-na-escolha-de-barretos-como-uma-das-sedes-da-copinha-2023","title":{"rendered":"Investimento p\u00fablico nas categorias de base do BEC contribuem na escolha de Barretos como uma das sedes da Copinha 2023"},"content":{"rendered":"<div>\n<div>A Est\u00e2ncia Tur\u00edstica de Barretos foi confirmada como uma das 32 sedes da 53\u00aa edi\u00e7\u00e3o da Copa S\u00e3o Paulo de Futebol J\u00fanior de 2023, a Copinha, maior campeonato de base do mundo. O investimento p\u00fablico somente para o evento \u00e9 de cerca de meio milh\u00e3o de reais. A prefeita Paula Lemos, e representantes do Barretos Esporte Clube (BEC) concederam uma coletiva de imprensa para comunicar a conquista in\u00e9dita do futebol barretense.<\/div>\n<div><\/div>\n<div>A chefe do executivo salientou o compromisso da gest\u00e3o com o esporte, visto que a prefeitura investe mais de R$260 mil por ano nas categorias de base, e destacou que esta valoriza\u00e7\u00e3o contribuiu para a escolha da cidade como sede da Copinha. &#8220;Estamos investindo muito nos atletas de base. Hoje a gente tem uma parceria com os Amigos do BEC, um conv\u00eanio de R$264 mil reais por ano, que a gente pretende aumentar no ano que vem, porque estamos percebendo que esses meninos n\u00e3o est\u00e3o nas ruas, envolvidos com coisas erradas, mas pelo contr\u00e1rio, est\u00e3o jogando e est\u00e3o bem classificados. \u00c9 um momento de muita felicidade, pois com a Copa S\u00e3o Paulo o Brasil todo estar\u00e1 olhando para Barretos. Este \u00e9 um grande marco para o nosso BEC e vamos, cada vez mais, incentivar eventos como esse para a nossa cidade&#8221;, afirmou. &#8220;A gente n\u00e3o usa chuteira, mas estamos a\u00ed, como primeira prefeita mulher de Barretos fazendo gol para retomar o esporte com for\u00e7a na nossa cidade&#8221;, brincou Paula.<\/div>\n<div><\/div>\n<div>Segundo o secret\u00e1rio municipal de Esportes e Lazer, Tony Vieira Carvalho, por ser cidade sede, Barretos tem que fornecer alimenta\u00e7\u00e3o, hospedagem, transporte e servi\u00e7os de lavanderia para as tr\u00eas equipes que estar\u00e3o no grupo do Barretos, totalizando 75 pessoas por dia. De acordo com o secret\u00e1rio de Finan\u00e7as, Fernando Oliveira Soares, est\u00e3o previstos cerca de R$ 200 mil para estas despesas.<\/div>\n<div><\/div>\n<div>Para receber a Copa S\u00e3o Paulo de Futebol J\u00fanior de 2023, o Est\u00e1dio Ant\u00f4nio Gomes Martins, que pertence ao munic\u00edpio, tamb\u00e9m passar\u00e1 por adequa\u00e7\u00f5es. No local, devem ser investidos R$299 mil para reformas em sua estrutura.<\/div>\n<div><\/div>\n<div>J\u00falio Samara, presidente do BEC, destacou que o est\u00e1dio tem problemas que remetem h\u00e1 v\u00e1rios anos sem investimentos e que estas melhorias representam um grande avan\u00e7o. &#8220;Temos que agradecer \u00e0 prefeitura, \u00e0 Paula, o Tony, que est\u00e3o fazendo um trabalho que nunca foi feito dentro do est\u00e1dio, e que \u00e9 para o bem do pr\u00f3prio munic\u00edpio&#8221;, finalizou.<\/div>\n<div><\/div>\n<h4><b>Marco para o Esporte<\/b><\/h4>\n<div><\/div>\n<div>O secret\u00e1rio de Esportes tamb\u00e9m classificou como hist\u00f3rica a vinda da Copinha para Barretos e agradeceu \u00e0 prefeita Paula Lemos pelos incentivos. &#8220;\u00c9 um momento hist\u00f3rico para a nossa cidade. \u00c9 a primeira vez que Barretos vai ser sede e receber\u00e1 um evento de grande porte, que vai envolver toda nossa regi\u00e3o. Tudo isso \u00e9 poss\u00edvel pelo olhar que voc\u00ea, Paula, vem dando para o esporte. Sem o seu incentivo e a sua preocupa\u00e7\u00e3o em desenvolver o esporte na nossa cidade nada disso seria poss\u00edvel&#8221;, disse.<\/div>\n<div><\/div>\n<div>As disputas ter\u00e3o in\u00edcio em 02 de janeiro de 2023, com a decis\u00e3o prevista para o dia 25. Ao todo ser\u00e3o 128 times, divididos em 32 sedes, disputando 255 jogos, todos transmitidos ao vivo, com representantes dos 27 estados. Os campe\u00f5es e vice dos grupos se classificam para as fases seguintes, disputadas em mata-mata. Barretos est\u00e1 no grupo 7, com o Athl\u00e9tico\/PR, Picos\/PI e o S\u00e3o Bento\/SP.<\/div>\n<div><\/div>\n<div>Tamb\u00e9m participaram da coletiva de imprensa os vereadores Lupa e Nestor Leonel, o empres\u00e1rio e ex-presidente do BEC, Luiz Carlos Silva &#8220;Marreta&#8221;, Beto Faitarone, atual vice-presidente do clube, e o gestor das categorias de base, Silvando Souza.<\/div>\n<div><\/div>\n<\/div>\n<div>VEJA TAMB\u00c9M:\u00a0<a href=\"https:\/\/redenoticiaz.com.br\/barretos-regiao\/sp\/2022\/11\/04\/barretos-sedia-grupo-7-da-copa-sao-paulo-de-futebol-junior-2023\">Barretos sedia Grupo 7 da Copa S\u00e3o Paulo de Futebol J\u00fanior 2023<\/a><\/div>\n","protected":false},"excerpt":{"rendered":"<p>A Est\u00e2ncia Tur\u00edstica de Barretos foi confirmada como uma das 32 sedes da 53\u00aa edi\u00e7\u00e3o da Copa S\u00e3o Paulo de Futebol J\u00fanior de 2023, a Copinha, maior campeonato de base do mundo. O investimento p\u00fablico somente para o evento \u00e9 de cerca de meio milh\u00e3o de reais. A prefeita Paula Lemos, e representantes do Barretos &hellip;<\/p>\n","protected":false},"author":15,"featured_media":94637,"comment_status":"open","ping_status":"closed","sticky":false,"template":"","format":"standard","meta":{"footnotes":""},"categories":[87],"tags":[3606,20076,21835,2217],"class_list":["post-94636","post","type-post","status-publish","format-standard","has-post-thumbnail","hentry","category-esporte","tag-barretos-esporte-clube","tag-categoria-base","tag-copa-sao-paulo-junior","tag-investimento"],"yoast_head":"<!-- This site is optimized with the Yoast SEO plugin v27.4 - https:\/\/yoast.com\/product\/yoast-seo-wordpress\/ -->\n<title>Investimento p\u00fablico nas categorias de base do BEC contribuem na escolha de Barretos como uma das sedes da Copinha 2023 - Ribeir\u00e3o Preto e Regi\u00e3o<\/title>\n<meta name=\"description\" content=\"O investimento p\u00fablico somente para o evento \u00e9 de cerca de meio milh\u00e3o de reais. A prefeita Paula Lemos, e representantes do Barretos Esporte Clube...\" \/>\n<meta name=\"robots\" content=\"index, follow, max-snippet:-1, max-image-preview:large, max-video-preview:-1\" \/>\n<link rel=\"canonical\" href=\"https:\/\/redenoticiaz.com.br\/ribeiraopreto-regiao\/sp\/2022\/11\/07\/investimento-publico-nas-categorias-de-base-do-bec-contribuem-na-escolha-de-barretos-como-uma-das-sedes-da-copinha-2023\" \/>\n<meta property=\"og:locale\" content=\"pt_BR\" \/>\n<meta property=\"og:type\" content=\"article\" \/>\n<meta property=\"og:title\" content=\"Investimento p\u00fablico nas categorias de base do BEC contribuem na escolha de Barretos como uma das sedes da Copinha 2023 - Ribeir\u00e3o Preto e Regi\u00e3o\" \/>\n<meta property=\"og:description\" content=\"O investimento p\u00fablico somente para o evento \u00e9 de cerca de meio milh\u00e3o de reais. A prefeita Paula Lemos, e representantes do Barretos Esporte Clube...\" \/>\n<meta property=\"og:url\" content=\"https:\/\/redenoticiaz.com.br\/ribeiraopreto-regiao\/sp\/2022\/11\/07\/investimento-publico-nas-categorias-de-base-do-bec-contribuem-na-escolha-de-barretos-como-uma-das-sedes-da-copinha-2023\" \/>\n<meta property=\"og:site_name\" content=\"Ribeir\u00e3o Preto e Regi\u00e3o\" \/>\n<meta property=\"article:publisher\" content=\"https:\/\/m.facebook.com\/redenoticiaz.barretos\" \/>\n<meta property=\"article:published_time\" content=\"2022-11-07T17:32:12+00:00\" \/>\n<meta property=\"article:modified_time\" content=\"2022-11-07T17:39:41+00:00\" \/>\n<meta property=\"og:image\" content=\"https:\/\/redenoticiaz.com.br\/ribeiraopreto-regiao\/wp-content\/uploads\/sites\/4\/2022\/11\/38b3eff8baf56627478ec76a704e9b52.jpeg\" \/>\n\t<meta property=\"og:image:width\" content=\"1280\" \/>\n\t<meta property=\"og:image:height\" content=\"854\" \/>\n\t<meta property=\"og:image:type\" content=\"image\/jpeg\" \/>\n<meta name=\"twitter:card\" content=\"summary_large_image\" \/>\n<meta name=\"twitter:creator\" content=\"@RN_barretos\" \/>\n<meta name=\"twitter:site\" content=\"@RN_barretos\" \/>\n<meta name=\"twitter:label1\" content=\"Escrito por\" \/>\n\t<meta name=\"twitter:data1\" content=\"\" \/>\n\t<meta name=\"twitter:label2\" content=\"Est. tempo de leitura\" \/>\n\t<meta name=\"twitter:data2\" content=\"4 minutos\" \/>\n<script type=\"application\/ld+json\" class=\"yoast-schema-graph\">{\"@context\":\"https:\\\/\\\/schema.org\",\"@graph\":[{\"@type\":\"Article\",\"@id\":\"https:\\\/\\\/redenoticiaz.com.br\\\/ribeiraopreto-regiao\\\/sp\\\/2022\\\/11\\\/07\\\/investimento-publico-nas-categorias-de-base-do-bec-contribuem-na-escolha-de-barretos-como-uma-das-sedes-da-copinha-2023#article\",\"isPartOf\":{\"@id\":\"https:\\\/\\\/redenoticiaz.com.br\\\/ribeiraopreto-regiao\\\/sp\\\/2022\\\/11\\\/07\\\/investimento-publico-nas-categorias-de-base-do-bec-contribuem-na-escolha-de-barretos-como-uma-das-sedes-da-copinha-2023\"},\"author\":{\"name\":\"\",\"@id\":\"\"},\"headline\":\"Investimento p\u00fablico nas categorias de base do BEC contribuem na escolha de Barretos como uma das sedes da Copinha 2023\",\"datePublished\":\"2022-11-07T17:32:12+00:00\",\"dateModified\":\"2022-11-07T17:39:41+00:00\",\"mainEntityOfPage\":{\"@id\":\"https:\\\/\\\/redenoticiaz.com.br\\\/ribeiraopreto-regiao\\\/sp\\\/2022\\\/11\\\/07\\\/investimento-publico-nas-categorias-de-base-do-bec-contribuem-na-escolha-de-barretos-como-uma-das-sedes-da-copinha-2023\"},\"wordCount\":661,\"commentCount\":0,\"publisher\":{\"@id\":\"https:\\\/\\\/redenoticiaz.com.br\\\/ribeiraopreto-regiao\\\/#organization\"},\"image\":{\"@id\":\"https:\\\/\\\/redenoticiaz.com.br\\\/ribeiraopreto-regiao\\\/sp\\\/2022\\\/11\\\/07\\\/investimento-publico-nas-categorias-de-base-do-bec-contribuem-na-escolha-de-barretos-como-uma-das-sedes-da-copinha-2023#primaryimage\"},\"thumbnailUrl\":\"https:\\\/\\\/redenoticiaz.com.br\\\/ribeiraopreto-regiao\\\/wp-content\\\/uploads\\\/sites\\\/4\\\/2022\\\/11\\\/38b3eff8baf56627478ec76a704e9b52.jpeg\",\"keywords\":[\"BARRETOS ESPORTE CLUBE\",\"CATEGORIA BASE\",\"COPA S\u00c3O PAULO JUNIOR\",\"INVESTIMENTO\"],\"articleSection\":[\"Esporte\"],\"inLanguage\":\"pt-BR\",\"potentialAction\":[{\"@type\":\"CommentAction\",\"name\":\"Comment\",\"target\":[\"https:\\\/\\\/redenoticiaz.com.br\\\/ribeiraopreto-regiao\\\/sp\\\/2022\\\/11\\\/07\\\/investimento-publico-nas-categorias-de-base-do-bec-contribuem-na-escolha-de-barretos-como-uma-das-sedes-da-copinha-2023#respond\"]}]},{\"@type\":\"WebPage\",\"@id\":\"https:\\\/\\\/redenoticiaz.com.br\\\/ribeiraopreto-regiao\\\/sp\\\/2022\\\/11\\\/07\\\/investimento-publico-nas-categorias-de-base-do-bec-contribuem-na-escolha-de-barretos-como-uma-das-sedes-da-copinha-2023\",\"url\":\"https:\\\/\\\/redenoticiaz.com.br\\\/ribeiraopreto-regiao\\\/sp\\\/2022\\\/11\\\/07\\\/investimento-publico-nas-categorias-de-base-do-bec-contribuem-na-escolha-de-barretos-como-uma-das-sedes-da-copinha-2023\",\"name\":\"Investimento p\u00fablico nas categorias de base do BEC contribuem na escolha de Barretos como uma das sedes da Copinha 2023 - Ribeir\u00e3o Preto e Regi\u00e3o\",\"isPartOf\":{\"@id\":\"https:\\\/\\\/redenoticiaz.com.br\\\/ribeiraopreto-regiao\\\/#website\"},\"primaryImageOfPage\":{\"@id\":\"https:\\\/\\\/redenoticiaz.com.br\\\/ribeiraopreto-regiao\\\/sp\\\/2022\\\/11\\\/07\\\/investimento-publico-nas-categorias-de-base-do-bec-contribuem-na-escolha-de-barretos-como-uma-das-sedes-da-copinha-2023#primaryimage\"},\"image\":{\"@id\":\"https:\\\/\\\/redenoticiaz.com.br\\\/ribeiraopreto-regiao\\\/sp\\\/2022\\\/11\\\/07\\\/investimento-publico-nas-categorias-de-base-do-bec-contribuem-na-escolha-de-barretos-como-uma-das-sedes-da-copinha-2023#primaryimage\"},\"thumbnailUrl\":\"https:\\\/\\\/redenoticiaz.com.br\\\/ribeiraopreto-regiao\\\/wp-content\\\/uploads\\\/sites\\\/4\\\/2022\\\/11\\\/38b3eff8baf56627478ec76a704e9b52.jpeg\",\"datePublished\":\"2022-11-07T17:32:12+00:00\",\"dateModified\":\"2022-11-07T17:39:41+00:00\",\"description\":\"O investimento p\u00fablico somente para o evento \u00e9 de cerca de meio milh\u00e3o de reais. A prefeita Paula Lemos, e representantes do Barretos Esporte Clube...\",\"inLanguage\":\"pt-BR\",\"potentialAction\":[{\"@type\":\"ReadAction\",\"target\":[\"https:\\\/\\\/redenoticiaz.com.br\\\/ribeiraopreto-regiao\\\/sp\\\/2022\\\/11\\\/07\\\/investimento-publico-nas-categorias-de-base-do-bec-contribuem-na-escolha-de-barretos-como-uma-das-sedes-da-copinha-2023\"]}]},{\"@type\":\"ImageObject\",\"inLanguage\":\"pt-BR\",\"@id\":\"https:\\\/\\\/redenoticiaz.com.br\\\/ribeiraopreto-regiao\\\/sp\\\/2022\\\/11\\\/07\\\/investimento-publico-nas-categorias-de-base-do-bec-contribuem-na-escolha-de-barretos-como-uma-das-sedes-da-copinha-2023#primaryimage\",\"url\":\"https:\\\/\\\/redenoticiaz.com.br\\\/ribeiraopreto-regiao\\\/wp-content\\\/uploads\\\/sites\\\/4\\\/2022\\\/11\\\/38b3eff8baf56627478ec76a704e9b52.jpeg\",\"contentUrl\":\"https:\\\/\\\/redenoticiaz.com.br\\\/ribeiraopreto-regiao\\\/wp-content\\\/uploads\\\/sites\\\/4\\\/2022\\\/11\\\/38b3eff8baf56627478ec76a704e9b52.jpeg\",\"width\":1280,\"height\":854,\"caption\":\"Cr\u00e9dito: Divulga\u00e7\u00e3o\"},{\"@type\":\"WebSite\",\"@id\":\"https:\\\/\\\/redenoticiaz.com.br\\\/ribeiraopreto-regiao\\\/#website\",\"url\":\"https:\\\/\\\/redenoticiaz.com.br\\\/ribeiraopreto-regiao\\\/\",\"name\":\"Ribeir\u00e3o Preto e Regi\u00e3o\",\"description\":\"Rede NoticiaZ - Ribeir\u00e3o Preto e regi\u00e3o\",\"publisher\":{\"@id\":\"https:\\\/\\\/redenoticiaz.com.br\\\/ribeiraopreto-regiao\\\/#organization\"},\"potentialAction\":[{\"@type\":\"SearchAction\",\"target\":{\"@type\":\"EntryPoint\",\"urlTemplate\":\"https:\\\/\\\/redenoticiaz.com.br\\\/ribeiraopreto-regiao\\\/?s={search_term_string}\"},\"query-input\":{\"@type\":\"PropertyValueSpecification\",\"valueRequired\":true,\"valueName\":\"search_term_string\"}}],\"inLanguage\":\"pt-BR\"},{\"@type\":\"Organization\",\"@id\":\"https:\\\/\\\/redenoticiaz.com.br\\\/ribeiraopreto-regiao\\\/#organization\",\"name\":\"Ribeir\u00e3o Preto e Regi\u00e3o\",\"url\":\"https:\\\/\\\/redenoticiaz.com.br\\\/ribeiraopreto-regiao\\\/\",\"logo\":{\"@type\":\"ImageObject\",\"inLanguage\":\"pt-BR\",\"@id\":\"https:\\\/\\\/redenoticiaz.com.br\\\/ribeiraopreto-regiao\\\/#\\\/schema\\\/logo\\\/image\\\/\",\"url\":\"https:\\\/\\\/redenoticiaz.com.br\\\/barretos-regiao\\\/wp-content\\\/uploads\\\/sites\\\/4\\\/2022\\\/02\\\/logo.jpg\",\"contentUrl\":\"https:\\\/\\\/redenoticiaz.com.br\\\/barretos-regiao\\\/wp-content\\\/uploads\\\/sites\\\/4\\\/2022\\\/02\\\/logo.jpg\",\"width\":400,\"height\":250,\"caption\":\"Ribeir\u00e3o Preto e Regi\u00e3o\"},\"image\":{\"@id\":\"https:\\\/\\\/redenoticiaz.com.br\\\/ribeiraopreto-regiao\\\/#\\\/schema\\\/logo\\\/image\\\/\"},\"sameAs\":[\"https:\\\/\\\/m.facebook.com\\\/redenoticiaz.barretos\",\"https:\\\/\\\/x.com\\\/RN_barretos\",\"https:\\\/\\\/www.instagram.com\\\/redenoticiaz.barretos\\\/?igshid=YmMyMTA2M2Y\",\"https:\\\/\\\/www.linkedin.com\\\/company\\\/rede-noticiaz-barretos-e-regio\\\/\"]},{\"@type\":\"Person\",\"@id\":\"\",\"url\":\"https:\\\/\\\/redenoticiaz.com.br\\\/ribeiraopreto-regiao\\\/sp\\\/author\"}]}<\/script>\n<!-- \/ Yoast SEO plugin. -->","yoast_head_json":{"title":"Investimento p\u00fablico nas categorias de base do BEC contribuem na escolha de Barretos como uma das sedes da Copinha 2023 - Ribeir\u00e3o Preto e Regi\u00e3o","description":"O investimento p\u00fablico somente para o evento \u00e9 de cerca de meio milh\u00e3o de reais. A prefeita Paula Lemos, e representantes do Barretos Esporte Clube...","robots":{"index":"index","follow":"follow","max-snippet":"max-snippet:-1","max-image-preview":"max-image-preview:large","max-video-preview":"max-video-preview:-1"},"canonical":"https:\/\/redenoticiaz.com.br\/ribeiraopreto-regiao\/sp\/2022\/11\/07\/investimento-publico-nas-categorias-de-base-do-bec-contribuem-na-escolha-de-barretos-como-uma-das-sedes-da-copinha-2023","og_locale":"pt_BR","og_type":"article","og_title":"Investimento p\u00fablico nas categorias de base do BEC contribuem na escolha de Barretos como uma das sedes da Copinha 2023 - Ribeir\u00e3o Preto e Regi\u00e3o","og_description":"O investimento p\u00fablico somente para o evento \u00e9 de cerca de meio milh\u00e3o de reais. A prefeita Paula Lemos, e representantes do Barretos Esporte Clube...","og_url":"https:\/\/redenoticiaz.com.br\/ribeiraopreto-regiao\/sp\/2022\/11\/07\/investimento-publico-nas-categorias-de-base-do-bec-contribuem-na-escolha-de-barretos-como-uma-das-sedes-da-copinha-2023","og_site_name":"Ribeir\u00e3o Preto e Regi\u00e3o","article_publisher":"https:\/\/m.facebook.com\/redenoticiaz.barretos","article_published_time":"2022-11-07T17:32:12+00:00","article_modified_time":"2022-11-07T17:39:41+00:00","og_image":[{"width":1280,"height":854,"url":"https:\/\/redenoticiaz.com.br\/ribeiraopreto-regiao\/wp-content\/uploads\/sites\/4\/2022\/11\/38b3eff8baf56627478ec76a704e9b52.jpeg","type":"image\/jpeg"}],"twitter_card":"summary_large_image","twitter_creator":"@RN_barretos","twitter_site":"@RN_barretos","twitter_misc":{"Escrito por":"","Est. tempo de leitura":"4 minutos"},"schema":{"@context":"https:\/\/schema.org","@graph":[{"@type":"Article","@id":"https:\/\/redenoticiaz.com.br\/ribeiraopreto-regiao\/sp\/2022\/11\/07\/investimento-publico-nas-categorias-de-base-do-bec-contribuem-na-escolha-de-barretos-como-uma-das-sedes-da-copinha-2023#article","isPartOf":{"@id":"https:\/\/redenoticiaz.com.br\/ribeiraopreto-regiao\/sp\/2022\/11\/07\/investimento-publico-nas-categorias-de-base-do-bec-contribuem-na-escolha-de-barretos-como-uma-das-sedes-da-copinha-2023"},"author":{"name":"","@id":""},"headline":"Investimento p\u00fablico nas categorias de base do BEC contribuem na escolha de Barretos como uma das sedes da Copinha 2023","datePublished":"2022-11-07T17:32:12+00:00","dateModified":"2022-11-07T17:39:41+00:00","mainEntityOfPage":{"@id":"https:\/\/redenoticiaz.com.br\/ribeiraopreto-regiao\/sp\/2022\/11\/07\/investimento-publico-nas-categorias-de-base-do-bec-contribuem-na-escolha-de-barretos-como-uma-das-sedes-da-copinha-2023"},"wordCount":661,"commentCount":0,"publisher":{"@id":"https:\/\/redenoticiaz.com.br\/ribeiraopreto-regiao\/#organization"},"image":{"@id":"https:\/\/redenoticiaz.com.br\/ribeiraopreto-regiao\/sp\/2022\/11\/07\/investimento-publico-nas-categorias-de-base-do-bec-contribuem-na-escolha-de-barretos-como-uma-das-sedes-da-copinha-2023#primaryimage"},"thumbnailUrl":"https:\/\/redenoticiaz.com.br\/ribeiraopreto-regiao\/wp-content\/uploads\/sites\/4\/2022\/11\/38b3eff8baf56627478ec76a704e9b52.jpeg","keywords":["BARRETOS ESPORTE CLUBE","CATEGORIA BASE","COPA S\u00c3O PAULO JUNIOR","INVESTIMENTO"],"articleSection":["Esporte"],"inLanguage":"pt-BR","potentialAction":[{"@type":"CommentAction","name":"Comment","target":["https:\/\/redenoticiaz.com.br\/ribeiraopreto-regiao\/sp\/2022\/11\/07\/investimento-publico-nas-categorias-de-base-do-bec-contribuem-na-escolha-de-barretos-como-uma-das-sedes-da-copinha-2023#respond"]}]},{"@type":"WebPage","@id":"https:\/\/redenoticiaz.com.br\/ribeiraopreto-regiao\/sp\/2022\/11\/07\/investimento-publico-nas-categorias-de-base-do-bec-contribuem-na-escolha-de-barretos-como-uma-das-sedes-da-copinha-2023","url":"https:\/\/redenoticiaz.com.br\/ribeiraopreto-regiao\/sp\/2022\/11\/07\/investimento-publico-nas-categorias-de-base-do-bec-contribuem-na-escolha-de-barretos-como-uma-das-sedes-da-copinha-2023","name":"Investimento p\u00fablico nas categorias de base do BEC contribuem na escolha de Barretos como uma das sedes da Copinha 2023 - Ribeir\u00e3o Preto e Regi\u00e3o","isPartOf":{"@id":"https:\/\/redenoticiaz.com.br\/ribeiraopreto-regiao\/#website"},"primaryImageOfPage":{"@id":"https:\/\/redenoticiaz.com.br\/ribeiraopreto-regiao\/sp\/2022\/11\/07\/investimento-publico-nas-categorias-de-base-do-bec-contribuem-na-escolha-de-barretos-como-uma-das-sedes-da-copinha-2023#primaryimage"},"image":{"@id":"https:\/\/redenoticiaz.com.br\/ribeiraopreto-regiao\/sp\/2022\/11\/07\/investimento-publico-nas-categorias-de-base-do-bec-contribuem-na-escolha-de-barretos-como-uma-das-sedes-da-copinha-2023#primaryimage"},"thumbnailUrl":"https:\/\/redenoticiaz.com.br\/ribeiraopreto-regiao\/wp-content\/uploads\/sites\/4\/2022\/11\/38b3eff8baf56627478ec76a704e9b52.jpeg","datePublished":"2022-11-07T17:32:12+00:00","dateModified":"2022-11-07T17:39:41+00:00","description":"O investimento p\u00fablico somente para o evento \u00e9 de cerca de meio milh\u00e3o de reais. A prefeita Paula Lemos, e representantes do Barretos Esporte Clube...","inLanguage":"pt-BR","potentialAction":[{"@type":"ReadAction","target":["https:\/\/redenoticiaz.com.br\/ribeiraopreto-regiao\/sp\/2022\/11\/07\/investimento-publico-nas-categorias-de-base-do-bec-contribuem-na-escolha-de-barretos-como-uma-das-sedes-da-copinha-2023"]}]},{"@type":"ImageObject","inLanguage":"pt-BR","@id":"https:\/\/redenoticiaz.com.br\/ribeiraopreto-regiao\/sp\/2022\/11\/07\/investimento-publico-nas-categorias-de-base-do-bec-contribuem-na-escolha-de-barretos-como-uma-das-sedes-da-copinha-2023#primaryimage","url":"https:\/\/redenoticiaz.com.br\/ribeiraopreto-regiao\/wp-content\/uploads\/sites\/4\/2022\/11\/38b3eff8baf56627478ec76a704e9b52.jpeg","contentUrl":"https:\/\/redenoticiaz.com.br\/ribeiraopreto-regiao\/wp-content\/uploads\/sites\/4\/2022\/11\/38b3eff8baf56627478ec76a704e9b52.jpeg","width":1280,"height":854,"caption":"Cr\u00e9dito: Divulga\u00e7\u00e3o"},{"@type":"WebSite","@id":"https:\/\/redenoticiaz.com.br\/ribeiraopreto-regiao\/#website","url":"https:\/\/redenoticiaz.com.br\/ribeiraopreto-regiao\/","name":"Ribeir\u00e3o Preto e Regi\u00e3o","description":"Rede NoticiaZ - Ribeir\u00e3o Preto e regi\u00e3o","publisher":{"@id":"https:\/\/redenoticiaz.com.br\/ribeiraopreto-regiao\/#organization"},"potentialAction":[{"@type":"SearchAction","target":{"@type":"EntryPoint","urlTemplate":"https:\/\/redenoticiaz.com.br\/ribeiraopreto-regiao\/?s={search_term_string}"},"query-input":{"@type":"PropertyValueSpecification","valueRequired":true,"valueName":"search_term_string"}}],"inLanguage":"pt-BR"},{"@type":"Organization","@id":"https:\/\/redenoticiaz.com.br\/ribeiraopreto-regiao\/#organization","name":"Ribeir\u00e3o Preto e Regi\u00e3o","url":"https:\/\/redenoticiaz.com.br\/ribeiraopreto-regiao\/","logo":{"@type":"ImageObject","inLanguage":"pt-BR","@id":"https:\/\/redenoticiaz.com.br\/ribeiraopreto-regiao\/#\/schema\/logo\/image\/","url":"https:\/\/redenoticiaz.com.br\/barretos-regiao\/wp-content\/uploads\/sites\/4\/2022\/02\/logo.jpg","contentUrl":"https:\/\/redenoticiaz.com.br\/barretos-regiao\/wp-content\/uploads\/sites\/4\/2022\/02\/logo.jpg","width":400,"height":250,"caption":"Ribeir\u00e3o Preto e Regi\u00e3o"},"image":{"@id":"https:\/\/redenoticiaz.com.br\/ribeiraopreto-regiao\/#\/schema\/logo\/image\/"},"sameAs":["https:\/\/m.facebook.com\/redenoticiaz.barretos","https:\/\/x.com\/RN_barretos","https:\/\/www.instagram.com\/redenoticiaz.barretos\/?igshid=YmMyMTA2M2Y","https:\/\/www.linkedin.com\/company\/rede-noticiaz-barretos-e-regio\/"]},{"@type":"Person","@id":"","url":"https:\/\/redenoticiaz.com.br\/ribeiraopreto-regiao\/sp\/author"}]}},"_links":{"self":[{"href":"https:\/\/redenoticiaz.com.br\/ribeiraopreto-regiao\/wp-json\/wp\/v2\/posts\/94636","targetHints":{"allow":["GET"]}}],"collection":[{"href":"https:\/\/redenoticiaz.com.br\/ribeiraopreto-regiao\/wp-json\/wp\/v2\/posts"}],"about":[{"href":"https:\/\/redenoticiaz.com.br\/ribeiraopreto-regiao\/wp-json\/wp\/v2\/types\/post"}],"author":[{"embeddable":true,"href":"https:\/\/redenoticiaz.com.br\/ribeiraopreto-regiao\/wp-json\/wp\/v2\/users\/15"}],"replies":[{"embeddable":true,"href":"https:\/\/redenoticiaz.com.br\/ribeiraopreto-regiao\/wp-json\/wp\/v2\/comments?post=94636"}],"version-history":[{"count":2,"href":"https:\/\/redenoticiaz.com.br\/ribeiraopreto-regiao\/wp-json\/wp\/v2\/posts\/94636\/revisions"}],"predecessor-version":[{"id":94639,"href":"https:\/\/redenoticiaz.com.br\/ribeiraopreto-regiao\/wp-json\/wp\/v2\/posts\/94636\/revisions\/94639"}],"wp:featuredmedia":[{"embeddable":true,"href":"https:\/\/redenoticiaz.com.br\/ribeiraopreto-regiao\/wp-json\/wp\/v2\/media\/94637"}],"wp:attachment":[{"href":"https:\/\/redenoticiaz.com.br\/ribeiraopreto-regiao\/wp-json\/wp\/v2\/media?parent=94636"}],"wp:term":[{"taxonomy":"category","embeddable":true,"href":"https:\/\/redenoticiaz.com.br\/ribeiraopreto-regiao\/wp-json\/wp\/v2\/categories?post=94636"},{"taxonomy":"post_tag","embeddable":true,"href":"https:\/\/redenoticiaz.com.br\/ribeiraopreto-regiao\/wp-json\/wp\/v2\/tags?post=94636"}],"curies":[{"name":"wp","href":"https:\/\/api.w.org\/{rel}","templated":true}]}}