{"id":94668,"date":"2022-11-12T08:00:48","date_gmt":"2022-11-12T11:00:48","guid":{"rendered":"https:\/\/redenoticiaz.com.br\/barretos-regiao\/?p=94668"},"modified":"2022-11-07T18:43:21","modified_gmt":"2022-11-07T21:43:21","slug":"caso-daniella-perez-revitimizacao-da-mulher-e-violencia-domestica","status":"publish","type":"post","link":"https:\/\/redenoticiaz.com.br\/ribeiraopreto-regiao\/sp\/2022\/11\/12\/caso-daniella-perez-revitimizacao-da-mulher-e-violencia-domestica","title":{"rendered":"Caso Daniella Perez: Revitimiza\u00e7\u00e3o da mulher e viol\u00eancia dom\u00e9stica"},"content":{"rendered":"<p class=\"v1ql-align-justify\"><em>Por Mayra Cardozo (Advogada Especializada em Direitos Humanos)<br \/>\n<\/em><\/p>\n<p>Porque ela estava naquele local escuro? Com essa roupa o que poder\u00edamos esperar? Ser\u00e1 que foi mesmo assim? Esses s\u00e3o alguns exemplos de julgamentos que mulheres que foram v\u00edtimas de abuso ou viol\u00eancia sofrem; especialista alerta sobre os direitos das mulheres nessas situa\u00e7\u00f5es<\/p>\n<p>O caso do Assassinato de <strong>Daniella Perez<\/strong> voltou a ser um dos temas mais comentados, ap\u00f3s a estreia do document\u00e1rio, dispon\u00edvel na HBO Max, que traz com olhar apurado um crime que parou o pa\u00eds h\u00e1 30 anos. O assassinato brutal da atriz e filha da escritora Gloria Perez, pelo ator Guilherme de P\u00e1dua e pela sua esposa na \u00e9poca Paula Thomaz, choca tanto pela frieza como tamb\u00e9m pelo machismo como foi tratado e as tentativas de culpar a v\u00edtima em diversos momentos. O crime n\u00e3o se encaixaria como feminicidio, em raz\u00e3o do g\u00eanero, de menosprezo ou discrimina\u00e7\u00e3o \u00e0 condi\u00e7\u00e3o de mulher, mas todo o processo mostra como a situa\u00e7\u00e3o foi tratada discriminando a v\u00edtima.<\/p>\n<p>Mesmo com tanto tempo, o que aconteceu no caso de Daniella ainda acomete muitas mulheres. \u00c9 muito comum que as mulheres sofram vitimiza\u00e7\u00e3o quando s\u00e3o v\u00edtimas em processos judiciais, em especial processos em que se discute viol\u00eancia sexual. Isso ocorre como uma esp\u00e9cie de viol\u00eancia psicol\u00f3gica, seja pelos membros do judici\u00e1rio, do minist\u00e9rio p\u00fablico e pelos advogados da outra parte que, muitas vezes, questionam a credibilidade da palavra da v\u00edtima, duvidando de sua palavra, fazendo com que a v\u00edtima n\u00e3o se sinta como tal. Ela acaba se sentindo culpada pela pr\u00f3pria agress\u00e3o.<\/p>\n<p>Por exemplo, uma v\u00edtima de estupro, em processo judici\u00e1rio, \u00e9 feita crer que o crime foi culpa dela, ou a fa\u00e7am acreditar que est\u00e1 mentindo sobre o ocorrido. A revitimiza\u00e7\u00e3o est\u00e1 muito associada a viol\u00eancia psicol\u00f3gica, onde a credibilidade da v\u00edtima \u00e9 posta em cheque.<\/p>\n<p>A revitimiza\u00e7\u00e3o est\u00e1 muito ligada a quest\u00f5es sociais, \u00e0s ordens sociais opressoras, qualquer indiv\u00edduo pode ser vitimizado. Mas \u00e9 muito comum que as identidades subalternizadas sejam muito mais revitimizadas e questionadas, principalmente devido a um hist\u00f3rico de opress\u00e3o. Mulheres que est\u00e3o em um processo judici\u00e1rio no polo ativo, costumam ser revitimizadas pois \u00e9 trazido para esse processo, todo um resqu\u00edcio de uma ordem patriarcal, onde os corpos femininos s\u00e3o objetificados, mulheres s\u00e3o constantemente tratadas como loucas, descredibilizadas, interrompidas e questionadas naquilo que elas argumentam.<\/p>\n<p>\u00c9 importante enfatizar que a revitimiza\u00e7\u00e3o com certeza \u00e9 uma forma de viol\u00eancia contra a mulher, mesmo porque \u00e9 mais frequente em casos em que a mulher tem seu bem jur\u00eddico afetado, esteja como v\u00edtima e seja reutilizada. \u00c9 uma forma de viol\u00eancia psicol\u00f3gica que, hoje em dia, \u00e9 considerada um crime.<\/p>\n<h3><strong>Como diminuir essa viol\u00eancia?\u00a0<\/strong><\/h3>\n<p>As pessoas precisam questionar essa ordem patriarcal, questionar os julgamentos, evitar julgar outras mulheres, uma vez que isso cria uma l\u00f3gica de rivaliza\u00e7\u00e3o patriarcal que cria uma \u00f3rbita de competi\u00e7\u00e3o entre as mulheres. A maneira de combater isso \u00e9 evitar pr\u00e9-julgamentos, questionar nossos valores e questionar a maneira em como ocorrem os julgamentos, n\u00e3o partindo de cren\u00e7as introjetadas em n\u00f3s. Vivemos em uma sociedade baseada na opress\u00e3o, que faz com que tenhamos julgamentos apressados e generalizados, que julga a mulher frequentemente.<\/p>\n<p>Outra maneira de combater essa situa\u00e7\u00e3o \u00e9 atrav\u00e9s das pr\u00f3prias institui\u00e7\u00f5es, como \u00e9 o caso do judici\u00e1rio. Este ano, o CNJ lan\u00e7ou uma resolu\u00e7\u00e3o que combate essa quest\u00e3o, que orienta como os ju\u00edzes devem proceder para que n\u00e3o exista revitimiza\u00e7\u00e3o, principalmente nos casos de viol\u00eancia sexual. Foi promulgada tamb\u00e9m a Lei Mariana Ferrer que faz com que as partes interessadas no processo cuidem para que n\u00e3o haja uma revitimiza\u00e7\u00e3o, todo um cuidado para ouvir a v\u00edtima e as testemunhas.<\/p>\n<p>O protocolo do CNJ define como os magistrados devem agir no curso das audi\u00eancias, para que n\u00e3o exista a revitimiza\u00e7\u00e3o com base no g\u00eanero. Basicamente, eles colocam passo a passo como os magistrados devem agir e se atentar para que n\u00e3o exista a viol\u00eancia psicol\u00f3gica. \u00c9 necess\u00e1rio sempre que as institui\u00e7\u00f5es verifiquem se existem desigualdades estruturais que tenham papel relevante no processo, para isso \u00e9 necess\u00e1rio olhar o caso particularmente que visem criar uma instru\u00e7\u00e3o processual igualit\u00e1ria. Isso vai desde o in\u00edcio do processo at\u00e9 o fim, pensando inclusive em quest\u00f5es pr\u00e1ticas para garantir a seguran\u00e7a da v\u00edtima. O protocolo do CNJ, permite que os ju\u00edzes tenham seus erros auditados e corrigidos.<\/p>\n<h3>Lei Mariana Ferrer<\/h3>\n<p>A Lei Mariana Ferrer, visa de fato punir essas condutas, a lei tem origem em um caso de revitimiza\u00e7\u00e3o em um caso processual, que veio por parte de v\u00e1rios membros do julgamento, em que a Mariana Ferrer foi amplamente revitimizada. A lei est\u00e1 em vigor e visa garantir a integridade f\u00edsica e psicol\u00f3gica da v\u00edtima, garantindo que sejam feitas acusa\u00e7\u00f5es que n\u00e3o est\u00e3o presentes nos autos. \u00c9 comum que a defesa use fotos e outros relacionamentos para manchar a reputa\u00e7\u00e3o da v\u00edtima e culp\u00e1-la pela pr\u00f3pria viol\u00eancia. Isso n\u00e3o ocorre somente no Brasil, \u00e9 comum em todo mundo. Diversas s\u00e9ries atuais tratam dessa tem\u00e1tica internacionalmente, mostrando uma sociedade patriarcal sempre.<\/p>\n<p>A norma, inclusive, pro\u00edbe a utiliza\u00e7\u00e3o de termos machistas nos tribunais. Esses termos buscam colocar v\u00edtima nessa condi\u00e7\u00e3o, e a lei tamb\u00e9m permite que o magistrado vete perguntas que a defesa queira fazer, para proteger a integridade da mulher, ofensas e linguagens impr\u00f3prias que podem desestabilizar a v\u00edtima. Essa lei traz um reconhecimento daquilo que a mulher historicamente sofre no pa\u00eds repetidamente, a lei busca coibir isso.<\/p>\n<p>Para mudar a realidade existem dois pilares. O primeiro \u00e9 cada vez mais as institui\u00e7\u00f5es se atentarem \u00e0s medidas que visem controlar isso, acompanhadas de pol\u00edticas p\u00fablicas que fiscalizem as leis, principalmente nos casos de viol\u00eancia dom\u00e9stica e sexual, para garantir o cumprimento da lei. O segundo \u00e9 a educa\u00e7\u00e3o, n\u00e3o apenas nas escolas, como tamb\u00e9m nas institui\u00e7\u00f5es jur\u00eddicas, colocando o t\u00f3pico como prioridade. \u00c9 um absurdo que o sistema jur\u00eddico brasileiro seja precursor de revitimiza\u00e7\u00f5es, esse n\u00e3o \u00e9 o papel das institui\u00e7\u00f5es.<\/p>\n<p><strong>LEIA TAMB\u00c9M<\/strong><\/p>\n<p><a href=\"https:\/\/redenoticiaz.com.br\/blog\/2022\/11\/07\/guilherme-de-padua-assassino-de-daniela-perez-morre-aos-53-anos\">Guilherme de P\u00e1dua, assassino de Daniela Perez, morre aos 53 anos<\/a><\/p>\n","protected":false},"excerpt":{"rendered":"<p>Por Mayra Cardozo (Advogada Especializada em Direitos Humanos) Porque ela estava naquele local escuro? Com essa roupa o que poder\u00edamos esperar? Ser\u00e1 que foi mesmo assim? Esses s\u00e3o alguns exemplos de julgamentos que mulheres que foram v\u00edtimas de abuso ou viol\u00eancia sofrem; especialista alerta sobre os direitos das mulheres nessas situa\u00e7\u00f5es O caso do Assassinato &hellip;<\/p>\n","protected":false},"author":6,"featured_media":94669,"comment_status":"open","ping_status":"closed","sticky":false,"template":"","format":"standard","meta":{"footnotes":""},"categories":[67,88],"tags":[70,21843,19306,21844,17355],"class_list":["post-94668","post","type-post","status-publish","format-standard","has-post-thumbnail","hentry","category-direitos-humanos","category-policia","tag-brasil","tag-daniela-perez","tag-guilherme-de-padua","tag-revitimizacao","tag-violencia-domestica"],"yoast_head":"<!-- This site is optimized with the Yoast SEO plugin v27.4 - https:\/\/yoast.com\/product\/yoast-seo-wordpress\/ -->\n<title>Caso Daniella Perez: Revitimiza\u00e7\u00e3o da mulher e viol\u00eancia dom\u00e9stica - Ribeir\u00e3o Preto e Regi\u00e3o<\/title>\n<meta name=\"description\" content=\"O caso do Assassinato de Daniella Perez voltou a ser um dos temas mais comentados, ap\u00f3s a estreia do document\u00e1rio, dispon\u00edvel na HBO Max,\" \/>\n<meta name=\"robots\" content=\"index, follow, max-snippet:-1, max-image-preview:large, max-video-preview:-1\" \/>\n<link rel=\"canonical\" href=\"https:\/\/redenoticiaz.com.br\/ribeiraopreto-regiao\/sp\/2022\/11\/12\/caso-daniella-perez-revitimizacao-da-mulher-e-violencia-domestica\" \/>\n<meta property=\"og:locale\" content=\"pt_BR\" \/>\n<meta property=\"og:type\" content=\"article\" \/>\n<meta property=\"og:title\" content=\"Caso Daniella Perez: Revitimiza\u00e7\u00e3o da mulher e viol\u00eancia dom\u00e9stica - Ribeir\u00e3o Preto e Regi\u00e3o\" \/>\n<meta property=\"og:description\" content=\"O caso do Assassinato de Daniella Perez voltou a ser um dos temas mais comentados, ap\u00f3s a estreia do document\u00e1rio, dispon\u00edvel na HBO Max,\" \/>\n<meta property=\"og:url\" content=\"https:\/\/redenoticiaz.com.br\/ribeiraopreto-regiao\/sp\/2022\/11\/12\/caso-daniella-perez-revitimizacao-da-mulher-e-violencia-domestica\" \/>\n<meta property=\"og:site_name\" content=\"Ribeir\u00e3o Preto e Regi\u00e3o\" \/>\n<meta property=\"article:publisher\" content=\"https:\/\/m.facebook.com\/redenoticiaz.barretos\" \/>\n<meta property=\"article:published_time\" content=\"2022-11-12T11:00:48+00:00\" \/>\n<meta property=\"og:image\" content=\"https:\/\/redenoticiaz.com.br\/ribeiraopreto-regiao\/wp-content\/uploads\/sites\/4\/2022\/12\/1-s2.0-S2213576621003195-gr2_lrg-1536x873-1.jpg?v=1669919898\" \/>\n\t<meta property=\"og:image:width\" content=\"1536\" \/>\n\t<meta property=\"og:image:height\" content=\"873\" \/>\n\t<meta property=\"og:image:type\" content=\"image\/jpeg\" \/>\n<meta name=\"author\" content=\"Leonardo Francisco\" \/>\n<meta name=\"twitter:card\" content=\"summary_large_image\" \/>\n<meta name=\"twitter:creator\" content=\"@RN_barretos\" \/>\n<meta name=\"twitter:site\" content=\"@RN_barretos\" \/>\n<meta name=\"twitter:label1\" content=\"Escrito por\" \/>\n\t<meta name=\"twitter:data1\" content=\"Leonardo Francisco\" \/>\n\t<meta name=\"twitter:label2\" content=\"Est. tempo de leitura\" \/>\n\t<meta name=\"twitter:data2\" content=\"6 minutos\" \/>\n<script type=\"application\/ld+json\" class=\"yoast-schema-graph\">{\"@context\":\"https:\\\/\\\/schema.org\",\"@graph\":[{\"@type\":\"Article\",\"@id\":\"https:\\\/\\\/redenoticiaz.com.br\\\/ribeiraopreto-regiao\\\/sp\\\/2022\\\/11\\\/12\\\/caso-daniella-perez-revitimizacao-da-mulher-e-violencia-domestica#article\",\"isPartOf\":{\"@id\":\"https:\\\/\\\/redenoticiaz.com.br\\\/ribeiraopreto-regiao\\\/sp\\\/2022\\\/11\\\/12\\\/caso-daniella-perez-revitimizacao-da-mulher-e-violencia-domestica\"},\"author\":{\"name\":\"Leonardo Francisco\",\"@id\":\"https:\\\/\\\/redenoticiaz.com.br\\\/ribeiraopreto-regiao\\\/#\\\/schema\\\/person\\\/0f0b8a5bdafefe82841e07ae8d81ecb3\"},\"headline\":\"Caso Daniella Perez: Revitimiza\u00e7\u00e3o da mulher e viol\u00eancia dom\u00e9stica\",\"datePublished\":\"2022-11-12T11:00:48+00:00\",\"mainEntityOfPage\":{\"@id\":\"https:\\\/\\\/redenoticiaz.com.br\\\/ribeiraopreto-regiao\\\/sp\\\/2022\\\/11\\\/12\\\/caso-daniella-perez-revitimizacao-da-mulher-e-violencia-domestica\"},\"wordCount\":1120,\"commentCount\":0,\"publisher\":{\"@id\":\"https:\\\/\\\/redenoticiaz.com.br\\\/ribeiraopreto-regiao\\\/#organization\"},\"image\":{\"@id\":\"https:\\\/\\\/redenoticiaz.com.br\\\/ribeiraopreto-regiao\\\/sp\\\/2022\\\/11\\\/12\\\/caso-daniella-perez-revitimizacao-da-mulher-e-violencia-domestica#primaryimage\"},\"thumbnailUrl\":\"https:\\\/\\\/redenoticiaz.com.br\\\/ribeiraopreto-regiao\\\/wp-content\\\/uploads\\\/sites\\\/4\\\/2022\\\/11\\\/violencia-domestica.jpg?v=1667857259\",\"keywords\":[\"Brasil\",\"DANIELA PEREZ\",\"Guilherme de P\u00e1dua\",\"REVITIMIZA\u00c7\u00c3O\",\"Viol\u00eancia dom\u00e9stica\"],\"articleSection\":[\"Direitos Humanos\",\"Pol\u00edcia\"],\"inLanguage\":\"pt-BR\",\"potentialAction\":[{\"@type\":\"CommentAction\",\"name\":\"Comment\",\"target\":[\"https:\\\/\\\/redenoticiaz.com.br\\\/ribeiraopreto-regiao\\\/sp\\\/2022\\\/11\\\/12\\\/caso-daniella-perez-revitimizacao-da-mulher-e-violencia-domestica#respond\"]}]},{\"@type\":\"WebPage\",\"@id\":\"https:\\\/\\\/redenoticiaz.com.br\\\/ribeiraopreto-regiao\\\/sp\\\/2022\\\/11\\\/12\\\/caso-daniella-perez-revitimizacao-da-mulher-e-violencia-domestica\",\"url\":\"https:\\\/\\\/redenoticiaz.com.br\\\/ribeiraopreto-regiao\\\/sp\\\/2022\\\/11\\\/12\\\/caso-daniella-perez-revitimizacao-da-mulher-e-violencia-domestica\",\"name\":\"Caso Daniella Perez: Revitimiza\u00e7\u00e3o da mulher e viol\u00eancia dom\u00e9stica - Ribeir\u00e3o Preto e Regi\u00e3o\",\"isPartOf\":{\"@id\":\"https:\\\/\\\/redenoticiaz.com.br\\\/ribeiraopreto-regiao\\\/#website\"},\"primaryImageOfPage\":{\"@id\":\"https:\\\/\\\/redenoticiaz.com.br\\\/ribeiraopreto-regiao\\\/sp\\\/2022\\\/11\\\/12\\\/caso-daniella-perez-revitimizacao-da-mulher-e-violencia-domestica#primaryimage\"},\"image\":{\"@id\":\"https:\\\/\\\/redenoticiaz.com.br\\\/ribeiraopreto-regiao\\\/sp\\\/2022\\\/11\\\/12\\\/caso-daniella-perez-revitimizacao-da-mulher-e-violencia-domestica#primaryimage\"},\"thumbnailUrl\":\"https:\\\/\\\/redenoticiaz.com.br\\\/ribeiraopreto-regiao\\\/wp-content\\\/uploads\\\/sites\\\/4\\\/2022\\\/11\\\/violencia-domestica.jpg?v=1667857259\",\"datePublished\":\"2022-11-12T11:00:48+00:00\",\"description\":\"O caso do Assassinato de Daniella Perez voltou a ser um dos temas mais comentados, ap\u00f3s a estreia do document\u00e1rio, dispon\u00edvel na HBO Max,\",\"inLanguage\":\"pt-BR\",\"potentialAction\":[{\"@type\":\"ReadAction\",\"target\":[\"https:\\\/\\\/redenoticiaz.com.br\\\/ribeiraopreto-regiao\\\/sp\\\/2022\\\/11\\\/12\\\/caso-daniella-perez-revitimizacao-da-mulher-e-violencia-domestica\"]}]},{\"@type\":\"ImageObject\",\"inLanguage\":\"pt-BR\",\"@id\":\"https:\\\/\\\/redenoticiaz.com.br\\\/ribeiraopreto-regiao\\\/sp\\\/2022\\\/11\\\/12\\\/caso-daniella-perez-revitimizacao-da-mulher-e-violencia-domestica#primaryimage\",\"url\":\"https:\\\/\\\/redenoticiaz.com.br\\\/ribeiraopreto-regiao\\\/wp-content\\\/uploads\\\/sites\\\/4\\\/2022\\\/11\\\/violencia-domestica.jpg?v=1667857259\",\"contentUrl\":\"https:\\\/\\\/redenoticiaz.com.br\\\/ribeiraopreto-regiao\\\/wp-content\\\/uploads\\\/sites\\\/4\\\/2022\\\/11\\\/violencia-domestica.jpg?v=1667857259\",\"width\":1020,\"height\":680,\"caption\":\"Cr\u00e9ditos: Divulga\u00e7\u00e3o\\\/Prefeitura de Jo\u00e3o Neiva\"},{\"@type\":\"WebSite\",\"@id\":\"https:\\\/\\\/redenoticiaz.com.br\\\/ribeiraopreto-regiao\\\/#website\",\"url\":\"https:\\\/\\\/redenoticiaz.com.br\\\/ribeiraopreto-regiao\\\/\",\"name\":\"Ribeir\u00e3o Preto e Regi\u00e3o\",\"description\":\"Rede NoticiaZ - Ribeir\u00e3o Preto e regi\u00e3o\",\"publisher\":{\"@id\":\"https:\\\/\\\/redenoticiaz.com.br\\\/ribeiraopreto-regiao\\\/#organization\"},\"potentialAction\":[{\"@type\":\"SearchAction\",\"target\":{\"@type\":\"EntryPoint\",\"urlTemplate\":\"https:\\\/\\\/redenoticiaz.com.br\\\/ribeiraopreto-regiao\\\/?s={search_term_string}\"},\"query-input\":{\"@type\":\"PropertyValueSpecification\",\"valueRequired\":true,\"valueName\":\"search_term_string\"}}],\"inLanguage\":\"pt-BR\"},{\"@type\":\"Organization\",\"@id\":\"https:\\\/\\\/redenoticiaz.com.br\\\/ribeiraopreto-regiao\\\/#organization\",\"name\":\"Ribeir\u00e3o Preto e Regi\u00e3o\",\"url\":\"https:\\\/\\\/redenoticiaz.com.br\\\/ribeiraopreto-regiao\\\/\",\"logo\":{\"@type\":\"ImageObject\",\"inLanguage\":\"pt-BR\",\"@id\":\"https:\\\/\\\/redenoticiaz.com.br\\\/ribeiraopreto-regiao\\\/#\\\/schema\\\/logo\\\/image\\\/\",\"url\":\"https:\\\/\\\/redenoticiaz.com.br\\\/barretos-regiao\\\/wp-content\\\/uploads\\\/sites\\\/4\\\/2022\\\/02\\\/logo.jpg\",\"contentUrl\":\"https:\\\/\\\/redenoticiaz.com.br\\\/barretos-regiao\\\/wp-content\\\/uploads\\\/sites\\\/4\\\/2022\\\/02\\\/logo.jpg\",\"width\":400,\"height\":250,\"caption\":\"Ribeir\u00e3o Preto e Regi\u00e3o\"},\"image\":{\"@id\":\"https:\\\/\\\/redenoticiaz.com.br\\\/ribeiraopreto-regiao\\\/#\\\/schema\\\/logo\\\/image\\\/\"},\"sameAs\":[\"https:\\\/\\\/m.facebook.com\\\/redenoticiaz.barretos\",\"https:\\\/\\\/x.com\\\/RN_barretos\",\"https:\\\/\\\/www.instagram.com\\\/redenoticiaz.barretos\\\/?igshid=YmMyMTA2M2Y\",\"https:\\\/\\\/www.linkedin.com\\\/company\\\/rede-noticiaz-barretos-e-regio\\\/\"]},{\"@type\":\"Person\",\"@id\":\"https:\\\/\\\/redenoticiaz.com.br\\\/ribeiraopreto-regiao\\\/#\\\/schema\\\/person\\\/0f0b8a5bdafefe82841e07ae8d81ecb3\",\"name\":\"Leonardo Francisco\",\"image\":{\"@type\":\"ImageObject\",\"inLanguage\":\"pt-BR\",\"@id\":\"https:\\\/\\\/secure.gravatar.com\\\/avatar\\\/a7358cb406a99b682ec6df1e77e31ae82e63601f6784e8a3df411d72b37864da?s=96&d=mm&r=g\",\"url\":\"https:\\\/\\\/secure.gravatar.com\\\/avatar\\\/a7358cb406a99b682ec6df1e77e31ae82e63601f6784e8a3df411d72b37864da?s=96&d=mm&r=g\",\"contentUrl\":\"https:\\\/\\\/secure.gravatar.com\\\/avatar\\\/a7358cb406a99b682ec6df1e77e31ae82e63601f6784e8a3df411d72b37864da?s=96&d=mm&r=g\",\"caption\":\"Leonardo Francisco\"},\"url\":\"https:\\\/\\\/redenoticiaz.com.br\\\/ribeiraopreto-regiao\\\/sp\\\/author\\\/leonardo-francisco\"}]}<\/script>\n<!-- \/ Yoast SEO plugin. -->","yoast_head_json":{"title":"Caso Daniella Perez: Revitimiza\u00e7\u00e3o da mulher e viol\u00eancia dom\u00e9stica - Ribeir\u00e3o Preto e Regi\u00e3o","description":"O caso do Assassinato de Daniella Perez voltou a ser um dos temas mais comentados, ap\u00f3s a estreia do document\u00e1rio, dispon\u00edvel na HBO Max,","robots":{"index":"index","follow":"follow","max-snippet":"max-snippet:-1","max-image-preview":"max-image-preview:large","max-video-preview":"max-video-preview:-1"},"canonical":"https:\/\/redenoticiaz.com.br\/ribeiraopreto-regiao\/sp\/2022\/11\/12\/caso-daniella-perez-revitimizacao-da-mulher-e-violencia-domestica","og_locale":"pt_BR","og_type":"article","og_title":"Caso Daniella Perez: Revitimiza\u00e7\u00e3o da mulher e viol\u00eancia dom\u00e9stica - Ribeir\u00e3o Preto e Regi\u00e3o","og_description":"O caso do Assassinato de Daniella Perez voltou a ser um dos temas mais comentados, ap\u00f3s a estreia do document\u00e1rio, dispon\u00edvel na HBO Max,","og_url":"https:\/\/redenoticiaz.com.br\/ribeiraopreto-regiao\/sp\/2022\/11\/12\/caso-daniella-perez-revitimizacao-da-mulher-e-violencia-domestica","og_site_name":"Ribeir\u00e3o Preto e Regi\u00e3o","article_publisher":"https:\/\/m.facebook.com\/redenoticiaz.barretos","article_published_time":"2022-11-12T11:00:48+00:00","og_image":[{"width":1536,"height":873,"url":"https:\/\/redenoticiaz.com.br\/ribeiraopreto-regiao\/wp-content\/uploads\/sites\/4\/2022\/12\/1-s2.0-S2213576621003195-gr2_lrg-1536x873-1.jpg?v=1669919898","type":"image\/jpeg"}],"author":"Leonardo Francisco","twitter_card":"summary_large_image","twitter_creator":"@RN_barretos","twitter_site":"@RN_barretos","twitter_misc":{"Escrito por":"Leonardo Francisco","Est. tempo de leitura":"6 minutos"},"schema":{"@context":"https:\/\/schema.org","@graph":[{"@type":"Article","@id":"https:\/\/redenoticiaz.com.br\/ribeiraopreto-regiao\/sp\/2022\/11\/12\/caso-daniella-perez-revitimizacao-da-mulher-e-violencia-domestica#article","isPartOf":{"@id":"https:\/\/redenoticiaz.com.br\/ribeiraopreto-regiao\/sp\/2022\/11\/12\/caso-daniella-perez-revitimizacao-da-mulher-e-violencia-domestica"},"author":{"name":"Leonardo Francisco","@id":"https:\/\/redenoticiaz.com.br\/ribeiraopreto-regiao\/#\/schema\/person\/0f0b8a5bdafefe82841e07ae8d81ecb3"},"headline":"Caso Daniella Perez: Revitimiza\u00e7\u00e3o da mulher e viol\u00eancia dom\u00e9stica","datePublished":"2022-11-12T11:00:48+00:00","mainEntityOfPage":{"@id":"https:\/\/redenoticiaz.com.br\/ribeiraopreto-regiao\/sp\/2022\/11\/12\/caso-daniella-perez-revitimizacao-da-mulher-e-violencia-domestica"},"wordCount":1120,"commentCount":0,"publisher":{"@id":"https:\/\/redenoticiaz.com.br\/ribeiraopreto-regiao\/#organization"},"image":{"@id":"https:\/\/redenoticiaz.com.br\/ribeiraopreto-regiao\/sp\/2022\/11\/12\/caso-daniella-perez-revitimizacao-da-mulher-e-violencia-domestica#primaryimage"},"thumbnailUrl":"https:\/\/redenoticiaz.com.br\/ribeiraopreto-regiao\/wp-content\/uploads\/sites\/4\/2022\/11\/violencia-domestica.jpg?v=1667857259","keywords":["Brasil","DANIELA PEREZ","Guilherme de P\u00e1dua","REVITIMIZA\u00c7\u00c3O","Viol\u00eancia dom\u00e9stica"],"articleSection":["Direitos Humanos","Pol\u00edcia"],"inLanguage":"pt-BR","potentialAction":[{"@type":"CommentAction","name":"Comment","target":["https:\/\/redenoticiaz.com.br\/ribeiraopreto-regiao\/sp\/2022\/11\/12\/caso-daniella-perez-revitimizacao-da-mulher-e-violencia-domestica#respond"]}]},{"@type":"WebPage","@id":"https:\/\/redenoticiaz.com.br\/ribeiraopreto-regiao\/sp\/2022\/11\/12\/caso-daniella-perez-revitimizacao-da-mulher-e-violencia-domestica","url":"https:\/\/redenoticiaz.com.br\/ribeiraopreto-regiao\/sp\/2022\/11\/12\/caso-daniella-perez-revitimizacao-da-mulher-e-violencia-domestica","name":"Caso Daniella Perez: Revitimiza\u00e7\u00e3o da mulher e viol\u00eancia dom\u00e9stica - Ribeir\u00e3o Preto e Regi\u00e3o","isPartOf":{"@id":"https:\/\/redenoticiaz.com.br\/ribeiraopreto-regiao\/#website"},"primaryImageOfPage":{"@id":"https:\/\/redenoticiaz.com.br\/ribeiraopreto-regiao\/sp\/2022\/11\/12\/caso-daniella-perez-revitimizacao-da-mulher-e-violencia-domestica#primaryimage"},"image":{"@id":"https:\/\/redenoticiaz.com.br\/ribeiraopreto-regiao\/sp\/2022\/11\/12\/caso-daniella-perez-revitimizacao-da-mulher-e-violencia-domestica#primaryimage"},"thumbnailUrl":"https:\/\/redenoticiaz.com.br\/ribeiraopreto-regiao\/wp-content\/uploads\/sites\/4\/2022\/11\/violencia-domestica.jpg?v=1667857259","datePublished":"2022-11-12T11:00:48+00:00","description":"O caso do Assassinato de Daniella Perez voltou a ser um dos temas mais comentados, ap\u00f3s a estreia do document\u00e1rio, dispon\u00edvel na HBO Max,","inLanguage":"pt-BR","potentialAction":[{"@type":"ReadAction","target":["https:\/\/redenoticiaz.com.br\/ribeiraopreto-regiao\/sp\/2022\/11\/12\/caso-daniella-perez-revitimizacao-da-mulher-e-violencia-domestica"]}]},{"@type":"ImageObject","inLanguage":"pt-BR","@id":"https:\/\/redenoticiaz.com.br\/ribeiraopreto-regiao\/sp\/2022\/11\/12\/caso-daniella-perez-revitimizacao-da-mulher-e-violencia-domestica#primaryimage","url":"https:\/\/redenoticiaz.com.br\/ribeiraopreto-regiao\/wp-content\/uploads\/sites\/4\/2022\/11\/violencia-domestica.jpg?v=1667857259","contentUrl":"https:\/\/redenoticiaz.com.br\/ribeiraopreto-regiao\/wp-content\/uploads\/sites\/4\/2022\/11\/violencia-domestica.jpg?v=1667857259","width":1020,"height":680,"caption":"Cr\u00e9ditos: Divulga\u00e7\u00e3o\/Prefeitura de Jo\u00e3o Neiva"},{"@type":"WebSite","@id":"https:\/\/redenoticiaz.com.br\/ribeiraopreto-regiao\/#website","url":"https:\/\/redenoticiaz.com.br\/ribeiraopreto-regiao\/","name":"Ribeir\u00e3o Preto e Regi\u00e3o","description":"Rede NoticiaZ - Ribeir\u00e3o Preto e regi\u00e3o","publisher":{"@id":"https:\/\/redenoticiaz.com.br\/ribeiraopreto-regiao\/#organization"},"potentialAction":[{"@type":"SearchAction","target":{"@type":"EntryPoint","urlTemplate":"https:\/\/redenoticiaz.com.br\/ribeiraopreto-regiao\/?s={search_term_string}"},"query-input":{"@type":"PropertyValueSpecification","valueRequired":true,"valueName":"search_term_string"}}],"inLanguage":"pt-BR"},{"@type":"Organization","@id":"https:\/\/redenoticiaz.com.br\/ribeiraopreto-regiao\/#organization","name":"Ribeir\u00e3o Preto e Regi\u00e3o","url":"https:\/\/redenoticiaz.com.br\/ribeiraopreto-regiao\/","logo":{"@type":"ImageObject","inLanguage":"pt-BR","@id":"https:\/\/redenoticiaz.com.br\/ribeiraopreto-regiao\/#\/schema\/logo\/image\/","url":"https:\/\/redenoticiaz.com.br\/barretos-regiao\/wp-content\/uploads\/sites\/4\/2022\/02\/logo.jpg","contentUrl":"https:\/\/redenoticiaz.com.br\/barretos-regiao\/wp-content\/uploads\/sites\/4\/2022\/02\/logo.jpg","width":400,"height":250,"caption":"Ribeir\u00e3o Preto e Regi\u00e3o"},"image":{"@id":"https:\/\/redenoticiaz.com.br\/ribeiraopreto-regiao\/#\/schema\/logo\/image\/"},"sameAs":["https:\/\/m.facebook.com\/redenoticiaz.barretos","https:\/\/x.com\/RN_barretos","https:\/\/www.instagram.com\/redenoticiaz.barretos\/?igshid=YmMyMTA2M2Y","https:\/\/www.linkedin.com\/company\/rede-noticiaz-barretos-e-regio\/"]},{"@type":"Person","@id":"https:\/\/redenoticiaz.com.br\/ribeiraopreto-regiao\/#\/schema\/person\/0f0b8a5bdafefe82841e07ae8d81ecb3","name":"Leonardo Francisco","image":{"@type":"ImageObject","inLanguage":"pt-BR","@id":"https:\/\/secure.gravatar.com\/avatar\/a7358cb406a99b682ec6df1e77e31ae82e63601f6784e8a3df411d72b37864da?s=96&d=mm&r=g","url":"https:\/\/secure.gravatar.com\/avatar\/a7358cb406a99b682ec6df1e77e31ae82e63601f6784e8a3df411d72b37864da?s=96&d=mm&r=g","contentUrl":"https:\/\/secure.gravatar.com\/avatar\/a7358cb406a99b682ec6df1e77e31ae82e63601f6784e8a3df411d72b37864da?s=96&d=mm&r=g","caption":"Leonardo Francisco"},"url":"https:\/\/redenoticiaz.com.br\/ribeiraopreto-regiao\/sp\/author\/leonardo-francisco"}]}},"_links":{"self":[{"href":"https:\/\/redenoticiaz.com.br\/ribeiraopreto-regiao\/wp-json\/wp\/v2\/posts\/94668","targetHints":{"allow":["GET"]}}],"collection":[{"href":"https:\/\/redenoticiaz.com.br\/ribeiraopreto-regiao\/wp-json\/wp\/v2\/posts"}],"about":[{"href":"https:\/\/redenoticiaz.com.br\/ribeiraopreto-regiao\/wp-json\/wp\/v2\/types\/post"}],"author":[{"embeddable":true,"href":"https:\/\/redenoticiaz.com.br\/ribeiraopreto-regiao\/wp-json\/wp\/v2\/users\/6"}],"replies":[{"embeddable":true,"href":"https:\/\/redenoticiaz.com.br\/ribeiraopreto-regiao\/wp-json\/wp\/v2\/comments?post=94668"}],"version-history":[{"count":0,"href":"https:\/\/redenoticiaz.com.br\/ribeiraopreto-regiao\/wp-json\/wp\/v2\/posts\/94668\/revisions"}],"wp:featuredmedia":[{"embeddable":true,"href":"https:\/\/redenoticiaz.com.br\/ribeiraopreto-regiao\/wp-json\/wp\/v2\/media\/94669"}],"wp:attachment":[{"href":"https:\/\/redenoticiaz.com.br\/ribeiraopreto-regiao\/wp-json\/wp\/v2\/media?parent=94668"}],"wp:term":[{"taxonomy":"category","embeddable":true,"href":"https:\/\/redenoticiaz.com.br\/ribeiraopreto-regiao\/wp-json\/wp\/v2\/categories?post=94668"},{"taxonomy":"post_tag","embeddable":true,"href":"https:\/\/redenoticiaz.com.br\/ribeiraopreto-regiao\/wp-json\/wp\/v2\/tags?post=94668"}],"curies":[{"name":"wp","href":"https:\/\/api.w.org\/{rel}","templated":true}]}}