{"id":94747,"date":"2022-11-09T15:05:13","date_gmt":"2022-11-09T18:05:13","guid":{"rendered":"https:\/\/redenoticiaz.com.br\/barretos-regiao\/?p=94747"},"modified":"2022-11-09T15:05:13","modified_gmt":"2022-11-09T18:05:13","slug":"north-shopping-arrecada-alimentos-para-o-fundo-social-de-solidariedade-durante-campanha-de-natal-2022","status":"publish","type":"post","link":"https:\/\/redenoticiaz.com.br\/ribeiraopreto-regiao\/sp\/2022\/11\/09\/north-shopping-arrecada-alimentos-para-o-fundo-social-de-solidariedade-durante-campanha-de-natal-2022","title":{"rendered":"North Shopping arrecada alimentos para o Fundo Social de Solidariedade durante Campanha de Natal 2022"},"content":{"rendered":"<div>O Fundo Social de Solidariedade (FSS) da Est\u00e2ncia Tur\u00edstica de Barretos ser\u00e1 beneficiado com a doa\u00e7\u00e3o de alimentos arrecadados pela campanha &#8220;Tudo de bom est\u00e1 aqui, dentro da gente&#8221;, realizada pelo North Shopping em raz\u00e3o do Natal 2022.<\/div>\n<div><\/div>\n<div>Nesta edi\u00e7\u00e3o, a campanha lan\u00e7ada no dia 1\u00b0 de novembro sortear\u00e1 12 vales-compra no valor de R$5 mil cada, totalizando R$60 mil em pr\u00eamios. A cada R$ 250,00 consumidos no shopping, o cliente ter\u00e1 direito a um cupom. Caso fa\u00e7a a doa\u00e7\u00e3o de um litro de leite em caixinha ou um quilo de alimento n\u00e3o perec\u00edvel, o cliente receber\u00e1 tr\u00eas cupons, triplicando as chances de ganhar. Os alimentos e leite arrecadados ser\u00e3o repassados ao FSS.<\/div>\n<div><\/div>\n<div>A presidente do Fundo Social de Solidariedade, Let\u00edcia Oliveira Lemos, fez quest\u00e3o de agradecer a parceria. &#8220;Mais uma vez o North Shopping realiza um grande trabalho social que beneficiar\u00e1 as fam\u00edlias acolhidas pelo Fundo Social. Pe\u00e7o que as pessoas colaborem movimentando a economia da nossa cidade durante as festas de fim de ano e contribuindo com essa causa t\u00e3o nobre&#8221;, disse.<\/div>\n<div><\/div>\n<div>A campanha acontece do dia 15 de novembro de 2022 e at\u00e9 8 de janeiro de 2023. O sorteio dos vales acontecer\u00e1 no dia 09 de janeiro, na Pra\u00e7a de Alimenta\u00e7\u00e3o do North Shopping.<\/div>\n","protected":false},"excerpt":{"rendered":"<p>O Fundo Social de Solidariedade (FSS) da Est\u00e2ncia Tur\u00edstica de Barretos ser\u00e1 beneficiado com a doa\u00e7\u00e3o de alimentos arrecadados pela campanha &#8220;Tudo de bom est\u00e1 aqui, dentro da gente&#8221;, realizada pelo North Shopping em raz\u00e3o do Natal 2022. Nesta edi\u00e7\u00e3o, a campanha lan\u00e7ada no dia 1\u00b0 de novembro sortear\u00e1 12 vales-compra no valor de R$5 &hellip;<\/p>\n","protected":false},"author":15,"featured_media":94748,"comment_status":"open","ping_status":"closed","sticky":false,"template":"","format":"standard","meta":{"footnotes":""},"categories":[252],"tags":[15074,9344,20020,6207],"class_list":["post-94747","post","type-post","status-publish","format-standard","has-post-thumbnail","hentry","category-acao-social","tag-doacao","tag-fundo-social","tag-north-shopping","tag-sorteio"],"yoast_head":"<!-- This site is optimized with the Yoast SEO plugin v28.4 - https:\/\/yoast.com\/product\/yoast-seo-wordpress\/ -->\n<title>North Shopping arrecada alimentos para o Fundo Social de Solidariedade durante Campanha de Natal 2022 - Ribeir\u00e3o Preto e Regi\u00e3o<\/title>\n<meta name=\"description\" content=\"O Fundo Social de Solidariedade (FSS) da Est\u00e2ncia Tur\u00edstica de Barretos ser\u00e1 beneficiado com a doa\u00e7\u00e3o de alimentos arrecadados pela campanha\" \/>\n<meta name=\"robots\" content=\"index, follow, max-snippet:-1, max-image-preview:large, max-video-preview:-1\" \/>\n<link rel=\"canonical\" href=\"https:\/\/redenoticiaz.com.br\/ribeiraopreto-regiao\/sp\/2022\/11\/09\/north-shopping-arrecada-alimentos-para-o-fundo-social-de-solidariedade-durante-campanha-de-natal-2022\" \/>\n<meta property=\"og:locale\" content=\"pt_BR\" \/>\n<meta property=\"og:type\" content=\"article\" \/>\n<meta property=\"og:title\" content=\"North Shopping arrecada alimentos para o Fundo Social de Solidariedade durante Campanha de Natal 2022 - Ribeir\u00e3o Preto e Regi\u00e3o\" \/>\n<meta property=\"og:description\" content=\"O Fundo Social de Solidariedade (FSS) da Est\u00e2ncia Tur\u00edstica de Barretos ser\u00e1 beneficiado com a doa\u00e7\u00e3o de alimentos arrecadados pela campanha\" \/>\n<meta property=\"og:url\" content=\"https:\/\/redenoticiaz.com.br\/ribeiraopreto-regiao\/sp\/2022\/11\/09\/north-shopping-arrecada-alimentos-para-o-fundo-social-de-solidariedade-durante-campanha-de-natal-2022\" \/>\n<meta property=\"og:site_name\" content=\"Ribeir\u00e3o Preto e Regi\u00e3o\" \/>\n<meta property=\"article:publisher\" content=\"https:\/\/m.facebook.com\/redenoticiaz.barretos\" \/>\n<meta property=\"article:published_time\" content=\"2022-11-09T18:05:13+00:00\" \/>\n<meta property=\"og:image\" content=\"https:\/\/redenoticiaz.com.br\/ribeiraopreto-regiao\/wp-content\/uploads\/sites\/4\/2022\/11\/cedebb6e872f539bef8c3f919874e9d7.jpeg\" \/>\n\t<meta property=\"og:image:width\" content=\"1080\" \/>\n\t<meta property=\"og:image:height\" content=\"513\" \/>\n\t<meta property=\"og:image:type\" content=\"image\/jpeg\" \/>\n<meta name=\"twitter:card\" content=\"summary_large_image\" \/>\n<meta name=\"twitter:creator\" content=\"@RN_barretos\" \/>\n<meta name=\"twitter:site\" content=\"@RN_barretos\" \/>\n<meta name=\"twitter:label1\" content=\"Escrito por\" \/>\n\t<meta name=\"twitter:data1\" content=\"\" \/>\n\t<meta name=\"twitter:label2\" content=\"Est. tempo de leitura\" \/>\n\t<meta name=\"twitter:data2\" content=\"2 minutos\" \/>\n<script type=\"application\/ld+json\" class=\"yoast-schema-graph\">{\"@context\":\"https:\\\/\\\/schema.org\",\"@graph\":[{\"@type\":\"Article\",\"@id\":\"https:\\\/\\\/redenoticiaz.com.br\\\/ribeiraopreto-regiao\\\/sp\\\/2022\\\/11\\\/09\\\/north-shopping-arrecada-alimentos-para-o-fundo-social-de-solidariedade-durante-campanha-de-natal-2022#article\",\"isPartOf\":{\"@id\":\"https:\\\/\\\/redenoticiaz.com.br\\\/ribeiraopreto-regiao\\\/sp\\\/2022\\\/11\\\/09\\\/north-shopping-arrecada-alimentos-para-o-fundo-social-de-solidariedade-durante-campanha-de-natal-2022\"},\"author\":{\"name\":\"\",\"@id\":\"\"},\"headline\":\"North Shopping arrecada alimentos para o Fundo Social de Solidariedade durante Campanha de Natal 2022\",\"datePublished\":\"2022-11-09T18:05:13+00:00\",\"mainEntityOfPage\":{\"@id\":\"https:\\\/\\\/redenoticiaz.com.br\\\/ribeiraopreto-regiao\\\/sp\\\/2022\\\/11\\\/09\\\/north-shopping-arrecada-alimentos-para-o-fundo-social-de-solidariedade-durante-campanha-de-natal-2022\"},\"wordCount\":233,\"commentCount\":0,\"publisher\":{\"@id\":\"https:\\\/\\\/redenoticiaz.com.br\\\/ribeiraopreto-regiao\\\/#organization\"},\"image\":{\"@id\":\"https:\\\/\\\/redenoticiaz.com.br\\\/ribeiraopreto-regiao\\\/sp\\\/2022\\\/11\\\/09\\\/north-shopping-arrecada-alimentos-para-o-fundo-social-de-solidariedade-durante-campanha-de-natal-2022#primaryimage\"},\"thumbnailUrl\":\"https:\\\/\\\/redenoticiaz.com.br\\\/ribeiraopreto-regiao\\\/wp-content\\\/uploads\\\/sites\\\/4\\\/2022\\\/11\\\/cedebb6e872f539bef8c3f919874e9d7.jpeg\",\"keywords\":[\"doa\u00e7\u00e3o\",\"FUNDO SOCIAL\",\"NORTH SHOPPING\",\"sorteio\"],\"articleSection\":[\"A\u00e7\u00e3o Social\"],\"inLanguage\":\"pt-BR\",\"potentialAction\":[{\"@type\":\"CommentAction\",\"name\":\"Comment\",\"target\":[\"https:\\\/\\\/redenoticiaz.com.br\\\/ribeiraopreto-regiao\\\/sp\\\/2022\\\/11\\\/09\\\/north-shopping-arrecada-alimentos-para-o-fundo-social-de-solidariedade-durante-campanha-de-natal-2022#respond\"]}]},{\"@type\":\"WebPage\",\"@id\":\"https:\\\/\\\/redenoticiaz.com.br\\\/ribeiraopreto-regiao\\\/sp\\\/2022\\\/11\\\/09\\\/north-shopping-arrecada-alimentos-para-o-fundo-social-de-solidariedade-durante-campanha-de-natal-2022\",\"url\":\"https:\\\/\\\/redenoticiaz.com.br\\\/ribeiraopreto-regiao\\\/sp\\\/2022\\\/11\\\/09\\\/north-shopping-arrecada-alimentos-para-o-fundo-social-de-solidariedade-durante-campanha-de-natal-2022\",\"name\":\"North Shopping arrecada alimentos para o Fundo Social de Solidariedade durante Campanha de Natal 2022 - Ribeir\u00e3o Preto e Regi\u00e3o\",\"isPartOf\":{\"@id\":\"https:\\\/\\\/redenoticiaz.com.br\\\/ribeiraopreto-regiao\\\/#website\"},\"primaryImageOfPage\":{\"@id\":\"https:\\\/\\\/redenoticiaz.com.br\\\/ribeiraopreto-regiao\\\/sp\\\/2022\\\/11\\\/09\\\/north-shopping-arrecada-alimentos-para-o-fundo-social-de-solidariedade-durante-campanha-de-natal-2022#primaryimage\"},\"image\":{\"@id\":\"https:\\\/\\\/redenoticiaz.com.br\\\/ribeiraopreto-regiao\\\/sp\\\/2022\\\/11\\\/09\\\/north-shopping-arrecada-alimentos-para-o-fundo-social-de-solidariedade-durante-campanha-de-natal-2022#primaryimage\"},\"thumbnailUrl\":\"https:\\\/\\\/redenoticiaz.com.br\\\/ribeiraopreto-regiao\\\/wp-content\\\/uploads\\\/sites\\\/4\\\/2022\\\/11\\\/cedebb6e872f539bef8c3f919874e9d7.jpeg\",\"datePublished\":\"2022-11-09T18:05:13+00:00\",\"description\":\"O Fundo Social de Solidariedade (FSS) da Est\u00e2ncia Tur\u00edstica de Barretos ser\u00e1 beneficiado com a doa\u00e7\u00e3o de alimentos arrecadados pela campanha\",\"inLanguage\":\"pt-BR\",\"potentialAction\":[{\"@type\":\"ReadAction\",\"target\":[\"https:\\\/\\\/redenoticiaz.com.br\\\/ribeiraopreto-regiao\\\/sp\\\/2022\\\/11\\\/09\\\/north-shopping-arrecada-alimentos-para-o-fundo-social-de-solidariedade-durante-campanha-de-natal-2022\"]}]},{\"@type\":\"ImageObject\",\"inLanguage\":\"pt-BR\",\"@id\":\"https:\\\/\\\/redenoticiaz.com.br\\\/ribeiraopreto-regiao\\\/sp\\\/2022\\\/11\\\/09\\\/north-shopping-arrecada-alimentos-para-o-fundo-social-de-solidariedade-durante-campanha-de-natal-2022#primaryimage\",\"url\":\"https:\\\/\\\/redenoticiaz.com.br\\\/ribeiraopreto-regiao\\\/wp-content\\\/uploads\\\/sites\\\/4\\\/2022\\\/11\\\/cedebb6e872f539bef8c3f919874e9d7.jpeg\",\"contentUrl\":\"https:\\\/\\\/redenoticiaz.com.br\\\/ribeiraopreto-regiao\\\/wp-content\\\/uploads\\\/sites\\\/4\\\/2022\\\/11\\\/cedebb6e872f539bef8c3f919874e9d7.jpeg\",\"width\":1080,\"height\":513,\"caption\":\"Doa\u00e7\u00e3o de alimentos para Fundo Social de Solidariedade. Cr\u00e9dito: Reprodu\u00e7\u00e3o\"},{\"@type\":\"WebSite\",\"@id\":\"https:\\\/\\\/redenoticiaz.com.br\\\/ribeiraopreto-regiao\\\/#website\",\"url\":\"https:\\\/\\\/redenoticiaz.com.br\\\/ribeiraopreto-regiao\\\/\",\"name\":\"Ribeir\u00e3o Preto e Regi\u00e3o\",\"description\":\"Rede NoticiaZ - Ribeir\u00e3o Preto e regi\u00e3o\",\"publisher\":{\"@id\":\"https:\\\/\\\/redenoticiaz.com.br\\\/ribeiraopreto-regiao\\\/#organization\"},\"potentialAction\":[{\"@type\":\"SearchAction\",\"target\":{\"@type\":\"EntryPoint\",\"urlTemplate\":\"https:\\\/\\\/redenoticiaz.com.br\\\/ribeiraopreto-regiao\\\/?s={search_term_string}\"},\"query-input\":{\"@type\":\"PropertyValueSpecification\",\"valueRequired\":true,\"valueName\":\"search_term_string\"}}],\"inLanguage\":\"pt-BR\"},{\"@type\":\"Organization\",\"@id\":\"https:\\\/\\\/redenoticiaz.com.br\\\/ribeiraopreto-regiao\\\/#organization\",\"name\":\"Ribeir\u00e3o Preto e Regi\u00e3o\",\"url\":\"https:\\\/\\\/redenoticiaz.com.br\\\/ribeiraopreto-regiao\\\/\",\"logo\":{\"@type\":\"ImageObject\",\"inLanguage\":\"pt-BR\",\"@id\":\"https:\\\/\\\/redenoticiaz.com.br\\\/ribeiraopreto-regiao\\\/#\\\/schema\\\/logo\\\/image\\\/\",\"url\":\"https:\\\/\\\/redenoticiaz.com.br\\\/barretos-regiao\\\/wp-content\\\/uploads\\\/sites\\\/4\\\/2022\\\/02\\\/logo.jpg\",\"contentUrl\":\"https:\\\/\\\/redenoticiaz.com.br\\\/barretos-regiao\\\/wp-content\\\/uploads\\\/sites\\\/4\\\/2022\\\/02\\\/logo.jpg\",\"width\":400,\"height\":250,\"caption\":\"Ribeir\u00e3o Preto e Regi\u00e3o\"},\"image\":{\"@id\":\"https:\\\/\\\/redenoticiaz.com.br\\\/ribeiraopreto-regiao\\\/#\\\/schema\\\/logo\\\/image\\\/\"},\"sameAs\":[\"https:\\\/\\\/m.facebook.com\\\/redenoticiaz.barretos\",\"https:\\\/\\\/x.com\\\/RN_barretos\",\"https:\\\/\\\/www.instagram.com\\\/redenoticiaz.barretos\\\/?igshid=YmMyMTA2M2Y\",\"https:\\\/\\\/www.linkedin.com\\\/company\\\/rede-noticiaz-barretos-e-regio\\\/\"]},{\"@type\":\"Person\",\"@id\":\"\",\"url\":\"https:\\\/\\\/redenoticiaz.com.br\\\/ribeiraopreto-regiao\\\/sp\\\/author\"}]}<\/script>\n<!-- \/ Yoast SEO plugin. -->","yoast_head_json":{"title":"North Shopping arrecada alimentos para o Fundo Social de Solidariedade durante Campanha de Natal 2022 - Ribeir\u00e3o Preto e Regi\u00e3o","description":"O Fundo Social de Solidariedade (FSS) da Est\u00e2ncia Tur\u00edstica de Barretos ser\u00e1 beneficiado com a doa\u00e7\u00e3o de alimentos arrecadados pela campanha","robots":{"index":"index","follow":"follow","max-snippet":"max-snippet:-1","max-image-preview":"max-image-preview:large","max-video-preview":"max-video-preview:-1"},"canonical":"https:\/\/redenoticiaz.com.br\/ribeiraopreto-regiao\/sp\/2022\/11\/09\/north-shopping-arrecada-alimentos-para-o-fundo-social-de-solidariedade-durante-campanha-de-natal-2022","og_locale":"pt_BR","og_type":"article","og_title":"North Shopping arrecada alimentos para o Fundo Social de Solidariedade durante Campanha de Natal 2022 - Ribeir\u00e3o Preto e Regi\u00e3o","og_description":"O Fundo Social de Solidariedade (FSS) da Est\u00e2ncia Tur\u00edstica de Barretos ser\u00e1 beneficiado com a doa\u00e7\u00e3o de alimentos arrecadados pela campanha","og_url":"https:\/\/redenoticiaz.com.br\/ribeiraopreto-regiao\/sp\/2022\/11\/09\/north-shopping-arrecada-alimentos-para-o-fundo-social-de-solidariedade-durante-campanha-de-natal-2022","og_site_name":"Ribeir\u00e3o Preto e Regi\u00e3o","article_publisher":"https:\/\/m.facebook.com\/redenoticiaz.barretos","article_published_time":"2022-11-09T18:05:13+00:00","og_image":[{"width":1080,"height":513,"url":"https:\/\/redenoticiaz.com.br\/ribeiraopreto-regiao\/wp-content\/uploads\/sites\/4\/2022\/11\/cedebb6e872f539bef8c3f919874e9d7.jpeg","type":"image\/jpeg"}],"twitter_card":"summary_large_image","twitter_creator":"@RN_barretos","twitter_site":"@RN_barretos","twitter_misc":{"Escrito por":"","Est. tempo de leitura":"2 minutos"},"schema":{"@context":"https:\/\/schema.org","@graph":[{"@type":"Article","@id":"https:\/\/redenoticiaz.com.br\/ribeiraopreto-regiao\/sp\/2022\/11\/09\/north-shopping-arrecada-alimentos-para-o-fundo-social-de-solidariedade-durante-campanha-de-natal-2022#article","isPartOf":{"@id":"https:\/\/redenoticiaz.com.br\/ribeiraopreto-regiao\/sp\/2022\/11\/09\/north-shopping-arrecada-alimentos-para-o-fundo-social-de-solidariedade-durante-campanha-de-natal-2022"},"author":{"name":"","@id":""},"headline":"North Shopping arrecada alimentos para o Fundo Social de Solidariedade durante Campanha de Natal 2022","datePublished":"2022-11-09T18:05:13+00:00","mainEntityOfPage":{"@id":"https:\/\/redenoticiaz.com.br\/ribeiraopreto-regiao\/sp\/2022\/11\/09\/north-shopping-arrecada-alimentos-para-o-fundo-social-de-solidariedade-durante-campanha-de-natal-2022"},"wordCount":233,"commentCount":0,"publisher":{"@id":"https:\/\/redenoticiaz.com.br\/ribeiraopreto-regiao\/#organization"},"image":{"@id":"https:\/\/redenoticiaz.com.br\/ribeiraopreto-regiao\/sp\/2022\/11\/09\/north-shopping-arrecada-alimentos-para-o-fundo-social-de-solidariedade-durante-campanha-de-natal-2022#primaryimage"},"thumbnailUrl":"https:\/\/redenoticiaz.com.br\/ribeiraopreto-regiao\/wp-content\/uploads\/sites\/4\/2022\/11\/cedebb6e872f539bef8c3f919874e9d7.jpeg","keywords":["doa\u00e7\u00e3o","FUNDO SOCIAL","NORTH SHOPPING","sorteio"],"articleSection":["A\u00e7\u00e3o Social"],"inLanguage":"pt-BR","potentialAction":[{"@type":"CommentAction","name":"Comment","target":["https:\/\/redenoticiaz.com.br\/ribeiraopreto-regiao\/sp\/2022\/11\/09\/north-shopping-arrecada-alimentos-para-o-fundo-social-de-solidariedade-durante-campanha-de-natal-2022#respond"]}]},{"@type":"WebPage","@id":"https:\/\/redenoticiaz.com.br\/ribeiraopreto-regiao\/sp\/2022\/11\/09\/north-shopping-arrecada-alimentos-para-o-fundo-social-de-solidariedade-durante-campanha-de-natal-2022","url":"https:\/\/redenoticiaz.com.br\/ribeiraopreto-regiao\/sp\/2022\/11\/09\/north-shopping-arrecada-alimentos-para-o-fundo-social-de-solidariedade-durante-campanha-de-natal-2022","name":"North Shopping arrecada alimentos para o Fundo Social de Solidariedade durante Campanha de Natal 2022 - Ribeir\u00e3o Preto e Regi\u00e3o","isPartOf":{"@id":"https:\/\/redenoticiaz.com.br\/ribeiraopreto-regiao\/#website"},"primaryImageOfPage":{"@id":"https:\/\/redenoticiaz.com.br\/ribeiraopreto-regiao\/sp\/2022\/11\/09\/north-shopping-arrecada-alimentos-para-o-fundo-social-de-solidariedade-durante-campanha-de-natal-2022#primaryimage"},"image":{"@id":"https:\/\/redenoticiaz.com.br\/ribeiraopreto-regiao\/sp\/2022\/11\/09\/north-shopping-arrecada-alimentos-para-o-fundo-social-de-solidariedade-durante-campanha-de-natal-2022#primaryimage"},"thumbnailUrl":"https:\/\/redenoticiaz.com.br\/ribeiraopreto-regiao\/wp-content\/uploads\/sites\/4\/2022\/11\/cedebb6e872f539bef8c3f919874e9d7.jpeg","datePublished":"2022-11-09T18:05:13+00:00","description":"O Fundo Social de Solidariedade (FSS) da Est\u00e2ncia Tur\u00edstica de Barretos ser\u00e1 beneficiado com a doa\u00e7\u00e3o de alimentos arrecadados pela campanha","inLanguage":"pt-BR","potentialAction":[{"@type":"ReadAction","target":["https:\/\/redenoticiaz.com.br\/ribeiraopreto-regiao\/sp\/2022\/11\/09\/north-shopping-arrecada-alimentos-para-o-fundo-social-de-solidariedade-durante-campanha-de-natal-2022"]}]},{"@type":"ImageObject","inLanguage":"pt-BR","@id":"https:\/\/redenoticiaz.com.br\/ribeiraopreto-regiao\/sp\/2022\/11\/09\/north-shopping-arrecada-alimentos-para-o-fundo-social-de-solidariedade-durante-campanha-de-natal-2022#primaryimage","url":"https:\/\/redenoticiaz.com.br\/ribeiraopreto-regiao\/wp-content\/uploads\/sites\/4\/2022\/11\/cedebb6e872f539bef8c3f919874e9d7.jpeg","contentUrl":"https:\/\/redenoticiaz.com.br\/ribeiraopreto-regiao\/wp-content\/uploads\/sites\/4\/2022\/11\/cedebb6e872f539bef8c3f919874e9d7.jpeg","width":1080,"height":513,"caption":"Doa\u00e7\u00e3o de alimentos para Fundo Social de Solidariedade. Cr\u00e9dito: Reprodu\u00e7\u00e3o"},{"@type":"WebSite","@id":"https:\/\/redenoticiaz.com.br\/ribeiraopreto-regiao\/#website","url":"https:\/\/redenoticiaz.com.br\/ribeiraopreto-regiao\/","name":"Ribeir\u00e3o Preto e Regi\u00e3o","description":"Rede NoticiaZ - Ribeir\u00e3o Preto e regi\u00e3o","publisher":{"@id":"https:\/\/redenoticiaz.com.br\/ribeiraopreto-regiao\/#organization"},"potentialAction":[{"@type":"SearchAction","target":{"@type":"EntryPoint","urlTemplate":"https:\/\/redenoticiaz.com.br\/ribeiraopreto-regiao\/?s={search_term_string}"},"query-input":{"@type":"PropertyValueSpecification","valueRequired":true,"valueName":"search_term_string"}}],"inLanguage":"pt-BR"},{"@type":"Organization","@id":"https:\/\/redenoticiaz.com.br\/ribeiraopreto-regiao\/#organization","name":"Ribeir\u00e3o Preto e Regi\u00e3o","url":"https:\/\/redenoticiaz.com.br\/ribeiraopreto-regiao\/","logo":{"@type":"ImageObject","inLanguage":"pt-BR","@id":"https:\/\/redenoticiaz.com.br\/ribeiraopreto-regiao\/#\/schema\/logo\/image\/","url":"https:\/\/redenoticiaz.com.br\/barretos-regiao\/wp-content\/uploads\/sites\/4\/2022\/02\/logo.jpg","contentUrl":"https:\/\/redenoticiaz.com.br\/barretos-regiao\/wp-content\/uploads\/sites\/4\/2022\/02\/logo.jpg","width":400,"height":250,"caption":"Ribeir\u00e3o Preto e Regi\u00e3o"},"image":{"@id":"https:\/\/redenoticiaz.com.br\/ribeiraopreto-regiao\/#\/schema\/logo\/image\/"},"sameAs":["https:\/\/m.facebook.com\/redenoticiaz.barretos","https:\/\/x.com\/RN_barretos","https:\/\/www.instagram.com\/redenoticiaz.barretos\/?igshid=YmMyMTA2M2Y","https:\/\/www.linkedin.com\/company\/rede-noticiaz-barretos-e-regio\/"]},{"@type":"Person","@id":"","url":"https:\/\/redenoticiaz.com.br\/ribeiraopreto-regiao\/sp\/author"}]}},"_links":{"self":[{"href":"https:\/\/redenoticiaz.com.br\/ribeiraopreto-regiao\/wp-json\/wp\/v2\/posts\/94747","targetHints":{"allow":["GET"]}}],"collection":[{"href":"https:\/\/redenoticiaz.com.br\/ribeiraopreto-regiao\/wp-json\/wp\/v2\/posts"}],"about":[{"href":"https:\/\/redenoticiaz.com.br\/ribeiraopreto-regiao\/wp-json\/wp\/v2\/types\/post"}],"author":[{"embeddable":true,"href":"https:\/\/redenoticiaz.com.br\/ribeiraopreto-regiao\/wp-json\/wp\/v2\/users\/15"}],"replies":[{"embeddable":true,"href":"https:\/\/redenoticiaz.com.br\/ribeiraopreto-regiao\/wp-json\/wp\/v2\/comments?post=94747"}],"version-history":[{"count":1,"href":"https:\/\/redenoticiaz.com.br\/ribeiraopreto-regiao\/wp-json\/wp\/v2\/posts\/94747\/revisions"}],"predecessor-version":[{"id":94749,"href":"https:\/\/redenoticiaz.com.br\/ribeiraopreto-regiao\/wp-json\/wp\/v2\/posts\/94747\/revisions\/94749"}],"wp:featuredmedia":[{"embeddable":true,"href":"https:\/\/redenoticiaz.com.br\/ribeiraopreto-regiao\/wp-json\/wp\/v2\/media\/94748"}],"wp:attachment":[{"href":"https:\/\/redenoticiaz.com.br\/ribeiraopreto-regiao\/wp-json\/wp\/v2\/media?parent=94747"}],"wp:term":[{"taxonomy":"category","embeddable":true,"href":"https:\/\/redenoticiaz.com.br\/ribeiraopreto-regiao\/wp-json\/wp\/v2\/categories?post=94747"},{"taxonomy":"post_tag","embeddable":true,"href":"https:\/\/redenoticiaz.com.br\/ribeiraopreto-regiao\/wp-json\/wp\/v2\/tags?post=94747"}],"curies":[{"name":"wp","href":"https:\/\/api.w.org\/{rel}","templated":true}]}}