{"id":94754,"date":"2022-11-09T15:56:39","date_gmt":"2022-11-09T18:56:39","guid":{"rendered":"https:\/\/redenoticiaz.com.br\/barretos-regiao\/?p=94754"},"modified":"2022-11-09T15:56:39","modified_gmt":"2022-11-09T18:56:39","slug":"olimpeses-fiquem-atentos-para-solicitar-isencao-do-iptu","status":"publish","type":"post","link":"https:\/\/redenoticiaz.com.br\/ribeiraopreto-regiao\/sp\/2022\/11\/09\/olimpeses-fiquem-atentos-para-solicitar-isencao-do-iptu","title":{"rendered":"Olimpenses fiquem atentos para solicitar isen\u00e7\u00e3o do IPTU"},"content":{"rendered":"<p class=\"v1MsoNormal\"><span style=\"font-family: arial, sans-serif\">Com o objetivo de beneficiar os contribuintes que atendem aos crit\u00e9rios de isen\u00e7\u00e3o do IPTU \u2013 Imposto Predial e Territorial Urbano ou dos programas de incentivo fiscal da Est\u00e2ncia Tur\u00edstica de Ol\u00edmpia, a Prefeitura, por meio da secretaria de Planejamento e Finan\u00e7as, refor\u00e7a o prazo para requisi\u00e7\u00f5es.<\/span><\/p>\n<p class=\"v1MsoNormal\"><span style=\"font-family: arial, sans-serif\">Com isso, o cidad\u00e3o interessado deve estar atento \u00e0s condi\u00e7\u00f5es e protocolar os requerimentos at\u00e9 o dia 30 de novembro, conforme consta na legisla\u00e7<span lang=\"EN-US\">\u00e3o<\/span>, para serem avaliadas e validadas para 2023. Vale ressaltar que o atendimento ao\u00a0<span lang=\"EN-US\">cidad\u00e3o olimpiense<\/span>\u00a0agora funciona no pr\u00e9dio do Poupatempo, na Avenida Harry Giannecchini, 1691 &#8211; Jardim Toledo, de segunda a sexta-feira, das 9h \u00e0s 17h, e aos s\u00e1bados, das 9h \u00e0s 13h.<\/span><\/p>\n<p class=\"v1MsoNormal\"><span style=\"font-family: arial, sans-serif\">Entre os benef\u00edcios est\u00e1 a\u00a0<b>Isen\u00e7\u00e3o do IPTU<\/b>\u00a0concedida a grupos espec\u00edficos, que necessitam apresentar documenta\u00e7\u00e3o comprobat\u00f3ria da situa\u00e7\u00e3o no ato do protocolo da solicita\u00e7\u00e3o. O p\u00fablico contemplado e os requisitos podem ser conferidos no site da Prefeitura.<\/span><\/p>\n<p class=\"v1MsoNormal\"><span style=\"font-family: arial, sans-serif\">O contribuinte pode ser beneficiado tamb\u00e9m pelo\u00a0<b>Programa FIC Verde<\/b>, que concede desconto de 2% no valor do imposto para im\u00f3veis que tenham ao menos uma \u00e1rvore de pequeno ou grande porte, devendo o propriet\u00e1rio comprovar a exist\u00eancia da \u00e1rvore ou arbusto. Para os im\u00f3veis sem edifica\u00e7\u00f5es, o desconto do FIC Verde ser\u00e1 concedido se comprovado o plantio de \u00e1rvore na cal\u00e7ada e se o im\u00f3vel estiver ro\u00e7ado.<\/span><\/p>\n<p class=\"v1MsoNormal\"><span style=\"font-family: arial, sans-serif\">Outro incentivo fiscal presente no munic\u00edpio \u00e9 para o morador que contribui com a ado\u00e7\u00e3o respons\u00e1vel de animais. Segundo a Lei Municipal 4.610\/2021, o programa\u00a0<b>&#8220;Animal Amigo&#8221;<\/b>\u00a0pode conceder desconto de 1% para contribuintes que adotarem c\u00e3es ou gatos do Centro de Acolhimento Animal ou em feiras de ado\u00e7\u00e3o promovidas por ONGs, devidamente inscritas no munic\u00edpio\u00a0ou ainda mediante comprova\u00e7\u00e3o de acolhimento de animal abandonado em\u00a0vias p\u00fablicas.<\/span><\/p>\n<p class=\"v1MsoNormal\"><span style=\"font-family: arial, sans-serif\">O desconto ser\u00e1 autorizado mediante cadastro do contribuinte que acolheu o animal junto \u00e0 Divis\u00e3o de Meio Ambiente,\u00a0<span lang=\"EN-US\">da Secretaria de Zeladoria e Meio Ambiente<\/span>que ser\u00e1 encaminhado ao Conselho Municipal de Prote\u00e7\u00e3o de Animais Dom\u00e9sticos, \u00f3rg\u00e3o que ir\u00e1 avaliar a ado\u00e7\u00e3o e, caso o parecer seja positivo, ser\u00e1 encaminhado \u00e0 secretaria de Planejamento e Finan\u00e7as para concess\u00e3o do desconto no valor do IPTU. Vale ressaltar que o desconto ser\u00e1 usufru\u00eddo no exerc\u00edcio seguinte \u00e0 ado\u00e7\u00e3o, devendo o mesmo ser solicitado\u00a0<b>anualmente<\/b>\u00a0pelo contribuinte, tendo os \u00f3rg\u00e3os respons\u00e1veis autoriza\u00e7\u00e3o para verificar a integridade do animal.<\/span><\/p>\n<p class=\"v1MsoNormal\"><span style=\"font-family: arial, sans-serif\">Al\u00e9m desses benef\u00edcios, o munic\u00edpio tamb\u00e9m conta com o\u00a0<b>Programa FIC Azul<\/b>, que garante desconto autom\u00e1tico de 10% no valor do IPTU 202<span lang=\"EN-US\">3<\/span>\u00a0para todos os contribuintes que estiverem adimplentes com o imposto vigente,\u00a0<span lang=\"EN-US\">no exerc\u00edcio,\u00a0<\/span>lembrando que o benef\u00edcio vale tanto para o cidad\u00e3o que opta pelo pagamento \u00e0 vista como pelo parcelado.<\/span><\/p>\n<p class=\"v1MsoNormal\"><span style=\"font-family: arial, sans-serif\">A rela\u00e7\u00e3o de documentos, requisitos necess\u00e1rios e os requerimentos est\u00e3o dispon\u00edveis no site da Prefeitura,\u00a0<a href=\"http:\/\/www.olimpia.sp.gov.br\/\" target=\"_blank\" rel=\"noopener noreferrer\">www.olimpia.sp.gov.br<\/a>,\u00a0na aba &#8220;CIDAD\u00c3O&#8221;. Todos os casos passar\u00e3o por an\u00e1lise da secretaria de Planejamento e Finan\u00e7as.<\/span><\/p>\n<p>VEJA TAMB\u00c9M:\u00a0<a href=\"https:\/\/redenoticiaz.com.br\/barretos-regiao\/sp\/2022\/11\/09\/ubss-e-usfs-barretos-realizam-multivacinacao\">UBSs e USFs Barretos realizam multivacina\u00e7\u00e3o<\/a><\/p>\n<p>&nbsp;<\/p>\n","protected":false},"excerpt":{"rendered":"<p>Com o objetivo de beneficiar os contribuintes que atendem aos crit\u00e9rios de isen\u00e7\u00e3o do IPTU \u2013 Imposto Predial e Territorial Urbano ou dos programas de incentivo fiscal da Est\u00e2ncia Tur\u00edstica de Ol\u00edmpia, a Prefeitura, por meio da secretaria de Planejamento e Finan\u00e7as, refor\u00e7a o prazo para requisi\u00e7\u00f5es. Com isso, o cidad\u00e3o interessado deve estar atento &hellip;<\/p>\n","protected":false},"author":15,"featured_media":94758,"comment_status":"open","ping_status":"closed","sticky":false,"template":"","format":"standard","meta":{"footnotes":""},"categories":[101],"tags":[1086,21887,21886,21888],"class_list":["post-94754","post","type-post","status-publish","format-standard","has-post-thumbnail","hentry","category-economia","tag-iptu","tag-ongs","tag-programa-fic-azul","tag-solicitar-isencao"],"yoast_head":"<!-- This site is optimized with the Yoast SEO plugin v27.4 - https:\/\/yoast.com\/product\/yoast-seo-wordpress\/ -->\n<title>Olimpenses fiquem atentos para solicitar isen\u00e7\u00e3o do IPTU - Ribeir\u00e3o Preto e Regi\u00e3o<\/title>\n<meta name=\"description\" content=\"Com o objetivo de beneficiar os contribuintes que atendem aos crit\u00e9rios de isen\u00e7\u00e3o do Imposto Predial e Territorial Urbano ou dos programas de incentivo fiscal\" \/>\n<meta name=\"robots\" content=\"index, follow, max-snippet:-1, max-image-preview:large, max-video-preview:-1\" \/>\n<link rel=\"canonical\" href=\"https:\/\/redenoticiaz.com.br\/ribeiraopreto-regiao\/sp\/2022\/11\/09\/olimpeses-fiquem-atentos-para-solicitar-isencao-do-iptu\" \/>\n<meta property=\"og:locale\" content=\"pt_BR\" \/>\n<meta property=\"og:type\" content=\"article\" \/>\n<meta property=\"og:title\" content=\"Olimpenses fiquem atentos para solicitar isen\u00e7\u00e3o do IPTU - Ribeir\u00e3o Preto e Regi\u00e3o\" \/>\n<meta property=\"og:description\" content=\"Com o objetivo de beneficiar os contribuintes que atendem aos crit\u00e9rios de isen\u00e7\u00e3o do Imposto Predial e Territorial Urbano ou dos programas de incentivo fiscal\" \/>\n<meta property=\"og:url\" content=\"https:\/\/redenoticiaz.com.br\/ribeiraopreto-regiao\/sp\/2022\/11\/09\/olimpeses-fiquem-atentos-para-solicitar-isencao-do-iptu\" \/>\n<meta property=\"og:site_name\" content=\"Ribeir\u00e3o Preto e Regi\u00e3o\" \/>\n<meta property=\"article:publisher\" content=\"https:\/\/m.facebook.com\/redenoticiaz.barretos\" \/>\n<meta property=\"article:published_time\" content=\"2022-11-09T18:56:39+00:00\" \/>\n<meta property=\"og:image\" content=\"https:\/\/redenoticiaz.com.br\/ribeiraopreto-regiao\/wp-content\/uploads\/sites\/4\/2022\/11\/Aerea-Olimpia-2-scaled.jpg\" \/>\n\t<meta property=\"og:image:width\" content=\"1803\" \/>\n\t<meta property=\"og:image:height\" content=\"1080\" \/>\n\t<meta property=\"og:image:type\" content=\"image\/jpeg\" \/>\n<meta name=\"twitter:card\" content=\"summary_large_image\" \/>\n<meta name=\"twitter:creator\" content=\"@RN_barretos\" \/>\n<meta name=\"twitter:site\" content=\"@RN_barretos\" \/>\n<meta name=\"twitter:label1\" content=\"Escrito por\" \/>\n\t<meta name=\"twitter:data1\" content=\"\" \/>\n\t<meta name=\"twitter:label2\" content=\"Est. tempo de leitura\" \/>\n\t<meta name=\"twitter:data2\" content=\"3 minutos\" \/>\n<script type=\"application\/ld+json\" class=\"yoast-schema-graph\">{\"@context\":\"https:\\\/\\\/schema.org\",\"@graph\":[{\"@type\":\"Article\",\"@id\":\"https:\\\/\\\/redenoticiaz.com.br\\\/ribeiraopreto-regiao\\\/sp\\\/2022\\\/11\\\/09\\\/olimpeses-fiquem-atentos-para-solicitar-isencao-do-iptu#article\",\"isPartOf\":{\"@id\":\"https:\\\/\\\/redenoticiaz.com.br\\\/ribeiraopreto-regiao\\\/sp\\\/2022\\\/11\\\/09\\\/olimpeses-fiquem-atentos-para-solicitar-isencao-do-iptu\"},\"author\":{\"name\":\"\",\"@id\":\"\"},\"headline\":\"Olimpenses fiquem atentos para solicitar isen\u00e7\u00e3o do IPTU\",\"datePublished\":\"2022-11-09T18:56:39+00:00\",\"mainEntityOfPage\":{\"@id\":\"https:\\\/\\\/redenoticiaz.com.br\\\/ribeiraopreto-regiao\\\/sp\\\/2022\\\/11\\\/09\\\/olimpeses-fiquem-atentos-para-solicitar-isencao-do-iptu\"},\"wordCount\":546,\"commentCount\":0,\"publisher\":{\"@id\":\"https:\\\/\\\/redenoticiaz.com.br\\\/ribeiraopreto-regiao\\\/#organization\"},\"image\":{\"@id\":\"https:\\\/\\\/redenoticiaz.com.br\\\/ribeiraopreto-regiao\\\/sp\\\/2022\\\/11\\\/09\\\/olimpeses-fiquem-atentos-para-solicitar-isencao-do-iptu#primaryimage\"},\"thumbnailUrl\":\"https:\\\/\\\/redenoticiaz.com.br\\\/ribeiraopreto-regiao\\\/wp-content\\\/uploads\\\/sites\\\/4\\\/2022\\\/11\\\/Aerea-Olimpia-2-scaled.jpg\",\"keywords\":[\"IPTU\",\"ONGS\",\"PROGRAMA FIC AZUL\",\"SOLICITAR ISEN\u00c7\u00c3O\"],\"articleSection\":[\"Economia\"],\"inLanguage\":\"pt-BR\",\"potentialAction\":[{\"@type\":\"CommentAction\",\"name\":\"Comment\",\"target\":[\"https:\\\/\\\/redenoticiaz.com.br\\\/ribeiraopreto-regiao\\\/sp\\\/2022\\\/11\\\/09\\\/olimpeses-fiquem-atentos-para-solicitar-isencao-do-iptu#respond\"]}]},{\"@type\":\"WebPage\",\"@id\":\"https:\\\/\\\/redenoticiaz.com.br\\\/ribeiraopreto-regiao\\\/sp\\\/2022\\\/11\\\/09\\\/olimpeses-fiquem-atentos-para-solicitar-isencao-do-iptu\",\"url\":\"https:\\\/\\\/redenoticiaz.com.br\\\/ribeiraopreto-regiao\\\/sp\\\/2022\\\/11\\\/09\\\/olimpeses-fiquem-atentos-para-solicitar-isencao-do-iptu\",\"name\":\"Olimpenses fiquem atentos para solicitar isen\u00e7\u00e3o do IPTU - Ribeir\u00e3o Preto e Regi\u00e3o\",\"isPartOf\":{\"@id\":\"https:\\\/\\\/redenoticiaz.com.br\\\/ribeiraopreto-regiao\\\/#website\"},\"primaryImageOfPage\":{\"@id\":\"https:\\\/\\\/redenoticiaz.com.br\\\/ribeiraopreto-regiao\\\/sp\\\/2022\\\/11\\\/09\\\/olimpeses-fiquem-atentos-para-solicitar-isencao-do-iptu#primaryimage\"},\"image\":{\"@id\":\"https:\\\/\\\/redenoticiaz.com.br\\\/ribeiraopreto-regiao\\\/sp\\\/2022\\\/11\\\/09\\\/olimpeses-fiquem-atentos-para-solicitar-isencao-do-iptu#primaryimage\"},\"thumbnailUrl\":\"https:\\\/\\\/redenoticiaz.com.br\\\/ribeiraopreto-regiao\\\/wp-content\\\/uploads\\\/sites\\\/4\\\/2022\\\/11\\\/Aerea-Olimpia-2-scaled.jpg\",\"datePublished\":\"2022-11-09T18:56:39+00:00\",\"description\":\"Com o objetivo de beneficiar os contribuintes que atendem aos crit\u00e9rios de isen\u00e7\u00e3o do Imposto Predial e Territorial Urbano ou dos programas de incentivo fiscal\",\"inLanguage\":\"pt-BR\",\"potentialAction\":[{\"@type\":\"ReadAction\",\"target\":[\"https:\\\/\\\/redenoticiaz.com.br\\\/ribeiraopreto-regiao\\\/sp\\\/2022\\\/11\\\/09\\\/olimpeses-fiquem-atentos-para-solicitar-isencao-do-iptu\"]}]},{\"@type\":\"ImageObject\",\"inLanguage\":\"pt-BR\",\"@id\":\"https:\\\/\\\/redenoticiaz.com.br\\\/ribeiraopreto-regiao\\\/sp\\\/2022\\\/11\\\/09\\\/olimpeses-fiquem-atentos-para-solicitar-isencao-do-iptu#primaryimage\",\"url\":\"https:\\\/\\\/redenoticiaz.com.br\\\/ribeiraopreto-regiao\\\/wp-content\\\/uploads\\\/sites\\\/4\\\/2022\\\/11\\\/Aerea-Olimpia-2-scaled.jpg\",\"contentUrl\":\"https:\\\/\\\/redenoticiaz.com.br\\\/ribeiraopreto-regiao\\\/wp-content\\\/uploads\\\/sites\\\/4\\\/2022\\\/11\\\/Aerea-Olimpia-2-scaled.jpg\",\"width\":1803,\"height\":1080,\"caption\":\"Cr\u00e9dito: Divulga\u00e7\u00e3o\"},{\"@type\":\"WebSite\",\"@id\":\"https:\\\/\\\/redenoticiaz.com.br\\\/ribeiraopreto-regiao\\\/#website\",\"url\":\"https:\\\/\\\/redenoticiaz.com.br\\\/ribeiraopreto-regiao\\\/\",\"name\":\"Ribeir\u00e3o Preto e Regi\u00e3o\",\"description\":\"Rede NoticiaZ - Ribeir\u00e3o Preto e regi\u00e3o\",\"publisher\":{\"@id\":\"https:\\\/\\\/redenoticiaz.com.br\\\/ribeiraopreto-regiao\\\/#organization\"},\"potentialAction\":[{\"@type\":\"SearchAction\",\"target\":{\"@type\":\"EntryPoint\",\"urlTemplate\":\"https:\\\/\\\/redenoticiaz.com.br\\\/ribeiraopreto-regiao\\\/?s={search_term_string}\"},\"query-input\":{\"@type\":\"PropertyValueSpecification\",\"valueRequired\":true,\"valueName\":\"search_term_string\"}}],\"inLanguage\":\"pt-BR\"},{\"@type\":\"Organization\",\"@id\":\"https:\\\/\\\/redenoticiaz.com.br\\\/ribeiraopreto-regiao\\\/#organization\",\"name\":\"Ribeir\u00e3o Preto e Regi\u00e3o\",\"url\":\"https:\\\/\\\/redenoticiaz.com.br\\\/ribeiraopreto-regiao\\\/\",\"logo\":{\"@type\":\"ImageObject\",\"inLanguage\":\"pt-BR\",\"@id\":\"https:\\\/\\\/redenoticiaz.com.br\\\/ribeiraopreto-regiao\\\/#\\\/schema\\\/logo\\\/image\\\/\",\"url\":\"https:\\\/\\\/redenoticiaz.com.br\\\/barretos-regiao\\\/wp-content\\\/uploads\\\/sites\\\/4\\\/2022\\\/02\\\/logo.jpg\",\"contentUrl\":\"https:\\\/\\\/redenoticiaz.com.br\\\/barretos-regiao\\\/wp-content\\\/uploads\\\/sites\\\/4\\\/2022\\\/02\\\/logo.jpg\",\"width\":400,\"height\":250,\"caption\":\"Ribeir\u00e3o Preto e Regi\u00e3o\"},\"image\":{\"@id\":\"https:\\\/\\\/redenoticiaz.com.br\\\/ribeiraopreto-regiao\\\/#\\\/schema\\\/logo\\\/image\\\/\"},\"sameAs\":[\"https:\\\/\\\/m.facebook.com\\\/redenoticiaz.barretos\",\"https:\\\/\\\/x.com\\\/RN_barretos\",\"https:\\\/\\\/www.instagram.com\\\/redenoticiaz.barretos\\\/?igshid=YmMyMTA2M2Y\",\"https:\\\/\\\/www.linkedin.com\\\/company\\\/rede-noticiaz-barretos-e-regio\\\/\"]},{\"@type\":\"Person\",\"@id\":\"\",\"url\":\"https:\\\/\\\/redenoticiaz.com.br\\\/ribeiraopreto-regiao\\\/sp\\\/author\"}]}<\/script>\n<!-- \/ Yoast SEO plugin. -->","yoast_head_json":{"title":"Olimpenses fiquem atentos para solicitar isen\u00e7\u00e3o do IPTU - Ribeir\u00e3o Preto e Regi\u00e3o","description":"Com o objetivo de beneficiar os contribuintes que atendem aos crit\u00e9rios de isen\u00e7\u00e3o do Imposto Predial e Territorial Urbano ou dos programas de incentivo fiscal","robots":{"index":"index","follow":"follow","max-snippet":"max-snippet:-1","max-image-preview":"max-image-preview:large","max-video-preview":"max-video-preview:-1"},"canonical":"https:\/\/redenoticiaz.com.br\/ribeiraopreto-regiao\/sp\/2022\/11\/09\/olimpeses-fiquem-atentos-para-solicitar-isencao-do-iptu","og_locale":"pt_BR","og_type":"article","og_title":"Olimpenses fiquem atentos para solicitar isen\u00e7\u00e3o do IPTU - Ribeir\u00e3o Preto e Regi\u00e3o","og_description":"Com o objetivo de beneficiar os contribuintes que atendem aos crit\u00e9rios de isen\u00e7\u00e3o do Imposto Predial e Territorial Urbano ou dos programas de incentivo fiscal","og_url":"https:\/\/redenoticiaz.com.br\/ribeiraopreto-regiao\/sp\/2022\/11\/09\/olimpeses-fiquem-atentos-para-solicitar-isencao-do-iptu","og_site_name":"Ribeir\u00e3o Preto e Regi\u00e3o","article_publisher":"https:\/\/m.facebook.com\/redenoticiaz.barretos","article_published_time":"2022-11-09T18:56:39+00:00","og_image":[{"width":1803,"height":1080,"url":"https:\/\/redenoticiaz.com.br\/ribeiraopreto-regiao\/wp-content\/uploads\/sites\/4\/2022\/11\/Aerea-Olimpia-2-scaled.jpg","type":"image\/jpeg"}],"twitter_card":"summary_large_image","twitter_creator":"@RN_barretos","twitter_site":"@RN_barretos","twitter_misc":{"Escrito por":"","Est. tempo de leitura":"3 minutos"},"schema":{"@context":"https:\/\/schema.org","@graph":[{"@type":"Article","@id":"https:\/\/redenoticiaz.com.br\/ribeiraopreto-regiao\/sp\/2022\/11\/09\/olimpeses-fiquem-atentos-para-solicitar-isencao-do-iptu#article","isPartOf":{"@id":"https:\/\/redenoticiaz.com.br\/ribeiraopreto-regiao\/sp\/2022\/11\/09\/olimpeses-fiquem-atentos-para-solicitar-isencao-do-iptu"},"author":{"name":"","@id":""},"headline":"Olimpenses fiquem atentos para solicitar isen\u00e7\u00e3o do IPTU","datePublished":"2022-11-09T18:56:39+00:00","mainEntityOfPage":{"@id":"https:\/\/redenoticiaz.com.br\/ribeiraopreto-regiao\/sp\/2022\/11\/09\/olimpeses-fiquem-atentos-para-solicitar-isencao-do-iptu"},"wordCount":546,"commentCount":0,"publisher":{"@id":"https:\/\/redenoticiaz.com.br\/ribeiraopreto-regiao\/#organization"},"image":{"@id":"https:\/\/redenoticiaz.com.br\/ribeiraopreto-regiao\/sp\/2022\/11\/09\/olimpeses-fiquem-atentos-para-solicitar-isencao-do-iptu#primaryimage"},"thumbnailUrl":"https:\/\/redenoticiaz.com.br\/ribeiraopreto-regiao\/wp-content\/uploads\/sites\/4\/2022\/11\/Aerea-Olimpia-2-scaled.jpg","keywords":["IPTU","ONGS","PROGRAMA FIC AZUL","SOLICITAR ISEN\u00c7\u00c3O"],"articleSection":["Economia"],"inLanguage":"pt-BR","potentialAction":[{"@type":"CommentAction","name":"Comment","target":["https:\/\/redenoticiaz.com.br\/ribeiraopreto-regiao\/sp\/2022\/11\/09\/olimpeses-fiquem-atentos-para-solicitar-isencao-do-iptu#respond"]}]},{"@type":"WebPage","@id":"https:\/\/redenoticiaz.com.br\/ribeiraopreto-regiao\/sp\/2022\/11\/09\/olimpeses-fiquem-atentos-para-solicitar-isencao-do-iptu","url":"https:\/\/redenoticiaz.com.br\/ribeiraopreto-regiao\/sp\/2022\/11\/09\/olimpeses-fiquem-atentos-para-solicitar-isencao-do-iptu","name":"Olimpenses fiquem atentos para solicitar isen\u00e7\u00e3o do IPTU - Ribeir\u00e3o Preto e Regi\u00e3o","isPartOf":{"@id":"https:\/\/redenoticiaz.com.br\/ribeiraopreto-regiao\/#website"},"primaryImageOfPage":{"@id":"https:\/\/redenoticiaz.com.br\/ribeiraopreto-regiao\/sp\/2022\/11\/09\/olimpeses-fiquem-atentos-para-solicitar-isencao-do-iptu#primaryimage"},"image":{"@id":"https:\/\/redenoticiaz.com.br\/ribeiraopreto-regiao\/sp\/2022\/11\/09\/olimpeses-fiquem-atentos-para-solicitar-isencao-do-iptu#primaryimage"},"thumbnailUrl":"https:\/\/redenoticiaz.com.br\/ribeiraopreto-regiao\/wp-content\/uploads\/sites\/4\/2022\/11\/Aerea-Olimpia-2-scaled.jpg","datePublished":"2022-11-09T18:56:39+00:00","description":"Com o objetivo de beneficiar os contribuintes que atendem aos crit\u00e9rios de isen\u00e7\u00e3o do Imposto Predial e Territorial Urbano ou dos programas de incentivo fiscal","inLanguage":"pt-BR","potentialAction":[{"@type":"ReadAction","target":["https:\/\/redenoticiaz.com.br\/ribeiraopreto-regiao\/sp\/2022\/11\/09\/olimpeses-fiquem-atentos-para-solicitar-isencao-do-iptu"]}]},{"@type":"ImageObject","inLanguage":"pt-BR","@id":"https:\/\/redenoticiaz.com.br\/ribeiraopreto-regiao\/sp\/2022\/11\/09\/olimpeses-fiquem-atentos-para-solicitar-isencao-do-iptu#primaryimage","url":"https:\/\/redenoticiaz.com.br\/ribeiraopreto-regiao\/wp-content\/uploads\/sites\/4\/2022\/11\/Aerea-Olimpia-2-scaled.jpg","contentUrl":"https:\/\/redenoticiaz.com.br\/ribeiraopreto-regiao\/wp-content\/uploads\/sites\/4\/2022\/11\/Aerea-Olimpia-2-scaled.jpg","width":1803,"height":1080,"caption":"Cr\u00e9dito: Divulga\u00e7\u00e3o"},{"@type":"WebSite","@id":"https:\/\/redenoticiaz.com.br\/ribeiraopreto-regiao\/#website","url":"https:\/\/redenoticiaz.com.br\/ribeiraopreto-regiao\/","name":"Ribeir\u00e3o Preto e Regi\u00e3o","description":"Rede NoticiaZ - Ribeir\u00e3o Preto e regi\u00e3o","publisher":{"@id":"https:\/\/redenoticiaz.com.br\/ribeiraopreto-regiao\/#organization"},"potentialAction":[{"@type":"SearchAction","target":{"@type":"EntryPoint","urlTemplate":"https:\/\/redenoticiaz.com.br\/ribeiraopreto-regiao\/?s={search_term_string}"},"query-input":{"@type":"PropertyValueSpecification","valueRequired":true,"valueName":"search_term_string"}}],"inLanguage":"pt-BR"},{"@type":"Organization","@id":"https:\/\/redenoticiaz.com.br\/ribeiraopreto-regiao\/#organization","name":"Ribeir\u00e3o Preto e Regi\u00e3o","url":"https:\/\/redenoticiaz.com.br\/ribeiraopreto-regiao\/","logo":{"@type":"ImageObject","inLanguage":"pt-BR","@id":"https:\/\/redenoticiaz.com.br\/ribeiraopreto-regiao\/#\/schema\/logo\/image\/","url":"https:\/\/redenoticiaz.com.br\/barretos-regiao\/wp-content\/uploads\/sites\/4\/2022\/02\/logo.jpg","contentUrl":"https:\/\/redenoticiaz.com.br\/barretos-regiao\/wp-content\/uploads\/sites\/4\/2022\/02\/logo.jpg","width":400,"height":250,"caption":"Ribeir\u00e3o Preto e Regi\u00e3o"},"image":{"@id":"https:\/\/redenoticiaz.com.br\/ribeiraopreto-regiao\/#\/schema\/logo\/image\/"},"sameAs":["https:\/\/m.facebook.com\/redenoticiaz.barretos","https:\/\/x.com\/RN_barretos","https:\/\/www.instagram.com\/redenoticiaz.barretos\/?igshid=YmMyMTA2M2Y","https:\/\/www.linkedin.com\/company\/rede-noticiaz-barretos-e-regio\/"]},{"@type":"Person","@id":"","url":"https:\/\/redenoticiaz.com.br\/ribeiraopreto-regiao\/sp\/author"}]}},"_links":{"self":[{"href":"https:\/\/redenoticiaz.com.br\/ribeiraopreto-regiao\/wp-json\/wp\/v2\/posts\/94754","targetHints":{"allow":["GET"]}}],"collection":[{"href":"https:\/\/redenoticiaz.com.br\/ribeiraopreto-regiao\/wp-json\/wp\/v2\/posts"}],"about":[{"href":"https:\/\/redenoticiaz.com.br\/ribeiraopreto-regiao\/wp-json\/wp\/v2\/types\/post"}],"author":[{"embeddable":true,"href":"https:\/\/redenoticiaz.com.br\/ribeiraopreto-regiao\/wp-json\/wp\/v2\/users\/15"}],"replies":[{"embeddable":true,"href":"https:\/\/redenoticiaz.com.br\/ribeiraopreto-regiao\/wp-json\/wp\/v2\/comments?post=94754"}],"version-history":[{"count":1,"href":"https:\/\/redenoticiaz.com.br\/ribeiraopreto-regiao\/wp-json\/wp\/v2\/posts\/94754\/revisions"}],"predecessor-version":[{"id":94759,"href":"https:\/\/redenoticiaz.com.br\/ribeiraopreto-regiao\/wp-json\/wp\/v2\/posts\/94754\/revisions\/94759"}],"wp:featuredmedia":[{"embeddable":true,"href":"https:\/\/redenoticiaz.com.br\/ribeiraopreto-regiao\/wp-json\/wp\/v2\/media\/94758"}],"wp:attachment":[{"href":"https:\/\/redenoticiaz.com.br\/ribeiraopreto-regiao\/wp-json\/wp\/v2\/media?parent=94754"}],"wp:term":[{"taxonomy":"category","embeddable":true,"href":"https:\/\/redenoticiaz.com.br\/ribeiraopreto-regiao\/wp-json\/wp\/v2\/categories?post=94754"},{"taxonomy":"post_tag","embeddable":true,"href":"https:\/\/redenoticiaz.com.br\/ribeiraopreto-regiao\/wp-json\/wp\/v2\/tags?post=94754"}],"curies":[{"name":"wp","href":"https:\/\/api.w.org\/{rel}","templated":true}]}}