{"id":94927,"date":"2022-11-12T09:51:43","date_gmt":"2022-11-12T12:51:43","guid":{"rendered":"https:\/\/redenoticiaz.com.br\/barretos-regiao\/?p=94927"},"modified":"2022-11-12T09:51:43","modified_gmt":"2022-11-12T12:51:43","slug":"alunos-da-rede-municipal-ampliam-conhecimento-sobre-saneamento-basico-e-reciclagem-em-visita-ao-nea","status":"publish","type":"post","link":"https:\/\/redenoticiaz.com.br\/ribeiraopreto-regiao\/sp\/2022\/11\/12\/alunos-da-rede-municipal-ampliam-conhecimento-sobre-saneamento-basico-e-reciclagem-em-visita-ao-nea","title":{"rendered":"Alunos da rede municipal ampliam conhecimento sobre saneamento b\u00e1sico e reciclagem em visita ao NEA"},"content":{"rendered":"<p>Barretos, por meio das Secretarias Municipais de Educa\u00e7\u00e3o e de Agricultura e Meio Ambiente, retomou nesta semana a visita\u00e7\u00e3o de estudantes ao N\u00facleo de Educa\u00e7\u00e3o Ambiental (NEA). As visitas fazem parte do Projeto &#8220;NEA QUE TE QUERO VERDE&#8221;, que passa a ser desenvolvido pela gest\u00e3o municipal. Nesta primeira etapa s\u00e3o realizadas por crian\u00e7as do 4\u00ba ano da rede municipal de ensino.<\/p>\n<p>Estudantes da Escola Municipal Professor Dorothovio do Nascimento participam das atividades nesta semana. Ao desembarcar do \u00f4nibus escolar, os alunos v\u00eam na pr\u00e1tica como funciona a triagem de res\u00edduos s\u00f3lidos, parte do processo de reciclagem de materiais que est\u00e3o estudando em sala de aula. Eles conhecem o biodigestor, sement\u00e1rio e viveiro de mudas da secretaria, al\u00e9m de receber explica\u00e7\u00f5es sobre os animais conservados em formol.<\/p>\n<p>A Secret\u00e1ria Municipal de Educa\u00e7\u00e3o, J\u00e9ssica Maria dos Santos, ressalta a import\u00e2ncia de tratar da tem\u00e1tica ambiental com as crian\u00e7as. &#8220;Cientes do impacto das mudan\u00e7as clim\u00e1ticas em n\u00edvel global, com efeitos tamb\u00e9m em nossos bairros e cidade, tornam-se urgentes a\u00e7\u00f5es relevantes de investiga\u00e7\u00e3o, conscientiza\u00e7\u00e3o e preserva\u00e7\u00e3o ambiental, incluindo mudan\u00e7as de comportamento&#8221;, afirma. &#8220;Como a inf\u00e2ncia \u00e9 uma das etapas mais importantes da trajet\u00f3ria individual, quando se come\u00e7a a interagir com a ideia de sociedade, aprendendo conceitos e valores que ser\u00e3o a base para sua vida, \u00e9 um momento decisivo para a conscientiza\u00e7\u00e3o sobre a import\u00e2ncia dos cuidados com o meio ambiente&#8221;, enfatiza.<\/p>\n<p>VEJA TAMB\u00c9M:\u00a0<a href=\"https:\/\/redenoticiaz.com.br\/barretos-regiao\/sp\/2022\/11\/11\/bombeiros-resgatam-corpo-de-homem-que-se-jogou-do-viaduto\">Bombeiros resgatam corpo de homem que se jogou do viaduto<\/a><\/p>\n","protected":false},"excerpt":{"rendered":"<p>Barretos, por meio das Secretarias Municipais de Educa\u00e7\u00e3o e de Agricultura e Meio Ambiente, retomou nesta semana a visita\u00e7\u00e3o de estudantes ao N\u00facleo de Educa\u00e7\u00e3o Ambiental (NEA). As visitas fazem parte do Projeto &#8220;NEA QUE TE QUERO VERDE&#8221;, que passa a ser desenvolvido pela gest\u00e3o municipal. Nesta primeira etapa s\u00e3o realizadas por crian\u00e7as do 4\u00ba &hellip;<\/p>\n","protected":false},"author":15,"featured_media":94928,"comment_status":"open","ping_status":"closed","sticky":false,"template":"","format":"standard","meta":{"footnotes":""},"categories":[820],"tags":[2814,21964,2924],"class_list":["post-94927","post","type-post","status-publish","format-standard","has-post-thumbnail","hentry","category-educacao","tag-estudantes","tag-nea-que-te-quero-verde","tag-projeto"],"yoast_head":"<!-- This site is optimized with the Yoast SEO plugin v27.4 - https:\/\/yoast.com\/product\/yoast-seo-wordpress\/ -->\n<title>Alunos da rede municipal ampliam conhecimento sobre saneamento b\u00e1sico e reciclagem em visita ao NEA - Ribeir\u00e3o Preto e Regi\u00e3o<\/title>\n<meta name=\"description\" content=\"Projeto &quot;NEA QUE TE QUERO VERDE&quot;, que passa a ser desenvolvido pela gest\u00e3o municipal. Nesta primeira etapa s\u00e3o realizadas por alunos...\" \/>\n<meta name=\"robots\" content=\"index, follow, max-snippet:-1, max-image-preview:large, max-video-preview:-1\" \/>\n<link rel=\"canonical\" href=\"https:\/\/redenoticiaz.com.br\/ribeiraopreto-regiao\/sp\/2022\/11\/12\/alunos-da-rede-municipal-ampliam-conhecimento-sobre-saneamento-basico-e-reciclagem-em-visita-ao-nea\" \/>\n<meta property=\"og:locale\" content=\"pt_BR\" \/>\n<meta property=\"og:type\" content=\"article\" \/>\n<meta property=\"og:title\" content=\"Alunos da rede municipal ampliam conhecimento sobre saneamento b\u00e1sico e reciclagem em visita ao NEA - Ribeir\u00e3o Preto e Regi\u00e3o\" \/>\n<meta property=\"og:description\" content=\"Projeto &quot;NEA QUE TE QUERO VERDE&quot;, que passa a ser desenvolvido pela gest\u00e3o municipal. Nesta primeira etapa s\u00e3o realizadas por alunos...\" \/>\n<meta property=\"og:url\" content=\"https:\/\/redenoticiaz.com.br\/ribeiraopreto-regiao\/sp\/2022\/11\/12\/alunos-da-rede-municipal-ampliam-conhecimento-sobre-saneamento-basico-e-reciclagem-em-visita-ao-nea\" \/>\n<meta property=\"og:site_name\" content=\"Ribeir\u00e3o Preto e Regi\u00e3o\" \/>\n<meta property=\"article:publisher\" content=\"https:\/\/m.facebook.com\/redenoticiaz.barretos\" \/>\n<meta property=\"article:published_time\" content=\"2022-11-12T12:51:43+00:00\" \/>\n<meta property=\"og:image\" content=\"https:\/\/redenoticiaz.com.br\/ribeiraopreto-regiao\/wp-content\/uploads\/sites\/4\/2022\/11\/84d9ee44e457ddef7f2c4f25dc8fa865.jpeg\" \/>\n\t<meta property=\"og:image:width\" content=\"1274\" \/>\n\t<meta property=\"og:image:height\" content=\"848\" \/>\n\t<meta property=\"og:image:type\" content=\"image\/jpeg\" \/>\n<meta name=\"twitter:card\" content=\"summary_large_image\" \/>\n<meta name=\"twitter:creator\" content=\"@RN_barretos\" \/>\n<meta name=\"twitter:site\" content=\"@RN_barretos\" \/>\n<meta name=\"twitter:label1\" content=\"Escrito por\" \/>\n\t<meta name=\"twitter:data1\" content=\"\" \/>\n\t<meta name=\"twitter:label2\" content=\"Est. tempo de leitura\" \/>\n\t<meta name=\"twitter:data2\" content=\"2 minutos\" \/>\n<script type=\"application\/ld+json\" class=\"yoast-schema-graph\">{\"@context\":\"https:\\\/\\\/schema.org\",\"@graph\":[{\"@type\":\"Article\",\"@id\":\"https:\\\/\\\/redenoticiaz.com.br\\\/ribeiraopreto-regiao\\\/sp\\\/2022\\\/11\\\/12\\\/alunos-da-rede-municipal-ampliam-conhecimento-sobre-saneamento-basico-e-reciclagem-em-visita-ao-nea#article\",\"isPartOf\":{\"@id\":\"https:\\\/\\\/redenoticiaz.com.br\\\/ribeiraopreto-regiao\\\/sp\\\/2022\\\/11\\\/12\\\/alunos-da-rede-municipal-ampliam-conhecimento-sobre-saneamento-basico-e-reciclagem-em-visita-ao-nea\"},\"author\":{\"name\":\"\",\"@id\":\"\"},\"headline\":\"Alunos da rede municipal ampliam conhecimento sobre saneamento b\u00e1sico e reciclagem em visita ao NEA\",\"datePublished\":\"2022-11-12T12:51:43+00:00\",\"mainEntityOfPage\":{\"@id\":\"https:\\\/\\\/redenoticiaz.com.br\\\/ribeiraopreto-regiao\\\/sp\\\/2022\\\/11\\\/12\\\/alunos-da-rede-municipal-ampliam-conhecimento-sobre-saneamento-basico-e-reciclagem-em-visita-ao-nea\"},\"wordCount\":290,\"commentCount\":0,\"publisher\":{\"@id\":\"https:\\\/\\\/redenoticiaz.com.br\\\/ribeiraopreto-regiao\\\/#organization\"},\"image\":{\"@id\":\"https:\\\/\\\/redenoticiaz.com.br\\\/ribeiraopreto-regiao\\\/sp\\\/2022\\\/11\\\/12\\\/alunos-da-rede-municipal-ampliam-conhecimento-sobre-saneamento-basico-e-reciclagem-em-visita-ao-nea#primaryimage\"},\"thumbnailUrl\":\"https:\\\/\\\/redenoticiaz.com.br\\\/ribeiraopreto-regiao\\\/wp-content\\\/uploads\\\/sites\\\/4\\\/2022\\\/11\\\/84d9ee44e457ddef7f2c4f25dc8fa865.jpeg\",\"keywords\":[\"ESTUDANTES\",\"NEA QUE TE QUERO VERDE\",\"PROJETO\"],\"articleSection\":[\"Educa\u00e7\u00e3o\"],\"inLanguage\":\"pt-BR\",\"potentialAction\":[{\"@type\":\"CommentAction\",\"name\":\"Comment\",\"target\":[\"https:\\\/\\\/redenoticiaz.com.br\\\/ribeiraopreto-regiao\\\/sp\\\/2022\\\/11\\\/12\\\/alunos-da-rede-municipal-ampliam-conhecimento-sobre-saneamento-basico-e-reciclagem-em-visita-ao-nea#respond\"]}]},{\"@type\":\"WebPage\",\"@id\":\"https:\\\/\\\/redenoticiaz.com.br\\\/ribeiraopreto-regiao\\\/sp\\\/2022\\\/11\\\/12\\\/alunos-da-rede-municipal-ampliam-conhecimento-sobre-saneamento-basico-e-reciclagem-em-visita-ao-nea\",\"url\":\"https:\\\/\\\/redenoticiaz.com.br\\\/ribeiraopreto-regiao\\\/sp\\\/2022\\\/11\\\/12\\\/alunos-da-rede-municipal-ampliam-conhecimento-sobre-saneamento-basico-e-reciclagem-em-visita-ao-nea\",\"name\":\"Alunos da rede municipal ampliam conhecimento sobre saneamento b\u00e1sico e reciclagem em visita ao NEA - Ribeir\u00e3o Preto e Regi\u00e3o\",\"isPartOf\":{\"@id\":\"https:\\\/\\\/redenoticiaz.com.br\\\/ribeiraopreto-regiao\\\/#website\"},\"primaryImageOfPage\":{\"@id\":\"https:\\\/\\\/redenoticiaz.com.br\\\/ribeiraopreto-regiao\\\/sp\\\/2022\\\/11\\\/12\\\/alunos-da-rede-municipal-ampliam-conhecimento-sobre-saneamento-basico-e-reciclagem-em-visita-ao-nea#primaryimage\"},\"image\":{\"@id\":\"https:\\\/\\\/redenoticiaz.com.br\\\/ribeiraopreto-regiao\\\/sp\\\/2022\\\/11\\\/12\\\/alunos-da-rede-municipal-ampliam-conhecimento-sobre-saneamento-basico-e-reciclagem-em-visita-ao-nea#primaryimage\"},\"thumbnailUrl\":\"https:\\\/\\\/redenoticiaz.com.br\\\/ribeiraopreto-regiao\\\/wp-content\\\/uploads\\\/sites\\\/4\\\/2022\\\/11\\\/84d9ee44e457ddef7f2c4f25dc8fa865.jpeg\",\"datePublished\":\"2022-11-12T12:51:43+00:00\",\"description\":\"Projeto \\\"NEA QUE TE QUERO VERDE\\\", que passa a ser desenvolvido pela gest\u00e3o municipal. Nesta primeira etapa s\u00e3o realizadas por alunos...\",\"inLanguage\":\"pt-BR\",\"potentialAction\":[{\"@type\":\"ReadAction\",\"target\":[\"https:\\\/\\\/redenoticiaz.com.br\\\/ribeiraopreto-regiao\\\/sp\\\/2022\\\/11\\\/12\\\/alunos-da-rede-municipal-ampliam-conhecimento-sobre-saneamento-basico-e-reciclagem-em-visita-ao-nea\"]}]},{\"@type\":\"ImageObject\",\"inLanguage\":\"pt-BR\",\"@id\":\"https:\\\/\\\/redenoticiaz.com.br\\\/ribeiraopreto-regiao\\\/sp\\\/2022\\\/11\\\/12\\\/alunos-da-rede-municipal-ampliam-conhecimento-sobre-saneamento-basico-e-reciclagem-em-visita-ao-nea#primaryimage\",\"url\":\"https:\\\/\\\/redenoticiaz.com.br\\\/ribeiraopreto-regiao\\\/wp-content\\\/uploads\\\/sites\\\/4\\\/2022\\\/11\\\/84d9ee44e457ddef7f2c4f25dc8fa865.jpeg\",\"contentUrl\":\"https:\\\/\\\/redenoticiaz.com.br\\\/ribeiraopreto-regiao\\\/wp-content\\\/uploads\\\/sites\\\/4\\\/2022\\\/11\\\/84d9ee44e457ddef7f2c4f25dc8fa865.jpeg\",\"width\":1274,\"height\":848,\"caption\":\"Cr\u00e9dito: Divulga\u00e7\u00e3o\"},{\"@type\":\"WebSite\",\"@id\":\"https:\\\/\\\/redenoticiaz.com.br\\\/ribeiraopreto-regiao\\\/#website\",\"url\":\"https:\\\/\\\/redenoticiaz.com.br\\\/ribeiraopreto-regiao\\\/\",\"name\":\"Ribeir\u00e3o Preto e Regi\u00e3o\",\"description\":\"Rede NoticiaZ - Ribeir\u00e3o Preto e regi\u00e3o\",\"publisher\":{\"@id\":\"https:\\\/\\\/redenoticiaz.com.br\\\/ribeiraopreto-regiao\\\/#organization\"},\"potentialAction\":[{\"@type\":\"SearchAction\",\"target\":{\"@type\":\"EntryPoint\",\"urlTemplate\":\"https:\\\/\\\/redenoticiaz.com.br\\\/ribeiraopreto-regiao\\\/?s={search_term_string}\"},\"query-input\":{\"@type\":\"PropertyValueSpecification\",\"valueRequired\":true,\"valueName\":\"search_term_string\"}}],\"inLanguage\":\"pt-BR\"},{\"@type\":\"Organization\",\"@id\":\"https:\\\/\\\/redenoticiaz.com.br\\\/ribeiraopreto-regiao\\\/#organization\",\"name\":\"Ribeir\u00e3o Preto e Regi\u00e3o\",\"url\":\"https:\\\/\\\/redenoticiaz.com.br\\\/ribeiraopreto-regiao\\\/\",\"logo\":{\"@type\":\"ImageObject\",\"inLanguage\":\"pt-BR\",\"@id\":\"https:\\\/\\\/redenoticiaz.com.br\\\/ribeiraopreto-regiao\\\/#\\\/schema\\\/logo\\\/image\\\/\",\"url\":\"https:\\\/\\\/redenoticiaz.com.br\\\/barretos-regiao\\\/wp-content\\\/uploads\\\/sites\\\/4\\\/2022\\\/02\\\/logo.jpg\",\"contentUrl\":\"https:\\\/\\\/redenoticiaz.com.br\\\/barretos-regiao\\\/wp-content\\\/uploads\\\/sites\\\/4\\\/2022\\\/02\\\/logo.jpg\",\"width\":400,\"height\":250,\"caption\":\"Ribeir\u00e3o Preto e Regi\u00e3o\"},\"image\":{\"@id\":\"https:\\\/\\\/redenoticiaz.com.br\\\/ribeiraopreto-regiao\\\/#\\\/schema\\\/logo\\\/image\\\/\"},\"sameAs\":[\"https:\\\/\\\/m.facebook.com\\\/redenoticiaz.barretos\",\"https:\\\/\\\/x.com\\\/RN_barretos\",\"https:\\\/\\\/www.instagram.com\\\/redenoticiaz.barretos\\\/?igshid=YmMyMTA2M2Y\",\"https:\\\/\\\/www.linkedin.com\\\/company\\\/rede-noticiaz-barretos-e-regio\\\/\"]},{\"@type\":\"Person\",\"@id\":\"\",\"url\":\"https:\\\/\\\/redenoticiaz.com.br\\\/ribeiraopreto-regiao\\\/sp\\\/author\"}]}<\/script>\n<!-- \/ Yoast SEO plugin. -->","yoast_head_json":{"title":"Alunos da rede municipal ampliam conhecimento sobre saneamento b\u00e1sico e reciclagem em visita ao NEA - Ribeir\u00e3o Preto e Regi\u00e3o","description":"Projeto \"NEA QUE TE QUERO VERDE\", que passa a ser desenvolvido pela gest\u00e3o municipal. Nesta primeira etapa s\u00e3o realizadas por alunos...","robots":{"index":"index","follow":"follow","max-snippet":"max-snippet:-1","max-image-preview":"max-image-preview:large","max-video-preview":"max-video-preview:-1"},"canonical":"https:\/\/redenoticiaz.com.br\/ribeiraopreto-regiao\/sp\/2022\/11\/12\/alunos-da-rede-municipal-ampliam-conhecimento-sobre-saneamento-basico-e-reciclagem-em-visita-ao-nea","og_locale":"pt_BR","og_type":"article","og_title":"Alunos da rede municipal ampliam conhecimento sobre saneamento b\u00e1sico e reciclagem em visita ao NEA - Ribeir\u00e3o Preto e Regi\u00e3o","og_description":"Projeto \"NEA QUE TE QUERO VERDE\", que passa a ser desenvolvido pela gest\u00e3o municipal. Nesta primeira etapa s\u00e3o realizadas por alunos...","og_url":"https:\/\/redenoticiaz.com.br\/ribeiraopreto-regiao\/sp\/2022\/11\/12\/alunos-da-rede-municipal-ampliam-conhecimento-sobre-saneamento-basico-e-reciclagem-em-visita-ao-nea","og_site_name":"Ribeir\u00e3o Preto e Regi\u00e3o","article_publisher":"https:\/\/m.facebook.com\/redenoticiaz.barretos","article_published_time":"2022-11-12T12:51:43+00:00","og_image":[{"width":1274,"height":848,"url":"https:\/\/redenoticiaz.com.br\/ribeiraopreto-regiao\/wp-content\/uploads\/sites\/4\/2022\/11\/84d9ee44e457ddef7f2c4f25dc8fa865.jpeg","type":"image\/jpeg"}],"twitter_card":"summary_large_image","twitter_creator":"@RN_barretos","twitter_site":"@RN_barretos","twitter_misc":{"Escrito por":"","Est. tempo de leitura":"2 minutos"},"schema":{"@context":"https:\/\/schema.org","@graph":[{"@type":"Article","@id":"https:\/\/redenoticiaz.com.br\/ribeiraopreto-regiao\/sp\/2022\/11\/12\/alunos-da-rede-municipal-ampliam-conhecimento-sobre-saneamento-basico-e-reciclagem-em-visita-ao-nea#article","isPartOf":{"@id":"https:\/\/redenoticiaz.com.br\/ribeiraopreto-regiao\/sp\/2022\/11\/12\/alunos-da-rede-municipal-ampliam-conhecimento-sobre-saneamento-basico-e-reciclagem-em-visita-ao-nea"},"author":{"name":"","@id":""},"headline":"Alunos da rede municipal ampliam conhecimento sobre saneamento b\u00e1sico e reciclagem em visita ao NEA","datePublished":"2022-11-12T12:51:43+00:00","mainEntityOfPage":{"@id":"https:\/\/redenoticiaz.com.br\/ribeiraopreto-regiao\/sp\/2022\/11\/12\/alunos-da-rede-municipal-ampliam-conhecimento-sobre-saneamento-basico-e-reciclagem-em-visita-ao-nea"},"wordCount":290,"commentCount":0,"publisher":{"@id":"https:\/\/redenoticiaz.com.br\/ribeiraopreto-regiao\/#organization"},"image":{"@id":"https:\/\/redenoticiaz.com.br\/ribeiraopreto-regiao\/sp\/2022\/11\/12\/alunos-da-rede-municipal-ampliam-conhecimento-sobre-saneamento-basico-e-reciclagem-em-visita-ao-nea#primaryimage"},"thumbnailUrl":"https:\/\/redenoticiaz.com.br\/ribeiraopreto-regiao\/wp-content\/uploads\/sites\/4\/2022\/11\/84d9ee44e457ddef7f2c4f25dc8fa865.jpeg","keywords":["ESTUDANTES","NEA QUE TE QUERO VERDE","PROJETO"],"articleSection":["Educa\u00e7\u00e3o"],"inLanguage":"pt-BR","potentialAction":[{"@type":"CommentAction","name":"Comment","target":["https:\/\/redenoticiaz.com.br\/ribeiraopreto-regiao\/sp\/2022\/11\/12\/alunos-da-rede-municipal-ampliam-conhecimento-sobre-saneamento-basico-e-reciclagem-em-visita-ao-nea#respond"]}]},{"@type":"WebPage","@id":"https:\/\/redenoticiaz.com.br\/ribeiraopreto-regiao\/sp\/2022\/11\/12\/alunos-da-rede-municipal-ampliam-conhecimento-sobre-saneamento-basico-e-reciclagem-em-visita-ao-nea","url":"https:\/\/redenoticiaz.com.br\/ribeiraopreto-regiao\/sp\/2022\/11\/12\/alunos-da-rede-municipal-ampliam-conhecimento-sobre-saneamento-basico-e-reciclagem-em-visita-ao-nea","name":"Alunos da rede municipal ampliam conhecimento sobre saneamento b\u00e1sico e reciclagem em visita ao NEA - Ribeir\u00e3o Preto e Regi\u00e3o","isPartOf":{"@id":"https:\/\/redenoticiaz.com.br\/ribeiraopreto-regiao\/#website"},"primaryImageOfPage":{"@id":"https:\/\/redenoticiaz.com.br\/ribeiraopreto-regiao\/sp\/2022\/11\/12\/alunos-da-rede-municipal-ampliam-conhecimento-sobre-saneamento-basico-e-reciclagem-em-visita-ao-nea#primaryimage"},"image":{"@id":"https:\/\/redenoticiaz.com.br\/ribeiraopreto-regiao\/sp\/2022\/11\/12\/alunos-da-rede-municipal-ampliam-conhecimento-sobre-saneamento-basico-e-reciclagem-em-visita-ao-nea#primaryimage"},"thumbnailUrl":"https:\/\/redenoticiaz.com.br\/ribeiraopreto-regiao\/wp-content\/uploads\/sites\/4\/2022\/11\/84d9ee44e457ddef7f2c4f25dc8fa865.jpeg","datePublished":"2022-11-12T12:51:43+00:00","description":"Projeto \"NEA QUE TE QUERO VERDE\", que passa a ser desenvolvido pela gest\u00e3o municipal. Nesta primeira etapa s\u00e3o realizadas por alunos...","inLanguage":"pt-BR","potentialAction":[{"@type":"ReadAction","target":["https:\/\/redenoticiaz.com.br\/ribeiraopreto-regiao\/sp\/2022\/11\/12\/alunos-da-rede-municipal-ampliam-conhecimento-sobre-saneamento-basico-e-reciclagem-em-visita-ao-nea"]}]},{"@type":"ImageObject","inLanguage":"pt-BR","@id":"https:\/\/redenoticiaz.com.br\/ribeiraopreto-regiao\/sp\/2022\/11\/12\/alunos-da-rede-municipal-ampliam-conhecimento-sobre-saneamento-basico-e-reciclagem-em-visita-ao-nea#primaryimage","url":"https:\/\/redenoticiaz.com.br\/ribeiraopreto-regiao\/wp-content\/uploads\/sites\/4\/2022\/11\/84d9ee44e457ddef7f2c4f25dc8fa865.jpeg","contentUrl":"https:\/\/redenoticiaz.com.br\/ribeiraopreto-regiao\/wp-content\/uploads\/sites\/4\/2022\/11\/84d9ee44e457ddef7f2c4f25dc8fa865.jpeg","width":1274,"height":848,"caption":"Cr\u00e9dito: Divulga\u00e7\u00e3o"},{"@type":"WebSite","@id":"https:\/\/redenoticiaz.com.br\/ribeiraopreto-regiao\/#website","url":"https:\/\/redenoticiaz.com.br\/ribeiraopreto-regiao\/","name":"Ribeir\u00e3o Preto e Regi\u00e3o","description":"Rede NoticiaZ - Ribeir\u00e3o Preto e regi\u00e3o","publisher":{"@id":"https:\/\/redenoticiaz.com.br\/ribeiraopreto-regiao\/#organization"},"potentialAction":[{"@type":"SearchAction","target":{"@type":"EntryPoint","urlTemplate":"https:\/\/redenoticiaz.com.br\/ribeiraopreto-regiao\/?s={search_term_string}"},"query-input":{"@type":"PropertyValueSpecification","valueRequired":true,"valueName":"search_term_string"}}],"inLanguage":"pt-BR"},{"@type":"Organization","@id":"https:\/\/redenoticiaz.com.br\/ribeiraopreto-regiao\/#organization","name":"Ribeir\u00e3o Preto e Regi\u00e3o","url":"https:\/\/redenoticiaz.com.br\/ribeiraopreto-regiao\/","logo":{"@type":"ImageObject","inLanguage":"pt-BR","@id":"https:\/\/redenoticiaz.com.br\/ribeiraopreto-regiao\/#\/schema\/logo\/image\/","url":"https:\/\/redenoticiaz.com.br\/barretos-regiao\/wp-content\/uploads\/sites\/4\/2022\/02\/logo.jpg","contentUrl":"https:\/\/redenoticiaz.com.br\/barretos-regiao\/wp-content\/uploads\/sites\/4\/2022\/02\/logo.jpg","width":400,"height":250,"caption":"Ribeir\u00e3o Preto e Regi\u00e3o"},"image":{"@id":"https:\/\/redenoticiaz.com.br\/ribeiraopreto-regiao\/#\/schema\/logo\/image\/"},"sameAs":["https:\/\/m.facebook.com\/redenoticiaz.barretos","https:\/\/x.com\/RN_barretos","https:\/\/www.instagram.com\/redenoticiaz.barretos\/?igshid=YmMyMTA2M2Y","https:\/\/www.linkedin.com\/company\/rede-noticiaz-barretos-e-regio\/"]},{"@type":"Person","@id":"","url":"https:\/\/redenoticiaz.com.br\/ribeiraopreto-regiao\/sp\/author"}]}},"_links":{"self":[{"href":"https:\/\/redenoticiaz.com.br\/ribeiraopreto-regiao\/wp-json\/wp\/v2\/posts\/94927","targetHints":{"allow":["GET"]}}],"collection":[{"href":"https:\/\/redenoticiaz.com.br\/ribeiraopreto-regiao\/wp-json\/wp\/v2\/posts"}],"about":[{"href":"https:\/\/redenoticiaz.com.br\/ribeiraopreto-regiao\/wp-json\/wp\/v2\/types\/post"}],"author":[{"embeddable":true,"href":"https:\/\/redenoticiaz.com.br\/ribeiraopreto-regiao\/wp-json\/wp\/v2\/users\/15"}],"replies":[{"embeddable":true,"href":"https:\/\/redenoticiaz.com.br\/ribeiraopreto-regiao\/wp-json\/wp\/v2\/comments?post=94927"}],"version-history":[{"count":1,"href":"https:\/\/redenoticiaz.com.br\/ribeiraopreto-regiao\/wp-json\/wp\/v2\/posts\/94927\/revisions"}],"predecessor-version":[{"id":94929,"href":"https:\/\/redenoticiaz.com.br\/ribeiraopreto-regiao\/wp-json\/wp\/v2\/posts\/94927\/revisions\/94929"}],"wp:featuredmedia":[{"embeddable":true,"href":"https:\/\/redenoticiaz.com.br\/ribeiraopreto-regiao\/wp-json\/wp\/v2\/media\/94928"}],"wp:attachment":[{"href":"https:\/\/redenoticiaz.com.br\/ribeiraopreto-regiao\/wp-json\/wp\/v2\/media?parent=94927"}],"wp:term":[{"taxonomy":"category","embeddable":true,"href":"https:\/\/redenoticiaz.com.br\/ribeiraopreto-regiao\/wp-json\/wp\/v2\/categories?post=94927"},{"taxonomy":"post_tag","embeddable":true,"href":"https:\/\/redenoticiaz.com.br\/ribeiraopreto-regiao\/wp-json\/wp\/v2\/tags?post=94927"}],"curies":[{"name":"wp","href":"https:\/\/api.w.org\/{rel}","templated":true}]}}