{"id":94960,"date":"2022-11-13T11:32:46","date_gmt":"2022-11-13T14:32:46","guid":{"rendered":"https:\/\/redenoticiaz.com.br\/barretos-regiao\/?p=94960"},"modified":"2022-11-13T11:32:46","modified_gmt":"2022-11-13T14:32:46","slug":"flordelis-e-condenada-a-50-anos-de-prisao","status":"publish","type":"post","link":"https:\/\/redenoticiaz.com.br\/ribeiraopreto-regiao\/sp\/2022\/11\/13\/flordelis-e-condenada-a-50-anos-de-prisao","title":{"rendered":"Flordelis \u00e9 condenada a 50 anos de pris\u00e3o"},"content":{"rendered":"<p class=\"m-resume-single\"><a href=\"https:\/\/www.tjrj.jus.br\/\">O Tribunal do J\u00fari de Niter\u00f3i (RJ<\/a>) condenou, neste domingo (13), a ex-deputada federal Flordelis dos Santos\u00a0a 50 anos e 28 dias de pris\u00e3o\u00a0pela morte do marido e pastor, Anderson do Carmo.<\/p>\n<p>Flordelis foi condenada por homic\u00eddio triplamente qualificado consumado (motivo torpe, emprego de meio cruel e recurso que impossibilitou a defesa da v\u00edtima), tentativa de homic\u00eddio duplamente qualificado, uso de documento ideologicamente falso (duas vezes) e associa\u00e7\u00e3o criminosa armada.<\/p>\n<p>O julgamento teve in\u00edcio na segunda-feira (7). Ap\u00f3s a \u00faltima sess\u00e3o, que durou 21 horas, a ju\u00edza Nearis dos Santos determinou que a pris\u00e3o seja cumprida inicialmente em regime fechado.<\/p>\n<h4>Os filhos<\/h4>\n<p>A filha biol\u00f3gica de Flordelis, Simone dos Santos Rodrigues, foi condenada a 31 anos e 4 meses, em regime inicialmente fechado, por homic\u00eddio triplamente qualificado consumado, tentativa de homic\u00eddio qualificado privilegiado e associa\u00e7\u00e3o criminosa armada.<\/p>\n<p>Andr\u00e9 Oliveira e Marzy Teixeira da Silva,\u00a0filhos afetivos de Flordelis, foram absolvidos. Rayane Oliveira, neta da ex-deputada, tamb\u00e9m foi absolvida.<\/p>\n<h3>O caso<\/h3>\n<p>Em 2019, o assassinato do Pastor Anderson do Carmo de Souza, a princ\u00edpio, foi apontado como latroc\u00ednio, por\u00e9m, n\u00e3o havia evid\u00eancias nas c\u00e2meras de seguran\u00e7a de pessoas entrando na resid\u00eancia.<\/p>\n<p>Adiante, as investiga\u00e7\u00f5es revelaram a exist\u00eancia de um esquema criminoso dentro da estrutura familiar da ex-deputada federal Flordelis.<\/p>\n<p>Mensagem de texto foram encontradas no celular da deputada com os filhos, onde informava que a morte de Anderson &#8220;seria a \u00fanica sa\u00edda&#8221;. &#8220;Fazer o qu\u00ea? Separar dele n\u00e3o posso, se n\u00e3o ia escandalizar o nome de Deus&#8221;.<\/p>\n<p>Segundo a Pol\u00edcia, foi constatado que Flordelis, j\u00e1 havia tentado matar Anderson envenenado em diversas outras ocasi\u00f5es. No qual o motivo seria o controle financeiro da igreja.<\/p>\n<p>A Pol\u00edcia Civil apontou na \u00e9poca ao menos 10 pessoas envolvidas na morte do pastor.<\/p>\n<p>Ap\u00f3s investiga\u00e7\u00f5es, a esposa e tamb\u00e9m pastora Flordelis, foi indiciada como mandante do crime. Devido ao foro privilegiado, n\u00e3o p\u00f4de per presa em primeiro momento.<\/p>\n<p>J\u00e1 os setes filhos do casal que eram suspeitos, n\u00e3o tinham esse privilegio, foram presos pela participa\u00e7\u00e3o no assassinato.<\/p>\n<p>VEJA TAMB\u00c9M:\u00a0<a href=\"https:\/\/redenoticiaz.com.br\/barretos-regiao\/sp\/2022\/11\/13\/leucoplasia-entenda-tudo-sobre-a-doenca-de-lula\">Leucoplasia: entenda tudo sobre a doen\u00e7a de Lula<\/a><\/p>\n<p>&nbsp;<\/p>\n<p>&nbsp;<\/p>\n","protected":false},"excerpt":{"rendered":"<p>O Tribunal do J\u00fari de Niter\u00f3i (RJ) condenou, neste domingo (13), a ex-deputada federal Flordelis dos Santos\u00a0a 50 anos e 28 dias de pris\u00e3o\u00a0pela morte do marido e pastor, Anderson do Carmo. Flordelis foi condenada por homic\u00eddio triplamente qualificado consumado (motivo torpe, emprego de meio cruel e recurso que impossibilitou a defesa da v\u00edtima), tentativa &hellip;<\/p>\n","protected":false},"author":15,"featured_media":94961,"comment_status":"open","ping_status":"closed","sticky":false,"template":"","format":"standard","meta":{"footnotes":""},"categories":[88],"tags":[21983,3075,17950,8023,21982],"class_list":["post-94960","post","type-post","status-publish","format-standard","has-post-thumbnail","hentry","category-policia","tag-anderson-do-carmo","tag-assassinato","tag-condenada","tag-crime-de-homicidio","tag-flordelis"],"yoast_head":"<!-- This site is optimized with the Yoast SEO plugin v27.4 - https:\/\/yoast.com\/product\/yoast-seo-wordpress\/ -->\n<title>Flordelis \u00e9 condenada a 50 anos de pris\u00e3o - Ribeir\u00e3o Preto e Regi\u00e3o<\/title>\n<meta name=\"description\" content=\"O Tribunal do J\u00fari de Niter\u00f3i condenou, neste domingo (13), a ex-deputada federal Flordelis dos Santos\u00a0a 50 anos e 28 dias de pris\u00e3o\u00a0pela morte do marido\" \/>\n<meta name=\"robots\" content=\"index, follow, max-snippet:-1, max-image-preview:large, max-video-preview:-1\" \/>\n<link rel=\"canonical\" href=\"https:\/\/redenoticiaz.com.br\/ribeiraopreto-regiao\/sp\/2022\/11\/13\/flordelis-e-condenada-a-50-anos-de-prisao\" \/>\n<meta property=\"og:locale\" content=\"pt_BR\" \/>\n<meta property=\"og:type\" content=\"article\" \/>\n<meta property=\"og:title\" content=\"Flordelis \u00e9 condenada a 50 anos de pris\u00e3o - Ribeir\u00e3o Preto e Regi\u00e3o\" \/>\n<meta property=\"og:description\" content=\"O Tribunal do J\u00fari de Niter\u00f3i condenou, neste domingo (13), a ex-deputada federal Flordelis dos Santos\u00a0a 50 anos e 28 dias de pris\u00e3o\u00a0pela morte do marido\" \/>\n<meta property=\"og:url\" content=\"https:\/\/redenoticiaz.com.br\/ribeiraopreto-regiao\/sp\/2022\/11\/13\/flordelis-e-condenada-a-50-anos-de-prisao\" \/>\n<meta property=\"og:site_name\" content=\"Ribeir\u00e3o Preto e Regi\u00e3o\" \/>\n<meta property=\"article:publisher\" content=\"https:\/\/m.facebook.com\/redenoticiaz.barretos\" \/>\n<meta property=\"article:published_time\" content=\"2022-11-13T14:32:46+00:00\" \/>\n<meta property=\"og:image\" content=\"https:\/\/redenoticiaz.com.br\/ribeiraopreto-regiao\/wp-content\/uploads\/sites\/4\/2022\/11\/Flordelis-e-condenada-a-50-anos-de-prisao.png\" \/>\n\t<meta property=\"og:image:width\" content=\"1200\" \/>\n\t<meta property=\"og:image:height\" content=\"628\" \/>\n\t<meta property=\"og:image:type\" content=\"image\/png\" \/>\n<meta name=\"twitter:card\" content=\"summary_large_image\" \/>\n<meta name=\"twitter:creator\" content=\"@RN_barretos\" \/>\n<meta name=\"twitter:site\" content=\"@RN_barretos\" \/>\n<meta name=\"twitter:label1\" content=\"Escrito por\" \/>\n\t<meta name=\"twitter:data1\" content=\"\" \/>\n\t<meta name=\"twitter:label2\" content=\"Est. tempo de leitura\" \/>\n\t<meta name=\"twitter:data2\" content=\"2 minutos\" \/>\n<script type=\"application\/ld+json\" class=\"yoast-schema-graph\">{\"@context\":\"https:\\\/\\\/schema.org\",\"@graph\":[{\"@type\":\"Article\",\"@id\":\"https:\\\/\\\/redenoticiaz.com.br\\\/ribeiraopreto-regiao\\\/sp\\\/2022\\\/11\\\/13\\\/flordelis-e-condenada-a-50-anos-de-prisao#article\",\"isPartOf\":{\"@id\":\"https:\\\/\\\/redenoticiaz.com.br\\\/ribeiraopreto-regiao\\\/sp\\\/2022\\\/11\\\/13\\\/flordelis-e-condenada-a-50-anos-de-prisao\"},\"author\":{\"name\":\"\",\"@id\":\"\"},\"headline\":\"Flordelis \u00e9 condenada a 50 anos de pris\u00e3o\",\"datePublished\":\"2022-11-13T14:32:46+00:00\",\"mainEntityOfPage\":{\"@id\":\"https:\\\/\\\/redenoticiaz.com.br\\\/ribeiraopreto-regiao\\\/sp\\\/2022\\\/11\\\/13\\\/flordelis-e-condenada-a-50-anos-de-prisao\"},\"wordCount\":386,\"commentCount\":0,\"publisher\":{\"@id\":\"https:\\\/\\\/redenoticiaz.com.br\\\/ribeiraopreto-regiao\\\/#organization\"},\"image\":{\"@id\":\"https:\\\/\\\/redenoticiaz.com.br\\\/ribeiraopreto-regiao\\\/sp\\\/2022\\\/11\\\/13\\\/flordelis-e-condenada-a-50-anos-de-prisao#primaryimage\"},\"thumbnailUrl\":\"https:\\\/\\\/redenoticiaz.com.br\\\/ribeiraopreto-regiao\\\/wp-content\\\/uploads\\\/sites\\\/4\\\/2022\\\/11\\\/Flordelis-e-condenada-a-50-anos-de-prisao.png\",\"keywords\":[\"ANDERSON DO CARMO\",\"ASSASSINATO\",\"CONDENADA\",\"CRIME DE HOMIC\u00cdDIO\",\"FLORDELIS\"],\"articleSection\":[\"Pol\u00edcia\"],\"inLanguage\":\"pt-BR\",\"potentialAction\":[{\"@type\":\"CommentAction\",\"name\":\"Comment\",\"target\":[\"https:\\\/\\\/redenoticiaz.com.br\\\/ribeiraopreto-regiao\\\/sp\\\/2022\\\/11\\\/13\\\/flordelis-e-condenada-a-50-anos-de-prisao#respond\"]}]},{\"@type\":\"WebPage\",\"@id\":\"https:\\\/\\\/redenoticiaz.com.br\\\/ribeiraopreto-regiao\\\/sp\\\/2022\\\/11\\\/13\\\/flordelis-e-condenada-a-50-anos-de-prisao\",\"url\":\"https:\\\/\\\/redenoticiaz.com.br\\\/ribeiraopreto-regiao\\\/sp\\\/2022\\\/11\\\/13\\\/flordelis-e-condenada-a-50-anos-de-prisao\",\"name\":\"Flordelis \u00e9 condenada a 50 anos de pris\u00e3o - Ribeir\u00e3o Preto e Regi\u00e3o\",\"isPartOf\":{\"@id\":\"https:\\\/\\\/redenoticiaz.com.br\\\/ribeiraopreto-regiao\\\/#website\"},\"primaryImageOfPage\":{\"@id\":\"https:\\\/\\\/redenoticiaz.com.br\\\/ribeiraopreto-regiao\\\/sp\\\/2022\\\/11\\\/13\\\/flordelis-e-condenada-a-50-anos-de-prisao#primaryimage\"},\"image\":{\"@id\":\"https:\\\/\\\/redenoticiaz.com.br\\\/ribeiraopreto-regiao\\\/sp\\\/2022\\\/11\\\/13\\\/flordelis-e-condenada-a-50-anos-de-prisao#primaryimage\"},\"thumbnailUrl\":\"https:\\\/\\\/redenoticiaz.com.br\\\/ribeiraopreto-regiao\\\/wp-content\\\/uploads\\\/sites\\\/4\\\/2022\\\/11\\\/Flordelis-e-condenada-a-50-anos-de-prisao.png\",\"datePublished\":\"2022-11-13T14:32:46+00:00\",\"description\":\"O Tribunal do J\u00fari de Niter\u00f3i condenou, neste domingo (13), a ex-deputada federal Flordelis dos Santos\u00a0a 50 anos e 28 dias de pris\u00e3o\u00a0pela morte do marido\",\"inLanguage\":\"pt-BR\",\"potentialAction\":[{\"@type\":\"ReadAction\",\"target\":[\"https:\\\/\\\/redenoticiaz.com.br\\\/ribeiraopreto-regiao\\\/sp\\\/2022\\\/11\\\/13\\\/flordelis-e-condenada-a-50-anos-de-prisao\"]}]},{\"@type\":\"ImageObject\",\"inLanguage\":\"pt-BR\",\"@id\":\"https:\\\/\\\/redenoticiaz.com.br\\\/ribeiraopreto-regiao\\\/sp\\\/2022\\\/11\\\/13\\\/flordelis-e-condenada-a-50-anos-de-prisao#primaryimage\",\"url\":\"https:\\\/\\\/redenoticiaz.com.br\\\/ribeiraopreto-regiao\\\/wp-content\\\/uploads\\\/sites\\\/4\\\/2022\\\/11\\\/Flordelis-e-condenada-a-50-anos-de-prisao.png\",\"contentUrl\":\"https:\\\/\\\/redenoticiaz.com.br\\\/ribeiraopreto-regiao\\\/wp-content\\\/uploads\\\/sites\\\/4\\\/2022\\\/11\\\/Flordelis-e-condenada-a-50-anos-de-prisao.png\",\"width\":1200,\"height\":628,\"caption\":\"Cr\u00e9dito: Reprodu\u00e7\u00e3o\"},{\"@type\":\"WebSite\",\"@id\":\"https:\\\/\\\/redenoticiaz.com.br\\\/ribeiraopreto-regiao\\\/#website\",\"url\":\"https:\\\/\\\/redenoticiaz.com.br\\\/ribeiraopreto-regiao\\\/\",\"name\":\"Ribeir\u00e3o Preto e Regi\u00e3o\",\"description\":\"Rede NoticiaZ - Ribeir\u00e3o Preto e regi\u00e3o\",\"publisher\":{\"@id\":\"https:\\\/\\\/redenoticiaz.com.br\\\/ribeiraopreto-regiao\\\/#organization\"},\"potentialAction\":[{\"@type\":\"SearchAction\",\"target\":{\"@type\":\"EntryPoint\",\"urlTemplate\":\"https:\\\/\\\/redenoticiaz.com.br\\\/ribeiraopreto-regiao\\\/?s={search_term_string}\"},\"query-input\":{\"@type\":\"PropertyValueSpecification\",\"valueRequired\":true,\"valueName\":\"search_term_string\"}}],\"inLanguage\":\"pt-BR\"},{\"@type\":\"Organization\",\"@id\":\"https:\\\/\\\/redenoticiaz.com.br\\\/ribeiraopreto-regiao\\\/#organization\",\"name\":\"Ribeir\u00e3o Preto e Regi\u00e3o\",\"url\":\"https:\\\/\\\/redenoticiaz.com.br\\\/ribeiraopreto-regiao\\\/\",\"logo\":{\"@type\":\"ImageObject\",\"inLanguage\":\"pt-BR\",\"@id\":\"https:\\\/\\\/redenoticiaz.com.br\\\/ribeiraopreto-regiao\\\/#\\\/schema\\\/logo\\\/image\\\/\",\"url\":\"https:\\\/\\\/redenoticiaz.com.br\\\/barretos-regiao\\\/wp-content\\\/uploads\\\/sites\\\/4\\\/2022\\\/02\\\/logo.jpg\",\"contentUrl\":\"https:\\\/\\\/redenoticiaz.com.br\\\/barretos-regiao\\\/wp-content\\\/uploads\\\/sites\\\/4\\\/2022\\\/02\\\/logo.jpg\",\"width\":400,\"height\":250,\"caption\":\"Ribeir\u00e3o Preto e Regi\u00e3o\"},\"image\":{\"@id\":\"https:\\\/\\\/redenoticiaz.com.br\\\/ribeiraopreto-regiao\\\/#\\\/schema\\\/logo\\\/image\\\/\"},\"sameAs\":[\"https:\\\/\\\/m.facebook.com\\\/redenoticiaz.barretos\",\"https:\\\/\\\/x.com\\\/RN_barretos\",\"https:\\\/\\\/www.instagram.com\\\/redenoticiaz.barretos\\\/?igshid=YmMyMTA2M2Y\",\"https:\\\/\\\/www.linkedin.com\\\/company\\\/rede-noticiaz-barretos-e-regio\\\/\"]},{\"@type\":\"Person\",\"@id\":\"\",\"url\":\"https:\\\/\\\/redenoticiaz.com.br\\\/ribeiraopreto-regiao\\\/sp\\\/author\"}]}<\/script>\n<!-- \/ Yoast SEO plugin. -->","yoast_head_json":{"title":"Flordelis \u00e9 condenada a 50 anos de pris\u00e3o - Ribeir\u00e3o Preto e Regi\u00e3o","description":"O Tribunal do J\u00fari de Niter\u00f3i condenou, neste domingo (13), a ex-deputada federal Flordelis dos Santos\u00a0a 50 anos e 28 dias de pris\u00e3o\u00a0pela morte do marido","robots":{"index":"index","follow":"follow","max-snippet":"max-snippet:-1","max-image-preview":"max-image-preview:large","max-video-preview":"max-video-preview:-1"},"canonical":"https:\/\/redenoticiaz.com.br\/ribeiraopreto-regiao\/sp\/2022\/11\/13\/flordelis-e-condenada-a-50-anos-de-prisao","og_locale":"pt_BR","og_type":"article","og_title":"Flordelis \u00e9 condenada a 50 anos de pris\u00e3o - Ribeir\u00e3o Preto e Regi\u00e3o","og_description":"O Tribunal do J\u00fari de Niter\u00f3i condenou, neste domingo (13), a ex-deputada federal Flordelis dos Santos\u00a0a 50 anos e 28 dias de pris\u00e3o\u00a0pela morte do marido","og_url":"https:\/\/redenoticiaz.com.br\/ribeiraopreto-regiao\/sp\/2022\/11\/13\/flordelis-e-condenada-a-50-anos-de-prisao","og_site_name":"Ribeir\u00e3o Preto e Regi\u00e3o","article_publisher":"https:\/\/m.facebook.com\/redenoticiaz.barretos","article_published_time":"2022-11-13T14:32:46+00:00","og_image":[{"width":1200,"height":628,"url":"https:\/\/redenoticiaz.com.br\/ribeiraopreto-regiao\/wp-content\/uploads\/sites\/4\/2022\/11\/Flordelis-e-condenada-a-50-anos-de-prisao.png","type":"image\/png"}],"twitter_card":"summary_large_image","twitter_creator":"@RN_barretos","twitter_site":"@RN_barretos","twitter_misc":{"Escrito por":"","Est. tempo de leitura":"2 minutos"},"schema":{"@context":"https:\/\/schema.org","@graph":[{"@type":"Article","@id":"https:\/\/redenoticiaz.com.br\/ribeiraopreto-regiao\/sp\/2022\/11\/13\/flordelis-e-condenada-a-50-anos-de-prisao#article","isPartOf":{"@id":"https:\/\/redenoticiaz.com.br\/ribeiraopreto-regiao\/sp\/2022\/11\/13\/flordelis-e-condenada-a-50-anos-de-prisao"},"author":{"name":"","@id":""},"headline":"Flordelis \u00e9 condenada a 50 anos de pris\u00e3o","datePublished":"2022-11-13T14:32:46+00:00","mainEntityOfPage":{"@id":"https:\/\/redenoticiaz.com.br\/ribeiraopreto-regiao\/sp\/2022\/11\/13\/flordelis-e-condenada-a-50-anos-de-prisao"},"wordCount":386,"commentCount":0,"publisher":{"@id":"https:\/\/redenoticiaz.com.br\/ribeiraopreto-regiao\/#organization"},"image":{"@id":"https:\/\/redenoticiaz.com.br\/ribeiraopreto-regiao\/sp\/2022\/11\/13\/flordelis-e-condenada-a-50-anos-de-prisao#primaryimage"},"thumbnailUrl":"https:\/\/redenoticiaz.com.br\/ribeiraopreto-regiao\/wp-content\/uploads\/sites\/4\/2022\/11\/Flordelis-e-condenada-a-50-anos-de-prisao.png","keywords":["ANDERSON DO CARMO","ASSASSINATO","CONDENADA","CRIME DE HOMIC\u00cdDIO","FLORDELIS"],"articleSection":["Pol\u00edcia"],"inLanguage":"pt-BR","potentialAction":[{"@type":"CommentAction","name":"Comment","target":["https:\/\/redenoticiaz.com.br\/ribeiraopreto-regiao\/sp\/2022\/11\/13\/flordelis-e-condenada-a-50-anos-de-prisao#respond"]}]},{"@type":"WebPage","@id":"https:\/\/redenoticiaz.com.br\/ribeiraopreto-regiao\/sp\/2022\/11\/13\/flordelis-e-condenada-a-50-anos-de-prisao","url":"https:\/\/redenoticiaz.com.br\/ribeiraopreto-regiao\/sp\/2022\/11\/13\/flordelis-e-condenada-a-50-anos-de-prisao","name":"Flordelis \u00e9 condenada a 50 anos de pris\u00e3o - Ribeir\u00e3o Preto e Regi\u00e3o","isPartOf":{"@id":"https:\/\/redenoticiaz.com.br\/ribeiraopreto-regiao\/#website"},"primaryImageOfPage":{"@id":"https:\/\/redenoticiaz.com.br\/ribeiraopreto-regiao\/sp\/2022\/11\/13\/flordelis-e-condenada-a-50-anos-de-prisao#primaryimage"},"image":{"@id":"https:\/\/redenoticiaz.com.br\/ribeiraopreto-regiao\/sp\/2022\/11\/13\/flordelis-e-condenada-a-50-anos-de-prisao#primaryimage"},"thumbnailUrl":"https:\/\/redenoticiaz.com.br\/ribeiraopreto-regiao\/wp-content\/uploads\/sites\/4\/2022\/11\/Flordelis-e-condenada-a-50-anos-de-prisao.png","datePublished":"2022-11-13T14:32:46+00:00","description":"O Tribunal do J\u00fari de Niter\u00f3i condenou, neste domingo (13), a ex-deputada federal Flordelis dos Santos\u00a0a 50 anos e 28 dias de pris\u00e3o\u00a0pela morte do marido","inLanguage":"pt-BR","potentialAction":[{"@type":"ReadAction","target":["https:\/\/redenoticiaz.com.br\/ribeiraopreto-regiao\/sp\/2022\/11\/13\/flordelis-e-condenada-a-50-anos-de-prisao"]}]},{"@type":"ImageObject","inLanguage":"pt-BR","@id":"https:\/\/redenoticiaz.com.br\/ribeiraopreto-regiao\/sp\/2022\/11\/13\/flordelis-e-condenada-a-50-anos-de-prisao#primaryimage","url":"https:\/\/redenoticiaz.com.br\/ribeiraopreto-regiao\/wp-content\/uploads\/sites\/4\/2022\/11\/Flordelis-e-condenada-a-50-anos-de-prisao.png","contentUrl":"https:\/\/redenoticiaz.com.br\/ribeiraopreto-regiao\/wp-content\/uploads\/sites\/4\/2022\/11\/Flordelis-e-condenada-a-50-anos-de-prisao.png","width":1200,"height":628,"caption":"Cr\u00e9dito: Reprodu\u00e7\u00e3o"},{"@type":"WebSite","@id":"https:\/\/redenoticiaz.com.br\/ribeiraopreto-regiao\/#website","url":"https:\/\/redenoticiaz.com.br\/ribeiraopreto-regiao\/","name":"Ribeir\u00e3o Preto e Regi\u00e3o","description":"Rede NoticiaZ - Ribeir\u00e3o Preto e regi\u00e3o","publisher":{"@id":"https:\/\/redenoticiaz.com.br\/ribeiraopreto-regiao\/#organization"},"potentialAction":[{"@type":"SearchAction","target":{"@type":"EntryPoint","urlTemplate":"https:\/\/redenoticiaz.com.br\/ribeiraopreto-regiao\/?s={search_term_string}"},"query-input":{"@type":"PropertyValueSpecification","valueRequired":true,"valueName":"search_term_string"}}],"inLanguage":"pt-BR"},{"@type":"Organization","@id":"https:\/\/redenoticiaz.com.br\/ribeiraopreto-regiao\/#organization","name":"Ribeir\u00e3o Preto e Regi\u00e3o","url":"https:\/\/redenoticiaz.com.br\/ribeiraopreto-regiao\/","logo":{"@type":"ImageObject","inLanguage":"pt-BR","@id":"https:\/\/redenoticiaz.com.br\/ribeiraopreto-regiao\/#\/schema\/logo\/image\/","url":"https:\/\/redenoticiaz.com.br\/barretos-regiao\/wp-content\/uploads\/sites\/4\/2022\/02\/logo.jpg","contentUrl":"https:\/\/redenoticiaz.com.br\/barretos-regiao\/wp-content\/uploads\/sites\/4\/2022\/02\/logo.jpg","width":400,"height":250,"caption":"Ribeir\u00e3o Preto e Regi\u00e3o"},"image":{"@id":"https:\/\/redenoticiaz.com.br\/ribeiraopreto-regiao\/#\/schema\/logo\/image\/"},"sameAs":["https:\/\/m.facebook.com\/redenoticiaz.barretos","https:\/\/x.com\/RN_barretos","https:\/\/www.instagram.com\/redenoticiaz.barretos\/?igshid=YmMyMTA2M2Y","https:\/\/www.linkedin.com\/company\/rede-noticiaz-barretos-e-regio\/"]},{"@type":"Person","@id":"","url":"https:\/\/redenoticiaz.com.br\/ribeiraopreto-regiao\/sp\/author"}]}},"_links":{"self":[{"href":"https:\/\/redenoticiaz.com.br\/ribeiraopreto-regiao\/wp-json\/wp\/v2\/posts\/94960","targetHints":{"allow":["GET"]}}],"collection":[{"href":"https:\/\/redenoticiaz.com.br\/ribeiraopreto-regiao\/wp-json\/wp\/v2\/posts"}],"about":[{"href":"https:\/\/redenoticiaz.com.br\/ribeiraopreto-regiao\/wp-json\/wp\/v2\/types\/post"}],"author":[{"embeddable":true,"href":"https:\/\/redenoticiaz.com.br\/ribeiraopreto-regiao\/wp-json\/wp\/v2\/users\/15"}],"replies":[{"embeddable":true,"href":"https:\/\/redenoticiaz.com.br\/ribeiraopreto-regiao\/wp-json\/wp\/v2\/comments?post=94960"}],"version-history":[{"count":1,"href":"https:\/\/redenoticiaz.com.br\/ribeiraopreto-regiao\/wp-json\/wp\/v2\/posts\/94960\/revisions"}],"predecessor-version":[{"id":94962,"href":"https:\/\/redenoticiaz.com.br\/ribeiraopreto-regiao\/wp-json\/wp\/v2\/posts\/94960\/revisions\/94962"}],"wp:featuredmedia":[{"embeddable":true,"href":"https:\/\/redenoticiaz.com.br\/ribeiraopreto-regiao\/wp-json\/wp\/v2\/media\/94961"}],"wp:attachment":[{"href":"https:\/\/redenoticiaz.com.br\/ribeiraopreto-regiao\/wp-json\/wp\/v2\/media?parent=94960"}],"wp:term":[{"taxonomy":"category","embeddable":true,"href":"https:\/\/redenoticiaz.com.br\/ribeiraopreto-regiao\/wp-json\/wp\/v2\/categories?post=94960"},{"taxonomy":"post_tag","embeddable":true,"href":"https:\/\/redenoticiaz.com.br\/ribeiraopreto-regiao\/wp-json\/wp\/v2\/tags?post=94960"}],"curies":[{"name":"wp","href":"https:\/\/api.w.org\/{rel}","templated":true}]}}