{"id":94971,"date":"2022-11-13T13:05:19","date_gmt":"2022-11-13T16:05:19","guid":{"rendered":"https:\/\/redenoticiaz.com.br\/barretos-regiao\/?p=94971"},"modified":"2022-11-13T13:05:19","modified_gmt":"2022-11-13T16:05:19","slug":"adolescente-e-vitima-de-importunacao-sexual-em-terminal-de-onibus","status":"publish","type":"post","link":"https:\/\/redenoticiaz.com.br\/ribeiraopreto-regiao\/sp\/2022\/11\/13\/adolescente-e-vitima-de-importunacao-sexual-em-terminal-de-onibus","title":{"rendered":"Adolescente \u00e9 v\u00edtima de importuna\u00e7\u00e3o sexual em terminal de \u00f4nibus"},"content":{"rendered":"<p>Uma adolescente de 15 anos, acompanhada por seu pai, foi at\u00e9 a delegacia de Barretos e relatou ter sido v\u00edtima de importuna\u00e7\u00e3o sexual.<\/p>\n<p>De acordo com o relato da adolescente, por volta das 15h55,\u00a0 estava no terminal rodovi\u00e1rio de Barretos, quando um homem aparentando 50 anos, teria vindo por tr\u00e1s dela e deliberadamente encostou o corpo dele junto ao corpo da adolescente.<\/p>\n<p>O homem ainda colocou o chap\u00e9u dele na cabe\u00e7a da adolescente, ocasi\u00e3o em que ela tirou o chap\u00e9u da cabe\u00e7a e caminhou de forma apressada em dire\u00e7\u00e3o ao \u00f4nibus. O homem entrou no \u00f4nibus logo em seguida, mas n\u00e3o tentou mais nada, tendo ficado apenas \u201cencarando\u201d a v\u00edtima. Ela desceu do \u00f4nibus no bairro S\u00e3o Francisco, pr\u00f3ximo \u00e0 Unidade B\u00e1sica de Sa\u00fade, ali existente.<\/p>\n<p>Ainda de acordo com a adolescente, o homem trajava cal\u00e7a jeans, camiseta verde e chap\u00e9u branco, tendo ela comentado os fatos com o motorista do \u00f4nibus e ele lhe informou que o mesmo indiv\u00edduo j\u00e1 havia<br \/>\nagido de forma semelhante em outra ocasi\u00e3o (importunando sexualmente outra pessoa).<\/p>\n<p>VEJA TAMB\u00c9M:\u00a0<a href=\"https:\/\/redenoticiaz.com.br\/barretos-regiao\/sp\/2022\/11\/13\/atleta-morre-apos-ser-ferido-com-faca-por-mulher\">Atleta morre ap\u00f3s ser ferido com faca por mulher<\/a><\/p>\n","protected":false},"excerpt":{"rendered":"<p>Uma adolescente de 15 anos, acompanhada por seu pai, foi at\u00e9 a delegacia de Barretos e relatou ter sido v\u00edtima de importuna\u00e7\u00e3o sexual. De acordo com o relato da adolescente, por volta das 15h55,\u00a0 estava no terminal rodovi\u00e1rio de Barretos, quando um homem aparentando 50 anos, teria vindo por tr\u00e1s dela e deliberadamente encostou o &hellip;<\/p>\n","protected":false},"author":15,"featured_media":94974,"comment_status":"open","ping_status":"closed","sticky":false,"template":"","format":"standard","meta":{"footnotes":""},"categories":[88],"tags":[1015,18424,21988],"class_list":["post-94971","post","type-post","status-publish","format-standard","has-post-thumbnail","hentry","category-policia","tag-adolescente","tag-importunacao-sexual","tag-terminal-de-onibus"],"yoast_head":"<!-- This site is optimized with the Yoast SEO plugin v28.3 - https:\/\/yoast.com\/product\/yoast-seo-wordpress\/ -->\n<title>Adolescente \u00e9 v\u00edtima de importuna\u00e7\u00e3o sexual em terminal de \u00f4nibus - Ribeir\u00e3o Preto e Regi\u00e3o<\/title>\n<meta name=\"description\" content=\"Uma adolescente de 15 anos, acompanhada por seu pai, foi at\u00e9 a delegacia de Barretos e relatou ter sido v\u00edtima de importuna\u00e7\u00e3o sexual...\" \/>\n<meta name=\"robots\" content=\"index, follow, max-snippet:-1, max-image-preview:large, max-video-preview:-1\" \/>\n<link rel=\"canonical\" href=\"https:\/\/redenoticiaz.com.br\/ribeiraopreto-regiao\/sp\/2022\/11\/13\/adolescente-e-vitima-de-importunacao-sexual-em-terminal-de-onibus\" \/>\n<meta property=\"og:locale\" content=\"pt_BR\" \/>\n<meta property=\"og:type\" content=\"article\" \/>\n<meta property=\"og:title\" content=\"Adolescente \u00e9 v\u00edtima de importuna\u00e7\u00e3o sexual em terminal de \u00f4nibus - Ribeir\u00e3o Preto e Regi\u00e3o\" \/>\n<meta property=\"og:description\" content=\"Uma adolescente de 15 anos, acompanhada por seu pai, foi at\u00e9 a delegacia de Barretos e relatou ter sido v\u00edtima de importuna\u00e7\u00e3o sexual...\" \/>\n<meta property=\"og:url\" content=\"https:\/\/redenoticiaz.com.br\/ribeiraopreto-regiao\/sp\/2022\/11\/13\/adolescente-e-vitima-de-importunacao-sexual-em-terminal-de-onibus\" \/>\n<meta property=\"og:site_name\" content=\"Ribeir\u00e3o Preto e Regi\u00e3o\" \/>\n<meta property=\"article:publisher\" content=\"https:\/\/m.facebook.com\/redenoticiaz.barretos\" \/>\n<meta property=\"article:published_time\" content=\"2022-11-13T16:05:19+00:00\" \/>\n<meta property=\"og:image\" content=\"https:\/\/redenoticiaz.com.br\/ribeiraopreto-regiao\/wp-content\/uploads\/sites\/4\/2022\/11\/night-time-police-intervention-2021-08-26-23-04-19-utc-1-scaled.jpg\" \/>\n\t<meta property=\"og:image:width\" content=\"1777\" \/>\n\t<meta property=\"og:image:height\" content=\"1080\" \/>\n\t<meta property=\"og:image:type\" content=\"image\/jpeg\" \/>\n<meta name=\"twitter:card\" content=\"summary_large_image\" \/>\n<meta name=\"twitter:creator\" content=\"@RN_barretos\" \/>\n<meta name=\"twitter:site\" content=\"@RN_barretos\" \/>\n<meta name=\"twitter:label1\" content=\"Escrito por\" \/>\n\t<meta name=\"twitter:data1\" content=\"\" \/>\n\t<meta name=\"twitter:label2\" content=\"Est. tempo de leitura\" \/>\n\t<meta name=\"twitter:data2\" content=\"2 minutos\" \/>\n<script type=\"application\/ld+json\" class=\"yoast-schema-graph\">{\"@context\":\"https:\\\/\\\/schema.org\",\"@graph\":[{\"@type\":\"Article\",\"@id\":\"https:\\\/\\\/redenoticiaz.com.br\\\/ribeiraopreto-regiao\\\/sp\\\/2022\\\/11\\\/13\\\/adolescente-e-vitima-de-importunacao-sexual-em-terminal-de-onibus#article\",\"isPartOf\":{\"@id\":\"https:\\\/\\\/redenoticiaz.com.br\\\/ribeiraopreto-regiao\\\/sp\\\/2022\\\/11\\\/13\\\/adolescente-e-vitima-de-importunacao-sexual-em-terminal-de-onibus\"},\"author\":{\"name\":\"\",\"@id\":\"\"},\"headline\":\"Adolescente \u00e9 v\u00edtima de importuna\u00e7\u00e3o sexual em terminal de \u00f4nibus\",\"datePublished\":\"2022-11-13T16:05:19+00:00\",\"mainEntityOfPage\":{\"@id\":\"https:\\\/\\\/redenoticiaz.com.br\\\/ribeiraopreto-regiao\\\/sp\\\/2022\\\/11\\\/13\\\/adolescente-e-vitima-de-importunacao-sexual-em-terminal-de-onibus\"},\"wordCount\":214,\"commentCount\":0,\"publisher\":{\"@id\":\"https:\\\/\\\/redenoticiaz.com.br\\\/ribeiraopreto-regiao\\\/#organization\"},\"image\":{\"@id\":\"https:\\\/\\\/redenoticiaz.com.br\\\/ribeiraopreto-regiao\\\/sp\\\/2022\\\/11\\\/13\\\/adolescente-e-vitima-de-importunacao-sexual-em-terminal-de-onibus#primaryimage\"},\"thumbnailUrl\":\"https:\\\/\\\/redenoticiaz.com.br\\\/ribeiraopreto-regiao\\\/wp-content\\\/uploads\\\/sites\\\/4\\\/2022\\\/11\\\/night-time-police-intervention-2021-08-26-23-04-19-utc-1-scaled.jpg\",\"keywords\":[\"ADOLESCENTE\",\"IMPORTUNA\u00c7\u00c3O SEXUAL\",\"TERMINAL DE \u00d4NIBUS\"],\"articleSection\":[\"Pol\u00edcia\"],\"inLanguage\":\"pt-BR\",\"potentialAction\":[{\"@type\":\"CommentAction\",\"name\":\"Comment\",\"target\":[\"https:\\\/\\\/redenoticiaz.com.br\\\/ribeiraopreto-regiao\\\/sp\\\/2022\\\/11\\\/13\\\/adolescente-e-vitima-de-importunacao-sexual-em-terminal-de-onibus#respond\"]}]},{\"@type\":\"WebPage\",\"@id\":\"https:\\\/\\\/redenoticiaz.com.br\\\/ribeiraopreto-regiao\\\/sp\\\/2022\\\/11\\\/13\\\/adolescente-e-vitima-de-importunacao-sexual-em-terminal-de-onibus\",\"url\":\"https:\\\/\\\/redenoticiaz.com.br\\\/ribeiraopreto-regiao\\\/sp\\\/2022\\\/11\\\/13\\\/adolescente-e-vitima-de-importunacao-sexual-em-terminal-de-onibus\",\"name\":\"Adolescente \u00e9 v\u00edtima de importuna\u00e7\u00e3o sexual em terminal de \u00f4nibus - Ribeir\u00e3o Preto e Regi\u00e3o\",\"isPartOf\":{\"@id\":\"https:\\\/\\\/redenoticiaz.com.br\\\/ribeiraopreto-regiao\\\/#website\"},\"primaryImageOfPage\":{\"@id\":\"https:\\\/\\\/redenoticiaz.com.br\\\/ribeiraopreto-regiao\\\/sp\\\/2022\\\/11\\\/13\\\/adolescente-e-vitima-de-importunacao-sexual-em-terminal-de-onibus#primaryimage\"},\"image\":{\"@id\":\"https:\\\/\\\/redenoticiaz.com.br\\\/ribeiraopreto-regiao\\\/sp\\\/2022\\\/11\\\/13\\\/adolescente-e-vitima-de-importunacao-sexual-em-terminal-de-onibus#primaryimage\"},\"thumbnailUrl\":\"https:\\\/\\\/redenoticiaz.com.br\\\/ribeiraopreto-regiao\\\/wp-content\\\/uploads\\\/sites\\\/4\\\/2022\\\/11\\\/night-time-police-intervention-2021-08-26-23-04-19-utc-1-scaled.jpg\",\"datePublished\":\"2022-11-13T16:05:19+00:00\",\"description\":\"Uma adolescente de 15 anos, acompanhada por seu pai, foi at\u00e9 a delegacia de Barretos e relatou ter sido v\u00edtima de importuna\u00e7\u00e3o sexual...\",\"inLanguage\":\"pt-BR\",\"potentialAction\":[{\"@type\":\"ReadAction\",\"target\":[\"https:\\\/\\\/redenoticiaz.com.br\\\/ribeiraopreto-regiao\\\/sp\\\/2022\\\/11\\\/13\\\/adolescente-e-vitima-de-importunacao-sexual-em-terminal-de-onibus\"]}]},{\"@type\":\"ImageObject\",\"inLanguage\":\"pt-BR\",\"@id\":\"https:\\\/\\\/redenoticiaz.com.br\\\/ribeiraopreto-regiao\\\/sp\\\/2022\\\/11\\\/13\\\/adolescente-e-vitima-de-importunacao-sexual-em-terminal-de-onibus#primaryimage\",\"url\":\"https:\\\/\\\/redenoticiaz.com.br\\\/ribeiraopreto-regiao\\\/wp-content\\\/uploads\\\/sites\\\/4\\\/2022\\\/11\\\/night-time-police-intervention-2021-08-26-23-04-19-utc-1-scaled.jpg\",\"contentUrl\":\"https:\\\/\\\/redenoticiaz.com.br\\\/ribeiraopreto-regiao\\\/wp-content\\\/uploads\\\/sites\\\/4\\\/2022\\\/11\\\/night-time-police-intervention-2021-08-26-23-04-19-utc-1-scaled.jpg\",\"width\":1777,\"height\":1080,\"caption\":\"Cr\u00e9dito: Reprodu\u00e7\u00e3o\"},{\"@type\":\"WebSite\",\"@id\":\"https:\\\/\\\/redenoticiaz.com.br\\\/ribeiraopreto-regiao\\\/#website\",\"url\":\"https:\\\/\\\/redenoticiaz.com.br\\\/ribeiraopreto-regiao\\\/\",\"name\":\"Ribeir\u00e3o Preto e Regi\u00e3o\",\"description\":\"Rede NoticiaZ - Ribeir\u00e3o Preto e regi\u00e3o\",\"publisher\":{\"@id\":\"https:\\\/\\\/redenoticiaz.com.br\\\/ribeiraopreto-regiao\\\/#organization\"},\"potentialAction\":[{\"@type\":\"SearchAction\",\"target\":{\"@type\":\"EntryPoint\",\"urlTemplate\":\"https:\\\/\\\/redenoticiaz.com.br\\\/ribeiraopreto-regiao\\\/?s={search_term_string}\"},\"query-input\":{\"@type\":\"PropertyValueSpecification\",\"valueRequired\":true,\"valueName\":\"search_term_string\"}}],\"inLanguage\":\"pt-BR\"},{\"@type\":\"Organization\",\"@id\":\"https:\\\/\\\/redenoticiaz.com.br\\\/ribeiraopreto-regiao\\\/#organization\",\"name\":\"Ribeir\u00e3o Preto e Regi\u00e3o\",\"url\":\"https:\\\/\\\/redenoticiaz.com.br\\\/ribeiraopreto-regiao\\\/\",\"logo\":{\"@type\":\"ImageObject\",\"inLanguage\":\"pt-BR\",\"@id\":\"https:\\\/\\\/redenoticiaz.com.br\\\/ribeiraopreto-regiao\\\/#\\\/schema\\\/logo\\\/image\\\/\",\"url\":\"https:\\\/\\\/redenoticiaz.com.br\\\/barretos-regiao\\\/wp-content\\\/uploads\\\/sites\\\/4\\\/2022\\\/02\\\/logo.jpg\",\"contentUrl\":\"https:\\\/\\\/redenoticiaz.com.br\\\/barretos-regiao\\\/wp-content\\\/uploads\\\/sites\\\/4\\\/2022\\\/02\\\/logo.jpg\",\"width\":400,\"height\":250,\"caption\":\"Ribeir\u00e3o Preto e Regi\u00e3o\"},\"image\":{\"@id\":\"https:\\\/\\\/redenoticiaz.com.br\\\/ribeiraopreto-regiao\\\/#\\\/schema\\\/logo\\\/image\\\/\"},\"sameAs\":[\"https:\\\/\\\/m.facebook.com\\\/redenoticiaz.barretos\",\"https:\\\/\\\/x.com\\\/RN_barretos\",\"https:\\\/\\\/www.instagram.com\\\/redenoticiaz.barretos\\\/?igshid=YmMyMTA2M2Y\",\"https:\\\/\\\/www.linkedin.com\\\/company\\\/rede-noticiaz-barretos-e-regio\\\/\"]},{\"@type\":\"Person\",\"@id\":\"\",\"url\":\"https:\\\/\\\/redenoticiaz.com.br\\\/ribeiraopreto-regiao\\\/sp\\\/author\"}]}<\/script>\n<!-- \/ Yoast SEO plugin. -->","yoast_head_json":{"title":"Adolescente \u00e9 v\u00edtima de importuna\u00e7\u00e3o sexual em terminal de \u00f4nibus - Ribeir\u00e3o Preto e Regi\u00e3o","description":"Uma adolescente de 15 anos, acompanhada por seu pai, foi at\u00e9 a delegacia de Barretos e relatou ter sido v\u00edtima de importuna\u00e7\u00e3o sexual...","robots":{"index":"index","follow":"follow","max-snippet":"max-snippet:-1","max-image-preview":"max-image-preview:large","max-video-preview":"max-video-preview:-1"},"canonical":"https:\/\/redenoticiaz.com.br\/ribeiraopreto-regiao\/sp\/2022\/11\/13\/adolescente-e-vitima-de-importunacao-sexual-em-terminal-de-onibus","og_locale":"pt_BR","og_type":"article","og_title":"Adolescente \u00e9 v\u00edtima de importuna\u00e7\u00e3o sexual em terminal de \u00f4nibus - Ribeir\u00e3o Preto e Regi\u00e3o","og_description":"Uma adolescente de 15 anos, acompanhada por seu pai, foi at\u00e9 a delegacia de Barretos e relatou ter sido v\u00edtima de importuna\u00e7\u00e3o sexual...","og_url":"https:\/\/redenoticiaz.com.br\/ribeiraopreto-regiao\/sp\/2022\/11\/13\/adolescente-e-vitima-de-importunacao-sexual-em-terminal-de-onibus","og_site_name":"Ribeir\u00e3o Preto e Regi\u00e3o","article_publisher":"https:\/\/m.facebook.com\/redenoticiaz.barretos","article_published_time":"2022-11-13T16:05:19+00:00","og_image":[{"width":1777,"height":1080,"url":"https:\/\/redenoticiaz.com.br\/ribeiraopreto-regiao\/wp-content\/uploads\/sites\/4\/2022\/11\/night-time-police-intervention-2021-08-26-23-04-19-utc-1-scaled.jpg","type":"image\/jpeg"}],"twitter_card":"summary_large_image","twitter_creator":"@RN_barretos","twitter_site":"@RN_barretos","twitter_misc":{"Escrito por":"","Est. tempo de leitura":"2 minutos"},"schema":{"@context":"https:\/\/schema.org","@graph":[{"@type":"Article","@id":"https:\/\/redenoticiaz.com.br\/ribeiraopreto-regiao\/sp\/2022\/11\/13\/adolescente-e-vitima-de-importunacao-sexual-em-terminal-de-onibus#article","isPartOf":{"@id":"https:\/\/redenoticiaz.com.br\/ribeiraopreto-regiao\/sp\/2022\/11\/13\/adolescente-e-vitima-de-importunacao-sexual-em-terminal-de-onibus"},"author":{"name":"","@id":""},"headline":"Adolescente \u00e9 v\u00edtima de importuna\u00e7\u00e3o sexual em terminal de \u00f4nibus","datePublished":"2022-11-13T16:05:19+00:00","mainEntityOfPage":{"@id":"https:\/\/redenoticiaz.com.br\/ribeiraopreto-regiao\/sp\/2022\/11\/13\/adolescente-e-vitima-de-importunacao-sexual-em-terminal-de-onibus"},"wordCount":214,"commentCount":0,"publisher":{"@id":"https:\/\/redenoticiaz.com.br\/ribeiraopreto-regiao\/#organization"},"image":{"@id":"https:\/\/redenoticiaz.com.br\/ribeiraopreto-regiao\/sp\/2022\/11\/13\/adolescente-e-vitima-de-importunacao-sexual-em-terminal-de-onibus#primaryimage"},"thumbnailUrl":"https:\/\/redenoticiaz.com.br\/ribeiraopreto-regiao\/wp-content\/uploads\/sites\/4\/2022\/11\/night-time-police-intervention-2021-08-26-23-04-19-utc-1-scaled.jpg","keywords":["ADOLESCENTE","IMPORTUNA\u00c7\u00c3O SEXUAL","TERMINAL DE \u00d4NIBUS"],"articleSection":["Pol\u00edcia"],"inLanguage":"pt-BR","potentialAction":[{"@type":"CommentAction","name":"Comment","target":["https:\/\/redenoticiaz.com.br\/ribeiraopreto-regiao\/sp\/2022\/11\/13\/adolescente-e-vitima-de-importunacao-sexual-em-terminal-de-onibus#respond"]}]},{"@type":"WebPage","@id":"https:\/\/redenoticiaz.com.br\/ribeiraopreto-regiao\/sp\/2022\/11\/13\/adolescente-e-vitima-de-importunacao-sexual-em-terminal-de-onibus","url":"https:\/\/redenoticiaz.com.br\/ribeiraopreto-regiao\/sp\/2022\/11\/13\/adolescente-e-vitima-de-importunacao-sexual-em-terminal-de-onibus","name":"Adolescente \u00e9 v\u00edtima de importuna\u00e7\u00e3o sexual em terminal de \u00f4nibus - Ribeir\u00e3o Preto e Regi\u00e3o","isPartOf":{"@id":"https:\/\/redenoticiaz.com.br\/ribeiraopreto-regiao\/#website"},"primaryImageOfPage":{"@id":"https:\/\/redenoticiaz.com.br\/ribeiraopreto-regiao\/sp\/2022\/11\/13\/adolescente-e-vitima-de-importunacao-sexual-em-terminal-de-onibus#primaryimage"},"image":{"@id":"https:\/\/redenoticiaz.com.br\/ribeiraopreto-regiao\/sp\/2022\/11\/13\/adolescente-e-vitima-de-importunacao-sexual-em-terminal-de-onibus#primaryimage"},"thumbnailUrl":"https:\/\/redenoticiaz.com.br\/ribeiraopreto-regiao\/wp-content\/uploads\/sites\/4\/2022\/11\/night-time-police-intervention-2021-08-26-23-04-19-utc-1-scaled.jpg","datePublished":"2022-11-13T16:05:19+00:00","description":"Uma adolescente de 15 anos, acompanhada por seu pai, foi at\u00e9 a delegacia de Barretos e relatou ter sido v\u00edtima de importuna\u00e7\u00e3o sexual...","inLanguage":"pt-BR","potentialAction":[{"@type":"ReadAction","target":["https:\/\/redenoticiaz.com.br\/ribeiraopreto-regiao\/sp\/2022\/11\/13\/adolescente-e-vitima-de-importunacao-sexual-em-terminal-de-onibus"]}]},{"@type":"ImageObject","inLanguage":"pt-BR","@id":"https:\/\/redenoticiaz.com.br\/ribeiraopreto-regiao\/sp\/2022\/11\/13\/adolescente-e-vitima-de-importunacao-sexual-em-terminal-de-onibus#primaryimage","url":"https:\/\/redenoticiaz.com.br\/ribeiraopreto-regiao\/wp-content\/uploads\/sites\/4\/2022\/11\/night-time-police-intervention-2021-08-26-23-04-19-utc-1-scaled.jpg","contentUrl":"https:\/\/redenoticiaz.com.br\/ribeiraopreto-regiao\/wp-content\/uploads\/sites\/4\/2022\/11\/night-time-police-intervention-2021-08-26-23-04-19-utc-1-scaled.jpg","width":1777,"height":1080,"caption":"Cr\u00e9dito: Reprodu\u00e7\u00e3o"},{"@type":"WebSite","@id":"https:\/\/redenoticiaz.com.br\/ribeiraopreto-regiao\/#website","url":"https:\/\/redenoticiaz.com.br\/ribeiraopreto-regiao\/","name":"Ribeir\u00e3o Preto e Regi\u00e3o","description":"Rede NoticiaZ - Ribeir\u00e3o Preto e regi\u00e3o","publisher":{"@id":"https:\/\/redenoticiaz.com.br\/ribeiraopreto-regiao\/#organization"},"potentialAction":[{"@type":"SearchAction","target":{"@type":"EntryPoint","urlTemplate":"https:\/\/redenoticiaz.com.br\/ribeiraopreto-regiao\/?s={search_term_string}"},"query-input":{"@type":"PropertyValueSpecification","valueRequired":true,"valueName":"search_term_string"}}],"inLanguage":"pt-BR"},{"@type":"Organization","@id":"https:\/\/redenoticiaz.com.br\/ribeiraopreto-regiao\/#organization","name":"Ribeir\u00e3o Preto e Regi\u00e3o","url":"https:\/\/redenoticiaz.com.br\/ribeiraopreto-regiao\/","logo":{"@type":"ImageObject","inLanguage":"pt-BR","@id":"https:\/\/redenoticiaz.com.br\/ribeiraopreto-regiao\/#\/schema\/logo\/image\/","url":"https:\/\/redenoticiaz.com.br\/barretos-regiao\/wp-content\/uploads\/sites\/4\/2022\/02\/logo.jpg","contentUrl":"https:\/\/redenoticiaz.com.br\/barretos-regiao\/wp-content\/uploads\/sites\/4\/2022\/02\/logo.jpg","width":400,"height":250,"caption":"Ribeir\u00e3o Preto e Regi\u00e3o"},"image":{"@id":"https:\/\/redenoticiaz.com.br\/ribeiraopreto-regiao\/#\/schema\/logo\/image\/"},"sameAs":["https:\/\/m.facebook.com\/redenoticiaz.barretos","https:\/\/x.com\/RN_barretos","https:\/\/www.instagram.com\/redenoticiaz.barretos\/?igshid=YmMyMTA2M2Y","https:\/\/www.linkedin.com\/company\/rede-noticiaz-barretos-e-regio\/"]},{"@type":"Person","@id":"","url":"https:\/\/redenoticiaz.com.br\/ribeiraopreto-regiao\/sp\/author"}]}},"_links":{"self":[{"href":"https:\/\/redenoticiaz.com.br\/ribeiraopreto-regiao\/wp-json\/wp\/v2\/posts\/94971","targetHints":{"allow":["GET"]}}],"collection":[{"href":"https:\/\/redenoticiaz.com.br\/ribeiraopreto-regiao\/wp-json\/wp\/v2\/posts"}],"about":[{"href":"https:\/\/redenoticiaz.com.br\/ribeiraopreto-regiao\/wp-json\/wp\/v2\/types\/post"}],"author":[{"embeddable":true,"href":"https:\/\/redenoticiaz.com.br\/ribeiraopreto-regiao\/wp-json\/wp\/v2\/users\/15"}],"replies":[{"embeddable":true,"href":"https:\/\/redenoticiaz.com.br\/ribeiraopreto-regiao\/wp-json\/wp\/v2\/comments?post=94971"}],"version-history":[{"count":1,"href":"https:\/\/redenoticiaz.com.br\/ribeiraopreto-regiao\/wp-json\/wp\/v2\/posts\/94971\/revisions"}],"predecessor-version":[{"id":94975,"href":"https:\/\/redenoticiaz.com.br\/ribeiraopreto-regiao\/wp-json\/wp\/v2\/posts\/94971\/revisions\/94975"}],"wp:featuredmedia":[{"embeddable":true,"href":"https:\/\/redenoticiaz.com.br\/ribeiraopreto-regiao\/wp-json\/wp\/v2\/media\/94974"}],"wp:attachment":[{"href":"https:\/\/redenoticiaz.com.br\/ribeiraopreto-regiao\/wp-json\/wp\/v2\/media?parent=94971"}],"wp:term":[{"taxonomy":"category","embeddable":true,"href":"https:\/\/redenoticiaz.com.br\/ribeiraopreto-regiao\/wp-json\/wp\/v2\/categories?post=94971"},{"taxonomy":"post_tag","embeddable":true,"href":"https:\/\/redenoticiaz.com.br\/ribeiraopreto-regiao\/wp-json\/wp\/v2\/tags?post=94971"}],"curies":[{"name":"wp","href":"https:\/\/api.w.org\/{rel}","templated":true}]}}