{"id":95076,"date":"2022-11-15T11:31:29","date_gmt":"2022-11-15T14:31:29","guid":{"rendered":"https:\/\/redenoticiaz.com.br\/barretos-regiao\/?p=95076"},"modified":"2022-11-15T11:31:29","modified_gmt":"2022-11-15T14:31:29","slug":"prefeitura-realiza-acoes-de-conscientizacao-sobre-novembro-azul","status":"publish","type":"post","link":"https:\/\/redenoticiaz.com.br\/ribeiraopreto-regiao\/sp\/2022\/11\/15\/prefeitura-realiza-acoes-de-conscientizacao-sobre-novembro-azul","title":{"rendered":"Prefeitura realiza a\u00e7\u00f5es de conscientiza\u00e7\u00e3o sobre Novembro Azul"},"content":{"rendered":"<div>Barretos realiza neste m\u00eas conscientiza\u00e7\u00e3o sobre a import\u00e2ncia da sa\u00fade masculina, na campanha Novembro Azul.\u00a0 Os servidores receberam orienta\u00e7\u00f5es m\u00e9dicas e da coordenadora do Programa Municipal IST\/HIV\/AIDS.<\/div>\n<div><\/div>\n<div>Ao longo do m\u00eas, a\u00e7\u00f5es para conscientiza\u00e7\u00e3o da popula\u00e7\u00e3o tamb\u00e9m s\u00e3o realizadas nas Unidades B\u00e1sicas de Sa\u00fade (UBSs), Unidades de Sa\u00fade da Fam\u00edlia (USFs) e em outros pontos do munic\u00edpio.<\/div>\n<div><\/div>\n<div>\n<div>\n<div><b>Testagens de ISTs e HIV<\/b><\/div>\n<div><\/div>\n<div>A coordenadora do Programa Municipal IST\/HIV\/AIDS, Cec\u00edlia dos Reis, apresentou as orienta\u00e7\u00f5es sobre testagens para HIV, S\u00edfilis e Hepatites B e C.<\/div>\n<div><\/div>\n<div>&#8220;\u00c9 muito importante que todas as pessoas que t\u00eam vida sexual ativa fa\u00e7am os testes r\u00e1pidos para HIV, S\u00edfilis e Hepatites B e C. Teste \u00e9 preven\u00e7\u00e3o. Se algu\u00e9m descobre essas doen\u00e7as, j\u00e1 trata. S\u00edfilis tem cura; para hepatites e HIV, h\u00e1 tratamento&#8221;, afirmou.<\/div>\n<div><\/div>\n<div>Ela recomendou que homens e mulheres procurem uma UBS ou USF da cidade ou a Casa Rosa, fa\u00e7am o teste e saiam de l\u00e1 sem d\u00favidas.<\/div>\n<\/div>\n<\/div>\n<div><\/div>\n<div>\n<div><b>A\u00e7\u00f5es para os servidores<\/b><\/div>\n<\/div>\n<div><\/div>\n<div>Secretaria Municipal de Sa\u00fade, foi proporcionada aos servidores a possibilidade de calcular o \u00edndice de massa corporal (IMC).<\/div>\n<div><\/div>\n<div>O educador f\u00edsico Tadeu Cardoso de Almeida explicou como o peso corporal est\u00e1 relacionado \u00e0 sa\u00fade. &#8220;Controlando o peso, tem menos chance de vir a ter comorbidades como diabetes, colesterol, triglic\u00e9rides&#8221;, destacou. Tadeu ressaltou que, a partir do c\u00e1lculo de IMC, pode se direcionar a pessoa para melhores h\u00e1bitos alimentares. &#8220;E para que, com aux\u00edlio de profissional de educa\u00e7\u00e3o f\u00edsica, fique mais ativa&#8221;, afirmou.<\/div>\n<div><\/div>\n<div>VEJA TAMB\u00c9M:\u00a0<a href=\"https:\/\/redenoticiaz.com.br\/barretos-regiao\/sp\/2022\/11\/14\/covid-19-universidades-voltam-a-recomendar-o-uso-de-mascara-em-ambientes-fechados\">Covid-19: universidades voltam a recomendar o uso de m\u00e1scara em ambientes fechados<\/a><\/div>\n","protected":false},"excerpt":{"rendered":"<p>Barretos realiza neste m\u00eas conscientiza\u00e7\u00e3o sobre a import\u00e2ncia da sa\u00fade masculina, na campanha Novembro Azul.\u00a0 Os servidores receberam orienta\u00e7\u00f5es m\u00e9dicas e da coordenadora do Programa Municipal IST\/HIV\/AIDS. Ao longo do m\u00eas, a\u00e7\u00f5es para conscientiza\u00e7\u00e3o da popula\u00e7\u00e3o tamb\u00e9m s\u00e3o realizadas nas Unidades B\u00e1sicas de Sa\u00fade (UBSs), Unidades de Sa\u00fade da Fam\u00edlia (USFs) e em outros pontos &hellip;<\/p>\n","protected":false},"author":15,"featured_media":95077,"comment_status":"open","ping_status":"closed","sticky":false,"template":"","format":"standard","meta":{"footnotes":""},"categories":[129],"tags":[22030,22033,14673,22031,22032],"class_list":["post-95076","post","type-post","status-publish","format-standard","has-post-thumbnail","hentry","category-saude","tag-bovembro-azul","tag-hepatites","tag-hiv","tag-orientacao-medica","tag-sifilis"],"yoast_head":"<!-- This site is optimized with the Yoast SEO plugin v27.5 - https:\/\/yoast.com\/product\/yoast-seo-wordpress\/ -->\n<title>Prefeitura realiza a\u00e7\u00f5es de conscientiza\u00e7\u00e3o sobre Novembro Azul - Ribeir\u00e3o Preto e Regi\u00e3o<\/title>\n<meta name=\"description\" content=\"Barretos realiza neste m\u00eas conscientiza\u00e7\u00e3o sobre a import\u00e2ncia da sa\u00fade masculina, na campanha Novembro Azul.\" \/>\n<meta name=\"robots\" content=\"index, follow, max-snippet:-1, max-image-preview:large, max-video-preview:-1\" \/>\n<link rel=\"canonical\" href=\"https:\/\/redenoticiaz.com.br\/ribeiraopreto-regiao\/sp\/2022\/11\/15\/prefeitura-realiza-acoes-de-conscientizacao-sobre-novembro-azul\" \/>\n<meta property=\"og:locale\" content=\"pt_BR\" \/>\n<meta property=\"og:type\" content=\"article\" \/>\n<meta property=\"og:title\" content=\"Prefeitura realiza a\u00e7\u00f5es de conscientiza\u00e7\u00e3o sobre Novembro Azul - Ribeir\u00e3o Preto e Regi\u00e3o\" \/>\n<meta property=\"og:description\" content=\"Barretos realiza neste m\u00eas conscientiza\u00e7\u00e3o sobre a import\u00e2ncia da sa\u00fade masculina, na campanha Novembro Azul.\" \/>\n<meta property=\"og:url\" content=\"https:\/\/redenoticiaz.com.br\/ribeiraopreto-regiao\/sp\/2022\/11\/15\/prefeitura-realiza-acoes-de-conscientizacao-sobre-novembro-azul\" \/>\n<meta property=\"og:site_name\" content=\"Ribeir\u00e3o Preto e Regi\u00e3o\" \/>\n<meta property=\"article:publisher\" content=\"https:\/\/m.facebook.com\/redenoticiaz.barretos\" \/>\n<meta property=\"article:published_time\" content=\"2022-11-15T14:31:29+00:00\" \/>\n<meta property=\"og:image\" content=\"https:\/\/redenoticiaz.com.br\/ribeiraopreto-regiao\/wp-content\/uploads\/sites\/4\/2022\/11\/2723d092b63885e0d7c260cc007e8b9d-1.jpeg\" \/>\n\t<meta property=\"og:image:width\" content=\"1280\" \/>\n\t<meta property=\"og:image:height\" content=\"854\" \/>\n\t<meta property=\"og:image:type\" content=\"image\/jpeg\" \/>\n<meta name=\"twitter:card\" content=\"summary_large_image\" \/>\n<meta name=\"twitter:creator\" content=\"@RN_barretos\" \/>\n<meta name=\"twitter:site\" content=\"@RN_barretos\" \/>\n<meta name=\"twitter:label1\" content=\"Escrito por\" \/>\n\t<meta name=\"twitter:data1\" content=\"\" \/>\n\t<meta name=\"twitter:label2\" content=\"Est. tempo de leitura\" \/>\n\t<meta name=\"twitter:data2\" content=\"2 minutos\" \/>\n<script type=\"application\/ld+json\" class=\"yoast-schema-graph\">{\"@context\":\"https:\\\/\\\/schema.org\",\"@graph\":[{\"@type\":\"Article\",\"@id\":\"https:\\\/\\\/redenoticiaz.com.br\\\/ribeiraopreto-regiao\\\/sp\\\/2022\\\/11\\\/15\\\/prefeitura-realiza-acoes-de-conscientizacao-sobre-novembro-azul#article\",\"isPartOf\":{\"@id\":\"https:\\\/\\\/redenoticiaz.com.br\\\/ribeiraopreto-regiao\\\/sp\\\/2022\\\/11\\\/15\\\/prefeitura-realiza-acoes-de-conscientizacao-sobre-novembro-azul\"},\"author\":{\"name\":\"\",\"@id\":\"\"},\"headline\":\"Prefeitura realiza a\u00e7\u00f5es de conscientiza\u00e7\u00e3o sobre Novembro Azul\",\"datePublished\":\"2022-11-15T14:31:29+00:00\",\"mainEntityOfPage\":{\"@id\":\"https:\\\/\\\/redenoticiaz.com.br\\\/ribeiraopreto-regiao\\\/sp\\\/2022\\\/11\\\/15\\\/prefeitura-realiza-acoes-de-conscientizacao-sobre-novembro-azul\"},\"wordCount\":307,\"commentCount\":0,\"publisher\":{\"@id\":\"https:\\\/\\\/redenoticiaz.com.br\\\/ribeiraopreto-regiao\\\/#organization\"},\"image\":{\"@id\":\"https:\\\/\\\/redenoticiaz.com.br\\\/ribeiraopreto-regiao\\\/sp\\\/2022\\\/11\\\/15\\\/prefeitura-realiza-acoes-de-conscientizacao-sobre-novembro-azul#primaryimage\"},\"thumbnailUrl\":\"https:\\\/\\\/redenoticiaz.com.br\\\/ribeiraopreto-regiao\\\/wp-content\\\/uploads\\\/sites\\\/4\\\/2022\\\/11\\\/2723d092b63885e0d7c260cc007e8b9d-1.jpeg\",\"keywords\":[\"BOVEMBRO AZUL\",\"HEPATITES\",\"HIV\",\"ORIENTA\u00c7\u00c3O M\u00c9DICA\",\"S\u00cdFILIS\"],\"articleSection\":[\"Sa\u00fade\"],\"inLanguage\":\"pt-BR\",\"potentialAction\":[{\"@type\":\"CommentAction\",\"name\":\"Comment\",\"target\":[\"https:\\\/\\\/redenoticiaz.com.br\\\/ribeiraopreto-regiao\\\/sp\\\/2022\\\/11\\\/15\\\/prefeitura-realiza-acoes-de-conscientizacao-sobre-novembro-azul#respond\"]}]},{\"@type\":\"WebPage\",\"@id\":\"https:\\\/\\\/redenoticiaz.com.br\\\/ribeiraopreto-regiao\\\/sp\\\/2022\\\/11\\\/15\\\/prefeitura-realiza-acoes-de-conscientizacao-sobre-novembro-azul\",\"url\":\"https:\\\/\\\/redenoticiaz.com.br\\\/ribeiraopreto-regiao\\\/sp\\\/2022\\\/11\\\/15\\\/prefeitura-realiza-acoes-de-conscientizacao-sobre-novembro-azul\",\"name\":\"Prefeitura realiza a\u00e7\u00f5es de conscientiza\u00e7\u00e3o sobre Novembro Azul - Ribeir\u00e3o Preto e Regi\u00e3o\",\"isPartOf\":{\"@id\":\"https:\\\/\\\/redenoticiaz.com.br\\\/ribeiraopreto-regiao\\\/#website\"},\"primaryImageOfPage\":{\"@id\":\"https:\\\/\\\/redenoticiaz.com.br\\\/ribeiraopreto-regiao\\\/sp\\\/2022\\\/11\\\/15\\\/prefeitura-realiza-acoes-de-conscientizacao-sobre-novembro-azul#primaryimage\"},\"image\":{\"@id\":\"https:\\\/\\\/redenoticiaz.com.br\\\/ribeiraopreto-regiao\\\/sp\\\/2022\\\/11\\\/15\\\/prefeitura-realiza-acoes-de-conscientizacao-sobre-novembro-azul#primaryimage\"},\"thumbnailUrl\":\"https:\\\/\\\/redenoticiaz.com.br\\\/ribeiraopreto-regiao\\\/wp-content\\\/uploads\\\/sites\\\/4\\\/2022\\\/11\\\/2723d092b63885e0d7c260cc007e8b9d-1.jpeg\",\"datePublished\":\"2022-11-15T14:31:29+00:00\",\"description\":\"Barretos realiza neste m\u00eas conscientiza\u00e7\u00e3o sobre a import\u00e2ncia da sa\u00fade masculina, na campanha Novembro Azul.\",\"inLanguage\":\"pt-BR\",\"potentialAction\":[{\"@type\":\"ReadAction\",\"target\":[\"https:\\\/\\\/redenoticiaz.com.br\\\/ribeiraopreto-regiao\\\/sp\\\/2022\\\/11\\\/15\\\/prefeitura-realiza-acoes-de-conscientizacao-sobre-novembro-azul\"]}]},{\"@type\":\"ImageObject\",\"inLanguage\":\"pt-BR\",\"@id\":\"https:\\\/\\\/redenoticiaz.com.br\\\/ribeiraopreto-regiao\\\/sp\\\/2022\\\/11\\\/15\\\/prefeitura-realiza-acoes-de-conscientizacao-sobre-novembro-azul#primaryimage\",\"url\":\"https:\\\/\\\/redenoticiaz.com.br\\\/ribeiraopreto-regiao\\\/wp-content\\\/uploads\\\/sites\\\/4\\\/2022\\\/11\\\/2723d092b63885e0d7c260cc007e8b9d-1.jpeg\",\"contentUrl\":\"https:\\\/\\\/redenoticiaz.com.br\\\/ribeiraopreto-regiao\\\/wp-content\\\/uploads\\\/sites\\\/4\\\/2022\\\/11\\\/2723d092b63885e0d7c260cc007e8b9d-1.jpeg\",\"width\":1280,\"height\":854,\"caption\":\"Cr\u00e9dito: Divulga\u00e7\u00e3o\"},{\"@type\":\"WebSite\",\"@id\":\"https:\\\/\\\/redenoticiaz.com.br\\\/ribeiraopreto-regiao\\\/#website\",\"url\":\"https:\\\/\\\/redenoticiaz.com.br\\\/ribeiraopreto-regiao\\\/\",\"name\":\"Ribeir\u00e3o Preto e Regi\u00e3o\",\"description\":\"Rede NoticiaZ - Ribeir\u00e3o Preto e regi\u00e3o\",\"publisher\":{\"@id\":\"https:\\\/\\\/redenoticiaz.com.br\\\/ribeiraopreto-regiao\\\/#organization\"},\"potentialAction\":[{\"@type\":\"SearchAction\",\"target\":{\"@type\":\"EntryPoint\",\"urlTemplate\":\"https:\\\/\\\/redenoticiaz.com.br\\\/ribeiraopreto-regiao\\\/?s={search_term_string}\"},\"query-input\":{\"@type\":\"PropertyValueSpecification\",\"valueRequired\":true,\"valueName\":\"search_term_string\"}}],\"inLanguage\":\"pt-BR\"},{\"@type\":\"Organization\",\"@id\":\"https:\\\/\\\/redenoticiaz.com.br\\\/ribeiraopreto-regiao\\\/#organization\",\"name\":\"Ribeir\u00e3o Preto e Regi\u00e3o\",\"url\":\"https:\\\/\\\/redenoticiaz.com.br\\\/ribeiraopreto-regiao\\\/\",\"logo\":{\"@type\":\"ImageObject\",\"inLanguage\":\"pt-BR\",\"@id\":\"https:\\\/\\\/redenoticiaz.com.br\\\/ribeiraopreto-regiao\\\/#\\\/schema\\\/logo\\\/image\\\/\",\"url\":\"https:\\\/\\\/redenoticiaz.com.br\\\/barretos-regiao\\\/wp-content\\\/uploads\\\/sites\\\/4\\\/2022\\\/02\\\/logo.jpg\",\"contentUrl\":\"https:\\\/\\\/redenoticiaz.com.br\\\/barretos-regiao\\\/wp-content\\\/uploads\\\/sites\\\/4\\\/2022\\\/02\\\/logo.jpg\",\"width\":400,\"height\":250,\"caption\":\"Ribeir\u00e3o Preto e Regi\u00e3o\"},\"image\":{\"@id\":\"https:\\\/\\\/redenoticiaz.com.br\\\/ribeiraopreto-regiao\\\/#\\\/schema\\\/logo\\\/image\\\/\"},\"sameAs\":[\"https:\\\/\\\/m.facebook.com\\\/redenoticiaz.barretos\",\"https:\\\/\\\/x.com\\\/RN_barretos\",\"https:\\\/\\\/www.instagram.com\\\/redenoticiaz.barretos\\\/?igshid=YmMyMTA2M2Y\",\"https:\\\/\\\/www.linkedin.com\\\/company\\\/rede-noticiaz-barretos-e-regio\\\/\"]},{\"@type\":\"Person\",\"@id\":\"\",\"url\":\"https:\\\/\\\/redenoticiaz.com.br\\\/ribeiraopreto-regiao\\\/sp\\\/author\"}]}<\/script>\n<!-- \/ Yoast SEO plugin. -->","yoast_head_json":{"title":"Prefeitura realiza a\u00e7\u00f5es de conscientiza\u00e7\u00e3o sobre Novembro Azul - Ribeir\u00e3o Preto e Regi\u00e3o","description":"Barretos realiza neste m\u00eas conscientiza\u00e7\u00e3o sobre a import\u00e2ncia da sa\u00fade masculina, na campanha Novembro Azul.","robots":{"index":"index","follow":"follow","max-snippet":"max-snippet:-1","max-image-preview":"max-image-preview:large","max-video-preview":"max-video-preview:-1"},"canonical":"https:\/\/redenoticiaz.com.br\/ribeiraopreto-regiao\/sp\/2022\/11\/15\/prefeitura-realiza-acoes-de-conscientizacao-sobre-novembro-azul","og_locale":"pt_BR","og_type":"article","og_title":"Prefeitura realiza a\u00e7\u00f5es de conscientiza\u00e7\u00e3o sobre Novembro Azul - Ribeir\u00e3o Preto e Regi\u00e3o","og_description":"Barretos realiza neste m\u00eas conscientiza\u00e7\u00e3o sobre a import\u00e2ncia da sa\u00fade masculina, na campanha Novembro Azul.","og_url":"https:\/\/redenoticiaz.com.br\/ribeiraopreto-regiao\/sp\/2022\/11\/15\/prefeitura-realiza-acoes-de-conscientizacao-sobre-novembro-azul","og_site_name":"Ribeir\u00e3o Preto e Regi\u00e3o","article_publisher":"https:\/\/m.facebook.com\/redenoticiaz.barretos","article_published_time":"2022-11-15T14:31:29+00:00","og_image":[{"width":1280,"height":854,"url":"https:\/\/redenoticiaz.com.br\/ribeiraopreto-regiao\/wp-content\/uploads\/sites\/4\/2022\/11\/2723d092b63885e0d7c260cc007e8b9d-1.jpeg","type":"image\/jpeg"}],"twitter_card":"summary_large_image","twitter_creator":"@RN_barretos","twitter_site":"@RN_barretos","twitter_misc":{"Escrito por":"","Est. tempo de leitura":"2 minutos"},"schema":{"@context":"https:\/\/schema.org","@graph":[{"@type":"Article","@id":"https:\/\/redenoticiaz.com.br\/ribeiraopreto-regiao\/sp\/2022\/11\/15\/prefeitura-realiza-acoes-de-conscientizacao-sobre-novembro-azul#article","isPartOf":{"@id":"https:\/\/redenoticiaz.com.br\/ribeiraopreto-regiao\/sp\/2022\/11\/15\/prefeitura-realiza-acoes-de-conscientizacao-sobre-novembro-azul"},"author":{"name":"","@id":""},"headline":"Prefeitura realiza a\u00e7\u00f5es de conscientiza\u00e7\u00e3o sobre Novembro Azul","datePublished":"2022-11-15T14:31:29+00:00","mainEntityOfPage":{"@id":"https:\/\/redenoticiaz.com.br\/ribeiraopreto-regiao\/sp\/2022\/11\/15\/prefeitura-realiza-acoes-de-conscientizacao-sobre-novembro-azul"},"wordCount":307,"commentCount":0,"publisher":{"@id":"https:\/\/redenoticiaz.com.br\/ribeiraopreto-regiao\/#organization"},"image":{"@id":"https:\/\/redenoticiaz.com.br\/ribeiraopreto-regiao\/sp\/2022\/11\/15\/prefeitura-realiza-acoes-de-conscientizacao-sobre-novembro-azul#primaryimage"},"thumbnailUrl":"https:\/\/redenoticiaz.com.br\/ribeiraopreto-regiao\/wp-content\/uploads\/sites\/4\/2022\/11\/2723d092b63885e0d7c260cc007e8b9d-1.jpeg","keywords":["BOVEMBRO AZUL","HEPATITES","HIV","ORIENTA\u00c7\u00c3O M\u00c9DICA","S\u00cdFILIS"],"articleSection":["Sa\u00fade"],"inLanguage":"pt-BR","potentialAction":[{"@type":"CommentAction","name":"Comment","target":["https:\/\/redenoticiaz.com.br\/ribeiraopreto-regiao\/sp\/2022\/11\/15\/prefeitura-realiza-acoes-de-conscientizacao-sobre-novembro-azul#respond"]}]},{"@type":"WebPage","@id":"https:\/\/redenoticiaz.com.br\/ribeiraopreto-regiao\/sp\/2022\/11\/15\/prefeitura-realiza-acoes-de-conscientizacao-sobre-novembro-azul","url":"https:\/\/redenoticiaz.com.br\/ribeiraopreto-regiao\/sp\/2022\/11\/15\/prefeitura-realiza-acoes-de-conscientizacao-sobre-novembro-azul","name":"Prefeitura realiza a\u00e7\u00f5es de conscientiza\u00e7\u00e3o sobre Novembro Azul - Ribeir\u00e3o Preto e Regi\u00e3o","isPartOf":{"@id":"https:\/\/redenoticiaz.com.br\/ribeiraopreto-regiao\/#website"},"primaryImageOfPage":{"@id":"https:\/\/redenoticiaz.com.br\/ribeiraopreto-regiao\/sp\/2022\/11\/15\/prefeitura-realiza-acoes-de-conscientizacao-sobre-novembro-azul#primaryimage"},"image":{"@id":"https:\/\/redenoticiaz.com.br\/ribeiraopreto-regiao\/sp\/2022\/11\/15\/prefeitura-realiza-acoes-de-conscientizacao-sobre-novembro-azul#primaryimage"},"thumbnailUrl":"https:\/\/redenoticiaz.com.br\/ribeiraopreto-regiao\/wp-content\/uploads\/sites\/4\/2022\/11\/2723d092b63885e0d7c260cc007e8b9d-1.jpeg","datePublished":"2022-11-15T14:31:29+00:00","description":"Barretos realiza neste m\u00eas conscientiza\u00e7\u00e3o sobre a import\u00e2ncia da sa\u00fade masculina, na campanha Novembro Azul.","inLanguage":"pt-BR","potentialAction":[{"@type":"ReadAction","target":["https:\/\/redenoticiaz.com.br\/ribeiraopreto-regiao\/sp\/2022\/11\/15\/prefeitura-realiza-acoes-de-conscientizacao-sobre-novembro-azul"]}]},{"@type":"ImageObject","inLanguage":"pt-BR","@id":"https:\/\/redenoticiaz.com.br\/ribeiraopreto-regiao\/sp\/2022\/11\/15\/prefeitura-realiza-acoes-de-conscientizacao-sobre-novembro-azul#primaryimage","url":"https:\/\/redenoticiaz.com.br\/ribeiraopreto-regiao\/wp-content\/uploads\/sites\/4\/2022\/11\/2723d092b63885e0d7c260cc007e8b9d-1.jpeg","contentUrl":"https:\/\/redenoticiaz.com.br\/ribeiraopreto-regiao\/wp-content\/uploads\/sites\/4\/2022\/11\/2723d092b63885e0d7c260cc007e8b9d-1.jpeg","width":1280,"height":854,"caption":"Cr\u00e9dito: Divulga\u00e7\u00e3o"},{"@type":"WebSite","@id":"https:\/\/redenoticiaz.com.br\/ribeiraopreto-regiao\/#website","url":"https:\/\/redenoticiaz.com.br\/ribeiraopreto-regiao\/","name":"Ribeir\u00e3o Preto e Regi\u00e3o","description":"Rede NoticiaZ - Ribeir\u00e3o Preto e regi\u00e3o","publisher":{"@id":"https:\/\/redenoticiaz.com.br\/ribeiraopreto-regiao\/#organization"},"potentialAction":[{"@type":"SearchAction","target":{"@type":"EntryPoint","urlTemplate":"https:\/\/redenoticiaz.com.br\/ribeiraopreto-regiao\/?s={search_term_string}"},"query-input":{"@type":"PropertyValueSpecification","valueRequired":true,"valueName":"search_term_string"}}],"inLanguage":"pt-BR"},{"@type":"Organization","@id":"https:\/\/redenoticiaz.com.br\/ribeiraopreto-regiao\/#organization","name":"Ribeir\u00e3o Preto e Regi\u00e3o","url":"https:\/\/redenoticiaz.com.br\/ribeiraopreto-regiao\/","logo":{"@type":"ImageObject","inLanguage":"pt-BR","@id":"https:\/\/redenoticiaz.com.br\/ribeiraopreto-regiao\/#\/schema\/logo\/image\/","url":"https:\/\/redenoticiaz.com.br\/barretos-regiao\/wp-content\/uploads\/sites\/4\/2022\/02\/logo.jpg","contentUrl":"https:\/\/redenoticiaz.com.br\/barretos-regiao\/wp-content\/uploads\/sites\/4\/2022\/02\/logo.jpg","width":400,"height":250,"caption":"Ribeir\u00e3o Preto e Regi\u00e3o"},"image":{"@id":"https:\/\/redenoticiaz.com.br\/ribeiraopreto-regiao\/#\/schema\/logo\/image\/"},"sameAs":["https:\/\/m.facebook.com\/redenoticiaz.barretos","https:\/\/x.com\/RN_barretos","https:\/\/www.instagram.com\/redenoticiaz.barretos\/?igshid=YmMyMTA2M2Y","https:\/\/www.linkedin.com\/company\/rede-noticiaz-barretos-e-regio\/"]},{"@type":"Person","@id":"","url":"https:\/\/redenoticiaz.com.br\/ribeiraopreto-regiao\/sp\/author"}]}},"_links":{"self":[{"href":"https:\/\/redenoticiaz.com.br\/ribeiraopreto-regiao\/wp-json\/wp\/v2\/posts\/95076","targetHints":{"allow":["GET"]}}],"collection":[{"href":"https:\/\/redenoticiaz.com.br\/ribeiraopreto-regiao\/wp-json\/wp\/v2\/posts"}],"about":[{"href":"https:\/\/redenoticiaz.com.br\/ribeiraopreto-regiao\/wp-json\/wp\/v2\/types\/post"}],"author":[{"embeddable":true,"href":"https:\/\/redenoticiaz.com.br\/ribeiraopreto-regiao\/wp-json\/wp\/v2\/users\/15"}],"replies":[{"embeddable":true,"href":"https:\/\/redenoticiaz.com.br\/ribeiraopreto-regiao\/wp-json\/wp\/v2\/comments?post=95076"}],"version-history":[{"count":1,"href":"https:\/\/redenoticiaz.com.br\/ribeiraopreto-regiao\/wp-json\/wp\/v2\/posts\/95076\/revisions"}],"predecessor-version":[{"id":95078,"href":"https:\/\/redenoticiaz.com.br\/ribeiraopreto-regiao\/wp-json\/wp\/v2\/posts\/95076\/revisions\/95078"}],"wp:featuredmedia":[{"embeddable":true,"href":"https:\/\/redenoticiaz.com.br\/ribeiraopreto-regiao\/wp-json\/wp\/v2\/media\/95077"}],"wp:attachment":[{"href":"https:\/\/redenoticiaz.com.br\/ribeiraopreto-regiao\/wp-json\/wp\/v2\/media?parent=95076"}],"wp:term":[{"taxonomy":"category","embeddable":true,"href":"https:\/\/redenoticiaz.com.br\/ribeiraopreto-regiao\/wp-json\/wp\/v2\/categories?post=95076"},{"taxonomy":"post_tag","embeddable":true,"href":"https:\/\/redenoticiaz.com.br\/ribeiraopreto-regiao\/wp-json\/wp\/v2\/tags?post=95076"}],"curies":[{"name":"wp","href":"https:\/\/api.w.org\/{rel}","templated":true}]}}