{"id":95244,"date":"2022-11-17T15:27:23","date_gmt":"2022-11-17T18:27:23","guid":{"rendered":"https:\/\/redenoticiaz.com.br\/barretos-regiao\/?p=95244"},"modified":"2022-11-17T15:27:23","modified_gmt":"2022-11-17T18:27:23","slug":"menina-9-anos-encontra-figurinha-rara-de-neymar-e-faz-doacao-a-hospital-no-interior-de-sp","status":"publish","type":"post","link":"https:\/\/redenoticiaz.com.br\/ribeiraopreto-regiao\/sp\/2022\/11\/17\/menina-9-anos-encontra-figurinha-rara-de-neymar-e-faz-doacao-a-hospital-no-interior-de-sp","title":{"rendered":"Menina de 9 anos encontra figurinha rara de Neymar e faz doa\u00e7\u00e3o a Hospital no interior de SP"},"content":{"rendered":"<div class=\"row content-head non-featured \">\n<div class=\"medium-centered subtitle\">\n<p class=\"content-head__subtitle\">Vit\u00f3ria Kama Martinez, de 9 anos, encontrou a cobi\u00e7ada figurinha dourada do jogador Neymar do \u00e1lbum da Copa do Mundo de 2022. Ela destinou o card &#8216;Legend Gold&#8217; ao Hospital da Crian\u00e7a e Maternidade (HCM) de S\u00e3o Jos\u00e9 do Rio Preto (SP).<\/p>\n<p class=\"content-head__subtitle\">A menina tinha o objetivo de completar o \u00e1lbum, mas n\u00e3o tinha expectativa de conseguir a Legend Gold do Neymar, por\u00e9m quando achou a figurinha e com um gesto de compaix\u00e3o doou ao Hospital da Crian\u00e7a.<\/p>\n<p>Ela descreve saber o quanto essa figurinha era rara, n\u00e3o conhecia ningu\u00e9m que tinha tirado. <em>&#8220;Da\u00ed eu abri um envelope e vi aquele canto dourado, foi um momento de muita alegria. Eu fiquei muito empolgada e n\u00e3o conseguia para de pular&#8221;<\/em>, lembra.<\/p>\n<p>Foi um tio que deu a ideia da doa\u00e7\u00e3o. <em>&#8220;Quando mostrei para o meu tio, ele sugeriu para doar a figurinha para um hospital. Eu achei a ideia muito legal. Concordei com ele e escolhemos o setor de oncologia pedi\u00e1trica do HCM.&#8221;<\/em><\/p>\n<figure id=\"attachment_95246\" aria-describedby=\"caption-attachment-95246\" style=\"width: 300px\" class=\"wp-caption alignleft\"><img loading=\"lazy\" decoding=\"async\" class=\"wp-image-95246 size-medium\" src=\"https:\/\/redenoticiaz.com.br\/barretos-regiao\/wp-content\/uploads\/sites\/4\/2022\/11\/Menina-encontra-figurinha-rara-de-Neymar-e-faz-doacao-a-Hospital-no-interior-de-SP-300x157.png\" alt=\"Vit\u00f3ria doou a figurinha Legend Gold do Neymar ao HCM de Rio Preto (SP) \u2014 Foto: Divulga\u00e7\u00e3o\" width=\"300\" height=\"157\" srcset=\"https:\/\/redenoticiaz.com.br\/ribeiraopreto-regiao\/wp-content\/uploads\/sites\/4\/2022\/11\/Menina-encontra-figurinha-rara-de-Neymar-e-faz-doacao-a-Hospital-no-interior-de-SP-300x157.png 300w, https:\/\/redenoticiaz.com.br\/ribeiraopreto-regiao\/wp-content\/uploads\/sites\/4\/2022\/11\/Menina-encontra-figurinha-rara-de-Neymar-e-faz-doacao-a-Hospital-no-interior-de-SP-1024x536.png 1024w, https:\/\/redenoticiaz.com.br\/ribeiraopreto-regiao\/wp-content\/uploads\/sites\/4\/2022\/11\/Menina-encontra-figurinha-rara-de-Neymar-e-faz-doacao-a-Hospital-no-interior-de-SP-768x402.png 768w, https:\/\/redenoticiaz.com.br\/ribeiraopreto-regiao\/wp-content\/uploads\/sites\/4\/2022\/11\/Menina-encontra-figurinha-rara-de-Neymar-e-faz-doacao-a-Hospital-no-interior-de-SP.png 1200w\" sizes=\"auto, (max-width: 300px) 100vw, 300px\" \/><figcaption id=\"caption-attachment-95246\" class=\"wp-caption-text\">Hospital HCM de Rio Preto (SP) \u2014 Foto: Divulga\u00e7\u00e3o<\/figcaption><\/figure>\n<p>A m\u00e3e Vanessa Ferreira Kama Martinez, afirma que o hospital n\u00e3o foi escolhido aleatoriamente, pois um caso de c\u00e2ncer foi registrado na fam\u00edlia. <em>&#8220;Optamos pela a unidade pedi\u00e1trica, pois, nada mais justo uma doa\u00e7\u00e3o de uma crian\u00e7a para beneficiar outras crian\u00e7as.&#8221;<\/em><\/p>\n<p>Na quarta-feira (16), acompanhada dos pais, a menina visitou o hospital e entregou a figurinha ao diretor administrativo do HCM, Antonio Soares Souza.<\/p>\n<p>VEJA TAMB\u00c9M:\u00a0<a href=\"https:\/\/redenoticiaz.com.br\/barretos-regiao\/sp\/2022\/11\/13\/71-dos-brasileiros-acreditam-que-a-selecao-tem-chance-de-ganhar-a-copa-do-mundo\">71% dos brasileiros acreditam que a sele\u00e7\u00e3o tem chance de ganhar a Copa do Mundo<\/a><\/p>\n<p>&nbsp;<\/p>\n<\/div>\n<\/div>\n","protected":false},"excerpt":{"rendered":"<p>Vit\u00f3ria Kama Martinez, de 9 anos, encontrou a cobi\u00e7ada figurinha dourada do jogador Neymar do \u00e1lbum da Copa do Mundo de 2022. Ela destinou o card &#8216;Legend Gold&#8217; ao Hospital da Crian\u00e7a e Maternidade (HCM) de S\u00e3o Jos\u00e9 do Rio Preto (SP). A menina tinha o objetivo de completar o \u00e1lbum, mas n\u00e3o tinha expectativa &hellip;<\/p>\n","protected":false},"author":15,"featured_media":95245,"comment_status":"open","ping_status":"closed","sticky":false,"template":"","format":"standard","meta":{"footnotes":""},"categories":[134],"tags":[22107,15074,22106,22108,17310],"class_list":["post-95244","post","type-post","status-publish","format-standard","has-post-thumbnail","hentry","category-entretenimento","tag-album-da-copa","tag-doacao","tag-figurinha-dourada","tag-hospital-do-cancer","tag-neymar"],"yoast_head":"<!-- This site is optimized with the Yoast SEO plugin v27.5 - https:\/\/yoast.com\/product\/yoast-seo-wordpress\/ -->\n<title>Menina de 9 anos encontra figurinha rara de Neymar e faz doa\u00e7\u00e3o a Hospital no interior de SP - Ribeir\u00e3o Preto e Regi\u00e3o<\/title>\n<meta name=\"description\" content=\"Vit\u00f3ria Kama Martinez, de 9 anos, encontrou a cobi\u00e7ada figurinha dourada do jogador Neymar do \u00e1lbum da Copa do Mundo de 2022.\" \/>\n<meta name=\"robots\" content=\"index, follow, max-snippet:-1, max-image-preview:large, max-video-preview:-1\" \/>\n<link rel=\"canonical\" href=\"https:\/\/redenoticiaz.com.br\/ribeiraopreto-regiao\/sp\/2022\/11\/17\/menina-9-anos-encontra-figurinha-rara-de-neymar-e-faz-doacao-a-hospital-no-interior-de-sp\" \/>\n<meta property=\"og:locale\" content=\"pt_BR\" \/>\n<meta property=\"og:type\" content=\"article\" \/>\n<meta property=\"og:title\" content=\"Menina de 9 anos encontra figurinha rara de Neymar e faz doa\u00e7\u00e3o a Hospital no interior de SP - Ribeir\u00e3o Preto e Regi\u00e3o\" \/>\n<meta property=\"og:description\" content=\"Vit\u00f3ria Kama Martinez, de 9 anos, encontrou a cobi\u00e7ada figurinha dourada do jogador Neymar do \u00e1lbum da Copa do Mundo de 2022.\" \/>\n<meta property=\"og:url\" content=\"https:\/\/redenoticiaz.com.br\/ribeiraopreto-regiao\/sp\/2022\/11\/17\/menina-9-anos-encontra-figurinha-rara-de-neymar-e-faz-doacao-a-hospital-no-interior-de-sp\" \/>\n<meta property=\"og:site_name\" content=\"Ribeir\u00e3o Preto e Regi\u00e3o\" \/>\n<meta property=\"article:publisher\" content=\"https:\/\/m.facebook.com\/redenoticiaz.barretos\" \/>\n<meta property=\"article:published_time\" content=\"2022-11-17T18:27:23+00:00\" \/>\n<meta property=\"og:image\" content=\"https:\/\/redenoticiaz.com.br\/ribeiraopreto-regiao\/wp-content\/uploads\/sites\/4\/2022\/11\/Menina-de-9-anos-encontra-figurinha-rara-de-Neymar-e-faz-doacao-a-Hospital-no-interior-de-SP.png\" \/>\n\t<meta property=\"og:image:width\" content=\"1200\" \/>\n\t<meta property=\"og:image:height\" content=\"628\" \/>\n\t<meta property=\"og:image:type\" content=\"image\/png\" \/>\n<meta name=\"twitter:card\" content=\"summary_large_image\" \/>\n<meta name=\"twitter:creator\" content=\"@RN_barretos\" \/>\n<meta name=\"twitter:site\" content=\"@RN_barretos\" \/>\n<meta name=\"twitter:label1\" content=\"Escrito por\" \/>\n\t<meta name=\"twitter:data1\" content=\"\" \/>\n\t<meta name=\"twitter:label2\" content=\"Est. tempo de leitura\" \/>\n\t<meta name=\"twitter:data2\" content=\"2 minutos\" \/>\n<script type=\"application\/ld+json\" class=\"yoast-schema-graph\">{\"@context\":\"https:\\\/\\\/schema.org\",\"@graph\":[{\"@type\":\"Article\",\"@id\":\"https:\\\/\\\/redenoticiaz.com.br\\\/ribeiraopreto-regiao\\\/sp\\\/2022\\\/11\\\/17\\\/menina-9-anos-encontra-figurinha-rara-de-neymar-e-faz-doacao-a-hospital-no-interior-de-sp#article\",\"isPartOf\":{\"@id\":\"https:\\\/\\\/redenoticiaz.com.br\\\/ribeiraopreto-regiao\\\/sp\\\/2022\\\/11\\\/17\\\/menina-9-anos-encontra-figurinha-rara-de-neymar-e-faz-doacao-a-hospital-no-interior-de-sp\"},\"author\":{\"name\":\"\",\"@id\":\"\"},\"headline\":\"Menina de 9 anos encontra figurinha rara de Neymar e faz doa\u00e7\u00e3o a Hospital no interior de SP\",\"datePublished\":\"2022-11-17T18:27:23+00:00\",\"mainEntityOfPage\":{\"@id\":\"https:\\\/\\\/redenoticiaz.com.br\\\/ribeiraopreto-regiao\\\/sp\\\/2022\\\/11\\\/17\\\/menina-9-anos-encontra-figurinha-rara-de-neymar-e-faz-doacao-a-hospital-no-interior-de-sp\"},\"wordCount\":297,\"commentCount\":0,\"publisher\":{\"@id\":\"https:\\\/\\\/redenoticiaz.com.br\\\/ribeiraopreto-regiao\\\/#organization\"},\"image\":{\"@id\":\"https:\\\/\\\/redenoticiaz.com.br\\\/ribeiraopreto-regiao\\\/sp\\\/2022\\\/11\\\/17\\\/menina-9-anos-encontra-figurinha-rara-de-neymar-e-faz-doacao-a-hospital-no-interior-de-sp#primaryimage\"},\"thumbnailUrl\":\"https:\\\/\\\/redenoticiaz.com.br\\\/ribeiraopreto-regiao\\\/wp-content\\\/uploads\\\/sites\\\/4\\\/2022\\\/11\\\/Menina-de-9-anos-encontra-figurinha-rara-de-Neymar-e-faz-doacao-a-Hospital-no-interior-de-SP.png\",\"keywords\":[\"\u00c1LBUM DA COPA\",\"doa\u00e7\u00e3o\",\"FIGURINHA DOURADA\",\"HOSPITAL DO C\u00c2NCER\",\"NEYMAR\"],\"articleSection\":[\"Entretenimento\"],\"inLanguage\":\"pt-BR\",\"potentialAction\":[{\"@type\":\"CommentAction\",\"name\":\"Comment\",\"target\":[\"https:\\\/\\\/redenoticiaz.com.br\\\/ribeiraopreto-regiao\\\/sp\\\/2022\\\/11\\\/17\\\/menina-9-anos-encontra-figurinha-rara-de-neymar-e-faz-doacao-a-hospital-no-interior-de-sp#respond\"]}]},{\"@type\":\"WebPage\",\"@id\":\"https:\\\/\\\/redenoticiaz.com.br\\\/ribeiraopreto-regiao\\\/sp\\\/2022\\\/11\\\/17\\\/menina-9-anos-encontra-figurinha-rara-de-neymar-e-faz-doacao-a-hospital-no-interior-de-sp\",\"url\":\"https:\\\/\\\/redenoticiaz.com.br\\\/ribeiraopreto-regiao\\\/sp\\\/2022\\\/11\\\/17\\\/menina-9-anos-encontra-figurinha-rara-de-neymar-e-faz-doacao-a-hospital-no-interior-de-sp\",\"name\":\"Menina de 9 anos encontra figurinha rara de Neymar e faz doa\u00e7\u00e3o a Hospital no interior de SP - Ribeir\u00e3o Preto e Regi\u00e3o\",\"isPartOf\":{\"@id\":\"https:\\\/\\\/redenoticiaz.com.br\\\/ribeiraopreto-regiao\\\/#website\"},\"primaryImageOfPage\":{\"@id\":\"https:\\\/\\\/redenoticiaz.com.br\\\/ribeiraopreto-regiao\\\/sp\\\/2022\\\/11\\\/17\\\/menina-9-anos-encontra-figurinha-rara-de-neymar-e-faz-doacao-a-hospital-no-interior-de-sp#primaryimage\"},\"image\":{\"@id\":\"https:\\\/\\\/redenoticiaz.com.br\\\/ribeiraopreto-regiao\\\/sp\\\/2022\\\/11\\\/17\\\/menina-9-anos-encontra-figurinha-rara-de-neymar-e-faz-doacao-a-hospital-no-interior-de-sp#primaryimage\"},\"thumbnailUrl\":\"https:\\\/\\\/redenoticiaz.com.br\\\/ribeiraopreto-regiao\\\/wp-content\\\/uploads\\\/sites\\\/4\\\/2022\\\/11\\\/Menina-de-9-anos-encontra-figurinha-rara-de-Neymar-e-faz-doacao-a-Hospital-no-interior-de-SP.png\",\"datePublished\":\"2022-11-17T18:27:23+00:00\",\"description\":\"Vit\u00f3ria Kama Martinez, de 9 anos, encontrou a cobi\u00e7ada figurinha dourada do jogador Neymar do \u00e1lbum da Copa do Mundo de 2022.\",\"inLanguage\":\"pt-BR\",\"potentialAction\":[{\"@type\":\"ReadAction\",\"target\":[\"https:\\\/\\\/redenoticiaz.com.br\\\/ribeiraopreto-regiao\\\/sp\\\/2022\\\/11\\\/17\\\/menina-9-anos-encontra-figurinha-rara-de-neymar-e-faz-doacao-a-hospital-no-interior-de-sp\"]}]},{\"@type\":\"ImageObject\",\"inLanguage\":\"pt-BR\",\"@id\":\"https:\\\/\\\/redenoticiaz.com.br\\\/ribeiraopreto-regiao\\\/sp\\\/2022\\\/11\\\/17\\\/menina-9-anos-encontra-figurinha-rara-de-neymar-e-faz-doacao-a-hospital-no-interior-de-sp#primaryimage\",\"url\":\"https:\\\/\\\/redenoticiaz.com.br\\\/ribeiraopreto-regiao\\\/wp-content\\\/uploads\\\/sites\\\/4\\\/2022\\\/11\\\/Menina-de-9-anos-encontra-figurinha-rara-de-Neymar-e-faz-doacao-a-Hospital-no-interior-de-SP.png\",\"contentUrl\":\"https:\\\/\\\/redenoticiaz.com.br\\\/ribeiraopreto-regiao\\\/wp-content\\\/uploads\\\/sites\\\/4\\\/2022\\\/11\\\/Menina-de-9-anos-encontra-figurinha-rara-de-Neymar-e-faz-doacao-a-Hospital-no-interior-de-SP.png\",\"width\":1200,\"height\":628,\"caption\":\"Vit\u00f3ria doou a figurinha Legend Gold do Neymar ao HCM de Rio Preto (SP) \u2014 Foto: Divulga\u00e7\u00e3o\"},{\"@type\":\"WebSite\",\"@id\":\"https:\\\/\\\/redenoticiaz.com.br\\\/ribeiraopreto-regiao\\\/#website\",\"url\":\"https:\\\/\\\/redenoticiaz.com.br\\\/ribeiraopreto-regiao\\\/\",\"name\":\"Ribeir\u00e3o Preto e Regi\u00e3o\",\"description\":\"Rede NoticiaZ - Ribeir\u00e3o Preto e regi\u00e3o\",\"publisher\":{\"@id\":\"https:\\\/\\\/redenoticiaz.com.br\\\/ribeiraopreto-regiao\\\/#organization\"},\"potentialAction\":[{\"@type\":\"SearchAction\",\"target\":{\"@type\":\"EntryPoint\",\"urlTemplate\":\"https:\\\/\\\/redenoticiaz.com.br\\\/ribeiraopreto-regiao\\\/?s={search_term_string}\"},\"query-input\":{\"@type\":\"PropertyValueSpecification\",\"valueRequired\":true,\"valueName\":\"search_term_string\"}}],\"inLanguage\":\"pt-BR\"},{\"@type\":\"Organization\",\"@id\":\"https:\\\/\\\/redenoticiaz.com.br\\\/ribeiraopreto-regiao\\\/#organization\",\"name\":\"Ribeir\u00e3o Preto e Regi\u00e3o\",\"url\":\"https:\\\/\\\/redenoticiaz.com.br\\\/ribeiraopreto-regiao\\\/\",\"logo\":{\"@type\":\"ImageObject\",\"inLanguage\":\"pt-BR\",\"@id\":\"https:\\\/\\\/redenoticiaz.com.br\\\/ribeiraopreto-regiao\\\/#\\\/schema\\\/logo\\\/image\\\/\",\"url\":\"https:\\\/\\\/redenoticiaz.com.br\\\/barretos-regiao\\\/wp-content\\\/uploads\\\/sites\\\/4\\\/2022\\\/02\\\/logo.jpg\",\"contentUrl\":\"https:\\\/\\\/redenoticiaz.com.br\\\/barretos-regiao\\\/wp-content\\\/uploads\\\/sites\\\/4\\\/2022\\\/02\\\/logo.jpg\",\"width\":400,\"height\":250,\"caption\":\"Ribeir\u00e3o Preto e Regi\u00e3o\"},\"image\":{\"@id\":\"https:\\\/\\\/redenoticiaz.com.br\\\/ribeiraopreto-regiao\\\/#\\\/schema\\\/logo\\\/image\\\/\"},\"sameAs\":[\"https:\\\/\\\/m.facebook.com\\\/redenoticiaz.barretos\",\"https:\\\/\\\/x.com\\\/RN_barretos\",\"https:\\\/\\\/www.instagram.com\\\/redenoticiaz.barretos\\\/?igshid=YmMyMTA2M2Y\",\"https:\\\/\\\/www.linkedin.com\\\/company\\\/rede-noticiaz-barretos-e-regio\\\/\"]},{\"@type\":\"Person\",\"@id\":\"\",\"url\":\"https:\\\/\\\/redenoticiaz.com.br\\\/ribeiraopreto-regiao\\\/sp\\\/author\"}]}<\/script>\n<!-- \/ Yoast SEO plugin. -->","yoast_head_json":{"title":"Menina de 9 anos encontra figurinha rara de Neymar e faz doa\u00e7\u00e3o a Hospital no interior de SP - Ribeir\u00e3o Preto e Regi\u00e3o","description":"Vit\u00f3ria Kama Martinez, de 9 anos, encontrou a cobi\u00e7ada figurinha dourada do jogador Neymar do \u00e1lbum da Copa do Mundo de 2022.","robots":{"index":"index","follow":"follow","max-snippet":"max-snippet:-1","max-image-preview":"max-image-preview:large","max-video-preview":"max-video-preview:-1"},"canonical":"https:\/\/redenoticiaz.com.br\/ribeiraopreto-regiao\/sp\/2022\/11\/17\/menina-9-anos-encontra-figurinha-rara-de-neymar-e-faz-doacao-a-hospital-no-interior-de-sp","og_locale":"pt_BR","og_type":"article","og_title":"Menina de 9 anos encontra figurinha rara de Neymar e faz doa\u00e7\u00e3o a Hospital no interior de SP - Ribeir\u00e3o Preto e Regi\u00e3o","og_description":"Vit\u00f3ria Kama Martinez, de 9 anos, encontrou a cobi\u00e7ada figurinha dourada do jogador Neymar do \u00e1lbum da Copa do Mundo de 2022.","og_url":"https:\/\/redenoticiaz.com.br\/ribeiraopreto-regiao\/sp\/2022\/11\/17\/menina-9-anos-encontra-figurinha-rara-de-neymar-e-faz-doacao-a-hospital-no-interior-de-sp","og_site_name":"Ribeir\u00e3o Preto e Regi\u00e3o","article_publisher":"https:\/\/m.facebook.com\/redenoticiaz.barretos","article_published_time":"2022-11-17T18:27:23+00:00","og_image":[{"width":1200,"height":628,"url":"https:\/\/redenoticiaz.com.br\/ribeiraopreto-regiao\/wp-content\/uploads\/sites\/4\/2022\/11\/Menina-de-9-anos-encontra-figurinha-rara-de-Neymar-e-faz-doacao-a-Hospital-no-interior-de-SP.png","type":"image\/png"}],"twitter_card":"summary_large_image","twitter_creator":"@RN_barretos","twitter_site":"@RN_barretos","twitter_misc":{"Escrito por":"","Est. tempo de leitura":"2 minutos"},"schema":{"@context":"https:\/\/schema.org","@graph":[{"@type":"Article","@id":"https:\/\/redenoticiaz.com.br\/ribeiraopreto-regiao\/sp\/2022\/11\/17\/menina-9-anos-encontra-figurinha-rara-de-neymar-e-faz-doacao-a-hospital-no-interior-de-sp#article","isPartOf":{"@id":"https:\/\/redenoticiaz.com.br\/ribeiraopreto-regiao\/sp\/2022\/11\/17\/menina-9-anos-encontra-figurinha-rara-de-neymar-e-faz-doacao-a-hospital-no-interior-de-sp"},"author":{"name":"","@id":""},"headline":"Menina de 9 anos encontra figurinha rara de Neymar e faz doa\u00e7\u00e3o a Hospital no interior de SP","datePublished":"2022-11-17T18:27:23+00:00","mainEntityOfPage":{"@id":"https:\/\/redenoticiaz.com.br\/ribeiraopreto-regiao\/sp\/2022\/11\/17\/menina-9-anos-encontra-figurinha-rara-de-neymar-e-faz-doacao-a-hospital-no-interior-de-sp"},"wordCount":297,"commentCount":0,"publisher":{"@id":"https:\/\/redenoticiaz.com.br\/ribeiraopreto-regiao\/#organization"},"image":{"@id":"https:\/\/redenoticiaz.com.br\/ribeiraopreto-regiao\/sp\/2022\/11\/17\/menina-9-anos-encontra-figurinha-rara-de-neymar-e-faz-doacao-a-hospital-no-interior-de-sp#primaryimage"},"thumbnailUrl":"https:\/\/redenoticiaz.com.br\/ribeiraopreto-regiao\/wp-content\/uploads\/sites\/4\/2022\/11\/Menina-de-9-anos-encontra-figurinha-rara-de-Neymar-e-faz-doacao-a-Hospital-no-interior-de-SP.png","keywords":["\u00c1LBUM DA COPA","doa\u00e7\u00e3o","FIGURINHA DOURADA","HOSPITAL DO C\u00c2NCER","NEYMAR"],"articleSection":["Entretenimento"],"inLanguage":"pt-BR","potentialAction":[{"@type":"CommentAction","name":"Comment","target":["https:\/\/redenoticiaz.com.br\/ribeiraopreto-regiao\/sp\/2022\/11\/17\/menina-9-anos-encontra-figurinha-rara-de-neymar-e-faz-doacao-a-hospital-no-interior-de-sp#respond"]}]},{"@type":"WebPage","@id":"https:\/\/redenoticiaz.com.br\/ribeiraopreto-regiao\/sp\/2022\/11\/17\/menina-9-anos-encontra-figurinha-rara-de-neymar-e-faz-doacao-a-hospital-no-interior-de-sp","url":"https:\/\/redenoticiaz.com.br\/ribeiraopreto-regiao\/sp\/2022\/11\/17\/menina-9-anos-encontra-figurinha-rara-de-neymar-e-faz-doacao-a-hospital-no-interior-de-sp","name":"Menina de 9 anos encontra figurinha rara de Neymar e faz doa\u00e7\u00e3o a Hospital no interior de SP - Ribeir\u00e3o Preto e Regi\u00e3o","isPartOf":{"@id":"https:\/\/redenoticiaz.com.br\/ribeiraopreto-regiao\/#website"},"primaryImageOfPage":{"@id":"https:\/\/redenoticiaz.com.br\/ribeiraopreto-regiao\/sp\/2022\/11\/17\/menina-9-anos-encontra-figurinha-rara-de-neymar-e-faz-doacao-a-hospital-no-interior-de-sp#primaryimage"},"image":{"@id":"https:\/\/redenoticiaz.com.br\/ribeiraopreto-regiao\/sp\/2022\/11\/17\/menina-9-anos-encontra-figurinha-rara-de-neymar-e-faz-doacao-a-hospital-no-interior-de-sp#primaryimage"},"thumbnailUrl":"https:\/\/redenoticiaz.com.br\/ribeiraopreto-regiao\/wp-content\/uploads\/sites\/4\/2022\/11\/Menina-de-9-anos-encontra-figurinha-rara-de-Neymar-e-faz-doacao-a-Hospital-no-interior-de-SP.png","datePublished":"2022-11-17T18:27:23+00:00","description":"Vit\u00f3ria Kama Martinez, de 9 anos, encontrou a cobi\u00e7ada figurinha dourada do jogador Neymar do \u00e1lbum da Copa do Mundo de 2022.","inLanguage":"pt-BR","potentialAction":[{"@type":"ReadAction","target":["https:\/\/redenoticiaz.com.br\/ribeiraopreto-regiao\/sp\/2022\/11\/17\/menina-9-anos-encontra-figurinha-rara-de-neymar-e-faz-doacao-a-hospital-no-interior-de-sp"]}]},{"@type":"ImageObject","inLanguage":"pt-BR","@id":"https:\/\/redenoticiaz.com.br\/ribeiraopreto-regiao\/sp\/2022\/11\/17\/menina-9-anos-encontra-figurinha-rara-de-neymar-e-faz-doacao-a-hospital-no-interior-de-sp#primaryimage","url":"https:\/\/redenoticiaz.com.br\/ribeiraopreto-regiao\/wp-content\/uploads\/sites\/4\/2022\/11\/Menina-de-9-anos-encontra-figurinha-rara-de-Neymar-e-faz-doacao-a-Hospital-no-interior-de-SP.png","contentUrl":"https:\/\/redenoticiaz.com.br\/ribeiraopreto-regiao\/wp-content\/uploads\/sites\/4\/2022\/11\/Menina-de-9-anos-encontra-figurinha-rara-de-Neymar-e-faz-doacao-a-Hospital-no-interior-de-SP.png","width":1200,"height":628,"caption":"Vit\u00f3ria doou a figurinha Legend Gold do Neymar ao HCM de Rio Preto (SP) \u2014 Foto: Divulga\u00e7\u00e3o"},{"@type":"WebSite","@id":"https:\/\/redenoticiaz.com.br\/ribeiraopreto-regiao\/#website","url":"https:\/\/redenoticiaz.com.br\/ribeiraopreto-regiao\/","name":"Ribeir\u00e3o Preto e Regi\u00e3o","description":"Rede NoticiaZ - Ribeir\u00e3o Preto e regi\u00e3o","publisher":{"@id":"https:\/\/redenoticiaz.com.br\/ribeiraopreto-regiao\/#organization"},"potentialAction":[{"@type":"SearchAction","target":{"@type":"EntryPoint","urlTemplate":"https:\/\/redenoticiaz.com.br\/ribeiraopreto-regiao\/?s={search_term_string}"},"query-input":{"@type":"PropertyValueSpecification","valueRequired":true,"valueName":"search_term_string"}}],"inLanguage":"pt-BR"},{"@type":"Organization","@id":"https:\/\/redenoticiaz.com.br\/ribeiraopreto-regiao\/#organization","name":"Ribeir\u00e3o Preto e Regi\u00e3o","url":"https:\/\/redenoticiaz.com.br\/ribeiraopreto-regiao\/","logo":{"@type":"ImageObject","inLanguage":"pt-BR","@id":"https:\/\/redenoticiaz.com.br\/ribeiraopreto-regiao\/#\/schema\/logo\/image\/","url":"https:\/\/redenoticiaz.com.br\/barretos-regiao\/wp-content\/uploads\/sites\/4\/2022\/02\/logo.jpg","contentUrl":"https:\/\/redenoticiaz.com.br\/barretos-regiao\/wp-content\/uploads\/sites\/4\/2022\/02\/logo.jpg","width":400,"height":250,"caption":"Ribeir\u00e3o Preto e Regi\u00e3o"},"image":{"@id":"https:\/\/redenoticiaz.com.br\/ribeiraopreto-regiao\/#\/schema\/logo\/image\/"},"sameAs":["https:\/\/m.facebook.com\/redenoticiaz.barretos","https:\/\/x.com\/RN_barretos","https:\/\/www.instagram.com\/redenoticiaz.barretos\/?igshid=YmMyMTA2M2Y","https:\/\/www.linkedin.com\/company\/rede-noticiaz-barretos-e-regio\/"]},{"@type":"Person","@id":"","url":"https:\/\/redenoticiaz.com.br\/ribeiraopreto-regiao\/sp\/author"}]}},"_links":{"self":[{"href":"https:\/\/redenoticiaz.com.br\/ribeiraopreto-regiao\/wp-json\/wp\/v2\/posts\/95244","targetHints":{"allow":["GET"]}}],"collection":[{"href":"https:\/\/redenoticiaz.com.br\/ribeiraopreto-regiao\/wp-json\/wp\/v2\/posts"}],"about":[{"href":"https:\/\/redenoticiaz.com.br\/ribeiraopreto-regiao\/wp-json\/wp\/v2\/types\/post"}],"author":[{"embeddable":true,"href":"https:\/\/redenoticiaz.com.br\/ribeiraopreto-regiao\/wp-json\/wp\/v2\/users\/15"}],"replies":[{"embeddable":true,"href":"https:\/\/redenoticiaz.com.br\/ribeiraopreto-regiao\/wp-json\/wp\/v2\/comments?post=95244"}],"version-history":[{"count":1,"href":"https:\/\/redenoticiaz.com.br\/ribeiraopreto-regiao\/wp-json\/wp\/v2\/posts\/95244\/revisions"}],"predecessor-version":[{"id":95247,"href":"https:\/\/redenoticiaz.com.br\/ribeiraopreto-regiao\/wp-json\/wp\/v2\/posts\/95244\/revisions\/95247"}],"wp:featuredmedia":[{"embeddable":true,"href":"https:\/\/redenoticiaz.com.br\/ribeiraopreto-regiao\/wp-json\/wp\/v2\/media\/95245"}],"wp:attachment":[{"href":"https:\/\/redenoticiaz.com.br\/ribeiraopreto-regiao\/wp-json\/wp\/v2\/media?parent=95244"}],"wp:term":[{"taxonomy":"category","embeddable":true,"href":"https:\/\/redenoticiaz.com.br\/ribeiraopreto-regiao\/wp-json\/wp\/v2\/categories?post=95244"},{"taxonomy":"post_tag","embeddable":true,"href":"https:\/\/redenoticiaz.com.br\/ribeiraopreto-regiao\/wp-json\/wp\/v2\/tags?post=95244"}],"curies":[{"name":"wp","href":"https:\/\/api.w.org\/{rel}","templated":true}]}}