{"id":95333,"date":"2022-11-19T13:30:01","date_gmt":"2022-11-19T16:30:01","guid":{"rendered":"https:\/\/redenoticiaz.com.br\/barretos-regiao\/?p=95333"},"modified":"2022-11-18T16:37:55","modified_gmt":"2022-11-18T19:37:55","slug":"semana-da-consciencia-negra-tem-programacao-especial-no-instituto-marks","status":"publish","type":"post","link":"https:\/\/redenoticiaz.com.br\/ribeiraopreto-regiao\/sp\/2022\/11\/19\/semana-da-consciencia-negra-tem-programacao-especial-no-instituto-marks","title":{"rendered":"Semana da Consci\u00eancia Negra tem programa\u00e7\u00e3o especial no Instituto Mark\u00b4s"},"content":{"rendered":"<p class=\"v1ql-align-justify\">A partir da pr\u00f3xima segunda, 21 de novembro, acontece no Instituto Mark\u00b4s uma programa\u00e7\u00e3o intensa para celebrar a Semana da Consci\u00eancia Nega. \u00c9 a segunda edi\u00e7\u00e3o do Ra\u00edzes Culturais, com o tema &#8220;Unindo povos em uma s\u00f3 origem&#8221;, com dan\u00e7a, interven\u00e7\u00f5es art\u00edsticas, palestras, debates, exposi\u00e7\u00f5es, espet\u00e1culos musicais e festival gastron\u00f4mico.<\/p>\n<p class=\"v1ql-align-justify\">A abertura oficial acontece \u00e0s 19h da segunda, dia 21, com uma cerim\u00f4nia informal acompanhada de Interven\u00e7\u00e3o Cultural do Coletivo Ile Ax\u00e9, com participa\u00e7\u00e3o do m\u00fasico Diogo Silva ao violino. Ap\u00f3s a apresenta\u00e7\u00e3o acontece a palestra sobre Toler\u00e2ncia Religiosa, com a presidente do Conselho Municipal da Igualdade Racial \u2013 COMIR, professora Ana Paula Ferreira. A noite \u00e9 fechada com apresenta\u00e7\u00e3o de Tambores da Mata e toda a programa\u00e7\u00e3o \u00e9 aberta ao p\u00fablico gratuitamente.<\/p>\n<p class=\"v1ql-align-justify\"><strong><em>Programa\u00e7\u00e3o Completa:<\/em><\/strong><\/p>\n<p>Dia 21\/11 &#8211; segunda<\/p>\n<p>19h: Abertura oficial da Semana de Consci\u00eancia Negra \u2013 2\u00ba Ra\u00edzes Culturais &#8220;Unindo povos em uma s\u00f3 origem&#8221;<\/p>\n<p>19h30: Interven\u00e7\u00e3o Cultural do Coletivo Ile Ax\u00e9, com participa\u00e7\u00e3o do violinista Diogo Silva<\/p>\n<p>20h: Palestra com Ana Paula Ferreira, presidente do COMIR, sobre Toler\u00e2ncia Religiosa, seguida de apresenta\u00e7\u00e3o do Grupo Tambores da Mata<\/p>\n<p>De 22 a 25\/11 \u2013 Exposi\u00e7\u00f5es art\u00edsticas abertas gratuitamente ao p\u00fablico (hor\u00e1rio comercial).<\/p>\n<p>Dia 23\/11 &#8211; quarta<\/p>\n<p>19h: Bate papo com pai Ronaldo &#8220;Culturas Afro&#8221;<\/p>\n<p>Dia 26\/11 &#8211; s\u00e1bado<\/p>\n<p>09h: Abertura Feira do Artesanato.<\/p>\n<p>10h: Interven\u00e7\u00e3o Cultural do Coletivo Ile Ax\u00e9<\/p>\n<p>11h30: Bateria da Faculdade de Medicina &#8211; Facisb<\/p>\n<p>12h: In\u00edcio da entrega das marmitas de Galinhada<\/p>\n<p>13h: Apresenta\u00e7\u00e3o de Samba Criolo<\/p>\n<p>14h: Apresenta\u00e7\u00e3o do grupo Tambores da Mata<\/p>\n<p>14h30: Encerramento das entregas das marmitas<\/p>\n<p>15h: Atividade de Biodanza<\/p>\n<p class=\"v1ql-align-justify\">17h: Apresenta\u00e7\u00e3o do Grupo de S\u00e3o Gon\u00e7alo e Encerramento<\/p>\n<p>VEJA TAMB\u00c9M:\u00a0<a href=\"https:\/\/redenoticiaz.com.br\/barretos-regiao\/sp\/2022\/11\/18\/ponto-mis-tera-oficina-gratuita-de-dublagem\">Ponto Mis ter\u00e1 oficina gratuita de dublagem<\/a><\/p>\n","protected":false},"excerpt":{"rendered":"<p>A partir da pr\u00f3xima segunda, 21 de novembro, acontece no Instituto Mark\u00b4s uma programa\u00e7\u00e3o intensa para celebrar a Semana da Consci\u00eancia Nega. \u00c9 a segunda edi\u00e7\u00e3o do Ra\u00edzes Culturais, com o tema &#8220;Unindo povos em uma s\u00f3 origem&#8221;, com dan\u00e7a, interven\u00e7\u00f5es art\u00edsticas, palestras, debates, exposi\u00e7\u00f5es, espet\u00e1culos musicais e festival gastron\u00f4mico. A abertura oficial acontece \u00e0s &hellip;<\/p>\n","protected":false},"author":15,"featured_media":95334,"comment_status":"open","ping_status":"closed","sticky":false,"template":"","format":"standard","meta":{"footnotes":""},"categories":[469],"tags":[18291,16842,22160],"class_list":["post-95333","post","type-post","status-publish","format-standard","has-post-thumbnail","hentry","category-cultura","tag-instituto-marks","tag-programacao","tag-semana-da-conciencia-negra"],"yoast_head":"<!-- This site is optimized with the Yoast SEO plugin v27.4 - https:\/\/yoast.com\/product\/yoast-seo-wordpress\/ -->\n<title>Semana da Consci\u00eancia Negra tem programa\u00e7\u00e3o especial no Instituto Mark\u00b4s - Ribeir\u00e3o Preto e Regi\u00e3o<\/title>\n<meta name=\"description\" content=\"A partir da pr\u00f3xima segunda, 21 de novembro, acontece no Instituto Mark\u00b4s uma programa\u00e7\u00e3o intensa para celebrar a Semana da Consci\u00eancia Nega.\" \/>\n<meta name=\"robots\" content=\"index, follow, max-snippet:-1, max-image-preview:large, max-video-preview:-1\" \/>\n<link rel=\"canonical\" href=\"https:\/\/redenoticiaz.com.br\/ribeiraopreto-regiao\/sp\/2022\/11\/19\/semana-da-consciencia-negra-tem-programacao-especial-no-instituto-marks\" \/>\n<meta property=\"og:locale\" content=\"pt_BR\" \/>\n<meta property=\"og:type\" content=\"article\" \/>\n<meta property=\"og:title\" content=\"Semana da Consci\u00eancia Negra tem programa\u00e7\u00e3o especial no Instituto Mark\u00b4s - Ribeir\u00e3o Preto e Regi\u00e3o\" \/>\n<meta property=\"og:description\" content=\"A partir da pr\u00f3xima segunda, 21 de novembro, acontece no Instituto Mark\u00b4s uma programa\u00e7\u00e3o intensa para celebrar a Semana da Consci\u00eancia Nega.\" \/>\n<meta property=\"og:url\" content=\"https:\/\/redenoticiaz.com.br\/ribeiraopreto-regiao\/sp\/2022\/11\/19\/semana-da-consciencia-negra-tem-programacao-especial-no-instituto-marks\" \/>\n<meta property=\"og:site_name\" content=\"Ribeir\u00e3o Preto e Regi\u00e3o\" \/>\n<meta property=\"article:publisher\" content=\"https:\/\/m.facebook.com\/redenoticiaz.barretos\" \/>\n<meta property=\"article:published_time\" content=\"2022-11-19T16:30:01+00:00\" \/>\n<meta property=\"og:image\" content=\"https:\/\/redenoticiaz.com.br\/ribeiraopreto-regiao\/wp-content\/uploads\/sites\/4\/2022\/11\/b48bacc2-11b4-4359-8eef-5e3b45fad22b.jpg\" \/>\n\t<meta property=\"og:image:width\" content=\"1024\" \/>\n\t<meta property=\"og:image:height\" content=\"684\" \/>\n\t<meta property=\"og:image:type\" content=\"image\/jpeg\" \/>\n<meta name=\"twitter:card\" content=\"summary_large_image\" \/>\n<meta name=\"twitter:creator\" content=\"@RN_barretos\" \/>\n<meta name=\"twitter:site\" content=\"@RN_barretos\" \/>\n<meta name=\"twitter:label1\" content=\"Escrito por\" \/>\n\t<meta name=\"twitter:data1\" content=\"\" \/>\n\t<meta name=\"twitter:label2\" content=\"Est. tempo de leitura\" \/>\n\t<meta name=\"twitter:data2\" content=\"2 minutos\" \/>\n<script type=\"application\/ld+json\" class=\"yoast-schema-graph\">{\"@context\":\"https:\\\/\\\/schema.org\",\"@graph\":[{\"@type\":\"Article\",\"@id\":\"https:\\\/\\\/redenoticiaz.com.br\\\/ribeiraopreto-regiao\\\/sp\\\/2022\\\/11\\\/19\\\/semana-da-consciencia-negra-tem-programacao-especial-no-instituto-marks#article\",\"isPartOf\":{\"@id\":\"https:\\\/\\\/redenoticiaz.com.br\\\/ribeiraopreto-regiao\\\/sp\\\/2022\\\/11\\\/19\\\/semana-da-consciencia-negra-tem-programacao-especial-no-instituto-marks\"},\"author\":{\"name\":\"\",\"@id\":\"\"},\"headline\":\"Semana da Consci\u00eancia Negra tem programa\u00e7\u00e3o especial no Instituto Mark\u00b4s\",\"datePublished\":\"2022-11-19T16:30:01+00:00\",\"mainEntityOfPage\":{\"@id\":\"https:\\\/\\\/redenoticiaz.com.br\\\/ribeiraopreto-regiao\\\/sp\\\/2022\\\/11\\\/19\\\/semana-da-consciencia-negra-tem-programacao-especial-no-instituto-marks\"},\"wordCount\":318,\"commentCount\":0,\"publisher\":{\"@id\":\"https:\\\/\\\/redenoticiaz.com.br\\\/ribeiraopreto-regiao\\\/#organization\"},\"image\":{\"@id\":\"https:\\\/\\\/redenoticiaz.com.br\\\/ribeiraopreto-regiao\\\/sp\\\/2022\\\/11\\\/19\\\/semana-da-consciencia-negra-tem-programacao-especial-no-instituto-marks#primaryimage\"},\"thumbnailUrl\":\"https:\\\/\\\/redenoticiaz.com.br\\\/ribeiraopreto-regiao\\\/wp-content\\\/uploads\\\/sites\\\/4\\\/2022\\\/11\\\/b48bacc2-11b4-4359-8eef-5e3b45fad22b.jpg\",\"keywords\":[\"INSTITUTO MARK'S\",\"PROGRAMA\u00c7\u00c3O\",\"SEMANA DA CONCI\u00caNCIA NEGRA\"],\"articleSection\":[\"Cultura\"],\"inLanguage\":\"pt-BR\",\"potentialAction\":[{\"@type\":\"CommentAction\",\"name\":\"Comment\",\"target\":[\"https:\\\/\\\/redenoticiaz.com.br\\\/ribeiraopreto-regiao\\\/sp\\\/2022\\\/11\\\/19\\\/semana-da-consciencia-negra-tem-programacao-especial-no-instituto-marks#respond\"]}]},{\"@type\":\"WebPage\",\"@id\":\"https:\\\/\\\/redenoticiaz.com.br\\\/ribeiraopreto-regiao\\\/sp\\\/2022\\\/11\\\/19\\\/semana-da-consciencia-negra-tem-programacao-especial-no-instituto-marks\",\"url\":\"https:\\\/\\\/redenoticiaz.com.br\\\/ribeiraopreto-regiao\\\/sp\\\/2022\\\/11\\\/19\\\/semana-da-consciencia-negra-tem-programacao-especial-no-instituto-marks\",\"name\":\"Semana da Consci\u00eancia Negra tem programa\u00e7\u00e3o especial no Instituto Mark\u00b4s - Ribeir\u00e3o Preto e Regi\u00e3o\",\"isPartOf\":{\"@id\":\"https:\\\/\\\/redenoticiaz.com.br\\\/ribeiraopreto-regiao\\\/#website\"},\"primaryImageOfPage\":{\"@id\":\"https:\\\/\\\/redenoticiaz.com.br\\\/ribeiraopreto-regiao\\\/sp\\\/2022\\\/11\\\/19\\\/semana-da-consciencia-negra-tem-programacao-especial-no-instituto-marks#primaryimage\"},\"image\":{\"@id\":\"https:\\\/\\\/redenoticiaz.com.br\\\/ribeiraopreto-regiao\\\/sp\\\/2022\\\/11\\\/19\\\/semana-da-consciencia-negra-tem-programacao-especial-no-instituto-marks#primaryimage\"},\"thumbnailUrl\":\"https:\\\/\\\/redenoticiaz.com.br\\\/ribeiraopreto-regiao\\\/wp-content\\\/uploads\\\/sites\\\/4\\\/2022\\\/11\\\/b48bacc2-11b4-4359-8eef-5e3b45fad22b.jpg\",\"datePublished\":\"2022-11-19T16:30:01+00:00\",\"description\":\"A partir da pr\u00f3xima segunda, 21 de novembro, acontece no Instituto Mark\u00b4s uma programa\u00e7\u00e3o intensa para celebrar a Semana da Consci\u00eancia Nega.\",\"inLanguage\":\"pt-BR\",\"potentialAction\":[{\"@type\":\"ReadAction\",\"target\":[\"https:\\\/\\\/redenoticiaz.com.br\\\/ribeiraopreto-regiao\\\/sp\\\/2022\\\/11\\\/19\\\/semana-da-consciencia-negra-tem-programacao-especial-no-instituto-marks\"]}]},{\"@type\":\"ImageObject\",\"inLanguage\":\"pt-BR\",\"@id\":\"https:\\\/\\\/redenoticiaz.com.br\\\/ribeiraopreto-regiao\\\/sp\\\/2022\\\/11\\\/19\\\/semana-da-consciencia-negra-tem-programacao-especial-no-instituto-marks#primaryimage\",\"url\":\"https:\\\/\\\/redenoticiaz.com.br\\\/ribeiraopreto-regiao\\\/wp-content\\\/uploads\\\/sites\\\/4\\\/2022\\\/11\\\/b48bacc2-11b4-4359-8eef-5e3b45fad22b.jpg\",\"contentUrl\":\"https:\\\/\\\/redenoticiaz.com.br\\\/ribeiraopreto-regiao\\\/wp-content\\\/uploads\\\/sites\\\/4\\\/2022\\\/11\\\/b48bacc2-11b4-4359-8eef-5e3b45fad22b.jpg\",\"width\":1024,\"height\":684,\"caption\":\"Confira a programa\u00e7\u00e3o completa. Cr\u00e9dito: Divulga\u00e7\u00e3o\"},{\"@type\":\"WebSite\",\"@id\":\"https:\\\/\\\/redenoticiaz.com.br\\\/ribeiraopreto-regiao\\\/#website\",\"url\":\"https:\\\/\\\/redenoticiaz.com.br\\\/ribeiraopreto-regiao\\\/\",\"name\":\"Ribeir\u00e3o Preto e Regi\u00e3o\",\"description\":\"Rede NoticiaZ - Ribeir\u00e3o Preto e regi\u00e3o\",\"publisher\":{\"@id\":\"https:\\\/\\\/redenoticiaz.com.br\\\/ribeiraopreto-regiao\\\/#organization\"},\"potentialAction\":[{\"@type\":\"SearchAction\",\"target\":{\"@type\":\"EntryPoint\",\"urlTemplate\":\"https:\\\/\\\/redenoticiaz.com.br\\\/ribeiraopreto-regiao\\\/?s={search_term_string}\"},\"query-input\":{\"@type\":\"PropertyValueSpecification\",\"valueRequired\":true,\"valueName\":\"search_term_string\"}}],\"inLanguage\":\"pt-BR\"},{\"@type\":\"Organization\",\"@id\":\"https:\\\/\\\/redenoticiaz.com.br\\\/ribeiraopreto-regiao\\\/#organization\",\"name\":\"Ribeir\u00e3o Preto e Regi\u00e3o\",\"url\":\"https:\\\/\\\/redenoticiaz.com.br\\\/ribeiraopreto-regiao\\\/\",\"logo\":{\"@type\":\"ImageObject\",\"inLanguage\":\"pt-BR\",\"@id\":\"https:\\\/\\\/redenoticiaz.com.br\\\/ribeiraopreto-regiao\\\/#\\\/schema\\\/logo\\\/image\\\/\",\"url\":\"https:\\\/\\\/redenoticiaz.com.br\\\/barretos-regiao\\\/wp-content\\\/uploads\\\/sites\\\/4\\\/2022\\\/02\\\/logo.jpg\",\"contentUrl\":\"https:\\\/\\\/redenoticiaz.com.br\\\/barretos-regiao\\\/wp-content\\\/uploads\\\/sites\\\/4\\\/2022\\\/02\\\/logo.jpg\",\"width\":400,\"height\":250,\"caption\":\"Ribeir\u00e3o Preto e Regi\u00e3o\"},\"image\":{\"@id\":\"https:\\\/\\\/redenoticiaz.com.br\\\/ribeiraopreto-regiao\\\/#\\\/schema\\\/logo\\\/image\\\/\"},\"sameAs\":[\"https:\\\/\\\/m.facebook.com\\\/redenoticiaz.barretos\",\"https:\\\/\\\/x.com\\\/RN_barretos\",\"https:\\\/\\\/www.instagram.com\\\/redenoticiaz.barretos\\\/?igshid=YmMyMTA2M2Y\",\"https:\\\/\\\/www.linkedin.com\\\/company\\\/rede-noticiaz-barretos-e-regio\\\/\"]},{\"@type\":\"Person\",\"@id\":\"\",\"url\":\"https:\\\/\\\/redenoticiaz.com.br\\\/ribeiraopreto-regiao\\\/sp\\\/author\"}]}<\/script>\n<!-- \/ Yoast SEO plugin. -->","yoast_head_json":{"title":"Semana da Consci\u00eancia Negra tem programa\u00e7\u00e3o especial no Instituto Mark\u00b4s - Ribeir\u00e3o Preto e Regi\u00e3o","description":"A partir da pr\u00f3xima segunda, 21 de novembro, acontece no Instituto Mark\u00b4s uma programa\u00e7\u00e3o intensa para celebrar a Semana da Consci\u00eancia Nega.","robots":{"index":"index","follow":"follow","max-snippet":"max-snippet:-1","max-image-preview":"max-image-preview:large","max-video-preview":"max-video-preview:-1"},"canonical":"https:\/\/redenoticiaz.com.br\/ribeiraopreto-regiao\/sp\/2022\/11\/19\/semana-da-consciencia-negra-tem-programacao-especial-no-instituto-marks","og_locale":"pt_BR","og_type":"article","og_title":"Semana da Consci\u00eancia Negra tem programa\u00e7\u00e3o especial no Instituto Mark\u00b4s - Ribeir\u00e3o Preto e Regi\u00e3o","og_description":"A partir da pr\u00f3xima segunda, 21 de novembro, acontece no Instituto Mark\u00b4s uma programa\u00e7\u00e3o intensa para celebrar a Semana da Consci\u00eancia Nega.","og_url":"https:\/\/redenoticiaz.com.br\/ribeiraopreto-regiao\/sp\/2022\/11\/19\/semana-da-consciencia-negra-tem-programacao-especial-no-instituto-marks","og_site_name":"Ribeir\u00e3o Preto e Regi\u00e3o","article_publisher":"https:\/\/m.facebook.com\/redenoticiaz.barretos","article_published_time":"2022-11-19T16:30:01+00:00","og_image":[{"width":1024,"height":684,"url":"https:\/\/redenoticiaz.com.br\/ribeiraopreto-regiao\/wp-content\/uploads\/sites\/4\/2022\/11\/b48bacc2-11b4-4359-8eef-5e3b45fad22b.jpg","type":"image\/jpeg"}],"twitter_card":"summary_large_image","twitter_creator":"@RN_barretos","twitter_site":"@RN_barretos","twitter_misc":{"Escrito por":"","Est. tempo de leitura":"2 minutos"},"schema":{"@context":"https:\/\/schema.org","@graph":[{"@type":"Article","@id":"https:\/\/redenoticiaz.com.br\/ribeiraopreto-regiao\/sp\/2022\/11\/19\/semana-da-consciencia-negra-tem-programacao-especial-no-instituto-marks#article","isPartOf":{"@id":"https:\/\/redenoticiaz.com.br\/ribeiraopreto-regiao\/sp\/2022\/11\/19\/semana-da-consciencia-negra-tem-programacao-especial-no-instituto-marks"},"author":{"name":"","@id":""},"headline":"Semana da Consci\u00eancia Negra tem programa\u00e7\u00e3o especial no Instituto Mark\u00b4s","datePublished":"2022-11-19T16:30:01+00:00","mainEntityOfPage":{"@id":"https:\/\/redenoticiaz.com.br\/ribeiraopreto-regiao\/sp\/2022\/11\/19\/semana-da-consciencia-negra-tem-programacao-especial-no-instituto-marks"},"wordCount":318,"commentCount":0,"publisher":{"@id":"https:\/\/redenoticiaz.com.br\/ribeiraopreto-regiao\/#organization"},"image":{"@id":"https:\/\/redenoticiaz.com.br\/ribeiraopreto-regiao\/sp\/2022\/11\/19\/semana-da-consciencia-negra-tem-programacao-especial-no-instituto-marks#primaryimage"},"thumbnailUrl":"https:\/\/redenoticiaz.com.br\/ribeiraopreto-regiao\/wp-content\/uploads\/sites\/4\/2022\/11\/b48bacc2-11b4-4359-8eef-5e3b45fad22b.jpg","keywords":["INSTITUTO MARK'S","PROGRAMA\u00c7\u00c3O","SEMANA DA CONCI\u00caNCIA NEGRA"],"articleSection":["Cultura"],"inLanguage":"pt-BR","potentialAction":[{"@type":"CommentAction","name":"Comment","target":["https:\/\/redenoticiaz.com.br\/ribeiraopreto-regiao\/sp\/2022\/11\/19\/semana-da-consciencia-negra-tem-programacao-especial-no-instituto-marks#respond"]}]},{"@type":"WebPage","@id":"https:\/\/redenoticiaz.com.br\/ribeiraopreto-regiao\/sp\/2022\/11\/19\/semana-da-consciencia-negra-tem-programacao-especial-no-instituto-marks","url":"https:\/\/redenoticiaz.com.br\/ribeiraopreto-regiao\/sp\/2022\/11\/19\/semana-da-consciencia-negra-tem-programacao-especial-no-instituto-marks","name":"Semana da Consci\u00eancia Negra tem programa\u00e7\u00e3o especial no Instituto Mark\u00b4s - Ribeir\u00e3o Preto e Regi\u00e3o","isPartOf":{"@id":"https:\/\/redenoticiaz.com.br\/ribeiraopreto-regiao\/#website"},"primaryImageOfPage":{"@id":"https:\/\/redenoticiaz.com.br\/ribeiraopreto-regiao\/sp\/2022\/11\/19\/semana-da-consciencia-negra-tem-programacao-especial-no-instituto-marks#primaryimage"},"image":{"@id":"https:\/\/redenoticiaz.com.br\/ribeiraopreto-regiao\/sp\/2022\/11\/19\/semana-da-consciencia-negra-tem-programacao-especial-no-instituto-marks#primaryimage"},"thumbnailUrl":"https:\/\/redenoticiaz.com.br\/ribeiraopreto-regiao\/wp-content\/uploads\/sites\/4\/2022\/11\/b48bacc2-11b4-4359-8eef-5e3b45fad22b.jpg","datePublished":"2022-11-19T16:30:01+00:00","description":"A partir da pr\u00f3xima segunda, 21 de novembro, acontece no Instituto Mark\u00b4s uma programa\u00e7\u00e3o intensa para celebrar a Semana da Consci\u00eancia Nega.","inLanguage":"pt-BR","potentialAction":[{"@type":"ReadAction","target":["https:\/\/redenoticiaz.com.br\/ribeiraopreto-regiao\/sp\/2022\/11\/19\/semana-da-consciencia-negra-tem-programacao-especial-no-instituto-marks"]}]},{"@type":"ImageObject","inLanguage":"pt-BR","@id":"https:\/\/redenoticiaz.com.br\/ribeiraopreto-regiao\/sp\/2022\/11\/19\/semana-da-consciencia-negra-tem-programacao-especial-no-instituto-marks#primaryimage","url":"https:\/\/redenoticiaz.com.br\/ribeiraopreto-regiao\/wp-content\/uploads\/sites\/4\/2022\/11\/b48bacc2-11b4-4359-8eef-5e3b45fad22b.jpg","contentUrl":"https:\/\/redenoticiaz.com.br\/ribeiraopreto-regiao\/wp-content\/uploads\/sites\/4\/2022\/11\/b48bacc2-11b4-4359-8eef-5e3b45fad22b.jpg","width":1024,"height":684,"caption":"Confira a programa\u00e7\u00e3o completa. Cr\u00e9dito: Divulga\u00e7\u00e3o"},{"@type":"WebSite","@id":"https:\/\/redenoticiaz.com.br\/ribeiraopreto-regiao\/#website","url":"https:\/\/redenoticiaz.com.br\/ribeiraopreto-regiao\/","name":"Ribeir\u00e3o Preto e Regi\u00e3o","description":"Rede NoticiaZ - Ribeir\u00e3o Preto e regi\u00e3o","publisher":{"@id":"https:\/\/redenoticiaz.com.br\/ribeiraopreto-regiao\/#organization"},"potentialAction":[{"@type":"SearchAction","target":{"@type":"EntryPoint","urlTemplate":"https:\/\/redenoticiaz.com.br\/ribeiraopreto-regiao\/?s={search_term_string}"},"query-input":{"@type":"PropertyValueSpecification","valueRequired":true,"valueName":"search_term_string"}}],"inLanguage":"pt-BR"},{"@type":"Organization","@id":"https:\/\/redenoticiaz.com.br\/ribeiraopreto-regiao\/#organization","name":"Ribeir\u00e3o Preto e Regi\u00e3o","url":"https:\/\/redenoticiaz.com.br\/ribeiraopreto-regiao\/","logo":{"@type":"ImageObject","inLanguage":"pt-BR","@id":"https:\/\/redenoticiaz.com.br\/ribeiraopreto-regiao\/#\/schema\/logo\/image\/","url":"https:\/\/redenoticiaz.com.br\/barretos-regiao\/wp-content\/uploads\/sites\/4\/2022\/02\/logo.jpg","contentUrl":"https:\/\/redenoticiaz.com.br\/barretos-regiao\/wp-content\/uploads\/sites\/4\/2022\/02\/logo.jpg","width":400,"height":250,"caption":"Ribeir\u00e3o Preto e Regi\u00e3o"},"image":{"@id":"https:\/\/redenoticiaz.com.br\/ribeiraopreto-regiao\/#\/schema\/logo\/image\/"},"sameAs":["https:\/\/m.facebook.com\/redenoticiaz.barretos","https:\/\/x.com\/RN_barretos","https:\/\/www.instagram.com\/redenoticiaz.barretos\/?igshid=YmMyMTA2M2Y","https:\/\/www.linkedin.com\/company\/rede-noticiaz-barretos-e-regio\/"]},{"@type":"Person","@id":"","url":"https:\/\/redenoticiaz.com.br\/ribeiraopreto-regiao\/sp\/author"}]}},"_links":{"self":[{"href":"https:\/\/redenoticiaz.com.br\/ribeiraopreto-regiao\/wp-json\/wp\/v2\/posts\/95333","targetHints":{"allow":["GET"]}}],"collection":[{"href":"https:\/\/redenoticiaz.com.br\/ribeiraopreto-regiao\/wp-json\/wp\/v2\/posts"}],"about":[{"href":"https:\/\/redenoticiaz.com.br\/ribeiraopreto-regiao\/wp-json\/wp\/v2\/types\/post"}],"author":[{"embeddable":true,"href":"https:\/\/redenoticiaz.com.br\/ribeiraopreto-regiao\/wp-json\/wp\/v2\/users\/15"}],"replies":[{"embeddable":true,"href":"https:\/\/redenoticiaz.com.br\/ribeiraopreto-regiao\/wp-json\/wp\/v2\/comments?post=95333"}],"version-history":[{"count":1,"href":"https:\/\/redenoticiaz.com.br\/ribeiraopreto-regiao\/wp-json\/wp\/v2\/posts\/95333\/revisions"}],"predecessor-version":[{"id":95335,"href":"https:\/\/redenoticiaz.com.br\/ribeiraopreto-regiao\/wp-json\/wp\/v2\/posts\/95333\/revisions\/95335"}],"wp:featuredmedia":[{"embeddable":true,"href":"https:\/\/redenoticiaz.com.br\/ribeiraopreto-regiao\/wp-json\/wp\/v2\/media\/95334"}],"wp:attachment":[{"href":"https:\/\/redenoticiaz.com.br\/ribeiraopreto-regiao\/wp-json\/wp\/v2\/media?parent=95333"}],"wp:term":[{"taxonomy":"category","embeddable":true,"href":"https:\/\/redenoticiaz.com.br\/ribeiraopreto-regiao\/wp-json\/wp\/v2\/categories?post=95333"},{"taxonomy":"post_tag","embeddable":true,"href":"https:\/\/redenoticiaz.com.br\/ribeiraopreto-regiao\/wp-json\/wp\/v2\/tags?post=95333"}],"curies":[{"name":"wp","href":"https:\/\/api.w.org\/{rel}","templated":true}]}}