{"id":95395,"date":"2022-11-21T11:24:30","date_gmt":"2022-11-21T14:24:30","guid":{"rendered":"https:\/\/redenoticiaz.com.br\/barretos-regiao\/sp\/2022\/11\/21\/terremoto-mata-quase-60-pessoas-na-indonesia-e-outras-700-feridas"},"modified":"2022-11-21T11:24:30","modified_gmt":"2022-11-21T14:24:30","slug":"terremoto-mata-quase-60-pessoas-na-indonesia-e-outras-700-feridas","status":"publish","type":"post","link":"https:\/\/redenoticiaz.com.br\/ribeiraopreto-regiao\/sp\/2022\/11\/21\/terremoto-mata-quase-60-pessoas-na-indonesia-e-outras-700-feridas","title":{"rendered":"Terremoto mata quase 60 pessoas na Indon\u00e9sia e outras 700 feridas"},"content":{"rendered":"<p class=\"content-text__container \" data-track-category=\"Link no Texto\" data-track-links=\"\">Trag\u00e9dia na Indon\u00e9sia nesta segunda-feira (21). Um terremoto de magnitude 5,6 provocou <strong>as mortes de 56 pessoas e mais de 700 ficaram feridas.<\/strong> Conforme informa\u00e7\u00f5es do Servi\u00e7o Geol\u00f3gico dos Estados Unidos, que registra tremores no mundo inteiro, o epicentro ocorreu em Cianjur, na regi\u00e3o ocidental de Java, a principal ilha do pa\u00eds e que fica a cerca de 75 quil\u00f4metros da capital do pa\u00eds, Jacarta.<\/p>\n<div class=\"wall protected-content\">\n<div id=\"chunk-78eeg\">\n<div class=\"mc-column content-text active-extra-styles \" data-block-type=\"unstyled\" data-block-weight=\"44\" data-block-id=\"5\">\n<p class=\"content-text__container \" data-track-category=\"Link no Texto\" data-track-links=\"\">Mas de acordo com autoridades de Cianjur, h\u00e1 ainda centenas de desaparecidos, e dezenas de pr\u00e9dios foram total ou parcialmente danificados. Al\u00e9m disso, <span class=\"highlight highlighted\">tamb\u00e9m muitos feridos por conta das r\u00e9plicas, todo este impacto em apenas duas horas ap\u00f3s o tremor principal, a ag\u00eancia geof\u00edsica do pa\u00eds registrou 25 delas. <\/span><\/p>\n<div id=\"chunk-f0rbl\">\n<div class=\"mc-column content-text active-extra-styles \" data-block-type=\"unstyled\" data-block-weight=\"38\" data-block-id=\"7\">\n<p class=\"content-text__container \" data-track-category=\"Link no Texto\" data-track-links=\"\">O tremor, que aconteceu a uma profundidade de 10 quil\u00f4metros, <span class=\"highlight highlighted\">foi fortemente sentido na \u00e1rea metropolitana de Jacarta, que tem centenas de pr\u00e9dios comerciais<\/span>. Os arranha-c\u00e9us da capital balan\u00e7aram por mais de tr\u00eas minutos e alguns foram evacuados.<\/p>\n<\/div>\n<\/div>\n<div id=\"chunk-9985l\">\n<div class=\"mc-column content-text active-extra-styles \" data-block-type=\"unstyled\" data-block-weight=\"36\" data-block-id=\"8\">\n<p class=\"content-text__container \" data-track-category=\"Link no Texto\" data-track-links=\"\">&#8220;Muitas pessoas tamb\u00e9m sofreram fraturas porque ficaram presas nos destro\u00e7os dos edif\u00edcios&#8221;, afirmou o chefe de administra\u00e7\u00e3o de Cianjur, Herman Suherman, ao canal Metro TV. &#8220;Isso \u00e9 de um hospital, h\u00e1 quatro hospitais em Cianjur&#8221;.<\/p>\n<div class=\"mc-column content-text active-extra-styles\" data-block-type=\"raw\" data-block-weight=\"40\" data-block-id=\"13\">\n<blockquote class=\"content-blockquote theme-border-color-primary-before\"><p>A Indon\u00e9sia, um vasto arquip\u00e9lago de mais de 270 milh\u00f5es de pessoas, \u00e9 frequentemente atingida por terremotos, erup\u00e7\u00f5es vulc\u00e2nicas e tsunamis devido \u00e0 sua localiza\u00e7\u00e3o no \u201cAnel de Fogo\u201d, um arco de vulc\u00f5es e falhas geol\u00f3gicas na Bacia do Pac\u00edfico.<\/p><\/blockquote>\n<p><strong>LEIA TAMB\u00c9M<\/strong><\/div>\n<\/div>\n<\/div>\n<\/div>\n<\/div>\n<\/div>\n<div data-block-type=\"raw\" data-block-weight=\"40\" data-block-id=\"13\"><\/div>\n<div data-block-type=\"raw\" data-block-weight=\"40\" data-block-id=\"13\"><a href=\"https:\/\/redenoticiaz.com.br\/blog\/2022\/11\/20\/jason-david-frank-o-power-ranger-verde-morre-aos-49-anos\">Jason David Frank, o Power Ranger verde, morre aos 49 anos<\/a><\/div>\n","protected":false},"excerpt":{"rendered":"<p>Trag\u00e9dia na Indon\u00e9sia nesta segunda-feira (21). Um terremoto de magnitude 5,6 provocou as mortes de 56 pessoas e mais de 700 ficaram feridas. Conforme informa\u00e7\u00f5es do Servi\u00e7o Geol\u00f3gico dos Estados Unidos, que registra tremores no mundo inteiro, o epicentro ocorreu em Cianjur, na regi\u00e3o ocidental de Java, a principal ilha do pa\u00eds e que fica &hellip;<\/p>\n","protected":false},"author":6,"featured_media":95396,"comment_status":"open","ping_status":"closed","sticky":false,"template":"","format":"standard","meta":{"footnotes":""},"categories":[1771,68],"tags":[9581,22199,22200,928,15557],"class_list":["post-95395","post","type-post","status-publish","format-standard","has-post-thumbnail","hentry","category-climatologia","category-mundo","tag-feridos","tag-ilha-de-java","tag-indonesia","tag-mortes","tag-terremoto"],"yoast_head":"<!-- This site is optimized with the Yoast SEO plugin v27.5 - https:\/\/yoast.com\/product\/yoast-seo-wordpress\/ -->\n<title>Terremoto mata quase 60 pessoas na Indon\u00e9sia e outras 700 feridas - Ribeir\u00e3o Preto e Regi\u00e3o<\/title>\n<meta name=\"description\" content=\"Indon\u00e9sia nesta segunda-feira (21). Um terremoto de magnitude 5,6 provocou as mortes de 56 pessoas e mais de 700 ficaram feridas.\" \/>\n<meta name=\"robots\" content=\"index, follow, max-snippet:-1, max-image-preview:large, max-video-preview:-1\" \/>\n<link rel=\"canonical\" href=\"https:\/\/redenoticiaz.com.br\/ribeiraopreto-regiao\/sp\/2022\/11\/21\/terremoto-mata-quase-60-pessoas-na-indonesia-e-outras-700-feridas\" \/>\n<meta property=\"og:locale\" content=\"pt_BR\" \/>\n<meta property=\"og:type\" content=\"article\" \/>\n<meta property=\"og:title\" content=\"Terremoto mata quase 60 pessoas na Indon\u00e9sia e outras 700 feridas - Ribeir\u00e3o Preto e Regi\u00e3o\" \/>\n<meta property=\"og:description\" content=\"Indon\u00e9sia nesta segunda-feira (21). Um terremoto de magnitude 5,6 provocou as mortes de 56 pessoas e mais de 700 ficaram feridas.\" \/>\n<meta property=\"og:url\" content=\"https:\/\/redenoticiaz.com.br\/ribeiraopreto-regiao\/sp\/2022\/11\/21\/terremoto-mata-quase-60-pessoas-na-indonesia-e-outras-700-feridas\" \/>\n<meta property=\"og:site_name\" content=\"Ribeir\u00e3o Preto e Regi\u00e3o\" \/>\n<meta property=\"article:publisher\" content=\"https:\/\/m.facebook.com\/redenoticiaz.barretos\" \/>\n<meta property=\"article:published_time\" content=\"2022-11-21T14:24:30+00:00\" \/>\n<meta property=\"og:image\" content=\"https:\/\/redenoticiaz.com.br\/ribeiraopreto-regiao\/wp-content\/uploads\/sites\/4\/2022\/02\/logo.jpg\" \/>\n\t<meta property=\"og:image:width\" content=\"400\" \/>\n\t<meta property=\"og:image:height\" content=\"250\" \/>\n\t<meta property=\"og:image:type\" content=\"image\/jpeg\" \/>\n<meta name=\"author\" content=\"Leonardo Francisco\" \/>\n<meta name=\"twitter:card\" content=\"summary_large_image\" \/>\n<meta name=\"twitter:creator\" content=\"@RN_barretos\" \/>\n<meta name=\"twitter:site\" content=\"@RN_barretos\" \/>\n<meta name=\"twitter:label1\" content=\"Escrito por\" \/>\n\t<meta name=\"twitter:data1\" content=\"Leonardo Francisco\" \/>\n\t<meta name=\"twitter:label2\" content=\"Est. tempo de leitura\" \/>\n\t<meta name=\"twitter:data2\" content=\"2 minutos\" \/>\n<script type=\"application\/ld+json\" class=\"yoast-schema-graph\">{\"@context\":\"https:\\\/\\\/schema.org\",\"@graph\":[{\"@type\":\"Article\",\"@id\":\"https:\\\/\\\/redenoticiaz.com.br\\\/ribeiraopreto-regiao\\\/sp\\\/2022\\\/11\\\/21\\\/terremoto-mata-quase-60-pessoas-na-indonesia-e-outras-700-feridas#article\",\"isPartOf\":{\"@id\":\"https:\\\/\\\/redenoticiaz.com.br\\\/ribeiraopreto-regiao\\\/sp\\\/2022\\\/11\\\/21\\\/terremoto-mata-quase-60-pessoas-na-indonesia-e-outras-700-feridas\"},\"author\":{\"name\":\"Leonardo Francisco\",\"@id\":\"https:\\\/\\\/redenoticiaz.com.br\\\/ribeiraopreto-regiao\\\/#\\\/schema\\\/person\\\/0f0b8a5bdafefe82841e07ae8d81ecb3\"},\"headline\":\"Terremoto mata quase 60 pessoas na Indon\u00e9sia e outras 700 feridas\",\"datePublished\":\"2022-11-21T14:24:30+00:00\",\"mainEntityOfPage\":{\"@id\":\"https:\\\/\\\/redenoticiaz.com.br\\\/ribeiraopreto-regiao\\\/sp\\\/2022\\\/11\\\/21\\\/terremoto-mata-quase-60-pessoas-na-indonesia-e-outras-700-feridas\"},\"wordCount\":274,\"commentCount\":0,\"publisher\":{\"@id\":\"https:\\\/\\\/redenoticiaz.com.br\\\/ribeiraopreto-regiao\\\/#organization\"},\"image\":{\"@id\":\"https:\\\/\\\/redenoticiaz.com.br\\\/ribeiraopreto-regiao\\\/sp\\\/2022\\\/11\\\/21\\\/terremoto-mata-quase-60-pessoas-na-indonesia-e-outras-700-feridas#primaryimage\"},\"thumbnailUrl\":\"https:\\\/\\\/redenoticiaz.com.br\\\/ribeiraopreto-regiao\\\/wp-content\\\/uploads\\\/sites\\\/4\\\/2022\\\/11\\\/TERREMOTO.jpg?v=1669040590\",\"keywords\":[\"FERIDOS\",\"ILHA DE JAVA\",\"INDON\u00c9SIA\",\"MORTES\",\"TERREMOTO\"],\"articleSection\":[\"Climatologia\",\"Mundo\"],\"inLanguage\":\"pt-BR\",\"potentialAction\":[{\"@type\":\"CommentAction\",\"name\":\"Comment\",\"target\":[\"https:\\\/\\\/redenoticiaz.com.br\\\/ribeiraopreto-regiao\\\/sp\\\/2022\\\/11\\\/21\\\/terremoto-mata-quase-60-pessoas-na-indonesia-e-outras-700-feridas#respond\"]}]},{\"@type\":\"WebPage\",\"@id\":\"https:\\\/\\\/redenoticiaz.com.br\\\/ribeiraopreto-regiao\\\/sp\\\/2022\\\/11\\\/21\\\/terremoto-mata-quase-60-pessoas-na-indonesia-e-outras-700-feridas\",\"url\":\"https:\\\/\\\/redenoticiaz.com.br\\\/ribeiraopreto-regiao\\\/sp\\\/2022\\\/11\\\/21\\\/terremoto-mata-quase-60-pessoas-na-indonesia-e-outras-700-feridas\",\"name\":\"Terremoto mata quase 60 pessoas na Indon\u00e9sia e outras 700 feridas - Ribeir\u00e3o Preto e Regi\u00e3o\",\"isPartOf\":{\"@id\":\"https:\\\/\\\/redenoticiaz.com.br\\\/ribeiraopreto-regiao\\\/#website\"},\"primaryImageOfPage\":{\"@id\":\"https:\\\/\\\/redenoticiaz.com.br\\\/ribeiraopreto-regiao\\\/sp\\\/2022\\\/11\\\/21\\\/terremoto-mata-quase-60-pessoas-na-indonesia-e-outras-700-feridas#primaryimage\"},\"image\":{\"@id\":\"https:\\\/\\\/redenoticiaz.com.br\\\/ribeiraopreto-regiao\\\/sp\\\/2022\\\/11\\\/21\\\/terremoto-mata-quase-60-pessoas-na-indonesia-e-outras-700-feridas#primaryimage\"},\"thumbnailUrl\":\"https:\\\/\\\/redenoticiaz.com.br\\\/ribeiraopreto-regiao\\\/wp-content\\\/uploads\\\/sites\\\/4\\\/2022\\\/11\\\/TERREMOTO.jpg?v=1669040590\",\"datePublished\":\"2022-11-21T14:24:30+00:00\",\"description\":\"Indon\u00e9sia nesta segunda-feira (21). Um terremoto de magnitude 5,6 provocou as mortes de 56 pessoas e mais de 700 ficaram feridas.\",\"inLanguage\":\"pt-BR\",\"potentialAction\":[{\"@type\":\"ReadAction\",\"target\":[\"https:\\\/\\\/redenoticiaz.com.br\\\/ribeiraopreto-regiao\\\/sp\\\/2022\\\/11\\\/21\\\/terremoto-mata-quase-60-pessoas-na-indonesia-e-outras-700-feridas\"]}]},{\"@type\":\"ImageObject\",\"inLanguage\":\"pt-BR\",\"@id\":\"https:\\\/\\\/redenoticiaz.com.br\\\/ribeiraopreto-regiao\\\/sp\\\/2022\\\/11\\\/21\\\/terremoto-mata-quase-60-pessoas-na-indonesia-e-outras-700-feridas#primaryimage\",\"url\":\"https:\\\/\\\/redenoticiaz.com.br\\\/ribeiraopreto-regiao\\\/wp-content\\\/uploads\\\/sites\\\/4\\\/2022\\\/11\\\/TERREMOTO.jpg?v=1669040590\",\"contentUrl\":\"https:\\\/\\\/redenoticiaz.com.br\\\/ribeiraopreto-regiao\\\/wp-content\\\/uploads\\\/sites\\\/4\\\/2022\\\/11\\\/TERREMOTO.jpg?v=1669040590\",\"width\":527,\"height\":366,\"caption\":\"N\u00famero de desaparecidos ainda est\u00e3o sendo contabilizados Cr\u00e9ditos: Reprodu\u00e7\u00e3o\\\/AP\"},{\"@type\":\"WebSite\",\"@id\":\"https:\\\/\\\/redenoticiaz.com.br\\\/ribeiraopreto-regiao\\\/#website\",\"url\":\"https:\\\/\\\/redenoticiaz.com.br\\\/ribeiraopreto-regiao\\\/\",\"name\":\"Ribeir\u00e3o Preto e Regi\u00e3o\",\"description\":\"Rede NoticiaZ - Ribeir\u00e3o Preto e regi\u00e3o\",\"publisher\":{\"@id\":\"https:\\\/\\\/redenoticiaz.com.br\\\/ribeiraopreto-regiao\\\/#organization\"},\"potentialAction\":[{\"@type\":\"SearchAction\",\"target\":{\"@type\":\"EntryPoint\",\"urlTemplate\":\"https:\\\/\\\/redenoticiaz.com.br\\\/ribeiraopreto-regiao\\\/?s={search_term_string}\"},\"query-input\":{\"@type\":\"PropertyValueSpecification\",\"valueRequired\":true,\"valueName\":\"search_term_string\"}}],\"inLanguage\":\"pt-BR\"},{\"@type\":\"Organization\",\"@id\":\"https:\\\/\\\/redenoticiaz.com.br\\\/ribeiraopreto-regiao\\\/#organization\",\"name\":\"Ribeir\u00e3o Preto e Regi\u00e3o\",\"url\":\"https:\\\/\\\/redenoticiaz.com.br\\\/ribeiraopreto-regiao\\\/\",\"logo\":{\"@type\":\"ImageObject\",\"inLanguage\":\"pt-BR\",\"@id\":\"https:\\\/\\\/redenoticiaz.com.br\\\/ribeiraopreto-regiao\\\/#\\\/schema\\\/logo\\\/image\\\/\",\"url\":\"https:\\\/\\\/redenoticiaz.com.br\\\/barretos-regiao\\\/wp-content\\\/uploads\\\/sites\\\/4\\\/2022\\\/02\\\/logo.jpg\",\"contentUrl\":\"https:\\\/\\\/redenoticiaz.com.br\\\/barretos-regiao\\\/wp-content\\\/uploads\\\/sites\\\/4\\\/2022\\\/02\\\/logo.jpg\",\"width\":400,\"height\":250,\"caption\":\"Ribeir\u00e3o Preto e Regi\u00e3o\"},\"image\":{\"@id\":\"https:\\\/\\\/redenoticiaz.com.br\\\/ribeiraopreto-regiao\\\/#\\\/schema\\\/logo\\\/image\\\/\"},\"sameAs\":[\"https:\\\/\\\/m.facebook.com\\\/redenoticiaz.barretos\",\"https:\\\/\\\/x.com\\\/RN_barretos\",\"https:\\\/\\\/www.instagram.com\\\/redenoticiaz.barretos\\\/?igshid=YmMyMTA2M2Y\",\"https:\\\/\\\/www.linkedin.com\\\/company\\\/rede-noticiaz-barretos-e-regio\\\/\"]},{\"@type\":\"Person\",\"@id\":\"https:\\\/\\\/redenoticiaz.com.br\\\/ribeiraopreto-regiao\\\/#\\\/schema\\\/person\\\/0f0b8a5bdafefe82841e07ae8d81ecb3\",\"name\":\"Leonardo Francisco\",\"image\":{\"@type\":\"ImageObject\",\"inLanguage\":\"pt-BR\",\"@id\":\"https:\\\/\\\/secure.gravatar.com\\\/avatar\\\/a7358cb406a99b682ec6df1e77e31ae82e63601f6784e8a3df411d72b37864da?s=96&d=mm&r=g\",\"url\":\"https:\\\/\\\/secure.gravatar.com\\\/avatar\\\/a7358cb406a99b682ec6df1e77e31ae82e63601f6784e8a3df411d72b37864da?s=96&d=mm&r=g\",\"contentUrl\":\"https:\\\/\\\/secure.gravatar.com\\\/avatar\\\/a7358cb406a99b682ec6df1e77e31ae82e63601f6784e8a3df411d72b37864da?s=96&d=mm&r=g\",\"caption\":\"Leonardo Francisco\"},\"url\":\"https:\\\/\\\/redenoticiaz.com.br\\\/ribeiraopreto-regiao\\\/sp\\\/author\\\/leonardo-francisco\"}]}<\/script>\n<!-- \/ Yoast SEO plugin. -->","yoast_head_json":{"title":"Terremoto mata quase 60 pessoas na Indon\u00e9sia e outras 700 feridas - Ribeir\u00e3o Preto e Regi\u00e3o","description":"Indon\u00e9sia nesta segunda-feira (21). Um terremoto de magnitude 5,6 provocou as mortes de 56 pessoas e mais de 700 ficaram feridas.","robots":{"index":"index","follow":"follow","max-snippet":"max-snippet:-1","max-image-preview":"max-image-preview:large","max-video-preview":"max-video-preview:-1"},"canonical":"https:\/\/redenoticiaz.com.br\/ribeiraopreto-regiao\/sp\/2022\/11\/21\/terremoto-mata-quase-60-pessoas-na-indonesia-e-outras-700-feridas","og_locale":"pt_BR","og_type":"article","og_title":"Terremoto mata quase 60 pessoas na Indon\u00e9sia e outras 700 feridas - Ribeir\u00e3o Preto e Regi\u00e3o","og_description":"Indon\u00e9sia nesta segunda-feira (21). Um terremoto de magnitude 5,6 provocou as mortes de 56 pessoas e mais de 700 ficaram feridas.","og_url":"https:\/\/redenoticiaz.com.br\/ribeiraopreto-regiao\/sp\/2022\/11\/21\/terremoto-mata-quase-60-pessoas-na-indonesia-e-outras-700-feridas","og_site_name":"Ribeir\u00e3o Preto e Regi\u00e3o","article_publisher":"https:\/\/m.facebook.com\/redenoticiaz.barretos","article_published_time":"2022-11-21T14:24:30+00:00","og_image":[{"width":400,"height":250,"url":"https:\/\/redenoticiaz.com.br\/ribeiraopreto-regiao\/wp-content\/uploads\/sites\/4\/2022\/02\/logo.jpg","type":"image\/jpeg"}],"author":"Leonardo Francisco","twitter_card":"summary_large_image","twitter_creator":"@RN_barretos","twitter_site":"@RN_barretos","twitter_misc":{"Escrito por":"Leonardo Francisco","Est. tempo de leitura":"2 minutos"},"schema":{"@context":"https:\/\/schema.org","@graph":[{"@type":"Article","@id":"https:\/\/redenoticiaz.com.br\/ribeiraopreto-regiao\/sp\/2022\/11\/21\/terremoto-mata-quase-60-pessoas-na-indonesia-e-outras-700-feridas#article","isPartOf":{"@id":"https:\/\/redenoticiaz.com.br\/ribeiraopreto-regiao\/sp\/2022\/11\/21\/terremoto-mata-quase-60-pessoas-na-indonesia-e-outras-700-feridas"},"author":{"name":"Leonardo Francisco","@id":"https:\/\/redenoticiaz.com.br\/ribeiraopreto-regiao\/#\/schema\/person\/0f0b8a5bdafefe82841e07ae8d81ecb3"},"headline":"Terremoto mata quase 60 pessoas na Indon\u00e9sia e outras 700 feridas","datePublished":"2022-11-21T14:24:30+00:00","mainEntityOfPage":{"@id":"https:\/\/redenoticiaz.com.br\/ribeiraopreto-regiao\/sp\/2022\/11\/21\/terremoto-mata-quase-60-pessoas-na-indonesia-e-outras-700-feridas"},"wordCount":274,"commentCount":0,"publisher":{"@id":"https:\/\/redenoticiaz.com.br\/ribeiraopreto-regiao\/#organization"},"image":{"@id":"https:\/\/redenoticiaz.com.br\/ribeiraopreto-regiao\/sp\/2022\/11\/21\/terremoto-mata-quase-60-pessoas-na-indonesia-e-outras-700-feridas#primaryimage"},"thumbnailUrl":"https:\/\/redenoticiaz.com.br\/ribeiraopreto-regiao\/wp-content\/uploads\/sites\/4\/2022\/11\/TERREMOTO.jpg?v=1669040590","keywords":["FERIDOS","ILHA DE JAVA","INDON\u00c9SIA","MORTES","TERREMOTO"],"articleSection":["Climatologia","Mundo"],"inLanguage":"pt-BR","potentialAction":[{"@type":"CommentAction","name":"Comment","target":["https:\/\/redenoticiaz.com.br\/ribeiraopreto-regiao\/sp\/2022\/11\/21\/terremoto-mata-quase-60-pessoas-na-indonesia-e-outras-700-feridas#respond"]}]},{"@type":"WebPage","@id":"https:\/\/redenoticiaz.com.br\/ribeiraopreto-regiao\/sp\/2022\/11\/21\/terremoto-mata-quase-60-pessoas-na-indonesia-e-outras-700-feridas","url":"https:\/\/redenoticiaz.com.br\/ribeiraopreto-regiao\/sp\/2022\/11\/21\/terremoto-mata-quase-60-pessoas-na-indonesia-e-outras-700-feridas","name":"Terremoto mata quase 60 pessoas na Indon\u00e9sia e outras 700 feridas - Ribeir\u00e3o Preto e Regi\u00e3o","isPartOf":{"@id":"https:\/\/redenoticiaz.com.br\/ribeiraopreto-regiao\/#website"},"primaryImageOfPage":{"@id":"https:\/\/redenoticiaz.com.br\/ribeiraopreto-regiao\/sp\/2022\/11\/21\/terremoto-mata-quase-60-pessoas-na-indonesia-e-outras-700-feridas#primaryimage"},"image":{"@id":"https:\/\/redenoticiaz.com.br\/ribeiraopreto-regiao\/sp\/2022\/11\/21\/terremoto-mata-quase-60-pessoas-na-indonesia-e-outras-700-feridas#primaryimage"},"thumbnailUrl":"https:\/\/redenoticiaz.com.br\/ribeiraopreto-regiao\/wp-content\/uploads\/sites\/4\/2022\/11\/TERREMOTO.jpg?v=1669040590","datePublished":"2022-11-21T14:24:30+00:00","description":"Indon\u00e9sia nesta segunda-feira (21). Um terremoto de magnitude 5,6 provocou as mortes de 56 pessoas e mais de 700 ficaram feridas.","inLanguage":"pt-BR","potentialAction":[{"@type":"ReadAction","target":["https:\/\/redenoticiaz.com.br\/ribeiraopreto-regiao\/sp\/2022\/11\/21\/terremoto-mata-quase-60-pessoas-na-indonesia-e-outras-700-feridas"]}]},{"@type":"ImageObject","inLanguage":"pt-BR","@id":"https:\/\/redenoticiaz.com.br\/ribeiraopreto-regiao\/sp\/2022\/11\/21\/terremoto-mata-quase-60-pessoas-na-indonesia-e-outras-700-feridas#primaryimage","url":"https:\/\/redenoticiaz.com.br\/ribeiraopreto-regiao\/wp-content\/uploads\/sites\/4\/2022\/11\/TERREMOTO.jpg?v=1669040590","contentUrl":"https:\/\/redenoticiaz.com.br\/ribeiraopreto-regiao\/wp-content\/uploads\/sites\/4\/2022\/11\/TERREMOTO.jpg?v=1669040590","width":527,"height":366,"caption":"N\u00famero de desaparecidos ainda est\u00e3o sendo contabilizados Cr\u00e9ditos: Reprodu\u00e7\u00e3o\/AP"},{"@type":"WebSite","@id":"https:\/\/redenoticiaz.com.br\/ribeiraopreto-regiao\/#website","url":"https:\/\/redenoticiaz.com.br\/ribeiraopreto-regiao\/","name":"Ribeir\u00e3o Preto e Regi\u00e3o","description":"Rede NoticiaZ - Ribeir\u00e3o Preto e regi\u00e3o","publisher":{"@id":"https:\/\/redenoticiaz.com.br\/ribeiraopreto-regiao\/#organization"},"potentialAction":[{"@type":"SearchAction","target":{"@type":"EntryPoint","urlTemplate":"https:\/\/redenoticiaz.com.br\/ribeiraopreto-regiao\/?s={search_term_string}"},"query-input":{"@type":"PropertyValueSpecification","valueRequired":true,"valueName":"search_term_string"}}],"inLanguage":"pt-BR"},{"@type":"Organization","@id":"https:\/\/redenoticiaz.com.br\/ribeiraopreto-regiao\/#organization","name":"Ribeir\u00e3o Preto e Regi\u00e3o","url":"https:\/\/redenoticiaz.com.br\/ribeiraopreto-regiao\/","logo":{"@type":"ImageObject","inLanguage":"pt-BR","@id":"https:\/\/redenoticiaz.com.br\/ribeiraopreto-regiao\/#\/schema\/logo\/image\/","url":"https:\/\/redenoticiaz.com.br\/barretos-regiao\/wp-content\/uploads\/sites\/4\/2022\/02\/logo.jpg","contentUrl":"https:\/\/redenoticiaz.com.br\/barretos-regiao\/wp-content\/uploads\/sites\/4\/2022\/02\/logo.jpg","width":400,"height":250,"caption":"Ribeir\u00e3o Preto e Regi\u00e3o"},"image":{"@id":"https:\/\/redenoticiaz.com.br\/ribeiraopreto-regiao\/#\/schema\/logo\/image\/"},"sameAs":["https:\/\/m.facebook.com\/redenoticiaz.barretos","https:\/\/x.com\/RN_barretos","https:\/\/www.instagram.com\/redenoticiaz.barretos\/?igshid=YmMyMTA2M2Y","https:\/\/www.linkedin.com\/company\/rede-noticiaz-barretos-e-regio\/"]},{"@type":"Person","@id":"https:\/\/redenoticiaz.com.br\/ribeiraopreto-regiao\/#\/schema\/person\/0f0b8a5bdafefe82841e07ae8d81ecb3","name":"Leonardo Francisco","image":{"@type":"ImageObject","inLanguage":"pt-BR","@id":"https:\/\/secure.gravatar.com\/avatar\/a7358cb406a99b682ec6df1e77e31ae82e63601f6784e8a3df411d72b37864da?s=96&d=mm&r=g","url":"https:\/\/secure.gravatar.com\/avatar\/a7358cb406a99b682ec6df1e77e31ae82e63601f6784e8a3df411d72b37864da?s=96&d=mm&r=g","contentUrl":"https:\/\/secure.gravatar.com\/avatar\/a7358cb406a99b682ec6df1e77e31ae82e63601f6784e8a3df411d72b37864da?s=96&d=mm&r=g","caption":"Leonardo Francisco"},"url":"https:\/\/redenoticiaz.com.br\/ribeiraopreto-regiao\/sp\/author\/leonardo-francisco"}]}},"_links":{"self":[{"href":"https:\/\/redenoticiaz.com.br\/ribeiraopreto-regiao\/wp-json\/wp\/v2\/posts\/95395","targetHints":{"allow":["GET"]}}],"collection":[{"href":"https:\/\/redenoticiaz.com.br\/ribeiraopreto-regiao\/wp-json\/wp\/v2\/posts"}],"about":[{"href":"https:\/\/redenoticiaz.com.br\/ribeiraopreto-regiao\/wp-json\/wp\/v2\/types\/post"}],"author":[{"embeddable":true,"href":"https:\/\/redenoticiaz.com.br\/ribeiraopreto-regiao\/wp-json\/wp\/v2\/users\/6"}],"replies":[{"embeddable":true,"href":"https:\/\/redenoticiaz.com.br\/ribeiraopreto-regiao\/wp-json\/wp\/v2\/comments?post=95395"}],"version-history":[{"count":0,"href":"https:\/\/redenoticiaz.com.br\/ribeiraopreto-regiao\/wp-json\/wp\/v2\/posts\/95395\/revisions"}],"wp:featuredmedia":[{"embeddable":true,"href":"https:\/\/redenoticiaz.com.br\/ribeiraopreto-regiao\/wp-json\/wp\/v2\/media\/95396"}],"wp:attachment":[{"href":"https:\/\/redenoticiaz.com.br\/ribeiraopreto-regiao\/wp-json\/wp\/v2\/media?parent=95395"}],"wp:term":[{"taxonomy":"category","embeddable":true,"href":"https:\/\/redenoticiaz.com.br\/ribeiraopreto-regiao\/wp-json\/wp\/v2\/categories?post=95395"},{"taxonomy":"post_tag","embeddable":true,"href":"https:\/\/redenoticiaz.com.br\/ribeiraopreto-regiao\/wp-json\/wp\/v2\/tags?post=95395"}],"curies":[{"name":"wp","href":"https:\/\/api.w.org\/{rel}","templated":true}]}}