{"id":95495,"date":"2022-11-22T14:32:43","date_gmt":"2022-11-22T17:32:43","guid":{"rendered":"https:\/\/redenoticiaz.com.br\/barretos-regiao\/?p=95495"},"modified":"2022-11-22T14:32:43","modified_gmt":"2022-11-22T17:32:43","slug":"aberta-as-inscricoes-para-os-jogos-de-verao-2023","status":"publish","type":"post","link":"https:\/\/redenoticiaz.com.br\/ribeiraopreto-regiao\/sp\/2022\/11\/22\/aberta-as-inscricoes-para-os-jogos-de-verao-2023","title":{"rendered":"Aberta as inscri\u00e7\u00f5es para os Jogos de Ver\u00e3o 2023"},"content":{"rendered":"<p class=\"v1MsoNormal\"><span style=\"font-family: arial, sans-serif\">Os atletas olimpienses dos esportes de areia j\u00e1 podem se inscrever para os Jogos de Ver\u00e3o 2023 da Est\u00e2ncia Tur\u00edstica de Ol\u00edmpia. Organizado pela secretaria de Esporte, Lazer e Juventude, a competi\u00e7\u00e3o est\u00e1 prevista para ocorrer de 10 de janeiro a 10 de fevereiro de 2023, no Gin\u00e1sio de Esportes &#8220;Olyntho Zambom&#8221;, com expectativa de reunir mais de 650 participantes.<\/span><\/p>\n<p class=\"v1MsoNormal\"><span style=\"font-family: arial, sans-serif\"><br \/>\nOs interessados em participar devem se inscrever at\u00e9 o dia 09 de dezembro deste ano, exclusivamente, na sede da secretaria, localizada na Rua Orivaldo Crist\u00f3falo, 39, no Jardim Blanco, com atendimento de segunda a sexta, das 09h \u00e0s 16h. As inscri\u00e7\u00f5es s\u00e3o gratuitas e os jogos s\u00e3o abertos a toda popula\u00e7\u00e3o.<\/span><\/p>\n<p class=\"v1MsoNormal\"><span style=\"font-family: arial, sans-serif\">\u00a0<\/span><\/p>\n<p class=\"v1MsoNormal\"><span style=\"font-family: arial, sans-serif\">A 13\u00aa edi\u00e7\u00e3o dos Jogos de Ver\u00e3o contar\u00e1 com disputas nas modalidades de futebol areia masculino (limitado a 32 equipes), v\u00f4lei de praia masculino e feminino, futev\u00f4lei masculino e misto, beach tennis dupla masculina e dupla feminina e biribol masculino. Por conta das obras do Gin\u00e1sio, as partidas da modalidade Beach Tennis ser\u00e1 realizada no Clube de Campo \u00c1lvaro Brito para garantir a disputa dentro do cronograma previsto.<\/span><\/p>\n<p class=\"v1MsoNormal\"><span style=\"font-family: arial, sans-serif\"><br \/>\nInforma\u00e7\u00f5es e todo acesso aos regulamentos das competi\u00e7\u00f5es est\u00e3o dispon\u00edveis na secretaria de Esporte, Lazer e Juventude, presencialmente, ou pelo telefone (17) 3280-4057.<\/span><\/p>\n<p>&nbsp;<\/p>\n<p>VEJA TAMB\u00c9M:\u00a0<a href=\"https:\/\/redenoticiaz.com.br\/barretos-regiao\/sp\/2022\/11\/22\/dinamarca-e-tunisia-estreiam-na-copa-sem-balancar-as-redes\">Dinamarca e Tun\u00edsia estreiam na Copa sem balan\u00e7ar as redes<\/a><\/p>\n","protected":false},"excerpt":{"rendered":"<p>Os atletas olimpienses dos esportes de areia j\u00e1 podem se inscrever para os Jogos de Ver\u00e3o 2023 da Est\u00e2ncia Tur\u00edstica de Ol\u00edmpia. Organizado pela secretaria de Esporte, Lazer e Juventude, a competi\u00e7\u00e3o est\u00e1 prevista para ocorrer de 10 de janeiro a 10 de fevereiro de 2023, no Gin\u00e1sio de Esportes &#8220;Olyntho Zambom&#8221;, com expectativa de &hellip;<\/p>\n","protected":false},"author":15,"featured_media":95496,"comment_status":"open","ping_status":"closed","sticky":false,"template":"","format":"standard","meta":{"footnotes":""},"categories":[87],"tags":[17047,22255,814],"class_list":["post-95495","post","type-post","status-publish","format-standard","has-post-thumbnail","hentry","category-esporte","tag-inscricoes","tag-jogos-de-verao-2023","tag-olimpia"],"yoast_head":"<!-- This site is optimized with the Yoast SEO plugin v27.5 - https:\/\/yoast.com\/product\/yoast-seo-wordpress\/ -->\n<title>Aberta as inscri\u00e7\u00f5es para os Jogos de Ver\u00e3o 2023 - Ribeir\u00e3o Preto e Regi\u00e3o<\/title>\n<meta name=\"description\" content=\"Os atletas olimpienses dos esportes de areia j\u00e1 podem se inscrever para os Jogos de Ver\u00e3o 2023 da Est\u00e2ncia Tur\u00edstica de Ol\u00edmpia.\" \/>\n<meta name=\"robots\" content=\"index, follow, max-snippet:-1, max-image-preview:large, max-video-preview:-1\" \/>\n<link rel=\"canonical\" href=\"https:\/\/redenoticiaz.com.br\/ribeiraopreto-regiao\/sp\/2022\/11\/22\/aberta-as-inscricoes-para-os-jogos-de-verao-2023\" \/>\n<meta property=\"og:locale\" content=\"pt_BR\" \/>\n<meta property=\"og:type\" content=\"article\" \/>\n<meta property=\"og:title\" content=\"Aberta as inscri\u00e7\u00f5es para os Jogos de Ver\u00e3o 2023 - Ribeir\u00e3o Preto e Regi\u00e3o\" \/>\n<meta property=\"og:description\" content=\"Os atletas olimpienses dos esportes de areia j\u00e1 podem se inscrever para os Jogos de Ver\u00e3o 2023 da Est\u00e2ncia Tur\u00edstica de Ol\u00edmpia.\" \/>\n<meta property=\"og:url\" content=\"https:\/\/redenoticiaz.com.br\/ribeiraopreto-regiao\/sp\/2022\/11\/22\/aberta-as-inscricoes-para-os-jogos-de-verao-2023\" \/>\n<meta property=\"og:site_name\" content=\"Ribeir\u00e3o Preto e Regi\u00e3o\" \/>\n<meta property=\"article:publisher\" content=\"https:\/\/m.facebook.com\/redenoticiaz.barretos\" \/>\n<meta property=\"article:published_time\" content=\"2022-11-22T17:32:43+00:00\" \/>\n<meta property=\"og:image\" content=\"https:\/\/redenoticiaz.com.br\/ribeiraopreto-regiao\/wp-content\/uploads\/sites\/4\/2022\/11\/Jogos-de-Verao-2022-1.jpg\" \/>\n\t<meta property=\"og:image:width\" content=\"1622\" \/>\n\t<meta property=\"og:image:height\" content=\"1080\" \/>\n\t<meta property=\"og:image:type\" content=\"image\/jpeg\" \/>\n<meta name=\"twitter:card\" content=\"summary_large_image\" \/>\n<meta name=\"twitter:creator\" content=\"@RN_barretos\" \/>\n<meta name=\"twitter:site\" content=\"@RN_barretos\" \/>\n<meta name=\"twitter:label1\" content=\"Escrito por\" \/>\n\t<meta name=\"twitter:data1\" content=\"\" \/>\n\t<meta name=\"twitter:label2\" content=\"Est. tempo de leitura\" \/>\n\t<meta name=\"twitter:data2\" content=\"2 minutos\" \/>\n<script type=\"application\/ld+json\" class=\"yoast-schema-graph\">{\"@context\":\"https:\\\/\\\/schema.org\",\"@graph\":[{\"@type\":\"Article\",\"@id\":\"https:\\\/\\\/redenoticiaz.com.br\\\/ribeiraopreto-regiao\\\/sp\\\/2022\\\/11\\\/22\\\/aberta-as-inscricoes-para-os-jogos-de-verao-2023#article\",\"isPartOf\":{\"@id\":\"https:\\\/\\\/redenoticiaz.com.br\\\/ribeiraopreto-regiao\\\/sp\\\/2022\\\/11\\\/22\\\/aberta-as-inscricoes-para-os-jogos-de-verao-2023\"},\"author\":{\"name\":\"\",\"@id\":\"\"},\"headline\":\"Aberta as inscri\u00e7\u00f5es para os Jogos de Ver\u00e3o 2023\",\"datePublished\":\"2022-11-22T17:32:43+00:00\",\"mainEntityOfPage\":{\"@id\":\"https:\\\/\\\/redenoticiaz.com.br\\\/ribeiraopreto-regiao\\\/sp\\\/2022\\\/11\\\/22\\\/aberta-as-inscricoes-para-os-jogos-de-verao-2023\"},\"wordCount\":238,\"commentCount\":0,\"publisher\":{\"@id\":\"https:\\\/\\\/redenoticiaz.com.br\\\/ribeiraopreto-regiao\\\/#organization\"},\"image\":{\"@id\":\"https:\\\/\\\/redenoticiaz.com.br\\\/ribeiraopreto-regiao\\\/sp\\\/2022\\\/11\\\/22\\\/aberta-as-inscricoes-para-os-jogos-de-verao-2023#primaryimage\"},\"thumbnailUrl\":\"https:\\\/\\\/redenoticiaz.com.br\\\/ribeiraopreto-regiao\\\/wp-content\\\/uploads\\\/sites\\\/4\\\/2022\\\/11\\\/Jogos-de-Verao-2022-1.jpg\",\"keywords\":[\"INSCRI\u00c7\u00d5ES\",\"JOGOS DE VER\u00c3O 2023\",\"OLIMP\u00cdA\"],\"articleSection\":[\"Esporte\"],\"inLanguage\":\"pt-BR\",\"potentialAction\":[{\"@type\":\"CommentAction\",\"name\":\"Comment\",\"target\":[\"https:\\\/\\\/redenoticiaz.com.br\\\/ribeiraopreto-regiao\\\/sp\\\/2022\\\/11\\\/22\\\/aberta-as-inscricoes-para-os-jogos-de-verao-2023#respond\"]}]},{\"@type\":\"WebPage\",\"@id\":\"https:\\\/\\\/redenoticiaz.com.br\\\/ribeiraopreto-regiao\\\/sp\\\/2022\\\/11\\\/22\\\/aberta-as-inscricoes-para-os-jogos-de-verao-2023\",\"url\":\"https:\\\/\\\/redenoticiaz.com.br\\\/ribeiraopreto-regiao\\\/sp\\\/2022\\\/11\\\/22\\\/aberta-as-inscricoes-para-os-jogos-de-verao-2023\",\"name\":\"Aberta as inscri\u00e7\u00f5es para os Jogos de Ver\u00e3o 2023 - Ribeir\u00e3o Preto e Regi\u00e3o\",\"isPartOf\":{\"@id\":\"https:\\\/\\\/redenoticiaz.com.br\\\/ribeiraopreto-regiao\\\/#website\"},\"primaryImageOfPage\":{\"@id\":\"https:\\\/\\\/redenoticiaz.com.br\\\/ribeiraopreto-regiao\\\/sp\\\/2022\\\/11\\\/22\\\/aberta-as-inscricoes-para-os-jogos-de-verao-2023#primaryimage\"},\"image\":{\"@id\":\"https:\\\/\\\/redenoticiaz.com.br\\\/ribeiraopreto-regiao\\\/sp\\\/2022\\\/11\\\/22\\\/aberta-as-inscricoes-para-os-jogos-de-verao-2023#primaryimage\"},\"thumbnailUrl\":\"https:\\\/\\\/redenoticiaz.com.br\\\/ribeiraopreto-regiao\\\/wp-content\\\/uploads\\\/sites\\\/4\\\/2022\\\/11\\\/Jogos-de-Verao-2022-1.jpg\",\"datePublished\":\"2022-11-22T17:32:43+00:00\",\"description\":\"Os atletas olimpienses dos esportes de areia j\u00e1 podem se inscrever para os Jogos de Ver\u00e3o 2023 da Est\u00e2ncia Tur\u00edstica de Ol\u00edmpia.\",\"inLanguage\":\"pt-BR\",\"potentialAction\":[{\"@type\":\"ReadAction\",\"target\":[\"https:\\\/\\\/redenoticiaz.com.br\\\/ribeiraopreto-regiao\\\/sp\\\/2022\\\/11\\\/22\\\/aberta-as-inscricoes-para-os-jogos-de-verao-2023\"]}]},{\"@type\":\"ImageObject\",\"inLanguage\":\"pt-BR\",\"@id\":\"https:\\\/\\\/redenoticiaz.com.br\\\/ribeiraopreto-regiao\\\/sp\\\/2022\\\/11\\\/22\\\/aberta-as-inscricoes-para-os-jogos-de-verao-2023#primaryimage\",\"url\":\"https:\\\/\\\/redenoticiaz.com.br\\\/ribeiraopreto-regiao\\\/wp-content\\\/uploads\\\/sites\\\/4\\\/2022\\\/11\\\/Jogos-de-Verao-2022-1.jpg\",\"contentUrl\":\"https:\\\/\\\/redenoticiaz.com.br\\\/ribeiraopreto-regiao\\\/wp-content\\\/uploads\\\/sites\\\/4\\\/2022\\\/11\\\/Jogos-de-Verao-2022-1.jpg\",\"width\":1622,\"height\":1080,\"caption\":\"Cr\u00e9dito: Divulga\u00e7\u00e3o\"},{\"@type\":\"WebSite\",\"@id\":\"https:\\\/\\\/redenoticiaz.com.br\\\/ribeiraopreto-regiao\\\/#website\",\"url\":\"https:\\\/\\\/redenoticiaz.com.br\\\/ribeiraopreto-regiao\\\/\",\"name\":\"Ribeir\u00e3o Preto e Regi\u00e3o\",\"description\":\"Rede NoticiaZ - Ribeir\u00e3o Preto e regi\u00e3o\",\"publisher\":{\"@id\":\"https:\\\/\\\/redenoticiaz.com.br\\\/ribeiraopreto-regiao\\\/#organization\"},\"potentialAction\":[{\"@type\":\"SearchAction\",\"target\":{\"@type\":\"EntryPoint\",\"urlTemplate\":\"https:\\\/\\\/redenoticiaz.com.br\\\/ribeiraopreto-regiao\\\/?s={search_term_string}\"},\"query-input\":{\"@type\":\"PropertyValueSpecification\",\"valueRequired\":true,\"valueName\":\"search_term_string\"}}],\"inLanguage\":\"pt-BR\"},{\"@type\":\"Organization\",\"@id\":\"https:\\\/\\\/redenoticiaz.com.br\\\/ribeiraopreto-regiao\\\/#organization\",\"name\":\"Ribeir\u00e3o Preto e Regi\u00e3o\",\"url\":\"https:\\\/\\\/redenoticiaz.com.br\\\/ribeiraopreto-regiao\\\/\",\"logo\":{\"@type\":\"ImageObject\",\"inLanguage\":\"pt-BR\",\"@id\":\"https:\\\/\\\/redenoticiaz.com.br\\\/ribeiraopreto-regiao\\\/#\\\/schema\\\/logo\\\/image\\\/\",\"url\":\"https:\\\/\\\/redenoticiaz.com.br\\\/barretos-regiao\\\/wp-content\\\/uploads\\\/sites\\\/4\\\/2022\\\/02\\\/logo.jpg\",\"contentUrl\":\"https:\\\/\\\/redenoticiaz.com.br\\\/barretos-regiao\\\/wp-content\\\/uploads\\\/sites\\\/4\\\/2022\\\/02\\\/logo.jpg\",\"width\":400,\"height\":250,\"caption\":\"Ribeir\u00e3o Preto e Regi\u00e3o\"},\"image\":{\"@id\":\"https:\\\/\\\/redenoticiaz.com.br\\\/ribeiraopreto-regiao\\\/#\\\/schema\\\/logo\\\/image\\\/\"},\"sameAs\":[\"https:\\\/\\\/m.facebook.com\\\/redenoticiaz.barretos\",\"https:\\\/\\\/x.com\\\/RN_barretos\",\"https:\\\/\\\/www.instagram.com\\\/redenoticiaz.barretos\\\/?igshid=YmMyMTA2M2Y\",\"https:\\\/\\\/www.linkedin.com\\\/company\\\/rede-noticiaz-barretos-e-regio\\\/\"]},{\"@type\":\"Person\",\"@id\":\"\",\"url\":\"https:\\\/\\\/redenoticiaz.com.br\\\/ribeiraopreto-regiao\\\/sp\\\/author\"}]}<\/script>\n<!-- \/ Yoast SEO plugin. -->","yoast_head_json":{"title":"Aberta as inscri\u00e7\u00f5es para os Jogos de Ver\u00e3o 2023 - Ribeir\u00e3o Preto e Regi\u00e3o","description":"Os atletas olimpienses dos esportes de areia j\u00e1 podem se inscrever para os Jogos de Ver\u00e3o 2023 da Est\u00e2ncia Tur\u00edstica de Ol\u00edmpia.","robots":{"index":"index","follow":"follow","max-snippet":"max-snippet:-1","max-image-preview":"max-image-preview:large","max-video-preview":"max-video-preview:-1"},"canonical":"https:\/\/redenoticiaz.com.br\/ribeiraopreto-regiao\/sp\/2022\/11\/22\/aberta-as-inscricoes-para-os-jogos-de-verao-2023","og_locale":"pt_BR","og_type":"article","og_title":"Aberta as inscri\u00e7\u00f5es para os Jogos de Ver\u00e3o 2023 - Ribeir\u00e3o Preto e Regi\u00e3o","og_description":"Os atletas olimpienses dos esportes de areia j\u00e1 podem se inscrever para os Jogos de Ver\u00e3o 2023 da Est\u00e2ncia Tur\u00edstica de Ol\u00edmpia.","og_url":"https:\/\/redenoticiaz.com.br\/ribeiraopreto-regiao\/sp\/2022\/11\/22\/aberta-as-inscricoes-para-os-jogos-de-verao-2023","og_site_name":"Ribeir\u00e3o Preto e Regi\u00e3o","article_publisher":"https:\/\/m.facebook.com\/redenoticiaz.barretos","article_published_time":"2022-11-22T17:32:43+00:00","og_image":[{"width":1622,"height":1080,"url":"https:\/\/redenoticiaz.com.br\/ribeiraopreto-regiao\/wp-content\/uploads\/sites\/4\/2022\/11\/Jogos-de-Verao-2022-1.jpg","type":"image\/jpeg"}],"twitter_card":"summary_large_image","twitter_creator":"@RN_barretos","twitter_site":"@RN_barretos","twitter_misc":{"Escrito por":"","Est. tempo de leitura":"2 minutos"},"schema":{"@context":"https:\/\/schema.org","@graph":[{"@type":"Article","@id":"https:\/\/redenoticiaz.com.br\/ribeiraopreto-regiao\/sp\/2022\/11\/22\/aberta-as-inscricoes-para-os-jogos-de-verao-2023#article","isPartOf":{"@id":"https:\/\/redenoticiaz.com.br\/ribeiraopreto-regiao\/sp\/2022\/11\/22\/aberta-as-inscricoes-para-os-jogos-de-verao-2023"},"author":{"name":"","@id":""},"headline":"Aberta as inscri\u00e7\u00f5es para os Jogos de Ver\u00e3o 2023","datePublished":"2022-11-22T17:32:43+00:00","mainEntityOfPage":{"@id":"https:\/\/redenoticiaz.com.br\/ribeiraopreto-regiao\/sp\/2022\/11\/22\/aberta-as-inscricoes-para-os-jogos-de-verao-2023"},"wordCount":238,"commentCount":0,"publisher":{"@id":"https:\/\/redenoticiaz.com.br\/ribeiraopreto-regiao\/#organization"},"image":{"@id":"https:\/\/redenoticiaz.com.br\/ribeiraopreto-regiao\/sp\/2022\/11\/22\/aberta-as-inscricoes-para-os-jogos-de-verao-2023#primaryimage"},"thumbnailUrl":"https:\/\/redenoticiaz.com.br\/ribeiraopreto-regiao\/wp-content\/uploads\/sites\/4\/2022\/11\/Jogos-de-Verao-2022-1.jpg","keywords":["INSCRI\u00c7\u00d5ES","JOGOS DE VER\u00c3O 2023","OLIMP\u00cdA"],"articleSection":["Esporte"],"inLanguage":"pt-BR","potentialAction":[{"@type":"CommentAction","name":"Comment","target":["https:\/\/redenoticiaz.com.br\/ribeiraopreto-regiao\/sp\/2022\/11\/22\/aberta-as-inscricoes-para-os-jogos-de-verao-2023#respond"]}]},{"@type":"WebPage","@id":"https:\/\/redenoticiaz.com.br\/ribeiraopreto-regiao\/sp\/2022\/11\/22\/aberta-as-inscricoes-para-os-jogos-de-verao-2023","url":"https:\/\/redenoticiaz.com.br\/ribeiraopreto-regiao\/sp\/2022\/11\/22\/aberta-as-inscricoes-para-os-jogos-de-verao-2023","name":"Aberta as inscri\u00e7\u00f5es para os Jogos de Ver\u00e3o 2023 - Ribeir\u00e3o Preto e Regi\u00e3o","isPartOf":{"@id":"https:\/\/redenoticiaz.com.br\/ribeiraopreto-regiao\/#website"},"primaryImageOfPage":{"@id":"https:\/\/redenoticiaz.com.br\/ribeiraopreto-regiao\/sp\/2022\/11\/22\/aberta-as-inscricoes-para-os-jogos-de-verao-2023#primaryimage"},"image":{"@id":"https:\/\/redenoticiaz.com.br\/ribeiraopreto-regiao\/sp\/2022\/11\/22\/aberta-as-inscricoes-para-os-jogos-de-verao-2023#primaryimage"},"thumbnailUrl":"https:\/\/redenoticiaz.com.br\/ribeiraopreto-regiao\/wp-content\/uploads\/sites\/4\/2022\/11\/Jogos-de-Verao-2022-1.jpg","datePublished":"2022-11-22T17:32:43+00:00","description":"Os atletas olimpienses dos esportes de areia j\u00e1 podem se inscrever para os Jogos de Ver\u00e3o 2023 da Est\u00e2ncia Tur\u00edstica de Ol\u00edmpia.","inLanguage":"pt-BR","potentialAction":[{"@type":"ReadAction","target":["https:\/\/redenoticiaz.com.br\/ribeiraopreto-regiao\/sp\/2022\/11\/22\/aberta-as-inscricoes-para-os-jogos-de-verao-2023"]}]},{"@type":"ImageObject","inLanguage":"pt-BR","@id":"https:\/\/redenoticiaz.com.br\/ribeiraopreto-regiao\/sp\/2022\/11\/22\/aberta-as-inscricoes-para-os-jogos-de-verao-2023#primaryimage","url":"https:\/\/redenoticiaz.com.br\/ribeiraopreto-regiao\/wp-content\/uploads\/sites\/4\/2022\/11\/Jogos-de-Verao-2022-1.jpg","contentUrl":"https:\/\/redenoticiaz.com.br\/ribeiraopreto-regiao\/wp-content\/uploads\/sites\/4\/2022\/11\/Jogos-de-Verao-2022-1.jpg","width":1622,"height":1080,"caption":"Cr\u00e9dito: Divulga\u00e7\u00e3o"},{"@type":"WebSite","@id":"https:\/\/redenoticiaz.com.br\/ribeiraopreto-regiao\/#website","url":"https:\/\/redenoticiaz.com.br\/ribeiraopreto-regiao\/","name":"Ribeir\u00e3o Preto e Regi\u00e3o","description":"Rede NoticiaZ - Ribeir\u00e3o Preto e regi\u00e3o","publisher":{"@id":"https:\/\/redenoticiaz.com.br\/ribeiraopreto-regiao\/#organization"},"potentialAction":[{"@type":"SearchAction","target":{"@type":"EntryPoint","urlTemplate":"https:\/\/redenoticiaz.com.br\/ribeiraopreto-regiao\/?s={search_term_string}"},"query-input":{"@type":"PropertyValueSpecification","valueRequired":true,"valueName":"search_term_string"}}],"inLanguage":"pt-BR"},{"@type":"Organization","@id":"https:\/\/redenoticiaz.com.br\/ribeiraopreto-regiao\/#organization","name":"Ribeir\u00e3o Preto e Regi\u00e3o","url":"https:\/\/redenoticiaz.com.br\/ribeiraopreto-regiao\/","logo":{"@type":"ImageObject","inLanguage":"pt-BR","@id":"https:\/\/redenoticiaz.com.br\/ribeiraopreto-regiao\/#\/schema\/logo\/image\/","url":"https:\/\/redenoticiaz.com.br\/barretos-regiao\/wp-content\/uploads\/sites\/4\/2022\/02\/logo.jpg","contentUrl":"https:\/\/redenoticiaz.com.br\/barretos-regiao\/wp-content\/uploads\/sites\/4\/2022\/02\/logo.jpg","width":400,"height":250,"caption":"Ribeir\u00e3o Preto e Regi\u00e3o"},"image":{"@id":"https:\/\/redenoticiaz.com.br\/ribeiraopreto-regiao\/#\/schema\/logo\/image\/"},"sameAs":["https:\/\/m.facebook.com\/redenoticiaz.barretos","https:\/\/x.com\/RN_barretos","https:\/\/www.instagram.com\/redenoticiaz.barretos\/?igshid=YmMyMTA2M2Y","https:\/\/www.linkedin.com\/company\/rede-noticiaz-barretos-e-regio\/"]},{"@type":"Person","@id":"","url":"https:\/\/redenoticiaz.com.br\/ribeiraopreto-regiao\/sp\/author"}]}},"_links":{"self":[{"href":"https:\/\/redenoticiaz.com.br\/ribeiraopreto-regiao\/wp-json\/wp\/v2\/posts\/95495","targetHints":{"allow":["GET"]}}],"collection":[{"href":"https:\/\/redenoticiaz.com.br\/ribeiraopreto-regiao\/wp-json\/wp\/v2\/posts"}],"about":[{"href":"https:\/\/redenoticiaz.com.br\/ribeiraopreto-regiao\/wp-json\/wp\/v2\/types\/post"}],"author":[{"embeddable":true,"href":"https:\/\/redenoticiaz.com.br\/ribeiraopreto-regiao\/wp-json\/wp\/v2\/users\/15"}],"replies":[{"embeddable":true,"href":"https:\/\/redenoticiaz.com.br\/ribeiraopreto-regiao\/wp-json\/wp\/v2\/comments?post=95495"}],"version-history":[{"count":1,"href":"https:\/\/redenoticiaz.com.br\/ribeiraopreto-regiao\/wp-json\/wp\/v2\/posts\/95495\/revisions"}],"predecessor-version":[{"id":95497,"href":"https:\/\/redenoticiaz.com.br\/ribeiraopreto-regiao\/wp-json\/wp\/v2\/posts\/95495\/revisions\/95497"}],"wp:featuredmedia":[{"embeddable":true,"href":"https:\/\/redenoticiaz.com.br\/ribeiraopreto-regiao\/wp-json\/wp\/v2\/media\/95496"}],"wp:attachment":[{"href":"https:\/\/redenoticiaz.com.br\/ribeiraopreto-regiao\/wp-json\/wp\/v2\/media?parent=95495"}],"wp:term":[{"taxonomy":"category","embeddable":true,"href":"https:\/\/redenoticiaz.com.br\/ribeiraopreto-regiao\/wp-json\/wp\/v2\/categories?post=95495"},{"taxonomy":"post_tag","embeddable":true,"href":"https:\/\/redenoticiaz.com.br\/ribeiraopreto-regiao\/wp-json\/wp\/v2\/tags?post=95495"}],"curies":[{"name":"wp","href":"https:\/\/api.w.org\/{rel}","templated":true}]}}