{"id":95548,"date":"2022-11-23T08:14:52","date_gmt":"2022-11-23T11:14:52","guid":{"rendered":"https:\/\/redenoticiaz.com.br\/barretos-regiao\/sp\/2022\/11\/23\/vacinas-bivalentes-contra-a-covid-19-sao-aprovadas-pela-anvisa-que-volta-a-obrigar-oa-mascara-em-aeroportos"},"modified":"2022-11-23T08:14:52","modified_gmt":"2022-11-23T11:14:52","slug":"vacinas-bivalentes-contra-a-covid-19-sao-aprovadas-pela-anvisa-que-volta-a-obrigar-oa-mascara-em-aeroportos","status":"publish","type":"post","link":"https:\/\/redenoticiaz.com.br\/ribeiraopreto-regiao\/sp\/2022\/11\/23\/vacinas-bivalentes-contra-a-covid-19-sao-aprovadas-pela-anvisa-que-volta-a-obrigar-oa-mascara-em-aeroportos","title":{"rendered":"Vacinas bivalentes contra a Covid-19 s\u00e3o aprovadas pela Anvisa, que volta a obrigar o uso de m\u00e1scara"},"content":{"rendered":"<p>Esperan\u00e7a para o Brasil refor\u00e7ar a prote\u00e7\u00e3o contra a nova onda de casos de Covid-19. A Ag\u00eancia Nacional de Vigil\u00e2ncia Sanit\u00e1ria (Anvisa) aprovou nessa ter\u00e7a-feira (22) o<strong> uso emergencial de vacinas bivalentes<\/strong> contra o coronav\u00edrus. Outro an\u00fancio do \u00f3rg\u00e3o foi a <strong>volta do uso obrigat\u00f3rio da m\u00e1scara<\/strong> em aeroportos e avi\u00f5es.<\/p>\n<div class=\"post-item-wrap\">\n<p>A reuni\u00e3o teve duas horas de dura\u00e7\u00e3o e a aprova\u00e7\u00e3o foi un\u00e2nime pelos diretores sobre o uso dos imunizantes produzidos pela Pfizer. Eles ser\u00e3o essenciais, principalmente para proteger contra as subvariantes da \u00d4micron do novo coronav\u00edrus.<img decoding=\"async\" src=\"https:\/\/agenciabrasil.ebc.com.br\/ebc.png?id=1494986&amp;o=node\" \/><img decoding=\"async\" src=\"https:\/\/agenciabrasil.ebc.com.br\/ebc.gif?id=1494986&amp;o=node\" \/><\/p>\n<p>A Anvisa autorizou a aplica\u00e7\u00e3o como doses de refor\u00e7o em pessoas a partir de 12 anos, tr\u00eas meses depois da \u00faltima dose de refor\u00e7o.<\/p>\n<p>Consideradas de segunda gera\u00e7\u00e3o, as vacinas bivalentes protegem contra a variante original do novo coronav\u00edrus, da Prov\u00edncia de Wuhan (China), e contra as \u00faltimas subvariantes da \u00d4micron. Esta \u00faltima \u00e9 mais transmiss\u00edvel, por\u00e9m mais branda, com o v\u00edrus se concentrando na garganta e n\u00e3o atingindo os pulm\u00f5es. A variante original \u00e9 menos contagiosa, por\u00e9m mais perigosa e mais mortal.<\/p>\n<p>Os imunizantes bivalentes ter\u00e3o frascos na cor cinza para facilitar a identifica\u00e7\u00e3o. As vacinas da Pfizer usam a tecnologia do RNA mensageiro, em que uma parte da prote\u00edna spike, respons\u00e1vel pela fixa\u00e7\u00e3o do v\u00edrus nas c\u00e9lulas, \u00e9 injetada para estimular a produ\u00e7\u00e3o de anticorpos.<\/p>\n<h2>Compra<\/h2>\n<p>Caber\u00e1 agora ao Minist\u00e9rio da Sa\u00fade comprar as vacinas bivalentes. Atualmente, a pasta tem um contrato para a aquisi\u00e7\u00e3o de 100 milh\u00f5es de doses da Pfizer a serem entregues a partir deste ano. O acordo prev\u00ea o acr\u00e9scimo de 50 milh\u00f5es de doses, inclusive imunizantes atualizados ou pedi\u00e1tricos, caso o minist\u00e9rio pe\u00e7a.<\/p>\n<p>Durante seu voto, a diretora Meiruze Souza Freitas, relatora do processo, disse que as vacinas bivalentes j\u00e1 s\u00e3o usadas em v\u00e1rias partes do mundo e que, apesar das vacinas originais continuarem eficazes, as bivalentes acrescentam uma op\u00e7\u00e3o de imuniza\u00e7\u00e3o. Ela conclamou a import\u00e2ncia da vacina\u00e7\u00e3o porque, segundo ela, ainda n\u00e3o \u00e9 poss\u00edvel saber a gravidade das variantes BA4\/BA5.<\/p>\n<h2>Hist\u00f3rico<\/h2>\n<p>Em agosto, a Pfizer enviou \u00e0 Anvisa o primeiro pedido de an\u00e1lise da vacina bivalente que protege contra a subvariante \u00d4micron BA.1. No fim de setembro, a fabricante entrou com o segundo pedido de an\u00e1lise, contra as subvariantes BA.4 e BA.5.<\/p>\n<p>A decis\u00e3o da ag\u00eancia ocorre no momento de aumento de casos no pa\u00eds ligados \u00e0 circula\u00e7\u00e3o de uma nova subvariante da \u00d4micron. Na semana passada, o Minist\u00e9rio da Sa\u00fade emitiu alerta sobre a circula\u00e7\u00e3o de novas linhagens no pa\u00eds. Uma delas reduz as barreiras para o v\u00edrus entrar nas c\u00e9lulas humanas. A outra aumenta o risco de reinfec\u00e7\u00e3o.<\/p>\n<p>De acordo com o Minist\u00e9rio da Sa\u00fade, a m\u00e9dia m\u00f3vel de casos subiu 120% na semana de 6 a 11 de novembro em rela\u00e7\u00e3o \u00e0 semana anterior. Os \u00f3bitos aumentaram 28% na mesma compara\u00e7\u00e3o.<\/p>\n<h3>M\u00e1scara obrigat\u00f3ria<\/h3>\n<p>Tr\u00eas meses da libera\u00e7\u00e3o da m\u00e1scara dentro dos aeroportos e nos avi\u00f5es, a Anvisa voltou atr\u00e1s e determinou a obrigatoriedade do acess\u00f3rio. Contudo, a ado\u00e7\u00e3o n\u00e3o \u00e9 imediata e prev\u00ea um tempo de adapta\u00e7\u00e3o: <span class=\"highlight highlighted\">a medida come\u00e7a a valer na sexta-feira (25)<\/span>.<\/p>\n<div id=\"chunk-615l1\">\n<div class=\"mc-column content-text active-extra-styles \" data-block-type=\"unstyled\" data-block-weight=\"35\" data-block-id=\"8\">\n<p class=\"content-text__container \" data-track-category=\"Link no Texto\" data-track-links=\"\">Em maio deste ano, a Anvisa liberou o servi\u00e7o de bordo em aeronaves. \u00c0 \u00e9poca, o retorno do uso da capacidade m\u00e1xima para transporte de passageiros tamb\u00e9m foi autorizado. N\u00e3o houve mudan\u00e7a nestas determina\u00e7\u00f5es.<\/p>\n<\/div>\n<\/div>\n<div id=\"chunk-5mfmu\">\n<div class=\"mc-column content-text active-extra-styles \" data-block-type=\"unstyled\" data-block-weight=\"60\" data-block-id=\"9\">\n<p class=\"content-text__container \" data-track-category=\"Link no Texto\" data-track-links=\"\">O diretor-presidente da Anvisa, Antonio Barra Torres, explicou que o tema das m\u00e1scaras em avi\u00f5es voltou a ser debatido depois de a ag\u00eancia ter recebido manifesta\u00e7\u00f5es de especialistas e entidades como a Funda\u00e7\u00e3o Oswaldo Cruz (Fiocruz), a Associa\u00e7\u00e3o Brasileira de Sa\u00fade Coletiva (Abrasco) e a Sociedade Brasileira de Infectologia (SBI) e o Conselho Nacional de Secret\u00e1rios da Sa\u00fade (Conass).<\/p>\n<\/div>\n<\/div>\n<div id=\"chunk-4untp\">\n<div class=\"mc-column content-text active-extra-styles \" data-block-type=\"unstyled\" data-block-weight=\"45\" data-block-id=\"10\">\n<p class=\"content-text__container \" data-track-category=\"Link no Texto\" data-track-links=\"\">Al\u00e9m de terem enviado of\u00edcios nos quais alertavam para o aumento dos casos, de interna\u00e7\u00f5es e de mortes por Covid-19, as entidades tamb\u00e9m foram ouvidas em reuni\u00e3o nesta semana e alertaram para a necessidade de ado\u00e7\u00e3o de medidas para frear o novo repique dos casos.<\/p>\n<p data-track-category=\"Link no Texto\" data-track-links=\"\"><strong>LEIA TAMB\u00c9M<\/strong><\/p>\n<p data-track-category=\"Link no Texto\" data-track-links=\"\"><a href=\"https:\/\/redenoticiaz.com.br\/blog\/2022\/11\/22\/anvisa-aprova-uso-de-medicamentos-contra-a-covid-19\">Anvisa aprova uso de medicamentos contra a Covid-19<\/a><\/p>\n<\/div>\n<\/div>\n<\/div>\n","protected":false},"excerpt":{"rendered":"<p>Esperan\u00e7a para o Brasil refor\u00e7ar a prote\u00e7\u00e3o contra a nova onda de casos de Covid-19. A Ag\u00eancia Nacional de Vigil\u00e2ncia Sanit\u00e1ria (Anvisa) aprovou nessa ter\u00e7a-feira (22) o uso emergencial de vacinas bivalentes contra o coronav\u00edrus. Outro an\u00fancio do \u00f3rg\u00e3o foi a volta do uso obrigat\u00f3rio da m\u00e1scara em aeroportos e avi\u00f5es. A reuni\u00e3o teve duas &hellip;<\/p>\n","protected":false},"author":6,"featured_media":95549,"comment_status":"open","ping_status":"closed","sticky":false,"template":"","format":"standard","meta":{"footnotes":""},"categories":[129],"tags":[17096,130,21520,70,1559,22272],"class_list":["post-95548","post","type-post","status-publish","format-standard","has-post-thumbnail","hentry","category-saude","tag-aeroportos","tag-anvisa","tag-avioes","tag-brasil","tag-uso-da-mascara","tag-vacinas-bivalentes"],"yoast_head":"<!-- This site is optimized with the Yoast SEO plugin v27.4 - https:\/\/yoast.com\/product\/yoast-seo-wordpress\/ -->\n<title>Vacinas bivalentes contra a Covid-19 s\u00e3o aprovadas pela Anvisa, que volta a obrigar o uso de m\u00e1scara - Ribeir\u00e3o Preto e Regi\u00e3o<\/title>\n<meta name=\"description\" content=\"de Covid-19. A Ag\u00eancia Nacional de Vigil\u00e2ncia Sanit\u00e1ria (Anvisa) aprovou nessa ter\u00e7a-feira (22) o uso emergencial de vacinas bivalentes contr\" \/>\n<meta name=\"robots\" content=\"index, follow, max-snippet:-1, max-image-preview:large, max-video-preview:-1\" \/>\n<link rel=\"canonical\" href=\"https:\/\/redenoticiaz.com.br\/ribeiraopreto-regiao\/sp\/2022\/11\/23\/vacinas-bivalentes-contra-a-covid-19-sao-aprovadas-pela-anvisa-que-volta-a-obrigar-oa-mascara-em-aeroportos\" \/>\n<meta property=\"og:locale\" content=\"pt_BR\" \/>\n<meta property=\"og:type\" content=\"article\" \/>\n<meta property=\"og:title\" content=\"Vacinas bivalentes contra a Covid-19 s\u00e3o aprovadas pela Anvisa, que volta a obrigar o uso de m\u00e1scara - Ribeir\u00e3o Preto e Regi\u00e3o\" \/>\n<meta property=\"og:description\" content=\"de Covid-19. A Ag\u00eancia Nacional de Vigil\u00e2ncia Sanit\u00e1ria (Anvisa) aprovou nessa ter\u00e7a-feira (22) o uso emergencial de vacinas bivalentes contr\" \/>\n<meta property=\"og:url\" content=\"https:\/\/redenoticiaz.com.br\/ribeiraopreto-regiao\/sp\/2022\/11\/23\/vacinas-bivalentes-contra-a-covid-19-sao-aprovadas-pela-anvisa-que-volta-a-obrigar-oa-mascara-em-aeroportos\" \/>\n<meta property=\"og:site_name\" content=\"Ribeir\u00e3o Preto e Regi\u00e3o\" \/>\n<meta property=\"article:publisher\" content=\"https:\/\/m.facebook.com\/redenoticiaz.barretos\" \/>\n<meta property=\"article:published_time\" content=\"2022-11-23T11:14:52+00:00\" \/>\n<meta property=\"og:image\" content=\"https:\/\/redenoticiaz.com.br\/ribeiraopreto-regiao\/wp-content\/uploads\/sites\/4\/2022\/02\/logo.jpg\" \/>\n\t<meta property=\"og:image:width\" content=\"400\" \/>\n\t<meta property=\"og:image:height\" content=\"250\" \/>\n\t<meta property=\"og:image:type\" content=\"image\/jpeg\" \/>\n<meta name=\"author\" content=\"Leonardo Francisco\" \/>\n<meta name=\"twitter:card\" content=\"summary_large_image\" \/>\n<meta name=\"twitter:creator\" content=\"@RN_barretos\" \/>\n<meta name=\"twitter:site\" content=\"@RN_barretos\" \/>\n<meta name=\"twitter:label1\" content=\"Escrito por\" \/>\n\t<meta name=\"twitter:data1\" content=\"Leonardo Francisco\" \/>\n\t<meta name=\"twitter:label2\" content=\"Est. tempo de leitura\" \/>\n\t<meta name=\"twitter:data2\" content=\"4 minutos\" \/>\n<script type=\"application\/ld+json\" class=\"yoast-schema-graph\">{\"@context\":\"https:\\\/\\\/schema.org\",\"@graph\":[{\"@type\":\"Article\",\"@id\":\"https:\\\/\\\/redenoticiaz.com.br\\\/ribeiraopreto-regiao\\\/sp\\\/2022\\\/11\\\/23\\\/vacinas-bivalentes-contra-a-covid-19-sao-aprovadas-pela-anvisa-que-volta-a-obrigar-oa-mascara-em-aeroportos#article\",\"isPartOf\":{\"@id\":\"https:\\\/\\\/redenoticiaz.com.br\\\/ribeiraopreto-regiao\\\/sp\\\/2022\\\/11\\\/23\\\/vacinas-bivalentes-contra-a-covid-19-sao-aprovadas-pela-anvisa-que-volta-a-obrigar-oa-mascara-em-aeroportos\"},\"author\":{\"name\":\"Leonardo Francisco\",\"@id\":\"https:\\\/\\\/redenoticiaz.com.br\\\/ribeiraopreto-regiao\\\/#\\\/schema\\\/person\\\/0f0b8a5bdafefe82841e07ae8d81ecb3\"},\"headline\":\"Vacinas bivalentes contra a Covid-19 s\u00e3o aprovadas pela Anvisa, que volta a obrigar o uso de m\u00e1scara\",\"datePublished\":\"2022-11-23T11:14:52+00:00\",\"mainEntityOfPage\":{\"@id\":\"https:\\\/\\\/redenoticiaz.com.br\\\/ribeiraopreto-regiao\\\/sp\\\/2022\\\/11\\\/23\\\/vacinas-bivalentes-contra-a-covid-19-sao-aprovadas-pela-anvisa-que-volta-a-obrigar-oa-mascara-em-aeroportos\"},\"wordCount\":764,\"commentCount\":0,\"publisher\":{\"@id\":\"https:\\\/\\\/redenoticiaz.com.br\\\/ribeiraopreto-regiao\\\/#organization\"},\"image\":{\"@id\":\"https:\\\/\\\/redenoticiaz.com.br\\\/ribeiraopreto-regiao\\\/sp\\\/2022\\\/11\\\/23\\\/vacinas-bivalentes-contra-a-covid-19-sao-aprovadas-pela-anvisa-que-volta-a-obrigar-oa-mascara-em-aeroportos#primaryimage\"},\"thumbnailUrl\":\"https:\\\/\\\/redenoticiaz.com.br\\\/ribeiraopreto-regiao\\\/wp-content\\\/uploads\\\/sites\\\/4\\\/2022\\\/11\\\/11-11-2020_sede_anvisa-5_0.jpg?v=1669202031\",\"keywords\":[\"AEROPORTOS\",\"Anvisa\",\"AVI\u00d5ES\",\"Brasil\",\"USO DA M\u00c1SCARA\",\"VACINAS BIVALENTES\"],\"articleSection\":[\"Sa\u00fade\"],\"inLanguage\":\"pt-BR\",\"potentialAction\":[{\"@type\":\"CommentAction\",\"name\":\"Comment\",\"target\":[\"https:\\\/\\\/redenoticiaz.com.br\\\/ribeiraopreto-regiao\\\/sp\\\/2022\\\/11\\\/23\\\/vacinas-bivalentes-contra-a-covid-19-sao-aprovadas-pela-anvisa-que-volta-a-obrigar-oa-mascara-em-aeroportos#respond\"]}]},{\"@type\":\"WebPage\",\"@id\":\"https:\\\/\\\/redenoticiaz.com.br\\\/ribeiraopreto-regiao\\\/sp\\\/2022\\\/11\\\/23\\\/vacinas-bivalentes-contra-a-covid-19-sao-aprovadas-pela-anvisa-que-volta-a-obrigar-oa-mascara-em-aeroportos\",\"url\":\"https:\\\/\\\/redenoticiaz.com.br\\\/ribeiraopreto-regiao\\\/sp\\\/2022\\\/11\\\/23\\\/vacinas-bivalentes-contra-a-covid-19-sao-aprovadas-pela-anvisa-que-volta-a-obrigar-oa-mascara-em-aeroportos\",\"name\":\"Vacinas bivalentes contra a Covid-19 s\u00e3o aprovadas pela Anvisa, que volta a obrigar o uso de m\u00e1scara - Ribeir\u00e3o Preto e Regi\u00e3o\",\"isPartOf\":{\"@id\":\"https:\\\/\\\/redenoticiaz.com.br\\\/ribeiraopreto-regiao\\\/#website\"},\"primaryImageOfPage\":{\"@id\":\"https:\\\/\\\/redenoticiaz.com.br\\\/ribeiraopreto-regiao\\\/sp\\\/2022\\\/11\\\/23\\\/vacinas-bivalentes-contra-a-covid-19-sao-aprovadas-pela-anvisa-que-volta-a-obrigar-oa-mascara-em-aeroportos#primaryimage\"},\"image\":{\"@id\":\"https:\\\/\\\/redenoticiaz.com.br\\\/ribeiraopreto-regiao\\\/sp\\\/2022\\\/11\\\/23\\\/vacinas-bivalentes-contra-a-covid-19-sao-aprovadas-pela-anvisa-que-volta-a-obrigar-oa-mascara-em-aeroportos#primaryimage\"},\"thumbnailUrl\":\"https:\\\/\\\/redenoticiaz.com.br\\\/ribeiraopreto-regiao\\\/wp-content\\\/uploads\\\/sites\\\/4\\\/2022\\\/11\\\/11-11-2020_sede_anvisa-5_0.jpg?v=1669202031\",\"datePublished\":\"2022-11-23T11:14:52+00:00\",\"description\":\"de Covid-19. A Ag\u00eancia Nacional de Vigil\u00e2ncia Sanit\u00e1ria (Anvisa) aprovou nessa ter\u00e7a-feira (22) o uso emergencial de vacinas bivalentes contr\",\"inLanguage\":\"pt-BR\",\"potentialAction\":[{\"@type\":\"ReadAction\",\"target\":[\"https:\\\/\\\/redenoticiaz.com.br\\\/ribeiraopreto-regiao\\\/sp\\\/2022\\\/11\\\/23\\\/vacinas-bivalentes-contra-a-covid-19-sao-aprovadas-pela-anvisa-que-volta-a-obrigar-oa-mascara-em-aeroportos\"]}]},{\"@type\":\"ImageObject\",\"inLanguage\":\"pt-BR\",\"@id\":\"https:\\\/\\\/redenoticiaz.com.br\\\/ribeiraopreto-regiao\\\/sp\\\/2022\\\/11\\\/23\\\/vacinas-bivalentes-contra-a-covid-19-sao-aprovadas-pela-anvisa-que-volta-a-obrigar-oa-mascara-em-aeroportos#primaryimage\",\"url\":\"https:\\\/\\\/redenoticiaz.com.br\\\/ribeiraopreto-regiao\\\/wp-content\\\/uploads\\\/sites\\\/4\\\/2022\\\/11\\\/11-11-2020_sede_anvisa-5_0.jpg?v=1669202031\",\"contentUrl\":\"https:\\\/\\\/redenoticiaz.com.br\\\/ribeiraopreto-regiao\\\/wp-content\\\/uploads\\\/sites\\\/4\\\/2022\\\/11\\\/11-11-2020_sede_anvisa-5_0.jpg?v=1669202031\",\"width\":1170,\"height\":700,\"caption\":\"Fachada do edif\u00edcio sede da Ag\u00eancia Nacional de Vigil\u00e2ncia Sanit\u00e1ria (Anvisa). Cr\u00e9ditos: Divulga\u00e7\u00e3o\\\/Ag\u00eancia Brasil\"},{\"@type\":\"WebSite\",\"@id\":\"https:\\\/\\\/redenoticiaz.com.br\\\/ribeiraopreto-regiao\\\/#website\",\"url\":\"https:\\\/\\\/redenoticiaz.com.br\\\/ribeiraopreto-regiao\\\/\",\"name\":\"Ribeir\u00e3o Preto e Regi\u00e3o\",\"description\":\"Rede NoticiaZ - Ribeir\u00e3o Preto e regi\u00e3o\",\"publisher\":{\"@id\":\"https:\\\/\\\/redenoticiaz.com.br\\\/ribeiraopreto-regiao\\\/#organization\"},\"potentialAction\":[{\"@type\":\"SearchAction\",\"target\":{\"@type\":\"EntryPoint\",\"urlTemplate\":\"https:\\\/\\\/redenoticiaz.com.br\\\/ribeiraopreto-regiao\\\/?s={search_term_string}\"},\"query-input\":{\"@type\":\"PropertyValueSpecification\",\"valueRequired\":true,\"valueName\":\"search_term_string\"}}],\"inLanguage\":\"pt-BR\"},{\"@type\":\"Organization\",\"@id\":\"https:\\\/\\\/redenoticiaz.com.br\\\/ribeiraopreto-regiao\\\/#organization\",\"name\":\"Ribeir\u00e3o Preto e Regi\u00e3o\",\"url\":\"https:\\\/\\\/redenoticiaz.com.br\\\/ribeiraopreto-regiao\\\/\",\"logo\":{\"@type\":\"ImageObject\",\"inLanguage\":\"pt-BR\",\"@id\":\"https:\\\/\\\/redenoticiaz.com.br\\\/ribeiraopreto-regiao\\\/#\\\/schema\\\/logo\\\/image\\\/\",\"url\":\"https:\\\/\\\/redenoticiaz.com.br\\\/barretos-regiao\\\/wp-content\\\/uploads\\\/sites\\\/4\\\/2022\\\/02\\\/logo.jpg\",\"contentUrl\":\"https:\\\/\\\/redenoticiaz.com.br\\\/barretos-regiao\\\/wp-content\\\/uploads\\\/sites\\\/4\\\/2022\\\/02\\\/logo.jpg\",\"width\":400,\"height\":250,\"caption\":\"Ribeir\u00e3o Preto e Regi\u00e3o\"},\"image\":{\"@id\":\"https:\\\/\\\/redenoticiaz.com.br\\\/ribeiraopreto-regiao\\\/#\\\/schema\\\/logo\\\/image\\\/\"},\"sameAs\":[\"https:\\\/\\\/m.facebook.com\\\/redenoticiaz.barretos\",\"https:\\\/\\\/x.com\\\/RN_barretos\",\"https:\\\/\\\/www.instagram.com\\\/redenoticiaz.barretos\\\/?igshid=YmMyMTA2M2Y\",\"https:\\\/\\\/www.linkedin.com\\\/company\\\/rede-noticiaz-barretos-e-regio\\\/\"]},{\"@type\":\"Person\",\"@id\":\"https:\\\/\\\/redenoticiaz.com.br\\\/ribeiraopreto-regiao\\\/#\\\/schema\\\/person\\\/0f0b8a5bdafefe82841e07ae8d81ecb3\",\"name\":\"Leonardo Francisco\",\"image\":{\"@type\":\"ImageObject\",\"inLanguage\":\"pt-BR\",\"@id\":\"https:\\\/\\\/secure.gravatar.com\\\/avatar\\\/a7358cb406a99b682ec6df1e77e31ae82e63601f6784e8a3df411d72b37864da?s=96&d=mm&r=g\",\"url\":\"https:\\\/\\\/secure.gravatar.com\\\/avatar\\\/a7358cb406a99b682ec6df1e77e31ae82e63601f6784e8a3df411d72b37864da?s=96&d=mm&r=g\",\"contentUrl\":\"https:\\\/\\\/secure.gravatar.com\\\/avatar\\\/a7358cb406a99b682ec6df1e77e31ae82e63601f6784e8a3df411d72b37864da?s=96&d=mm&r=g\",\"caption\":\"Leonardo Francisco\"},\"url\":\"https:\\\/\\\/redenoticiaz.com.br\\\/ribeiraopreto-regiao\\\/sp\\\/author\\\/leonardo-francisco\"}]}<\/script>\n<!-- \/ Yoast SEO plugin. -->","yoast_head_json":{"title":"Vacinas bivalentes contra a Covid-19 s\u00e3o aprovadas pela Anvisa, que volta a obrigar o uso de m\u00e1scara - Ribeir\u00e3o Preto e Regi\u00e3o","description":"de Covid-19. A Ag\u00eancia Nacional de Vigil\u00e2ncia Sanit\u00e1ria (Anvisa) aprovou nessa ter\u00e7a-feira (22) o uso emergencial de vacinas bivalentes contr","robots":{"index":"index","follow":"follow","max-snippet":"max-snippet:-1","max-image-preview":"max-image-preview:large","max-video-preview":"max-video-preview:-1"},"canonical":"https:\/\/redenoticiaz.com.br\/ribeiraopreto-regiao\/sp\/2022\/11\/23\/vacinas-bivalentes-contra-a-covid-19-sao-aprovadas-pela-anvisa-que-volta-a-obrigar-oa-mascara-em-aeroportos","og_locale":"pt_BR","og_type":"article","og_title":"Vacinas bivalentes contra a Covid-19 s\u00e3o aprovadas pela Anvisa, que volta a obrigar o uso de m\u00e1scara - Ribeir\u00e3o Preto e Regi\u00e3o","og_description":"de Covid-19. A Ag\u00eancia Nacional de Vigil\u00e2ncia Sanit\u00e1ria (Anvisa) aprovou nessa ter\u00e7a-feira (22) o uso emergencial de vacinas bivalentes contr","og_url":"https:\/\/redenoticiaz.com.br\/ribeiraopreto-regiao\/sp\/2022\/11\/23\/vacinas-bivalentes-contra-a-covid-19-sao-aprovadas-pela-anvisa-que-volta-a-obrigar-oa-mascara-em-aeroportos","og_site_name":"Ribeir\u00e3o Preto e Regi\u00e3o","article_publisher":"https:\/\/m.facebook.com\/redenoticiaz.barretos","article_published_time":"2022-11-23T11:14:52+00:00","og_image":[{"width":400,"height":250,"url":"https:\/\/redenoticiaz.com.br\/ribeiraopreto-regiao\/wp-content\/uploads\/sites\/4\/2022\/02\/logo.jpg","type":"image\/jpeg"}],"author":"Leonardo Francisco","twitter_card":"summary_large_image","twitter_creator":"@RN_barretos","twitter_site":"@RN_barretos","twitter_misc":{"Escrito por":"Leonardo Francisco","Est. tempo de leitura":"4 minutos"},"schema":{"@context":"https:\/\/schema.org","@graph":[{"@type":"Article","@id":"https:\/\/redenoticiaz.com.br\/ribeiraopreto-regiao\/sp\/2022\/11\/23\/vacinas-bivalentes-contra-a-covid-19-sao-aprovadas-pela-anvisa-que-volta-a-obrigar-oa-mascara-em-aeroportos#article","isPartOf":{"@id":"https:\/\/redenoticiaz.com.br\/ribeiraopreto-regiao\/sp\/2022\/11\/23\/vacinas-bivalentes-contra-a-covid-19-sao-aprovadas-pela-anvisa-que-volta-a-obrigar-oa-mascara-em-aeroportos"},"author":{"name":"Leonardo Francisco","@id":"https:\/\/redenoticiaz.com.br\/ribeiraopreto-regiao\/#\/schema\/person\/0f0b8a5bdafefe82841e07ae8d81ecb3"},"headline":"Vacinas bivalentes contra a Covid-19 s\u00e3o aprovadas pela Anvisa, que volta a obrigar o uso de m\u00e1scara","datePublished":"2022-11-23T11:14:52+00:00","mainEntityOfPage":{"@id":"https:\/\/redenoticiaz.com.br\/ribeiraopreto-regiao\/sp\/2022\/11\/23\/vacinas-bivalentes-contra-a-covid-19-sao-aprovadas-pela-anvisa-que-volta-a-obrigar-oa-mascara-em-aeroportos"},"wordCount":764,"commentCount":0,"publisher":{"@id":"https:\/\/redenoticiaz.com.br\/ribeiraopreto-regiao\/#organization"},"image":{"@id":"https:\/\/redenoticiaz.com.br\/ribeiraopreto-regiao\/sp\/2022\/11\/23\/vacinas-bivalentes-contra-a-covid-19-sao-aprovadas-pela-anvisa-que-volta-a-obrigar-oa-mascara-em-aeroportos#primaryimage"},"thumbnailUrl":"https:\/\/redenoticiaz.com.br\/ribeiraopreto-regiao\/wp-content\/uploads\/sites\/4\/2022\/11\/11-11-2020_sede_anvisa-5_0.jpg?v=1669202031","keywords":["AEROPORTOS","Anvisa","AVI\u00d5ES","Brasil","USO DA M\u00c1SCARA","VACINAS BIVALENTES"],"articleSection":["Sa\u00fade"],"inLanguage":"pt-BR","potentialAction":[{"@type":"CommentAction","name":"Comment","target":["https:\/\/redenoticiaz.com.br\/ribeiraopreto-regiao\/sp\/2022\/11\/23\/vacinas-bivalentes-contra-a-covid-19-sao-aprovadas-pela-anvisa-que-volta-a-obrigar-oa-mascara-em-aeroportos#respond"]}]},{"@type":"WebPage","@id":"https:\/\/redenoticiaz.com.br\/ribeiraopreto-regiao\/sp\/2022\/11\/23\/vacinas-bivalentes-contra-a-covid-19-sao-aprovadas-pela-anvisa-que-volta-a-obrigar-oa-mascara-em-aeroportos","url":"https:\/\/redenoticiaz.com.br\/ribeiraopreto-regiao\/sp\/2022\/11\/23\/vacinas-bivalentes-contra-a-covid-19-sao-aprovadas-pela-anvisa-que-volta-a-obrigar-oa-mascara-em-aeroportos","name":"Vacinas bivalentes contra a Covid-19 s\u00e3o aprovadas pela Anvisa, que volta a obrigar o uso de m\u00e1scara - Ribeir\u00e3o Preto e Regi\u00e3o","isPartOf":{"@id":"https:\/\/redenoticiaz.com.br\/ribeiraopreto-regiao\/#website"},"primaryImageOfPage":{"@id":"https:\/\/redenoticiaz.com.br\/ribeiraopreto-regiao\/sp\/2022\/11\/23\/vacinas-bivalentes-contra-a-covid-19-sao-aprovadas-pela-anvisa-que-volta-a-obrigar-oa-mascara-em-aeroportos#primaryimage"},"image":{"@id":"https:\/\/redenoticiaz.com.br\/ribeiraopreto-regiao\/sp\/2022\/11\/23\/vacinas-bivalentes-contra-a-covid-19-sao-aprovadas-pela-anvisa-que-volta-a-obrigar-oa-mascara-em-aeroportos#primaryimage"},"thumbnailUrl":"https:\/\/redenoticiaz.com.br\/ribeiraopreto-regiao\/wp-content\/uploads\/sites\/4\/2022\/11\/11-11-2020_sede_anvisa-5_0.jpg?v=1669202031","datePublished":"2022-11-23T11:14:52+00:00","description":"de Covid-19. A Ag\u00eancia Nacional de Vigil\u00e2ncia Sanit\u00e1ria (Anvisa) aprovou nessa ter\u00e7a-feira (22) o uso emergencial de vacinas bivalentes contr","inLanguage":"pt-BR","potentialAction":[{"@type":"ReadAction","target":["https:\/\/redenoticiaz.com.br\/ribeiraopreto-regiao\/sp\/2022\/11\/23\/vacinas-bivalentes-contra-a-covid-19-sao-aprovadas-pela-anvisa-que-volta-a-obrigar-oa-mascara-em-aeroportos"]}]},{"@type":"ImageObject","inLanguage":"pt-BR","@id":"https:\/\/redenoticiaz.com.br\/ribeiraopreto-regiao\/sp\/2022\/11\/23\/vacinas-bivalentes-contra-a-covid-19-sao-aprovadas-pela-anvisa-que-volta-a-obrigar-oa-mascara-em-aeroportos#primaryimage","url":"https:\/\/redenoticiaz.com.br\/ribeiraopreto-regiao\/wp-content\/uploads\/sites\/4\/2022\/11\/11-11-2020_sede_anvisa-5_0.jpg?v=1669202031","contentUrl":"https:\/\/redenoticiaz.com.br\/ribeiraopreto-regiao\/wp-content\/uploads\/sites\/4\/2022\/11\/11-11-2020_sede_anvisa-5_0.jpg?v=1669202031","width":1170,"height":700,"caption":"Fachada do edif\u00edcio sede da Ag\u00eancia Nacional de Vigil\u00e2ncia Sanit\u00e1ria (Anvisa). Cr\u00e9ditos: Divulga\u00e7\u00e3o\/Ag\u00eancia Brasil"},{"@type":"WebSite","@id":"https:\/\/redenoticiaz.com.br\/ribeiraopreto-regiao\/#website","url":"https:\/\/redenoticiaz.com.br\/ribeiraopreto-regiao\/","name":"Ribeir\u00e3o Preto e Regi\u00e3o","description":"Rede NoticiaZ - Ribeir\u00e3o Preto e regi\u00e3o","publisher":{"@id":"https:\/\/redenoticiaz.com.br\/ribeiraopreto-regiao\/#organization"},"potentialAction":[{"@type":"SearchAction","target":{"@type":"EntryPoint","urlTemplate":"https:\/\/redenoticiaz.com.br\/ribeiraopreto-regiao\/?s={search_term_string}"},"query-input":{"@type":"PropertyValueSpecification","valueRequired":true,"valueName":"search_term_string"}}],"inLanguage":"pt-BR"},{"@type":"Organization","@id":"https:\/\/redenoticiaz.com.br\/ribeiraopreto-regiao\/#organization","name":"Ribeir\u00e3o Preto e Regi\u00e3o","url":"https:\/\/redenoticiaz.com.br\/ribeiraopreto-regiao\/","logo":{"@type":"ImageObject","inLanguage":"pt-BR","@id":"https:\/\/redenoticiaz.com.br\/ribeiraopreto-regiao\/#\/schema\/logo\/image\/","url":"https:\/\/redenoticiaz.com.br\/barretos-regiao\/wp-content\/uploads\/sites\/4\/2022\/02\/logo.jpg","contentUrl":"https:\/\/redenoticiaz.com.br\/barretos-regiao\/wp-content\/uploads\/sites\/4\/2022\/02\/logo.jpg","width":400,"height":250,"caption":"Ribeir\u00e3o Preto e Regi\u00e3o"},"image":{"@id":"https:\/\/redenoticiaz.com.br\/ribeiraopreto-regiao\/#\/schema\/logo\/image\/"},"sameAs":["https:\/\/m.facebook.com\/redenoticiaz.barretos","https:\/\/x.com\/RN_barretos","https:\/\/www.instagram.com\/redenoticiaz.barretos\/?igshid=YmMyMTA2M2Y","https:\/\/www.linkedin.com\/company\/rede-noticiaz-barretos-e-regio\/"]},{"@type":"Person","@id":"https:\/\/redenoticiaz.com.br\/ribeiraopreto-regiao\/#\/schema\/person\/0f0b8a5bdafefe82841e07ae8d81ecb3","name":"Leonardo Francisco","image":{"@type":"ImageObject","inLanguage":"pt-BR","@id":"https:\/\/secure.gravatar.com\/avatar\/a7358cb406a99b682ec6df1e77e31ae82e63601f6784e8a3df411d72b37864da?s=96&d=mm&r=g","url":"https:\/\/secure.gravatar.com\/avatar\/a7358cb406a99b682ec6df1e77e31ae82e63601f6784e8a3df411d72b37864da?s=96&d=mm&r=g","contentUrl":"https:\/\/secure.gravatar.com\/avatar\/a7358cb406a99b682ec6df1e77e31ae82e63601f6784e8a3df411d72b37864da?s=96&d=mm&r=g","caption":"Leonardo Francisco"},"url":"https:\/\/redenoticiaz.com.br\/ribeiraopreto-regiao\/sp\/author\/leonardo-francisco"}]}},"_links":{"self":[{"href":"https:\/\/redenoticiaz.com.br\/ribeiraopreto-regiao\/wp-json\/wp\/v2\/posts\/95548","targetHints":{"allow":["GET"]}}],"collection":[{"href":"https:\/\/redenoticiaz.com.br\/ribeiraopreto-regiao\/wp-json\/wp\/v2\/posts"}],"about":[{"href":"https:\/\/redenoticiaz.com.br\/ribeiraopreto-regiao\/wp-json\/wp\/v2\/types\/post"}],"author":[{"embeddable":true,"href":"https:\/\/redenoticiaz.com.br\/ribeiraopreto-regiao\/wp-json\/wp\/v2\/users\/6"}],"replies":[{"embeddable":true,"href":"https:\/\/redenoticiaz.com.br\/ribeiraopreto-regiao\/wp-json\/wp\/v2\/comments?post=95548"}],"version-history":[{"count":0,"href":"https:\/\/redenoticiaz.com.br\/ribeiraopreto-regiao\/wp-json\/wp\/v2\/posts\/95548\/revisions"}],"wp:featuredmedia":[{"embeddable":true,"href":"https:\/\/redenoticiaz.com.br\/ribeiraopreto-regiao\/wp-json\/wp\/v2\/media\/95549"}],"wp:attachment":[{"href":"https:\/\/redenoticiaz.com.br\/ribeiraopreto-regiao\/wp-json\/wp\/v2\/media?parent=95548"}],"wp:term":[{"taxonomy":"category","embeddable":true,"href":"https:\/\/redenoticiaz.com.br\/ribeiraopreto-regiao\/wp-json\/wp\/v2\/categories?post=95548"},{"taxonomy":"post_tag","embeddable":true,"href":"https:\/\/redenoticiaz.com.br\/ribeiraopreto-regiao\/wp-json\/wp\/v2\/tags?post=95548"}],"curies":[{"name":"wp","href":"https:\/\/api.w.org\/{rel}","templated":true}]}}