{"id":95551,"date":"2022-11-23T09:20:54","date_gmt":"2022-11-23T12:20:54","guid":{"rendered":"https:\/\/redenoticiaz.com.br\/barretos-regiao\/sp\/2022\/11\/23\/desembargador-que-humilhou-guardas-municipais-tem-aposentadoria-imposta-pelo-cnj"},"modified":"2022-11-23T09:20:54","modified_gmt":"2022-11-23T12:20:54","slug":"desembargador-que-humilhou-guardas-municipais-tem-aposentadoria-imposta-pelo-cnj","status":"publish","type":"post","link":"https:\/\/redenoticiaz.com.br\/ribeiraopreto-regiao\/sp\/2022\/11\/23\/desembargador-que-humilhou-guardas-municipais-tem-aposentadoria-imposta-pelo-cnj","title":{"rendered":"Desembargador que humilhou guardas municipais tem aposentadoria imposta pelo CNJ"},"content":{"rendered":"<p>Lembra do <strong>desembargador que humilhou guardas municipais de Santos<\/strong>, Litoral de S\u00e3o Paulo, pelo n\u00e3o uso da m\u00e1scara, enquanto caminhava pela praia? Pois \u00e9, mais um cap\u00edtulo surgiu e o Conselho Nacional de Justi\u00e7a (CNJ) decidiu na ter\u00e7a-feira (22) que Eduardo Almeida Prado Rocha Siqueira, desembargador do Tribunal de Justi\u00e7a de S\u00e3o Paulo, pegue aposentadoria compuls\u00f3ria.<\/p>\n<div>A aposentadoria compuls\u00f3ria \u00e9 a pena m\u00e1xima prevista na Lei Org\u00e2nica da Magistratura (Loman). O desembargador, no entanto, ter\u00e1 direito aos &#8216;provimentos proporcionais&#8217;, ou seja, continuar\u00e1 recebendo as remunera\u00e7\u00f5es.<\/div>\n<div><\/div>\n<div>Os conselheiros entenderam que ele violou o dever de manter &#8216;conduta irrepreens\u00edvel&#8217; na vida p\u00fablica e privada e que o comportamento foi incompat\u00edvel com a &#8216;dignidade, honra e decoro&#8217; do cargo.<\/div>\n<div><\/div>\n<div>&#8220;Entendo que tem uma repercuss\u00e3o grande, um abalo \u00e0 credibilidade do Poder Judici\u00e1rio&#8221;, defendeu a conselheira Jane Granzoto, relatora do caso, para quem a conduta do desembargador foi &#8216;agressiva e desrespeitosa&#8217;. &#8220;Esses atos dep\u00f5em contra o Poder Judici\u00e1rio como um todo&#8221;,<\/div>\n<div><\/div>\n<div>\n<div>A ministra Rosa Weber, presidente do CNJ, chamou de &#8216;lament\u00e1vel&#8217; o comportamento do desembargador. &#8220;Eu, na magistratura h\u00e1 46 anos, fico imensamente triste quando vejo um juiz, que exerce uma parcela do poder estatal, se comportar de uma maneira absolutamente incompat\u00edvel com o pr\u00f3prio respeito ao outro, no caso representado pelo agente da Guarda Civil Metropolitana de Santos, e reproduzindo uma cultura que todos n\u00f3s devemos combater e n\u00e3o pode ser relevada&#8221;, afirmou.<\/div>\n<\/div>\n<h3>Defesa<\/h3>\n<div>O advogado Jos\u00e9 Eduardo Rangel de Alckmin, que representa o desembargador, disse que ele tem uma &#8216;longa carreira&#8217; e passava por um momento de &#8216;desequil\u00edbrio emocional&#8217;.<\/div>\n<div><\/div>\n<div>&#8220;O que tem de diferente nesse caso \u00e9 que foi filmado&#8221;, afirmou. O defensor tamb\u00e9m disse que os ju\u00edzes s\u00e3o &#8216;humanos&#8217;. Para exemplificar, lembrou o epis\u00f3dio recente em que o ministro Lu\u00eds Roberto Barroso, do Supremo Tribunal Federal (STF), chamou de &#8220;man\u00e9&#8221; um bolsonarista que o seguiu em Nova York. &#8220;Ou seja, os ju\u00edzes s\u00e3o humanos, \u00e9 uma rea\u00e7\u00e3o humana&#8221;, disse.<\/div>\n<div><\/div>\n<div>A defesa ainda afirmou que o desembargador passa por tratamento psiqui\u00e1trico e toma rem\u00e9dios controlados desde 2011, o que teria afetado seu comportamento. O CNJ considerou, no entanto, que ele exercia regularmente as fun\u00e7\u00f5es no Tribunal de Justi\u00e7a de S\u00e3o Paulo e, portanto, tinha &#8216;plena capacidade cognitiva&#8217;.<\/div>\n<h3>Relembre<\/h3>\n<div>O caso aconteceu em julho de 2020. O desembargador foi flagrado chamando de &#8216;analfabeto&#8217; o guarda C\u00edcero Hil\u00e1rio, que lhe pediu que colocasse m\u00e1scara obrigat\u00f3ria em locais p\u00fablicos durante a pandemia. Siqueira chegou a desafiar o agente e seu colega a mult\u00e1-lo e a insinuar que jogaria a autua\u00e7\u00e3o &#8216;na cara&#8217; dos guardas caso insistissem na notifica\u00e7\u00e3o.<\/div>\n<div><\/div>\n<div>O desembargador, que acabou rasgando a multa recebida, tamb\u00e9m ligou para o secret\u00e1rio de Seguran\u00e7a P\u00fablica do munic\u00edpio, S\u00e9rgio Del Bel, e evocou um suposto irm\u00e3o procurador de Justi\u00e7a para intimidar os guardas.<\/div>\n<div><\/div>\n<div><strong>LEIA TAMB\u00c9M<\/strong><\/div>\n<div><\/div>\n<div><a href=\"https:\/\/redenoticiaz.com.br\/litoralsp\/2022\/07\/28\/desembargador-eduardo-siqueira-de-polemicas-durante-a-pandemia-e-afastado-do-tj-sp\">Desembargador Eduardo Siqueira de pol\u00eamicas durante a Pandemia \u00e9 afastado do TJ-SP<\/a><\/div>\n","protected":false},"excerpt":{"rendered":"<p>Lembra do desembargador que humilhou guardas municipais de Santos, Litoral de S\u00e3o Paulo, pelo n\u00e3o uso da m\u00e1scara, enquanto caminhava pela praia? Pois \u00e9, mais um cap\u00edtulo surgiu e o Conselho Nacional de Justi\u00e7a (CNJ) decidiu na ter\u00e7a-feira (22) que Eduardo Almeida Prado Rocha Siqueira, desembargador do Tribunal de Justi\u00e7a de S\u00e3o Paulo, pegue aposentadoria &hellip;<\/p>\n","protected":false},"author":6,"featured_media":95552,"comment_status":"open","ping_status":"closed","sticky":false,"template":"","format":"standard","meta":{"footnotes":""},"categories":[683],"tags":[22273,22274,22275,21030,191,19273],"class_list":["post-95551","post","type-post","status-publish","format-standard","has-post-thumbnail","hentry","category-justica","tag-aposentadoria-compulsoria","tag-conselho-nacional-de-justica","tag-desembargador-eduardo-siqueira","tag-guarda-civil-municipal-de-santos","tag-santos","tag-tribunal-de-justica-de-sao-paulo"],"yoast_head":"<!-- This site is optimized with the Yoast SEO plugin v27.4 - https:\/\/yoast.com\/product\/yoast-seo-wordpress\/ -->\n<title>Desembargador que humilhou guardas municipais tem aposentadoria imposta pelo CNJ - Ribeir\u00e3o Preto e Regi\u00e3o<\/title>\n<meta name=\"description\" content=\"Lembra do desembargador que humilhou guardas municipais de Santos, Litoral de S\u00e3o Paulo, pelo n\u00e3o uso da m\u00e1scara, enquanto caminhava\" \/>\n<meta name=\"robots\" content=\"index, follow, max-snippet:-1, max-image-preview:large, max-video-preview:-1\" \/>\n<link rel=\"canonical\" href=\"https:\/\/redenoticiaz.com.br\/ribeiraopreto-regiao\/sp\/2022\/11\/23\/desembargador-que-humilhou-guardas-municipais-tem-aposentadoria-imposta-pelo-cnj\" \/>\n<meta property=\"og:locale\" content=\"pt_BR\" \/>\n<meta property=\"og:type\" content=\"article\" \/>\n<meta property=\"og:title\" content=\"Desembargador que humilhou guardas municipais tem aposentadoria imposta pelo CNJ - Ribeir\u00e3o Preto e Regi\u00e3o\" \/>\n<meta property=\"og:description\" content=\"Lembra do desembargador que humilhou guardas municipais de Santos, Litoral de S\u00e3o Paulo, pelo n\u00e3o uso da m\u00e1scara, enquanto caminhava\" \/>\n<meta property=\"og:url\" content=\"https:\/\/redenoticiaz.com.br\/ribeiraopreto-regiao\/sp\/2022\/11\/23\/desembargador-que-humilhou-guardas-municipais-tem-aposentadoria-imposta-pelo-cnj\" \/>\n<meta property=\"og:site_name\" content=\"Ribeir\u00e3o Preto e Regi\u00e3o\" \/>\n<meta property=\"article:publisher\" content=\"https:\/\/m.facebook.com\/redenoticiaz.barretos\" \/>\n<meta property=\"article:published_time\" content=\"2022-11-23T12:20:54+00:00\" \/>\n<meta property=\"og:image\" content=\"https:\/\/redenoticiaz.com.br\/ribeiraopreto-regiao\/wp-content\/uploads\/sites\/4\/2022\/02\/logo.jpg\" \/>\n\t<meta property=\"og:image:width\" content=\"400\" \/>\n\t<meta property=\"og:image:height\" content=\"250\" \/>\n\t<meta property=\"og:image:type\" content=\"image\/jpeg\" \/>\n<meta name=\"author\" content=\"Leonardo Francisco\" \/>\n<meta name=\"twitter:card\" content=\"summary_large_image\" \/>\n<meta name=\"twitter:creator\" content=\"@RN_barretos\" \/>\n<meta name=\"twitter:site\" content=\"@RN_barretos\" \/>\n<meta name=\"twitter:label1\" content=\"Escrito por\" \/>\n\t<meta name=\"twitter:data1\" content=\"Leonardo Francisco\" \/>\n\t<meta name=\"twitter:label2\" content=\"Est. tempo de leitura\" \/>\n\t<meta name=\"twitter:data2\" content=\"3 minutos\" \/>\n<script type=\"application\/ld+json\" class=\"yoast-schema-graph\">{\"@context\":\"https:\\\/\\\/schema.org\",\"@graph\":[{\"@type\":\"Article\",\"@id\":\"https:\\\/\\\/redenoticiaz.com.br\\\/ribeiraopreto-regiao\\\/sp\\\/2022\\\/11\\\/23\\\/desembargador-que-humilhou-guardas-municipais-tem-aposentadoria-imposta-pelo-cnj#article\",\"isPartOf\":{\"@id\":\"https:\\\/\\\/redenoticiaz.com.br\\\/ribeiraopreto-regiao\\\/sp\\\/2022\\\/11\\\/23\\\/desembargador-que-humilhou-guardas-municipais-tem-aposentadoria-imposta-pelo-cnj\"},\"author\":{\"name\":\"Leonardo Francisco\",\"@id\":\"https:\\\/\\\/redenoticiaz.com.br\\\/ribeiraopreto-regiao\\\/#\\\/schema\\\/person\\\/0f0b8a5bdafefe82841e07ae8d81ecb3\"},\"headline\":\"Desembargador que humilhou guardas municipais tem aposentadoria imposta pelo CNJ\",\"datePublished\":\"2022-11-23T12:20:54+00:00\",\"mainEntityOfPage\":{\"@id\":\"https:\\\/\\\/redenoticiaz.com.br\\\/ribeiraopreto-regiao\\\/sp\\\/2022\\\/11\\\/23\\\/desembargador-que-humilhou-guardas-municipais-tem-aposentadoria-imposta-pelo-cnj\"},\"wordCount\":527,\"commentCount\":0,\"publisher\":{\"@id\":\"https:\\\/\\\/redenoticiaz.com.br\\\/ribeiraopreto-regiao\\\/#organization\"},\"image\":{\"@id\":\"https:\\\/\\\/redenoticiaz.com.br\\\/ribeiraopreto-regiao\\\/sp\\\/2022\\\/11\\\/23\\\/desembargador-que-humilhou-guardas-municipais-tem-aposentadoria-imposta-pelo-cnj#primaryimage\"},\"thumbnailUrl\":\"https:\\\/\\\/redenoticiaz.com.br\\\/ribeiraopreto-regiao\\\/wp-content\\\/uploads\\\/sites\\\/4\\\/2022\\\/11\\\/desembargador.jpg\",\"keywords\":[\"APOSENTADORIA COMPULS\u00d3RIA\",\"CONSELHO NACIONAL DE JUSTI\u00c7A\",\"DESEMBARGADOR EDUARDO SIQUEIRA\",\"GUARDA CIVIL MUNICIPAL DE SANTOS\",\"Santos\",\"TRIBUNAL DE JUSTI\u00c7A DE S\u00c3O PAULO\"],\"articleSection\":[\"Justi\u00e7a\"],\"inLanguage\":\"pt-BR\",\"potentialAction\":[{\"@type\":\"CommentAction\",\"name\":\"Comment\",\"target\":[\"https:\\\/\\\/redenoticiaz.com.br\\\/ribeiraopreto-regiao\\\/sp\\\/2022\\\/11\\\/23\\\/desembargador-que-humilhou-guardas-municipais-tem-aposentadoria-imposta-pelo-cnj#respond\"]}]},{\"@type\":\"WebPage\",\"@id\":\"https:\\\/\\\/redenoticiaz.com.br\\\/ribeiraopreto-regiao\\\/sp\\\/2022\\\/11\\\/23\\\/desembargador-que-humilhou-guardas-municipais-tem-aposentadoria-imposta-pelo-cnj\",\"url\":\"https:\\\/\\\/redenoticiaz.com.br\\\/ribeiraopreto-regiao\\\/sp\\\/2022\\\/11\\\/23\\\/desembargador-que-humilhou-guardas-municipais-tem-aposentadoria-imposta-pelo-cnj\",\"name\":\"Desembargador que humilhou guardas municipais tem aposentadoria imposta pelo CNJ - Ribeir\u00e3o Preto e Regi\u00e3o\",\"isPartOf\":{\"@id\":\"https:\\\/\\\/redenoticiaz.com.br\\\/ribeiraopreto-regiao\\\/#website\"},\"primaryImageOfPage\":{\"@id\":\"https:\\\/\\\/redenoticiaz.com.br\\\/ribeiraopreto-regiao\\\/sp\\\/2022\\\/11\\\/23\\\/desembargador-que-humilhou-guardas-municipais-tem-aposentadoria-imposta-pelo-cnj#primaryimage\"},\"image\":{\"@id\":\"https:\\\/\\\/redenoticiaz.com.br\\\/ribeiraopreto-regiao\\\/sp\\\/2022\\\/11\\\/23\\\/desembargador-que-humilhou-guardas-municipais-tem-aposentadoria-imposta-pelo-cnj#primaryimage\"},\"thumbnailUrl\":\"https:\\\/\\\/redenoticiaz.com.br\\\/ribeiraopreto-regiao\\\/wp-content\\\/uploads\\\/sites\\\/4\\\/2022\\\/11\\\/desembargador.jpg\",\"datePublished\":\"2022-11-23T12:20:54+00:00\",\"description\":\"Lembra do desembargador que humilhou guardas municipais de Santos, Litoral de S\u00e3o Paulo, pelo n\u00e3o uso da m\u00e1scara, enquanto caminhava\",\"inLanguage\":\"pt-BR\",\"potentialAction\":[{\"@type\":\"ReadAction\",\"target\":[\"https:\\\/\\\/redenoticiaz.com.br\\\/ribeiraopreto-regiao\\\/sp\\\/2022\\\/11\\\/23\\\/desembargador-que-humilhou-guardas-municipais-tem-aposentadoria-imposta-pelo-cnj\"]}]},{\"@type\":\"ImageObject\",\"inLanguage\":\"pt-BR\",\"@id\":\"https:\\\/\\\/redenoticiaz.com.br\\\/ribeiraopreto-regiao\\\/sp\\\/2022\\\/11\\\/23\\\/desembargador-que-humilhou-guardas-municipais-tem-aposentadoria-imposta-pelo-cnj#primaryimage\",\"url\":\"https:\\\/\\\/redenoticiaz.com.br\\\/ribeiraopreto-regiao\\\/wp-content\\\/uploads\\\/sites\\\/4\\\/2022\\\/11\\\/desembargador.jpg\",\"contentUrl\":\"https:\\\/\\\/redenoticiaz.com.br\\\/ribeiraopreto-regiao\\\/wp-content\\\/uploads\\\/sites\\\/4\\\/2022\\\/11\\\/desembargador.jpg\",\"width\":1000,\"height\":645,\"caption\":\"Cr\u00e9ditos: Reprodu\u00e7\u00e3o.\"},{\"@type\":\"WebSite\",\"@id\":\"https:\\\/\\\/redenoticiaz.com.br\\\/ribeiraopreto-regiao\\\/#website\",\"url\":\"https:\\\/\\\/redenoticiaz.com.br\\\/ribeiraopreto-regiao\\\/\",\"name\":\"Ribeir\u00e3o Preto e Regi\u00e3o\",\"description\":\"Rede NoticiaZ - Ribeir\u00e3o Preto e regi\u00e3o\",\"publisher\":{\"@id\":\"https:\\\/\\\/redenoticiaz.com.br\\\/ribeiraopreto-regiao\\\/#organization\"},\"potentialAction\":[{\"@type\":\"SearchAction\",\"target\":{\"@type\":\"EntryPoint\",\"urlTemplate\":\"https:\\\/\\\/redenoticiaz.com.br\\\/ribeiraopreto-regiao\\\/?s={search_term_string}\"},\"query-input\":{\"@type\":\"PropertyValueSpecification\",\"valueRequired\":true,\"valueName\":\"search_term_string\"}}],\"inLanguage\":\"pt-BR\"},{\"@type\":\"Organization\",\"@id\":\"https:\\\/\\\/redenoticiaz.com.br\\\/ribeiraopreto-regiao\\\/#organization\",\"name\":\"Ribeir\u00e3o Preto e Regi\u00e3o\",\"url\":\"https:\\\/\\\/redenoticiaz.com.br\\\/ribeiraopreto-regiao\\\/\",\"logo\":{\"@type\":\"ImageObject\",\"inLanguage\":\"pt-BR\",\"@id\":\"https:\\\/\\\/redenoticiaz.com.br\\\/ribeiraopreto-regiao\\\/#\\\/schema\\\/logo\\\/image\\\/\",\"url\":\"https:\\\/\\\/redenoticiaz.com.br\\\/barretos-regiao\\\/wp-content\\\/uploads\\\/sites\\\/4\\\/2022\\\/02\\\/logo.jpg\",\"contentUrl\":\"https:\\\/\\\/redenoticiaz.com.br\\\/barretos-regiao\\\/wp-content\\\/uploads\\\/sites\\\/4\\\/2022\\\/02\\\/logo.jpg\",\"width\":400,\"height\":250,\"caption\":\"Ribeir\u00e3o Preto e Regi\u00e3o\"},\"image\":{\"@id\":\"https:\\\/\\\/redenoticiaz.com.br\\\/ribeiraopreto-regiao\\\/#\\\/schema\\\/logo\\\/image\\\/\"},\"sameAs\":[\"https:\\\/\\\/m.facebook.com\\\/redenoticiaz.barretos\",\"https:\\\/\\\/x.com\\\/RN_barretos\",\"https:\\\/\\\/www.instagram.com\\\/redenoticiaz.barretos\\\/?igshid=YmMyMTA2M2Y\",\"https:\\\/\\\/www.linkedin.com\\\/company\\\/rede-noticiaz-barretos-e-regio\\\/\"]},{\"@type\":\"Person\",\"@id\":\"https:\\\/\\\/redenoticiaz.com.br\\\/ribeiraopreto-regiao\\\/#\\\/schema\\\/person\\\/0f0b8a5bdafefe82841e07ae8d81ecb3\",\"name\":\"Leonardo Francisco\",\"image\":{\"@type\":\"ImageObject\",\"inLanguage\":\"pt-BR\",\"@id\":\"https:\\\/\\\/secure.gravatar.com\\\/avatar\\\/a7358cb406a99b682ec6df1e77e31ae82e63601f6784e8a3df411d72b37864da?s=96&d=mm&r=g\",\"url\":\"https:\\\/\\\/secure.gravatar.com\\\/avatar\\\/a7358cb406a99b682ec6df1e77e31ae82e63601f6784e8a3df411d72b37864da?s=96&d=mm&r=g\",\"contentUrl\":\"https:\\\/\\\/secure.gravatar.com\\\/avatar\\\/a7358cb406a99b682ec6df1e77e31ae82e63601f6784e8a3df411d72b37864da?s=96&d=mm&r=g\",\"caption\":\"Leonardo Francisco\"},\"url\":\"https:\\\/\\\/redenoticiaz.com.br\\\/ribeiraopreto-regiao\\\/sp\\\/author\\\/leonardo-francisco\"}]}<\/script>\n<!-- \/ Yoast SEO plugin. -->","yoast_head_json":{"title":"Desembargador que humilhou guardas municipais tem aposentadoria imposta pelo CNJ - Ribeir\u00e3o Preto e Regi\u00e3o","description":"Lembra do desembargador que humilhou guardas municipais de Santos, Litoral de S\u00e3o Paulo, pelo n\u00e3o uso da m\u00e1scara, enquanto caminhava","robots":{"index":"index","follow":"follow","max-snippet":"max-snippet:-1","max-image-preview":"max-image-preview:large","max-video-preview":"max-video-preview:-1"},"canonical":"https:\/\/redenoticiaz.com.br\/ribeiraopreto-regiao\/sp\/2022\/11\/23\/desembargador-que-humilhou-guardas-municipais-tem-aposentadoria-imposta-pelo-cnj","og_locale":"pt_BR","og_type":"article","og_title":"Desembargador que humilhou guardas municipais tem aposentadoria imposta pelo CNJ - Ribeir\u00e3o Preto e Regi\u00e3o","og_description":"Lembra do desembargador que humilhou guardas municipais de Santos, Litoral de S\u00e3o Paulo, pelo n\u00e3o uso da m\u00e1scara, enquanto caminhava","og_url":"https:\/\/redenoticiaz.com.br\/ribeiraopreto-regiao\/sp\/2022\/11\/23\/desembargador-que-humilhou-guardas-municipais-tem-aposentadoria-imposta-pelo-cnj","og_site_name":"Ribeir\u00e3o Preto e Regi\u00e3o","article_publisher":"https:\/\/m.facebook.com\/redenoticiaz.barretos","article_published_time":"2022-11-23T12:20:54+00:00","og_image":[{"width":400,"height":250,"url":"https:\/\/redenoticiaz.com.br\/ribeiraopreto-regiao\/wp-content\/uploads\/sites\/4\/2022\/02\/logo.jpg","type":"image\/jpeg"}],"author":"Leonardo Francisco","twitter_card":"summary_large_image","twitter_creator":"@RN_barretos","twitter_site":"@RN_barretos","twitter_misc":{"Escrito por":"Leonardo Francisco","Est. tempo de leitura":"3 minutos"},"schema":{"@context":"https:\/\/schema.org","@graph":[{"@type":"Article","@id":"https:\/\/redenoticiaz.com.br\/ribeiraopreto-regiao\/sp\/2022\/11\/23\/desembargador-que-humilhou-guardas-municipais-tem-aposentadoria-imposta-pelo-cnj#article","isPartOf":{"@id":"https:\/\/redenoticiaz.com.br\/ribeiraopreto-regiao\/sp\/2022\/11\/23\/desembargador-que-humilhou-guardas-municipais-tem-aposentadoria-imposta-pelo-cnj"},"author":{"name":"Leonardo Francisco","@id":"https:\/\/redenoticiaz.com.br\/ribeiraopreto-regiao\/#\/schema\/person\/0f0b8a5bdafefe82841e07ae8d81ecb3"},"headline":"Desembargador que humilhou guardas municipais tem aposentadoria imposta pelo CNJ","datePublished":"2022-11-23T12:20:54+00:00","mainEntityOfPage":{"@id":"https:\/\/redenoticiaz.com.br\/ribeiraopreto-regiao\/sp\/2022\/11\/23\/desembargador-que-humilhou-guardas-municipais-tem-aposentadoria-imposta-pelo-cnj"},"wordCount":527,"commentCount":0,"publisher":{"@id":"https:\/\/redenoticiaz.com.br\/ribeiraopreto-regiao\/#organization"},"image":{"@id":"https:\/\/redenoticiaz.com.br\/ribeiraopreto-regiao\/sp\/2022\/11\/23\/desembargador-que-humilhou-guardas-municipais-tem-aposentadoria-imposta-pelo-cnj#primaryimage"},"thumbnailUrl":"https:\/\/redenoticiaz.com.br\/ribeiraopreto-regiao\/wp-content\/uploads\/sites\/4\/2022\/11\/desembargador.jpg","keywords":["APOSENTADORIA COMPULS\u00d3RIA","CONSELHO NACIONAL DE JUSTI\u00c7A","DESEMBARGADOR EDUARDO SIQUEIRA","GUARDA CIVIL MUNICIPAL DE SANTOS","Santos","TRIBUNAL DE JUSTI\u00c7A DE S\u00c3O PAULO"],"articleSection":["Justi\u00e7a"],"inLanguage":"pt-BR","potentialAction":[{"@type":"CommentAction","name":"Comment","target":["https:\/\/redenoticiaz.com.br\/ribeiraopreto-regiao\/sp\/2022\/11\/23\/desembargador-que-humilhou-guardas-municipais-tem-aposentadoria-imposta-pelo-cnj#respond"]}]},{"@type":"WebPage","@id":"https:\/\/redenoticiaz.com.br\/ribeiraopreto-regiao\/sp\/2022\/11\/23\/desembargador-que-humilhou-guardas-municipais-tem-aposentadoria-imposta-pelo-cnj","url":"https:\/\/redenoticiaz.com.br\/ribeiraopreto-regiao\/sp\/2022\/11\/23\/desembargador-que-humilhou-guardas-municipais-tem-aposentadoria-imposta-pelo-cnj","name":"Desembargador que humilhou guardas municipais tem aposentadoria imposta pelo CNJ - Ribeir\u00e3o Preto e Regi\u00e3o","isPartOf":{"@id":"https:\/\/redenoticiaz.com.br\/ribeiraopreto-regiao\/#website"},"primaryImageOfPage":{"@id":"https:\/\/redenoticiaz.com.br\/ribeiraopreto-regiao\/sp\/2022\/11\/23\/desembargador-que-humilhou-guardas-municipais-tem-aposentadoria-imposta-pelo-cnj#primaryimage"},"image":{"@id":"https:\/\/redenoticiaz.com.br\/ribeiraopreto-regiao\/sp\/2022\/11\/23\/desembargador-que-humilhou-guardas-municipais-tem-aposentadoria-imposta-pelo-cnj#primaryimage"},"thumbnailUrl":"https:\/\/redenoticiaz.com.br\/ribeiraopreto-regiao\/wp-content\/uploads\/sites\/4\/2022\/11\/desembargador.jpg","datePublished":"2022-11-23T12:20:54+00:00","description":"Lembra do desembargador que humilhou guardas municipais de Santos, Litoral de S\u00e3o Paulo, pelo n\u00e3o uso da m\u00e1scara, enquanto caminhava","inLanguage":"pt-BR","potentialAction":[{"@type":"ReadAction","target":["https:\/\/redenoticiaz.com.br\/ribeiraopreto-regiao\/sp\/2022\/11\/23\/desembargador-que-humilhou-guardas-municipais-tem-aposentadoria-imposta-pelo-cnj"]}]},{"@type":"ImageObject","inLanguage":"pt-BR","@id":"https:\/\/redenoticiaz.com.br\/ribeiraopreto-regiao\/sp\/2022\/11\/23\/desembargador-que-humilhou-guardas-municipais-tem-aposentadoria-imposta-pelo-cnj#primaryimage","url":"https:\/\/redenoticiaz.com.br\/ribeiraopreto-regiao\/wp-content\/uploads\/sites\/4\/2022\/11\/desembargador.jpg","contentUrl":"https:\/\/redenoticiaz.com.br\/ribeiraopreto-regiao\/wp-content\/uploads\/sites\/4\/2022\/11\/desembargador.jpg","width":1000,"height":645,"caption":"Cr\u00e9ditos: Reprodu\u00e7\u00e3o."},{"@type":"WebSite","@id":"https:\/\/redenoticiaz.com.br\/ribeiraopreto-regiao\/#website","url":"https:\/\/redenoticiaz.com.br\/ribeiraopreto-regiao\/","name":"Ribeir\u00e3o Preto e Regi\u00e3o","description":"Rede NoticiaZ - Ribeir\u00e3o Preto e regi\u00e3o","publisher":{"@id":"https:\/\/redenoticiaz.com.br\/ribeiraopreto-regiao\/#organization"},"potentialAction":[{"@type":"SearchAction","target":{"@type":"EntryPoint","urlTemplate":"https:\/\/redenoticiaz.com.br\/ribeiraopreto-regiao\/?s={search_term_string}"},"query-input":{"@type":"PropertyValueSpecification","valueRequired":true,"valueName":"search_term_string"}}],"inLanguage":"pt-BR"},{"@type":"Organization","@id":"https:\/\/redenoticiaz.com.br\/ribeiraopreto-regiao\/#organization","name":"Ribeir\u00e3o Preto e Regi\u00e3o","url":"https:\/\/redenoticiaz.com.br\/ribeiraopreto-regiao\/","logo":{"@type":"ImageObject","inLanguage":"pt-BR","@id":"https:\/\/redenoticiaz.com.br\/ribeiraopreto-regiao\/#\/schema\/logo\/image\/","url":"https:\/\/redenoticiaz.com.br\/barretos-regiao\/wp-content\/uploads\/sites\/4\/2022\/02\/logo.jpg","contentUrl":"https:\/\/redenoticiaz.com.br\/barretos-regiao\/wp-content\/uploads\/sites\/4\/2022\/02\/logo.jpg","width":400,"height":250,"caption":"Ribeir\u00e3o Preto e Regi\u00e3o"},"image":{"@id":"https:\/\/redenoticiaz.com.br\/ribeiraopreto-regiao\/#\/schema\/logo\/image\/"},"sameAs":["https:\/\/m.facebook.com\/redenoticiaz.barretos","https:\/\/x.com\/RN_barretos","https:\/\/www.instagram.com\/redenoticiaz.barretos\/?igshid=YmMyMTA2M2Y","https:\/\/www.linkedin.com\/company\/rede-noticiaz-barretos-e-regio\/"]},{"@type":"Person","@id":"https:\/\/redenoticiaz.com.br\/ribeiraopreto-regiao\/#\/schema\/person\/0f0b8a5bdafefe82841e07ae8d81ecb3","name":"Leonardo Francisco","image":{"@type":"ImageObject","inLanguage":"pt-BR","@id":"https:\/\/secure.gravatar.com\/avatar\/a7358cb406a99b682ec6df1e77e31ae82e63601f6784e8a3df411d72b37864da?s=96&d=mm&r=g","url":"https:\/\/secure.gravatar.com\/avatar\/a7358cb406a99b682ec6df1e77e31ae82e63601f6784e8a3df411d72b37864da?s=96&d=mm&r=g","contentUrl":"https:\/\/secure.gravatar.com\/avatar\/a7358cb406a99b682ec6df1e77e31ae82e63601f6784e8a3df411d72b37864da?s=96&d=mm&r=g","caption":"Leonardo Francisco"},"url":"https:\/\/redenoticiaz.com.br\/ribeiraopreto-regiao\/sp\/author\/leonardo-francisco"}]}},"_links":{"self":[{"href":"https:\/\/redenoticiaz.com.br\/ribeiraopreto-regiao\/wp-json\/wp\/v2\/posts\/95551","targetHints":{"allow":["GET"]}}],"collection":[{"href":"https:\/\/redenoticiaz.com.br\/ribeiraopreto-regiao\/wp-json\/wp\/v2\/posts"}],"about":[{"href":"https:\/\/redenoticiaz.com.br\/ribeiraopreto-regiao\/wp-json\/wp\/v2\/types\/post"}],"author":[{"embeddable":true,"href":"https:\/\/redenoticiaz.com.br\/ribeiraopreto-regiao\/wp-json\/wp\/v2\/users\/6"}],"replies":[{"embeddable":true,"href":"https:\/\/redenoticiaz.com.br\/ribeiraopreto-regiao\/wp-json\/wp\/v2\/comments?post=95551"}],"version-history":[{"count":0,"href":"https:\/\/redenoticiaz.com.br\/ribeiraopreto-regiao\/wp-json\/wp\/v2\/posts\/95551\/revisions"}],"wp:featuredmedia":[{"embeddable":true,"href":"https:\/\/redenoticiaz.com.br\/ribeiraopreto-regiao\/wp-json\/wp\/v2\/media\/95552"}],"wp:attachment":[{"href":"https:\/\/redenoticiaz.com.br\/ribeiraopreto-regiao\/wp-json\/wp\/v2\/media?parent=95551"}],"wp:term":[{"taxonomy":"category","embeddable":true,"href":"https:\/\/redenoticiaz.com.br\/ribeiraopreto-regiao\/wp-json\/wp\/v2\/categories?post=95551"},{"taxonomy":"post_tag","embeddable":true,"href":"https:\/\/redenoticiaz.com.br\/ribeiraopreto-regiao\/wp-json\/wp\/v2\/tags?post=95551"}],"curies":[{"name":"wp","href":"https:\/\/api.w.org\/{rel}","templated":true}]}}