{"id":95631,"date":"2022-11-27T11:00:23","date_gmt":"2022-11-27T14:00:23","guid":{"rendered":"https:\/\/redenoticiaz.com.br\/barretos-regiao\/?p=95631"},"modified":"2022-11-24T11:27:40","modified_gmt":"2022-11-24T14:27:40","slug":"21-das-mulheres-foram-demitidas-apos-voltarem-da-licenca-maternidade-diz-estudo","status":"publish","type":"post","link":"https:\/\/redenoticiaz.com.br\/ribeiraopreto-regiao\/sp\/2022\/11\/27\/21-das-mulheres-foram-demitidas-apos-voltarem-da-licenca-maternidade-diz-estudo","title":{"rendered":"21% das mulheres foram demitidas ap\u00f3s voltarem da licen\u00e7a-maternidade, diz estudo"},"content":{"rendered":"<p>O direito \u00e0 licen\u00e7a-maternidade foi regulamentado no Brasil em 1943, com a cria\u00e7\u00e3o da Consolida\u00e7\u00e3o das Leis do Trabalho (CLT). O per\u00edodo da referida licen\u00e7a, estabelecido por lei, \u00e9 de 120 dias e nele todas as mulheres que possuem carteira assinada ou contribuem para a Previd\u00eancia Social, t\u00eam direito ao sal\u00e1rio-maternidade, que \u00e9 ressarcido \u00e0s empresas pelo INSS.<\/p>\n<p>Al\u00e9m disso, desde 1988, ap\u00f3s a cria\u00e7\u00e3o da Constitui\u00e7\u00e3o Brasileira, as mulheres passaram a ter garantia de estabilidade no emprego, a partir da confirma\u00e7\u00e3o da gesta\u00e7\u00e3o at\u00e9 cinco meses depois do parto, n\u00e3o podendo a mulher ser demitida, mesmo que seu contrato tenha t\u00e9rmino durante esta fase. Todavia, conforme constatado pela\u00a0<a href=\"https:\/\/www.famivita.com.br\/estudo-licenca-maternidade-o-medo-da-demissao-apos-ser-mae\/\">Famivita<\/a>\u00a0em seu mais recente estudo, 21% das trabalhadoras brasileiras j\u00e1 foram demitidas logo ap\u00f3s voltarem da licen\u00e7a-maternidade, ao local de trabalho.<\/p>\n<p>Por faixa et\u00e1ria, o estudo apontou que as mulheres que menos foram demitidas, depois da licen\u00e7a, t\u00eam entre 35 e 39 anos, sendo 84% das entrevistadas. J\u00e1 os dados por estado demonstraram que os locais onde ocorreram mais demiss\u00f5es foram Esp\u00edrito Santo, Rio Grande do Norte e Roraima. Em Tocantins, Acre e Amap\u00e1 \u00e9 onde houve menos ocorr\u00eancias nesse sentido.<\/p>\n<p>As informa\u00e7\u00f5es por estado tamb\u00e9m revelaram que em Santa Catarina, 56% das mulheres conseguiram voltar ao trabalho ap\u00f3s o per\u00edodo da licen\u00e7a-maternidade. No Distrito Federal e em Minas Gerais, pelo menos 63% das participantes retornaram da licen\u00e7a. J\u00e1 em S\u00e3o Paulo e no Rio de Janeiro, 65% e 68%, respectivamente, voltaram ao trabalho depois do per\u00edodo da licen\u00e7a-maternidade.<\/p>\n<p>Importante enfatizar que segundo a legisla\u00e7\u00e3o, mulheres em uma gravidez de risco podem entrar em licen\u00e7a-maternidade a partir do 28\u00ba dia antes da previs\u00e3o do parto. Vale ressaltar, ainda, que a licen\u00e7a de 120 dias \u00e9 igualmente v\u00e1lida em rela\u00e7\u00e3o \u00e0 ado\u00e7\u00e3o. Nestes casos, a data passa a valer desde a assinatura do termo judicial de guarda.<\/p>\n<p>Outro ponto a ser destacado \u00e9 que as novas m\u00e3es tamb\u00e9m disp\u00f5em do direito a duas pausas di\u00e1rias, de meia hora, para amamentar nos primeiros seis meses de vida do beb\u00ea. A licen\u00e7a amamenta\u00e7\u00e3o \u00e9 um direito que deve ser assegurado pelas empresas, incluindo a garantia de um espa\u00e7o reservado para tal.<\/p>\n<p><strong>Leia mais<\/strong><\/p>\n<p><a href=\"https:\/\/redenoticiaz.com.br\/blog\/2022\/10\/27\/video-trem-descarrilha-e-vagoes-tombam-em-cubatao\">V\u00cdDEO \u2013 Trem descarrilha e vag\u00f5es tombam em Cubat\u00e3o<\/a><\/p>\n","protected":false},"excerpt":{"rendered":"<p>O direito \u00e0 licen\u00e7a-maternidade foi regulamentado no Brasil em 1943, com a cria\u00e7\u00e3o da Consolida\u00e7\u00e3o das Leis do Trabalho (CLT). O per\u00edodo da referida licen\u00e7a, estabelecido por lei, \u00e9 de 120 dias e nele todas as mulheres que possuem carteira assinada ou contribuem para a Previd\u00eancia Social, t\u00eam direito ao sal\u00e1rio-maternidade, que \u00e9 ressarcido \u00e0s &hellip;<\/p>\n","protected":false},"author":12,"featured_media":95632,"comment_status":"open","ping_status":"closed","sticky":false,"template":"","format":"standard","meta":{"footnotes":""},"categories":[129],"tags":[70,22315],"class_list":["post-95631","post","type-post","status-publish","format-standard","has-post-thumbnail","hentry","category-saude","tag-brasil","tag-licenca-maternidade"],"yoast_head":"<!-- This site is optimized with the Yoast SEO plugin v27.4 - https:\/\/yoast.com\/product\/yoast-seo-wordpress\/ -->\n<title>21% das mulheres foram demitidas ap\u00f3s voltarem da licen\u00e7a-maternidade, diz estudo - Ribeir\u00e3o Preto e Regi\u00e3o<\/title>\n<meta name=\"description\" content=\"O direito \u00e0 licen\u00e7a-maternidade foi regulamentado no Brasil em 1943, com a cria\u00e7\u00e3o da Consolida\u00e7\u00e3o das Leis do Trabalho (CLT).\" \/>\n<meta name=\"robots\" content=\"index, follow, max-snippet:-1, max-image-preview:large, max-video-preview:-1\" \/>\n<link rel=\"canonical\" href=\"https:\/\/redenoticiaz.com.br\/ribeiraopreto-regiao\/sp\/2022\/11\/27\/21-das-mulheres-foram-demitidas-apos-voltarem-da-licenca-maternidade-diz-estudo\" \/>\n<meta property=\"og:locale\" content=\"pt_BR\" \/>\n<meta property=\"og:type\" content=\"article\" \/>\n<meta property=\"og:title\" content=\"21% das mulheres foram demitidas ap\u00f3s voltarem da licen\u00e7a-maternidade, diz estudo - Ribeir\u00e3o Preto e Regi\u00e3o\" \/>\n<meta property=\"og:description\" content=\"O direito \u00e0 licen\u00e7a-maternidade foi regulamentado no Brasil em 1943, com a cria\u00e7\u00e3o da Consolida\u00e7\u00e3o das Leis do Trabalho (CLT).\" \/>\n<meta property=\"og:url\" content=\"https:\/\/redenoticiaz.com.br\/ribeiraopreto-regiao\/sp\/2022\/11\/27\/21-das-mulheres-foram-demitidas-apos-voltarem-da-licenca-maternidade-diz-estudo\" \/>\n<meta property=\"og:site_name\" content=\"Ribeir\u00e3o Preto e Regi\u00e3o\" \/>\n<meta property=\"article:publisher\" content=\"https:\/\/m.facebook.com\/redenoticiaz.barretos\" \/>\n<meta property=\"article:published_time\" content=\"2022-11-27T14:00:23+00:00\" \/>\n<meta property=\"og:image\" content=\"https:\/\/redenoticiaz.com.br\/ribeiraopreto-regiao\/wp-content\/uploads\/sites\/4\/2022\/11\/licenca-maternidade1497913739.jpg?v=1669299294\" \/>\n\t<meta property=\"og:image:width\" content=\"1024\" \/>\n\t<meta property=\"og:image:height\" content=\"482\" \/>\n\t<meta property=\"og:image:type\" content=\"image\/jpeg\" \/>\n<meta name=\"author\" content=\"Gustavo Silva\" \/>\n<meta name=\"twitter:card\" content=\"summary_large_image\" \/>\n<meta name=\"twitter:creator\" content=\"@RN_barretos\" \/>\n<meta name=\"twitter:site\" content=\"@RN_barretos\" \/>\n<meta name=\"twitter:label1\" content=\"Escrito por\" \/>\n\t<meta name=\"twitter:data1\" content=\"Gustavo Silva\" \/>\n\t<meta name=\"twitter:label2\" content=\"Est. tempo de leitura\" \/>\n\t<meta name=\"twitter:data2\" content=\"3 minutos\" \/>\n<script type=\"application\/ld+json\" class=\"yoast-schema-graph\">{\"@context\":\"https:\\\/\\\/schema.org\",\"@graph\":[{\"@type\":\"Article\",\"@id\":\"https:\\\/\\\/redenoticiaz.com.br\\\/ribeiraopreto-regiao\\\/sp\\\/2022\\\/11\\\/27\\\/21-das-mulheres-foram-demitidas-apos-voltarem-da-licenca-maternidade-diz-estudo#article\",\"isPartOf\":{\"@id\":\"https:\\\/\\\/redenoticiaz.com.br\\\/ribeiraopreto-regiao\\\/sp\\\/2022\\\/11\\\/27\\\/21-das-mulheres-foram-demitidas-apos-voltarem-da-licenca-maternidade-diz-estudo\"},\"author\":{\"name\":\"Gustavo Silva\",\"@id\":\"https:\\\/\\\/redenoticiaz.com.br\\\/ribeiraopreto-regiao\\\/#\\\/schema\\\/person\\\/16057b37a3c0ee6b096d7f887c566e2e\"},\"headline\":\"21% das mulheres foram demitidas ap\u00f3s voltarem da licen\u00e7a-maternidade, diz estudo\",\"datePublished\":\"2022-11-27T14:00:23+00:00\",\"mainEntityOfPage\":{\"@id\":\"https:\\\/\\\/redenoticiaz.com.br\\\/ribeiraopreto-regiao\\\/sp\\\/2022\\\/11\\\/27\\\/21-das-mulheres-foram-demitidas-apos-voltarem-da-licenca-maternidade-diz-estudo\"},\"wordCount\":409,\"commentCount\":0,\"publisher\":{\"@id\":\"https:\\\/\\\/redenoticiaz.com.br\\\/ribeiraopreto-regiao\\\/#organization\"},\"image\":{\"@id\":\"https:\\\/\\\/redenoticiaz.com.br\\\/ribeiraopreto-regiao\\\/sp\\\/2022\\\/11\\\/27\\\/21-das-mulheres-foram-demitidas-apos-voltarem-da-licenca-maternidade-diz-estudo#primaryimage\"},\"thumbnailUrl\":\"https:\\\/\\\/redenoticiaz.com.br\\\/ribeiraopreto-regiao\\\/wp-content\\\/uploads\\\/sites\\\/4\\\/2022\\\/11\\\/licenca-maternidade1497913739.jpg?v=1669299294\",\"keywords\":[\"Brasil\",\"licen\u00e7a-maternidade\"],\"articleSection\":[\"Sa\u00fade\"],\"inLanguage\":\"pt-BR\",\"potentialAction\":[{\"@type\":\"CommentAction\",\"name\":\"Comment\",\"target\":[\"https:\\\/\\\/redenoticiaz.com.br\\\/ribeiraopreto-regiao\\\/sp\\\/2022\\\/11\\\/27\\\/21-das-mulheres-foram-demitidas-apos-voltarem-da-licenca-maternidade-diz-estudo#respond\"]}]},{\"@type\":\"WebPage\",\"@id\":\"https:\\\/\\\/redenoticiaz.com.br\\\/ribeiraopreto-regiao\\\/sp\\\/2022\\\/11\\\/27\\\/21-das-mulheres-foram-demitidas-apos-voltarem-da-licenca-maternidade-diz-estudo\",\"url\":\"https:\\\/\\\/redenoticiaz.com.br\\\/ribeiraopreto-regiao\\\/sp\\\/2022\\\/11\\\/27\\\/21-das-mulheres-foram-demitidas-apos-voltarem-da-licenca-maternidade-diz-estudo\",\"name\":\"21% das mulheres foram demitidas ap\u00f3s voltarem da licen\u00e7a-maternidade, diz estudo - Ribeir\u00e3o Preto e Regi\u00e3o\",\"isPartOf\":{\"@id\":\"https:\\\/\\\/redenoticiaz.com.br\\\/ribeiraopreto-regiao\\\/#website\"},\"primaryImageOfPage\":{\"@id\":\"https:\\\/\\\/redenoticiaz.com.br\\\/ribeiraopreto-regiao\\\/sp\\\/2022\\\/11\\\/27\\\/21-das-mulheres-foram-demitidas-apos-voltarem-da-licenca-maternidade-diz-estudo#primaryimage\"},\"image\":{\"@id\":\"https:\\\/\\\/redenoticiaz.com.br\\\/ribeiraopreto-regiao\\\/sp\\\/2022\\\/11\\\/27\\\/21-das-mulheres-foram-demitidas-apos-voltarem-da-licenca-maternidade-diz-estudo#primaryimage\"},\"thumbnailUrl\":\"https:\\\/\\\/redenoticiaz.com.br\\\/ribeiraopreto-regiao\\\/wp-content\\\/uploads\\\/sites\\\/4\\\/2022\\\/11\\\/licenca-maternidade1497913739.jpg?v=1669299294\",\"datePublished\":\"2022-11-27T14:00:23+00:00\",\"description\":\"O direito \u00e0 licen\u00e7a-maternidade foi regulamentado no Brasil em 1943, com a cria\u00e7\u00e3o da Consolida\u00e7\u00e3o das Leis do Trabalho (CLT).\",\"inLanguage\":\"pt-BR\",\"potentialAction\":[{\"@type\":\"ReadAction\",\"target\":[\"https:\\\/\\\/redenoticiaz.com.br\\\/ribeiraopreto-regiao\\\/sp\\\/2022\\\/11\\\/27\\\/21-das-mulheres-foram-demitidas-apos-voltarem-da-licenca-maternidade-diz-estudo\"]}]},{\"@type\":\"ImageObject\",\"inLanguage\":\"pt-BR\",\"@id\":\"https:\\\/\\\/redenoticiaz.com.br\\\/ribeiraopreto-regiao\\\/sp\\\/2022\\\/11\\\/27\\\/21-das-mulheres-foram-demitidas-apos-voltarem-da-licenca-maternidade-diz-estudo#primaryimage\",\"url\":\"https:\\\/\\\/redenoticiaz.com.br\\\/ribeiraopreto-regiao\\\/wp-content\\\/uploads\\\/sites\\\/4\\\/2022\\\/11\\\/licenca-maternidade1497913739.jpg?v=1669299294\",\"contentUrl\":\"https:\\\/\\\/redenoticiaz.com.br\\\/ribeiraopreto-regiao\\\/wp-content\\\/uploads\\\/sites\\\/4\\\/2022\\\/11\\\/licenca-maternidade1497913739.jpg?v=1669299294\",\"width\":1024,\"height\":482,\"caption\":\"21% das mulheres foram demitidas ap\u00f3s voltarem da licen\u00e7a-maternidade, diz estudo\"},{\"@type\":\"WebSite\",\"@id\":\"https:\\\/\\\/redenoticiaz.com.br\\\/ribeiraopreto-regiao\\\/#website\",\"url\":\"https:\\\/\\\/redenoticiaz.com.br\\\/ribeiraopreto-regiao\\\/\",\"name\":\"Ribeir\u00e3o Preto e Regi\u00e3o\",\"description\":\"Rede NoticiaZ - Ribeir\u00e3o Preto e regi\u00e3o\",\"publisher\":{\"@id\":\"https:\\\/\\\/redenoticiaz.com.br\\\/ribeiraopreto-regiao\\\/#organization\"},\"potentialAction\":[{\"@type\":\"SearchAction\",\"target\":{\"@type\":\"EntryPoint\",\"urlTemplate\":\"https:\\\/\\\/redenoticiaz.com.br\\\/ribeiraopreto-regiao\\\/?s={search_term_string}\"},\"query-input\":{\"@type\":\"PropertyValueSpecification\",\"valueRequired\":true,\"valueName\":\"search_term_string\"}}],\"inLanguage\":\"pt-BR\"},{\"@type\":\"Organization\",\"@id\":\"https:\\\/\\\/redenoticiaz.com.br\\\/ribeiraopreto-regiao\\\/#organization\",\"name\":\"Ribeir\u00e3o Preto e Regi\u00e3o\",\"url\":\"https:\\\/\\\/redenoticiaz.com.br\\\/ribeiraopreto-regiao\\\/\",\"logo\":{\"@type\":\"ImageObject\",\"inLanguage\":\"pt-BR\",\"@id\":\"https:\\\/\\\/redenoticiaz.com.br\\\/ribeiraopreto-regiao\\\/#\\\/schema\\\/logo\\\/image\\\/\",\"url\":\"https:\\\/\\\/redenoticiaz.com.br\\\/barretos-regiao\\\/wp-content\\\/uploads\\\/sites\\\/4\\\/2022\\\/02\\\/logo.jpg\",\"contentUrl\":\"https:\\\/\\\/redenoticiaz.com.br\\\/barretos-regiao\\\/wp-content\\\/uploads\\\/sites\\\/4\\\/2022\\\/02\\\/logo.jpg\",\"width\":400,\"height\":250,\"caption\":\"Ribeir\u00e3o Preto e Regi\u00e3o\"},\"image\":{\"@id\":\"https:\\\/\\\/redenoticiaz.com.br\\\/ribeiraopreto-regiao\\\/#\\\/schema\\\/logo\\\/image\\\/\"},\"sameAs\":[\"https:\\\/\\\/m.facebook.com\\\/redenoticiaz.barretos\",\"https:\\\/\\\/x.com\\\/RN_barretos\",\"https:\\\/\\\/www.instagram.com\\\/redenoticiaz.barretos\\\/?igshid=YmMyMTA2M2Y\",\"https:\\\/\\\/www.linkedin.com\\\/company\\\/rede-noticiaz-barretos-e-regio\\\/\"]},{\"@type\":\"Person\",\"@id\":\"https:\\\/\\\/redenoticiaz.com.br\\\/ribeiraopreto-regiao\\\/#\\\/schema\\\/person\\\/16057b37a3c0ee6b096d7f887c566e2e\",\"name\":\"Gustavo Silva\",\"image\":{\"@type\":\"ImageObject\",\"inLanguage\":\"pt-BR\",\"@id\":\"https:\\\/\\\/secure.gravatar.com\\\/avatar\\\/3ee4e82f93b26de0a7cf4ea5eb7893da637ed6bb0c9170c58065944c56e28a33?s=96&d=mm&r=g\",\"url\":\"https:\\\/\\\/secure.gravatar.com\\\/avatar\\\/3ee4e82f93b26de0a7cf4ea5eb7893da637ed6bb0c9170c58065944c56e28a33?s=96&d=mm&r=g\",\"contentUrl\":\"https:\\\/\\\/secure.gravatar.com\\\/avatar\\\/3ee4e82f93b26de0a7cf4ea5eb7893da637ed6bb0c9170c58065944c56e28a33?s=96&d=mm&r=g\",\"caption\":\"Gustavo Silva\"},\"url\":\"https:\\\/\\\/redenoticiaz.com.br\\\/ribeiraopreto-regiao\\\/sp\\\/author\\\/gustavosilva\"}]}<\/script>\n<!-- \/ Yoast SEO plugin. -->","yoast_head_json":{"title":"21% das mulheres foram demitidas ap\u00f3s voltarem da licen\u00e7a-maternidade, diz estudo - Ribeir\u00e3o Preto e Regi\u00e3o","description":"O direito \u00e0 licen\u00e7a-maternidade foi regulamentado no Brasil em 1943, com a cria\u00e7\u00e3o da Consolida\u00e7\u00e3o das Leis do Trabalho (CLT).","robots":{"index":"index","follow":"follow","max-snippet":"max-snippet:-1","max-image-preview":"max-image-preview:large","max-video-preview":"max-video-preview:-1"},"canonical":"https:\/\/redenoticiaz.com.br\/ribeiraopreto-regiao\/sp\/2022\/11\/27\/21-das-mulheres-foram-demitidas-apos-voltarem-da-licenca-maternidade-diz-estudo","og_locale":"pt_BR","og_type":"article","og_title":"21% das mulheres foram demitidas ap\u00f3s voltarem da licen\u00e7a-maternidade, diz estudo - Ribeir\u00e3o Preto e Regi\u00e3o","og_description":"O direito \u00e0 licen\u00e7a-maternidade foi regulamentado no Brasil em 1943, com a cria\u00e7\u00e3o da Consolida\u00e7\u00e3o das Leis do Trabalho (CLT).","og_url":"https:\/\/redenoticiaz.com.br\/ribeiraopreto-regiao\/sp\/2022\/11\/27\/21-das-mulheres-foram-demitidas-apos-voltarem-da-licenca-maternidade-diz-estudo","og_site_name":"Ribeir\u00e3o Preto e Regi\u00e3o","article_publisher":"https:\/\/m.facebook.com\/redenoticiaz.barretos","article_published_time":"2022-11-27T14:00:23+00:00","og_image":[{"width":1024,"height":482,"url":"https:\/\/redenoticiaz.com.br\/ribeiraopreto-regiao\/wp-content\/uploads\/sites\/4\/2022\/11\/licenca-maternidade1497913739.jpg?v=1669299294","type":"image\/jpeg"}],"author":"Gustavo Silva","twitter_card":"summary_large_image","twitter_creator":"@RN_barretos","twitter_site":"@RN_barretos","twitter_misc":{"Escrito por":"Gustavo Silva","Est. tempo de leitura":"3 minutos"},"schema":{"@context":"https:\/\/schema.org","@graph":[{"@type":"Article","@id":"https:\/\/redenoticiaz.com.br\/ribeiraopreto-regiao\/sp\/2022\/11\/27\/21-das-mulheres-foram-demitidas-apos-voltarem-da-licenca-maternidade-diz-estudo#article","isPartOf":{"@id":"https:\/\/redenoticiaz.com.br\/ribeiraopreto-regiao\/sp\/2022\/11\/27\/21-das-mulheres-foram-demitidas-apos-voltarem-da-licenca-maternidade-diz-estudo"},"author":{"name":"Gustavo Silva","@id":"https:\/\/redenoticiaz.com.br\/ribeiraopreto-regiao\/#\/schema\/person\/16057b37a3c0ee6b096d7f887c566e2e"},"headline":"21% das mulheres foram demitidas ap\u00f3s voltarem da licen\u00e7a-maternidade, diz estudo","datePublished":"2022-11-27T14:00:23+00:00","mainEntityOfPage":{"@id":"https:\/\/redenoticiaz.com.br\/ribeiraopreto-regiao\/sp\/2022\/11\/27\/21-das-mulheres-foram-demitidas-apos-voltarem-da-licenca-maternidade-diz-estudo"},"wordCount":409,"commentCount":0,"publisher":{"@id":"https:\/\/redenoticiaz.com.br\/ribeiraopreto-regiao\/#organization"},"image":{"@id":"https:\/\/redenoticiaz.com.br\/ribeiraopreto-regiao\/sp\/2022\/11\/27\/21-das-mulheres-foram-demitidas-apos-voltarem-da-licenca-maternidade-diz-estudo#primaryimage"},"thumbnailUrl":"https:\/\/redenoticiaz.com.br\/ribeiraopreto-regiao\/wp-content\/uploads\/sites\/4\/2022\/11\/licenca-maternidade1497913739.jpg?v=1669299294","keywords":["Brasil","licen\u00e7a-maternidade"],"articleSection":["Sa\u00fade"],"inLanguage":"pt-BR","potentialAction":[{"@type":"CommentAction","name":"Comment","target":["https:\/\/redenoticiaz.com.br\/ribeiraopreto-regiao\/sp\/2022\/11\/27\/21-das-mulheres-foram-demitidas-apos-voltarem-da-licenca-maternidade-diz-estudo#respond"]}]},{"@type":"WebPage","@id":"https:\/\/redenoticiaz.com.br\/ribeiraopreto-regiao\/sp\/2022\/11\/27\/21-das-mulheres-foram-demitidas-apos-voltarem-da-licenca-maternidade-diz-estudo","url":"https:\/\/redenoticiaz.com.br\/ribeiraopreto-regiao\/sp\/2022\/11\/27\/21-das-mulheres-foram-demitidas-apos-voltarem-da-licenca-maternidade-diz-estudo","name":"21% das mulheres foram demitidas ap\u00f3s voltarem da licen\u00e7a-maternidade, diz estudo - Ribeir\u00e3o Preto e Regi\u00e3o","isPartOf":{"@id":"https:\/\/redenoticiaz.com.br\/ribeiraopreto-regiao\/#website"},"primaryImageOfPage":{"@id":"https:\/\/redenoticiaz.com.br\/ribeiraopreto-regiao\/sp\/2022\/11\/27\/21-das-mulheres-foram-demitidas-apos-voltarem-da-licenca-maternidade-diz-estudo#primaryimage"},"image":{"@id":"https:\/\/redenoticiaz.com.br\/ribeiraopreto-regiao\/sp\/2022\/11\/27\/21-das-mulheres-foram-demitidas-apos-voltarem-da-licenca-maternidade-diz-estudo#primaryimage"},"thumbnailUrl":"https:\/\/redenoticiaz.com.br\/ribeiraopreto-regiao\/wp-content\/uploads\/sites\/4\/2022\/11\/licenca-maternidade1497913739.jpg?v=1669299294","datePublished":"2022-11-27T14:00:23+00:00","description":"O direito \u00e0 licen\u00e7a-maternidade foi regulamentado no Brasil em 1943, com a cria\u00e7\u00e3o da Consolida\u00e7\u00e3o das Leis do Trabalho (CLT).","inLanguage":"pt-BR","potentialAction":[{"@type":"ReadAction","target":["https:\/\/redenoticiaz.com.br\/ribeiraopreto-regiao\/sp\/2022\/11\/27\/21-das-mulheres-foram-demitidas-apos-voltarem-da-licenca-maternidade-diz-estudo"]}]},{"@type":"ImageObject","inLanguage":"pt-BR","@id":"https:\/\/redenoticiaz.com.br\/ribeiraopreto-regiao\/sp\/2022\/11\/27\/21-das-mulheres-foram-demitidas-apos-voltarem-da-licenca-maternidade-diz-estudo#primaryimage","url":"https:\/\/redenoticiaz.com.br\/ribeiraopreto-regiao\/wp-content\/uploads\/sites\/4\/2022\/11\/licenca-maternidade1497913739.jpg?v=1669299294","contentUrl":"https:\/\/redenoticiaz.com.br\/ribeiraopreto-regiao\/wp-content\/uploads\/sites\/4\/2022\/11\/licenca-maternidade1497913739.jpg?v=1669299294","width":1024,"height":482,"caption":"21% das mulheres foram demitidas ap\u00f3s voltarem da licen\u00e7a-maternidade, diz estudo"},{"@type":"WebSite","@id":"https:\/\/redenoticiaz.com.br\/ribeiraopreto-regiao\/#website","url":"https:\/\/redenoticiaz.com.br\/ribeiraopreto-regiao\/","name":"Ribeir\u00e3o Preto e Regi\u00e3o","description":"Rede NoticiaZ - Ribeir\u00e3o Preto e regi\u00e3o","publisher":{"@id":"https:\/\/redenoticiaz.com.br\/ribeiraopreto-regiao\/#organization"},"potentialAction":[{"@type":"SearchAction","target":{"@type":"EntryPoint","urlTemplate":"https:\/\/redenoticiaz.com.br\/ribeiraopreto-regiao\/?s={search_term_string}"},"query-input":{"@type":"PropertyValueSpecification","valueRequired":true,"valueName":"search_term_string"}}],"inLanguage":"pt-BR"},{"@type":"Organization","@id":"https:\/\/redenoticiaz.com.br\/ribeiraopreto-regiao\/#organization","name":"Ribeir\u00e3o Preto e Regi\u00e3o","url":"https:\/\/redenoticiaz.com.br\/ribeiraopreto-regiao\/","logo":{"@type":"ImageObject","inLanguage":"pt-BR","@id":"https:\/\/redenoticiaz.com.br\/ribeiraopreto-regiao\/#\/schema\/logo\/image\/","url":"https:\/\/redenoticiaz.com.br\/barretos-regiao\/wp-content\/uploads\/sites\/4\/2022\/02\/logo.jpg","contentUrl":"https:\/\/redenoticiaz.com.br\/barretos-regiao\/wp-content\/uploads\/sites\/4\/2022\/02\/logo.jpg","width":400,"height":250,"caption":"Ribeir\u00e3o Preto e Regi\u00e3o"},"image":{"@id":"https:\/\/redenoticiaz.com.br\/ribeiraopreto-regiao\/#\/schema\/logo\/image\/"},"sameAs":["https:\/\/m.facebook.com\/redenoticiaz.barretos","https:\/\/x.com\/RN_barretos","https:\/\/www.instagram.com\/redenoticiaz.barretos\/?igshid=YmMyMTA2M2Y","https:\/\/www.linkedin.com\/company\/rede-noticiaz-barretos-e-regio\/"]},{"@type":"Person","@id":"https:\/\/redenoticiaz.com.br\/ribeiraopreto-regiao\/#\/schema\/person\/16057b37a3c0ee6b096d7f887c566e2e","name":"Gustavo Silva","image":{"@type":"ImageObject","inLanguage":"pt-BR","@id":"https:\/\/secure.gravatar.com\/avatar\/3ee4e82f93b26de0a7cf4ea5eb7893da637ed6bb0c9170c58065944c56e28a33?s=96&d=mm&r=g","url":"https:\/\/secure.gravatar.com\/avatar\/3ee4e82f93b26de0a7cf4ea5eb7893da637ed6bb0c9170c58065944c56e28a33?s=96&d=mm&r=g","contentUrl":"https:\/\/secure.gravatar.com\/avatar\/3ee4e82f93b26de0a7cf4ea5eb7893da637ed6bb0c9170c58065944c56e28a33?s=96&d=mm&r=g","caption":"Gustavo Silva"},"url":"https:\/\/redenoticiaz.com.br\/ribeiraopreto-regiao\/sp\/author\/gustavosilva"}]}},"_links":{"self":[{"href":"https:\/\/redenoticiaz.com.br\/ribeiraopreto-regiao\/wp-json\/wp\/v2\/posts\/95631","targetHints":{"allow":["GET"]}}],"collection":[{"href":"https:\/\/redenoticiaz.com.br\/ribeiraopreto-regiao\/wp-json\/wp\/v2\/posts"}],"about":[{"href":"https:\/\/redenoticiaz.com.br\/ribeiraopreto-regiao\/wp-json\/wp\/v2\/types\/post"}],"author":[{"embeddable":true,"href":"https:\/\/redenoticiaz.com.br\/ribeiraopreto-regiao\/wp-json\/wp\/v2\/users\/12"}],"replies":[{"embeddable":true,"href":"https:\/\/redenoticiaz.com.br\/ribeiraopreto-regiao\/wp-json\/wp\/v2\/comments?post=95631"}],"version-history":[{"count":1,"href":"https:\/\/redenoticiaz.com.br\/ribeiraopreto-regiao\/wp-json\/wp\/v2\/posts\/95631\/revisions"}],"predecessor-version":[{"id":95638,"href":"https:\/\/redenoticiaz.com.br\/ribeiraopreto-regiao\/wp-json\/wp\/v2\/posts\/95631\/revisions\/95638"}],"wp:featuredmedia":[{"embeddable":true,"href":"https:\/\/redenoticiaz.com.br\/ribeiraopreto-regiao\/wp-json\/wp\/v2\/media\/95632"}],"wp:attachment":[{"href":"https:\/\/redenoticiaz.com.br\/ribeiraopreto-regiao\/wp-json\/wp\/v2\/media?parent=95631"}],"wp:term":[{"taxonomy":"category","embeddable":true,"href":"https:\/\/redenoticiaz.com.br\/ribeiraopreto-regiao\/wp-json\/wp\/v2\/categories?post=95631"},{"taxonomy":"post_tag","embeddable":true,"href":"https:\/\/redenoticiaz.com.br\/ribeiraopreto-regiao\/wp-json\/wp\/v2\/tags?post=95631"}],"curies":[{"name":"wp","href":"https:\/\/api.w.org\/{rel}","templated":true}]}}