{"id":95874,"date":"2022-11-28T13:29:29","date_gmt":"2022-11-28T16:29:29","guid":{"rendered":"https:\/\/redenoticiaz.com.br\/barretos-regiao\/?p=95874"},"modified":"2022-11-28T13:34:31","modified_gmt":"2022-11-28T16:34:31","slug":"com-reforma-administrativa-prefeitura-tera-departamento-focado-na-mobilidade-urbana","status":"publish","type":"post","link":"https:\/\/redenoticiaz.com.br\/ribeiraopreto-regiao\/sp\/2022\/11\/28\/com-reforma-administrativa-prefeitura-tera-departamento-focado-na-mobilidade-urbana","title":{"rendered":"Com reforma administrativa, prefeitura ter\u00e1 departamento focado na mobilidade urbana"},"content":{"rendered":"<p>Ap\u00f3s a aprova\u00e7\u00e3o por unanimidade da C\u00e2mara Municipal para a reforma administrativa da prefeitura, agora, o governo ter\u00e1 o departamento de Arquitetura, Urbanismo e Mobilidade Urbana, para atender a uma grande demanda e compromisso da gest\u00e3o com a acessibilidade no munic\u00edpio.<\/p>\n<p>Desde o in\u00edcio de sua gest\u00e3o, o prefeito Jun\u00e3o tem conversado com sua equipe para a melhoria da infraestrutura da cidade. &#8220;Agora, com a aprova\u00e7\u00e3o dessa reforma, vamos propor meios de promover a acessibilidade de acordo com as leis&#8221;, afirma o prefeito Jun\u00e3o. &#8220;Todas as pessoas merecem o devido respeito e nossos PCDs precisam ter a aten\u00e7\u00e3o do poder p\u00fablico e \u00e9 isso que estamos buscando, para n\u00e3o ocorrer mais constrangimentos por falta de acessibilidade, principalmente nos espa\u00e7os p\u00fablicos&#8221;, completa.<\/p>\n<p>A arquiteta Yara Cardoso, que est\u00e1 se especializando em Mobilidade, est\u00e1 cotada para assumir a pasta, ela afirma o compromisso com a acessibilidade, &#8220;conversado com o prefeito Jun\u00e3o a respeito desse tema e existe o compromisso dele com a acessibilidade, tanto \u00e9 que esse departamento foi proposto nessa reforma, justamente para que possamos ter condi\u00e7\u00f5es, enquanto equipe, de desenvolver os levantamentos e projetos, tanto nos pr\u00f3prios p\u00fablicos, quanto em \u00e1reas n\u00e3o edificadas&#8221;.<\/p>\n<p>Al\u00e9m disso, participo do Conselho da Pessoa com Defici\u00eancia e j\u00e1 ouvimos muitos relatos e propostas para melhorar a acessibilidade. Os projetos novos j\u00e1 est\u00e3o sendo elaborados atendendo a NBR 9050 e assim ser\u00e1 feito com os existentes, atrav\u00e9s de adequa\u00e7\u00f5es. Iremos desenvolver esse levantamento ainda em Dezembro, para come\u00e7ar as adequa\u00e7\u00f5es em Janeiro&#8221;, finaliza Yara.<\/p>\n<p>VEJA TAMB\u00c9M:\u00a0<a href=\"https:\/\/redenoticiaz.com.br\/barretos-regiao\/sp\/2022\/11\/23\/prefeitura-finaliza-ampliacao-da-unidade-de-saude-da-familia\">Prefeitura finaliza amplia\u00e7\u00e3o da Unidade de Sa\u00fade da Fam\u00edlia<\/a><\/p>\n","protected":false},"excerpt":{"rendered":"<p>Ap\u00f3s a aprova\u00e7\u00e3o por unanimidade da C\u00e2mara Municipal para a reforma administrativa da prefeitura, agora, o governo ter\u00e1 o departamento de Arquitetura, Urbanismo e Mobilidade Urbana, para atender a uma grande demanda e compromisso da gest\u00e3o com a acessibilidade no munic\u00edpio. Desde o in\u00edcio de sua gest\u00e3o, o prefeito Jun\u00e3o tem conversado com sua equipe &hellip;<\/p>\n","protected":false},"author":15,"featured_media":95875,"comment_status":"open","ping_status":"closed","sticky":false,"template":"","format":"standard","meta":{"footnotes":""},"categories":[2920],"tags":[17909,18207,250,22429],"class_list":["post-95874","post","type-post","status-publish","format-standard","has-post-thumbnail","hentry","category-obras","tag-acessibilidade","tag-mobilidade","tag-pcd","tag-reforma-administrativa"],"yoast_head":"<!-- This site is optimized with the Yoast SEO plugin v27.4 - https:\/\/yoast.com\/product\/yoast-seo-wordpress\/ -->\n<title>Com reforma administrativa, prefeitura ter\u00e1 departamento focado na mobilidade urbana - Ribeir\u00e3o Preto e Regi\u00e3o<\/title>\n<meta name=\"description\" content=\"A reforma administrativa da prefeitura, agora, o governo ter\u00e1 o departamento de Arquitetura, Urbanismo e Mobilidade Urbana\" \/>\n<meta name=\"robots\" content=\"index, follow, max-snippet:-1, max-image-preview:large, max-video-preview:-1\" \/>\n<link rel=\"canonical\" href=\"https:\/\/redenoticiaz.com.br\/ribeiraopreto-regiao\/sp\/2022\/11\/28\/com-reforma-administrativa-prefeitura-tera-departamento-focado-na-mobilidade-urbana\" \/>\n<meta property=\"og:locale\" content=\"pt_BR\" \/>\n<meta property=\"og:type\" content=\"article\" \/>\n<meta property=\"og:title\" content=\"Com reforma administrativa, prefeitura ter\u00e1 departamento focado na mobilidade urbana - Ribeir\u00e3o Preto e Regi\u00e3o\" \/>\n<meta property=\"og:description\" content=\"A reforma administrativa da prefeitura, agora, o governo ter\u00e1 o departamento de Arquitetura, Urbanismo e Mobilidade Urbana\" \/>\n<meta property=\"og:url\" content=\"https:\/\/redenoticiaz.com.br\/ribeiraopreto-regiao\/sp\/2022\/11\/28\/com-reforma-administrativa-prefeitura-tera-departamento-focado-na-mobilidade-urbana\" \/>\n<meta property=\"og:site_name\" content=\"Ribeir\u00e3o Preto e Regi\u00e3o\" \/>\n<meta property=\"article:publisher\" content=\"https:\/\/m.facebook.com\/redenoticiaz.barretos\" \/>\n<meta property=\"article:published_time\" content=\"2022-11-28T16:29:29+00:00\" \/>\n<meta property=\"article:modified_time\" content=\"2022-11-28T16:34:31+00:00\" \/>\n<meta property=\"og:image\" content=\"https:\/\/redenoticiaz.com.br\/ribeiraopreto-regiao\/wp-content\/uploads\/sites\/4\/2022\/11\/reforma-pcd.jpeg\" \/>\n\t<meta property=\"og:image:width\" content=\"1000\" \/>\n\t<meta property=\"og:image:height\" content=\"667\" \/>\n\t<meta property=\"og:image:type\" content=\"image\/jpeg\" \/>\n<meta name=\"twitter:card\" content=\"summary_large_image\" \/>\n<meta name=\"twitter:creator\" content=\"@RN_barretos\" \/>\n<meta name=\"twitter:site\" content=\"@RN_barretos\" \/>\n<meta name=\"twitter:label1\" content=\"Escrito por\" \/>\n\t<meta name=\"twitter:data1\" content=\"\" \/>\n\t<meta name=\"twitter:label2\" content=\"Est. tempo de leitura\" \/>\n\t<meta name=\"twitter:data2\" content=\"2 minutos\" \/>\n<script type=\"application\/ld+json\" class=\"yoast-schema-graph\">{\"@context\":\"https:\\\/\\\/schema.org\",\"@graph\":[{\"@type\":\"Article\",\"@id\":\"https:\\\/\\\/redenoticiaz.com.br\\\/ribeiraopreto-regiao\\\/sp\\\/2022\\\/11\\\/28\\\/com-reforma-administrativa-prefeitura-tera-departamento-focado-na-mobilidade-urbana#article\",\"isPartOf\":{\"@id\":\"https:\\\/\\\/redenoticiaz.com.br\\\/ribeiraopreto-regiao\\\/sp\\\/2022\\\/11\\\/28\\\/com-reforma-administrativa-prefeitura-tera-departamento-focado-na-mobilidade-urbana\"},\"author\":{\"name\":\"\",\"@id\":\"\"},\"headline\":\"Com reforma administrativa, prefeitura ter\u00e1 departamento focado na mobilidade urbana\",\"datePublished\":\"2022-11-28T16:29:29+00:00\",\"dateModified\":\"2022-11-28T16:34:31+00:00\",\"mainEntityOfPage\":{\"@id\":\"https:\\\/\\\/redenoticiaz.com.br\\\/ribeiraopreto-regiao\\\/sp\\\/2022\\\/11\\\/28\\\/com-reforma-administrativa-prefeitura-tera-departamento-focado-na-mobilidade-urbana\"},\"wordCount\":298,\"commentCount\":0,\"publisher\":{\"@id\":\"https:\\\/\\\/redenoticiaz.com.br\\\/ribeiraopreto-regiao\\\/#organization\"},\"image\":{\"@id\":\"https:\\\/\\\/redenoticiaz.com.br\\\/ribeiraopreto-regiao\\\/sp\\\/2022\\\/11\\\/28\\\/com-reforma-administrativa-prefeitura-tera-departamento-focado-na-mobilidade-urbana#primaryimage\"},\"thumbnailUrl\":\"https:\\\/\\\/redenoticiaz.com.br\\\/ribeiraopreto-regiao\\\/wp-content\\\/uploads\\\/sites\\\/4\\\/2022\\\/11\\\/reforma-pcd.jpeg\",\"keywords\":[\"ACESSIBILIDADE\",\"Mobilidade\",\"PCD\",\"REFORMA ADMINISTRATIVA\"],\"articleSection\":[\"Obras\"],\"inLanguage\":\"pt-BR\",\"potentialAction\":[{\"@type\":\"CommentAction\",\"name\":\"Comment\",\"target\":[\"https:\\\/\\\/redenoticiaz.com.br\\\/ribeiraopreto-regiao\\\/sp\\\/2022\\\/11\\\/28\\\/com-reforma-administrativa-prefeitura-tera-departamento-focado-na-mobilidade-urbana#respond\"]}]},{\"@type\":\"WebPage\",\"@id\":\"https:\\\/\\\/redenoticiaz.com.br\\\/ribeiraopreto-regiao\\\/sp\\\/2022\\\/11\\\/28\\\/com-reforma-administrativa-prefeitura-tera-departamento-focado-na-mobilidade-urbana\",\"url\":\"https:\\\/\\\/redenoticiaz.com.br\\\/ribeiraopreto-regiao\\\/sp\\\/2022\\\/11\\\/28\\\/com-reforma-administrativa-prefeitura-tera-departamento-focado-na-mobilidade-urbana\",\"name\":\"Com reforma administrativa, prefeitura ter\u00e1 departamento focado na mobilidade urbana - Ribeir\u00e3o Preto e Regi\u00e3o\",\"isPartOf\":{\"@id\":\"https:\\\/\\\/redenoticiaz.com.br\\\/ribeiraopreto-regiao\\\/#website\"},\"primaryImageOfPage\":{\"@id\":\"https:\\\/\\\/redenoticiaz.com.br\\\/ribeiraopreto-regiao\\\/sp\\\/2022\\\/11\\\/28\\\/com-reforma-administrativa-prefeitura-tera-departamento-focado-na-mobilidade-urbana#primaryimage\"},\"image\":{\"@id\":\"https:\\\/\\\/redenoticiaz.com.br\\\/ribeiraopreto-regiao\\\/sp\\\/2022\\\/11\\\/28\\\/com-reforma-administrativa-prefeitura-tera-departamento-focado-na-mobilidade-urbana#primaryimage\"},\"thumbnailUrl\":\"https:\\\/\\\/redenoticiaz.com.br\\\/ribeiraopreto-regiao\\\/wp-content\\\/uploads\\\/sites\\\/4\\\/2022\\\/11\\\/reforma-pcd.jpeg\",\"datePublished\":\"2022-11-28T16:29:29+00:00\",\"dateModified\":\"2022-11-28T16:34:31+00:00\",\"description\":\"A reforma administrativa da prefeitura, agora, o governo ter\u00e1 o departamento de Arquitetura, Urbanismo e Mobilidade Urbana\",\"inLanguage\":\"pt-BR\",\"potentialAction\":[{\"@type\":\"ReadAction\",\"target\":[\"https:\\\/\\\/redenoticiaz.com.br\\\/ribeiraopreto-regiao\\\/sp\\\/2022\\\/11\\\/28\\\/com-reforma-administrativa-prefeitura-tera-departamento-focado-na-mobilidade-urbana\"]}]},{\"@type\":\"ImageObject\",\"inLanguage\":\"pt-BR\",\"@id\":\"https:\\\/\\\/redenoticiaz.com.br\\\/ribeiraopreto-regiao\\\/sp\\\/2022\\\/11\\\/28\\\/com-reforma-administrativa-prefeitura-tera-departamento-focado-na-mobilidade-urbana#primaryimage\",\"url\":\"https:\\\/\\\/redenoticiaz.com.br\\\/ribeiraopreto-regiao\\\/wp-content\\\/uploads\\\/sites\\\/4\\\/2022\\\/11\\\/reforma-pcd.jpeg\",\"contentUrl\":\"https:\\\/\\\/redenoticiaz.com.br\\\/ribeiraopreto-regiao\\\/wp-content\\\/uploads\\\/sites\\\/4\\\/2022\\\/11\\\/reforma-pcd.jpeg\",\"width\":1000,\"height\":667,\"caption\":\"Mobilidade Urbana. Cr\u00e9dito: Divulga\u00e7\u00e3o\"},{\"@type\":\"WebSite\",\"@id\":\"https:\\\/\\\/redenoticiaz.com.br\\\/ribeiraopreto-regiao\\\/#website\",\"url\":\"https:\\\/\\\/redenoticiaz.com.br\\\/ribeiraopreto-regiao\\\/\",\"name\":\"Ribeir\u00e3o Preto e Regi\u00e3o\",\"description\":\"Rede NoticiaZ - Ribeir\u00e3o Preto e regi\u00e3o\",\"publisher\":{\"@id\":\"https:\\\/\\\/redenoticiaz.com.br\\\/ribeiraopreto-regiao\\\/#organization\"},\"potentialAction\":[{\"@type\":\"SearchAction\",\"target\":{\"@type\":\"EntryPoint\",\"urlTemplate\":\"https:\\\/\\\/redenoticiaz.com.br\\\/ribeiraopreto-regiao\\\/?s={search_term_string}\"},\"query-input\":{\"@type\":\"PropertyValueSpecification\",\"valueRequired\":true,\"valueName\":\"search_term_string\"}}],\"inLanguage\":\"pt-BR\"},{\"@type\":\"Organization\",\"@id\":\"https:\\\/\\\/redenoticiaz.com.br\\\/ribeiraopreto-regiao\\\/#organization\",\"name\":\"Ribeir\u00e3o Preto e Regi\u00e3o\",\"url\":\"https:\\\/\\\/redenoticiaz.com.br\\\/ribeiraopreto-regiao\\\/\",\"logo\":{\"@type\":\"ImageObject\",\"inLanguage\":\"pt-BR\",\"@id\":\"https:\\\/\\\/redenoticiaz.com.br\\\/ribeiraopreto-regiao\\\/#\\\/schema\\\/logo\\\/image\\\/\",\"url\":\"https:\\\/\\\/redenoticiaz.com.br\\\/barretos-regiao\\\/wp-content\\\/uploads\\\/sites\\\/4\\\/2022\\\/02\\\/logo.jpg\",\"contentUrl\":\"https:\\\/\\\/redenoticiaz.com.br\\\/barretos-regiao\\\/wp-content\\\/uploads\\\/sites\\\/4\\\/2022\\\/02\\\/logo.jpg\",\"width\":400,\"height\":250,\"caption\":\"Ribeir\u00e3o Preto e Regi\u00e3o\"},\"image\":{\"@id\":\"https:\\\/\\\/redenoticiaz.com.br\\\/ribeiraopreto-regiao\\\/#\\\/schema\\\/logo\\\/image\\\/\"},\"sameAs\":[\"https:\\\/\\\/m.facebook.com\\\/redenoticiaz.barretos\",\"https:\\\/\\\/x.com\\\/RN_barretos\",\"https:\\\/\\\/www.instagram.com\\\/redenoticiaz.barretos\\\/?igshid=YmMyMTA2M2Y\",\"https:\\\/\\\/www.linkedin.com\\\/company\\\/rede-noticiaz-barretos-e-regio\\\/\"]},{\"@type\":\"Person\",\"@id\":\"\",\"url\":\"https:\\\/\\\/redenoticiaz.com.br\\\/ribeiraopreto-regiao\\\/sp\\\/author\"}]}<\/script>\n<!-- \/ Yoast SEO plugin. -->","yoast_head_json":{"title":"Com reforma administrativa, prefeitura ter\u00e1 departamento focado na mobilidade urbana - Ribeir\u00e3o Preto e Regi\u00e3o","description":"A reforma administrativa da prefeitura, agora, o governo ter\u00e1 o departamento de Arquitetura, Urbanismo e Mobilidade Urbana","robots":{"index":"index","follow":"follow","max-snippet":"max-snippet:-1","max-image-preview":"max-image-preview:large","max-video-preview":"max-video-preview:-1"},"canonical":"https:\/\/redenoticiaz.com.br\/ribeiraopreto-regiao\/sp\/2022\/11\/28\/com-reforma-administrativa-prefeitura-tera-departamento-focado-na-mobilidade-urbana","og_locale":"pt_BR","og_type":"article","og_title":"Com reforma administrativa, prefeitura ter\u00e1 departamento focado na mobilidade urbana - Ribeir\u00e3o Preto e Regi\u00e3o","og_description":"A reforma administrativa da prefeitura, agora, o governo ter\u00e1 o departamento de Arquitetura, Urbanismo e Mobilidade Urbana","og_url":"https:\/\/redenoticiaz.com.br\/ribeiraopreto-regiao\/sp\/2022\/11\/28\/com-reforma-administrativa-prefeitura-tera-departamento-focado-na-mobilidade-urbana","og_site_name":"Ribeir\u00e3o Preto e Regi\u00e3o","article_publisher":"https:\/\/m.facebook.com\/redenoticiaz.barretos","article_published_time":"2022-11-28T16:29:29+00:00","article_modified_time":"2022-11-28T16:34:31+00:00","og_image":[{"width":1000,"height":667,"url":"https:\/\/redenoticiaz.com.br\/ribeiraopreto-regiao\/wp-content\/uploads\/sites\/4\/2022\/11\/reforma-pcd.jpeg","type":"image\/jpeg"}],"twitter_card":"summary_large_image","twitter_creator":"@RN_barretos","twitter_site":"@RN_barretos","twitter_misc":{"Escrito por":"","Est. tempo de leitura":"2 minutos"},"schema":{"@context":"https:\/\/schema.org","@graph":[{"@type":"Article","@id":"https:\/\/redenoticiaz.com.br\/ribeiraopreto-regiao\/sp\/2022\/11\/28\/com-reforma-administrativa-prefeitura-tera-departamento-focado-na-mobilidade-urbana#article","isPartOf":{"@id":"https:\/\/redenoticiaz.com.br\/ribeiraopreto-regiao\/sp\/2022\/11\/28\/com-reforma-administrativa-prefeitura-tera-departamento-focado-na-mobilidade-urbana"},"author":{"name":"","@id":""},"headline":"Com reforma administrativa, prefeitura ter\u00e1 departamento focado na mobilidade urbana","datePublished":"2022-11-28T16:29:29+00:00","dateModified":"2022-11-28T16:34:31+00:00","mainEntityOfPage":{"@id":"https:\/\/redenoticiaz.com.br\/ribeiraopreto-regiao\/sp\/2022\/11\/28\/com-reforma-administrativa-prefeitura-tera-departamento-focado-na-mobilidade-urbana"},"wordCount":298,"commentCount":0,"publisher":{"@id":"https:\/\/redenoticiaz.com.br\/ribeiraopreto-regiao\/#organization"},"image":{"@id":"https:\/\/redenoticiaz.com.br\/ribeiraopreto-regiao\/sp\/2022\/11\/28\/com-reforma-administrativa-prefeitura-tera-departamento-focado-na-mobilidade-urbana#primaryimage"},"thumbnailUrl":"https:\/\/redenoticiaz.com.br\/ribeiraopreto-regiao\/wp-content\/uploads\/sites\/4\/2022\/11\/reforma-pcd.jpeg","keywords":["ACESSIBILIDADE","Mobilidade","PCD","REFORMA ADMINISTRATIVA"],"articleSection":["Obras"],"inLanguage":"pt-BR","potentialAction":[{"@type":"CommentAction","name":"Comment","target":["https:\/\/redenoticiaz.com.br\/ribeiraopreto-regiao\/sp\/2022\/11\/28\/com-reforma-administrativa-prefeitura-tera-departamento-focado-na-mobilidade-urbana#respond"]}]},{"@type":"WebPage","@id":"https:\/\/redenoticiaz.com.br\/ribeiraopreto-regiao\/sp\/2022\/11\/28\/com-reforma-administrativa-prefeitura-tera-departamento-focado-na-mobilidade-urbana","url":"https:\/\/redenoticiaz.com.br\/ribeiraopreto-regiao\/sp\/2022\/11\/28\/com-reforma-administrativa-prefeitura-tera-departamento-focado-na-mobilidade-urbana","name":"Com reforma administrativa, prefeitura ter\u00e1 departamento focado na mobilidade urbana - Ribeir\u00e3o Preto e Regi\u00e3o","isPartOf":{"@id":"https:\/\/redenoticiaz.com.br\/ribeiraopreto-regiao\/#website"},"primaryImageOfPage":{"@id":"https:\/\/redenoticiaz.com.br\/ribeiraopreto-regiao\/sp\/2022\/11\/28\/com-reforma-administrativa-prefeitura-tera-departamento-focado-na-mobilidade-urbana#primaryimage"},"image":{"@id":"https:\/\/redenoticiaz.com.br\/ribeiraopreto-regiao\/sp\/2022\/11\/28\/com-reforma-administrativa-prefeitura-tera-departamento-focado-na-mobilidade-urbana#primaryimage"},"thumbnailUrl":"https:\/\/redenoticiaz.com.br\/ribeiraopreto-regiao\/wp-content\/uploads\/sites\/4\/2022\/11\/reforma-pcd.jpeg","datePublished":"2022-11-28T16:29:29+00:00","dateModified":"2022-11-28T16:34:31+00:00","description":"A reforma administrativa da prefeitura, agora, o governo ter\u00e1 o departamento de Arquitetura, Urbanismo e Mobilidade Urbana","inLanguage":"pt-BR","potentialAction":[{"@type":"ReadAction","target":["https:\/\/redenoticiaz.com.br\/ribeiraopreto-regiao\/sp\/2022\/11\/28\/com-reforma-administrativa-prefeitura-tera-departamento-focado-na-mobilidade-urbana"]}]},{"@type":"ImageObject","inLanguage":"pt-BR","@id":"https:\/\/redenoticiaz.com.br\/ribeiraopreto-regiao\/sp\/2022\/11\/28\/com-reforma-administrativa-prefeitura-tera-departamento-focado-na-mobilidade-urbana#primaryimage","url":"https:\/\/redenoticiaz.com.br\/ribeiraopreto-regiao\/wp-content\/uploads\/sites\/4\/2022\/11\/reforma-pcd.jpeg","contentUrl":"https:\/\/redenoticiaz.com.br\/ribeiraopreto-regiao\/wp-content\/uploads\/sites\/4\/2022\/11\/reforma-pcd.jpeg","width":1000,"height":667,"caption":"Mobilidade Urbana. Cr\u00e9dito: Divulga\u00e7\u00e3o"},{"@type":"WebSite","@id":"https:\/\/redenoticiaz.com.br\/ribeiraopreto-regiao\/#website","url":"https:\/\/redenoticiaz.com.br\/ribeiraopreto-regiao\/","name":"Ribeir\u00e3o Preto e Regi\u00e3o","description":"Rede NoticiaZ - Ribeir\u00e3o Preto e regi\u00e3o","publisher":{"@id":"https:\/\/redenoticiaz.com.br\/ribeiraopreto-regiao\/#organization"},"potentialAction":[{"@type":"SearchAction","target":{"@type":"EntryPoint","urlTemplate":"https:\/\/redenoticiaz.com.br\/ribeiraopreto-regiao\/?s={search_term_string}"},"query-input":{"@type":"PropertyValueSpecification","valueRequired":true,"valueName":"search_term_string"}}],"inLanguage":"pt-BR"},{"@type":"Organization","@id":"https:\/\/redenoticiaz.com.br\/ribeiraopreto-regiao\/#organization","name":"Ribeir\u00e3o Preto e Regi\u00e3o","url":"https:\/\/redenoticiaz.com.br\/ribeiraopreto-regiao\/","logo":{"@type":"ImageObject","inLanguage":"pt-BR","@id":"https:\/\/redenoticiaz.com.br\/ribeiraopreto-regiao\/#\/schema\/logo\/image\/","url":"https:\/\/redenoticiaz.com.br\/barretos-regiao\/wp-content\/uploads\/sites\/4\/2022\/02\/logo.jpg","contentUrl":"https:\/\/redenoticiaz.com.br\/barretos-regiao\/wp-content\/uploads\/sites\/4\/2022\/02\/logo.jpg","width":400,"height":250,"caption":"Ribeir\u00e3o Preto e Regi\u00e3o"},"image":{"@id":"https:\/\/redenoticiaz.com.br\/ribeiraopreto-regiao\/#\/schema\/logo\/image\/"},"sameAs":["https:\/\/m.facebook.com\/redenoticiaz.barretos","https:\/\/x.com\/RN_barretos","https:\/\/www.instagram.com\/redenoticiaz.barretos\/?igshid=YmMyMTA2M2Y","https:\/\/www.linkedin.com\/company\/rede-noticiaz-barretos-e-regio\/"]},{"@type":"Person","@id":"","url":"https:\/\/redenoticiaz.com.br\/ribeiraopreto-regiao\/sp\/author"}]}},"_links":{"self":[{"href":"https:\/\/redenoticiaz.com.br\/ribeiraopreto-regiao\/wp-json\/wp\/v2\/posts\/95874","targetHints":{"allow":["GET"]}}],"collection":[{"href":"https:\/\/redenoticiaz.com.br\/ribeiraopreto-regiao\/wp-json\/wp\/v2\/posts"}],"about":[{"href":"https:\/\/redenoticiaz.com.br\/ribeiraopreto-regiao\/wp-json\/wp\/v2\/types\/post"}],"author":[{"embeddable":true,"href":"https:\/\/redenoticiaz.com.br\/ribeiraopreto-regiao\/wp-json\/wp\/v2\/users\/15"}],"replies":[{"embeddable":true,"href":"https:\/\/redenoticiaz.com.br\/ribeiraopreto-regiao\/wp-json\/wp\/v2\/comments?post=95874"}],"version-history":[{"count":1,"href":"https:\/\/redenoticiaz.com.br\/ribeiraopreto-regiao\/wp-json\/wp\/v2\/posts\/95874\/revisions"}],"predecessor-version":[{"id":95876,"href":"https:\/\/redenoticiaz.com.br\/ribeiraopreto-regiao\/wp-json\/wp\/v2\/posts\/95874\/revisions\/95876"}],"wp:featuredmedia":[{"embeddable":true,"href":"https:\/\/redenoticiaz.com.br\/ribeiraopreto-regiao\/wp-json\/wp\/v2\/media\/95875"}],"wp:attachment":[{"href":"https:\/\/redenoticiaz.com.br\/ribeiraopreto-regiao\/wp-json\/wp\/v2\/media?parent=95874"}],"wp:term":[{"taxonomy":"category","embeddable":true,"href":"https:\/\/redenoticiaz.com.br\/ribeiraopreto-regiao\/wp-json\/wp\/v2\/categories?post=95874"},{"taxonomy":"post_tag","embeddable":true,"href":"https:\/\/redenoticiaz.com.br\/ribeiraopreto-regiao\/wp-json\/wp\/v2\/tags?post=95874"}],"curies":[{"name":"wp","href":"https:\/\/api.w.org\/{rel}","templated":true}]}}