{"id":95901,"date":"2022-11-28T16:33:37","date_gmt":"2022-11-28T19:33:37","guid":{"rendered":"https:\/\/redenoticiaz.com.br\/barretos-regiao\/?p=95901"},"modified":"2022-11-28T16:33:37","modified_gmt":"2022-11-28T19:33:37","slug":"equipe-barretense-de-mtb-conquista-bons-resultados-em-ubarana-sp","status":"publish","type":"post","link":"https:\/\/redenoticiaz.com.br\/ribeiraopreto-regiao\/sp\/2022\/11\/28\/equipe-barretense-de-mtb-conquista-bons-resultados-em-ubarana-sp","title":{"rendered":"Equipe barretense de MTB conquista bons resultados em Ubarana, SP"},"content":{"rendered":"<div>A equipe da Est\u00e2ncia Tur\u00edstica de Barretos de MTB (Mountain bike) conquistou bons resultados na 6\u00aa edi\u00e7\u00e3o do MTB Ubarana, realizado no domingo, 27 de novembro, na cidade de Ubarana\/SP.<\/div>\n<div><\/div>\n<div>No desafio, os ciclistas encontraram uma prova r\u00e1pida e cheia de grandes nomes do ciclismo regional. O destaque ficou para os barretenses Rodrigo Toneloto, campe\u00e3o na Categoria Sub-45; Fl\u00e1vio de Paula Caloche (Ice Man), campe\u00e3o Sub-50 e Carol Horse, Vice-Campe\u00e3 Geral Feminino.<\/div>\n<div><\/div>\n<div>Os atletas agradeceram o apoio do secret\u00e1rio municipal de Esportes e Lazer, Tony Vieira Carvalho, e da Prefeita<\/div>\n<div>Paula Lemos, que possibilitou a viagem da equipe. Confira as classifica\u00e7\u00f5es:<\/div>\n<div><\/div>\n<div>Cleber Prieto (Birruga) &#8211; 4\u00b0 Colocado Geral Masculino<\/div>\n<div>Rodrigo Toneloto &#8211; Campe\u00e3o Categoria Sub 45<\/div>\n<div>Eduardo S. de Queiroz &#8211; 3\u00b0 Colocado Sub 45<\/div>\n<div>Bruno Garcia &#8211; 4\u00b0 Colocado Sub 45<\/div>\n<div>Ana Carolina (Carol Horse) &#8211; Vice Campe\u00e3 Geral Feminino<\/div>\n<div>Fl\u00e1vio de Paula Caloche (Ice Man) &#8211; Campe\u00e3o Sub 50<\/div>\n<div>Danilo Deroco &#8211; 9\u00b0 Colocado Sub 35<\/div>\n<div><\/div>\n<div>VEJA TAMB\u00c9M:\u00a0<a href=\"https:\/\/redenoticiaz.com.br\/barretos-regiao\/sp\/2022\/11\/28\/brasil-garante-vaga-nas-oitavas-apos-vitoria-contra-suica\">Brasil garante vaga nas oitavas ap\u00f3s vit\u00f3ria contra Su\u00ed\u00e7a<\/a><\/div>\n","protected":false},"excerpt":{"rendered":"<p>A equipe da Est\u00e2ncia Tur\u00edstica de Barretos de MTB (Mountain bike) conquistou bons resultados na 6\u00aa edi\u00e7\u00e3o do MTB Ubarana, realizado no domingo, 27 de novembro, na cidade de Ubarana\/SP. No desafio, os ciclistas encontraram uma prova r\u00e1pida e cheia de grandes nomes do ciclismo regional. O destaque ficou para os barretenses Rodrigo Toneloto, campe\u00e3o &hellip;<\/p>\n","protected":false},"author":15,"featured_media":95902,"comment_status":"open","ping_status":"closed","sticky":false,"template":"","format":"standard","meta":{"footnotes":""},"categories":[87],"tags":[22437,17366,22436,22438],"class_list":["post-95901","post","type-post","status-publish","format-standard","has-post-thumbnail","hentry","category-esporte","tag-atlatas","tag-ciclismo","tag-mtb","tag-prova-rapida"],"yoast_head":"<!-- This site is optimized with the Yoast SEO plugin v27.4 - https:\/\/yoast.com\/product\/yoast-seo-wordpress\/ -->\n<title>Equipe barretense de MTB conquista bons resultados em Ubarana, SP - Ribeir\u00e3o Preto e Regi\u00e3o<\/title>\n<meta name=\"description\" content=\"A equipe da Est\u00e2ncia Tur\u00edstica de Barretos de MTB (Mountain bike) conquistou bons resultados na 6\u00aa edi\u00e7\u00e3o do MTB Ubarana...\" \/>\n<meta name=\"robots\" content=\"index, follow, max-snippet:-1, max-image-preview:large, max-video-preview:-1\" \/>\n<link rel=\"canonical\" href=\"https:\/\/redenoticiaz.com.br\/ribeiraopreto-regiao\/sp\/2022\/11\/28\/equipe-barretense-de-mtb-conquista-bons-resultados-em-ubarana-sp\" \/>\n<meta property=\"og:locale\" content=\"pt_BR\" \/>\n<meta property=\"og:type\" content=\"article\" \/>\n<meta property=\"og:title\" content=\"Equipe barretense de MTB conquista bons resultados em Ubarana, SP - Ribeir\u00e3o Preto e Regi\u00e3o\" \/>\n<meta property=\"og:description\" content=\"A equipe da Est\u00e2ncia Tur\u00edstica de Barretos de MTB (Mountain bike) conquistou bons resultados na 6\u00aa edi\u00e7\u00e3o do MTB Ubarana...\" \/>\n<meta property=\"og:url\" content=\"https:\/\/redenoticiaz.com.br\/ribeiraopreto-regiao\/sp\/2022\/11\/28\/equipe-barretense-de-mtb-conquista-bons-resultados-em-ubarana-sp\" \/>\n<meta property=\"og:site_name\" content=\"Ribeir\u00e3o Preto e Regi\u00e3o\" \/>\n<meta property=\"article:publisher\" content=\"https:\/\/m.facebook.com\/redenoticiaz.barretos\" \/>\n<meta property=\"article:published_time\" content=\"2022-11-28T19:33:37+00:00\" \/>\n<meta property=\"og:image\" content=\"https:\/\/redenoticiaz.com.br\/ribeiraopreto-regiao\/wp-content\/uploads\/sites\/4\/2022\/11\/149e9677a5989fd342ae44213df68868.jpeg\" \/>\n\t<meta property=\"og:image:width\" content=\"986\" \/>\n\t<meta property=\"og:image:height\" content=\"1080\" \/>\n\t<meta property=\"og:image:type\" content=\"image\/jpeg\" \/>\n<meta name=\"twitter:card\" content=\"summary_large_image\" \/>\n<meta name=\"twitter:creator\" content=\"@RN_barretos\" \/>\n<meta name=\"twitter:site\" content=\"@RN_barretos\" \/>\n<meta name=\"twitter:label1\" content=\"Escrito por\" \/>\n\t<meta name=\"twitter:data1\" content=\"\" \/>\n\t<meta name=\"twitter:label2\" content=\"Est. tempo de leitura\" \/>\n\t<meta name=\"twitter:data2\" content=\"1 minuto\" \/>\n<script type=\"application\/ld+json\" class=\"yoast-schema-graph\">{\"@context\":\"https:\\\/\\\/schema.org\",\"@graph\":[{\"@type\":\"Article\",\"@id\":\"https:\\\/\\\/redenoticiaz.com.br\\\/ribeiraopreto-regiao\\\/sp\\\/2022\\\/11\\\/28\\\/equipe-barretense-de-mtb-conquista-bons-resultados-em-ubarana-sp#article\",\"isPartOf\":{\"@id\":\"https:\\\/\\\/redenoticiaz.com.br\\\/ribeiraopreto-regiao\\\/sp\\\/2022\\\/11\\\/28\\\/equipe-barretense-de-mtb-conquista-bons-resultados-em-ubarana-sp\"},\"author\":{\"name\":\"\",\"@id\":\"\"},\"headline\":\"Equipe barretense de MTB conquista bons resultados em Ubarana, SP\",\"datePublished\":\"2022-11-28T19:33:37+00:00\",\"mainEntityOfPage\":{\"@id\":\"https:\\\/\\\/redenoticiaz.com.br\\\/ribeiraopreto-regiao\\\/sp\\\/2022\\\/11\\\/28\\\/equipe-barretense-de-mtb-conquista-bons-resultados-em-ubarana-sp\"},\"wordCount\":185,\"commentCount\":0,\"publisher\":{\"@id\":\"https:\\\/\\\/redenoticiaz.com.br\\\/ribeiraopreto-regiao\\\/#organization\"},\"image\":{\"@id\":\"https:\\\/\\\/redenoticiaz.com.br\\\/ribeiraopreto-regiao\\\/sp\\\/2022\\\/11\\\/28\\\/equipe-barretense-de-mtb-conquista-bons-resultados-em-ubarana-sp#primaryimage\"},\"thumbnailUrl\":\"https:\\\/\\\/redenoticiaz.com.br\\\/ribeiraopreto-regiao\\\/wp-content\\\/uploads\\\/sites\\\/4\\\/2022\\\/11\\\/149e9677a5989fd342ae44213df68868.jpeg\",\"keywords\":[\"ATLATAS\",\"CICLISMO\",\"MTB\",\"PROVA R\u00c1PIDA\"],\"articleSection\":[\"Esporte\"],\"inLanguage\":\"pt-BR\",\"potentialAction\":[{\"@type\":\"CommentAction\",\"name\":\"Comment\",\"target\":[\"https:\\\/\\\/redenoticiaz.com.br\\\/ribeiraopreto-regiao\\\/sp\\\/2022\\\/11\\\/28\\\/equipe-barretense-de-mtb-conquista-bons-resultados-em-ubarana-sp#respond\"]}]},{\"@type\":\"WebPage\",\"@id\":\"https:\\\/\\\/redenoticiaz.com.br\\\/ribeiraopreto-regiao\\\/sp\\\/2022\\\/11\\\/28\\\/equipe-barretense-de-mtb-conquista-bons-resultados-em-ubarana-sp\",\"url\":\"https:\\\/\\\/redenoticiaz.com.br\\\/ribeiraopreto-regiao\\\/sp\\\/2022\\\/11\\\/28\\\/equipe-barretense-de-mtb-conquista-bons-resultados-em-ubarana-sp\",\"name\":\"Equipe barretense de MTB conquista bons resultados em Ubarana, SP - Ribeir\u00e3o Preto e Regi\u00e3o\",\"isPartOf\":{\"@id\":\"https:\\\/\\\/redenoticiaz.com.br\\\/ribeiraopreto-regiao\\\/#website\"},\"primaryImageOfPage\":{\"@id\":\"https:\\\/\\\/redenoticiaz.com.br\\\/ribeiraopreto-regiao\\\/sp\\\/2022\\\/11\\\/28\\\/equipe-barretense-de-mtb-conquista-bons-resultados-em-ubarana-sp#primaryimage\"},\"image\":{\"@id\":\"https:\\\/\\\/redenoticiaz.com.br\\\/ribeiraopreto-regiao\\\/sp\\\/2022\\\/11\\\/28\\\/equipe-barretense-de-mtb-conquista-bons-resultados-em-ubarana-sp#primaryimage\"},\"thumbnailUrl\":\"https:\\\/\\\/redenoticiaz.com.br\\\/ribeiraopreto-regiao\\\/wp-content\\\/uploads\\\/sites\\\/4\\\/2022\\\/11\\\/149e9677a5989fd342ae44213df68868.jpeg\",\"datePublished\":\"2022-11-28T19:33:37+00:00\",\"description\":\"A equipe da Est\u00e2ncia Tur\u00edstica de Barretos de MTB (Mountain bike) conquistou bons resultados na 6\u00aa edi\u00e7\u00e3o do MTB Ubarana...\",\"inLanguage\":\"pt-BR\",\"potentialAction\":[{\"@type\":\"ReadAction\",\"target\":[\"https:\\\/\\\/redenoticiaz.com.br\\\/ribeiraopreto-regiao\\\/sp\\\/2022\\\/11\\\/28\\\/equipe-barretense-de-mtb-conquista-bons-resultados-em-ubarana-sp\"]}]},{\"@type\":\"ImageObject\",\"inLanguage\":\"pt-BR\",\"@id\":\"https:\\\/\\\/redenoticiaz.com.br\\\/ribeiraopreto-regiao\\\/sp\\\/2022\\\/11\\\/28\\\/equipe-barretense-de-mtb-conquista-bons-resultados-em-ubarana-sp#primaryimage\",\"url\":\"https:\\\/\\\/redenoticiaz.com.br\\\/ribeiraopreto-regiao\\\/wp-content\\\/uploads\\\/sites\\\/4\\\/2022\\\/11\\\/149e9677a5989fd342ae44213df68868.jpeg\",\"contentUrl\":\"https:\\\/\\\/redenoticiaz.com.br\\\/ribeiraopreto-regiao\\\/wp-content\\\/uploads\\\/sites\\\/4\\\/2022\\\/11\\\/149e9677a5989fd342ae44213df68868.jpeg\",\"width\":986,\"height\":1080,\"caption\":\"Cr\u00e9dito: Divulga\u00e7\u00e3o\"},{\"@type\":\"WebSite\",\"@id\":\"https:\\\/\\\/redenoticiaz.com.br\\\/ribeiraopreto-regiao\\\/#website\",\"url\":\"https:\\\/\\\/redenoticiaz.com.br\\\/ribeiraopreto-regiao\\\/\",\"name\":\"Ribeir\u00e3o Preto e Regi\u00e3o\",\"description\":\"Rede NoticiaZ - Ribeir\u00e3o Preto e regi\u00e3o\",\"publisher\":{\"@id\":\"https:\\\/\\\/redenoticiaz.com.br\\\/ribeiraopreto-regiao\\\/#organization\"},\"potentialAction\":[{\"@type\":\"SearchAction\",\"target\":{\"@type\":\"EntryPoint\",\"urlTemplate\":\"https:\\\/\\\/redenoticiaz.com.br\\\/ribeiraopreto-regiao\\\/?s={search_term_string}\"},\"query-input\":{\"@type\":\"PropertyValueSpecification\",\"valueRequired\":true,\"valueName\":\"search_term_string\"}}],\"inLanguage\":\"pt-BR\"},{\"@type\":\"Organization\",\"@id\":\"https:\\\/\\\/redenoticiaz.com.br\\\/ribeiraopreto-regiao\\\/#organization\",\"name\":\"Ribeir\u00e3o Preto e Regi\u00e3o\",\"url\":\"https:\\\/\\\/redenoticiaz.com.br\\\/ribeiraopreto-regiao\\\/\",\"logo\":{\"@type\":\"ImageObject\",\"inLanguage\":\"pt-BR\",\"@id\":\"https:\\\/\\\/redenoticiaz.com.br\\\/ribeiraopreto-regiao\\\/#\\\/schema\\\/logo\\\/image\\\/\",\"url\":\"https:\\\/\\\/redenoticiaz.com.br\\\/barretos-regiao\\\/wp-content\\\/uploads\\\/sites\\\/4\\\/2022\\\/02\\\/logo.jpg\",\"contentUrl\":\"https:\\\/\\\/redenoticiaz.com.br\\\/barretos-regiao\\\/wp-content\\\/uploads\\\/sites\\\/4\\\/2022\\\/02\\\/logo.jpg\",\"width\":400,\"height\":250,\"caption\":\"Ribeir\u00e3o Preto e Regi\u00e3o\"},\"image\":{\"@id\":\"https:\\\/\\\/redenoticiaz.com.br\\\/ribeiraopreto-regiao\\\/#\\\/schema\\\/logo\\\/image\\\/\"},\"sameAs\":[\"https:\\\/\\\/m.facebook.com\\\/redenoticiaz.barretos\",\"https:\\\/\\\/x.com\\\/RN_barretos\",\"https:\\\/\\\/www.instagram.com\\\/redenoticiaz.barretos\\\/?igshid=YmMyMTA2M2Y\",\"https:\\\/\\\/www.linkedin.com\\\/company\\\/rede-noticiaz-barretos-e-regio\\\/\"]},{\"@type\":\"Person\",\"@id\":\"\",\"url\":\"https:\\\/\\\/redenoticiaz.com.br\\\/ribeiraopreto-regiao\\\/sp\\\/author\"}]}<\/script>\n<!-- \/ Yoast SEO plugin. -->","yoast_head_json":{"title":"Equipe barretense de MTB conquista bons resultados em Ubarana, SP - Ribeir\u00e3o Preto e Regi\u00e3o","description":"A equipe da Est\u00e2ncia Tur\u00edstica de Barretos de MTB (Mountain bike) conquistou bons resultados na 6\u00aa edi\u00e7\u00e3o do MTB Ubarana...","robots":{"index":"index","follow":"follow","max-snippet":"max-snippet:-1","max-image-preview":"max-image-preview:large","max-video-preview":"max-video-preview:-1"},"canonical":"https:\/\/redenoticiaz.com.br\/ribeiraopreto-regiao\/sp\/2022\/11\/28\/equipe-barretense-de-mtb-conquista-bons-resultados-em-ubarana-sp","og_locale":"pt_BR","og_type":"article","og_title":"Equipe barretense de MTB conquista bons resultados em Ubarana, SP - Ribeir\u00e3o Preto e Regi\u00e3o","og_description":"A equipe da Est\u00e2ncia Tur\u00edstica de Barretos de MTB (Mountain bike) conquistou bons resultados na 6\u00aa edi\u00e7\u00e3o do MTB Ubarana...","og_url":"https:\/\/redenoticiaz.com.br\/ribeiraopreto-regiao\/sp\/2022\/11\/28\/equipe-barretense-de-mtb-conquista-bons-resultados-em-ubarana-sp","og_site_name":"Ribeir\u00e3o Preto e Regi\u00e3o","article_publisher":"https:\/\/m.facebook.com\/redenoticiaz.barretos","article_published_time":"2022-11-28T19:33:37+00:00","og_image":[{"width":986,"height":1080,"url":"https:\/\/redenoticiaz.com.br\/ribeiraopreto-regiao\/wp-content\/uploads\/sites\/4\/2022\/11\/149e9677a5989fd342ae44213df68868.jpeg","type":"image\/jpeg"}],"twitter_card":"summary_large_image","twitter_creator":"@RN_barretos","twitter_site":"@RN_barretos","twitter_misc":{"Escrito por":"","Est. tempo de leitura":"1 minuto"},"schema":{"@context":"https:\/\/schema.org","@graph":[{"@type":"Article","@id":"https:\/\/redenoticiaz.com.br\/ribeiraopreto-regiao\/sp\/2022\/11\/28\/equipe-barretense-de-mtb-conquista-bons-resultados-em-ubarana-sp#article","isPartOf":{"@id":"https:\/\/redenoticiaz.com.br\/ribeiraopreto-regiao\/sp\/2022\/11\/28\/equipe-barretense-de-mtb-conquista-bons-resultados-em-ubarana-sp"},"author":{"name":"","@id":""},"headline":"Equipe barretense de MTB conquista bons resultados em Ubarana, SP","datePublished":"2022-11-28T19:33:37+00:00","mainEntityOfPage":{"@id":"https:\/\/redenoticiaz.com.br\/ribeiraopreto-regiao\/sp\/2022\/11\/28\/equipe-barretense-de-mtb-conquista-bons-resultados-em-ubarana-sp"},"wordCount":185,"commentCount":0,"publisher":{"@id":"https:\/\/redenoticiaz.com.br\/ribeiraopreto-regiao\/#organization"},"image":{"@id":"https:\/\/redenoticiaz.com.br\/ribeiraopreto-regiao\/sp\/2022\/11\/28\/equipe-barretense-de-mtb-conquista-bons-resultados-em-ubarana-sp#primaryimage"},"thumbnailUrl":"https:\/\/redenoticiaz.com.br\/ribeiraopreto-regiao\/wp-content\/uploads\/sites\/4\/2022\/11\/149e9677a5989fd342ae44213df68868.jpeg","keywords":["ATLATAS","CICLISMO","MTB","PROVA R\u00c1PIDA"],"articleSection":["Esporte"],"inLanguage":"pt-BR","potentialAction":[{"@type":"CommentAction","name":"Comment","target":["https:\/\/redenoticiaz.com.br\/ribeiraopreto-regiao\/sp\/2022\/11\/28\/equipe-barretense-de-mtb-conquista-bons-resultados-em-ubarana-sp#respond"]}]},{"@type":"WebPage","@id":"https:\/\/redenoticiaz.com.br\/ribeiraopreto-regiao\/sp\/2022\/11\/28\/equipe-barretense-de-mtb-conquista-bons-resultados-em-ubarana-sp","url":"https:\/\/redenoticiaz.com.br\/ribeiraopreto-regiao\/sp\/2022\/11\/28\/equipe-barretense-de-mtb-conquista-bons-resultados-em-ubarana-sp","name":"Equipe barretense de MTB conquista bons resultados em Ubarana, SP - Ribeir\u00e3o Preto e Regi\u00e3o","isPartOf":{"@id":"https:\/\/redenoticiaz.com.br\/ribeiraopreto-regiao\/#website"},"primaryImageOfPage":{"@id":"https:\/\/redenoticiaz.com.br\/ribeiraopreto-regiao\/sp\/2022\/11\/28\/equipe-barretense-de-mtb-conquista-bons-resultados-em-ubarana-sp#primaryimage"},"image":{"@id":"https:\/\/redenoticiaz.com.br\/ribeiraopreto-regiao\/sp\/2022\/11\/28\/equipe-barretense-de-mtb-conquista-bons-resultados-em-ubarana-sp#primaryimage"},"thumbnailUrl":"https:\/\/redenoticiaz.com.br\/ribeiraopreto-regiao\/wp-content\/uploads\/sites\/4\/2022\/11\/149e9677a5989fd342ae44213df68868.jpeg","datePublished":"2022-11-28T19:33:37+00:00","description":"A equipe da Est\u00e2ncia Tur\u00edstica de Barretos de MTB (Mountain bike) conquistou bons resultados na 6\u00aa edi\u00e7\u00e3o do MTB Ubarana...","inLanguage":"pt-BR","potentialAction":[{"@type":"ReadAction","target":["https:\/\/redenoticiaz.com.br\/ribeiraopreto-regiao\/sp\/2022\/11\/28\/equipe-barretense-de-mtb-conquista-bons-resultados-em-ubarana-sp"]}]},{"@type":"ImageObject","inLanguage":"pt-BR","@id":"https:\/\/redenoticiaz.com.br\/ribeiraopreto-regiao\/sp\/2022\/11\/28\/equipe-barretense-de-mtb-conquista-bons-resultados-em-ubarana-sp#primaryimage","url":"https:\/\/redenoticiaz.com.br\/ribeiraopreto-regiao\/wp-content\/uploads\/sites\/4\/2022\/11\/149e9677a5989fd342ae44213df68868.jpeg","contentUrl":"https:\/\/redenoticiaz.com.br\/ribeiraopreto-regiao\/wp-content\/uploads\/sites\/4\/2022\/11\/149e9677a5989fd342ae44213df68868.jpeg","width":986,"height":1080,"caption":"Cr\u00e9dito: Divulga\u00e7\u00e3o"},{"@type":"WebSite","@id":"https:\/\/redenoticiaz.com.br\/ribeiraopreto-regiao\/#website","url":"https:\/\/redenoticiaz.com.br\/ribeiraopreto-regiao\/","name":"Ribeir\u00e3o Preto e Regi\u00e3o","description":"Rede NoticiaZ - Ribeir\u00e3o Preto e regi\u00e3o","publisher":{"@id":"https:\/\/redenoticiaz.com.br\/ribeiraopreto-regiao\/#organization"},"potentialAction":[{"@type":"SearchAction","target":{"@type":"EntryPoint","urlTemplate":"https:\/\/redenoticiaz.com.br\/ribeiraopreto-regiao\/?s={search_term_string}"},"query-input":{"@type":"PropertyValueSpecification","valueRequired":true,"valueName":"search_term_string"}}],"inLanguage":"pt-BR"},{"@type":"Organization","@id":"https:\/\/redenoticiaz.com.br\/ribeiraopreto-regiao\/#organization","name":"Ribeir\u00e3o Preto e Regi\u00e3o","url":"https:\/\/redenoticiaz.com.br\/ribeiraopreto-regiao\/","logo":{"@type":"ImageObject","inLanguage":"pt-BR","@id":"https:\/\/redenoticiaz.com.br\/ribeiraopreto-regiao\/#\/schema\/logo\/image\/","url":"https:\/\/redenoticiaz.com.br\/barretos-regiao\/wp-content\/uploads\/sites\/4\/2022\/02\/logo.jpg","contentUrl":"https:\/\/redenoticiaz.com.br\/barretos-regiao\/wp-content\/uploads\/sites\/4\/2022\/02\/logo.jpg","width":400,"height":250,"caption":"Ribeir\u00e3o Preto e Regi\u00e3o"},"image":{"@id":"https:\/\/redenoticiaz.com.br\/ribeiraopreto-regiao\/#\/schema\/logo\/image\/"},"sameAs":["https:\/\/m.facebook.com\/redenoticiaz.barretos","https:\/\/x.com\/RN_barretos","https:\/\/www.instagram.com\/redenoticiaz.barretos\/?igshid=YmMyMTA2M2Y","https:\/\/www.linkedin.com\/company\/rede-noticiaz-barretos-e-regio\/"]},{"@type":"Person","@id":"","url":"https:\/\/redenoticiaz.com.br\/ribeiraopreto-regiao\/sp\/author"}]}},"_links":{"self":[{"href":"https:\/\/redenoticiaz.com.br\/ribeiraopreto-regiao\/wp-json\/wp\/v2\/posts\/95901","targetHints":{"allow":["GET"]}}],"collection":[{"href":"https:\/\/redenoticiaz.com.br\/ribeiraopreto-regiao\/wp-json\/wp\/v2\/posts"}],"about":[{"href":"https:\/\/redenoticiaz.com.br\/ribeiraopreto-regiao\/wp-json\/wp\/v2\/types\/post"}],"author":[{"embeddable":true,"href":"https:\/\/redenoticiaz.com.br\/ribeiraopreto-regiao\/wp-json\/wp\/v2\/users\/15"}],"replies":[{"embeddable":true,"href":"https:\/\/redenoticiaz.com.br\/ribeiraopreto-regiao\/wp-json\/wp\/v2\/comments?post=95901"}],"version-history":[{"count":1,"href":"https:\/\/redenoticiaz.com.br\/ribeiraopreto-regiao\/wp-json\/wp\/v2\/posts\/95901\/revisions"}],"predecessor-version":[{"id":95903,"href":"https:\/\/redenoticiaz.com.br\/ribeiraopreto-regiao\/wp-json\/wp\/v2\/posts\/95901\/revisions\/95903"}],"wp:featuredmedia":[{"embeddable":true,"href":"https:\/\/redenoticiaz.com.br\/ribeiraopreto-regiao\/wp-json\/wp\/v2\/media\/95902"}],"wp:attachment":[{"href":"https:\/\/redenoticiaz.com.br\/ribeiraopreto-regiao\/wp-json\/wp\/v2\/media?parent=95901"}],"wp:term":[{"taxonomy":"category","embeddable":true,"href":"https:\/\/redenoticiaz.com.br\/ribeiraopreto-regiao\/wp-json\/wp\/v2\/categories?post=95901"},{"taxonomy":"post_tag","embeddable":true,"href":"https:\/\/redenoticiaz.com.br\/ribeiraopreto-regiao\/wp-json\/wp\/v2\/tags?post=95901"}],"curies":[{"name":"wp","href":"https:\/\/api.w.org\/{rel}","templated":true}]}}