{"id":95997,"date":"2022-12-03T17:00:49","date_gmt":"2022-12-03T20:00:49","guid":{"rendered":"https:\/\/redenoticiaz.com.br\/barretos-regiao\/?p=95997"},"modified":"2022-12-03T21:37:39","modified_gmt":"2022-12-04T00:37:39","slug":"rio-de-janeiro-guaruja-e-florianopolis-estao-entre-os-lugares-mais-procurados-para-ferias","status":"publish","type":"post","link":"https:\/\/redenoticiaz.com.br\/ribeiraopreto-regiao\/sp\/2022\/12\/03\/rio-de-janeiro-guaruja-e-florianopolis-estao-entre-os-lugares-mais-procurados-para-ferias","title":{"rendered":"Rio de Janeiro, Guaruj\u00e1 e Florian\u00f3polis est\u00e3o entre os lugares mais procurados para F\u00e9rias"},"content":{"rendered":"<p>No dia 21 de dezembro, o Brasil abre, oficialmente, os bra\u00e7os para uma das esta\u00e7\u00f5es mais amadas pelos seus cidad\u00e3os \u2013 o ver\u00e3o. Aliando isso ao per\u00edodo de f\u00e9rias escolares e celebra\u00e7\u00e3o das festas de fim de ano, n\u00e3o h\u00e1 nada que o brasileiro deseje mais nesse momento do que viajar.<\/p>\n<p>Dados da Booking.com coletados no final do m\u00eas de outubro indicam que h\u00e1 algo em comum entre os destinos dom\u00e9sticos mais buscados pelos viajantes do pa\u00eds para esse per\u00edodo de fim de ano: est\u00e1 todo mundo querendo fugir para a praia.<\/p>\n<h2><strong>1) Praia da Joatinga, Rio de Janeiro (RJ)<\/strong><\/h2>\n<p>Todo mundo concorda que as praias de Ipanema e da Barra s\u00e3o maravilhosas. Mas j\u00e1 pensou em aproveitar algo mais exclusivo na cidade mais buscada pelos brasileiros para o fim do ano? A Praia da Joatinga \u00e9 um peda\u00e7o de apenas 300m de faixa de areia, localizada no bairro do Jo\u00e1, entre S\u00e3o Conrado e a Barra da Tijuca, mas que re\u00fane a beleza natural da Cidade Maravilhosa com a tranquilidade de destinos de praia mais distantes. S\u00f3 \u00e9 preciso estar atento \u00e0 mar\u00e9 alta, j\u00e1 que essa praia se torna inacess\u00edvel nestes dias \u2013 o mar cobre quase toda a faixa de areia. \u00c9 por ali escondidinho, tamb\u00e9m, que fica o\u00a0<a href=\"https:\/\/www.booking.com\/hotel\/br\/casa-da-joatinga.pt-br.html\">CLIFFSIDE &#8211; Boutique Hotel &amp; Spa<\/a>, uma acomoda\u00e7\u00e3o com vista perfeita e a tranquilidade que alguns turistas procuram.<\/p>\n<p><img decoding=\"async\" src=\"https:\/\/files.pressmanager.net\/clientes\/e324993fff0f54a80bc41a6fbe90f6af\/imagens\/2022\/11\/29\/7971c474dcaddd56354154ad6b18c028_medium.jpg\" alt=\"\" height=\"200\" \/>\u00a0 \u00a0 \u00a0<img decoding=\"async\" src=\"https:\/\/files.pressmanager.net\/clientes\/e324993fff0f54a80bc41a6fbe90f6af\/imagens\/2022\/11\/29\/6df7ccb9b717bb767b4589b4fc99dfed_medium.jpg\" alt=\"\" height=\"200\" \/><\/p>\n<p>&nbsp;<\/p>\n<h2><strong>2) Praia de Itamambuca, Ubatuba (SP)<\/strong><\/h2>\n<p>A Praia de Itamambuca \u00e9 uma das mais de 100 que constituem a cidade de Ubatuba, no litoral norte do estado de S\u00e3o Paulo. Esse peda\u00e7o da costa \u00e9 uma jun\u00e7\u00e3o de mar, \u00e1rvores e rochas e essa presen\u00e7a da natureza tornam Itamambuca uma praia de rara beleza, muito utilizada para a pr\u00e1tica do surf. Para se hospedar por l\u00e1 em uma experi\u00eancia bem diferente, o\u00a0<a href=\"https:\/\/www.booking.com\/hotel\/br\/trakai-suites.pt-br.html\">Trakai Suites<\/a>\u00a0\u00e9 uma hospedaria familiar que disp\u00f5e de quartos \u00fanicos, constru\u00eddos em cont\u00eaineres, e tem espa\u00e7o de lazer para crian\u00e7as tamb\u00e9m.<\/p>\n<p><img decoding=\"async\" src=\"https:\/\/files.pressmanager.net\/clientes\/e324993fff0f54a80bc41a6fbe90f6af\/imagens\/2022\/11\/29\/fae05ea022786e50a0fa0fe49c073c45_medium.jpg\" alt=\"\" height=\"200\" \/>\u00a0 \u00a0 \u00a0<img decoding=\"async\" src=\"https:\/\/files.pressmanager.net\/clientes\/e324993fff0f54a80bc41a6fbe90f6af\/imagens\/2022\/11\/29\/c3829aad2fe1fccbaf9d5533a9d12108_medium.jpg\" alt=\"\" height=\"200\" \/><\/p>\n<p>&nbsp;<\/p>\n<h2><strong>3) Praia Mole, Florian\u00f3polis (SC)<\/strong><\/h2>\n<p>O nome chama a aten\u00e7\u00e3o, mas ele tem raz\u00e3o de ser: a Praia Mole primeiro ganhou o apelido de \u201cch\u00e3o mole\u201d, devido a sua areia muito fofa. Mais tarde, a alcunha deu o nome da praia de vez. Uma das mais badaladas da Ilha da Magia, essa praia fica no leste de Floripa, conta com v\u00e1rios bares por toda a orla e seu canto esquerdo \u00e9 um famoso point LGBTQIA+. Falando em canto, a hospedagem familiar\u00a0<a href=\"https:\/\/www.booking.com\/hotel\/br\/canto-da-mole.pt-br.html\">Canto da Mole<\/a>\u00a0\u00e9 um achado tranquilo e descolado na mesma medida, a apenas 50 metros da praia.<\/p>\n<p><img decoding=\"async\" src=\"https:\/\/files.pressmanager.net\/clientes\/e324993fff0f54a80bc41a6fbe90f6af\/imagens\/2022\/11\/29\/c4ef84309328e8b66fff669644f748e9_medium.jpg\" alt=\"\" height=\"200\" \/>\u00a0 \u00a0 \u00a0<img decoding=\"async\" src=\"https:\/\/files.pressmanager.net\/clientes\/e324993fff0f54a80bc41a6fbe90f6af\/imagens\/2022\/11\/29\/7377157ba0ae360c32a51b611145a2db_medium.jpg\" alt=\"\" height=\"200\" \/><\/p>\n<p>&nbsp;<\/p>\n<h2><strong>4) Praia de Pernambuco, Guaruj\u00e1 (SP)<\/strong><\/h2>\n<p>Um canto para surfistas, outro para fam\u00edlias. Na Praia de Pernambuco, al\u00e9m de todos os p\u00fablicos encontrarem um espa\u00e7o de lazer e pr\u00e1tica de esporte, h\u00e1 ainda uma natureza exuberante, com pedras, mar esverdeado e vegeta\u00e7\u00e3o nas encostas, para se apreciar. A praia, localizada no Guaruj\u00e1, litoral sul de S\u00e3o Paulo, conta com boa estrutura de barracas e aluguel de equipamentos. E tem mais: no canto direito, quando a mar\u00e9 est\u00e1 alta, a Praia do Mar Casado se une \u00e0 de Pernambuco, formando uma s\u00f3.<\/p>\n<p><img decoding=\"async\" src=\"https:\/\/files.pressmanager.net\/clientes\/e324993fff0f54a80bc41a6fbe90f6af\/imagens\/2022\/11\/29\/997881f26a3e123b0009207b4ac29af8_medium.jpg\" alt=\"\" height=\"200\" \/>\u00a0 \u00a0 \u00a0<img decoding=\"async\" src=\"https:\/\/files.pressmanager.net\/clientes\/e324993fff0f54a80bc41a6fbe90f6af\/imagens\/2022\/11\/29\/646bf002eaa364a859024f9416596552_medium.jpg\" alt=\"\" height=\"200\" \/><\/p>\n<p>&nbsp;<\/p>\n<h2><strong>5) Praia das Laranjeiras, Balne\u00e1rio Cambori\u00fa (SC)<\/strong><\/h2>\n<p>H\u00e1 alguns jeitos de se chegar \u00e0 Praia das Laranjeiras, mas um deles \u00e9 s\u00f3 para quem tem coragem. O mais tradicional \u00e9 pegando a estrada, mas h\u00e1 tamb\u00e9m a op\u00e7\u00e3o de chegar de barco. Outra possibilidade \u00e9 pegando o bondinho do Parque Unipraias,\u00a0<a href=\"https:\/\/www.booking.com\/attractions\/br\/prd5uklkny1e-highlights-of-balneario-camboriu-city-tour.html?label=gen173nr-1FCAEoggI46AdIM1gEaCCIAQGYAS24ARfIAQzYAQHoAQH4AQuIAgGoAgO4Au2y-ZsGwAIB0gIkYjU4OTA0MDgtYjVkZS00ZDdlLTg0ZjgtYmRiMjUxNDVlZDI32AIG4AIB&amp;source=search_box&amp;ufi=-627380&amp;date=2022-11-25&amp;start_time=08%3A30&amp;ticket_type=OFcUzIGAJYSz\">um dos passeios mais ic\u00f4nicos da cidade de Balne\u00e1rio Cambori\u00fa<\/a> e que garante uma vista de tirar o f\u00f4lego. Quem optar por se hospedar no <a href=\"https:\/\/www.booking.com\/hotel\/br\/rizzu-marina.pt-br.html\">Rizzu Marina Hotel<\/a>\u00a0ficar\u00e1 a menos de 3km do Parque Unipraias e poder\u00e1 tomar um delicioso caf\u00e9 da manh\u00e3 antes de ir se banhar no mar \u2013 enquanto admira a beleza da natureza \u00e0 beira do Rio Cambori\u00fa.<\/p>\n<p><img decoding=\"async\" src=\"https:\/\/files.pressmanager.net\/clientes\/e324993fff0f54a80bc41a6fbe90f6af\/imagens\/2022\/11\/29\/db60d7923e1c41160dca7b27593bdb24_medium.jpg\" alt=\"\" height=\"200\" \/>\u00a0 \u00a0 \u00a0<img decoding=\"async\" src=\"https:\/\/files.pressmanager.net\/clientes\/e324993fff0f54a80bc41a6fbe90f6af\/imagens\/2022\/11\/29\/923f7015be0352310f8529d19b81245b_medium.jpg\" alt=\"\" height=\"200\" \/><\/p>\n<p><strong>Leia mais<\/strong><\/p>\n<p><a href=\"https:\/\/redenoticiaz.com.br\/blog\/2022\/07\/30\/ferias-escolares-viram-motivo-para-redobrar-a-atencao-contra-acidentes-domesticos\">F\u00e9rias escolares viram motivo para redobrar a aten\u00e7\u00e3o contra acidentes dom\u00e9sticos<\/a><\/p>\n","protected":false},"excerpt":{"rendered":"<p>No dia 21 de dezembro, o Brasil abre, oficialmente, os bra\u00e7os para uma das esta\u00e7\u00f5es mais amadas pelos seus cidad\u00e3os \u2013 o ver\u00e3o. Aliando isso ao per\u00edodo de f\u00e9rias escolares e celebra\u00e7\u00e3o das festas de fim de ano, n\u00e3o h\u00e1 nada que o brasileiro deseje mais nesse momento do que viajar. Dados da Booking.com coletados &hellip;<\/p>\n","protected":false},"author":12,"featured_media":95998,"comment_status":"open","ping_status":"closed","sticky":false,"template":"","format":"standard","meta":{"footnotes":""},"categories":[330],"tags":[70,22476,1773],"class_list":["post-95997","post","type-post","status-publish","format-standard","has-post-thumbnail","hentry","category-turismo","tag-brasil","tag-guaruja-florianopolis","tag-rio-de-janeiro"],"yoast_head":"<!-- This site is optimized with the Yoast SEO plugin v27.4 - https:\/\/yoast.com\/product\/yoast-seo-wordpress\/ -->\n<title>Rio de Janeiro, Guaruj\u00e1 e Florian\u00f3polis est\u00e3o entre os lugares mais procurados para F\u00e9rias - Ribeir\u00e3o Preto e Regi\u00e3o<\/title>\n<meta name=\"description\" content=\"No dia 21 de dezembro, o Brasil abre, oficialmente, os bra\u00e7os para uma das esta\u00e7\u00f5es mais amadas pelos seus cidad\u00e3os \u2013 o ver\u00e3o.\" \/>\n<meta name=\"robots\" content=\"index, follow, max-snippet:-1, max-image-preview:large, max-video-preview:-1\" \/>\n<link rel=\"canonical\" href=\"https:\/\/redenoticiaz.com.br\/ribeiraopreto-regiao\/sp\/2022\/12\/03\/rio-de-janeiro-guaruja-e-florianopolis-estao-entre-os-lugares-mais-procurados-para-ferias\" \/>\n<meta property=\"og:locale\" content=\"pt_BR\" \/>\n<meta property=\"og:type\" content=\"article\" \/>\n<meta property=\"og:title\" content=\"Rio de Janeiro, Guaruj\u00e1 e Florian\u00f3polis est\u00e3o entre os lugares mais procurados para F\u00e9rias - Ribeir\u00e3o Preto e Regi\u00e3o\" \/>\n<meta property=\"og:description\" content=\"No dia 21 de dezembro, o Brasil abre, oficialmente, os bra\u00e7os para uma das esta\u00e7\u00f5es mais amadas pelos seus cidad\u00e3os \u2013 o ver\u00e3o.\" \/>\n<meta property=\"og:url\" content=\"https:\/\/redenoticiaz.com.br\/ribeiraopreto-regiao\/sp\/2022\/12\/03\/rio-de-janeiro-guaruja-e-florianopolis-estao-entre-os-lugares-mais-procurados-para-ferias\" \/>\n<meta property=\"og:site_name\" content=\"Ribeir\u00e3o Preto e Regi\u00e3o\" \/>\n<meta property=\"article:publisher\" content=\"https:\/\/m.facebook.com\/redenoticiaz.barretos\" \/>\n<meta property=\"article:published_time\" content=\"2022-12-03T20:00:49+00:00\" \/>\n<meta property=\"article:modified_time\" content=\"2022-12-04T00:37:39+00:00\" \/>\n<meta property=\"og:image\" content=\"https:\/\/redenoticiaz.com.br\/ribeiraopreto-regiao\/wp-content\/uploads\/sites\/4\/2022\/11\/praia-1.jpg?v=1635965626\" \/>\n\t<meta property=\"og:image:width\" content=\"984\" \/>\n\t<meta property=\"og:image:height\" content=\"738\" \/>\n\t<meta property=\"og:image:type\" content=\"image\/jpeg\" \/>\n<meta name=\"author\" content=\"Gustavo Silva\" \/>\n<meta name=\"twitter:card\" content=\"summary_large_image\" \/>\n<meta name=\"twitter:creator\" content=\"@RN_barretos\" \/>\n<meta name=\"twitter:site\" content=\"@RN_barretos\" \/>\n<meta name=\"twitter:label1\" content=\"Escrito por\" \/>\n\t<meta name=\"twitter:data1\" content=\"Gustavo Silva\" \/>\n\t<meta name=\"twitter:label2\" content=\"Est. tempo de leitura\" \/>\n\t<meta name=\"twitter:data2\" content=\"6 minutos\" \/>\n<script type=\"application\/ld+json\" class=\"yoast-schema-graph\">{\"@context\":\"https:\\\/\\\/schema.org\",\"@graph\":[{\"@type\":\"Article\",\"@id\":\"https:\\\/\\\/redenoticiaz.com.br\\\/ribeiraopreto-regiao\\\/sp\\\/2022\\\/12\\\/03\\\/rio-de-janeiro-guaruja-e-florianopolis-estao-entre-os-lugares-mais-procurados-para-ferias#article\",\"isPartOf\":{\"@id\":\"https:\\\/\\\/redenoticiaz.com.br\\\/ribeiraopreto-regiao\\\/sp\\\/2022\\\/12\\\/03\\\/rio-de-janeiro-guaruja-e-florianopolis-estao-entre-os-lugares-mais-procurados-para-ferias\"},\"author\":{\"name\":\"Gustavo Silva\",\"@id\":\"https:\\\/\\\/redenoticiaz.com.br\\\/ribeiraopreto-regiao\\\/#\\\/schema\\\/person\\\/16057b37a3c0ee6b096d7f887c566e2e\"},\"headline\":\"Rio de Janeiro, Guaruj\u00e1 e Florian\u00f3polis est\u00e3o entre os lugares mais procurados para F\u00e9rias\",\"datePublished\":\"2022-12-03T20:00:49+00:00\",\"dateModified\":\"2022-12-04T00:37:39+00:00\",\"mainEntityOfPage\":{\"@id\":\"https:\\\/\\\/redenoticiaz.com.br\\\/ribeiraopreto-regiao\\\/sp\\\/2022\\\/12\\\/03\\\/rio-de-janeiro-guaruja-e-florianopolis-estao-entre-os-lugares-mais-procurados-para-ferias\"},\"wordCount\":689,\"commentCount\":0,\"publisher\":{\"@id\":\"https:\\\/\\\/redenoticiaz.com.br\\\/ribeiraopreto-regiao\\\/#organization\"},\"image\":{\"@id\":\"https:\\\/\\\/redenoticiaz.com.br\\\/ribeiraopreto-regiao\\\/sp\\\/2022\\\/12\\\/03\\\/rio-de-janeiro-guaruja-e-florianopolis-estao-entre-os-lugares-mais-procurados-para-ferias#primaryimage\"},\"thumbnailUrl\":\"https:\\\/\\\/redenoticiaz.com.br\\\/ribeiraopreto-regiao\\\/wp-content\\\/uploads\\\/sites\\\/4\\\/2022\\\/11\\\/praia-1.jpg?v=1635965626\",\"keywords\":[\"Brasil\",\"guaruj\u00e1. florianopolis\",\"Rio de Janeiro\"],\"articleSection\":[\"Turismo\"],\"inLanguage\":\"pt-BR\",\"potentialAction\":[{\"@type\":\"CommentAction\",\"name\":\"Comment\",\"target\":[\"https:\\\/\\\/redenoticiaz.com.br\\\/ribeiraopreto-regiao\\\/sp\\\/2022\\\/12\\\/03\\\/rio-de-janeiro-guaruja-e-florianopolis-estao-entre-os-lugares-mais-procurados-para-ferias#respond\"]}]},{\"@type\":\"WebPage\",\"@id\":\"https:\\\/\\\/redenoticiaz.com.br\\\/ribeiraopreto-regiao\\\/sp\\\/2022\\\/12\\\/03\\\/rio-de-janeiro-guaruja-e-florianopolis-estao-entre-os-lugares-mais-procurados-para-ferias\",\"url\":\"https:\\\/\\\/redenoticiaz.com.br\\\/ribeiraopreto-regiao\\\/sp\\\/2022\\\/12\\\/03\\\/rio-de-janeiro-guaruja-e-florianopolis-estao-entre-os-lugares-mais-procurados-para-ferias\",\"name\":\"Rio de Janeiro, Guaruj\u00e1 e Florian\u00f3polis est\u00e3o entre os lugares mais procurados para F\u00e9rias - Ribeir\u00e3o Preto e Regi\u00e3o\",\"isPartOf\":{\"@id\":\"https:\\\/\\\/redenoticiaz.com.br\\\/ribeiraopreto-regiao\\\/#website\"},\"primaryImageOfPage\":{\"@id\":\"https:\\\/\\\/redenoticiaz.com.br\\\/ribeiraopreto-regiao\\\/sp\\\/2022\\\/12\\\/03\\\/rio-de-janeiro-guaruja-e-florianopolis-estao-entre-os-lugares-mais-procurados-para-ferias#primaryimage\"},\"image\":{\"@id\":\"https:\\\/\\\/redenoticiaz.com.br\\\/ribeiraopreto-regiao\\\/sp\\\/2022\\\/12\\\/03\\\/rio-de-janeiro-guaruja-e-florianopolis-estao-entre-os-lugares-mais-procurados-para-ferias#primaryimage\"},\"thumbnailUrl\":\"https:\\\/\\\/redenoticiaz.com.br\\\/ribeiraopreto-regiao\\\/wp-content\\\/uploads\\\/sites\\\/4\\\/2022\\\/11\\\/praia-1.jpg?v=1635965626\",\"datePublished\":\"2022-12-03T20:00:49+00:00\",\"dateModified\":\"2022-12-04T00:37:39+00:00\",\"description\":\"No dia 21 de dezembro, o Brasil abre, oficialmente, os bra\u00e7os para uma das esta\u00e7\u00f5es mais amadas pelos seus cidad\u00e3os \u2013 o ver\u00e3o.\",\"inLanguage\":\"pt-BR\",\"potentialAction\":[{\"@type\":\"ReadAction\",\"target\":[\"https:\\\/\\\/redenoticiaz.com.br\\\/ribeiraopreto-regiao\\\/sp\\\/2022\\\/12\\\/03\\\/rio-de-janeiro-guaruja-e-florianopolis-estao-entre-os-lugares-mais-procurados-para-ferias\"]}]},{\"@type\":\"ImageObject\",\"inLanguage\":\"pt-BR\",\"@id\":\"https:\\\/\\\/redenoticiaz.com.br\\\/ribeiraopreto-regiao\\\/sp\\\/2022\\\/12\\\/03\\\/rio-de-janeiro-guaruja-e-florianopolis-estao-entre-os-lugares-mais-procurados-para-ferias#primaryimage\",\"url\":\"https:\\\/\\\/redenoticiaz.com.br\\\/ribeiraopreto-regiao\\\/wp-content\\\/uploads\\\/sites\\\/4\\\/2022\\\/11\\\/praia-1.jpg?v=1635965626\",\"contentUrl\":\"https:\\\/\\\/redenoticiaz.com.br\\\/ribeiraopreto-regiao\\\/wp-content\\\/uploads\\\/sites\\\/4\\\/2022\\\/11\\\/praia-1.jpg?v=1635965626\",\"width\":984,\"height\":738,\"caption\":\"As praias estar\u00e3o abertas, mas as medidas contra a Covid-19 prosseguem. Cr\u00e9ditos: Reprodu\u00e7\u00e3o.\"},{\"@type\":\"WebSite\",\"@id\":\"https:\\\/\\\/redenoticiaz.com.br\\\/ribeiraopreto-regiao\\\/#website\",\"url\":\"https:\\\/\\\/redenoticiaz.com.br\\\/ribeiraopreto-regiao\\\/\",\"name\":\"Ribeir\u00e3o Preto e Regi\u00e3o\",\"description\":\"Rede NoticiaZ - Ribeir\u00e3o Preto e regi\u00e3o\",\"publisher\":{\"@id\":\"https:\\\/\\\/redenoticiaz.com.br\\\/ribeiraopreto-regiao\\\/#organization\"},\"potentialAction\":[{\"@type\":\"SearchAction\",\"target\":{\"@type\":\"EntryPoint\",\"urlTemplate\":\"https:\\\/\\\/redenoticiaz.com.br\\\/ribeiraopreto-regiao\\\/?s={search_term_string}\"},\"query-input\":{\"@type\":\"PropertyValueSpecification\",\"valueRequired\":true,\"valueName\":\"search_term_string\"}}],\"inLanguage\":\"pt-BR\"},{\"@type\":\"Organization\",\"@id\":\"https:\\\/\\\/redenoticiaz.com.br\\\/ribeiraopreto-regiao\\\/#organization\",\"name\":\"Ribeir\u00e3o Preto e Regi\u00e3o\",\"url\":\"https:\\\/\\\/redenoticiaz.com.br\\\/ribeiraopreto-regiao\\\/\",\"logo\":{\"@type\":\"ImageObject\",\"inLanguage\":\"pt-BR\",\"@id\":\"https:\\\/\\\/redenoticiaz.com.br\\\/ribeiraopreto-regiao\\\/#\\\/schema\\\/logo\\\/image\\\/\",\"url\":\"https:\\\/\\\/redenoticiaz.com.br\\\/barretos-regiao\\\/wp-content\\\/uploads\\\/sites\\\/4\\\/2022\\\/02\\\/logo.jpg\",\"contentUrl\":\"https:\\\/\\\/redenoticiaz.com.br\\\/barretos-regiao\\\/wp-content\\\/uploads\\\/sites\\\/4\\\/2022\\\/02\\\/logo.jpg\",\"width\":400,\"height\":250,\"caption\":\"Ribeir\u00e3o Preto e Regi\u00e3o\"},\"image\":{\"@id\":\"https:\\\/\\\/redenoticiaz.com.br\\\/ribeiraopreto-regiao\\\/#\\\/schema\\\/logo\\\/image\\\/\"},\"sameAs\":[\"https:\\\/\\\/m.facebook.com\\\/redenoticiaz.barretos\",\"https:\\\/\\\/x.com\\\/RN_barretos\",\"https:\\\/\\\/www.instagram.com\\\/redenoticiaz.barretos\\\/?igshid=YmMyMTA2M2Y\",\"https:\\\/\\\/www.linkedin.com\\\/company\\\/rede-noticiaz-barretos-e-regio\\\/\"]},{\"@type\":\"Person\",\"@id\":\"https:\\\/\\\/redenoticiaz.com.br\\\/ribeiraopreto-regiao\\\/#\\\/schema\\\/person\\\/16057b37a3c0ee6b096d7f887c566e2e\",\"name\":\"Gustavo Silva\",\"image\":{\"@type\":\"ImageObject\",\"inLanguage\":\"pt-BR\",\"@id\":\"https:\\\/\\\/secure.gravatar.com\\\/avatar\\\/3ee4e82f93b26de0a7cf4ea5eb7893da637ed6bb0c9170c58065944c56e28a33?s=96&d=mm&r=g\",\"url\":\"https:\\\/\\\/secure.gravatar.com\\\/avatar\\\/3ee4e82f93b26de0a7cf4ea5eb7893da637ed6bb0c9170c58065944c56e28a33?s=96&d=mm&r=g\",\"contentUrl\":\"https:\\\/\\\/secure.gravatar.com\\\/avatar\\\/3ee4e82f93b26de0a7cf4ea5eb7893da637ed6bb0c9170c58065944c56e28a33?s=96&d=mm&r=g\",\"caption\":\"Gustavo Silva\"},\"url\":\"https:\\\/\\\/redenoticiaz.com.br\\\/ribeiraopreto-regiao\\\/sp\\\/author\\\/gustavosilva\"}]}<\/script>\n<!-- \/ Yoast SEO plugin. -->","yoast_head_json":{"title":"Rio de Janeiro, Guaruj\u00e1 e Florian\u00f3polis est\u00e3o entre os lugares mais procurados para F\u00e9rias - Ribeir\u00e3o Preto e Regi\u00e3o","description":"No dia 21 de dezembro, o Brasil abre, oficialmente, os bra\u00e7os para uma das esta\u00e7\u00f5es mais amadas pelos seus cidad\u00e3os \u2013 o ver\u00e3o.","robots":{"index":"index","follow":"follow","max-snippet":"max-snippet:-1","max-image-preview":"max-image-preview:large","max-video-preview":"max-video-preview:-1"},"canonical":"https:\/\/redenoticiaz.com.br\/ribeiraopreto-regiao\/sp\/2022\/12\/03\/rio-de-janeiro-guaruja-e-florianopolis-estao-entre-os-lugares-mais-procurados-para-ferias","og_locale":"pt_BR","og_type":"article","og_title":"Rio de Janeiro, Guaruj\u00e1 e Florian\u00f3polis est\u00e3o entre os lugares mais procurados para F\u00e9rias - Ribeir\u00e3o Preto e Regi\u00e3o","og_description":"No dia 21 de dezembro, o Brasil abre, oficialmente, os bra\u00e7os para uma das esta\u00e7\u00f5es mais amadas pelos seus cidad\u00e3os \u2013 o ver\u00e3o.","og_url":"https:\/\/redenoticiaz.com.br\/ribeiraopreto-regiao\/sp\/2022\/12\/03\/rio-de-janeiro-guaruja-e-florianopolis-estao-entre-os-lugares-mais-procurados-para-ferias","og_site_name":"Ribeir\u00e3o Preto e Regi\u00e3o","article_publisher":"https:\/\/m.facebook.com\/redenoticiaz.barretos","article_published_time":"2022-12-03T20:00:49+00:00","article_modified_time":"2022-12-04T00:37:39+00:00","og_image":[{"width":984,"height":738,"url":"https:\/\/redenoticiaz.com.br\/ribeiraopreto-regiao\/wp-content\/uploads\/sites\/4\/2022\/11\/praia-1.jpg?v=1635965626","type":"image\/jpeg"}],"author":"Gustavo Silva","twitter_card":"summary_large_image","twitter_creator":"@RN_barretos","twitter_site":"@RN_barretos","twitter_misc":{"Escrito por":"Gustavo Silva","Est. tempo de leitura":"6 minutos"},"schema":{"@context":"https:\/\/schema.org","@graph":[{"@type":"Article","@id":"https:\/\/redenoticiaz.com.br\/ribeiraopreto-regiao\/sp\/2022\/12\/03\/rio-de-janeiro-guaruja-e-florianopolis-estao-entre-os-lugares-mais-procurados-para-ferias#article","isPartOf":{"@id":"https:\/\/redenoticiaz.com.br\/ribeiraopreto-regiao\/sp\/2022\/12\/03\/rio-de-janeiro-guaruja-e-florianopolis-estao-entre-os-lugares-mais-procurados-para-ferias"},"author":{"name":"Gustavo Silva","@id":"https:\/\/redenoticiaz.com.br\/ribeiraopreto-regiao\/#\/schema\/person\/16057b37a3c0ee6b096d7f887c566e2e"},"headline":"Rio de Janeiro, Guaruj\u00e1 e Florian\u00f3polis est\u00e3o entre os lugares mais procurados para F\u00e9rias","datePublished":"2022-12-03T20:00:49+00:00","dateModified":"2022-12-04T00:37:39+00:00","mainEntityOfPage":{"@id":"https:\/\/redenoticiaz.com.br\/ribeiraopreto-regiao\/sp\/2022\/12\/03\/rio-de-janeiro-guaruja-e-florianopolis-estao-entre-os-lugares-mais-procurados-para-ferias"},"wordCount":689,"commentCount":0,"publisher":{"@id":"https:\/\/redenoticiaz.com.br\/ribeiraopreto-regiao\/#organization"},"image":{"@id":"https:\/\/redenoticiaz.com.br\/ribeiraopreto-regiao\/sp\/2022\/12\/03\/rio-de-janeiro-guaruja-e-florianopolis-estao-entre-os-lugares-mais-procurados-para-ferias#primaryimage"},"thumbnailUrl":"https:\/\/redenoticiaz.com.br\/ribeiraopreto-regiao\/wp-content\/uploads\/sites\/4\/2022\/11\/praia-1.jpg?v=1635965626","keywords":["Brasil","guaruj\u00e1. florianopolis","Rio de Janeiro"],"articleSection":["Turismo"],"inLanguage":"pt-BR","potentialAction":[{"@type":"CommentAction","name":"Comment","target":["https:\/\/redenoticiaz.com.br\/ribeiraopreto-regiao\/sp\/2022\/12\/03\/rio-de-janeiro-guaruja-e-florianopolis-estao-entre-os-lugares-mais-procurados-para-ferias#respond"]}]},{"@type":"WebPage","@id":"https:\/\/redenoticiaz.com.br\/ribeiraopreto-regiao\/sp\/2022\/12\/03\/rio-de-janeiro-guaruja-e-florianopolis-estao-entre-os-lugares-mais-procurados-para-ferias","url":"https:\/\/redenoticiaz.com.br\/ribeiraopreto-regiao\/sp\/2022\/12\/03\/rio-de-janeiro-guaruja-e-florianopolis-estao-entre-os-lugares-mais-procurados-para-ferias","name":"Rio de Janeiro, Guaruj\u00e1 e Florian\u00f3polis est\u00e3o entre os lugares mais procurados para F\u00e9rias - Ribeir\u00e3o Preto e Regi\u00e3o","isPartOf":{"@id":"https:\/\/redenoticiaz.com.br\/ribeiraopreto-regiao\/#website"},"primaryImageOfPage":{"@id":"https:\/\/redenoticiaz.com.br\/ribeiraopreto-regiao\/sp\/2022\/12\/03\/rio-de-janeiro-guaruja-e-florianopolis-estao-entre-os-lugares-mais-procurados-para-ferias#primaryimage"},"image":{"@id":"https:\/\/redenoticiaz.com.br\/ribeiraopreto-regiao\/sp\/2022\/12\/03\/rio-de-janeiro-guaruja-e-florianopolis-estao-entre-os-lugares-mais-procurados-para-ferias#primaryimage"},"thumbnailUrl":"https:\/\/redenoticiaz.com.br\/ribeiraopreto-regiao\/wp-content\/uploads\/sites\/4\/2022\/11\/praia-1.jpg?v=1635965626","datePublished":"2022-12-03T20:00:49+00:00","dateModified":"2022-12-04T00:37:39+00:00","description":"No dia 21 de dezembro, o Brasil abre, oficialmente, os bra\u00e7os para uma das esta\u00e7\u00f5es mais amadas pelos seus cidad\u00e3os \u2013 o ver\u00e3o.","inLanguage":"pt-BR","potentialAction":[{"@type":"ReadAction","target":["https:\/\/redenoticiaz.com.br\/ribeiraopreto-regiao\/sp\/2022\/12\/03\/rio-de-janeiro-guaruja-e-florianopolis-estao-entre-os-lugares-mais-procurados-para-ferias"]}]},{"@type":"ImageObject","inLanguage":"pt-BR","@id":"https:\/\/redenoticiaz.com.br\/ribeiraopreto-regiao\/sp\/2022\/12\/03\/rio-de-janeiro-guaruja-e-florianopolis-estao-entre-os-lugares-mais-procurados-para-ferias#primaryimage","url":"https:\/\/redenoticiaz.com.br\/ribeiraopreto-regiao\/wp-content\/uploads\/sites\/4\/2022\/11\/praia-1.jpg?v=1635965626","contentUrl":"https:\/\/redenoticiaz.com.br\/ribeiraopreto-regiao\/wp-content\/uploads\/sites\/4\/2022\/11\/praia-1.jpg?v=1635965626","width":984,"height":738,"caption":"As praias estar\u00e3o abertas, mas as medidas contra a Covid-19 prosseguem. Cr\u00e9ditos: Reprodu\u00e7\u00e3o."},{"@type":"WebSite","@id":"https:\/\/redenoticiaz.com.br\/ribeiraopreto-regiao\/#website","url":"https:\/\/redenoticiaz.com.br\/ribeiraopreto-regiao\/","name":"Ribeir\u00e3o Preto e Regi\u00e3o","description":"Rede NoticiaZ - Ribeir\u00e3o Preto e regi\u00e3o","publisher":{"@id":"https:\/\/redenoticiaz.com.br\/ribeiraopreto-regiao\/#organization"},"potentialAction":[{"@type":"SearchAction","target":{"@type":"EntryPoint","urlTemplate":"https:\/\/redenoticiaz.com.br\/ribeiraopreto-regiao\/?s={search_term_string}"},"query-input":{"@type":"PropertyValueSpecification","valueRequired":true,"valueName":"search_term_string"}}],"inLanguage":"pt-BR"},{"@type":"Organization","@id":"https:\/\/redenoticiaz.com.br\/ribeiraopreto-regiao\/#organization","name":"Ribeir\u00e3o Preto e Regi\u00e3o","url":"https:\/\/redenoticiaz.com.br\/ribeiraopreto-regiao\/","logo":{"@type":"ImageObject","inLanguage":"pt-BR","@id":"https:\/\/redenoticiaz.com.br\/ribeiraopreto-regiao\/#\/schema\/logo\/image\/","url":"https:\/\/redenoticiaz.com.br\/barretos-regiao\/wp-content\/uploads\/sites\/4\/2022\/02\/logo.jpg","contentUrl":"https:\/\/redenoticiaz.com.br\/barretos-regiao\/wp-content\/uploads\/sites\/4\/2022\/02\/logo.jpg","width":400,"height":250,"caption":"Ribeir\u00e3o Preto e Regi\u00e3o"},"image":{"@id":"https:\/\/redenoticiaz.com.br\/ribeiraopreto-regiao\/#\/schema\/logo\/image\/"},"sameAs":["https:\/\/m.facebook.com\/redenoticiaz.barretos","https:\/\/x.com\/RN_barretos","https:\/\/www.instagram.com\/redenoticiaz.barretos\/?igshid=YmMyMTA2M2Y","https:\/\/www.linkedin.com\/company\/rede-noticiaz-barretos-e-regio\/"]},{"@type":"Person","@id":"https:\/\/redenoticiaz.com.br\/ribeiraopreto-regiao\/#\/schema\/person\/16057b37a3c0ee6b096d7f887c566e2e","name":"Gustavo Silva","image":{"@type":"ImageObject","inLanguage":"pt-BR","@id":"https:\/\/secure.gravatar.com\/avatar\/3ee4e82f93b26de0a7cf4ea5eb7893da637ed6bb0c9170c58065944c56e28a33?s=96&d=mm&r=g","url":"https:\/\/secure.gravatar.com\/avatar\/3ee4e82f93b26de0a7cf4ea5eb7893da637ed6bb0c9170c58065944c56e28a33?s=96&d=mm&r=g","contentUrl":"https:\/\/secure.gravatar.com\/avatar\/3ee4e82f93b26de0a7cf4ea5eb7893da637ed6bb0c9170c58065944c56e28a33?s=96&d=mm&r=g","caption":"Gustavo Silva"},"url":"https:\/\/redenoticiaz.com.br\/ribeiraopreto-regiao\/sp\/author\/gustavosilva"}]}},"_links":{"self":[{"href":"https:\/\/redenoticiaz.com.br\/ribeiraopreto-regiao\/wp-json\/wp\/v2\/posts\/95997","targetHints":{"allow":["GET"]}}],"collection":[{"href":"https:\/\/redenoticiaz.com.br\/ribeiraopreto-regiao\/wp-json\/wp\/v2\/posts"}],"about":[{"href":"https:\/\/redenoticiaz.com.br\/ribeiraopreto-regiao\/wp-json\/wp\/v2\/types\/post"}],"author":[{"embeddable":true,"href":"https:\/\/redenoticiaz.com.br\/ribeiraopreto-regiao\/wp-json\/wp\/v2\/users\/12"}],"replies":[{"embeddable":true,"href":"https:\/\/redenoticiaz.com.br\/ribeiraopreto-regiao\/wp-json\/wp\/v2\/comments?post=95997"}],"version-history":[{"count":1,"href":"https:\/\/redenoticiaz.com.br\/ribeiraopreto-regiao\/wp-json\/wp\/v2\/posts\/95997\/revisions"}],"predecessor-version":[{"id":96261,"href":"https:\/\/redenoticiaz.com.br\/ribeiraopreto-regiao\/wp-json\/wp\/v2\/posts\/95997\/revisions\/96261"}],"wp:featuredmedia":[{"embeddable":true,"href":"https:\/\/redenoticiaz.com.br\/ribeiraopreto-regiao\/wp-json\/wp\/v2\/media\/95998"}],"wp:attachment":[{"href":"https:\/\/redenoticiaz.com.br\/ribeiraopreto-regiao\/wp-json\/wp\/v2\/media?parent=95997"}],"wp:term":[{"taxonomy":"category","embeddable":true,"href":"https:\/\/redenoticiaz.com.br\/ribeiraopreto-regiao\/wp-json\/wp\/v2\/categories?post=95997"},{"taxonomy":"post_tag","embeddable":true,"href":"https:\/\/redenoticiaz.com.br\/ribeiraopreto-regiao\/wp-json\/wp\/v2\/tags?post=95997"}],"curies":[{"name":"wp","href":"https:\/\/api.w.org\/{rel}","templated":true}]}}