{"id":96005,"date":"2022-11-30T07:45:05","date_gmt":"2022-11-30T10:45:05","guid":{"rendered":"https:\/\/redenoticiaz.com.br\/barretos-regiao\/sp\/2022\/11\/30\/salarios-de-tarcisio-de-freitas-do-vice-e-demais-secretarios-tem-salarios-reajustados-em-50-em-projeto-aprovado"},"modified":"2022-11-30T07:45:05","modified_gmt":"2022-11-30T10:45:05","slug":"salarios-de-tarcisio-de-freitas-do-vice-e-demais-secretarios-tem-salarios-reajustados-em-50-em-projeto-aprovado","status":"publish","type":"post","link":"https:\/\/redenoticiaz.com.br\/ribeiraopreto-regiao\/sp\/2022\/11\/30\/salarios-de-tarcisio-de-freitas-do-vice-e-demais-secretarios-tem-salarios-reajustados-em-50-em-projeto-aprovado","title":{"rendered":"Sal\u00e1rios de Tarc\u00edsio de Freitas, do vice e demais secret\u00e1rios tem sal\u00e1rios reajustados em 50% em projeto aprovado"},"content":{"rendered":"<p>Pol\u00eamica na Assembleia Legislativa de S\u00e3o Paulo (Alesp). Deputados estaduais aprovaram na ter\u00e7a-feira (29) o projeto de lei que garante o<strong> aumento de sal\u00e1rio de 50%<\/strong> para o governador eleito de S\u00e3o Paulo, Tarc\u00edsio de Freitas (Republicanos). Al\u00e9m dele, o vice Fel\u00edcio Ramuth (PSD) e os secret\u00e1rios de estado da pr\u00f3xima gest\u00e3o, seriam beneficiados j\u00e1 a partir de janeiro de 2023. Resta a san\u00e7\u00e3o do atual governador Rodrigo Garcia (PSDB) para que ele possa valer.<\/p>\n<div id=\"chunk-50v5q\">\n<div class=\"mc-column content-text active-extra-styles \" data-block-type=\"unstyled\" data-block-weight=\"24\" data-block-id=\"5\">\n<p class=\"content-text__container \" data-track-category=\"Link no Texto\" data-track-links=\"\">O projeto teve 56 votos a favor e apenas seis contr\u00e1rios; 63 deputados estavam presentes na 2\u00aa Sess\u00e3o Extraordin\u00e1ria, que discutiu a proposta. Votaram contra o texto os deputados Ricardo Mel\u00e3o (Novo), Jana\u00edna Paschoal (PRTB), Carlos Gianazzi (PSOL), M\u00f4nica Seixas (PSOL), Patr\u00edcia Gama (PSDB) e Adriana Borgo (Agir).<\/p>\n<p class=\"content-text__container \" data-track-category=\"Link no Texto\" data-track-links=\"\">O motivo para a vota\u00e7\u00e3o contr\u00e1ria se deve ao <span class=\"highlight highlighted\">impacto de cerca de R$ 1,5 bilh\u00e3o nos cofres p\u00fablicos do estado<\/span>. Tudo porque uma vez que eleva o teto do funcionalismo p\u00fablico paulista, segundo o governo atual.<\/p>\n<div id=\"chunk-da31k\">\n<div class=\"mc-column content-text active-extra-styles \" data-block-type=\"unstyled\" data-block-weight=\"29\" data-block-id=\"9\">\n<p class=\"content-text__container \" data-track-category=\"Link no Texto\" data-track-links=\"\">Pelo texto, o pr\u00f3ximo governador de S\u00e3o Paulo, Tarc\u00edsio de Freitas (Republicanos), ter\u00e1 o sal\u00e1rio elevado de R$ 23 mil para R$ 34,5 mil a partir de janeiro. J\u00e1 o sal\u00e1rio do vice, Fel\u00edcio Ramuth (PSD), passar\u00e1 de R$ 21.896,27 para R$ 32.844,41, e o dos secret\u00e1rios estaduais, de R$ 20.743,72 para R$ 31.115,58.<\/p>\n<p data-track-category=\"Link no Texto\" data-track-links=\"\">Para entrar em vigor, a proposta precisa passar pela san\u00e7\u00e3o do governador.<\/p>\n<p data-track-category=\"Link no Texto\" data-track-links=\"\"><strong>LEIA TAMB\u00c9M<\/strong><\/p>\n<p data-track-category=\"Link no Texto\" data-track-links=\"\"><a href=\"https:\/\/redenoticiaz.com.br\/blog\/2022\/11\/29\/orcamento-2023-de-jundiai-e-aprovado-na-camara-municipal-da-cidade\">Or\u00e7amento 2023 de Jundia\u00ed \u00e9 aprovado na C\u00e2mara Municipal da Cidade<\/a><\/p>\n<\/div>\n<\/div>\n<\/div>\n<\/div>\n","protected":false},"excerpt":{"rendered":"<p>Pol\u00eamica na Assembleia Legislativa de S\u00e3o Paulo (Alesp). Deputados estaduais aprovaram na ter\u00e7a-feira (29) o projeto de lei que garante o aumento de sal\u00e1rio de 50% para o governador eleito de S\u00e3o Paulo, Tarc\u00edsio de Freitas (Republicanos). Al\u00e9m dele, o vice Fel\u00edcio Ramuth (PSD) e os secret\u00e1rios de estado da pr\u00f3xima gest\u00e3o, seriam beneficiados j\u00e1 &hellip;<\/p>\n","protected":false},"author":6,"featured_media":94802,"comment_status":"open","ping_status":"closed","sticky":false,"template":"","format":"standard","meta":{"footnotes":""},"categories":[101,186],"tags":[11774,21609,2335,22479,157,22480,20476,22481],"class_list":["post-96005","post","type-post","status-publish","format-standard","has-post-thumbnail","hentry","category-economia","category-politica","tag-assembleia-legislativa-de-sao-paulo","tag-governador-eleito","tag-projeto-de-lei","tag-reajuste-de-salarios","tag-sao-paulo","tag-secretarios","tag-tarcisio-de-freitas","tag-vice-eleieto"],"yoast_head":"<!-- This site is optimized with the Yoast SEO plugin v27.5 - https:\/\/yoast.com\/product\/yoast-seo-wordpress\/ -->\n<title>Sal\u00e1rios de Tarc\u00edsio de Freitas, do vice e demais secret\u00e1rios tem sal\u00e1rios reajustados em 50% em projeto aprovado - Ribeir\u00e3o Preto e Regi\u00e3o<\/title>\n<meta name=\"description\" content=\"aumento de sal\u00e1rio de 50% para o governador eleito de S\u00e3o Paulo, Tarc\u00edsio de Freitas (Republicanos). Al\u00e9m dele, o vice Fel\u00edcio Ramuth (PSD) e os s\" \/>\n<meta name=\"robots\" content=\"index, follow, max-snippet:-1, max-image-preview:large, max-video-preview:-1\" \/>\n<link rel=\"canonical\" href=\"https:\/\/redenoticiaz.com.br\/ribeiraopreto-regiao\/sp\/2022\/11\/30\/salarios-de-tarcisio-de-freitas-do-vice-e-demais-secretarios-tem-salarios-reajustados-em-50-em-projeto-aprovado\" \/>\n<meta property=\"og:locale\" content=\"pt_BR\" \/>\n<meta property=\"og:type\" content=\"article\" \/>\n<meta property=\"og:title\" content=\"Sal\u00e1rios de Tarc\u00edsio de Freitas, do vice e demais secret\u00e1rios tem sal\u00e1rios reajustados em 50% em projeto aprovado - Ribeir\u00e3o Preto e Regi\u00e3o\" \/>\n<meta property=\"og:description\" content=\"aumento de sal\u00e1rio de 50% para o governador eleito de S\u00e3o Paulo, Tarc\u00edsio de Freitas (Republicanos). Al\u00e9m dele, o vice Fel\u00edcio Ramuth (PSD) e os s\" \/>\n<meta property=\"og:url\" content=\"https:\/\/redenoticiaz.com.br\/ribeiraopreto-regiao\/sp\/2022\/11\/30\/salarios-de-tarcisio-de-freitas-do-vice-e-demais-secretarios-tem-salarios-reajustados-em-50-em-projeto-aprovado\" \/>\n<meta property=\"og:site_name\" content=\"Ribeir\u00e3o Preto e Regi\u00e3o\" \/>\n<meta property=\"article:publisher\" content=\"https:\/\/m.facebook.com\/redenoticiaz.barretos\" \/>\n<meta property=\"article:published_time\" content=\"2022-11-30T10:45:05+00:00\" \/>\n<meta property=\"og:image\" content=\"https:\/\/redenoticiaz.com.br\/ribeiraopreto-regiao\/wp-content\/uploads\/sites\/4\/2022\/02\/logo.jpg\" \/>\n\t<meta property=\"og:image:width\" content=\"400\" \/>\n\t<meta property=\"og:image:height\" content=\"250\" \/>\n\t<meta property=\"og:image:type\" content=\"image\/jpeg\" \/>\n<meta name=\"author\" content=\"Leonardo Francisco\" \/>\n<meta name=\"twitter:card\" content=\"summary_large_image\" \/>\n<meta name=\"twitter:creator\" content=\"@RN_barretos\" \/>\n<meta name=\"twitter:site\" content=\"@RN_barretos\" \/>\n<meta name=\"twitter:label1\" content=\"Escrito por\" \/>\n\t<meta name=\"twitter:data1\" content=\"Leonardo Francisco\" \/>\n\t<meta name=\"twitter:label2\" content=\"Est. tempo de leitura\" \/>\n\t<meta name=\"twitter:data2\" content=\"2 minutos\" \/>\n<script type=\"application\/ld+json\" class=\"yoast-schema-graph\">{\"@context\":\"https:\\\/\\\/schema.org\",\"@graph\":[{\"@type\":\"Article\",\"@id\":\"https:\\\/\\\/redenoticiaz.com.br\\\/ribeiraopreto-regiao\\\/sp\\\/2022\\\/11\\\/30\\\/salarios-de-tarcisio-de-freitas-do-vice-e-demais-secretarios-tem-salarios-reajustados-em-50-em-projeto-aprovado#article\",\"isPartOf\":{\"@id\":\"https:\\\/\\\/redenoticiaz.com.br\\\/ribeiraopreto-regiao\\\/sp\\\/2022\\\/11\\\/30\\\/salarios-de-tarcisio-de-freitas-do-vice-e-demais-secretarios-tem-salarios-reajustados-em-50-em-projeto-aprovado\"},\"author\":{\"name\":\"Leonardo Francisco\",\"@id\":\"https:\\\/\\\/redenoticiaz.com.br\\\/ribeiraopreto-regiao\\\/#\\\/schema\\\/person\\\/0f0b8a5bdafefe82841e07ae8d81ecb3\"},\"headline\":\"Sal\u00e1rios de Tarc\u00edsio de Freitas, do vice e demais secret\u00e1rios tem sal\u00e1rios reajustados em 50% em projeto aprovado\",\"datePublished\":\"2022-11-30T10:45:05+00:00\",\"mainEntityOfPage\":{\"@id\":\"https:\\\/\\\/redenoticiaz.com.br\\\/ribeiraopreto-regiao\\\/sp\\\/2022\\\/11\\\/30\\\/salarios-de-tarcisio-de-freitas-do-vice-e-demais-secretarios-tem-salarios-reajustados-em-50-em-projeto-aprovado\"},\"wordCount\":280,\"commentCount\":0,\"publisher\":{\"@id\":\"https:\\\/\\\/redenoticiaz.com.br\\\/ribeiraopreto-regiao\\\/#organization\"},\"image\":{\"@id\":\"https:\\\/\\\/redenoticiaz.com.br\\\/ribeiraopreto-regiao\\\/sp\\\/2022\\\/11\\\/30\\\/salarios-de-tarcisio-de-freitas-do-vice-e-demais-secretarios-tem-salarios-reajustados-em-50-em-projeto-aprovado#primaryimage\"},\"thumbnailUrl\":\"https:\\\/\\\/redenoticiaz.com.br\\\/ribeiraopreto-regiao\\\/wp-content\\\/uploads\\\/sites\\\/4\\\/2022\\\/11\\\/ASSEMBLEIA-LEGISLATIVA-scaled.jpg\",\"keywords\":[\"ASSEMBLEIA LEGISLATIVA DE S\u00c3O PAULO\",\"GOVERNADOR ELEITO\",\"PROJETO DE LEI\",\"REAJUSTE DE SAL\u00c1RIOS\",\"S\u00e3o Paulo\",\"SECRET\u00c1RIOS\",\"TARC\u00cdSIO DE FREITAS\",\"VICE ELEIETO\"],\"articleSection\":[\"Economia\",\"Pol\u00edtica\"],\"inLanguage\":\"pt-BR\",\"potentialAction\":[{\"@type\":\"CommentAction\",\"name\":\"Comment\",\"target\":[\"https:\\\/\\\/redenoticiaz.com.br\\\/ribeiraopreto-regiao\\\/sp\\\/2022\\\/11\\\/30\\\/salarios-de-tarcisio-de-freitas-do-vice-e-demais-secretarios-tem-salarios-reajustados-em-50-em-projeto-aprovado#respond\"]}]},{\"@type\":\"WebPage\",\"@id\":\"https:\\\/\\\/redenoticiaz.com.br\\\/ribeiraopreto-regiao\\\/sp\\\/2022\\\/11\\\/30\\\/salarios-de-tarcisio-de-freitas-do-vice-e-demais-secretarios-tem-salarios-reajustados-em-50-em-projeto-aprovado\",\"url\":\"https:\\\/\\\/redenoticiaz.com.br\\\/ribeiraopreto-regiao\\\/sp\\\/2022\\\/11\\\/30\\\/salarios-de-tarcisio-de-freitas-do-vice-e-demais-secretarios-tem-salarios-reajustados-em-50-em-projeto-aprovado\",\"name\":\"Sal\u00e1rios de Tarc\u00edsio de Freitas, do vice e demais secret\u00e1rios tem sal\u00e1rios reajustados em 50% em projeto aprovado - Ribeir\u00e3o Preto e Regi\u00e3o\",\"isPartOf\":{\"@id\":\"https:\\\/\\\/redenoticiaz.com.br\\\/ribeiraopreto-regiao\\\/#website\"},\"primaryImageOfPage\":{\"@id\":\"https:\\\/\\\/redenoticiaz.com.br\\\/ribeiraopreto-regiao\\\/sp\\\/2022\\\/11\\\/30\\\/salarios-de-tarcisio-de-freitas-do-vice-e-demais-secretarios-tem-salarios-reajustados-em-50-em-projeto-aprovado#primaryimage\"},\"image\":{\"@id\":\"https:\\\/\\\/redenoticiaz.com.br\\\/ribeiraopreto-regiao\\\/sp\\\/2022\\\/11\\\/30\\\/salarios-de-tarcisio-de-freitas-do-vice-e-demais-secretarios-tem-salarios-reajustados-em-50-em-projeto-aprovado#primaryimage\"},\"thumbnailUrl\":\"https:\\\/\\\/redenoticiaz.com.br\\\/ribeiraopreto-regiao\\\/wp-content\\\/uploads\\\/sites\\\/4\\\/2022\\\/11\\\/ASSEMBLEIA-LEGISLATIVA-scaled.jpg\",\"datePublished\":\"2022-11-30T10:45:05+00:00\",\"description\":\"aumento de sal\u00e1rio de 50% para o governador eleito de S\u00e3o Paulo, Tarc\u00edsio de Freitas (Republicanos). Al\u00e9m dele, o vice Fel\u00edcio Ramuth (PSD) e os s\",\"inLanguage\":\"pt-BR\",\"potentialAction\":[{\"@type\":\"ReadAction\",\"target\":[\"https:\\\/\\\/redenoticiaz.com.br\\\/ribeiraopreto-regiao\\\/sp\\\/2022\\\/11\\\/30\\\/salarios-de-tarcisio-de-freitas-do-vice-e-demais-secretarios-tem-salarios-reajustados-em-50-em-projeto-aprovado\"]}]},{\"@type\":\"ImageObject\",\"inLanguage\":\"pt-BR\",\"@id\":\"https:\\\/\\\/redenoticiaz.com.br\\\/ribeiraopreto-regiao\\\/sp\\\/2022\\\/11\\\/30\\\/salarios-de-tarcisio-de-freitas-do-vice-e-demais-secretarios-tem-salarios-reajustados-em-50-em-projeto-aprovado#primaryimage\",\"url\":\"https:\\\/\\\/redenoticiaz.com.br\\\/ribeiraopreto-regiao\\\/wp-content\\\/uploads\\\/sites\\\/4\\\/2022\\\/11\\\/ASSEMBLEIA-LEGISLATIVA-scaled.jpg\",\"contentUrl\":\"https:\\\/\\\/redenoticiaz.com.br\\\/ribeiraopreto-regiao\\\/wp-content\\\/uploads\\\/sites\\\/4\\\/2022\\\/11\\\/ASSEMBLEIA-LEGISLATIVA-scaled.jpg\",\"width\":1620,\"height\":1080,\"caption\":\"Cr\u00e9ditos: Divulga\u00e7\u00e3o\\\/Alesp\"},{\"@type\":\"WebSite\",\"@id\":\"https:\\\/\\\/redenoticiaz.com.br\\\/ribeiraopreto-regiao\\\/#website\",\"url\":\"https:\\\/\\\/redenoticiaz.com.br\\\/ribeiraopreto-regiao\\\/\",\"name\":\"Ribeir\u00e3o Preto e Regi\u00e3o\",\"description\":\"Rede NoticiaZ - Ribeir\u00e3o Preto e regi\u00e3o\",\"publisher\":{\"@id\":\"https:\\\/\\\/redenoticiaz.com.br\\\/ribeiraopreto-regiao\\\/#organization\"},\"potentialAction\":[{\"@type\":\"SearchAction\",\"target\":{\"@type\":\"EntryPoint\",\"urlTemplate\":\"https:\\\/\\\/redenoticiaz.com.br\\\/ribeiraopreto-regiao\\\/?s={search_term_string}\"},\"query-input\":{\"@type\":\"PropertyValueSpecification\",\"valueRequired\":true,\"valueName\":\"search_term_string\"}}],\"inLanguage\":\"pt-BR\"},{\"@type\":\"Organization\",\"@id\":\"https:\\\/\\\/redenoticiaz.com.br\\\/ribeiraopreto-regiao\\\/#organization\",\"name\":\"Ribeir\u00e3o Preto e Regi\u00e3o\",\"url\":\"https:\\\/\\\/redenoticiaz.com.br\\\/ribeiraopreto-regiao\\\/\",\"logo\":{\"@type\":\"ImageObject\",\"inLanguage\":\"pt-BR\",\"@id\":\"https:\\\/\\\/redenoticiaz.com.br\\\/ribeiraopreto-regiao\\\/#\\\/schema\\\/logo\\\/image\\\/\",\"url\":\"https:\\\/\\\/redenoticiaz.com.br\\\/barretos-regiao\\\/wp-content\\\/uploads\\\/sites\\\/4\\\/2022\\\/02\\\/logo.jpg\",\"contentUrl\":\"https:\\\/\\\/redenoticiaz.com.br\\\/barretos-regiao\\\/wp-content\\\/uploads\\\/sites\\\/4\\\/2022\\\/02\\\/logo.jpg\",\"width\":400,\"height\":250,\"caption\":\"Ribeir\u00e3o Preto e Regi\u00e3o\"},\"image\":{\"@id\":\"https:\\\/\\\/redenoticiaz.com.br\\\/ribeiraopreto-regiao\\\/#\\\/schema\\\/logo\\\/image\\\/\"},\"sameAs\":[\"https:\\\/\\\/m.facebook.com\\\/redenoticiaz.barretos\",\"https:\\\/\\\/x.com\\\/RN_barretos\",\"https:\\\/\\\/www.instagram.com\\\/redenoticiaz.barretos\\\/?igshid=YmMyMTA2M2Y\",\"https:\\\/\\\/www.linkedin.com\\\/company\\\/rede-noticiaz-barretos-e-regio\\\/\"]},{\"@type\":\"Person\",\"@id\":\"https:\\\/\\\/redenoticiaz.com.br\\\/ribeiraopreto-regiao\\\/#\\\/schema\\\/person\\\/0f0b8a5bdafefe82841e07ae8d81ecb3\",\"name\":\"Leonardo Francisco\",\"image\":{\"@type\":\"ImageObject\",\"inLanguage\":\"pt-BR\",\"@id\":\"https:\\\/\\\/secure.gravatar.com\\\/avatar\\\/a7358cb406a99b682ec6df1e77e31ae82e63601f6784e8a3df411d72b37864da?s=96&d=mm&r=g\",\"url\":\"https:\\\/\\\/secure.gravatar.com\\\/avatar\\\/a7358cb406a99b682ec6df1e77e31ae82e63601f6784e8a3df411d72b37864da?s=96&d=mm&r=g\",\"contentUrl\":\"https:\\\/\\\/secure.gravatar.com\\\/avatar\\\/a7358cb406a99b682ec6df1e77e31ae82e63601f6784e8a3df411d72b37864da?s=96&d=mm&r=g\",\"caption\":\"Leonardo Francisco\"},\"url\":\"https:\\\/\\\/redenoticiaz.com.br\\\/ribeiraopreto-regiao\\\/sp\\\/author\\\/leonardo-francisco\"}]}<\/script>\n<!-- \/ Yoast SEO plugin. -->","yoast_head_json":{"title":"Sal\u00e1rios de Tarc\u00edsio de Freitas, do vice e demais secret\u00e1rios tem sal\u00e1rios reajustados em 50% em projeto aprovado - Ribeir\u00e3o Preto e Regi\u00e3o","description":"aumento de sal\u00e1rio de 50% para o governador eleito de S\u00e3o Paulo, Tarc\u00edsio de Freitas (Republicanos). Al\u00e9m dele, o vice Fel\u00edcio Ramuth (PSD) e os s","robots":{"index":"index","follow":"follow","max-snippet":"max-snippet:-1","max-image-preview":"max-image-preview:large","max-video-preview":"max-video-preview:-1"},"canonical":"https:\/\/redenoticiaz.com.br\/ribeiraopreto-regiao\/sp\/2022\/11\/30\/salarios-de-tarcisio-de-freitas-do-vice-e-demais-secretarios-tem-salarios-reajustados-em-50-em-projeto-aprovado","og_locale":"pt_BR","og_type":"article","og_title":"Sal\u00e1rios de Tarc\u00edsio de Freitas, do vice e demais secret\u00e1rios tem sal\u00e1rios reajustados em 50% em projeto aprovado - Ribeir\u00e3o Preto e Regi\u00e3o","og_description":"aumento de sal\u00e1rio de 50% para o governador eleito de S\u00e3o Paulo, Tarc\u00edsio de Freitas (Republicanos). Al\u00e9m dele, o vice Fel\u00edcio Ramuth (PSD) e os s","og_url":"https:\/\/redenoticiaz.com.br\/ribeiraopreto-regiao\/sp\/2022\/11\/30\/salarios-de-tarcisio-de-freitas-do-vice-e-demais-secretarios-tem-salarios-reajustados-em-50-em-projeto-aprovado","og_site_name":"Ribeir\u00e3o Preto e Regi\u00e3o","article_publisher":"https:\/\/m.facebook.com\/redenoticiaz.barretos","article_published_time":"2022-11-30T10:45:05+00:00","og_image":[{"width":400,"height":250,"url":"https:\/\/redenoticiaz.com.br\/ribeiraopreto-regiao\/wp-content\/uploads\/sites\/4\/2022\/02\/logo.jpg","type":"image\/jpeg"}],"author":"Leonardo Francisco","twitter_card":"summary_large_image","twitter_creator":"@RN_barretos","twitter_site":"@RN_barretos","twitter_misc":{"Escrito por":"Leonardo Francisco","Est. tempo de leitura":"2 minutos"},"schema":{"@context":"https:\/\/schema.org","@graph":[{"@type":"Article","@id":"https:\/\/redenoticiaz.com.br\/ribeiraopreto-regiao\/sp\/2022\/11\/30\/salarios-de-tarcisio-de-freitas-do-vice-e-demais-secretarios-tem-salarios-reajustados-em-50-em-projeto-aprovado#article","isPartOf":{"@id":"https:\/\/redenoticiaz.com.br\/ribeiraopreto-regiao\/sp\/2022\/11\/30\/salarios-de-tarcisio-de-freitas-do-vice-e-demais-secretarios-tem-salarios-reajustados-em-50-em-projeto-aprovado"},"author":{"name":"Leonardo Francisco","@id":"https:\/\/redenoticiaz.com.br\/ribeiraopreto-regiao\/#\/schema\/person\/0f0b8a5bdafefe82841e07ae8d81ecb3"},"headline":"Sal\u00e1rios de Tarc\u00edsio de Freitas, do vice e demais secret\u00e1rios tem sal\u00e1rios reajustados em 50% em projeto aprovado","datePublished":"2022-11-30T10:45:05+00:00","mainEntityOfPage":{"@id":"https:\/\/redenoticiaz.com.br\/ribeiraopreto-regiao\/sp\/2022\/11\/30\/salarios-de-tarcisio-de-freitas-do-vice-e-demais-secretarios-tem-salarios-reajustados-em-50-em-projeto-aprovado"},"wordCount":280,"commentCount":0,"publisher":{"@id":"https:\/\/redenoticiaz.com.br\/ribeiraopreto-regiao\/#organization"},"image":{"@id":"https:\/\/redenoticiaz.com.br\/ribeiraopreto-regiao\/sp\/2022\/11\/30\/salarios-de-tarcisio-de-freitas-do-vice-e-demais-secretarios-tem-salarios-reajustados-em-50-em-projeto-aprovado#primaryimage"},"thumbnailUrl":"https:\/\/redenoticiaz.com.br\/ribeiraopreto-regiao\/wp-content\/uploads\/sites\/4\/2022\/11\/ASSEMBLEIA-LEGISLATIVA-scaled.jpg","keywords":["ASSEMBLEIA LEGISLATIVA DE S\u00c3O PAULO","GOVERNADOR ELEITO","PROJETO DE LEI","REAJUSTE DE SAL\u00c1RIOS","S\u00e3o Paulo","SECRET\u00c1RIOS","TARC\u00cdSIO DE FREITAS","VICE ELEIETO"],"articleSection":["Economia","Pol\u00edtica"],"inLanguage":"pt-BR","potentialAction":[{"@type":"CommentAction","name":"Comment","target":["https:\/\/redenoticiaz.com.br\/ribeiraopreto-regiao\/sp\/2022\/11\/30\/salarios-de-tarcisio-de-freitas-do-vice-e-demais-secretarios-tem-salarios-reajustados-em-50-em-projeto-aprovado#respond"]}]},{"@type":"WebPage","@id":"https:\/\/redenoticiaz.com.br\/ribeiraopreto-regiao\/sp\/2022\/11\/30\/salarios-de-tarcisio-de-freitas-do-vice-e-demais-secretarios-tem-salarios-reajustados-em-50-em-projeto-aprovado","url":"https:\/\/redenoticiaz.com.br\/ribeiraopreto-regiao\/sp\/2022\/11\/30\/salarios-de-tarcisio-de-freitas-do-vice-e-demais-secretarios-tem-salarios-reajustados-em-50-em-projeto-aprovado","name":"Sal\u00e1rios de Tarc\u00edsio de Freitas, do vice e demais secret\u00e1rios tem sal\u00e1rios reajustados em 50% em projeto aprovado - Ribeir\u00e3o Preto e Regi\u00e3o","isPartOf":{"@id":"https:\/\/redenoticiaz.com.br\/ribeiraopreto-regiao\/#website"},"primaryImageOfPage":{"@id":"https:\/\/redenoticiaz.com.br\/ribeiraopreto-regiao\/sp\/2022\/11\/30\/salarios-de-tarcisio-de-freitas-do-vice-e-demais-secretarios-tem-salarios-reajustados-em-50-em-projeto-aprovado#primaryimage"},"image":{"@id":"https:\/\/redenoticiaz.com.br\/ribeiraopreto-regiao\/sp\/2022\/11\/30\/salarios-de-tarcisio-de-freitas-do-vice-e-demais-secretarios-tem-salarios-reajustados-em-50-em-projeto-aprovado#primaryimage"},"thumbnailUrl":"https:\/\/redenoticiaz.com.br\/ribeiraopreto-regiao\/wp-content\/uploads\/sites\/4\/2022\/11\/ASSEMBLEIA-LEGISLATIVA-scaled.jpg","datePublished":"2022-11-30T10:45:05+00:00","description":"aumento de sal\u00e1rio de 50% para o governador eleito de S\u00e3o Paulo, Tarc\u00edsio de Freitas (Republicanos). Al\u00e9m dele, o vice Fel\u00edcio Ramuth (PSD) e os s","inLanguage":"pt-BR","potentialAction":[{"@type":"ReadAction","target":["https:\/\/redenoticiaz.com.br\/ribeiraopreto-regiao\/sp\/2022\/11\/30\/salarios-de-tarcisio-de-freitas-do-vice-e-demais-secretarios-tem-salarios-reajustados-em-50-em-projeto-aprovado"]}]},{"@type":"ImageObject","inLanguage":"pt-BR","@id":"https:\/\/redenoticiaz.com.br\/ribeiraopreto-regiao\/sp\/2022\/11\/30\/salarios-de-tarcisio-de-freitas-do-vice-e-demais-secretarios-tem-salarios-reajustados-em-50-em-projeto-aprovado#primaryimage","url":"https:\/\/redenoticiaz.com.br\/ribeiraopreto-regiao\/wp-content\/uploads\/sites\/4\/2022\/11\/ASSEMBLEIA-LEGISLATIVA-scaled.jpg","contentUrl":"https:\/\/redenoticiaz.com.br\/ribeiraopreto-regiao\/wp-content\/uploads\/sites\/4\/2022\/11\/ASSEMBLEIA-LEGISLATIVA-scaled.jpg","width":1620,"height":1080,"caption":"Cr\u00e9ditos: Divulga\u00e7\u00e3o\/Alesp"},{"@type":"WebSite","@id":"https:\/\/redenoticiaz.com.br\/ribeiraopreto-regiao\/#website","url":"https:\/\/redenoticiaz.com.br\/ribeiraopreto-regiao\/","name":"Ribeir\u00e3o Preto e Regi\u00e3o","description":"Rede NoticiaZ - Ribeir\u00e3o Preto e regi\u00e3o","publisher":{"@id":"https:\/\/redenoticiaz.com.br\/ribeiraopreto-regiao\/#organization"},"potentialAction":[{"@type":"SearchAction","target":{"@type":"EntryPoint","urlTemplate":"https:\/\/redenoticiaz.com.br\/ribeiraopreto-regiao\/?s={search_term_string}"},"query-input":{"@type":"PropertyValueSpecification","valueRequired":true,"valueName":"search_term_string"}}],"inLanguage":"pt-BR"},{"@type":"Organization","@id":"https:\/\/redenoticiaz.com.br\/ribeiraopreto-regiao\/#organization","name":"Ribeir\u00e3o Preto e Regi\u00e3o","url":"https:\/\/redenoticiaz.com.br\/ribeiraopreto-regiao\/","logo":{"@type":"ImageObject","inLanguage":"pt-BR","@id":"https:\/\/redenoticiaz.com.br\/ribeiraopreto-regiao\/#\/schema\/logo\/image\/","url":"https:\/\/redenoticiaz.com.br\/barretos-regiao\/wp-content\/uploads\/sites\/4\/2022\/02\/logo.jpg","contentUrl":"https:\/\/redenoticiaz.com.br\/barretos-regiao\/wp-content\/uploads\/sites\/4\/2022\/02\/logo.jpg","width":400,"height":250,"caption":"Ribeir\u00e3o Preto e Regi\u00e3o"},"image":{"@id":"https:\/\/redenoticiaz.com.br\/ribeiraopreto-regiao\/#\/schema\/logo\/image\/"},"sameAs":["https:\/\/m.facebook.com\/redenoticiaz.barretos","https:\/\/x.com\/RN_barretos","https:\/\/www.instagram.com\/redenoticiaz.barretos\/?igshid=YmMyMTA2M2Y","https:\/\/www.linkedin.com\/company\/rede-noticiaz-barretos-e-regio\/"]},{"@type":"Person","@id":"https:\/\/redenoticiaz.com.br\/ribeiraopreto-regiao\/#\/schema\/person\/0f0b8a5bdafefe82841e07ae8d81ecb3","name":"Leonardo Francisco","image":{"@type":"ImageObject","inLanguage":"pt-BR","@id":"https:\/\/secure.gravatar.com\/avatar\/a7358cb406a99b682ec6df1e77e31ae82e63601f6784e8a3df411d72b37864da?s=96&d=mm&r=g","url":"https:\/\/secure.gravatar.com\/avatar\/a7358cb406a99b682ec6df1e77e31ae82e63601f6784e8a3df411d72b37864da?s=96&d=mm&r=g","contentUrl":"https:\/\/secure.gravatar.com\/avatar\/a7358cb406a99b682ec6df1e77e31ae82e63601f6784e8a3df411d72b37864da?s=96&d=mm&r=g","caption":"Leonardo Francisco"},"url":"https:\/\/redenoticiaz.com.br\/ribeiraopreto-regiao\/sp\/author\/leonardo-francisco"}]}},"_links":{"self":[{"href":"https:\/\/redenoticiaz.com.br\/ribeiraopreto-regiao\/wp-json\/wp\/v2\/posts\/96005","targetHints":{"allow":["GET"]}}],"collection":[{"href":"https:\/\/redenoticiaz.com.br\/ribeiraopreto-regiao\/wp-json\/wp\/v2\/posts"}],"about":[{"href":"https:\/\/redenoticiaz.com.br\/ribeiraopreto-regiao\/wp-json\/wp\/v2\/types\/post"}],"author":[{"embeddable":true,"href":"https:\/\/redenoticiaz.com.br\/ribeiraopreto-regiao\/wp-json\/wp\/v2\/users\/6"}],"replies":[{"embeddable":true,"href":"https:\/\/redenoticiaz.com.br\/ribeiraopreto-regiao\/wp-json\/wp\/v2\/comments?post=96005"}],"version-history":[{"count":1,"href":"https:\/\/redenoticiaz.com.br\/ribeiraopreto-regiao\/wp-json\/wp\/v2\/posts\/96005\/revisions"}],"predecessor-version":[{"id":96006,"href":"https:\/\/redenoticiaz.com.br\/ribeiraopreto-regiao\/wp-json\/wp\/v2\/posts\/96005\/revisions\/96006"}],"wp:featuredmedia":[{"embeddable":true,"href":"https:\/\/redenoticiaz.com.br\/ribeiraopreto-regiao\/wp-json\/wp\/v2\/media\/94802"}],"wp:attachment":[{"href":"https:\/\/redenoticiaz.com.br\/ribeiraopreto-regiao\/wp-json\/wp\/v2\/media?parent=96005"}],"wp:term":[{"taxonomy":"category","embeddable":true,"href":"https:\/\/redenoticiaz.com.br\/ribeiraopreto-regiao\/wp-json\/wp\/v2\/categories?post=96005"},{"taxonomy":"post_tag","embeddable":true,"href":"https:\/\/redenoticiaz.com.br\/ribeiraopreto-regiao\/wp-json\/wp\/v2\/tags?post=96005"}],"curies":[{"name":"wp","href":"https:\/\/api.w.org\/{rel}","templated":true}]}}