{"id":96074,"date":"2022-12-04T07:00:00","date_gmt":"2022-12-04T10:00:00","guid":{"rendered":"https:\/\/redenoticiaz.com.br\/barretos-regiao\/?p=96074"},"modified":"2022-11-30T20:14:48","modified_gmt":"2022-11-30T23:14:48","slug":"especialista-explica-como-evitar-acidentes-de-transito-com-a-chegada-das-viagens-de-fim-de-ano","status":"publish","type":"post","link":"https:\/\/redenoticiaz.com.br\/ribeiraopreto-regiao\/sp\/2022\/12\/04\/especialista-explica-como-evitar-acidentes-de-transito-com-a-chegada-das-viagens-de-fim-de-ano","title":{"rendered":"Especialista explica como evitar acidentes de tr\u00e2nsito com a chegada das viagens de fim de ano"},"content":{"rendered":"<p>Com a chegada do m\u00eas de novembro, muitas fam\u00edlias come\u00e7am a planejar viagens para aproveitar as f\u00e9rias e o descanso de uma rotina de trabalhos e estudos. De acordo com dados da Pol\u00edcia Rodovi\u00e1ria Federal, neste per\u00edodo aumentam os acidentes nas estradas devido \u00e0 maior circula\u00e7\u00e3o de ve\u00edculos de passeio com muitos ocupantes.<\/p>\n<p>J\u00e1 um levantamento feito pela Organiza\u00e7\u00e3o Mundial da Sa\u00fade indicou que 90% dos acidentes de tr\u00e2nsito no Brasil s\u00e3o causados por fator humano. Ainda segundo o \u00f3rg\u00e3o, cerca de 40 mil brasileiros morrem todos os anos em desastres automobil\u00edsticos, transformando o tr\u00e1fego do pa\u00eds no 5\u00ba mais violento do mundo.<\/p>\n<p>De acordo com a Doutora Ingrid Luiza Neto, professora do curso de Psicologia do Centro Universit\u00e1rio do Distrito Federal (UDF), neste per\u00edodo em que muitas pessoas se deslocam nas rodovias, \u00e9 comum a ocorr\u00eancia de in\u00fameras infra\u00e7\u00f5es de tr\u00e2nsito. As principais delas, segundo o anu\u00e1rio da Pol\u00edcia Rodovi\u00e1ria Federal (2021), s\u00e3o excesso de velocidade, ultrapassagem incorreta, falta do cinto de seguran\u00e7a e capacete e o pior deles, alcoolemia.<\/p>\n<h2>Acidentes<\/h2>\n<p>Os acidentes de tr\u00e2nsito ocorrem tanto em vias com muitos ve\u00edculos, quanto naquelas com poucos. Mas, um aspecto que chama aten\u00e7\u00e3o em locais com menos ve\u00edculos \u00e9 o aumento da mortalidade. Em geral, as vias que n\u00e3o t\u00eam tanto movimento induzem que os motoristas excedam a velocidade permitida, tornando o acidente ainda mais letal. Essa situa\u00e7\u00e3o foi verificada na cidade de S\u00e3o Paulo em 2020, durante a pandemia de COVID-19. Apesar da taxa dos acidentes de tr\u00e2nsito ter reduzido, o Relat\u00f3rio Anual de Sinistros de Tr\u00e2nsito indicou que o n\u00famero de mortes cresceu (CETSP, 2020).<\/p>\n<blockquote><p>\u201cPara evitar sinistros de tr\u00e2nsito, especialmente durante as f\u00e9rias, \u00e9 essencial respeitar as normas de tr\u00e2nsito, n\u00e3o excedendo a velocidade permitida na via, n\u00e3o realizando ultrapassagens perigosas, n\u00e3o ingerindo bebida alc\u00f3olica quando for dirigir, al\u00e9m de sempre usar o cinto de seguran\u00e7a ou capacete. Mas, \u00e9 importante lembrar que, mesmo com o comportamento seguro e adequado durante o percurso, h\u00e1 pessoas que infelizmente n\u00e3o fazem o mesmo. Ent\u00e3o, \u00e9 necess\u00e1rio enxergar este ambiente como potencialmente perigoso, identificando poss\u00edveis riscos e comportando-se de maneira defensiva,\u201d<\/p><\/blockquote>\n<p>Al\u00e9m do perigo de acidentes, h\u00e1 tamb\u00e9m a possibilidade de ser multado, devido ao cometimento de infra\u00e7\u00f5es. \u00d3timos exemplos que englobam estes dois preju\u00edzos s\u00e3o usar o celular enquanto dirige (infra\u00e7\u00e3o grav\u00edssima), locomover-se sem o cinto de seguran\u00e7a (infra\u00e7\u00e3o grave) ou transportar mais pessoas no ve\u00edculo do que o permitido (infra\u00e7\u00e3o grav\u00edssima).<\/p>\n<blockquote><p>\u201cDirigir com excesso de passageiros \u00e9 muito perigoso e pode gerar a apreens\u00e3o do ve\u00edculo. Quando um ve\u00edculo transporta mais pessoas do que o permitido, invariavelmente alguma delas ficar\u00e1 sem o cinto, que \u00e9 um equipamento de seguran\u00e7a indispens\u00e1vel\u201d<\/p><\/blockquote>\n<p><strong>Leia mais<\/strong><\/p>\n<p><a href=\"https:\/\/redenoticiaz.com.br\/blog\/2022\/01\/09\/saiba-como-cumprir-as-metas-tracadas-para-o-ano-novo\">Onze capitais brasileiras n\u00e3o v\u00e3o realizar festas de fim de ano<\/a><\/p>\n","protected":false},"excerpt":{"rendered":"<p>Com a chegada do m\u00eas de novembro, muitas fam\u00edlias come\u00e7am a planejar viagens para aproveitar as f\u00e9rias e o descanso de uma rotina de trabalhos e estudos. De acordo com dados da Pol\u00edcia Rodovi\u00e1ria Federal, neste per\u00edodo aumentam os acidentes nas estradas devido \u00e0 maior circula\u00e7\u00e3o de ve\u00edculos de passeio com muitos ocupantes. J\u00e1 um &hellip;<\/p>\n","protected":false},"author":12,"featured_media":96075,"comment_status":"open","ping_status":"closed","sticky":false,"template":"","format":"standard","meta":{"footnotes":""},"categories":[143,2921,330],"tags":[2114,4429,22519],"class_list":["post-96074","post","type-post","status-publish","format-standard","has-post-thumbnail","hentry","category-transito","category-transportes","category-turismo","tag-covid-19","tag-transito","tag-udf"],"yoast_head":"<!-- This site is optimized with the Yoast SEO plugin v27.4 - https:\/\/yoast.com\/product\/yoast-seo-wordpress\/ -->\n<title>Especialista explica como evitar acidentes de tr\u00e2nsito com a chegada das viagens de fim de ano - Ribeir\u00e3o Preto e Regi\u00e3o<\/title>\n<meta name=\"description\" content=\"De acordo com dados da Pol\u00edcia Rodovi\u00e1ria Federal, neste per\u00edodo aumentam os acidentes nas estradas devido \u00e0 maior circula\u00e7\u00e3o de ve\u00edculos de passeio com muitos ocupantes.\u00a0\u00a0\" \/>\n<meta name=\"robots\" content=\"index, follow, max-snippet:-1, max-image-preview:large, max-video-preview:-1\" \/>\n<link rel=\"canonical\" href=\"https:\/\/redenoticiaz.com.br\/ribeiraopreto-regiao\/sp\/2022\/12\/04\/especialista-explica-como-evitar-acidentes-de-transito-com-a-chegada-das-viagens-de-fim-de-ano\" \/>\n<meta property=\"og:locale\" content=\"pt_BR\" \/>\n<meta property=\"og:type\" content=\"article\" \/>\n<meta property=\"og:title\" content=\"Especialista explica como evitar acidentes de tr\u00e2nsito com a chegada das viagens de fim de ano - Ribeir\u00e3o Preto e Regi\u00e3o\" \/>\n<meta property=\"og:description\" content=\"De acordo com dados da Pol\u00edcia Rodovi\u00e1ria Federal, neste per\u00edodo aumentam os acidentes nas estradas devido \u00e0 maior circula\u00e7\u00e3o de ve\u00edculos de passeio com muitos ocupantes.\u00a0\u00a0\" \/>\n<meta property=\"og:url\" content=\"https:\/\/redenoticiaz.com.br\/ribeiraopreto-regiao\/sp\/2022\/12\/04\/especialista-explica-como-evitar-acidentes-de-transito-com-a-chegada-das-viagens-de-fim-de-ano\" \/>\n<meta property=\"og:site_name\" content=\"Ribeir\u00e3o Preto e Regi\u00e3o\" \/>\n<meta property=\"article:publisher\" content=\"https:\/\/m.facebook.com\/redenoticiaz.barretos\" \/>\n<meta property=\"article:published_time\" content=\"2022-12-04T10:00:00+00:00\" \/>\n<meta property=\"og:image\" content=\"https:\/\/redenoticiaz.com.br\/ribeiraopreto-regiao\/wp-content\/uploads\/sites\/4\/2022\/11\/person-traveling-on-the-road-scaled.jpg?v=1669849991\" \/>\n\t<meta property=\"og:image:width\" content=\"1491\" \/>\n\t<meta property=\"og:image:height\" content=\"1080\" \/>\n\t<meta property=\"og:image:type\" content=\"image\/jpeg\" \/>\n<meta name=\"author\" content=\"Gustavo Silva\" \/>\n<meta name=\"twitter:card\" content=\"summary_large_image\" \/>\n<meta name=\"twitter:creator\" content=\"@RN_barretos\" \/>\n<meta name=\"twitter:site\" content=\"@RN_barretos\" \/>\n<meta name=\"twitter:label1\" content=\"Escrito por\" \/>\n\t<meta name=\"twitter:data1\" content=\"Gustavo Silva\" \/>\n\t<meta name=\"twitter:label2\" content=\"Est. tempo de leitura\" \/>\n\t<meta name=\"twitter:data2\" content=\"3 minutos\" \/>\n<script type=\"application\/ld+json\" class=\"yoast-schema-graph\">{\"@context\":\"https:\\\/\\\/schema.org\",\"@graph\":[{\"@type\":\"Article\",\"@id\":\"https:\\\/\\\/redenoticiaz.com.br\\\/ribeiraopreto-regiao\\\/sp\\\/2022\\\/12\\\/04\\\/especialista-explica-como-evitar-acidentes-de-transito-com-a-chegada-das-viagens-de-fim-de-ano#article\",\"isPartOf\":{\"@id\":\"https:\\\/\\\/redenoticiaz.com.br\\\/ribeiraopreto-regiao\\\/sp\\\/2022\\\/12\\\/04\\\/especialista-explica-como-evitar-acidentes-de-transito-com-a-chegada-das-viagens-de-fim-de-ano\"},\"author\":{\"name\":\"Gustavo Silva\",\"@id\":\"https:\\\/\\\/redenoticiaz.com.br\\\/ribeiraopreto-regiao\\\/#\\\/schema\\\/person\\\/16057b37a3c0ee6b096d7f887c566e2e\"},\"headline\":\"Especialista explica como evitar acidentes de tr\u00e2nsito com a chegada das viagens de fim de ano\",\"datePublished\":\"2022-12-04T10:00:00+00:00\",\"mainEntityOfPage\":{\"@id\":\"https:\\\/\\\/redenoticiaz.com.br\\\/ribeiraopreto-regiao\\\/sp\\\/2022\\\/12\\\/04\\\/especialista-explica-como-evitar-acidentes-de-transito-com-a-chegada-das-viagens-de-fim-de-ano\"},\"wordCount\":530,\"commentCount\":0,\"publisher\":{\"@id\":\"https:\\\/\\\/redenoticiaz.com.br\\\/ribeiraopreto-regiao\\\/#organization\"},\"image\":{\"@id\":\"https:\\\/\\\/redenoticiaz.com.br\\\/ribeiraopreto-regiao\\\/sp\\\/2022\\\/12\\\/04\\\/especialista-explica-como-evitar-acidentes-de-transito-com-a-chegada-das-viagens-de-fim-de-ano#primaryimage\"},\"thumbnailUrl\":\"https:\\\/\\\/redenoticiaz.com.br\\\/ribeiraopreto-regiao\\\/wp-content\\\/uploads\\\/sites\\\/4\\\/2022\\\/11\\\/person-traveling-on-the-road-scaled.jpg?v=1669849991\",\"keywords\":[\"Covid-19\",\"transito\",\"UDF\"],\"articleSection\":[\"Tr\u00e2nsito\",\"Transportes\",\"Turismo\"],\"inLanguage\":\"pt-BR\",\"potentialAction\":[{\"@type\":\"CommentAction\",\"name\":\"Comment\",\"target\":[\"https:\\\/\\\/redenoticiaz.com.br\\\/ribeiraopreto-regiao\\\/sp\\\/2022\\\/12\\\/04\\\/especialista-explica-como-evitar-acidentes-de-transito-com-a-chegada-das-viagens-de-fim-de-ano#respond\"]}]},{\"@type\":\"WebPage\",\"@id\":\"https:\\\/\\\/redenoticiaz.com.br\\\/ribeiraopreto-regiao\\\/sp\\\/2022\\\/12\\\/04\\\/especialista-explica-como-evitar-acidentes-de-transito-com-a-chegada-das-viagens-de-fim-de-ano\",\"url\":\"https:\\\/\\\/redenoticiaz.com.br\\\/ribeiraopreto-regiao\\\/sp\\\/2022\\\/12\\\/04\\\/especialista-explica-como-evitar-acidentes-de-transito-com-a-chegada-das-viagens-de-fim-de-ano\",\"name\":\"Especialista explica como evitar acidentes de tr\u00e2nsito com a chegada das viagens de fim de ano - Ribeir\u00e3o Preto e Regi\u00e3o\",\"isPartOf\":{\"@id\":\"https:\\\/\\\/redenoticiaz.com.br\\\/ribeiraopreto-regiao\\\/#website\"},\"primaryImageOfPage\":{\"@id\":\"https:\\\/\\\/redenoticiaz.com.br\\\/ribeiraopreto-regiao\\\/sp\\\/2022\\\/12\\\/04\\\/especialista-explica-como-evitar-acidentes-de-transito-com-a-chegada-das-viagens-de-fim-de-ano#primaryimage\"},\"image\":{\"@id\":\"https:\\\/\\\/redenoticiaz.com.br\\\/ribeiraopreto-regiao\\\/sp\\\/2022\\\/12\\\/04\\\/especialista-explica-como-evitar-acidentes-de-transito-com-a-chegada-das-viagens-de-fim-de-ano#primaryimage\"},\"thumbnailUrl\":\"https:\\\/\\\/redenoticiaz.com.br\\\/ribeiraopreto-regiao\\\/wp-content\\\/uploads\\\/sites\\\/4\\\/2022\\\/11\\\/person-traveling-on-the-road-scaled.jpg?v=1669849991\",\"datePublished\":\"2022-12-04T10:00:00+00:00\",\"description\":\"De acordo com dados da Pol\u00edcia Rodovi\u00e1ria Federal, neste per\u00edodo aumentam os acidentes nas estradas devido \u00e0 maior circula\u00e7\u00e3o de ve\u00edculos de passeio com muitos ocupantes.\u00a0\u00a0\",\"inLanguage\":\"pt-BR\",\"potentialAction\":[{\"@type\":\"ReadAction\",\"target\":[\"https:\\\/\\\/redenoticiaz.com.br\\\/ribeiraopreto-regiao\\\/sp\\\/2022\\\/12\\\/04\\\/especialista-explica-como-evitar-acidentes-de-transito-com-a-chegada-das-viagens-de-fim-de-ano\"]}]},{\"@type\":\"ImageObject\",\"inLanguage\":\"pt-BR\",\"@id\":\"https:\\\/\\\/redenoticiaz.com.br\\\/ribeiraopreto-regiao\\\/sp\\\/2022\\\/12\\\/04\\\/especialista-explica-como-evitar-acidentes-de-transito-com-a-chegada-das-viagens-de-fim-de-ano#primaryimage\",\"url\":\"https:\\\/\\\/redenoticiaz.com.br\\\/ribeiraopreto-regiao\\\/wp-content\\\/uploads\\\/sites\\\/4\\\/2022\\\/11\\\/person-traveling-on-the-road-scaled.jpg?v=1669849991\",\"contentUrl\":\"https:\\\/\\\/redenoticiaz.com.br\\\/ribeiraopreto-regiao\\\/wp-content\\\/uploads\\\/sites\\\/4\\\/2022\\\/11\\\/person-traveling-on-the-road-scaled.jpg?v=1669849991\",\"width\":1491,\"height\":1080,\"caption\":\"Especialista explica como evitar acidentes de tr\u00e2nsito com a chegada das viagens de fim de ano\"},{\"@type\":\"WebSite\",\"@id\":\"https:\\\/\\\/redenoticiaz.com.br\\\/ribeiraopreto-regiao\\\/#website\",\"url\":\"https:\\\/\\\/redenoticiaz.com.br\\\/ribeiraopreto-regiao\\\/\",\"name\":\"Ribeir\u00e3o Preto e Regi\u00e3o\",\"description\":\"Rede NoticiaZ - Ribeir\u00e3o Preto e regi\u00e3o\",\"publisher\":{\"@id\":\"https:\\\/\\\/redenoticiaz.com.br\\\/ribeiraopreto-regiao\\\/#organization\"},\"potentialAction\":[{\"@type\":\"SearchAction\",\"target\":{\"@type\":\"EntryPoint\",\"urlTemplate\":\"https:\\\/\\\/redenoticiaz.com.br\\\/ribeiraopreto-regiao\\\/?s={search_term_string}\"},\"query-input\":{\"@type\":\"PropertyValueSpecification\",\"valueRequired\":true,\"valueName\":\"search_term_string\"}}],\"inLanguage\":\"pt-BR\"},{\"@type\":\"Organization\",\"@id\":\"https:\\\/\\\/redenoticiaz.com.br\\\/ribeiraopreto-regiao\\\/#organization\",\"name\":\"Ribeir\u00e3o Preto e Regi\u00e3o\",\"url\":\"https:\\\/\\\/redenoticiaz.com.br\\\/ribeiraopreto-regiao\\\/\",\"logo\":{\"@type\":\"ImageObject\",\"inLanguage\":\"pt-BR\",\"@id\":\"https:\\\/\\\/redenoticiaz.com.br\\\/ribeiraopreto-regiao\\\/#\\\/schema\\\/logo\\\/image\\\/\",\"url\":\"https:\\\/\\\/redenoticiaz.com.br\\\/barretos-regiao\\\/wp-content\\\/uploads\\\/sites\\\/4\\\/2022\\\/02\\\/logo.jpg\",\"contentUrl\":\"https:\\\/\\\/redenoticiaz.com.br\\\/barretos-regiao\\\/wp-content\\\/uploads\\\/sites\\\/4\\\/2022\\\/02\\\/logo.jpg\",\"width\":400,\"height\":250,\"caption\":\"Ribeir\u00e3o Preto e Regi\u00e3o\"},\"image\":{\"@id\":\"https:\\\/\\\/redenoticiaz.com.br\\\/ribeiraopreto-regiao\\\/#\\\/schema\\\/logo\\\/image\\\/\"},\"sameAs\":[\"https:\\\/\\\/m.facebook.com\\\/redenoticiaz.barretos\",\"https:\\\/\\\/x.com\\\/RN_barretos\",\"https:\\\/\\\/www.instagram.com\\\/redenoticiaz.barretos\\\/?igshid=YmMyMTA2M2Y\",\"https:\\\/\\\/www.linkedin.com\\\/company\\\/rede-noticiaz-barretos-e-regio\\\/\"]},{\"@type\":\"Person\",\"@id\":\"https:\\\/\\\/redenoticiaz.com.br\\\/ribeiraopreto-regiao\\\/#\\\/schema\\\/person\\\/16057b37a3c0ee6b096d7f887c566e2e\",\"name\":\"Gustavo Silva\",\"image\":{\"@type\":\"ImageObject\",\"inLanguage\":\"pt-BR\",\"@id\":\"https:\\\/\\\/secure.gravatar.com\\\/avatar\\\/3ee4e82f93b26de0a7cf4ea5eb7893da637ed6bb0c9170c58065944c56e28a33?s=96&d=mm&r=g\",\"url\":\"https:\\\/\\\/secure.gravatar.com\\\/avatar\\\/3ee4e82f93b26de0a7cf4ea5eb7893da637ed6bb0c9170c58065944c56e28a33?s=96&d=mm&r=g\",\"contentUrl\":\"https:\\\/\\\/secure.gravatar.com\\\/avatar\\\/3ee4e82f93b26de0a7cf4ea5eb7893da637ed6bb0c9170c58065944c56e28a33?s=96&d=mm&r=g\",\"caption\":\"Gustavo Silva\"},\"url\":\"https:\\\/\\\/redenoticiaz.com.br\\\/ribeiraopreto-regiao\\\/sp\\\/author\\\/gustavosilva\"}]}<\/script>\n<!-- \/ Yoast SEO plugin. -->","yoast_head_json":{"title":"Especialista explica como evitar acidentes de tr\u00e2nsito com a chegada das viagens de fim de ano - Ribeir\u00e3o Preto e Regi\u00e3o","description":"De acordo com dados da Pol\u00edcia Rodovi\u00e1ria Federal, neste per\u00edodo aumentam os acidentes nas estradas devido \u00e0 maior circula\u00e7\u00e3o de ve\u00edculos de passeio com muitos ocupantes.\u00a0\u00a0","robots":{"index":"index","follow":"follow","max-snippet":"max-snippet:-1","max-image-preview":"max-image-preview:large","max-video-preview":"max-video-preview:-1"},"canonical":"https:\/\/redenoticiaz.com.br\/ribeiraopreto-regiao\/sp\/2022\/12\/04\/especialista-explica-como-evitar-acidentes-de-transito-com-a-chegada-das-viagens-de-fim-de-ano","og_locale":"pt_BR","og_type":"article","og_title":"Especialista explica como evitar acidentes de tr\u00e2nsito com a chegada das viagens de fim de ano - Ribeir\u00e3o Preto e Regi\u00e3o","og_description":"De acordo com dados da Pol\u00edcia Rodovi\u00e1ria Federal, neste per\u00edodo aumentam os acidentes nas estradas devido \u00e0 maior circula\u00e7\u00e3o de ve\u00edculos de passeio com muitos ocupantes.\u00a0\u00a0","og_url":"https:\/\/redenoticiaz.com.br\/ribeiraopreto-regiao\/sp\/2022\/12\/04\/especialista-explica-como-evitar-acidentes-de-transito-com-a-chegada-das-viagens-de-fim-de-ano","og_site_name":"Ribeir\u00e3o Preto e Regi\u00e3o","article_publisher":"https:\/\/m.facebook.com\/redenoticiaz.barretos","article_published_time":"2022-12-04T10:00:00+00:00","og_image":[{"width":1491,"height":1080,"url":"https:\/\/redenoticiaz.com.br\/ribeiraopreto-regiao\/wp-content\/uploads\/sites\/4\/2022\/11\/person-traveling-on-the-road-scaled.jpg?v=1669849991","type":"image\/jpeg"}],"author":"Gustavo Silva","twitter_card":"summary_large_image","twitter_creator":"@RN_barretos","twitter_site":"@RN_barretos","twitter_misc":{"Escrito por":"Gustavo Silva","Est. tempo de leitura":"3 minutos"},"schema":{"@context":"https:\/\/schema.org","@graph":[{"@type":"Article","@id":"https:\/\/redenoticiaz.com.br\/ribeiraopreto-regiao\/sp\/2022\/12\/04\/especialista-explica-como-evitar-acidentes-de-transito-com-a-chegada-das-viagens-de-fim-de-ano#article","isPartOf":{"@id":"https:\/\/redenoticiaz.com.br\/ribeiraopreto-regiao\/sp\/2022\/12\/04\/especialista-explica-como-evitar-acidentes-de-transito-com-a-chegada-das-viagens-de-fim-de-ano"},"author":{"name":"Gustavo Silva","@id":"https:\/\/redenoticiaz.com.br\/ribeiraopreto-regiao\/#\/schema\/person\/16057b37a3c0ee6b096d7f887c566e2e"},"headline":"Especialista explica como evitar acidentes de tr\u00e2nsito com a chegada das viagens de fim de ano","datePublished":"2022-12-04T10:00:00+00:00","mainEntityOfPage":{"@id":"https:\/\/redenoticiaz.com.br\/ribeiraopreto-regiao\/sp\/2022\/12\/04\/especialista-explica-como-evitar-acidentes-de-transito-com-a-chegada-das-viagens-de-fim-de-ano"},"wordCount":530,"commentCount":0,"publisher":{"@id":"https:\/\/redenoticiaz.com.br\/ribeiraopreto-regiao\/#organization"},"image":{"@id":"https:\/\/redenoticiaz.com.br\/ribeiraopreto-regiao\/sp\/2022\/12\/04\/especialista-explica-como-evitar-acidentes-de-transito-com-a-chegada-das-viagens-de-fim-de-ano#primaryimage"},"thumbnailUrl":"https:\/\/redenoticiaz.com.br\/ribeiraopreto-regiao\/wp-content\/uploads\/sites\/4\/2022\/11\/person-traveling-on-the-road-scaled.jpg?v=1669849991","keywords":["Covid-19","transito","UDF"],"articleSection":["Tr\u00e2nsito","Transportes","Turismo"],"inLanguage":"pt-BR","potentialAction":[{"@type":"CommentAction","name":"Comment","target":["https:\/\/redenoticiaz.com.br\/ribeiraopreto-regiao\/sp\/2022\/12\/04\/especialista-explica-como-evitar-acidentes-de-transito-com-a-chegada-das-viagens-de-fim-de-ano#respond"]}]},{"@type":"WebPage","@id":"https:\/\/redenoticiaz.com.br\/ribeiraopreto-regiao\/sp\/2022\/12\/04\/especialista-explica-como-evitar-acidentes-de-transito-com-a-chegada-das-viagens-de-fim-de-ano","url":"https:\/\/redenoticiaz.com.br\/ribeiraopreto-regiao\/sp\/2022\/12\/04\/especialista-explica-como-evitar-acidentes-de-transito-com-a-chegada-das-viagens-de-fim-de-ano","name":"Especialista explica como evitar acidentes de tr\u00e2nsito com a chegada das viagens de fim de ano - Ribeir\u00e3o Preto e Regi\u00e3o","isPartOf":{"@id":"https:\/\/redenoticiaz.com.br\/ribeiraopreto-regiao\/#website"},"primaryImageOfPage":{"@id":"https:\/\/redenoticiaz.com.br\/ribeiraopreto-regiao\/sp\/2022\/12\/04\/especialista-explica-como-evitar-acidentes-de-transito-com-a-chegada-das-viagens-de-fim-de-ano#primaryimage"},"image":{"@id":"https:\/\/redenoticiaz.com.br\/ribeiraopreto-regiao\/sp\/2022\/12\/04\/especialista-explica-como-evitar-acidentes-de-transito-com-a-chegada-das-viagens-de-fim-de-ano#primaryimage"},"thumbnailUrl":"https:\/\/redenoticiaz.com.br\/ribeiraopreto-regiao\/wp-content\/uploads\/sites\/4\/2022\/11\/person-traveling-on-the-road-scaled.jpg?v=1669849991","datePublished":"2022-12-04T10:00:00+00:00","description":"De acordo com dados da Pol\u00edcia Rodovi\u00e1ria Federal, neste per\u00edodo aumentam os acidentes nas estradas devido \u00e0 maior circula\u00e7\u00e3o de ve\u00edculos de passeio com muitos ocupantes.\u00a0\u00a0","inLanguage":"pt-BR","potentialAction":[{"@type":"ReadAction","target":["https:\/\/redenoticiaz.com.br\/ribeiraopreto-regiao\/sp\/2022\/12\/04\/especialista-explica-como-evitar-acidentes-de-transito-com-a-chegada-das-viagens-de-fim-de-ano"]}]},{"@type":"ImageObject","inLanguage":"pt-BR","@id":"https:\/\/redenoticiaz.com.br\/ribeiraopreto-regiao\/sp\/2022\/12\/04\/especialista-explica-como-evitar-acidentes-de-transito-com-a-chegada-das-viagens-de-fim-de-ano#primaryimage","url":"https:\/\/redenoticiaz.com.br\/ribeiraopreto-regiao\/wp-content\/uploads\/sites\/4\/2022\/11\/person-traveling-on-the-road-scaled.jpg?v=1669849991","contentUrl":"https:\/\/redenoticiaz.com.br\/ribeiraopreto-regiao\/wp-content\/uploads\/sites\/4\/2022\/11\/person-traveling-on-the-road-scaled.jpg?v=1669849991","width":1491,"height":1080,"caption":"Especialista explica como evitar acidentes de tr\u00e2nsito com a chegada das viagens de fim de ano"},{"@type":"WebSite","@id":"https:\/\/redenoticiaz.com.br\/ribeiraopreto-regiao\/#website","url":"https:\/\/redenoticiaz.com.br\/ribeiraopreto-regiao\/","name":"Ribeir\u00e3o Preto e Regi\u00e3o","description":"Rede NoticiaZ - Ribeir\u00e3o Preto e regi\u00e3o","publisher":{"@id":"https:\/\/redenoticiaz.com.br\/ribeiraopreto-regiao\/#organization"},"potentialAction":[{"@type":"SearchAction","target":{"@type":"EntryPoint","urlTemplate":"https:\/\/redenoticiaz.com.br\/ribeiraopreto-regiao\/?s={search_term_string}"},"query-input":{"@type":"PropertyValueSpecification","valueRequired":true,"valueName":"search_term_string"}}],"inLanguage":"pt-BR"},{"@type":"Organization","@id":"https:\/\/redenoticiaz.com.br\/ribeiraopreto-regiao\/#organization","name":"Ribeir\u00e3o Preto e Regi\u00e3o","url":"https:\/\/redenoticiaz.com.br\/ribeiraopreto-regiao\/","logo":{"@type":"ImageObject","inLanguage":"pt-BR","@id":"https:\/\/redenoticiaz.com.br\/ribeiraopreto-regiao\/#\/schema\/logo\/image\/","url":"https:\/\/redenoticiaz.com.br\/barretos-regiao\/wp-content\/uploads\/sites\/4\/2022\/02\/logo.jpg","contentUrl":"https:\/\/redenoticiaz.com.br\/barretos-regiao\/wp-content\/uploads\/sites\/4\/2022\/02\/logo.jpg","width":400,"height":250,"caption":"Ribeir\u00e3o Preto e Regi\u00e3o"},"image":{"@id":"https:\/\/redenoticiaz.com.br\/ribeiraopreto-regiao\/#\/schema\/logo\/image\/"},"sameAs":["https:\/\/m.facebook.com\/redenoticiaz.barretos","https:\/\/x.com\/RN_barretos","https:\/\/www.instagram.com\/redenoticiaz.barretos\/?igshid=YmMyMTA2M2Y","https:\/\/www.linkedin.com\/company\/rede-noticiaz-barretos-e-regio\/"]},{"@type":"Person","@id":"https:\/\/redenoticiaz.com.br\/ribeiraopreto-regiao\/#\/schema\/person\/16057b37a3c0ee6b096d7f887c566e2e","name":"Gustavo Silva","image":{"@type":"ImageObject","inLanguage":"pt-BR","@id":"https:\/\/secure.gravatar.com\/avatar\/3ee4e82f93b26de0a7cf4ea5eb7893da637ed6bb0c9170c58065944c56e28a33?s=96&d=mm&r=g","url":"https:\/\/secure.gravatar.com\/avatar\/3ee4e82f93b26de0a7cf4ea5eb7893da637ed6bb0c9170c58065944c56e28a33?s=96&d=mm&r=g","contentUrl":"https:\/\/secure.gravatar.com\/avatar\/3ee4e82f93b26de0a7cf4ea5eb7893da637ed6bb0c9170c58065944c56e28a33?s=96&d=mm&r=g","caption":"Gustavo Silva"},"url":"https:\/\/redenoticiaz.com.br\/ribeiraopreto-regiao\/sp\/author\/gustavosilva"}]}},"_links":{"self":[{"href":"https:\/\/redenoticiaz.com.br\/ribeiraopreto-regiao\/wp-json\/wp\/v2\/posts\/96074","targetHints":{"allow":["GET"]}}],"collection":[{"href":"https:\/\/redenoticiaz.com.br\/ribeiraopreto-regiao\/wp-json\/wp\/v2\/posts"}],"about":[{"href":"https:\/\/redenoticiaz.com.br\/ribeiraopreto-regiao\/wp-json\/wp\/v2\/types\/post"}],"author":[{"embeddable":true,"href":"https:\/\/redenoticiaz.com.br\/ribeiraopreto-regiao\/wp-json\/wp\/v2\/users\/12"}],"replies":[{"embeddable":true,"href":"https:\/\/redenoticiaz.com.br\/ribeiraopreto-regiao\/wp-json\/wp\/v2\/comments?post=96074"}],"version-history":[{"count":0,"href":"https:\/\/redenoticiaz.com.br\/ribeiraopreto-regiao\/wp-json\/wp\/v2\/posts\/96074\/revisions"}],"wp:featuredmedia":[{"embeddable":true,"href":"https:\/\/redenoticiaz.com.br\/ribeiraopreto-regiao\/wp-json\/wp\/v2\/media\/96075"}],"wp:attachment":[{"href":"https:\/\/redenoticiaz.com.br\/ribeiraopreto-regiao\/wp-json\/wp\/v2\/media?parent=96074"}],"wp:term":[{"taxonomy":"category","embeddable":true,"href":"https:\/\/redenoticiaz.com.br\/ribeiraopreto-regiao\/wp-json\/wp\/v2\/categories?post=96074"},{"taxonomy":"post_tag","embeddable":true,"href":"https:\/\/redenoticiaz.com.br\/ribeiraopreto-regiao\/wp-json\/wp\/v2\/tags?post=96074"}],"curies":[{"name":"wp","href":"https:\/\/api.w.org\/{rel}","templated":true}]}}