{"id":96128,"date":"2022-12-01T16:43:35","date_gmt":"2022-12-01T19:43:35","guid":{"rendered":"https:\/\/redenoticiaz.com.br\/barretos-regiao\/?p=96128"},"modified":"2022-12-01T16:49:28","modified_gmt":"2022-12-01T19:49:28","slug":"homem-e-preso-apos-furtar-diversos-pares-de-chinelo-em-supermercado","status":"publish","type":"post","link":"https:\/\/redenoticiaz.com.br\/ribeiraopreto-regiao\/sp\/2022\/12\/01\/homem-e-preso-apos-furtar-diversos-pares-de-chinelo-em-supermercado","title":{"rendered":"Homem \u00e9 preso ap\u00f3s furtar diversos pares de chinelo em supermercado"},"content":{"rendered":"<p>Funcion\u00e1rio de 59 anos que trabalha em um supermercado na Avenida 43, contou na delegacia que por volta das 16h35 um homem entrou no com\u00e9rcio e furtou diversos pares de chinelo.<\/p>\n<p>&nbsp;<\/p>\n<p>O suspeito, de 38 anos, adentrou ao supermercado com uma mochila e se dirigiu at\u00e9 a sess\u00e3o de chinelos do estabelecimento. O funcion\u00e1rio suspeitando do autor, acompanhou pelo sistema de monitoramento e visualizou quando ele furtou cinco pares de chinelos e os colocou dentro do mochila.<\/p>\n<p>&nbsp;<\/p>\n<p>Em seguida o autor se dirigiu a porta de sa\u00edda sem passar pelos caixas, vindo a ser abordado na \u00e1rea externa do supermercado e conduzido a uma sala separada, onde ap\u00f3s ser questionado, confessou a pr\u00e1tico do crime alegando estava passando por dificuldades financeiras e possu\u00eda uma filha com defici\u00eancia.<\/p>\n<p>&nbsp;<\/p>\n<p>O gerente da empresa acompanhou o procedimento e acionou a Pol\u00edcia Militar, conduzindo o autor at\u00e9 a delegacia, onde a pris\u00e3o dada a ele foi ratificada e ele recolhido em uma cela da cadeia da cidade de Colina, onde permaneceu preso e a disposi\u00e7\u00e3o da Justi\u00e7a.<\/p>\n<p>&nbsp;<\/p>\n<p>VEJA TAMB\u00c9M:\u00a0<a href=\"https:\/\/redenoticiaz.com.br\/barretos-regiao\/sp\/2022\/12\/01\/homem-e-preso-com-maconha-e-ecstasy\">Homem \u00e9 preso com maconha e ecstasy<\/a><\/p>\n","protected":false},"excerpt":{"rendered":"<p>Funcion\u00e1rio de 59 anos que trabalha em um supermercado na Avenida 43, contou na delegacia que por volta das 16h35 um homem entrou no com\u00e9rcio e furtou diversos pares de chinelo. &nbsp; O suspeito, de 38 anos, adentrou ao supermercado com uma mochila e se dirigiu at\u00e9 a sess\u00e3o de chinelos do estabelecimento. O funcion\u00e1rio &hellip;<\/p>\n","protected":false},"author":15,"featured_media":96132,"comment_status":"open","ping_status":"closed","sticky":false,"template":"","format":"standard","meta":{"footnotes":""},"categories":[88],"tags":[22544,2731,22368,8776],"class_list":["post-96128","post","type-post","status-publish","format-standard","has-post-thumbnail","hentry","category-policia","tag-chinelo","tag-furto","tag-policia-2","tag-supermercado"],"yoast_head":"<!-- This site is optimized with the Yoast SEO plugin v27.5 - https:\/\/yoast.com\/product\/yoast-seo-wordpress\/ -->\n<title>Homem \u00e9 preso ap\u00f3s furtar diversos pares de chinelo em supermercado - Ribeir\u00e3o Preto e Regi\u00e3o<\/title>\n<meta name=\"description\" content=\"Funcion\u00e1rio de um supermercado em Barretos, contou na delegacia que por volta das 16h35 um homem entrou no com\u00e9rcio e furtou diversos pares...\" \/>\n<meta name=\"robots\" content=\"index, follow, max-snippet:-1, max-image-preview:large, max-video-preview:-1\" \/>\n<link rel=\"canonical\" href=\"https:\/\/redenoticiaz.com.br\/ribeiraopreto-regiao\/sp\/2022\/12\/01\/homem-e-preso-apos-furtar-diversos-pares-de-chinelo-em-supermercado\" \/>\n<meta property=\"og:locale\" content=\"pt_BR\" \/>\n<meta property=\"og:type\" content=\"article\" \/>\n<meta property=\"og:title\" content=\"Homem \u00e9 preso ap\u00f3s furtar diversos pares de chinelo em supermercado - Ribeir\u00e3o Preto e Regi\u00e3o\" \/>\n<meta property=\"og:description\" content=\"Funcion\u00e1rio de um supermercado em Barretos, contou na delegacia que por volta das 16h35 um homem entrou no com\u00e9rcio e furtou diversos pares...\" \/>\n<meta property=\"og:url\" content=\"https:\/\/redenoticiaz.com.br\/ribeiraopreto-regiao\/sp\/2022\/12\/01\/homem-e-preso-apos-furtar-diversos-pares-de-chinelo-em-supermercado\" \/>\n<meta property=\"og:site_name\" content=\"Ribeir\u00e3o Preto e Regi\u00e3o\" \/>\n<meta property=\"article:publisher\" content=\"https:\/\/m.facebook.com\/redenoticiaz.barretos\" \/>\n<meta property=\"article:published_time\" content=\"2022-12-01T19:43:35+00:00\" \/>\n<meta property=\"article:modified_time\" content=\"2022-12-01T19:49:28+00:00\" \/>\n<meta property=\"og:image\" content=\"https:\/\/redenoticiaz.com.br\/ribeiraopreto-regiao\/wp-content\/uploads\/sites\/4\/2022\/12\/Homem-e-preso-apos-furtar-diversos-pares-de-chinelo-em-supermercado-1.png\" \/>\n\t<meta property=\"og:image:width\" content=\"1200\" \/>\n\t<meta property=\"og:image:height\" content=\"628\" \/>\n\t<meta property=\"og:image:type\" content=\"image\/png\" \/>\n<meta name=\"twitter:card\" content=\"summary_large_image\" \/>\n<meta name=\"twitter:creator\" content=\"@RN_barretos\" \/>\n<meta name=\"twitter:site\" content=\"@RN_barretos\" \/>\n<meta name=\"twitter:label1\" content=\"Escrito por\" \/>\n\t<meta name=\"twitter:data1\" content=\"\" \/>\n\t<meta name=\"twitter:label2\" content=\"Est. tempo de leitura\" \/>\n\t<meta name=\"twitter:data2\" content=\"2 minutos\" \/>\n<script type=\"application\/ld+json\" class=\"yoast-schema-graph\">{\"@context\":\"https:\\\/\\\/schema.org\",\"@graph\":[{\"@type\":\"Article\",\"@id\":\"https:\\\/\\\/redenoticiaz.com.br\\\/ribeiraopreto-regiao\\\/sp\\\/2022\\\/12\\\/01\\\/homem-e-preso-apos-furtar-diversos-pares-de-chinelo-em-supermercado#article\",\"isPartOf\":{\"@id\":\"https:\\\/\\\/redenoticiaz.com.br\\\/ribeiraopreto-regiao\\\/sp\\\/2022\\\/12\\\/01\\\/homem-e-preso-apos-furtar-diversos-pares-de-chinelo-em-supermercado\"},\"author\":{\"name\":\"\",\"@id\":\"\"},\"headline\":\"Homem \u00e9 preso ap\u00f3s furtar diversos pares de chinelo em supermercado\",\"datePublished\":\"2022-12-01T19:43:35+00:00\",\"dateModified\":\"2022-12-01T19:49:28+00:00\",\"mainEntityOfPage\":{\"@id\":\"https:\\\/\\\/redenoticiaz.com.br\\\/ribeiraopreto-regiao\\\/sp\\\/2022\\\/12\\\/01\\\/homem-e-preso-apos-furtar-diversos-pares-de-chinelo-em-supermercado\"},\"wordCount\":207,\"commentCount\":0,\"publisher\":{\"@id\":\"https:\\\/\\\/redenoticiaz.com.br\\\/ribeiraopreto-regiao\\\/#organization\"},\"image\":{\"@id\":\"https:\\\/\\\/redenoticiaz.com.br\\\/ribeiraopreto-regiao\\\/sp\\\/2022\\\/12\\\/01\\\/homem-e-preso-apos-furtar-diversos-pares-de-chinelo-em-supermercado#primaryimage\"},\"thumbnailUrl\":\"https:\\\/\\\/redenoticiaz.com.br\\\/ribeiraopreto-regiao\\\/wp-content\\\/uploads\\\/sites\\\/4\\\/2022\\\/12\\\/Homem-e-preso-apos-furtar-diversos-pares-de-chinelo-em-supermercado-1.png\",\"keywords\":[\"CHINELO\",\"furto\",\"POL\u00cdCIA\",\"SUPERMERCADO\"],\"articleSection\":[\"Pol\u00edcia\"],\"inLanguage\":\"pt-BR\",\"potentialAction\":[{\"@type\":\"CommentAction\",\"name\":\"Comment\",\"target\":[\"https:\\\/\\\/redenoticiaz.com.br\\\/ribeiraopreto-regiao\\\/sp\\\/2022\\\/12\\\/01\\\/homem-e-preso-apos-furtar-diversos-pares-de-chinelo-em-supermercado#respond\"]}]},{\"@type\":\"WebPage\",\"@id\":\"https:\\\/\\\/redenoticiaz.com.br\\\/ribeiraopreto-regiao\\\/sp\\\/2022\\\/12\\\/01\\\/homem-e-preso-apos-furtar-diversos-pares-de-chinelo-em-supermercado\",\"url\":\"https:\\\/\\\/redenoticiaz.com.br\\\/ribeiraopreto-regiao\\\/sp\\\/2022\\\/12\\\/01\\\/homem-e-preso-apos-furtar-diversos-pares-de-chinelo-em-supermercado\",\"name\":\"Homem \u00e9 preso ap\u00f3s furtar diversos pares de chinelo em supermercado - Ribeir\u00e3o Preto e Regi\u00e3o\",\"isPartOf\":{\"@id\":\"https:\\\/\\\/redenoticiaz.com.br\\\/ribeiraopreto-regiao\\\/#website\"},\"primaryImageOfPage\":{\"@id\":\"https:\\\/\\\/redenoticiaz.com.br\\\/ribeiraopreto-regiao\\\/sp\\\/2022\\\/12\\\/01\\\/homem-e-preso-apos-furtar-diversos-pares-de-chinelo-em-supermercado#primaryimage\"},\"image\":{\"@id\":\"https:\\\/\\\/redenoticiaz.com.br\\\/ribeiraopreto-regiao\\\/sp\\\/2022\\\/12\\\/01\\\/homem-e-preso-apos-furtar-diversos-pares-de-chinelo-em-supermercado#primaryimage\"},\"thumbnailUrl\":\"https:\\\/\\\/redenoticiaz.com.br\\\/ribeiraopreto-regiao\\\/wp-content\\\/uploads\\\/sites\\\/4\\\/2022\\\/12\\\/Homem-e-preso-apos-furtar-diversos-pares-de-chinelo-em-supermercado-1.png\",\"datePublished\":\"2022-12-01T19:43:35+00:00\",\"dateModified\":\"2022-12-01T19:49:28+00:00\",\"description\":\"Funcion\u00e1rio de um supermercado em Barretos, contou na delegacia que por volta das 16h35 um homem entrou no com\u00e9rcio e furtou diversos pares...\",\"inLanguage\":\"pt-BR\",\"potentialAction\":[{\"@type\":\"ReadAction\",\"target\":[\"https:\\\/\\\/redenoticiaz.com.br\\\/ribeiraopreto-regiao\\\/sp\\\/2022\\\/12\\\/01\\\/homem-e-preso-apos-furtar-diversos-pares-de-chinelo-em-supermercado\"]}]},{\"@type\":\"ImageObject\",\"inLanguage\":\"pt-BR\",\"@id\":\"https:\\\/\\\/redenoticiaz.com.br\\\/ribeiraopreto-regiao\\\/sp\\\/2022\\\/12\\\/01\\\/homem-e-preso-apos-furtar-diversos-pares-de-chinelo-em-supermercado#primaryimage\",\"url\":\"https:\\\/\\\/redenoticiaz.com.br\\\/ribeiraopreto-regiao\\\/wp-content\\\/uploads\\\/sites\\\/4\\\/2022\\\/12\\\/Homem-e-preso-apos-furtar-diversos-pares-de-chinelo-em-supermercado-1.png\",\"contentUrl\":\"https:\\\/\\\/redenoticiaz.com.br\\\/ribeiraopreto-regiao\\\/wp-content\\\/uploads\\\/sites\\\/4\\\/2022\\\/12\\\/Homem-e-preso-apos-furtar-diversos-pares-de-chinelo-em-supermercado-1.png\",\"width\":1200,\"height\":628,\"caption\":\"Cr\u00e9dito: Divulga\u00e7\u00e3o\"},{\"@type\":\"WebSite\",\"@id\":\"https:\\\/\\\/redenoticiaz.com.br\\\/ribeiraopreto-regiao\\\/#website\",\"url\":\"https:\\\/\\\/redenoticiaz.com.br\\\/ribeiraopreto-regiao\\\/\",\"name\":\"Ribeir\u00e3o Preto e Regi\u00e3o\",\"description\":\"Rede NoticiaZ - Ribeir\u00e3o Preto e regi\u00e3o\",\"publisher\":{\"@id\":\"https:\\\/\\\/redenoticiaz.com.br\\\/ribeiraopreto-regiao\\\/#organization\"},\"potentialAction\":[{\"@type\":\"SearchAction\",\"target\":{\"@type\":\"EntryPoint\",\"urlTemplate\":\"https:\\\/\\\/redenoticiaz.com.br\\\/ribeiraopreto-regiao\\\/?s={search_term_string}\"},\"query-input\":{\"@type\":\"PropertyValueSpecification\",\"valueRequired\":true,\"valueName\":\"search_term_string\"}}],\"inLanguage\":\"pt-BR\"},{\"@type\":\"Organization\",\"@id\":\"https:\\\/\\\/redenoticiaz.com.br\\\/ribeiraopreto-regiao\\\/#organization\",\"name\":\"Ribeir\u00e3o Preto e Regi\u00e3o\",\"url\":\"https:\\\/\\\/redenoticiaz.com.br\\\/ribeiraopreto-regiao\\\/\",\"logo\":{\"@type\":\"ImageObject\",\"inLanguage\":\"pt-BR\",\"@id\":\"https:\\\/\\\/redenoticiaz.com.br\\\/ribeiraopreto-regiao\\\/#\\\/schema\\\/logo\\\/image\\\/\",\"url\":\"https:\\\/\\\/redenoticiaz.com.br\\\/barretos-regiao\\\/wp-content\\\/uploads\\\/sites\\\/4\\\/2022\\\/02\\\/logo.jpg\",\"contentUrl\":\"https:\\\/\\\/redenoticiaz.com.br\\\/barretos-regiao\\\/wp-content\\\/uploads\\\/sites\\\/4\\\/2022\\\/02\\\/logo.jpg\",\"width\":400,\"height\":250,\"caption\":\"Ribeir\u00e3o Preto e Regi\u00e3o\"},\"image\":{\"@id\":\"https:\\\/\\\/redenoticiaz.com.br\\\/ribeiraopreto-regiao\\\/#\\\/schema\\\/logo\\\/image\\\/\"},\"sameAs\":[\"https:\\\/\\\/m.facebook.com\\\/redenoticiaz.barretos\",\"https:\\\/\\\/x.com\\\/RN_barretos\",\"https:\\\/\\\/www.instagram.com\\\/redenoticiaz.barretos\\\/?igshid=YmMyMTA2M2Y\",\"https:\\\/\\\/www.linkedin.com\\\/company\\\/rede-noticiaz-barretos-e-regio\\\/\"]},{\"@type\":\"Person\",\"@id\":\"\",\"url\":\"https:\\\/\\\/redenoticiaz.com.br\\\/ribeiraopreto-regiao\\\/sp\\\/author\"}]}<\/script>\n<!-- \/ Yoast SEO plugin. -->","yoast_head_json":{"title":"Homem \u00e9 preso ap\u00f3s furtar diversos pares de chinelo em supermercado - Ribeir\u00e3o Preto e Regi\u00e3o","description":"Funcion\u00e1rio de um supermercado em Barretos, contou na delegacia que por volta das 16h35 um homem entrou no com\u00e9rcio e furtou diversos pares...","robots":{"index":"index","follow":"follow","max-snippet":"max-snippet:-1","max-image-preview":"max-image-preview:large","max-video-preview":"max-video-preview:-1"},"canonical":"https:\/\/redenoticiaz.com.br\/ribeiraopreto-regiao\/sp\/2022\/12\/01\/homem-e-preso-apos-furtar-diversos-pares-de-chinelo-em-supermercado","og_locale":"pt_BR","og_type":"article","og_title":"Homem \u00e9 preso ap\u00f3s furtar diversos pares de chinelo em supermercado - Ribeir\u00e3o Preto e Regi\u00e3o","og_description":"Funcion\u00e1rio de um supermercado em Barretos, contou na delegacia que por volta das 16h35 um homem entrou no com\u00e9rcio e furtou diversos pares...","og_url":"https:\/\/redenoticiaz.com.br\/ribeiraopreto-regiao\/sp\/2022\/12\/01\/homem-e-preso-apos-furtar-diversos-pares-de-chinelo-em-supermercado","og_site_name":"Ribeir\u00e3o Preto e Regi\u00e3o","article_publisher":"https:\/\/m.facebook.com\/redenoticiaz.barretos","article_published_time":"2022-12-01T19:43:35+00:00","article_modified_time":"2022-12-01T19:49:28+00:00","og_image":[{"width":1200,"height":628,"url":"https:\/\/redenoticiaz.com.br\/ribeiraopreto-regiao\/wp-content\/uploads\/sites\/4\/2022\/12\/Homem-e-preso-apos-furtar-diversos-pares-de-chinelo-em-supermercado-1.png","type":"image\/png"}],"twitter_card":"summary_large_image","twitter_creator":"@RN_barretos","twitter_site":"@RN_barretos","twitter_misc":{"Escrito por":"","Est. tempo de leitura":"2 minutos"},"schema":{"@context":"https:\/\/schema.org","@graph":[{"@type":"Article","@id":"https:\/\/redenoticiaz.com.br\/ribeiraopreto-regiao\/sp\/2022\/12\/01\/homem-e-preso-apos-furtar-diversos-pares-de-chinelo-em-supermercado#article","isPartOf":{"@id":"https:\/\/redenoticiaz.com.br\/ribeiraopreto-regiao\/sp\/2022\/12\/01\/homem-e-preso-apos-furtar-diversos-pares-de-chinelo-em-supermercado"},"author":{"name":"","@id":""},"headline":"Homem \u00e9 preso ap\u00f3s furtar diversos pares de chinelo em supermercado","datePublished":"2022-12-01T19:43:35+00:00","dateModified":"2022-12-01T19:49:28+00:00","mainEntityOfPage":{"@id":"https:\/\/redenoticiaz.com.br\/ribeiraopreto-regiao\/sp\/2022\/12\/01\/homem-e-preso-apos-furtar-diversos-pares-de-chinelo-em-supermercado"},"wordCount":207,"commentCount":0,"publisher":{"@id":"https:\/\/redenoticiaz.com.br\/ribeiraopreto-regiao\/#organization"},"image":{"@id":"https:\/\/redenoticiaz.com.br\/ribeiraopreto-regiao\/sp\/2022\/12\/01\/homem-e-preso-apos-furtar-diversos-pares-de-chinelo-em-supermercado#primaryimage"},"thumbnailUrl":"https:\/\/redenoticiaz.com.br\/ribeiraopreto-regiao\/wp-content\/uploads\/sites\/4\/2022\/12\/Homem-e-preso-apos-furtar-diversos-pares-de-chinelo-em-supermercado-1.png","keywords":["CHINELO","furto","POL\u00cdCIA","SUPERMERCADO"],"articleSection":["Pol\u00edcia"],"inLanguage":"pt-BR","potentialAction":[{"@type":"CommentAction","name":"Comment","target":["https:\/\/redenoticiaz.com.br\/ribeiraopreto-regiao\/sp\/2022\/12\/01\/homem-e-preso-apos-furtar-diversos-pares-de-chinelo-em-supermercado#respond"]}]},{"@type":"WebPage","@id":"https:\/\/redenoticiaz.com.br\/ribeiraopreto-regiao\/sp\/2022\/12\/01\/homem-e-preso-apos-furtar-diversos-pares-de-chinelo-em-supermercado","url":"https:\/\/redenoticiaz.com.br\/ribeiraopreto-regiao\/sp\/2022\/12\/01\/homem-e-preso-apos-furtar-diversos-pares-de-chinelo-em-supermercado","name":"Homem \u00e9 preso ap\u00f3s furtar diversos pares de chinelo em supermercado - Ribeir\u00e3o Preto e Regi\u00e3o","isPartOf":{"@id":"https:\/\/redenoticiaz.com.br\/ribeiraopreto-regiao\/#website"},"primaryImageOfPage":{"@id":"https:\/\/redenoticiaz.com.br\/ribeiraopreto-regiao\/sp\/2022\/12\/01\/homem-e-preso-apos-furtar-diversos-pares-de-chinelo-em-supermercado#primaryimage"},"image":{"@id":"https:\/\/redenoticiaz.com.br\/ribeiraopreto-regiao\/sp\/2022\/12\/01\/homem-e-preso-apos-furtar-diversos-pares-de-chinelo-em-supermercado#primaryimage"},"thumbnailUrl":"https:\/\/redenoticiaz.com.br\/ribeiraopreto-regiao\/wp-content\/uploads\/sites\/4\/2022\/12\/Homem-e-preso-apos-furtar-diversos-pares-de-chinelo-em-supermercado-1.png","datePublished":"2022-12-01T19:43:35+00:00","dateModified":"2022-12-01T19:49:28+00:00","description":"Funcion\u00e1rio de um supermercado em Barretos, contou na delegacia que por volta das 16h35 um homem entrou no com\u00e9rcio e furtou diversos pares...","inLanguage":"pt-BR","potentialAction":[{"@type":"ReadAction","target":["https:\/\/redenoticiaz.com.br\/ribeiraopreto-regiao\/sp\/2022\/12\/01\/homem-e-preso-apos-furtar-diversos-pares-de-chinelo-em-supermercado"]}]},{"@type":"ImageObject","inLanguage":"pt-BR","@id":"https:\/\/redenoticiaz.com.br\/ribeiraopreto-regiao\/sp\/2022\/12\/01\/homem-e-preso-apos-furtar-diversos-pares-de-chinelo-em-supermercado#primaryimage","url":"https:\/\/redenoticiaz.com.br\/ribeiraopreto-regiao\/wp-content\/uploads\/sites\/4\/2022\/12\/Homem-e-preso-apos-furtar-diversos-pares-de-chinelo-em-supermercado-1.png","contentUrl":"https:\/\/redenoticiaz.com.br\/ribeiraopreto-regiao\/wp-content\/uploads\/sites\/4\/2022\/12\/Homem-e-preso-apos-furtar-diversos-pares-de-chinelo-em-supermercado-1.png","width":1200,"height":628,"caption":"Cr\u00e9dito: Divulga\u00e7\u00e3o"},{"@type":"WebSite","@id":"https:\/\/redenoticiaz.com.br\/ribeiraopreto-regiao\/#website","url":"https:\/\/redenoticiaz.com.br\/ribeiraopreto-regiao\/","name":"Ribeir\u00e3o Preto e Regi\u00e3o","description":"Rede NoticiaZ - Ribeir\u00e3o Preto e regi\u00e3o","publisher":{"@id":"https:\/\/redenoticiaz.com.br\/ribeiraopreto-regiao\/#organization"},"potentialAction":[{"@type":"SearchAction","target":{"@type":"EntryPoint","urlTemplate":"https:\/\/redenoticiaz.com.br\/ribeiraopreto-regiao\/?s={search_term_string}"},"query-input":{"@type":"PropertyValueSpecification","valueRequired":true,"valueName":"search_term_string"}}],"inLanguage":"pt-BR"},{"@type":"Organization","@id":"https:\/\/redenoticiaz.com.br\/ribeiraopreto-regiao\/#organization","name":"Ribeir\u00e3o Preto e Regi\u00e3o","url":"https:\/\/redenoticiaz.com.br\/ribeiraopreto-regiao\/","logo":{"@type":"ImageObject","inLanguage":"pt-BR","@id":"https:\/\/redenoticiaz.com.br\/ribeiraopreto-regiao\/#\/schema\/logo\/image\/","url":"https:\/\/redenoticiaz.com.br\/barretos-regiao\/wp-content\/uploads\/sites\/4\/2022\/02\/logo.jpg","contentUrl":"https:\/\/redenoticiaz.com.br\/barretos-regiao\/wp-content\/uploads\/sites\/4\/2022\/02\/logo.jpg","width":400,"height":250,"caption":"Ribeir\u00e3o Preto e Regi\u00e3o"},"image":{"@id":"https:\/\/redenoticiaz.com.br\/ribeiraopreto-regiao\/#\/schema\/logo\/image\/"},"sameAs":["https:\/\/m.facebook.com\/redenoticiaz.barretos","https:\/\/x.com\/RN_barretos","https:\/\/www.instagram.com\/redenoticiaz.barretos\/?igshid=YmMyMTA2M2Y","https:\/\/www.linkedin.com\/company\/rede-noticiaz-barretos-e-regio\/"]},{"@type":"Person","@id":"","url":"https:\/\/redenoticiaz.com.br\/ribeiraopreto-regiao\/sp\/author"}]}},"_links":{"self":[{"href":"https:\/\/redenoticiaz.com.br\/ribeiraopreto-regiao\/wp-json\/wp\/v2\/posts\/96128","targetHints":{"allow":["GET"]}}],"collection":[{"href":"https:\/\/redenoticiaz.com.br\/ribeiraopreto-regiao\/wp-json\/wp\/v2\/posts"}],"about":[{"href":"https:\/\/redenoticiaz.com.br\/ribeiraopreto-regiao\/wp-json\/wp\/v2\/types\/post"}],"author":[{"embeddable":true,"href":"https:\/\/redenoticiaz.com.br\/ribeiraopreto-regiao\/wp-json\/wp\/v2\/users\/15"}],"replies":[{"embeddable":true,"href":"https:\/\/redenoticiaz.com.br\/ribeiraopreto-regiao\/wp-json\/wp\/v2\/comments?post=96128"}],"version-history":[{"count":1,"href":"https:\/\/redenoticiaz.com.br\/ribeiraopreto-regiao\/wp-json\/wp\/v2\/posts\/96128\/revisions"}],"predecessor-version":[{"id":96130,"href":"https:\/\/redenoticiaz.com.br\/ribeiraopreto-regiao\/wp-json\/wp\/v2\/posts\/96128\/revisions\/96130"}],"wp:featuredmedia":[{"embeddable":true,"href":"https:\/\/redenoticiaz.com.br\/ribeiraopreto-regiao\/wp-json\/wp\/v2\/media\/96132"}],"wp:attachment":[{"href":"https:\/\/redenoticiaz.com.br\/ribeiraopreto-regiao\/wp-json\/wp\/v2\/media?parent=96128"}],"wp:term":[{"taxonomy":"category","embeddable":true,"href":"https:\/\/redenoticiaz.com.br\/ribeiraopreto-regiao\/wp-json\/wp\/v2\/categories?post=96128"},{"taxonomy":"post_tag","embeddable":true,"href":"https:\/\/redenoticiaz.com.br\/ribeiraopreto-regiao\/wp-json\/wp\/v2\/tags?post=96128"}],"curies":[{"name":"wp","href":"https:\/\/api.w.org\/{rel}","templated":true}]}}