{"id":96146,"date":"2022-12-01T18:37:38","date_gmt":"2022-12-01T21:37:38","guid":{"rendered":"https:\/\/redenoticiaz.com.br\/barretos-regiao\/sp\/2022\/12\/01\/acredite-japao-se-classifica-em-primeiro-e-deixa-a-espanha-em-segundo-na-copa"},"modified":"2022-12-01T18:50:14","modified_gmt":"2022-12-01T21:50:14","slug":"acredite-japao-se-classifica-em-primeiro-e-deixa-a-espanha-em-segundo-na-copa","status":"publish","type":"post","link":"https:\/\/redenoticiaz.com.br\/ribeiraopreto-regiao\/sp\/2022\/12\/01\/acredite-japao-se-classifica-em-primeiro-e-deixa-a-espanha-em-segundo-na-copa","title":{"rendered":"Acredite! Jap\u00e3o se classifica em primeiro e deixa a Espanha em segundo na Copa"},"content":{"rendered":"<p>Camisa e tradi\u00e7\u00e3o ganham jogo? Na Copa do Mundo do Qatar n\u00e3o tem sido bem assim. Nesta quinta-feira (1\u00ba) no fechamento do Grupo E, Espanha, Jap\u00e3o, Costa Rica e a Alemanha tinham chances de classifica\u00e7\u00e3o. Os 90 minutos, mais os acr\u00e9scimos foi de emo\u00e7\u00e3o total e no fim o <strong>Jap\u00e3o ficou na lideran\u00e7a<\/strong> ao bater a Espanha, enquanto os alem\u00e3es, embora tenha vencido os costa-riquenhos, deram adeus pela segunda vez seguida na fase de grupos. Japoneses e espanh\u00f3is avan\u00e7aram.<\/p>\n<p>No jogo entre Espanha e Jap\u00e3o, em jogo, as vagas estavam em jogo e o primeiro tempo foi de dom\u00ednio espanhol absoluto. Nos primeiros minutos, o gol da F\u00faria aconteceu em cabeceio de Morata. <span class=\"sc-eJoaVz etUUWk\">Mas ao contr\u00e1rio do que se imaginava, a Espanha puxou o freio de m\u00e3o e passou a ter a posse de bola, mas sem atacar. O Jap\u00e3o sentiu dificuldade de atacar e o 1 a 0 prevaleceu.<\/span><\/p>\n<p><span class=\"sc-eJoaVz etUUWk\">S\u00f3 que no segundo tempo, os Samurais voltaram melhores e passaram a fazer uma agress\u00e3o mais agressiva. A t\u00e1tica deu certo e o empate ocorreu com Doan, em chute forte que o goleiro espanhol n\u00e3o segurou. E acredite, a virada n\u00e3o demorou a acontecer, com Tanaka. Houve checagem do VAR para analisar uma poss\u00edvel sa\u00edda da bola na hora do cruzamento. S\u00f3 que o gol foi confirmado. <\/span><\/p>\n<p><span class=\"sc-eJoaVz etUUWk\">Da\u00ed em diante a Espanha tentou atacar, mas, sem objetividade, parou em um Jap\u00e3o mais efetivo na marca\u00e7\u00e3o. O goleiro Gonda mostrou servi\u00e7o quando exigido. Assim o Jap\u00e3o carimbou o primeiro lugar e vai enfrentar a Cro\u00e1cia na segunda-feira (5) \u00e0s 12h. J\u00e1 a Espanha joga na ter\u00e7a-feira (6), \u00e0s 12h contra o Marrocos.<br \/>\n<\/span><\/p>\n<h3>Alemanha eliminada na fase de grupos novamente<\/h3>\n<p>Outro jogo cercado de decis\u00e3o e tens\u00e3o envolvendo a Alemanha e Costa Rica. Os tetra campe\u00f5es mundiais estavam em uma situa\u00e7\u00e3o delicada e precisava vencer e torcer para que o Jap\u00e3o perdesse para os espanh\u00f3is.<\/p>\n<figure id=\"attachment_96148\" aria-describedby=\"caption-attachment-96148\" style=\"width: 300px\" class=\"wp-caption alignleft\"><img loading=\"lazy\" decoding=\"async\" class=\"size-medium wp-image-96148\" src=\"https:\/\/redenoticiaz.com.br\/barretos-regiao\/wp-content\/uploads\/sites\/4\/2022\/12\/ale-x-crc-300x162.jpg\" alt=\"\" width=\"300\" height=\"162\" srcset=\"https:\/\/redenoticiaz.com.br\/ribeiraopreto-regiao\/wp-content\/uploads\/sites\/4\/2022\/12\/ale-x-crc-300x162.jpg?v=1669930488 300w, https:\/\/redenoticiaz.com.br\/ribeiraopreto-regiao\/wp-content\/uploads\/sites\/4\/2022\/12\/ale-x-crc.jpg?v=1669930488 566w\" sizes=\"auto, (max-width: 300px) 100vw, 300px\" \/><figcaption id=\"caption-attachment-96148\" class=\"wp-caption-text\">Cr\u00e9ditos: Reprodu\u00e7\u00e3o\/Reuters<\/figcaption><\/figure>\n<p><span class=\"sc-eJoaVz etUUWk\">No Al Bayt os alem\u00e3es vieram para cima e abriram o placar. Gnabry, de cabe\u00e7a, fez o gol e depois o volume de ataque foi intenso. Foram 11 finaliza\u00e7\u00f5es contra apenas uma dos costa-riquenhos.<\/span><\/p>\n<p>Mas no segundo tempo, a emo\u00e7\u00e3o tomou conta dos torcedores. A Costa Rica conseguiu uma virada com Vargas e Tejeda. E p<span class=\"sc-eJoaVz etUUWk\">or alguns minutos, duas sele\u00e7\u00f5es campe\u00e3s do Mundial tombariam na primeira fase da Copa. Espanha e Alemanha estavam dando adeus \u00e0 Copa do Mundo. Mas os alem\u00e3es trataram de se impor e viraram novamente, decretando o placar de 4 a 2. Ainda assim foi eliminado porque embora tenha empatado no n\u00famero de pontos (quatro para ambos), a Espanha ainda levou a melhor por causa do saldo de gols (6 x 1).<\/span><\/p>\n<p>O jogo tamb\u00e9m foi hist\u00f3rico porque pela primeira vez um jogo de Copa do Mundo teve um trio exclusivo de mulheres. A partida foi apitada por <span class=\"sc-eJoaVz etUUWk\">St\u00e9phanie Frappart, a brasileira Neuza Back e Karen Diaz Medina. Nunca antes a assinatura do trio de arbitragem na s\u00famula de uma partida teve tamanha import\u00e2ncia. Ap\u00f3s 92 anos de espera, elas se tornam as primeiras mulheres \u00e1rbitras a comandar um jogo da Copa do Mundo masculina de futebol.<\/span><\/p>\n<p><strong>LEIA TAMB\u00c9M<\/strong><\/p>\n<p><a href=\"https:\/\/redenoticiaz.com.br\/blog\/2022\/11\/30\/argentina-avanca-em-primeiro-e-polonia-se-classifica-gracas-a-arabia\">Argentina avan\u00e7a em primeiro e Pol\u00f4nia se classifica gra\u00e7as a Ar\u00e1bia<\/a><\/p>\n","protected":false},"excerpt":{"rendered":"<p>Camisa e tradi\u00e7\u00e3o ganham jogo? Na Copa do Mundo do Qatar n\u00e3o tem sido bem assim. Nesta quinta-feira (1\u00ba) no fechamento do Grupo E, Espanha, Jap\u00e3o, Costa Rica e a Alemanha tinham chances de classifica\u00e7\u00e3o. Os 90 minutos, mais os acr\u00e9scimos foi de emo\u00e7\u00e3o total e no fim o Jap\u00e3o ficou na lideran\u00e7a ao bater &hellip;<\/p>\n","protected":false},"author":6,"featured_media":96147,"comment_status":"open","ping_status":"closed","sticky":false,"template":"","format":"standard","meta":{"footnotes":""},"categories":[21486],"tags":[19210,13315,22247,22289,22551,17105,22552],"class_list":["post-96146","post","type-post","status-publish","format-standard","has-post-thumbnail","hentry","category-copa","tag-alemanha","tag-copa-do-mundo-2022","tag-copa-do-mundo-do-qatar","tag-costa-rica","tag-espanha-classificada","tag-grupo-e","tag-japao-classificado"],"yoast_head":"<!-- This site is optimized with the Yoast SEO plugin v27.4 - https:\/\/yoast.com\/product\/yoast-seo-wordpress\/ -->\n<title>Acredite! Jap\u00e3o se classifica em primeiro e deixa a Espanha em segundo na Copa - Ribeir\u00e3o Preto e Regi\u00e3o<\/title>\n<meta name=\"description\" content=\"tradi\u00e7\u00e3o ganham jogo? Na Copa do Mundo do Qatar n\u00e3o tem sido bem assim. Nesta quinta-feira (1\u00ba) no fechamento do Grupo E, Espanha, Jap\u00e3o,\" \/>\n<meta name=\"robots\" content=\"index, follow, max-snippet:-1, max-image-preview:large, max-video-preview:-1\" \/>\n<link rel=\"canonical\" href=\"https:\/\/redenoticiaz.com.br\/ribeiraopreto-regiao\/sp\/2022\/12\/01\/acredite-japao-se-classifica-em-primeiro-e-deixa-a-espanha-em-segundo-na-copa\" \/>\n<meta property=\"og:locale\" content=\"pt_BR\" \/>\n<meta property=\"og:type\" content=\"article\" \/>\n<meta property=\"og:title\" content=\"Acredite! Jap\u00e3o se classifica em primeiro e deixa a Espanha em segundo na Copa - Ribeir\u00e3o Preto e Regi\u00e3o\" \/>\n<meta property=\"og:description\" content=\"tradi\u00e7\u00e3o ganham jogo? Na Copa do Mundo do Qatar n\u00e3o tem sido bem assim. Nesta quinta-feira (1\u00ba) no fechamento do Grupo E, Espanha, Jap\u00e3o,\" \/>\n<meta property=\"og:url\" content=\"https:\/\/redenoticiaz.com.br\/ribeiraopreto-regiao\/sp\/2022\/12\/01\/acredite-japao-se-classifica-em-primeiro-e-deixa-a-espanha-em-segundo-na-copa\" \/>\n<meta property=\"og:site_name\" content=\"Ribeir\u00e3o Preto e Regi\u00e3o\" \/>\n<meta property=\"article:publisher\" content=\"https:\/\/m.facebook.com\/redenoticiaz.barretos\" \/>\n<meta property=\"article:published_time\" content=\"2022-12-01T21:37:38+00:00\" \/>\n<meta property=\"article:modified_time\" content=\"2022-12-01T21:50:14+00:00\" \/>\n<meta property=\"og:image\" content=\"https:\/\/redenoticiaz.com.br\/ribeiraopreto-regiao\/wp-content\/uploads\/sites\/4\/2022\/02\/logo.jpg\" \/>\n\t<meta property=\"og:image:width\" content=\"400\" \/>\n\t<meta property=\"og:image:height\" content=\"250\" \/>\n\t<meta property=\"og:image:type\" content=\"image\/jpeg\" \/>\n<meta name=\"author\" content=\"Leonardo Francisco\" \/>\n<meta name=\"twitter:card\" content=\"summary_large_image\" \/>\n<meta name=\"twitter:creator\" content=\"@RN_barretos\" \/>\n<meta name=\"twitter:site\" content=\"@RN_barretos\" \/>\n<meta name=\"twitter:label1\" content=\"Escrito por\" \/>\n\t<meta name=\"twitter:data1\" content=\"Leonardo Francisco\" \/>\n\t<meta name=\"twitter:label2\" content=\"Est. tempo de leitura\" \/>\n\t<meta name=\"twitter:data2\" content=\"4 minutos\" \/>\n<script type=\"application\/ld+json\" class=\"yoast-schema-graph\">{\"@context\":\"https:\\\/\\\/schema.org\",\"@graph\":[{\"@type\":\"Article\",\"@id\":\"https:\\\/\\\/redenoticiaz.com.br\\\/ribeiraopreto-regiao\\\/sp\\\/2022\\\/12\\\/01\\\/acredite-japao-se-classifica-em-primeiro-e-deixa-a-espanha-em-segundo-na-copa#article\",\"isPartOf\":{\"@id\":\"https:\\\/\\\/redenoticiaz.com.br\\\/ribeiraopreto-regiao\\\/sp\\\/2022\\\/12\\\/01\\\/acredite-japao-se-classifica-em-primeiro-e-deixa-a-espanha-em-segundo-na-copa\"},\"author\":{\"name\":\"Leonardo Francisco\",\"@id\":\"https:\\\/\\\/redenoticiaz.com.br\\\/ribeiraopreto-regiao\\\/#\\\/schema\\\/person\\\/0f0b8a5bdafefe82841e07ae8d81ecb3\"},\"headline\":\"Acredite! Jap\u00e3o se classifica em primeiro e deixa a Espanha em segundo na Copa\",\"datePublished\":\"2022-12-01T21:37:38+00:00\",\"dateModified\":\"2022-12-01T21:50:14+00:00\",\"mainEntityOfPage\":{\"@id\":\"https:\\\/\\\/redenoticiaz.com.br\\\/ribeiraopreto-regiao\\\/sp\\\/2022\\\/12\\\/01\\\/acredite-japao-se-classifica-em-primeiro-e-deixa-a-espanha-em-segundo-na-copa\"},\"wordCount\":595,\"commentCount\":0,\"publisher\":{\"@id\":\"https:\\\/\\\/redenoticiaz.com.br\\\/ribeiraopreto-regiao\\\/#organization\"},\"image\":{\"@id\":\"https:\\\/\\\/redenoticiaz.com.br\\\/ribeiraopreto-regiao\\\/sp\\\/2022\\\/12\\\/01\\\/acredite-japao-se-classifica-em-primeiro-e-deixa-a-espanha-em-segundo-na-copa#primaryimage\"},\"thumbnailUrl\":\"https:\\\/\\\/redenoticiaz.com.br\\\/ribeiraopreto-regiao\\\/wp-content\\\/uploads\\\/sites\\\/4\\\/2022\\\/12\\\/japao-x-esp.jpg?v=1669930534\",\"keywords\":[\"Alemanha\",\"COPA DO MUNDO 2022\",\"COPA DO MUNDO DO QATAR\",\"COSTA RICA\",\"ESPANHA CLASSIFICADA\",\"GRUPO E\",\"JAP\u00c3O CLASSIFICADO\"],\"articleSection\":[\"Copa\"],\"inLanguage\":\"pt-BR\",\"potentialAction\":[{\"@type\":\"CommentAction\",\"name\":\"Comment\",\"target\":[\"https:\\\/\\\/redenoticiaz.com.br\\\/ribeiraopreto-regiao\\\/sp\\\/2022\\\/12\\\/01\\\/acredite-japao-se-classifica-em-primeiro-e-deixa-a-espanha-em-segundo-na-copa#respond\"]}]},{\"@type\":\"WebPage\",\"@id\":\"https:\\\/\\\/redenoticiaz.com.br\\\/ribeiraopreto-regiao\\\/sp\\\/2022\\\/12\\\/01\\\/acredite-japao-se-classifica-em-primeiro-e-deixa-a-espanha-em-segundo-na-copa\",\"url\":\"https:\\\/\\\/redenoticiaz.com.br\\\/ribeiraopreto-regiao\\\/sp\\\/2022\\\/12\\\/01\\\/acredite-japao-se-classifica-em-primeiro-e-deixa-a-espanha-em-segundo-na-copa\",\"name\":\"Acredite! Jap\u00e3o se classifica em primeiro e deixa a Espanha em segundo na Copa - Ribeir\u00e3o Preto e Regi\u00e3o\",\"isPartOf\":{\"@id\":\"https:\\\/\\\/redenoticiaz.com.br\\\/ribeiraopreto-regiao\\\/#website\"},\"primaryImageOfPage\":{\"@id\":\"https:\\\/\\\/redenoticiaz.com.br\\\/ribeiraopreto-regiao\\\/sp\\\/2022\\\/12\\\/01\\\/acredite-japao-se-classifica-em-primeiro-e-deixa-a-espanha-em-segundo-na-copa#primaryimage\"},\"image\":{\"@id\":\"https:\\\/\\\/redenoticiaz.com.br\\\/ribeiraopreto-regiao\\\/sp\\\/2022\\\/12\\\/01\\\/acredite-japao-se-classifica-em-primeiro-e-deixa-a-espanha-em-segundo-na-copa#primaryimage\"},\"thumbnailUrl\":\"https:\\\/\\\/redenoticiaz.com.br\\\/ribeiraopreto-regiao\\\/wp-content\\\/uploads\\\/sites\\\/4\\\/2022\\\/12\\\/japao-x-esp.jpg?v=1669930534\",\"datePublished\":\"2022-12-01T21:37:38+00:00\",\"dateModified\":\"2022-12-01T21:50:14+00:00\",\"description\":\"tradi\u00e7\u00e3o ganham jogo? Na Copa do Mundo do Qatar n\u00e3o tem sido bem assim. Nesta quinta-feira (1\u00ba) no fechamento do Grupo E, Espanha, Jap\u00e3o,\",\"inLanguage\":\"pt-BR\",\"potentialAction\":[{\"@type\":\"ReadAction\",\"target\":[\"https:\\\/\\\/redenoticiaz.com.br\\\/ribeiraopreto-regiao\\\/sp\\\/2022\\\/12\\\/01\\\/acredite-japao-se-classifica-em-primeiro-e-deixa-a-espanha-em-segundo-na-copa\"]}]},{\"@type\":\"ImageObject\",\"inLanguage\":\"pt-BR\",\"@id\":\"https:\\\/\\\/redenoticiaz.com.br\\\/ribeiraopreto-regiao\\\/sp\\\/2022\\\/12\\\/01\\\/acredite-japao-se-classifica-em-primeiro-e-deixa-a-espanha-em-segundo-na-copa#primaryimage\",\"url\":\"https:\\\/\\\/redenoticiaz.com.br\\\/ribeiraopreto-regiao\\\/wp-content\\\/uploads\\\/sites\\\/4\\\/2022\\\/12\\\/japao-x-esp.jpg?v=1669930534\",\"contentUrl\":\"https:\\\/\\\/redenoticiaz.com.br\\\/ribeiraopreto-regiao\\\/wp-content\\\/uploads\\\/sites\\\/4\\\/2022\\\/12\\\/japao-x-esp.jpg?v=1669930534\",\"width\":562,\"height\":311,\"caption\":\"Pela primeira vez os japoneses se classificam para as oitavas em duas copas seguidas. Cr\u00e9ditos: Reuters.\"},{\"@type\":\"WebSite\",\"@id\":\"https:\\\/\\\/redenoticiaz.com.br\\\/ribeiraopreto-regiao\\\/#website\",\"url\":\"https:\\\/\\\/redenoticiaz.com.br\\\/ribeiraopreto-regiao\\\/\",\"name\":\"Ribeir\u00e3o Preto e Regi\u00e3o\",\"description\":\"Rede NoticiaZ - Ribeir\u00e3o Preto e regi\u00e3o\",\"publisher\":{\"@id\":\"https:\\\/\\\/redenoticiaz.com.br\\\/ribeiraopreto-regiao\\\/#organization\"},\"potentialAction\":[{\"@type\":\"SearchAction\",\"target\":{\"@type\":\"EntryPoint\",\"urlTemplate\":\"https:\\\/\\\/redenoticiaz.com.br\\\/ribeiraopreto-regiao\\\/?s={search_term_string}\"},\"query-input\":{\"@type\":\"PropertyValueSpecification\",\"valueRequired\":true,\"valueName\":\"search_term_string\"}}],\"inLanguage\":\"pt-BR\"},{\"@type\":\"Organization\",\"@id\":\"https:\\\/\\\/redenoticiaz.com.br\\\/ribeiraopreto-regiao\\\/#organization\",\"name\":\"Ribeir\u00e3o Preto e Regi\u00e3o\",\"url\":\"https:\\\/\\\/redenoticiaz.com.br\\\/ribeiraopreto-regiao\\\/\",\"logo\":{\"@type\":\"ImageObject\",\"inLanguage\":\"pt-BR\",\"@id\":\"https:\\\/\\\/redenoticiaz.com.br\\\/ribeiraopreto-regiao\\\/#\\\/schema\\\/logo\\\/image\\\/\",\"url\":\"https:\\\/\\\/redenoticiaz.com.br\\\/barretos-regiao\\\/wp-content\\\/uploads\\\/sites\\\/4\\\/2022\\\/02\\\/logo.jpg\",\"contentUrl\":\"https:\\\/\\\/redenoticiaz.com.br\\\/barretos-regiao\\\/wp-content\\\/uploads\\\/sites\\\/4\\\/2022\\\/02\\\/logo.jpg\",\"width\":400,\"height\":250,\"caption\":\"Ribeir\u00e3o Preto e Regi\u00e3o\"},\"image\":{\"@id\":\"https:\\\/\\\/redenoticiaz.com.br\\\/ribeiraopreto-regiao\\\/#\\\/schema\\\/logo\\\/image\\\/\"},\"sameAs\":[\"https:\\\/\\\/m.facebook.com\\\/redenoticiaz.barretos\",\"https:\\\/\\\/x.com\\\/RN_barretos\",\"https:\\\/\\\/www.instagram.com\\\/redenoticiaz.barretos\\\/?igshid=YmMyMTA2M2Y\",\"https:\\\/\\\/www.linkedin.com\\\/company\\\/rede-noticiaz-barretos-e-regio\\\/\"]},{\"@type\":\"Person\",\"@id\":\"https:\\\/\\\/redenoticiaz.com.br\\\/ribeiraopreto-regiao\\\/#\\\/schema\\\/person\\\/0f0b8a5bdafefe82841e07ae8d81ecb3\",\"name\":\"Leonardo Francisco\",\"image\":{\"@type\":\"ImageObject\",\"inLanguage\":\"pt-BR\",\"@id\":\"https:\\\/\\\/secure.gravatar.com\\\/avatar\\\/a7358cb406a99b682ec6df1e77e31ae82e63601f6784e8a3df411d72b37864da?s=96&d=mm&r=g\",\"url\":\"https:\\\/\\\/secure.gravatar.com\\\/avatar\\\/a7358cb406a99b682ec6df1e77e31ae82e63601f6784e8a3df411d72b37864da?s=96&d=mm&r=g\",\"contentUrl\":\"https:\\\/\\\/secure.gravatar.com\\\/avatar\\\/a7358cb406a99b682ec6df1e77e31ae82e63601f6784e8a3df411d72b37864da?s=96&d=mm&r=g\",\"caption\":\"Leonardo Francisco\"},\"url\":\"https:\\\/\\\/redenoticiaz.com.br\\\/ribeiraopreto-regiao\\\/sp\\\/author\\\/leonardo-francisco\"}]}<\/script>\n<!-- \/ Yoast SEO plugin. -->","yoast_head_json":{"title":"Acredite! Jap\u00e3o se classifica em primeiro e deixa a Espanha em segundo na Copa - Ribeir\u00e3o Preto e Regi\u00e3o","description":"tradi\u00e7\u00e3o ganham jogo? Na Copa do Mundo do Qatar n\u00e3o tem sido bem assim. Nesta quinta-feira (1\u00ba) no fechamento do Grupo E, Espanha, Jap\u00e3o,","robots":{"index":"index","follow":"follow","max-snippet":"max-snippet:-1","max-image-preview":"max-image-preview:large","max-video-preview":"max-video-preview:-1"},"canonical":"https:\/\/redenoticiaz.com.br\/ribeiraopreto-regiao\/sp\/2022\/12\/01\/acredite-japao-se-classifica-em-primeiro-e-deixa-a-espanha-em-segundo-na-copa","og_locale":"pt_BR","og_type":"article","og_title":"Acredite! Jap\u00e3o se classifica em primeiro e deixa a Espanha em segundo na Copa - Ribeir\u00e3o Preto e Regi\u00e3o","og_description":"tradi\u00e7\u00e3o ganham jogo? Na Copa do Mundo do Qatar n\u00e3o tem sido bem assim. Nesta quinta-feira (1\u00ba) no fechamento do Grupo E, Espanha, Jap\u00e3o,","og_url":"https:\/\/redenoticiaz.com.br\/ribeiraopreto-regiao\/sp\/2022\/12\/01\/acredite-japao-se-classifica-em-primeiro-e-deixa-a-espanha-em-segundo-na-copa","og_site_name":"Ribeir\u00e3o Preto e Regi\u00e3o","article_publisher":"https:\/\/m.facebook.com\/redenoticiaz.barretos","article_published_time":"2022-12-01T21:37:38+00:00","article_modified_time":"2022-12-01T21:50:14+00:00","og_image":[{"width":400,"height":250,"url":"https:\/\/redenoticiaz.com.br\/ribeiraopreto-regiao\/wp-content\/uploads\/sites\/4\/2022\/02\/logo.jpg","type":"image\/jpeg"}],"author":"Leonardo Francisco","twitter_card":"summary_large_image","twitter_creator":"@RN_barretos","twitter_site":"@RN_barretos","twitter_misc":{"Escrito por":"Leonardo Francisco","Est. tempo de leitura":"4 minutos"},"schema":{"@context":"https:\/\/schema.org","@graph":[{"@type":"Article","@id":"https:\/\/redenoticiaz.com.br\/ribeiraopreto-regiao\/sp\/2022\/12\/01\/acredite-japao-se-classifica-em-primeiro-e-deixa-a-espanha-em-segundo-na-copa#article","isPartOf":{"@id":"https:\/\/redenoticiaz.com.br\/ribeiraopreto-regiao\/sp\/2022\/12\/01\/acredite-japao-se-classifica-em-primeiro-e-deixa-a-espanha-em-segundo-na-copa"},"author":{"name":"Leonardo Francisco","@id":"https:\/\/redenoticiaz.com.br\/ribeiraopreto-regiao\/#\/schema\/person\/0f0b8a5bdafefe82841e07ae8d81ecb3"},"headline":"Acredite! Jap\u00e3o se classifica em primeiro e deixa a Espanha em segundo na Copa","datePublished":"2022-12-01T21:37:38+00:00","dateModified":"2022-12-01T21:50:14+00:00","mainEntityOfPage":{"@id":"https:\/\/redenoticiaz.com.br\/ribeiraopreto-regiao\/sp\/2022\/12\/01\/acredite-japao-se-classifica-em-primeiro-e-deixa-a-espanha-em-segundo-na-copa"},"wordCount":595,"commentCount":0,"publisher":{"@id":"https:\/\/redenoticiaz.com.br\/ribeiraopreto-regiao\/#organization"},"image":{"@id":"https:\/\/redenoticiaz.com.br\/ribeiraopreto-regiao\/sp\/2022\/12\/01\/acredite-japao-se-classifica-em-primeiro-e-deixa-a-espanha-em-segundo-na-copa#primaryimage"},"thumbnailUrl":"https:\/\/redenoticiaz.com.br\/ribeiraopreto-regiao\/wp-content\/uploads\/sites\/4\/2022\/12\/japao-x-esp.jpg?v=1669930534","keywords":["Alemanha","COPA DO MUNDO 2022","COPA DO MUNDO DO QATAR","COSTA RICA","ESPANHA CLASSIFICADA","GRUPO E","JAP\u00c3O CLASSIFICADO"],"articleSection":["Copa"],"inLanguage":"pt-BR","potentialAction":[{"@type":"CommentAction","name":"Comment","target":["https:\/\/redenoticiaz.com.br\/ribeiraopreto-regiao\/sp\/2022\/12\/01\/acredite-japao-se-classifica-em-primeiro-e-deixa-a-espanha-em-segundo-na-copa#respond"]}]},{"@type":"WebPage","@id":"https:\/\/redenoticiaz.com.br\/ribeiraopreto-regiao\/sp\/2022\/12\/01\/acredite-japao-se-classifica-em-primeiro-e-deixa-a-espanha-em-segundo-na-copa","url":"https:\/\/redenoticiaz.com.br\/ribeiraopreto-regiao\/sp\/2022\/12\/01\/acredite-japao-se-classifica-em-primeiro-e-deixa-a-espanha-em-segundo-na-copa","name":"Acredite! Jap\u00e3o se classifica em primeiro e deixa a Espanha em segundo na Copa - Ribeir\u00e3o Preto e Regi\u00e3o","isPartOf":{"@id":"https:\/\/redenoticiaz.com.br\/ribeiraopreto-regiao\/#website"},"primaryImageOfPage":{"@id":"https:\/\/redenoticiaz.com.br\/ribeiraopreto-regiao\/sp\/2022\/12\/01\/acredite-japao-se-classifica-em-primeiro-e-deixa-a-espanha-em-segundo-na-copa#primaryimage"},"image":{"@id":"https:\/\/redenoticiaz.com.br\/ribeiraopreto-regiao\/sp\/2022\/12\/01\/acredite-japao-se-classifica-em-primeiro-e-deixa-a-espanha-em-segundo-na-copa#primaryimage"},"thumbnailUrl":"https:\/\/redenoticiaz.com.br\/ribeiraopreto-regiao\/wp-content\/uploads\/sites\/4\/2022\/12\/japao-x-esp.jpg?v=1669930534","datePublished":"2022-12-01T21:37:38+00:00","dateModified":"2022-12-01T21:50:14+00:00","description":"tradi\u00e7\u00e3o ganham jogo? Na Copa do Mundo do Qatar n\u00e3o tem sido bem assim. Nesta quinta-feira (1\u00ba) no fechamento do Grupo E, Espanha, Jap\u00e3o,","inLanguage":"pt-BR","potentialAction":[{"@type":"ReadAction","target":["https:\/\/redenoticiaz.com.br\/ribeiraopreto-regiao\/sp\/2022\/12\/01\/acredite-japao-se-classifica-em-primeiro-e-deixa-a-espanha-em-segundo-na-copa"]}]},{"@type":"ImageObject","inLanguage":"pt-BR","@id":"https:\/\/redenoticiaz.com.br\/ribeiraopreto-regiao\/sp\/2022\/12\/01\/acredite-japao-se-classifica-em-primeiro-e-deixa-a-espanha-em-segundo-na-copa#primaryimage","url":"https:\/\/redenoticiaz.com.br\/ribeiraopreto-regiao\/wp-content\/uploads\/sites\/4\/2022\/12\/japao-x-esp.jpg?v=1669930534","contentUrl":"https:\/\/redenoticiaz.com.br\/ribeiraopreto-regiao\/wp-content\/uploads\/sites\/4\/2022\/12\/japao-x-esp.jpg?v=1669930534","width":562,"height":311,"caption":"Pela primeira vez os japoneses se classificam para as oitavas em duas copas seguidas. Cr\u00e9ditos: Reuters."},{"@type":"WebSite","@id":"https:\/\/redenoticiaz.com.br\/ribeiraopreto-regiao\/#website","url":"https:\/\/redenoticiaz.com.br\/ribeiraopreto-regiao\/","name":"Ribeir\u00e3o Preto e Regi\u00e3o","description":"Rede NoticiaZ - Ribeir\u00e3o Preto e regi\u00e3o","publisher":{"@id":"https:\/\/redenoticiaz.com.br\/ribeiraopreto-regiao\/#organization"},"potentialAction":[{"@type":"SearchAction","target":{"@type":"EntryPoint","urlTemplate":"https:\/\/redenoticiaz.com.br\/ribeiraopreto-regiao\/?s={search_term_string}"},"query-input":{"@type":"PropertyValueSpecification","valueRequired":true,"valueName":"search_term_string"}}],"inLanguage":"pt-BR"},{"@type":"Organization","@id":"https:\/\/redenoticiaz.com.br\/ribeiraopreto-regiao\/#organization","name":"Ribeir\u00e3o Preto e Regi\u00e3o","url":"https:\/\/redenoticiaz.com.br\/ribeiraopreto-regiao\/","logo":{"@type":"ImageObject","inLanguage":"pt-BR","@id":"https:\/\/redenoticiaz.com.br\/ribeiraopreto-regiao\/#\/schema\/logo\/image\/","url":"https:\/\/redenoticiaz.com.br\/barretos-regiao\/wp-content\/uploads\/sites\/4\/2022\/02\/logo.jpg","contentUrl":"https:\/\/redenoticiaz.com.br\/barretos-regiao\/wp-content\/uploads\/sites\/4\/2022\/02\/logo.jpg","width":400,"height":250,"caption":"Ribeir\u00e3o Preto e Regi\u00e3o"},"image":{"@id":"https:\/\/redenoticiaz.com.br\/ribeiraopreto-regiao\/#\/schema\/logo\/image\/"},"sameAs":["https:\/\/m.facebook.com\/redenoticiaz.barretos","https:\/\/x.com\/RN_barretos","https:\/\/www.instagram.com\/redenoticiaz.barretos\/?igshid=YmMyMTA2M2Y","https:\/\/www.linkedin.com\/company\/rede-noticiaz-barretos-e-regio\/"]},{"@type":"Person","@id":"https:\/\/redenoticiaz.com.br\/ribeiraopreto-regiao\/#\/schema\/person\/0f0b8a5bdafefe82841e07ae8d81ecb3","name":"Leonardo Francisco","image":{"@type":"ImageObject","inLanguage":"pt-BR","@id":"https:\/\/secure.gravatar.com\/avatar\/a7358cb406a99b682ec6df1e77e31ae82e63601f6784e8a3df411d72b37864da?s=96&d=mm&r=g","url":"https:\/\/secure.gravatar.com\/avatar\/a7358cb406a99b682ec6df1e77e31ae82e63601f6784e8a3df411d72b37864da?s=96&d=mm&r=g","contentUrl":"https:\/\/secure.gravatar.com\/avatar\/a7358cb406a99b682ec6df1e77e31ae82e63601f6784e8a3df411d72b37864da?s=96&d=mm&r=g","caption":"Leonardo Francisco"},"url":"https:\/\/redenoticiaz.com.br\/ribeiraopreto-regiao\/sp\/author\/leonardo-francisco"}]}},"_links":{"self":[{"href":"https:\/\/redenoticiaz.com.br\/ribeiraopreto-regiao\/wp-json\/wp\/v2\/posts\/96146","targetHints":{"allow":["GET"]}}],"collection":[{"href":"https:\/\/redenoticiaz.com.br\/ribeiraopreto-regiao\/wp-json\/wp\/v2\/posts"}],"about":[{"href":"https:\/\/redenoticiaz.com.br\/ribeiraopreto-regiao\/wp-json\/wp\/v2\/types\/post"}],"author":[{"embeddable":true,"href":"https:\/\/redenoticiaz.com.br\/ribeiraopreto-regiao\/wp-json\/wp\/v2\/users\/6"}],"replies":[{"embeddable":true,"href":"https:\/\/redenoticiaz.com.br\/ribeiraopreto-regiao\/wp-json\/wp\/v2\/comments?post=96146"}],"version-history":[{"count":2,"href":"https:\/\/redenoticiaz.com.br\/ribeiraopreto-regiao\/wp-json\/wp\/v2\/posts\/96146\/revisions"}],"predecessor-version":[{"id":96150,"href":"https:\/\/redenoticiaz.com.br\/ribeiraopreto-regiao\/wp-json\/wp\/v2\/posts\/96146\/revisions\/96150"}],"wp:featuredmedia":[{"embeddable":true,"href":"https:\/\/redenoticiaz.com.br\/ribeiraopreto-regiao\/wp-json\/wp\/v2\/media\/96147"}],"wp:attachment":[{"href":"https:\/\/redenoticiaz.com.br\/ribeiraopreto-regiao\/wp-json\/wp\/v2\/media?parent=96146"}],"wp:term":[{"taxonomy":"category","embeddable":true,"href":"https:\/\/redenoticiaz.com.br\/ribeiraopreto-regiao\/wp-json\/wp\/v2\/categories?post=96146"},{"taxonomy":"post_tag","embeddable":true,"href":"https:\/\/redenoticiaz.com.br\/ribeiraopreto-regiao\/wp-json\/wp\/v2\/tags?post=96146"}],"curies":[{"name":"wp","href":"https:\/\/api.w.org\/{rel}","templated":true}]}}