{"id":96323,"date":"2022-12-05T18:16:59","date_gmt":"2022-12-05T21:16:59","guid":{"rendered":"https:\/\/redenoticiaz.com.br\/barretos-regiao\/sp\/2022\/12\/05\/brasil-passeia-sobre-a-coreia-do-sul-e-pega-a-croacia-nas-quartas-de-final"},"modified":"2022-12-05T18:25:53","modified_gmt":"2022-12-05T21:25:53","slug":"brasil-passeia-sobre-a-coreia-do-sul-e-pega-a-croacia-nas-quartas-de-final","status":"publish","type":"post","link":"https:\/\/redenoticiaz.com.br\/ribeiraopreto-regiao\/sp\/2022\/12\/05\/brasil-passeia-sobre-a-coreia-do-sul-e-pega-a-croacia-nas-quartas-de-final","title":{"rendered":"Brasil passeia sobre a Coreia do Sul e pega a Cro\u00e1cia nas quartas de final"},"content":{"rendered":"<p>O Brasil tratou de dar um &#8220;bico&#8221; na desconfian\u00e7a e nas d\u00favidas em raz\u00e3o da m\u00e1 atua\u00e7\u00e3o contra Camar\u00f5es e sobre as condi\u00e7\u00f5es de Danilo e Neymar. Nesta segunda-feira no est\u00e1dio 974, a Sele\u00e7\u00e3o Brasileira passeou sobre a Coreia do Sul e <strong>goleou por 4 a 1<\/strong>. Agora o desafio nas quartas de final da Copa do Mundo do Qatar ser\u00e1 a Cro\u00e1cia nesta sexta-feira (9), \u00e0s 12h (Hor\u00e1rio de Bras\u00edlia).<\/p>\n<p>Antes da partida, o Brasil vinha de tr\u00eas gols marcados, sendo o pior desempenho desde a Copa de 1978. Mas tudo isso foi \u00e1gua abaixo em apenas 45 minutos. No primeiro tempo, Neymar, que voltava de les\u00e3o liderou o time \u00e0 goleado. O primeiro gol aconteceu<span class=\"sc-eJoaVz etUUWk\"> aos oito minutos, quando Vini J\u00fanior completou a jogada de Raphinha. Aos 12, Ney ampliou cobrando p\u00eanalti.<\/span><\/p>\n<p><span class=\"sc-eJoaVz etUUWk\">Os sul-coreanos at\u00e9 tentaram incomodar, com belo chute de Hee-Chan, defendido por Alisson, mas o dom\u00ednio seguia do Brasil. Em lindo lance coletivo, Richarlison recebeu de Thiago Silva, fez 3 a 0. Na comemora\u00e7\u00e3o, at\u00e9 mesmo o t\u00e9cnico Tite comemorou com a dan\u00e7a do Pombo. No fim da etapa inicial, aquet\u00e1 ainda marcou o quarto, batendo de primeira, para completar o placar.<\/span><\/p>\n<p>No segundo tempo, o Brasil seguiu intenso e perdeu boa oportunidade com Raphinha. O atacante do Barcelona teve pelo menos mais tr\u00eas oportunidades, mas desperdi\u00e7ou. A Coreia do Sul bem que tentou descontar e fez o Alisson a fazer boas defesas. S\u00f3 que <span class=\"sc-eJoaVz etUUWk\">Paik Seung-Ho descontou<\/span>, ao soltar uma bomba de 89 Km\/h.<\/p>\n<figure id=\"attachment_96324\" aria-describedby=\"caption-attachment-96324\" style=\"width: 300px\" class=\"wp-caption alignleft\"><img loading=\"lazy\" decoding=\"async\" class=\"size-medium wp-image-96324\" src=\"https:\/\/redenoticiaz.com.br\/barretos-regiao\/wp-content\/uploads\/sites\/4\/2022\/12\/homenagem-pele-300x174.jpg\" alt=\"\" width=\"300\" height=\"174\" srcset=\"https:\/\/redenoticiaz.com.br\/ribeiraopreto-regiao\/wp-content\/uploads\/sites\/4\/2022\/12\/homenagem-pele-300x174.jpg?v=1670274922 300w, https:\/\/redenoticiaz.com.br\/ribeiraopreto-regiao\/wp-content\/uploads\/sites\/4\/2022\/12\/homenagem-pele.jpg?v=1670274922 563w\" sizes=\"auto, (max-width: 300px) 100vw, 300px\" \/><figcaption id=\"caption-attachment-96324\" class=\"wp-caption-text\">Cr\u00e9ditos: Reprodu\u00e7\u00e3o<\/figcaption><\/figure>\n<p>Com o resultado definido, Tite fez mais algumas mudan\u00e7as, incluindo a entrada do goleiro Weverton, no lugar de Alisson. Assim, todos os 26 jogadores convocados por Tite, tiveram oportunidade e a vit\u00f3ria se confirmou. Ap\u00f3s o t\u00e9rmino, os jogadores fizeram quest\u00e3o de homenagear Pel\u00e9, que segue se recuperando de um tratamento p\u00f3s tumor no c\u00f3lon.<\/p>\n<h3>Que venha a Cro\u00e1cia<\/h3>\n<p><span class=\"sc-eJoaVz etUUWk\">Brasil e Cro\u00e1cia v\u00e3o disputar uma vaga na semifinal na pr\u00f3xima sexta-feira, \u00e0s 12h (de Bras\u00edlia), no est\u00e1dio Cidade da Educa\u00e7\u00e3o. Quem vencer vai enfrentar na fase seguinte o ganhador do confronto entre Holanda e Argentina, que tamb\u00e9m jogam na sexta, \u00e0s 16h (de Bras\u00edlia), no Lusail.<\/span><\/p>\n<p><strong>LEIA TAMB\u00c9M<\/strong><\/p>\n<p><a href=\"https:\/\/redenoticiaz.com.br\/blog\/2022\/12\/05\/croacia-bate-japao-nos-penaltis-vai-as-quartas-e-pode-pegar-o-brasil\">Cro\u00e1cia bate Jap\u00e3o nos p\u00eanaltis, vai \u00e0s quartas e pode pegar o Brasil<\/a><\/p>\n","protected":false},"excerpt":{"rendered":"<p>O Brasil tratou de dar um &#8220;bico&#8221; na desconfian\u00e7a e nas d\u00favidas em raz\u00e3o da m\u00e1 atua\u00e7\u00e3o contra Camar\u00f5es e sobre as condi\u00e7\u00f5es de Danilo e Neymar. Nesta segunda-feira no est\u00e1dio 974, a Sele\u00e7\u00e3o Brasileira passeou sobre a Coreia do Sul e goleou por 4 a 1. Agora o desafio nas quartas de final da &hellip;<\/p>\n","protected":false},"author":6,"featured_media":96325,"comment_status":"open","ping_status":"closed","sticky":false,"template":"","format":"standard","meta":{"footnotes":""},"categories":[21486],"tags":[70,13315,198,15567,22423,17109,22642],"class_list":["post-96323","post","type-post","status-publish","format-standard","has-post-thumbnail","hentry","category-copa","tag-brasil","tag-copa-do-mundo-2022","tag-copa-do-mundo-qatar-2022","tag-coreia-do-sul","tag-estadio-974","tag-oitavas-de-final","tag-selecao-brasileira-classificada"],"yoast_head":"<!-- This site is optimized with the Yoast SEO plugin v28.3 - https:\/\/yoast.com\/product\/yoast-seo-wordpress\/ -->\n<title>Brasil passeia sobre a Coreia do Sul e pega a Cro\u00e1cia nas quartas de final - Ribeir\u00e3o Preto e Regi\u00e3o<\/title>\n<meta name=\"description\" content=\"O Brasil tratou de dar um &quot;bico&quot; na desconfian\u00e7a e nas d\u00favidas em raz\u00e3o da m\u00e1 atua\u00e7\u00e3o contra Camar\u00f5es e sobre as condi\u00e7\u00f5es de Danilo\" \/>\n<meta name=\"robots\" content=\"index, follow, max-snippet:-1, max-image-preview:large, max-video-preview:-1\" \/>\n<link rel=\"canonical\" href=\"https:\/\/redenoticiaz.com.br\/ribeiraopreto-regiao\/sp\/2022\/12\/05\/brasil-passeia-sobre-a-coreia-do-sul-e-pega-a-croacia-nas-quartas-de-final\" \/>\n<meta property=\"og:locale\" content=\"pt_BR\" \/>\n<meta property=\"og:type\" content=\"article\" \/>\n<meta property=\"og:title\" content=\"Brasil passeia sobre a Coreia do Sul e pega a Cro\u00e1cia nas quartas de final - Ribeir\u00e3o Preto e Regi\u00e3o\" \/>\n<meta property=\"og:description\" content=\"O Brasil tratou de dar um &quot;bico&quot; na desconfian\u00e7a e nas d\u00favidas em raz\u00e3o da m\u00e1 atua\u00e7\u00e3o contra Camar\u00f5es e sobre as condi\u00e7\u00f5es de Danilo\" \/>\n<meta property=\"og:url\" content=\"https:\/\/redenoticiaz.com.br\/ribeiraopreto-regiao\/sp\/2022\/12\/05\/brasil-passeia-sobre-a-coreia-do-sul-e-pega-a-croacia-nas-quartas-de-final\" \/>\n<meta property=\"og:site_name\" content=\"Ribeir\u00e3o Preto e Regi\u00e3o\" \/>\n<meta property=\"article:publisher\" content=\"https:\/\/m.facebook.com\/redenoticiaz.barretos\" \/>\n<meta property=\"article:published_time\" content=\"2022-12-05T21:16:59+00:00\" \/>\n<meta property=\"article:modified_time\" content=\"2022-12-05T21:25:53+00:00\" \/>\n<meta property=\"og:image\" content=\"https:\/\/redenoticiaz.com.br\/ribeiraopreto-regiao\/wp-content\/uploads\/sites\/4\/2022\/12\/goleada-br.jpg?v=1670274644\" \/>\n\t<meta property=\"og:image:width\" content=\"680\" \/>\n\t<meta property=\"og:image:height\" content=\"439\" \/>\n\t<meta property=\"og:image:type\" content=\"image\/jpeg\" \/>\n<meta name=\"author\" content=\"Leonardo Francisco\" \/>\n<meta name=\"twitter:card\" content=\"summary_large_image\" \/>\n<meta name=\"twitter:creator\" content=\"@RN_barretos\" \/>\n<meta name=\"twitter:site\" content=\"@RN_barretos\" \/>\n<meta name=\"twitter:label1\" content=\"Escrito por\" \/>\n\t<meta name=\"twitter:data1\" content=\"Leonardo Francisco\" \/>\n\t<meta name=\"twitter:label2\" content=\"Est. tempo de leitura\" \/>\n\t<meta name=\"twitter:data2\" content=\"3 minutos\" \/>\n<script type=\"application\/ld+json\" class=\"yoast-schema-graph\">{\"@context\":\"https:\\\/\\\/schema.org\",\"@graph\":[{\"@type\":\"Article\",\"@id\":\"https:\\\/\\\/redenoticiaz.com.br\\\/ribeiraopreto-regiao\\\/sp\\\/2022\\\/12\\\/05\\\/brasil-passeia-sobre-a-coreia-do-sul-e-pega-a-croacia-nas-quartas-de-final#article\",\"isPartOf\":{\"@id\":\"https:\\\/\\\/redenoticiaz.com.br\\\/ribeiraopreto-regiao\\\/sp\\\/2022\\\/12\\\/05\\\/brasil-passeia-sobre-a-coreia-do-sul-e-pega-a-croacia-nas-quartas-de-final\"},\"author\":{\"name\":\"Leonardo Francisco\",\"@id\":\"https:\\\/\\\/redenoticiaz.com.br\\\/ribeiraopreto-regiao\\\/#\\\/schema\\\/person\\\/0f0b8a5bdafefe82841e07ae8d81ecb3\"},\"headline\":\"Brasil passeia sobre a Coreia do Sul e pega a Cro\u00e1cia nas quartas de final\",\"datePublished\":\"2022-12-05T21:16:59+00:00\",\"dateModified\":\"2022-12-05T21:25:53+00:00\",\"mainEntityOfPage\":{\"@id\":\"https:\\\/\\\/redenoticiaz.com.br\\\/ribeiraopreto-regiao\\\/sp\\\/2022\\\/12\\\/05\\\/brasil-passeia-sobre-a-coreia-do-sul-e-pega-a-croacia-nas-quartas-de-final\"},\"wordCount\":427,\"commentCount\":0,\"publisher\":{\"@id\":\"https:\\\/\\\/redenoticiaz.com.br\\\/ribeiraopreto-regiao\\\/#organization\"},\"image\":{\"@id\":\"https:\\\/\\\/redenoticiaz.com.br\\\/ribeiraopreto-regiao\\\/sp\\\/2022\\\/12\\\/05\\\/brasil-passeia-sobre-a-coreia-do-sul-e-pega-a-croacia-nas-quartas-de-final#primaryimage\"},\"thumbnailUrl\":\"https:\\\/\\\/redenoticiaz.com.br\\\/ribeiraopreto-regiao\\\/wp-content\\\/uploads\\\/sites\\\/4\\\/2022\\\/12\\\/goleada-br.jpg?v=1670274644\",\"keywords\":[\"Brasil\",\"COPA DO MUNDO 2022\",\"COPA DO MUNDO QATAR 2022\",\"COREIA DO SUL\",\"EST\u00c1DIO 974\",\"OITAVAS DE FINAL\",\"SELE\u00c7\u00c3O BRASILEIRA CLASSIFICADA\"],\"articleSection\":[\"Copa\"],\"inLanguage\":\"pt-BR\",\"potentialAction\":[{\"@type\":\"CommentAction\",\"name\":\"Comment\",\"target\":[\"https:\\\/\\\/redenoticiaz.com.br\\\/ribeiraopreto-regiao\\\/sp\\\/2022\\\/12\\\/05\\\/brasil-passeia-sobre-a-coreia-do-sul-e-pega-a-croacia-nas-quartas-de-final#respond\"]}]},{\"@type\":\"WebPage\",\"@id\":\"https:\\\/\\\/redenoticiaz.com.br\\\/ribeiraopreto-regiao\\\/sp\\\/2022\\\/12\\\/05\\\/brasil-passeia-sobre-a-coreia-do-sul-e-pega-a-croacia-nas-quartas-de-final\",\"url\":\"https:\\\/\\\/redenoticiaz.com.br\\\/ribeiraopreto-regiao\\\/sp\\\/2022\\\/12\\\/05\\\/brasil-passeia-sobre-a-coreia-do-sul-e-pega-a-croacia-nas-quartas-de-final\",\"name\":\"Brasil passeia sobre a Coreia do Sul e pega a Cro\u00e1cia nas quartas de final - Ribeir\u00e3o Preto e Regi\u00e3o\",\"isPartOf\":{\"@id\":\"https:\\\/\\\/redenoticiaz.com.br\\\/ribeiraopreto-regiao\\\/#website\"},\"primaryImageOfPage\":{\"@id\":\"https:\\\/\\\/redenoticiaz.com.br\\\/ribeiraopreto-regiao\\\/sp\\\/2022\\\/12\\\/05\\\/brasil-passeia-sobre-a-coreia-do-sul-e-pega-a-croacia-nas-quartas-de-final#primaryimage\"},\"image\":{\"@id\":\"https:\\\/\\\/redenoticiaz.com.br\\\/ribeiraopreto-regiao\\\/sp\\\/2022\\\/12\\\/05\\\/brasil-passeia-sobre-a-coreia-do-sul-e-pega-a-croacia-nas-quartas-de-final#primaryimage\"},\"thumbnailUrl\":\"https:\\\/\\\/redenoticiaz.com.br\\\/ribeiraopreto-regiao\\\/wp-content\\\/uploads\\\/sites\\\/4\\\/2022\\\/12\\\/goleada-br.jpg?v=1670274644\",\"datePublished\":\"2022-12-05T21:16:59+00:00\",\"dateModified\":\"2022-12-05T21:25:53+00:00\",\"description\":\"O Brasil tratou de dar um \\\"bico\\\" na desconfian\u00e7a e nas d\u00favidas em raz\u00e3o da m\u00e1 atua\u00e7\u00e3o contra Camar\u00f5es e sobre as condi\u00e7\u00f5es de Danilo\",\"inLanguage\":\"pt-BR\",\"potentialAction\":[{\"@type\":\"ReadAction\",\"target\":[\"https:\\\/\\\/redenoticiaz.com.br\\\/ribeiraopreto-regiao\\\/sp\\\/2022\\\/12\\\/05\\\/brasil-passeia-sobre-a-coreia-do-sul-e-pega-a-croacia-nas-quartas-de-final\"]}]},{\"@type\":\"ImageObject\",\"inLanguage\":\"pt-BR\",\"@id\":\"https:\\\/\\\/redenoticiaz.com.br\\\/ribeiraopreto-regiao\\\/sp\\\/2022\\\/12\\\/05\\\/brasil-passeia-sobre-a-coreia-do-sul-e-pega-a-croacia-nas-quartas-de-final#primaryimage\",\"url\":\"https:\\\/\\\/redenoticiaz.com.br\\\/ribeiraopreto-regiao\\\/wp-content\\\/uploads\\\/sites\\\/4\\\/2022\\\/12\\\/goleada-br.jpg?v=1670274644\",\"contentUrl\":\"https:\\\/\\\/redenoticiaz.com.br\\\/ribeiraopreto-regiao\\\/wp-content\\\/uploads\\\/sites\\\/4\\\/2022\\\/12\\\/goleada-br.jpg?v=1670274644\",\"width\":680,\"height\":439,\"caption\":\"Cr\u00e9ditos: Reprodu\u00e7\u00e3o\\\/Reuters\"},{\"@type\":\"WebSite\",\"@id\":\"https:\\\/\\\/redenoticiaz.com.br\\\/ribeiraopreto-regiao\\\/#website\",\"url\":\"https:\\\/\\\/redenoticiaz.com.br\\\/ribeiraopreto-regiao\\\/\",\"name\":\"Ribeir\u00e3o Preto e Regi\u00e3o\",\"description\":\"Rede NoticiaZ - Ribeir\u00e3o Preto e regi\u00e3o\",\"publisher\":{\"@id\":\"https:\\\/\\\/redenoticiaz.com.br\\\/ribeiraopreto-regiao\\\/#organization\"},\"potentialAction\":[{\"@type\":\"SearchAction\",\"target\":{\"@type\":\"EntryPoint\",\"urlTemplate\":\"https:\\\/\\\/redenoticiaz.com.br\\\/ribeiraopreto-regiao\\\/?s={search_term_string}\"},\"query-input\":{\"@type\":\"PropertyValueSpecification\",\"valueRequired\":true,\"valueName\":\"search_term_string\"}}],\"inLanguage\":\"pt-BR\"},{\"@type\":\"Organization\",\"@id\":\"https:\\\/\\\/redenoticiaz.com.br\\\/ribeiraopreto-regiao\\\/#organization\",\"name\":\"Ribeir\u00e3o Preto e Regi\u00e3o\",\"url\":\"https:\\\/\\\/redenoticiaz.com.br\\\/ribeiraopreto-regiao\\\/\",\"logo\":{\"@type\":\"ImageObject\",\"inLanguage\":\"pt-BR\",\"@id\":\"https:\\\/\\\/redenoticiaz.com.br\\\/ribeiraopreto-regiao\\\/#\\\/schema\\\/logo\\\/image\\\/\",\"url\":\"https:\\\/\\\/redenoticiaz.com.br\\\/barretos-regiao\\\/wp-content\\\/uploads\\\/sites\\\/4\\\/2022\\\/02\\\/logo.jpg\",\"contentUrl\":\"https:\\\/\\\/redenoticiaz.com.br\\\/barretos-regiao\\\/wp-content\\\/uploads\\\/sites\\\/4\\\/2022\\\/02\\\/logo.jpg\",\"width\":400,\"height\":250,\"caption\":\"Ribeir\u00e3o Preto e Regi\u00e3o\"},\"image\":{\"@id\":\"https:\\\/\\\/redenoticiaz.com.br\\\/ribeiraopreto-regiao\\\/#\\\/schema\\\/logo\\\/image\\\/\"},\"sameAs\":[\"https:\\\/\\\/m.facebook.com\\\/redenoticiaz.barretos\",\"https:\\\/\\\/x.com\\\/RN_barretos\",\"https:\\\/\\\/www.instagram.com\\\/redenoticiaz.barretos\\\/?igshid=YmMyMTA2M2Y\",\"https:\\\/\\\/www.linkedin.com\\\/company\\\/rede-noticiaz-barretos-e-regio\\\/\"]},{\"@type\":\"Person\",\"@id\":\"https:\\\/\\\/redenoticiaz.com.br\\\/ribeiraopreto-regiao\\\/#\\\/schema\\\/person\\\/0f0b8a5bdafefe82841e07ae8d81ecb3\",\"name\":\"Leonardo Francisco\",\"image\":{\"@type\":\"ImageObject\",\"inLanguage\":\"pt-BR\",\"@id\":\"https:\\\/\\\/secure.gravatar.com\\\/avatar\\\/a7358cb406a99b682ec6df1e77e31ae82e63601f6784e8a3df411d72b37864da?s=96&d=mm&r=g\",\"url\":\"https:\\\/\\\/secure.gravatar.com\\\/avatar\\\/a7358cb406a99b682ec6df1e77e31ae82e63601f6784e8a3df411d72b37864da?s=96&d=mm&r=g\",\"contentUrl\":\"https:\\\/\\\/secure.gravatar.com\\\/avatar\\\/a7358cb406a99b682ec6df1e77e31ae82e63601f6784e8a3df411d72b37864da?s=96&d=mm&r=g\",\"caption\":\"Leonardo Francisco\"},\"url\":\"https:\\\/\\\/redenoticiaz.com.br\\\/ribeiraopreto-regiao\\\/sp\\\/author\\\/leonardo-francisco\"}]}<\/script>\n<!-- \/ Yoast SEO plugin. -->","yoast_head_json":{"title":"Brasil passeia sobre a Coreia do Sul e pega a Cro\u00e1cia nas quartas de final - Ribeir\u00e3o Preto e Regi\u00e3o","description":"O Brasil tratou de dar um \"bico\" na desconfian\u00e7a e nas d\u00favidas em raz\u00e3o da m\u00e1 atua\u00e7\u00e3o contra Camar\u00f5es e sobre as condi\u00e7\u00f5es de Danilo","robots":{"index":"index","follow":"follow","max-snippet":"max-snippet:-1","max-image-preview":"max-image-preview:large","max-video-preview":"max-video-preview:-1"},"canonical":"https:\/\/redenoticiaz.com.br\/ribeiraopreto-regiao\/sp\/2022\/12\/05\/brasil-passeia-sobre-a-coreia-do-sul-e-pega-a-croacia-nas-quartas-de-final","og_locale":"pt_BR","og_type":"article","og_title":"Brasil passeia sobre a Coreia do Sul e pega a Cro\u00e1cia nas quartas de final - Ribeir\u00e3o Preto e Regi\u00e3o","og_description":"O Brasil tratou de dar um \"bico\" na desconfian\u00e7a e nas d\u00favidas em raz\u00e3o da m\u00e1 atua\u00e7\u00e3o contra Camar\u00f5es e sobre as condi\u00e7\u00f5es de Danilo","og_url":"https:\/\/redenoticiaz.com.br\/ribeiraopreto-regiao\/sp\/2022\/12\/05\/brasil-passeia-sobre-a-coreia-do-sul-e-pega-a-croacia-nas-quartas-de-final","og_site_name":"Ribeir\u00e3o Preto e Regi\u00e3o","article_publisher":"https:\/\/m.facebook.com\/redenoticiaz.barretos","article_published_time":"2022-12-05T21:16:59+00:00","article_modified_time":"2022-12-05T21:25:53+00:00","og_image":[{"width":680,"height":439,"url":"https:\/\/redenoticiaz.com.br\/ribeiraopreto-regiao\/wp-content\/uploads\/sites\/4\/2022\/12\/goleada-br.jpg?v=1670274644","type":"image\/jpeg"}],"author":"Leonardo Francisco","twitter_card":"summary_large_image","twitter_creator":"@RN_barretos","twitter_site":"@RN_barretos","twitter_misc":{"Escrito por":"Leonardo Francisco","Est. tempo de leitura":"3 minutos"},"schema":{"@context":"https:\/\/schema.org","@graph":[{"@type":"Article","@id":"https:\/\/redenoticiaz.com.br\/ribeiraopreto-regiao\/sp\/2022\/12\/05\/brasil-passeia-sobre-a-coreia-do-sul-e-pega-a-croacia-nas-quartas-de-final#article","isPartOf":{"@id":"https:\/\/redenoticiaz.com.br\/ribeiraopreto-regiao\/sp\/2022\/12\/05\/brasil-passeia-sobre-a-coreia-do-sul-e-pega-a-croacia-nas-quartas-de-final"},"author":{"name":"Leonardo Francisco","@id":"https:\/\/redenoticiaz.com.br\/ribeiraopreto-regiao\/#\/schema\/person\/0f0b8a5bdafefe82841e07ae8d81ecb3"},"headline":"Brasil passeia sobre a Coreia do Sul e pega a Cro\u00e1cia nas quartas de final","datePublished":"2022-12-05T21:16:59+00:00","dateModified":"2022-12-05T21:25:53+00:00","mainEntityOfPage":{"@id":"https:\/\/redenoticiaz.com.br\/ribeiraopreto-regiao\/sp\/2022\/12\/05\/brasil-passeia-sobre-a-coreia-do-sul-e-pega-a-croacia-nas-quartas-de-final"},"wordCount":427,"commentCount":0,"publisher":{"@id":"https:\/\/redenoticiaz.com.br\/ribeiraopreto-regiao\/#organization"},"image":{"@id":"https:\/\/redenoticiaz.com.br\/ribeiraopreto-regiao\/sp\/2022\/12\/05\/brasil-passeia-sobre-a-coreia-do-sul-e-pega-a-croacia-nas-quartas-de-final#primaryimage"},"thumbnailUrl":"https:\/\/redenoticiaz.com.br\/ribeiraopreto-regiao\/wp-content\/uploads\/sites\/4\/2022\/12\/goleada-br.jpg?v=1670274644","keywords":["Brasil","COPA DO MUNDO 2022","COPA DO MUNDO QATAR 2022","COREIA DO SUL","EST\u00c1DIO 974","OITAVAS DE FINAL","SELE\u00c7\u00c3O BRASILEIRA CLASSIFICADA"],"articleSection":["Copa"],"inLanguage":"pt-BR","potentialAction":[{"@type":"CommentAction","name":"Comment","target":["https:\/\/redenoticiaz.com.br\/ribeiraopreto-regiao\/sp\/2022\/12\/05\/brasil-passeia-sobre-a-coreia-do-sul-e-pega-a-croacia-nas-quartas-de-final#respond"]}]},{"@type":"WebPage","@id":"https:\/\/redenoticiaz.com.br\/ribeiraopreto-regiao\/sp\/2022\/12\/05\/brasil-passeia-sobre-a-coreia-do-sul-e-pega-a-croacia-nas-quartas-de-final","url":"https:\/\/redenoticiaz.com.br\/ribeiraopreto-regiao\/sp\/2022\/12\/05\/brasil-passeia-sobre-a-coreia-do-sul-e-pega-a-croacia-nas-quartas-de-final","name":"Brasil passeia sobre a Coreia do Sul e pega a Cro\u00e1cia nas quartas de final - Ribeir\u00e3o Preto e Regi\u00e3o","isPartOf":{"@id":"https:\/\/redenoticiaz.com.br\/ribeiraopreto-regiao\/#website"},"primaryImageOfPage":{"@id":"https:\/\/redenoticiaz.com.br\/ribeiraopreto-regiao\/sp\/2022\/12\/05\/brasil-passeia-sobre-a-coreia-do-sul-e-pega-a-croacia-nas-quartas-de-final#primaryimage"},"image":{"@id":"https:\/\/redenoticiaz.com.br\/ribeiraopreto-regiao\/sp\/2022\/12\/05\/brasil-passeia-sobre-a-coreia-do-sul-e-pega-a-croacia-nas-quartas-de-final#primaryimage"},"thumbnailUrl":"https:\/\/redenoticiaz.com.br\/ribeiraopreto-regiao\/wp-content\/uploads\/sites\/4\/2022\/12\/goleada-br.jpg?v=1670274644","datePublished":"2022-12-05T21:16:59+00:00","dateModified":"2022-12-05T21:25:53+00:00","description":"O Brasil tratou de dar um \"bico\" na desconfian\u00e7a e nas d\u00favidas em raz\u00e3o da m\u00e1 atua\u00e7\u00e3o contra Camar\u00f5es e sobre as condi\u00e7\u00f5es de Danilo","inLanguage":"pt-BR","potentialAction":[{"@type":"ReadAction","target":["https:\/\/redenoticiaz.com.br\/ribeiraopreto-regiao\/sp\/2022\/12\/05\/brasil-passeia-sobre-a-coreia-do-sul-e-pega-a-croacia-nas-quartas-de-final"]}]},{"@type":"ImageObject","inLanguage":"pt-BR","@id":"https:\/\/redenoticiaz.com.br\/ribeiraopreto-regiao\/sp\/2022\/12\/05\/brasil-passeia-sobre-a-coreia-do-sul-e-pega-a-croacia-nas-quartas-de-final#primaryimage","url":"https:\/\/redenoticiaz.com.br\/ribeiraopreto-regiao\/wp-content\/uploads\/sites\/4\/2022\/12\/goleada-br.jpg?v=1670274644","contentUrl":"https:\/\/redenoticiaz.com.br\/ribeiraopreto-regiao\/wp-content\/uploads\/sites\/4\/2022\/12\/goleada-br.jpg?v=1670274644","width":680,"height":439,"caption":"Cr\u00e9ditos: Reprodu\u00e7\u00e3o\/Reuters"},{"@type":"WebSite","@id":"https:\/\/redenoticiaz.com.br\/ribeiraopreto-regiao\/#website","url":"https:\/\/redenoticiaz.com.br\/ribeiraopreto-regiao\/","name":"Ribeir\u00e3o Preto e Regi\u00e3o","description":"Rede NoticiaZ - Ribeir\u00e3o Preto e regi\u00e3o","publisher":{"@id":"https:\/\/redenoticiaz.com.br\/ribeiraopreto-regiao\/#organization"},"potentialAction":[{"@type":"SearchAction","target":{"@type":"EntryPoint","urlTemplate":"https:\/\/redenoticiaz.com.br\/ribeiraopreto-regiao\/?s={search_term_string}"},"query-input":{"@type":"PropertyValueSpecification","valueRequired":true,"valueName":"search_term_string"}}],"inLanguage":"pt-BR"},{"@type":"Organization","@id":"https:\/\/redenoticiaz.com.br\/ribeiraopreto-regiao\/#organization","name":"Ribeir\u00e3o Preto e Regi\u00e3o","url":"https:\/\/redenoticiaz.com.br\/ribeiraopreto-regiao\/","logo":{"@type":"ImageObject","inLanguage":"pt-BR","@id":"https:\/\/redenoticiaz.com.br\/ribeiraopreto-regiao\/#\/schema\/logo\/image\/","url":"https:\/\/redenoticiaz.com.br\/barretos-regiao\/wp-content\/uploads\/sites\/4\/2022\/02\/logo.jpg","contentUrl":"https:\/\/redenoticiaz.com.br\/barretos-regiao\/wp-content\/uploads\/sites\/4\/2022\/02\/logo.jpg","width":400,"height":250,"caption":"Ribeir\u00e3o Preto e Regi\u00e3o"},"image":{"@id":"https:\/\/redenoticiaz.com.br\/ribeiraopreto-regiao\/#\/schema\/logo\/image\/"},"sameAs":["https:\/\/m.facebook.com\/redenoticiaz.barretos","https:\/\/x.com\/RN_barretos","https:\/\/www.instagram.com\/redenoticiaz.barretos\/?igshid=YmMyMTA2M2Y","https:\/\/www.linkedin.com\/company\/rede-noticiaz-barretos-e-regio\/"]},{"@type":"Person","@id":"https:\/\/redenoticiaz.com.br\/ribeiraopreto-regiao\/#\/schema\/person\/0f0b8a5bdafefe82841e07ae8d81ecb3","name":"Leonardo Francisco","image":{"@type":"ImageObject","inLanguage":"pt-BR","@id":"https:\/\/secure.gravatar.com\/avatar\/a7358cb406a99b682ec6df1e77e31ae82e63601f6784e8a3df411d72b37864da?s=96&d=mm&r=g","url":"https:\/\/secure.gravatar.com\/avatar\/a7358cb406a99b682ec6df1e77e31ae82e63601f6784e8a3df411d72b37864da?s=96&d=mm&r=g","contentUrl":"https:\/\/secure.gravatar.com\/avatar\/a7358cb406a99b682ec6df1e77e31ae82e63601f6784e8a3df411d72b37864da?s=96&d=mm&r=g","caption":"Leonardo Francisco"},"url":"https:\/\/redenoticiaz.com.br\/ribeiraopreto-regiao\/sp\/author\/leonardo-francisco"}]}},"_links":{"self":[{"href":"https:\/\/redenoticiaz.com.br\/ribeiraopreto-regiao\/wp-json\/wp\/v2\/posts\/96323","targetHints":{"allow":["GET"]}}],"collection":[{"href":"https:\/\/redenoticiaz.com.br\/ribeiraopreto-regiao\/wp-json\/wp\/v2\/posts"}],"about":[{"href":"https:\/\/redenoticiaz.com.br\/ribeiraopreto-regiao\/wp-json\/wp\/v2\/types\/post"}],"author":[{"embeddable":true,"href":"https:\/\/redenoticiaz.com.br\/ribeiraopreto-regiao\/wp-json\/wp\/v2\/users\/6"}],"replies":[{"embeddable":true,"href":"https:\/\/redenoticiaz.com.br\/ribeiraopreto-regiao\/wp-json\/wp\/v2\/comments?post=96323"}],"version-history":[{"count":2,"href":"https:\/\/redenoticiaz.com.br\/ribeiraopreto-regiao\/wp-json\/wp\/v2\/posts\/96323\/revisions"}],"predecessor-version":[{"id":96327,"href":"https:\/\/redenoticiaz.com.br\/ribeiraopreto-regiao\/wp-json\/wp\/v2\/posts\/96323\/revisions\/96327"}],"wp:featuredmedia":[{"embeddable":true,"href":"https:\/\/redenoticiaz.com.br\/ribeiraopreto-regiao\/wp-json\/wp\/v2\/media\/96325"}],"wp:attachment":[{"href":"https:\/\/redenoticiaz.com.br\/ribeiraopreto-regiao\/wp-json\/wp\/v2\/media?parent=96323"}],"wp:term":[{"taxonomy":"category","embeddable":true,"href":"https:\/\/redenoticiaz.com.br\/ribeiraopreto-regiao\/wp-json\/wp\/v2\/categories?post=96323"},{"taxonomy":"post_tag","embeddable":true,"href":"https:\/\/redenoticiaz.com.br\/ribeiraopreto-regiao\/wp-json\/wp\/v2\/tags?post=96323"}],"curies":[{"name":"wp","href":"https:\/\/api.w.org\/{rel}","templated":true}]}}