{"id":96329,"date":"2022-12-10T08:00:09","date_gmt":"2022-12-10T11:00:09","guid":{"rendered":"https:\/\/redenoticiaz.com.br\/barretos-regiao\/?p=96329"},"modified":"2022-12-05T18:45:43","modified_gmt":"2022-12-05T21:45:43","slug":"mercado-imobiliario-e-termometro-da-economia","status":"publish","type":"post","link":"https:\/\/redenoticiaz.com.br\/ribeiraopreto-regiao\/sp\/2022\/12\/10\/mercado-imobiliario-e-termometro-da-economia","title":{"rendered":"Mercado imobili\u00e1rio \u00e9 term\u00f4metro da economia"},"content":{"rendered":"<p>A economia mexe em diversos setores, mas sabia que o <strong>mercado imobili\u00e1rio<\/strong> \u00e9 um indicador importante sobre a situa\u00e7\u00e3o da economia brasileira. Isso porque de acordo com especialistas, elas caminham em uma via de m\u00e3o dupla e uma depende da outra<\/p>\n<p>\u00c9 o que afirma o diretor de novos neg\u00f3cios da Newproperties, Henrique Haddad, que refor\u00e7a a tese do mercado imobili\u00e1rio e a economia caminham em conjunto. \u201cAo mesmo tempo que o mercado imobili\u00e1rio pode impulsionar a economia (tanto em termos de gera\u00e7\u00e3o e emprego, quanto crescimento\/PIB), uma economia saud\u00e1vel \u00e9 essencial para o bom desempenho do mercado imobili\u00e1rio (juros, infla\u00e7\u00e3o, confian\u00e7a do consumidor\u201d, avalia.<\/p>\n<p>Para comprovar as rela\u00e7\u00f5es entre os setores, Haddad analisa as influ\u00eancias da taxa de juros, desemprego, PIB, confian\u00e7a do consumidor e infla\u00e7\u00e3o da constru\u00e7\u00e3o civil. \u201cO mercado imobili\u00e1rio depende de economia positiva para crescer e a economia depende da confian\u00e7a do consumidor para comprar. Ou seja: eles s\u00e3o 100% correlatos entre si\u201d, explica.<\/p>\n<h3><strong>Taxa de juros<\/strong><\/h3>\n<p>Sob a \u00f3tica de demanda, o mercado tem uma correla\u00e7\u00e3o muito importante com a taxa b\u00e1sica de juros da economia, a Selic. \u201c\u00c0 medida que o cliente depende de financiamento, quanto maiores os juros, mais dif\u00edcil o cliente tomar a decis\u00e3o de compra. Isso porque grande parte do pre\u00e7o do im\u00f3vel est\u00e1 embutido em quanto ele vai pagar de juros no financiamento\u201d.<\/p>\n<p>A influ\u00eancia dos juros \u00e9 tanta que o mercado imobili\u00e1rio bateu recordes em 2020 e 2021, com aumento em contratos de financiamentos e crescimento nos lan\u00e7amentos das construtoras. O motivo principal foi a queda dos juros que atingiu a m\u00ednima hist\u00f3rica em 2%, entre os meses de setembro e mar\u00e7o desses anos.<\/p>\n<p>A taxa influencia diretamente na contrata\u00e7\u00e3o de cr\u00e9dito, tanto que ocasionou a redu\u00e7\u00e3o dos custos para financiar im\u00f3veis neste per\u00edodo. Construtoras, bancos, imobili\u00e1rias, fintechs e o pr\u00f3prio consumidor se beneficiaram.<\/p>\n<p>Portanto, quando o assunto \u00e9 taxa de juros, conforme o diretor da Newproperties, a economia influencia o mercado imobili\u00e1rio.<\/p>\n<h3><strong>Desemprego<\/strong><\/h3>\n<p>O mercado imobili\u00e1rio emprega cerca de 10% da m\u00e3o de obra do brasileiro atualmente no setor de constru\u00e7\u00e3o civil. \u201cDesta forma, o desemprego \u00e9 relevante para esse mercado, uma vez que quando a demanda \u00e9 maior, se constr\u00f3i mais e automaticamente mais empregos s\u00e3o gerados\u201d, afirma.<\/p>\n<p>Segundo a C\u00e2mara Brasileira da Ind\u00fastria da Constru\u00e7\u00e3o (CBIC), o setor da constru\u00e7\u00e3o civil fechou o primeiro semestre deste ano com a cria\u00e7\u00e3o de 184.748 novos empregos formais. Considerando as s\u00e9ries do Caged e do Novo Caged, esse n\u00famero \u00e9 o maior para o per\u00edodo desde 2012 (205.907). Das vagas geradas, 85.131 foram na constru\u00e7\u00e3o de edif\u00edcios, 63.066 nos servi\u00e7os especializados para a constru\u00e7\u00e3o e 36.551 em obras de infraestrutura.<\/p>\n<p>\u201cAqui, se v\u00ea o mercado imobili\u00e1rio influenciando a economia positivamente\u201d, pontua Henrique Haddad.<\/p>\n<h3><strong>PIB<\/strong><\/h3>\n<p>De acordo com a FGV (Funda\u00e7\u00e3o Getulio Vargas), 2022 est\u00e1 sendo outro ano de crescimento expressivo para a constru\u00e7\u00e3o, que continua surpreendendo com proje\u00e7\u00e3o de crescimento de 5,9%. Os n\u00fameros dos primeiros meses j\u00e1 tinham promovido a revis\u00e3o da proje\u00e7\u00e3o para 2022, que agora, com o desempenho excepcional do segundo trimestre, teve nova melhora.<\/p>\n<p>No segundo trimestre, houve acelera\u00e7\u00e3o do PIB setorial, que alcan\u00e7ou, em 12 meses, varia\u00e7\u00e3o de 10,5%, superando a taxa alcan\u00e7ada em 2021. Com esse resultado, o PIB do setor ir\u00e1 superar o n\u00edvel pr\u00e9-pandemia (2019) em quase 9% e diminuir a dist\u00e2ncia para o pico registrado em 2013 (-21,7%).<\/p>\n<p>\u201cO PIB em crescimento nada mais \u00e9 do que o mercado de constru\u00e7\u00e3o civil igualmente em ascens\u00e3o, considerando que uma parte importante do PIB total vem da constru\u00e7\u00e3o civil. Assim se v\u00ea o mercado imobili\u00e1rio mais uma vez impactando a economia\u201d.<\/p>\n<h3><strong>Confian\u00e7a do consumidor<\/strong><\/h3>\n<p>A decis\u00e3o por comprar um im\u00f3vel \u00e9, em muitos casos, pautada pelo impulso, como qualquer bem que se consome. \u201cTrata-se de uma decis\u00e3o racional, por\u00e9m baseada no desejo de compra e, por isso, relacionada com a confian\u00e7a do consumidor\u201d, comenta Henrique Haddad.<\/p>\n<p>Condi\u00e7\u00f5es econ\u00f4micas menos favor\u00e1veis do pa\u00eds &#8211; ambiente com infla\u00e7\u00e3o e juros altos, incerteza pol\u00edtica, quadro fiscal incerto, quest\u00f5es sociais conturbadas e PIB sem crescimento, em geral, costumam abalar a confian\u00e7a do consumidor.<\/p>\n<p>\u201cConfian\u00e7a abalada, consumo menor\u201d, dispara o diretor. \u201cIgualmente, ter a confian\u00e7a elevada aumenta o poder de decis\u00e3o pela compra, neste caso, com a economia influenciando o mercado imobili\u00e1rio\u201d, avalia.<\/p>\n<h3><strong>Infla\u00e7\u00e3o (da constru\u00e7\u00e3o civil)<\/strong><\/h3>\n<p>A infla\u00e7\u00e3o da constru\u00e7\u00e3o civil \u00e9 caracterizada quando o consumidor, na ponta final da cadeia, perde poder de compra. Isso ocorre quando o aumento dos custos, m\u00e3o de obra e mat\u00e9ria prima \u00e9 repassado para o comprador. \u201cVimos isso nos \u00faltimos dois anos com mais afinco, e olhamos para o consumidor que antes podia comprar 100 metros, hoje est\u00e1 comprando 70 metros. Mas, as expectativas s\u00e3o otimistas\u201d.<\/p>\n<p>De acordo com o IBGE, o \u00cdndice Nacional da Constru\u00e7\u00e3o Civil (Sinapi) foi de 0,38% em outubro, 0,06 ponto percentual abaixo da taxa de setembro (0,44%) e a menor taxa desde julho de 2020. O acumulado nos \u00faltimos doze meses foi para 12,41%, resultado pouco abaixo dos 13,11% registrados nos doze meses imediatamente anteriores. O acumulado no ano fechou em 10,64%.<\/p>\n<p>\u201cUm segmento \u00e9 t\u00e3o atrelado ao outro que se torna dif\u00edcil relacionar quem est\u00e1 impactando quem. A certeza que nos enche de esperan\u00e7a \u00e9 que o mercado imobili\u00e1rio no Brasil \u00e9 s\u00f3lido e resiliente, configurado como uma classe de ativos consolidada\u201d, finaliza Henrique Haddad.<\/p>\n<p>Em outubro o \u00edndice foi de 0,06 ponto percentual abaixo da taxa de setembro (0,44%) e a menor taxa desde julho de 2020. O acumulado nos \u00faltimos doze meses foi para 12,41%, resultado pouco abaixo dos 13,11% registrados nos doze meses imediatamente anteriores. O acumulado no ano fechou em 10,64%.<\/p>\n<p>\u201cUm segmento \u00e9 t\u00e3o atrelado ao outro que se torna dif\u00edcil relacionar quem est\u00e1 impactando quem. A certeza que nos enche de esperan\u00e7a \u00e9 que o mercado imobili\u00e1rio no Brasil \u00e9 s\u00f3lido e resiliente, configurado como uma classe de ativos consolidada\u201d, finaliza Henrique Haddad.<\/p>\n<p><strong>LEIA TAMB\u00c9M<\/strong><\/p>\n<p><a href=\"https:\/\/redenoticiaz.com.br\/blog\/2022\/12\/04\/especialista-explica-como-evitar-acidentes-de-transito-com-a-chegada-das-viagens-de-fim-de-ano\">Especialista explica como evitar acidentes de tr\u00e2nsito com a chegada das viagens de fim de ano<\/a><\/p>\n","protected":false},"excerpt":{"rendered":"<p>A economia mexe em diversos setores, mas sabia que o mercado imobili\u00e1rio \u00e9 um indicador importante sobre a situa\u00e7\u00e3o da economia brasileira. Isso porque de acordo com especialistas, elas caminham em uma via de m\u00e3o dupla e uma depende da outra \u00c9 o que afirma o diretor de novos neg\u00f3cios da Newproperties, Henrique Haddad, que &hellip;<\/p>\n","protected":false},"author":6,"featured_media":96330,"comment_status":"open","ping_status":"closed","sticky":false,"template":"","format":"standard","meta":{"footnotes":""},"categories":[101],"tags":[205,22035,22643,680],"class_list":["post-96329","post","type-post","status-publish","format-standard","has-post-thumbnail","hentry","category-economia","tag-economia","tag-impacto","tag-influencia","tag-mercado-imobiliario"],"yoast_head":"<!-- This site is optimized with the Yoast SEO plugin v27.4 - https:\/\/yoast.com\/product\/yoast-seo-wordpress\/ -->\n<title>Mercado imobili\u00e1rio \u00e9 term\u00f4metro da economia - Ribeir\u00e3o Preto e Regi\u00e3o<\/title>\n<meta name=\"description\" content=\"diversos setores, mas sabia que o mercado imobili\u00e1rio \u00e9 um indicador importante sobre a situa\u00e7\u00e3o da economia brasileira. Isso porque de acordo com especialistas,\" \/>\n<meta name=\"robots\" content=\"index, follow, max-snippet:-1, max-image-preview:large, max-video-preview:-1\" \/>\n<link rel=\"canonical\" href=\"https:\/\/redenoticiaz.com.br\/ribeiraopreto-regiao\/sp\/2022\/12\/10\/mercado-imobiliario-e-termometro-da-economia\" \/>\n<meta property=\"og:locale\" content=\"pt_BR\" \/>\n<meta property=\"og:type\" content=\"article\" \/>\n<meta property=\"og:title\" content=\"Mercado imobili\u00e1rio \u00e9 term\u00f4metro da economia - Ribeir\u00e3o Preto e Regi\u00e3o\" \/>\n<meta property=\"og:description\" content=\"diversos setores, mas sabia que o mercado imobili\u00e1rio \u00e9 um indicador importante sobre a situa\u00e7\u00e3o da economia brasileira. Isso porque de acordo com especialistas,\" \/>\n<meta property=\"og:url\" content=\"https:\/\/redenoticiaz.com.br\/ribeiraopreto-regiao\/sp\/2022\/12\/10\/mercado-imobiliario-e-termometro-da-economia\" \/>\n<meta property=\"og:site_name\" content=\"Ribeir\u00e3o Preto e Regi\u00e3o\" \/>\n<meta property=\"article:publisher\" content=\"https:\/\/m.facebook.com\/redenoticiaz.barretos\" \/>\n<meta property=\"article:published_time\" content=\"2022-12-10T11:00:09+00:00\" \/>\n<meta property=\"og:image\" content=\"https:\/\/redenoticiaz.com.br\/ribeiraopreto-regiao\/wp-content\/uploads\/sites\/4\/2022\/02\/logo.jpg\" \/>\n\t<meta property=\"og:image:width\" content=\"400\" \/>\n\t<meta property=\"og:image:height\" content=\"250\" \/>\n\t<meta property=\"og:image:type\" content=\"image\/jpeg\" \/>\n<meta name=\"author\" content=\"Leonardo Francisco\" \/>\n<meta name=\"twitter:card\" content=\"summary_large_image\" \/>\n<meta name=\"twitter:creator\" content=\"@RN_barretos\" \/>\n<meta name=\"twitter:site\" content=\"@RN_barretos\" \/>\n<meta name=\"twitter:label1\" content=\"Escrito por\" \/>\n\t<meta name=\"twitter:data1\" content=\"Leonardo Francisco\" \/>\n\t<meta name=\"twitter:label2\" content=\"Est. tempo de leitura\" \/>\n\t<meta name=\"twitter:data2\" content=\"6 minutos\" \/>\n<script type=\"application\/ld+json\" class=\"yoast-schema-graph\">{\"@context\":\"https:\\\/\\\/schema.org\",\"@graph\":[{\"@type\":\"Article\",\"@id\":\"https:\\\/\\\/redenoticiaz.com.br\\\/ribeiraopreto-regiao\\\/sp\\\/2022\\\/12\\\/10\\\/mercado-imobiliario-e-termometro-da-economia#article\",\"isPartOf\":{\"@id\":\"https:\\\/\\\/redenoticiaz.com.br\\\/ribeiraopreto-regiao\\\/sp\\\/2022\\\/12\\\/10\\\/mercado-imobiliario-e-termometro-da-economia\"},\"author\":{\"name\":\"Leonardo Francisco\",\"@id\":\"https:\\\/\\\/redenoticiaz.com.br\\\/ribeiraopreto-regiao\\\/#\\\/schema\\\/person\\\/0f0b8a5bdafefe82841e07ae8d81ecb3\"},\"headline\":\"Mercado imobili\u00e1rio \u00e9 term\u00f4metro da economia\",\"datePublished\":\"2022-12-10T11:00:09+00:00\",\"mainEntityOfPage\":{\"@id\":\"https:\\\/\\\/redenoticiaz.com.br\\\/ribeiraopreto-regiao\\\/sp\\\/2022\\\/12\\\/10\\\/mercado-imobiliario-e-termometro-da-economia\"},\"wordCount\":1061,\"commentCount\":0,\"publisher\":{\"@id\":\"https:\\\/\\\/redenoticiaz.com.br\\\/ribeiraopreto-regiao\\\/#organization\"},\"image\":{\"@id\":\"https:\\\/\\\/redenoticiaz.com.br\\\/ribeiraopreto-regiao\\\/sp\\\/2022\\\/12\\\/10\\\/mercado-imobiliario-e-termometro-da-economia#primaryimage\"},\"thumbnailUrl\":\"https:\\\/\\\/redenoticiaz.com.br\\\/ribeiraopreto-regiao\\\/wp-content\\\/uploads\\\/sites\\\/4\\\/2022\\\/12\\\/Mercado-imobiliario-e-coronavirus-o-que-mudou-1-1.jpg?v=1670276692\",\"keywords\":[\"economia\",\"IMPACTO\",\"influ\u00eancia\",\"MERCADO IMOBILI\u00c1RIO\"],\"articleSection\":[\"Economia\"],\"inLanguage\":\"pt-BR\",\"potentialAction\":[{\"@type\":\"CommentAction\",\"name\":\"Comment\",\"target\":[\"https:\\\/\\\/redenoticiaz.com.br\\\/ribeiraopreto-regiao\\\/sp\\\/2022\\\/12\\\/10\\\/mercado-imobiliario-e-termometro-da-economia#respond\"]}]},{\"@type\":\"WebPage\",\"@id\":\"https:\\\/\\\/redenoticiaz.com.br\\\/ribeiraopreto-regiao\\\/sp\\\/2022\\\/12\\\/10\\\/mercado-imobiliario-e-termometro-da-economia\",\"url\":\"https:\\\/\\\/redenoticiaz.com.br\\\/ribeiraopreto-regiao\\\/sp\\\/2022\\\/12\\\/10\\\/mercado-imobiliario-e-termometro-da-economia\",\"name\":\"Mercado imobili\u00e1rio \u00e9 term\u00f4metro da economia - Ribeir\u00e3o Preto e Regi\u00e3o\",\"isPartOf\":{\"@id\":\"https:\\\/\\\/redenoticiaz.com.br\\\/ribeiraopreto-regiao\\\/#website\"},\"primaryImageOfPage\":{\"@id\":\"https:\\\/\\\/redenoticiaz.com.br\\\/ribeiraopreto-regiao\\\/sp\\\/2022\\\/12\\\/10\\\/mercado-imobiliario-e-termometro-da-economia#primaryimage\"},\"image\":{\"@id\":\"https:\\\/\\\/redenoticiaz.com.br\\\/ribeiraopreto-regiao\\\/sp\\\/2022\\\/12\\\/10\\\/mercado-imobiliario-e-termometro-da-economia#primaryimage\"},\"thumbnailUrl\":\"https:\\\/\\\/redenoticiaz.com.br\\\/ribeiraopreto-regiao\\\/wp-content\\\/uploads\\\/sites\\\/4\\\/2022\\\/12\\\/Mercado-imobiliario-e-coronavirus-o-que-mudou-1-1.jpg?v=1670276692\",\"datePublished\":\"2022-12-10T11:00:09+00:00\",\"description\":\"diversos setores, mas sabia que o mercado imobili\u00e1rio \u00e9 um indicador importante sobre a situa\u00e7\u00e3o da economia brasileira. Isso porque de acordo com especialistas,\",\"inLanguage\":\"pt-BR\",\"potentialAction\":[{\"@type\":\"ReadAction\",\"target\":[\"https:\\\/\\\/redenoticiaz.com.br\\\/ribeiraopreto-regiao\\\/sp\\\/2022\\\/12\\\/10\\\/mercado-imobiliario-e-termometro-da-economia\"]}]},{\"@type\":\"ImageObject\",\"inLanguage\":\"pt-BR\",\"@id\":\"https:\\\/\\\/redenoticiaz.com.br\\\/ribeiraopreto-regiao\\\/sp\\\/2022\\\/12\\\/10\\\/mercado-imobiliario-e-termometro-da-economia#primaryimage\",\"url\":\"https:\\\/\\\/redenoticiaz.com.br\\\/ribeiraopreto-regiao\\\/wp-content\\\/uploads\\\/sites\\\/4\\\/2022\\\/12\\\/Mercado-imobiliario-e-coronavirus-o-que-mudou-1-1.jpg?v=1670276692\",\"contentUrl\":\"https:\\\/\\\/redenoticiaz.com.br\\\/ribeiraopreto-regiao\\\/wp-content\\\/uploads\\\/sites\\\/4\\\/2022\\\/12\\\/Mercado-imobiliario-e-coronavirus-o-que-mudou-1-1.jpg?v=1670276692\",\"width\":1395,\"height\":751,\"caption\":\"Cr\u00e9ditos: Reprodu\u00e7\u00e3o\"},{\"@type\":\"WebSite\",\"@id\":\"https:\\\/\\\/redenoticiaz.com.br\\\/ribeiraopreto-regiao\\\/#website\",\"url\":\"https:\\\/\\\/redenoticiaz.com.br\\\/ribeiraopreto-regiao\\\/\",\"name\":\"Ribeir\u00e3o Preto e Regi\u00e3o\",\"description\":\"Rede NoticiaZ - Ribeir\u00e3o Preto e regi\u00e3o\",\"publisher\":{\"@id\":\"https:\\\/\\\/redenoticiaz.com.br\\\/ribeiraopreto-regiao\\\/#organization\"},\"potentialAction\":[{\"@type\":\"SearchAction\",\"target\":{\"@type\":\"EntryPoint\",\"urlTemplate\":\"https:\\\/\\\/redenoticiaz.com.br\\\/ribeiraopreto-regiao\\\/?s={search_term_string}\"},\"query-input\":{\"@type\":\"PropertyValueSpecification\",\"valueRequired\":true,\"valueName\":\"search_term_string\"}}],\"inLanguage\":\"pt-BR\"},{\"@type\":\"Organization\",\"@id\":\"https:\\\/\\\/redenoticiaz.com.br\\\/ribeiraopreto-regiao\\\/#organization\",\"name\":\"Ribeir\u00e3o Preto e Regi\u00e3o\",\"url\":\"https:\\\/\\\/redenoticiaz.com.br\\\/ribeiraopreto-regiao\\\/\",\"logo\":{\"@type\":\"ImageObject\",\"inLanguage\":\"pt-BR\",\"@id\":\"https:\\\/\\\/redenoticiaz.com.br\\\/ribeiraopreto-regiao\\\/#\\\/schema\\\/logo\\\/image\\\/\",\"url\":\"https:\\\/\\\/redenoticiaz.com.br\\\/barretos-regiao\\\/wp-content\\\/uploads\\\/sites\\\/4\\\/2022\\\/02\\\/logo.jpg\",\"contentUrl\":\"https:\\\/\\\/redenoticiaz.com.br\\\/barretos-regiao\\\/wp-content\\\/uploads\\\/sites\\\/4\\\/2022\\\/02\\\/logo.jpg\",\"width\":400,\"height\":250,\"caption\":\"Ribeir\u00e3o Preto e Regi\u00e3o\"},\"image\":{\"@id\":\"https:\\\/\\\/redenoticiaz.com.br\\\/ribeiraopreto-regiao\\\/#\\\/schema\\\/logo\\\/image\\\/\"},\"sameAs\":[\"https:\\\/\\\/m.facebook.com\\\/redenoticiaz.barretos\",\"https:\\\/\\\/x.com\\\/RN_barretos\",\"https:\\\/\\\/www.instagram.com\\\/redenoticiaz.barretos\\\/?igshid=YmMyMTA2M2Y\",\"https:\\\/\\\/www.linkedin.com\\\/company\\\/rede-noticiaz-barretos-e-regio\\\/\"]},{\"@type\":\"Person\",\"@id\":\"https:\\\/\\\/redenoticiaz.com.br\\\/ribeiraopreto-regiao\\\/#\\\/schema\\\/person\\\/0f0b8a5bdafefe82841e07ae8d81ecb3\",\"name\":\"Leonardo Francisco\",\"image\":{\"@type\":\"ImageObject\",\"inLanguage\":\"pt-BR\",\"@id\":\"https:\\\/\\\/secure.gravatar.com\\\/avatar\\\/a7358cb406a99b682ec6df1e77e31ae82e63601f6784e8a3df411d72b37864da?s=96&d=mm&r=g\",\"url\":\"https:\\\/\\\/secure.gravatar.com\\\/avatar\\\/a7358cb406a99b682ec6df1e77e31ae82e63601f6784e8a3df411d72b37864da?s=96&d=mm&r=g\",\"contentUrl\":\"https:\\\/\\\/secure.gravatar.com\\\/avatar\\\/a7358cb406a99b682ec6df1e77e31ae82e63601f6784e8a3df411d72b37864da?s=96&d=mm&r=g\",\"caption\":\"Leonardo Francisco\"},\"url\":\"https:\\\/\\\/redenoticiaz.com.br\\\/ribeiraopreto-regiao\\\/sp\\\/author\\\/leonardo-francisco\"}]}<\/script>\n<!-- \/ Yoast SEO plugin. -->","yoast_head_json":{"title":"Mercado imobili\u00e1rio \u00e9 term\u00f4metro da economia - Ribeir\u00e3o Preto e Regi\u00e3o","description":"diversos setores, mas sabia que o mercado imobili\u00e1rio \u00e9 um indicador importante sobre a situa\u00e7\u00e3o da economia brasileira. Isso porque de acordo com especialistas,","robots":{"index":"index","follow":"follow","max-snippet":"max-snippet:-1","max-image-preview":"max-image-preview:large","max-video-preview":"max-video-preview:-1"},"canonical":"https:\/\/redenoticiaz.com.br\/ribeiraopreto-regiao\/sp\/2022\/12\/10\/mercado-imobiliario-e-termometro-da-economia","og_locale":"pt_BR","og_type":"article","og_title":"Mercado imobili\u00e1rio \u00e9 term\u00f4metro da economia - Ribeir\u00e3o Preto e Regi\u00e3o","og_description":"diversos setores, mas sabia que o mercado imobili\u00e1rio \u00e9 um indicador importante sobre a situa\u00e7\u00e3o da economia brasileira. Isso porque de acordo com especialistas,","og_url":"https:\/\/redenoticiaz.com.br\/ribeiraopreto-regiao\/sp\/2022\/12\/10\/mercado-imobiliario-e-termometro-da-economia","og_site_name":"Ribeir\u00e3o Preto e Regi\u00e3o","article_publisher":"https:\/\/m.facebook.com\/redenoticiaz.barretos","article_published_time":"2022-12-10T11:00:09+00:00","og_image":[{"width":400,"height":250,"url":"https:\/\/redenoticiaz.com.br\/ribeiraopreto-regiao\/wp-content\/uploads\/sites\/4\/2022\/02\/logo.jpg","type":"image\/jpeg"}],"author":"Leonardo Francisco","twitter_card":"summary_large_image","twitter_creator":"@RN_barretos","twitter_site":"@RN_barretos","twitter_misc":{"Escrito por":"Leonardo Francisco","Est. tempo de leitura":"6 minutos"},"schema":{"@context":"https:\/\/schema.org","@graph":[{"@type":"Article","@id":"https:\/\/redenoticiaz.com.br\/ribeiraopreto-regiao\/sp\/2022\/12\/10\/mercado-imobiliario-e-termometro-da-economia#article","isPartOf":{"@id":"https:\/\/redenoticiaz.com.br\/ribeiraopreto-regiao\/sp\/2022\/12\/10\/mercado-imobiliario-e-termometro-da-economia"},"author":{"name":"Leonardo Francisco","@id":"https:\/\/redenoticiaz.com.br\/ribeiraopreto-regiao\/#\/schema\/person\/0f0b8a5bdafefe82841e07ae8d81ecb3"},"headline":"Mercado imobili\u00e1rio \u00e9 term\u00f4metro da economia","datePublished":"2022-12-10T11:00:09+00:00","mainEntityOfPage":{"@id":"https:\/\/redenoticiaz.com.br\/ribeiraopreto-regiao\/sp\/2022\/12\/10\/mercado-imobiliario-e-termometro-da-economia"},"wordCount":1061,"commentCount":0,"publisher":{"@id":"https:\/\/redenoticiaz.com.br\/ribeiraopreto-regiao\/#organization"},"image":{"@id":"https:\/\/redenoticiaz.com.br\/ribeiraopreto-regiao\/sp\/2022\/12\/10\/mercado-imobiliario-e-termometro-da-economia#primaryimage"},"thumbnailUrl":"https:\/\/redenoticiaz.com.br\/ribeiraopreto-regiao\/wp-content\/uploads\/sites\/4\/2022\/12\/Mercado-imobiliario-e-coronavirus-o-que-mudou-1-1.jpg?v=1670276692","keywords":["economia","IMPACTO","influ\u00eancia","MERCADO IMOBILI\u00c1RIO"],"articleSection":["Economia"],"inLanguage":"pt-BR","potentialAction":[{"@type":"CommentAction","name":"Comment","target":["https:\/\/redenoticiaz.com.br\/ribeiraopreto-regiao\/sp\/2022\/12\/10\/mercado-imobiliario-e-termometro-da-economia#respond"]}]},{"@type":"WebPage","@id":"https:\/\/redenoticiaz.com.br\/ribeiraopreto-regiao\/sp\/2022\/12\/10\/mercado-imobiliario-e-termometro-da-economia","url":"https:\/\/redenoticiaz.com.br\/ribeiraopreto-regiao\/sp\/2022\/12\/10\/mercado-imobiliario-e-termometro-da-economia","name":"Mercado imobili\u00e1rio \u00e9 term\u00f4metro da economia - Ribeir\u00e3o Preto e Regi\u00e3o","isPartOf":{"@id":"https:\/\/redenoticiaz.com.br\/ribeiraopreto-regiao\/#website"},"primaryImageOfPage":{"@id":"https:\/\/redenoticiaz.com.br\/ribeiraopreto-regiao\/sp\/2022\/12\/10\/mercado-imobiliario-e-termometro-da-economia#primaryimage"},"image":{"@id":"https:\/\/redenoticiaz.com.br\/ribeiraopreto-regiao\/sp\/2022\/12\/10\/mercado-imobiliario-e-termometro-da-economia#primaryimage"},"thumbnailUrl":"https:\/\/redenoticiaz.com.br\/ribeiraopreto-regiao\/wp-content\/uploads\/sites\/4\/2022\/12\/Mercado-imobiliario-e-coronavirus-o-que-mudou-1-1.jpg?v=1670276692","datePublished":"2022-12-10T11:00:09+00:00","description":"diversos setores, mas sabia que o mercado imobili\u00e1rio \u00e9 um indicador importante sobre a situa\u00e7\u00e3o da economia brasileira. Isso porque de acordo com especialistas,","inLanguage":"pt-BR","potentialAction":[{"@type":"ReadAction","target":["https:\/\/redenoticiaz.com.br\/ribeiraopreto-regiao\/sp\/2022\/12\/10\/mercado-imobiliario-e-termometro-da-economia"]}]},{"@type":"ImageObject","inLanguage":"pt-BR","@id":"https:\/\/redenoticiaz.com.br\/ribeiraopreto-regiao\/sp\/2022\/12\/10\/mercado-imobiliario-e-termometro-da-economia#primaryimage","url":"https:\/\/redenoticiaz.com.br\/ribeiraopreto-regiao\/wp-content\/uploads\/sites\/4\/2022\/12\/Mercado-imobiliario-e-coronavirus-o-que-mudou-1-1.jpg?v=1670276692","contentUrl":"https:\/\/redenoticiaz.com.br\/ribeiraopreto-regiao\/wp-content\/uploads\/sites\/4\/2022\/12\/Mercado-imobiliario-e-coronavirus-o-que-mudou-1-1.jpg?v=1670276692","width":1395,"height":751,"caption":"Cr\u00e9ditos: Reprodu\u00e7\u00e3o"},{"@type":"WebSite","@id":"https:\/\/redenoticiaz.com.br\/ribeiraopreto-regiao\/#website","url":"https:\/\/redenoticiaz.com.br\/ribeiraopreto-regiao\/","name":"Ribeir\u00e3o Preto e Regi\u00e3o","description":"Rede NoticiaZ - Ribeir\u00e3o Preto e regi\u00e3o","publisher":{"@id":"https:\/\/redenoticiaz.com.br\/ribeiraopreto-regiao\/#organization"},"potentialAction":[{"@type":"SearchAction","target":{"@type":"EntryPoint","urlTemplate":"https:\/\/redenoticiaz.com.br\/ribeiraopreto-regiao\/?s={search_term_string}"},"query-input":{"@type":"PropertyValueSpecification","valueRequired":true,"valueName":"search_term_string"}}],"inLanguage":"pt-BR"},{"@type":"Organization","@id":"https:\/\/redenoticiaz.com.br\/ribeiraopreto-regiao\/#organization","name":"Ribeir\u00e3o Preto e Regi\u00e3o","url":"https:\/\/redenoticiaz.com.br\/ribeiraopreto-regiao\/","logo":{"@type":"ImageObject","inLanguage":"pt-BR","@id":"https:\/\/redenoticiaz.com.br\/ribeiraopreto-regiao\/#\/schema\/logo\/image\/","url":"https:\/\/redenoticiaz.com.br\/barretos-regiao\/wp-content\/uploads\/sites\/4\/2022\/02\/logo.jpg","contentUrl":"https:\/\/redenoticiaz.com.br\/barretos-regiao\/wp-content\/uploads\/sites\/4\/2022\/02\/logo.jpg","width":400,"height":250,"caption":"Ribeir\u00e3o Preto e Regi\u00e3o"},"image":{"@id":"https:\/\/redenoticiaz.com.br\/ribeiraopreto-regiao\/#\/schema\/logo\/image\/"},"sameAs":["https:\/\/m.facebook.com\/redenoticiaz.barretos","https:\/\/x.com\/RN_barretos","https:\/\/www.instagram.com\/redenoticiaz.barretos\/?igshid=YmMyMTA2M2Y","https:\/\/www.linkedin.com\/company\/rede-noticiaz-barretos-e-regio\/"]},{"@type":"Person","@id":"https:\/\/redenoticiaz.com.br\/ribeiraopreto-regiao\/#\/schema\/person\/0f0b8a5bdafefe82841e07ae8d81ecb3","name":"Leonardo Francisco","image":{"@type":"ImageObject","inLanguage":"pt-BR","@id":"https:\/\/secure.gravatar.com\/avatar\/a7358cb406a99b682ec6df1e77e31ae82e63601f6784e8a3df411d72b37864da?s=96&d=mm&r=g","url":"https:\/\/secure.gravatar.com\/avatar\/a7358cb406a99b682ec6df1e77e31ae82e63601f6784e8a3df411d72b37864da?s=96&d=mm&r=g","contentUrl":"https:\/\/secure.gravatar.com\/avatar\/a7358cb406a99b682ec6df1e77e31ae82e63601f6784e8a3df411d72b37864da?s=96&d=mm&r=g","caption":"Leonardo Francisco"},"url":"https:\/\/redenoticiaz.com.br\/ribeiraopreto-regiao\/sp\/author\/leonardo-francisco"}]}},"_links":{"self":[{"href":"https:\/\/redenoticiaz.com.br\/ribeiraopreto-regiao\/wp-json\/wp\/v2\/posts\/96329","targetHints":{"allow":["GET"]}}],"collection":[{"href":"https:\/\/redenoticiaz.com.br\/ribeiraopreto-regiao\/wp-json\/wp\/v2\/posts"}],"about":[{"href":"https:\/\/redenoticiaz.com.br\/ribeiraopreto-regiao\/wp-json\/wp\/v2\/types\/post"}],"author":[{"embeddable":true,"href":"https:\/\/redenoticiaz.com.br\/ribeiraopreto-regiao\/wp-json\/wp\/v2\/users\/6"}],"replies":[{"embeddable":true,"href":"https:\/\/redenoticiaz.com.br\/ribeiraopreto-regiao\/wp-json\/wp\/v2\/comments?post=96329"}],"version-history":[{"count":1,"href":"https:\/\/redenoticiaz.com.br\/ribeiraopreto-regiao\/wp-json\/wp\/v2\/posts\/96329\/revisions"}],"predecessor-version":[{"id":96331,"href":"https:\/\/redenoticiaz.com.br\/ribeiraopreto-regiao\/wp-json\/wp\/v2\/posts\/96329\/revisions\/96331"}],"wp:featuredmedia":[{"embeddable":true,"href":"https:\/\/redenoticiaz.com.br\/ribeiraopreto-regiao\/wp-json\/wp\/v2\/media\/96330"}],"wp:attachment":[{"href":"https:\/\/redenoticiaz.com.br\/ribeiraopreto-regiao\/wp-json\/wp\/v2\/media?parent=96329"}],"wp:term":[{"taxonomy":"category","embeddable":true,"href":"https:\/\/redenoticiaz.com.br\/ribeiraopreto-regiao\/wp-json\/wp\/v2\/categories?post=96329"},{"taxonomy":"post_tag","embeddable":true,"href":"https:\/\/redenoticiaz.com.br\/ribeiraopreto-regiao\/wp-json\/wp\/v2\/tags?post=96329"}],"curies":[{"name":"wp","href":"https:\/\/api.w.org\/{rel}","templated":true}]}}